{"id":333035,"date":"2025-07-17T17:24:53","date_gmt":"2025-07-17T13:24:53","guid":{"rendered":"https:\/\/www.meydan.tv\/?p=333035"},"modified":"2025-08-04T14:33:34","modified_gmt":"2025-08-04T10:33:34","slug":"leyla-v%c9%99-arzu-eliyevalarin-mardi-m%c9%99kani","status":"publish","type":"post","link":"https:\/\/www.meydan.tv\/az\/article\/leyla-v%c9%99-arzu-eliyevalarin-mardi-m%c9%99kani\/","title":{"rendered":"Leyla v\u0259 Arzu \u018fliyevalar\u0131n \u201cMardi Mekan\u201d\u0131"},"content":{"rendered":"\n<figure class=\"wp-block-embed is-type-video is-provider-youtube wp-block-embed-youtube wp-embed-aspect-16-9 wp-has-aspect-ratio\"><div class=\"wp-block-embed__wrapper\">\n<iframe title=\"Leyla v\u0259 Arzu \u018fliyevalar\u0131n yeni biznesi - \u201cMardi Mekan\u201d\" width=\"1200\" height=\"675\" data-src=\"https:\/\/www.youtube.com\/embed\/YzV_qiRMwIQ?feature=oembed\" frameborder=\"0\" allow=\"accelerometer; autoplay; clipboard-write; encrypted-media; gyroscope; picture-in-picture; web-share\" referrerpolicy=\"strict-origin-when-cross-origin\" allowfullscreen src=\"data:image\/svg+xml;base64,PHN2ZyB3aWR0aD0iMSIgaGVpZ2h0PSIxIiB4bWxucz0iaHR0cDovL3d3dy53My5vcmcvMjAwMC9zdmciPjwvc3ZnPg==\" class=\"lazyload\" data-load-mode=\"1\"><\/iframe>\n<\/div><\/figure>\n\n\n\n<p>\u201cPASHA<a href=\"https:\/\/www.pasharealestate.az\/az\/yeni-layih-l-r\/mardi-makan\" target=\"_blank\" rel=\"noreferrer noopener\"> Real Estate Group<\/a>\u201d X\u0259z\u0259r sahilind\u0259 M\u0259rd\u0259kan ba\u011flar\u0131 \u0259razisind\u0259 yerl\u0259\u015f\u0259n, \u201cMardi Mekan\u201d adl\u0131 qapal\u0131 tipli yeni ya\u015fay\u0131\u015f kompleksini t\u0259qdim edib.<\/p>\n\n\n\n<p>\u015e\u0259h\u0259r m\u0259rk\u0259zind\u0259n 20 d\u0259qiq\u0259lik m\u0259saf\u0259d\u0259 yerl\u0259\u015f\u0259n bu m\u0259kan d\u0259niz\u0259 \u00f6z\u0259l \u015f\u0259xsi \u00e7\u0131x\u0131\u015f\u0131 \u00f6z\u00fcnd\u0259 birl\u0259\u015fdirir.<\/p>\n\n\n\n<p>\u201c<a href=\"https:\/\/www.instagram.com\/mardi.mekan\/\" target=\"_blank\" rel=\"noreferrer noopener\">Mardi Mekan<\/a>\u201d &#8211; 46 villadan v\u0259 m\u0259hdud sayda premium m\u0259nzill\u0259rd\u0259n ibar\u0259t, X\u0259z\u0259r d\u0259nizin\u0259 panoramik m\u0259nz\u0259r\u0259l\u0259r t\u0259qdim ed\u0259n, istirah\u0259t zonalar\u0131 da m\u00f6vcud olan villa \u015f\u0259h\u0259rciyidir.<\/p>\n\n\n\n<p>24\/7 m\u00fchafiz\u0259 xidm\u0259ti v\u0259d ed\u0259n istirah\u0259t m\u0259rk\u0259zind\u0259 yaln\u0131z residentl\u0259rin daxil ola bil\u0259c\u0259yi \u0259yl\u0259nc\u0259 sah\u0259l\u0259ri il\u0259 yana\u015f\u0131, ia\u015f\u0259 obyektl\u0259ri, a\u00e7\u0131q v\u0259 qapal\u0131 idman zallar\u0131, t\u0259hsil ocaqlar\u0131, ticar\u0259t m\u0259rk\u0259zl\u0259ri v\u0259 tibb m\u00fc\u0259ssis\u0259l\u0259ri d\u0259 yerl\u0259\u015fir.<\/p>\n\n\n\n<p>Layih\u0259y\u0259 n\u0259 q\u0259d\u0259r pul x\u0259rcl\u0259nib, hans\u0131 \u015firk\u0259tl\u0259r tikintid\u0259 i\u015ftirak edib, \u0259razi n\u0259 q\u0259d\u0259r \u00f6l\u00e7\u00fcn\u00fc \u0259hat\u0259 edir v\u0259 s. detallar bar\u0259d\u0259 m\u0259lumatlar is\u0259 m\u00f6vcud deyil.<\/p>\n\n\n\n<p><strong>M\u0259rd\u0259kanda prezidentin ail\u0259 \u00fczvl\u0259rin\u0259 aid villa \u015f\u0259h\u0259rciyind\u0259 malikan\u0259l\u0259r sat\u0131\u015fa \u00e7\u0131xar\u0131l\u0131r<\/strong><\/p>\n\n\n\n<p>\u201cPASHA Real Estate Group\u201d \u00f6lk\u0259nin \u0259n b\u00f6y\u00fck \u015firk\u0259ti olan \u201cPa\u015fa Holding\u201d\u0259<a href=\"https:\/\/pasha-holding.az\/en\/about-us\/group-structure\/\" target=\"_blank\" rel=\"noreferrer noopener\"> ba\u011fl\u0131d\u0131r<\/a> v\u0259 da\u015f\u0131nmaz \u0259mlak\u0131n idar\u0259 olunmas\u0131 il\u0259 m\u0259\u015f\u011fuldur. \u015eirk\u0259t haz\u0131rda Az\u0259rbaycan, T\u00fcrkiy\u0259, G\u00fcrc\u00fcstan, \u00d6zb\u0259kistan v\u0259 Monteneqro bazarlar\u0131nda fa\u0259liyy\u0259t g\u00f6st\u0259rir.<\/p>\n\n\n\n<p>Ara\u015fd\u0131rma\u00e7\u0131 jurnalistl\u0259r\u0259 m\u0259lum olan son v\u0259ziyy\u0259t\u0259 \u0259sas\u0259n, \u201cPa\u015fa Holding\u201d \u015firk\u0259tinin yekun sahibl\u0259ri kollektiv \u015f\u0259kild\u0259 n\u0259zar\u0259ti h\u0259yata ke\u00e7ir\u0259n \u00f6lk\u0259 ba\u015f\u00e7\u0131s\u0131 \u0130lham \u018fliyevin q\u0131zlar\u0131 Leyla v\u0259 Arzu \u018fliyevalar, Birinci vitse-prezident Mehriban \u018fliyevan\u0131n atas\u0131 Arif Pa\u015fayev v\u0259 \u0259misi o\u011flu Mir Camal Pa\u015fayevdir.<\/p>\n\n\n\n<p><strong>Sahilboyu tikintil\u0259rl\u0259 ba\u011fl\u0131 prezidentin irad\u0131 v\u0259 qanunvericilik<\/strong><\/p>\n\n\n\n<p><em>&#8220;Kiml\u0259rin ehtiyac\u0131 var idis\u0259 sahilyan\u0131 \u0259razini tutublar da, tikibl\u0259r d\u0259&#8230; \u018fksin\u0259 dey\u0259rdim insanlar\u0131n a\u00e7\u0131q \u00e7im\u0259rlikl\u0259r\u0259, h\u0259m d\u0259 t\u0259miz a\u00e7\u0131q \u00e7im\u0259rlikl\u0259r\u0259 daha \u00e7ox ehtiyaclar\u0131 var&#8221;.&nbsp;<\/em><\/p>\n\n\n\n<p>Bu m\u0259tn sosial \u015f\u0259b\u0259k\u0259l\u0259rin birind\u0259, v\u0259t\u0259nda\u015flardan birinin \u015firk\u0259tin idar\u0259\u00e7isinin \u201cMardi Mekan\u201d il\u0259 \u0259laq\u0259dar payla\u015f\u0131m\u0131 alt\u0131nda yazd\u0131\u011f\u0131 \u015f\u0259rhdir.<\/p>\n\n\n\n<p>Prezident \u0130lham \u018fliyev d\u0259 2022-ci ild\u0259 \u00f6z n\u00f6vb\u0259sind\u0259 Ab\u015feron sahill\u0259rinin m\u0259mur v\u0259 sahibkarlar t\u0259r\u0259find\u0259n z\u0259bt edilm\u0259sind\u0259n<a href=\"https:\/\/president.az\/az\/articles\/view\/56740\" target=\"_blank\" rel=\"noreferrer noopener\"> dan\u0131\u015fm\u0131\u015fd\u0131<\/a>.\u00a0<\/p>\n\n\n\n<p>Sitat: <em>\u201cD\u00f6vl\u0259t m\u0259murlar\u0131 v\u0259 bir s\u0131ra sahibkarlar t\u0259r\u0259find\u0259n b\u00f6y\u00fck pozuntular a\u015fkar edilib. Bu, tariximiz\u0259 v\u0259 t\u0259bi\u0259timiz\u0259 qar\u015f\u0131 cinay\u0259tdir. H\u0259m b\u00fct\u00fcn \u00f6lk\u0259 \u00fczr\u0259, h\u0259m d\u0259 Ab\u015feron yar\u0131madas\u0131nda, sahilboyu \u0259razil\u0259rd\u0259 ara\u015fd\u0131r\u0131lmal\u0131d\u0131r v\u0259 qanunsuz \u0259m\u0259ll\u0259r\u0259 son qoyulmal\u0131d\u0131r\u201d.<\/em><\/p>\n\n\n\n<p>H\u0259m\u00e7inin Az\u0259rbaycan qanunvericiliyi d\u0259niz sahilind\u0259n 50 metr yax\u0131nl\u0131qda tikintini qada\u011fan edir. B\u00fct\u00fcn bunlara baxmayaraq, prezidentin ail\u0259sin\u0259 m\u0259xsus \u015firk\u0259tl\u0259r d\u0259niz sahilind\u0259 yeni torpaqlar alma\u011fa, iri layih\u0259l\u0259r salma\u011fa davam edirl\u0259r.<\/p>\n\n\n\n<p>Prezidentin q\u0131z\u0131n\u0131n ke\u00e7mi\u015f h\u0259yat yolda\u015f\u0131, xalq artisti Emin A\u011falarovun X\u0259z\u0259rin sahilind\u0259 sald\u0131\u011f\u0131 v\u0259 h\u0259r ke\u00e7\u0259n il geni\u015fl\u0259ndirdiyi &#8220;Sea Breeze&#8221; istirah\u0259t layih\u0259si d\u0259 bu q\u0259bild\u0259n say\u0131l\u0131r.<\/p>\n","protected":false},"excerpt":{"rendered":"<p>M\u0259rd\u0259kanda prezidentin ail\u0259 \u00fczvl\u0259rin\u0259 aid villa \u015f\u0259h\u0259rciyi<\/p>\n","protected":false},"author":14,"featured_media":333100,"comment_status":"closed","ping_status":"closed","sticky":false,"template":"","format":"standard","meta":{"_acf_changed":false,"_sitemap_exclude":false,"_sitemap_priority":"","_sitemap_frequency":"","footnotes":""},"categories":[55,88,79,63],"tags":[],"class_list":["post-333035","post","type-post","status-publish","format-standard","has-post-thumbnail","hentry","category-arasdirma","category-redaktor-secimi","category-featured","category-video-2","infinite-scroll-item","generate-columns","tablet-grid-50","mobile-grid-100","grid-parent","grid-33","no-featured-image-padding"],"acf":[],"yoast_head":"<!-- This site is optimized with the Yoast SEO plugin v27.4 - https:\/\/yoast.com\/product\/yoast-seo-wordpress\/ -->\n<title>Leyla v\u0259 Arzu \u018fliyevalar\u0131n \u201cMardi Mekan\u201d\u0131 - MEYDAN.TV<\/title>\n<meta name=\"robots\" content=\"index, follow, max-snippet:-1, max-image-preview:large, max-video-preview:-1\" \/>\n<link rel=\"canonical\" href=\"https:\/\/www.meydan.tv\/az\/article\/leyla-v%c9%99-arzu-eliyevalarin-mardi-m%c9%99kani\/\" \/>\n<meta property=\"og:locale\" content=\"az_AZ\" \/>\n<meta property=\"og:type\" content=\"article\" \/>\n<meta property=\"og:title\" content=\"Leyla v\u0259 Arzu \u018fliyevalar\u0131n \u201cMardi Mekan\u201d\u0131 - MEYDAN.TV\" \/>\n<meta property=\"og:description\" content=\"M\u0259rd\u0259kanda prezidentin ail\u0259 \u00fczvl\u0259rin\u0259 aid villa \u015f\u0259h\u0259rciyi\" \/>\n<meta property=\"og:url\" content=\"https:\/\/www.meydan.tv\/az\/article\/leyla-v%c9%99-arzu-eliyevalarin-mardi-m%c9%99kani\/\" \/>\n<meta property=\"og:site_name\" content=\"MEYDAN.TV\" \/>\n<meta property=\"article:published_time\" content=\"2025-07-17T13:24:53+00:00\" \/>\n<meta property=\"article:modified_time\" content=\"2025-08-04T10:33:34+00:00\" \/>\n<meta property=\"og:image\" content=\"https:\/\/www.meydan.tv\/wp-content\/uploads\/0011-2-1200x586.png\" \/>\n\t<meta property=\"og:image:width\" content=\"1200\" \/>\n\t<meta property=\"og:image:height\" content=\"586\" \/>\n\t<meta property=\"og:image:type\" content=\"image\/png\" \/>\n<meta name=\"author\" content=\"roma\" \/>\n<meta name=\"twitter:card\" content=\"summary_large_image\" \/>\n<script type=\"application\/ld+json\" class=\"yoast-schema-graph\">{\"@context\":\"https:\\\/\\\/schema.org\",\"@graph\":[{\"@type\":\"Article\",\"@id\":\"https:\\\/\\\/www.meydan.tv\\\/az\\\/article\\\/leyla-v%c9%99-arzu-eliyevalarin-mardi-m%c9%99kani\\\/#article\",\"isPartOf\":{\"@id\":\"https:\\\/\\\/www.meydan.tv\\\/az\\\/article\\\/leyla-v%c9%99-arzu-eliyevalarin-mardi-m%c9%99kani\\\/\"},\"author\":{\"name\":\"roma\",\"@id\":\"https:\\\/\\\/www.meydan.tv\\\/az\\\/#\\\/schema\\\/person\\\/8f23e01c4de63326c13c319fb65ee65d\"},\"headline\":\"Leyla v\u0259 Arzu \u018fliyevalar\u0131n \u201cMardi Mekan\u201d\u0131\",\"datePublished\":\"2025-07-17T13:24:53+00:00\",\"dateModified\":\"2025-08-04T10:33:34+00:00\",\"mainEntityOfPage\":{\"@id\":\"https:\\\/\\\/www.meydan.tv\\\/az\\\/article\\\/leyla-v%c9%99-arzu-eliyevalarin-mardi-m%c9%99kani\\\/\"},\"wordCount\":592,\"publisher\":{\"@id\":\"https:\\\/\\\/www.meydan.tv\\\/az\\\/#organization\"},\"image\":{\"@id\":\"https:\\\/\\\/www.meydan.tv\\\/az\\\/article\\\/leyla-v%c9%99-arzu-eliyevalarin-mardi-m%c9%99kani\\\/#primaryimage\"},\"thumbnailUrl\":\"https:\\\/\\\/www.meydan.tv\\\/wp-content\\\/uploads\\\/0011-2.png\",\"articleSection\":[\"Ara\u015fd\u0131rma\",\"Redaktor se\u00e7imi\",\"T\u00f6vsiy\u0259\",\"Video\"],\"inLanguage\":\"az\"},{\"@type\":\"WebPage\",\"@id\":\"https:\\\/\\\/www.meydan.tv\\\/az\\\/article\\\/leyla-v%c9%99-arzu-eliyevalarin-mardi-m%c9%99kani\\\/\",\"url\":\"https:\\\/\\\/www.meydan.tv\\\/az\\\/article\\\/leyla-v%c9%99-arzu-eliyevalarin-mardi-m%c9%99kani\\\/\",\"name\":\"Leyla v\u0259 Arzu \u018fliyevalar\u0131n \u201cMardi Mekan\u201d\u0131 - MEYDAN.TV\",\"isPartOf\":{\"@id\":\"https:\\\/\\\/www.meydan.tv\\\/az\\\/#website\"},\"primaryImageOfPage\":{\"@id\":\"https:\\\/\\\/www.meydan.tv\\\/az\\\/article\\\/leyla-v%c9%99-arzu-eliyevalarin-mardi-m%c9%99kani\\\/#primaryimage\"},\"image\":{\"@id\":\"https:\\\/\\\/www.meydan.tv\\\/az\\\/article\\\/leyla-v%c9%99-arzu-eliyevalarin-mardi-m%c9%99kani\\\/#primaryimage\"},\"thumbnailUrl\":\"https:\\\/\\\/www.meydan.tv\\\/wp-content\\\/uploads\\\/0011-2.png\",\"datePublished\":\"2025-07-17T13:24:53+00:00\",\"dateModified\":\"2025-08-04T10:33:34+00:00\",\"breadcrumb\":{\"@id\":\"https:\\\/\\\/www.meydan.tv\\\/az\\\/article\\\/leyla-v%c9%99-arzu-eliyevalarin-mardi-m%c9%99kani\\\/#breadcrumb\"},\"inLanguage\":\"az\",\"potentialAction\":[{\"@type\":\"ReadAction\",\"target\":[\"https:\\\/\\\/www.meydan.tv\\\/az\\\/article\\\/leyla-v%c9%99-arzu-eliyevalarin-mardi-m%c9%99kani\\\/\"]}]},{\"@type\":\"ImageObject\",\"inLanguage\":\"az\",\"@id\":\"https:\\\/\\\/www.meydan.tv\\\/az\\\/article\\\/leyla-v%c9%99-arzu-eliyevalarin-mardi-m%c9%99kani\\\/#primaryimage\",\"url\":\"https:\\\/\\\/www.meydan.tv\\\/wp-content\\\/uploads\\\/0011-2.png\",\"contentUrl\":\"https:\\\/\\\/www.meydan.tv\\\/wp-content\\\/uploads\\\/0011-2.png\",\"width\":2000,\"height\":977,\"caption\":\"Kollaj - Meydan TV\"},{\"@type\":\"BreadcrumbList\",\"@id\":\"https:\\\/\\\/www.meydan.tv\\\/az\\\/article\\\/leyla-v%c9%99-arzu-eliyevalarin-mardi-m%c9%99kani\\\/#breadcrumb\",\"itemListElement\":[{\"@type\":\"ListItem\",\"position\":1,\"name\":\"Ana s\u0259hif\u0259\",\"item\":\"https:\\\/\\\/www.meydan.tv\\\/az\\\/\"},{\"@type\":\"ListItem\",\"position\":2,\"name\":\"Ara\u015fd\u0131rma\",\"item\":\"https:\\\/\\\/www.meydan.tv\\\/az\\\/section\\\/arasdirma\\\/\"},{\"@type\":\"ListItem\",\"position\":3,\"name\":\"Leyla v\u0259 Arzu \u018fliyevalar\u0131n \u201cMardi Mekan\u201d\u0131\"}]},{\"@type\":\"WebSite\",\"@id\":\"https:\\\/\\\/www.meydan.tv\\\/az\\\/#website\",\"url\":\"https:\\\/\\\/www.meydan.tv\\\/az\\\/\",\"name\":\"MEYDAN.TV\",\"description\":\"Meydan TV Az\u0259rbaycan\u0131n media m\u0259kan\u0131ndak\u0131 alternativ s\u0259sidir\",\"publisher\":{\"@id\":\"https:\\\/\\\/www.meydan.tv\\\/az\\\/#organization\"},\"potentialAction\":[{\"@type\":\"SearchAction\",\"target\":{\"@type\":\"EntryPoint\",\"urlTemplate\":\"https:\\\/\\\/www.meydan.tv\\\/az\\\/?s={search_term_string}\"},\"query-input\":{\"@type\":\"PropertyValueSpecification\",\"valueRequired\":true,\"valueName\":\"search_term_string\"}}],\"inLanguage\":\"az\"},{\"@type\":\"Organization\",\"@id\":\"https:\\\/\\\/www.meydan.tv\\\/az\\\/#organization\",\"name\":\"Meydan TV\",\"url\":\"https:\\\/\\\/www.meydan.tv\\\/az\\\/\",\"logo\":{\"@type\":\"ImageObject\",\"inLanguage\":\"az\",\"@id\":\"https:\\\/\\\/www.meydan.tv\\\/az\\\/#\\\/schema\\\/logo\\\/image\\\/\",\"url\":\"https:\\\/\\\/www.meydan.tv\\\/wp-content\\\/uploads\\\/2021\\\/07\\\/meydan-logo.svg\",\"contentUrl\":\"https:\\\/\\\/www.meydan.tv\\\/wp-content\\\/uploads\\\/2021\\\/07\\\/meydan-logo.svg\",\"width\":195,\"height\":46,\"caption\":\"Meydan TV\"},\"image\":{\"@id\":\"https:\\\/\\\/www.meydan.tv\\\/az\\\/#\\\/schema\\\/logo\\\/image\\\/\"}},{\"@type\":\"Person\",\"@id\":\"https:\\\/\\\/www.meydan.tv\\\/az\\\/#\\\/schema\\\/person\\\/8f23e01c4de63326c13c319fb65ee65d\",\"name\":\"roma\"}]}<\/script>\n<!-- \/ Yoast SEO plugin. -->","yoast_head_json":{"title":"Leyla v\u0259 Arzu \u018fliyevalar\u0131n \u201cMardi Mekan\u201d\u0131 - MEYDAN.TV","robots":{"index":"index","follow":"follow","max-snippet":"max-snippet:-1","max-image-preview":"max-image-preview:large","max-video-preview":"max-video-preview:-1"},"canonical":"https:\/\/www.meydan.tv\/az\/article\/leyla-v%c9%99-arzu-eliyevalarin-mardi-m%c9%99kani\/","og_locale":"az_AZ","og_type":"article","og_title":"Leyla v\u0259 Arzu \u018fliyevalar\u0131n \u201cMardi Mekan\u201d\u0131 - MEYDAN.TV","og_description":"M\u0259rd\u0259kanda prezidentin ail\u0259 \u00fczvl\u0259rin\u0259 aid villa \u015f\u0259h\u0259rciyi","og_url":"https:\/\/www.meydan.tv\/az\/article\/leyla-v%c9%99-arzu-eliyevalarin-mardi-m%c9%99kani\/","og_site_name":"MEYDAN.TV","article_published_time":"2025-07-17T13:24:53+00:00","article_modified_time":"2025-08-04T10:33:34+00:00","og_image":[{"width":1200,"height":586,"url":"https:\/\/www.meydan.tv\/wp-content\/uploads\/0011-2-1200x586.png","type":"image\/png"}],"author":"roma","twitter_card":"summary_large_image","schema":{"@context":"https:\/\/schema.org","@graph":[{"@type":"Article","@id":"https:\/\/www.meydan.tv\/az\/article\/leyla-v%c9%99-arzu-eliyevalarin-mardi-m%c9%99kani\/#article","isPartOf":{"@id":"https:\/\/www.meydan.tv\/az\/article\/leyla-v%c9%99-arzu-eliyevalarin-mardi-m%c9%99kani\/"},"author":{"name":"roma","@id":"https:\/\/www.meydan.tv\/az\/#\/schema\/person\/8f23e01c4de63326c13c319fb65ee65d"},"headline":"Leyla v\u0259 Arzu \u018fliyevalar\u0131n \u201cMardi Mekan\u201d\u0131","datePublished":"2025-07-17T13:24:53+00:00","dateModified":"2025-08-04T10:33:34+00:00","mainEntityOfPage":{"@id":"https:\/\/www.meydan.tv\/az\/article\/leyla-v%c9%99-arzu-eliyevalarin-mardi-m%c9%99kani\/"},"wordCount":592,"publisher":{"@id":"https:\/\/www.meydan.tv\/az\/#organization"},"image":{"@id":"https:\/\/www.meydan.tv\/az\/article\/leyla-v%c9%99-arzu-eliyevalarin-mardi-m%c9%99kani\/#primaryimage"},"thumbnailUrl":"https:\/\/www.meydan.tv\/wp-content\/uploads\/0011-2.png","articleSection":["Ara\u015fd\u0131rma","Redaktor se\u00e7imi","T\u00f6vsiy\u0259","Video"],"inLanguage":"az"},{"@type":"WebPage","@id":"https:\/\/www.meydan.tv\/az\/article\/leyla-v%c9%99-arzu-eliyevalarin-mardi-m%c9%99kani\/","url":"https:\/\/www.meydan.tv\/az\/article\/leyla-v%c9%99-arzu-eliyevalarin-mardi-m%c9%99kani\/","name":"Leyla v\u0259 Arzu \u018fliyevalar\u0131n \u201cMardi Mekan\u201d\u0131 - MEYDAN.TV","isPartOf":{"@id":"https:\/\/www.meydan.tv\/az\/#website"},"primaryImageOfPage":{"@id":"https:\/\/www.meydan.tv\/az\/article\/leyla-v%c9%99-arzu-eliyevalarin-mardi-m%c9%99kani\/#primaryimage"},"image":{"@id":"https:\/\/www.meydan.tv\/az\/article\/leyla-v%c9%99-arzu-eliyevalarin-mardi-m%c9%99kani\/#primaryimage"},"thumbnailUrl":"https:\/\/www.meydan.tv\/wp-content\/uploads\/0011-2.png","datePublished":"2025-07-17T13:24:53+00:00","dateModified":"2025-08-04T10:33:34+00:00","breadcrumb":{"@id":"https:\/\/www.meydan.tv\/az\/article\/leyla-v%c9%99-arzu-eliyevalarin-mardi-m%c9%99kani\/#breadcrumb"},"inLanguage":"az","potentialAction":[{"@type":"ReadAction","target":["https:\/\/www.meydan.tv\/az\/article\/leyla-v%c9%99-arzu-eliyevalarin-mardi-m%c9%99kani\/"]}]},{"@type":"ImageObject","inLanguage":"az","@id":"https:\/\/www.meydan.tv\/az\/article\/leyla-v%c9%99-arzu-eliyevalarin-mardi-m%c9%99kani\/#primaryimage","url":"https:\/\/www.meydan.tv\/wp-content\/uploads\/0011-2.png","contentUrl":"https:\/\/www.meydan.tv\/wp-content\/uploads\/0011-2.png","width":2000,"height":977,"caption":"Kollaj - Meydan TV"},{"@type":"BreadcrumbList","@id":"https:\/\/www.meydan.tv\/az\/article\/leyla-v%c9%99-arzu-eliyevalarin-mardi-m%c9%99kani\/#breadcrumb","itemListElement":[{"@type":"ListItem","position":1,"name":"Ana s\u0259hif\u0259","item":"https:\/\/www.meydan.tv\/az\/"},{"@type":"ListItem","position":2,"name":"Ara\u015fd\u0131rma","item":"https:\/\/www.meydan.tv\/az\/section\/arasdirma\/"},{"@type":"ListItem","position":3,"name":"Leyla v\u0259 Arzu \u018fliyevalar\u0131n \u201cMardi Mekan\u201d\u0131"}]},{"@type":"WebSite","@id":"https:\/\/www.meydan.tv\/az\/#website","url":"https:\/\/www.meydan.tv\/az\/","name":"MEYDAN.TV","description":"Meydan TV Az\u0259rbaycan\u0131n media m\u0259kan\u0131ndak\u0131 alternativ s\u0259sidir","publisher":{"@id":"https:\/\/www.meydan.tv\/az\/#organization"},"potentialAction":[{"@type":"SearchAction","target":{"@type":"EntryPoint","urlTemplate":"https:\/\/www.meydan.tv\/az\/?s={search_term_string}"},"query-input":{"@type":"PropertyValueSpecification","valueRequired":true,"valueName":"search_term_string"}}],"inLanguage":"az"},{"@type":"Organization","@id":"https:\/\/www.meydan.tv\/az\/#organization","name":"Meydan TV","url":"https:\/\/www.meydan.tv\/az\/","logo":{"@type":"ImageObject","inLanguage":"az","@id":"https:\/\/www.meydan.tv\/az\/#\/schema\/logo\/image\/","url":"https:\/\/www.meydan.tv\/wp-content\/uploads\/2021\/07\/meydan-logo.svg","contentUrl":"https:\/\/www.meydan.tv\/wp-content\/uploads\/2021\/07\/meydan-logo.svg","width":195,"height":46,"caption":"Meydan TV"},"image":{"@id":"https:\/\/www.meydan.tv\/az\/#\/schema\/logo\/image\/"}},{"@type":"Person","@id":"https:\/\/www.meydan.tv\/az\/#\/schema\/person\/8f23e01c4de63326c13c319fb65ee65d","name":"roma"}]}},"_links":{"self":[{"href":"https:\/\/www.meydan.tv\/az\/wp-json\/wp\/v2\/posts\/333035","targetHints":{"allow":["GET"]}}],"collection":[{"href":"https:\/\/www.meydan.tv\/az\/wp-json\/wp\/v2\/posts"}],"about":[{"href":"https:\/\/www.meydan.tv\/az\/wp-json\/wp\/v2\/types\/post"}],"author":[{"embeddable":true,"href":"https:\/\/www.meydan.tv\/az\/wp-json\/wp\/v2\/users\/14"}],"replies":[{"embeddable":true,"href":"https:\/\/www.meydan.tv\/az\/wp-json\/wp\/v2\/comments?post=333035"}],"version-history":[{"count":9,"href":"https:\/\/www.meydan.tv\/az\/wp-json\/wp\/v2\/posts\/333035\/revisions"}],"predecessor-version":[{"id":333890,"href":"https:\/\/www.meydan.tv\/az\/wp-json\/wp\/v2\/posts\/333035\/revisions\/333890"}],"wp:featuredmedia":[{"embeddable":true,"href":"https:\/\/www.meydan.tv\/az\/wp-json\/wp\/v2\/media\/333100"}],"wp:attachment":[{"href":"https:\/\/www.meydan.tv\/az\/wp-json\/wp\/v2\/media?parent=333035"}],"wp:term":[{"taxonomy":"category","embeddable":true,"href":"https:\/\/www.meydan.tv\/az\/wp-json\/wp\/v2\/categories?post=333035"},{"taxonomy":"post_tag","embeddable":true,"href":"https:\/\/www.meydan.tv\/az\/wp-json\/wp\/v2\/tags?post=333035"}],"curies":[{"name":"wp","href":"https:\/\/api.w.org\/{rel}","templated":true}]}}