{"id":332841,"date":"2025-07-07T17:25:38","date_gmt":"2025-07-07T13:25:38","guid":{"rendered":"https:\/\/www.meydan.tv\/?p=332841"},"modified":"2025-07-07T17:25:42","modified_gmt":"2025-07-07T13:25:42","slug":"tarixci-q%c9%99l%c9%99b%c9%99-ilham-eliyev%c9%99-omurluk-kredit-verdi","status":"publish","type":"post","link":"https:\/\/www.meydan.tv\/az\/article\/tarixci-q%c9%99l%c9%99b%c9%99-ilham-eliyev%c9%99-omurluk-kredit-verdi\/","title":{"rendered":"Tarix\u00e7i Altay G\u00f6y\u00fc\u015fov son prosesl\u0259rd\u0259n dan\u0131\u015f\u0131r"},"content":{"rendered":"\n<figure class=\"wp-block-embed is-type-video is-provider-youtube wp-block-embed-youtube wp-embed-aspect-16-9 wp-has-aspect-ratio\"><div class=\"wp-block-embed__wrapper\">\n<iframe title=\"Tarix\u00e7i Altay G\u00f6y\u00fc\u015fov son prosesl\u0259rd\u0259n dan\u0131\u015f\u0131r\" width=\"1200\" height=\"675\" data-src=\"https:\/\/www.youtube.com\/embed\/lK57LU9tim8?feature=oembed\" frameborder=\"0\" allow=\"accelerometer; autoplay; clipboard-write; encrypted-media; gyroscope; picture-in-picture; web-share\" referrerpolicy=\"strict-origin-when-cross-origin\" allowfullscreen src=\"data:image\/svg+xml;base64,PHN2ZyB3aWR0aD0iMSIgaGVpZ2h0PSIxIiB4bWxucz0iaHR0cDovL3d3dy53My5vcmcvMjAwMC9zdmciPjwvc3ZnPg==\" class=\"lazyload\" data-load-mode=\"1\"><\/iframe>\n<\/div><\/figure>\n\n\n\n<p>Tarix\u00e7i-alim Altay G\u00f6y\u00fc\u015fov 2023-c\u00fc ild\u0259 ba\u015flayan repressiya dal\u011fas\u0131nda \u00f6lk\u0259d\u0259n \u00e7\u0131xan ziyal\u0131lardand\u0131r. O, haz\u0131rk\u0131 siyasi v\u0259ziyy\u0259tin g\u0259tir\u0259 bil\u0259c\u0259yi t\u0259hl\u00fck\u0259l\u0259rd\u0259n dan\u0131\u015f\u0131r. <\/p>\n\n\n\n<p>Eyni zamanda, s\u00f6z azadl\u0131\u011f\u0131n\u0131n vacibliyini vur\u011fulayan alim, Milli M\u0259tbuat g\u00fcn\u00fcn\u00fcn t\u0259nt\u0259n\u0259 il\u0259 qeyd edilm\u0259sini b\u00f6y\u00fck ironiya hesab edir.<a href=\"https:\/\/www.youtube.com\/@MeydanTelevision\"><\/a><\/p>\n","protected":false},"excerpt":{"rendered":"<p>Tarix\u00e7i-alim Altay G\u00f6y\u00fc\u015fov 2023-c\u00fc ild\u0259 ba\u015flayan repressiya dal\u011fas\u0131nda \u00f6lk\u0259d\u0259n \u00e7\u0131xan &#8230; <\/p>\n<p class=\"read-more-container\"><a title=\"Tarix\u00e7i Altay G\u00f6y\u00fc\u015fov son prosesl\u0259rd\u0259n dan\u0131\u015f\u0131r\" class=\"read-more button\" href=\"https:\/\/www.meydan.tv\/az\/article\/tarixci-q%c9%99l%c9%99b%c9%99-ilham-eliyev%c9%99-omurluk-kredit-verdi\/#more-332841\" aria-label=\"Read more about Tarix\u00e7i Altay G\u00f6y\u00fc\u015fov son prosesl\u0259rd\u0259n dan\u0131\u015f\u0131r\">Davam\u0131<\/a><\/p>\n","protected":false},"author":12,"featured_media":332842,"comment_status":"closed","ping_status":"closed","sticky":false,"template":"","format":"standard","meta":{"_acf_changed":false,"_sitemap_exclude":false,"_sitemap_priority":"","_sitemap_frequency":"","footnotes":""},"categories":[59,79,63,56],"tags":[],"class_list":["post-332841","post","type-post","status-publish","format-standard","has-post-thumbnail","hentry","category-siyaset","category-featured","category-video-2","category-xeberler","infinite-scroll-item","generate-columns","tablet-grid-50","mobile-grid-100","grid-parent","grid-33","no-featured-image-padding"],"acf":[],"yoast_head":"<!-- This site is optimized with the Yoast SEO plugin v27.4 - https:\/\/yoast.com\/product\/yoast-seo-wordpress\/ -->\n<title>Tarix\u00e7i Altay G\u00f6y\u00fc\u015fov son prosesl\u0259rd\u0259n dan\u0131\u015f\u0131r - MEYDAN.TV<\/title>\n<meta name=\"robots\" content=\"index, follow, max-snippet:-1, max-image-preview:large, max-video-preview:-1\" \/>\n<link rel=\"canonical\" href=\"https:\/\/www.meydan.tv\/az\/article\/tarixci-q%c9%99l%c9%99b%c9%99-ilham-eliyev%c9%99-omurluk-kredit-verdi\/\" \/>\n<meta property=\"og:locale\" content=\"az_AZ\" \/>\n<meta property=\"og:type\" content=\"article\" \/>\n<meta property=\"og:title\" content=\"Tarix\u00e7i Altay G\u00f6y\u00fc\u015fov son prosesl\u0259rd\u0259n dan\u0131\u015f\u0131r - MEYDAN.TV\" \/>\n<meta property=\"og:description\" content=\"Tarix\u00e7i-alim Altay G\u00f6y\u00fc\u015fov 2023-c\u00fc ild\u0259 ba\u015flayan repressiya dal\u011fas\u0131nda \u00f6lk\u0259d\u0259n \u00e7\u0131xan ... Davam\u0131\" \/>\n<meta property=\"og:url\" content=\"https:\/\/www.meydan.tv\/az\/article\/tarixci-q%c9%99l%c9%99b%c9%99-ilham-eliyev%c9%99-omurluk-kredit-verdi\/\" \/>\n<meta property=\"og:site_name\" content=\"MEYDAN.TV\" \/>\n<meta property=\"article:published_time\" content=\"2025-07-07T13:25:38+00:00\" \/>\n<meta property=\"article:modified_time\" content=\"2025-07-07T13:25:42+00:00\" \/>\n<meta property=\"og:image\" content=\"https:\/\/www.meydan.tv\/wp-content\/uploads\/screenshot-2025-07-07-at-14.03.37-1200x657.png\" \/>\n\t<meta property=\"og:image:width\" content=\"1200\" \/>\n\t<meta property=\"og:image:height\" content=\"657\" \/>\n\t<meta property=\"og:image:type\" content=\"image\/png\" \/>\n<meta name=\"author\" content=\"aleks\" \/>\n<meta name=\"twitter:card\" content=\"summary_large_image\" \/>\n<script type=\"application\/ld+json\" class=\"yoast-schema-graph\">{\"@context\":\"https:\\\/\\\/schema.org\",\"@graph\":[{\"@type\":\"Article\",\"@id\":\"https:\\\/\\\/www.meydan.tv\\\/az\\\/article\\\/tarixci-q%c9%99l%c9%99b%c9%99-ilham-eliyev%c9%99-omurluk-kredit-verdi\\\/#article\",\"isPartOf\":{\"@id\":\"https:\\\/\\\/www.meydan.tv\\\/az\\\/article\\\/tarixci-q%c9%99l%c9%99b%c9%99-ilham-eliyev%c9%99-omurluk-kredit-verdi\\\/\"},\"author\":{\"name\":\"aleks\",\"@id\":\"https:\\\/\\\/www.meydan.tv\\\/az\\\/#\\\/schema\\\/person\\\/476e9360e593fa131d5d71d51866f8da\"},\"headline\":\"Tarix\u00e7i Altay G\u00f6y\u00fc\u015fov son prosesl\u0259rd\u0259n dan\u0131\u015f\u0131r\",\"datePublished\":\"2025-07-07T13:25:38+00:00\",\"dateModified\":\"2025-07-07T13:25:42+00:00\",\"mainEntityOfPage\":{\"@id\":\"https:\\\/\\\/www.meydan.tv\\\/az\\\/article\\\/tarixci-q%c9%99l%c9%99b%c9%99-ilham-eliyev%c9%99-omurluk-kredit-verdi\\\/\"},\"wordCount\":94,\"publisher\":{\"@id\":\"https:\\\/\\\/www.meydan.tv\\\/az\\\/#organization\"},\"image\":{\"@id\":\"https:\\\/\\\/www.meydan.tv\\\/az\\\/article\\\/tarixci-q%c9%99l%c9%99b%c9%99-ilham-eliyev%c9%99-omurluk-kredit-verdi\\\/#primaryimage\"},\"thumbnailUrl\":\"https:\\\/\\\/www.meydan.tv\\\/wp-content\\\/uploads\\\/screenshot-2025-07-07-at-14.03.37.png\",\"articleSection\":[\"Siyas\u0259t\",\"T\u00f6vsiy\u0259\",\"Video\",\"X\u0259b\u0259rl\u0259r\"],\"inLanguage\":\"az\"},{\"@type\":\"WebPage\",\"@id\":\"https:\\\/\\\/www.meydan.tv\\\/az\\\/article\\\/tarixci-q%c9%99l%c9%99b%c9%99-ilham-eliyev%c9%99-omurluk-kredit-verdi\\\/\",\"url\":\"https:\\\/\\\/www.meydan.tv\\\/az\\\/article\\\/tarixci-q%c9%99l%c9%99b%c9%99-ilham-eliyev%c9%99-omurluk-kredit-verdi\\\/\",\"name\":\"Tarix\u00e7i Altay G\u00f6y\u00fc\u015fov son prosesl\u0259rd\u0259n dan\u0131\u015f\u0131r - MEYDAN.TV\",\"isPartOf\":{\"@id\":\"https:\\\/\\\/www.meydan.tv\\\/az\\\/#website\"},\"primaryImageOfPage\":{\"@id\":\"https:\\\/\\\/www.meydan.tv\\\/az\\\/article\\\/tarixci-q%c9%99l%c9%99b%c9%99-ilham-eliyev%c9%99-omurluk-kredit-verdi\\\/#primaryimage\"},\"image\":{\"@id\":\"https:\\\/\\\/www.meydan.tv\\\/az\\\/article\\\/tarixci-q%c9%99l%c9%99b%c9%99-ilham-eliyev%c9%99-omurluk-kredit-verdi\\\/#primaryimage\"},\"thumbnailUrl\":\"https:\\\/\\\/www.meydan.tv\\\/wp-content\\\/uploads\\\/screenshot-2025-07-07-at-14.03.37.png\",\"datePublished\":\"2025-07-07T13:25:38+00:00\",\"dateModified\":\"2025-07-07T13:25:42+00:00\",\"breadcrumb\":{\"@id\":\"https:\\\/\\\/www.meydan.tv\\\/az\\\/article\\\/tarixci-q%c9%99l%c9%99b%c9%99-ilham-eliyev%c9%99-omurluk-kredit-verdi\\\/#breadcrumb\"},\"inLanguage\":\"az\",\"potentialAction\":[{\"@type\":\"ReadAction\",\"target\":[\"https:\\\/\\\/www.meydan.tv\\\/az\\\/article\\\/tarixci-q%c9%99l%c9%99b%c9%99-ilham-eliyev%c9%99-omurluk-kredit-verdi\\\/\"]}]},{\"@type\":\"ImageObject\",\"inLanguage\":\"az\",\"@id\":\"https:\\\/\\\/www.meydan.tv\\\/az\\\/article\\\/tarixci-q%c9%99l%c9%99b%c9%99-ilham-eliyev%c9%99-omurluk-kredit-verdi\\\/#primaryimage\",\"url\":\"https:\\\/\\\/www.meydan.tv\\\/wp-content\\\/uploads\\\/screenshot-2025-07-07-at-14.03.37.png\",\"contentUrl\":\"https:\\\/\\\/www.meydan.tv\\\/wp-content\\\/uploads\\\/screenshot-2025-07-07-at-14.03.37.png\",\"width\":2180,\"height\":1194},{\"@type\":\"BreadcrumbList\",\"@id\":\"https:\\\/\\\/www.meydan.tv\\\/az\\\/article\\\/tarixci-q%c9%99l%c9%99b%c9%99-ilham-eliyev%c9%99-omurluk-kredit-verdi\\\/#breadcrumb\",\"itemListElement\":[{\"@type\":\"ListItem\",\"position\":1,\"name\":\"Ana s\u0259hif\u0259\",\"item\":\"https:\\\/\\\/www.meydan.tv\\\/az\\\/\"},{\"@type\":\"ListItem\",\"position\":2,\"name\":\"X\u0259b\u0259rl\u0259r\",\"item\":\"https:\\\/\\\/www.meydan.tv\\\/az\\\/section\\\/xeberler\\\/\"},{\"@type\":\"ListItem\",\"position\":3,\"name\":\"Tarix\u00e7i Altay G\u00f6y\u00fc\u015fov son prosesl\u0259rd\u0259n dan\u0131\u015f\u0131r\"}]},{\"@type\":\"WebSite\",\"@id\":\"https:\\\/\\\/www.meydan.tv\\\/az\\\/#website\",\"url\":\"https:\\\/\\\/www.meydan.tv\\\/az\\\/\",\"name\":\"MEYDAN.TV\",\"description\":\"Meydan TV Az\u0259rbaycan\u0131n media m\u0259kan\u0131ndak\u0131 alternativ s\u0259sidir\",\"publisher\":{\"@id\":\"https:\\\/\\\/www.meydan.tv\\\/az\\\/#organization\"},\"potentialAction\":[{\"@type\":\"SearchAction\",\"target\":{\"@type\":\"EntryPoint\",\"urlTemplate\":\"https:\\\/\\\/www.meydan.tv\\\/az\\\/?s={search_term_string}\"},\"query-input\":{\"@type\":\"PropertyValueSpecification\",\"valueRequired\":true,\"valueName\":\"search_term_string\"}}],\"inLanguage\":\"az\"},{\"@type\":\"Organization\",\"@id\":\"https:\\\/\\\/www.meydan.tv\\\/az\\\/#organization\",\"name\":\"Meydan TV\",\"url\":\"https:\\\/\\\/www.meydan.tv\\\/az\\\/\",\"logo\":{\"@type\":\"ImageObject\",\"inLanguage\":\"az\",\"@id\":\"https:\\\/\\\/www.meydan.tv\\\/az\\\/#\\\/schema\\\/logo\\\/image\\\/\",\"url\":\"https:\\\/\\\/www.meydan.tv\\\/wp-content\\\/uploads\\\/2021\\\/07\\\/meydan-logo.svg\",\"contentUrl\":\"https:\\\/\\\/www.meydan.tv\\\/wp-content\\\/uploads\\\/2021\\\/07\\\/meydan-logo.svg\",\"width\":195,\"height\":46,\"caption\":\"Meydan TV\"},\"image\":{\"@id\":\"https:\\\/\\\/www.meydan.tv\\\/az\\\/#\\\/schema\\\/logo\\\/image\\\/\"}},{\"@type\":\"Person\",\"@id\":\"https:\\\/\\\/www.meydan.tv\\\/az\\\/#\\\/schema\\\/person\\\/476e9360e593fa131d5d71d51866f8da\",\"name\":\"aleks\"}]}<\/script>\n<!-- \/ Yoast SEO plugin. -->","yoast_head_json":{"title":"Tarix\u00e7i Altay G\u00f6y\u00fc\u015fov son prosesl\u0259rd\u0259n dan\u0131\u015f\u0131r - MEYDAN.TV","robots":{"index":"index","follow":"follow","max-snippet":"max-snippet:-1","max-image-preview":"max-image-preview:large","max-video-preview":"max-video-preview:-1"},"canonical":"https:\/\/www.meydan.tv\/az\/article\/tarixci-q%c9%99l%c9%99b%c9%99-ilham-eliyev%c9%99-omurluk-kredit-verdi\/","og_locale":"az_AZ","og_type":"article","og_title":"Tarix\u00e7i Altay G\u00f6y\u00fc\u015fov son prosesl\u0259rd\u0259n dan\u0131\u015f\u0131r - MEYDAN.TV","og_description":"Tarix\u00e7i-alim Altay G\u00f6y\u00fc\u015fov 2023-c\u00fc ild\u0259 ba\u015flayan repressiya dal\u011fas\u0131nda \u00f6lk\u0259d\u0259n \u00e7\u0131xan ... Davam\u0131","og_url":"https:\/\/www.meydan.tv\/az\/article\/tarixci-q%c9%99l%c9%99b%c9%99-ilham-eliyev%c9%99-omurluk-kredit-verdi\/","og_site_name":"MEYDAN.TV","article_published_time":"2025-07-07T13:25:38+00:00","article_modified_time":"2025-07-07T13:25:42+00:00","og_image":[{"width":1200,"height":657,"url":"https:\/\/www.meydan.tv\/wp-content\/uploads\/screenshot-2025-07-07-at-14.03.37-1200x657.png","type":"image\/png"}],"author":"aleks","twitter_card":"summary_large_image","schema":{"@context":"https:\/\/schema.org","@graph":[{"@type":"Article","@id":"https:\/\/www.meydan.tv\/az\/article\/tarixci-q%c9%99l%c9%99b%c9%99-ilham-eliyev%c9%99-omurluk-kredit-verdi\/#article","isPartOf":{"@id":"https:\/\/www.meydan.tv\/az\/article\/tarixci-q%c9%99l%c9%99b%c9%99-ilham-eliyev%c9%99-omurluk-kredit-verdi\/"},"author":{"name":"aleks","@id":"https:\/\/www.meydan.tv\/az\/#\/schema\/person\/476e9360e593fa131d5d71d51866f8da"},"headline":"Tarix\u00e7i Altay G\u00f6y\u00fc\u015fov son prosesl\u0259rd\u0259n dan\u0131\u015f\u0131r","datePublished":"2025-07-07T13:25:38+00:00","dateModified":"2025-07-07T13:25:42+00:00","mainEntityOfPage":{"@id":"https:\/\/www.meydan.tv\/az\/article\/tarixci-q%c9%99l%c9%99b%c9%99-ilham-eliyev%c9%99-omurluk-kredit-verdi\/"},"wordCount":94,"publisher":{"@id":"https:\/\/www.meydan.tv\/az\/#organization"},"image":{"@id":"https:\/\/www.meydan.tv\/az\/article\/tarixci-q%c9%99l%c9%99b%c9%99-ilham-eliyev%c9%99-omurluk-kredit-verdi\/#primaryimage"},"thumbnailUrl":"https:\/\/www.meydan.tv\/wp-content\/uploads\/screenshot-2025-07-07-at-14.03.37.png","articleSection":["Siyas\u0259t","T\u00f6vsiy\u0259","Video","X\u0259b\u0259rl\u0259r"],"inLanguage":"az"},{"@type":"WebPage","@id":"https:\/\/www.meydan.tv\/az\/article\/tarixci-q%c9%99l%c9%99b%c9%99-ilham-eliyev%c9%99-omurluk-kredit-verdi\/","url":"https:\/\/www.meydan.tv\/az\/article\/tarixci-q%c9%99l%c9%99b%c9%99-ilham-eliyev%c9%99-omurluk-kredit-verdi\/","name":"Tarix\u00e7i Altay G\u00f6y\u00fc\u015fov son prosesl\u0259rd\u0259n dan\u0131\u015f\u0131r - MEYDAN.TV","isPartOf":{"@id":"https:\/\/www.meydan.tv\/az\/#website"},"primaryImageOfPage":{"@id":"https:\/\/www.meydan.tv\/az\/article\/tarixci-q%c9%99l%c9%99b%c9%99-ilham-eliyev%c9%99-omurluk-kredit-verdi\/#primaryimage"},"image":{"@id":"https:\/\/www.meydan.tv\/az\/article\/tarixci-q%c9%99l%c9%99b%c9%99-ilham-eliyev%c9%99-omurluk-kredit-verdi\/#primaryimage"},"thumbnailUrl":"https:\/\/www.meydan.tv\/wp-content\/uploads\/screenshot-2025-07-07-at-14.03.37.png","datePublished":"2025-07-07T13:25:38+00:00","dateModified":"2025-07-07T13:25:42+00:00","breadcrumb":{"@id":"https:\/\/www.meydan.tv\/az\/article\/tarixci-q%c9%99l%c9%99b%c9%99-ilham-eliyev%c9%99-omurluk-kredit-verdi\/#breadcrumb"},"inLanguage":"az","potentialAction":[{"@type":"ReadAction","target":["https:\/\/www.meydan.tv\/az\/article\/tarixci-q%c9%99l%c9%99b%c9%99-ilham-eliyev%c9%99-omurluk-kredit-verdi\/"]}]},{"@type":"ImageObject","inLanguage":"az","@id":"https:\/\/www.meydan.tv\/az\/article\/tarixci-q%c9%99l%c9%99b%c9%99-ilham-eliyev%c9%99-omurluk-kredit-verdi\/#primaryimage","url":"https:\/\/www.meydan.tv\/wp-content\/uploads\/screenshot-2025-07-07-at-14.03.37.png","contentUrl":"https:\/\/www.meydan.tv\/wp-content\/uploads\/screenshot-2025-07-07-at-14.03.37.png","width":2180,"height":1194},{"@type":"BreadcrumbList","@id":"https:\/\/www.meydan.tv\/az\/article\/tarixci-q%c9%99l%c9%99b%c9%99-ilham-eliyev%c9%99-omurluk-kredit-verdi\/#breadcrumb","itemListElement":[{"@type":"ListItem","position":1,"name":"Ana s\u0259hif\u0259","item":"https:\/\/www.meydan.tv\/az\/"},{"@type":"ListItem","position":2,"name":"X\u0259b\u0259rl\u0259r","item":"https:\/\/www.meydan.tv\/az\/section\/xeberler\/"},{"@type":"ListItem","position":3,"name":"Tarix\u00e7i Altay G\u00f6y\u00fc\u015fov son prosesl\u0259rd\u0259n dan\u0131\u015f\u0131r"}]},{"@type":"WebSite","@id":"https:\/\/www.meydan.tv\/az\/#website","url":"https:\/\/www.meydan.tv\/az\/","name":"MEYDAN.TV","description":"Meydan TV Az\u0259rbaycan\u0131n media m\u0259kan\u0131ndak\u0131 alternativ s\u0259sidir","publisher":{"@id":"https:\/\/www.meydan.tv\/az\/#organization"},"potentialAction":[{"@type":"SearchAction","target":{"@type":"EntryPoint","urlTemplate":"https:\/\/www.meydan.tv\/az\/?s={search_term_string}"},"query-input":{"@type":"PropertyValueSpecification","valueRequired":true,"valueName":"search_term_string"}}],"inLanguage":"az"},{"@type":"Organization","@id":"https:\/\/www.meydan.tv\/az\/#organization","name":"Meydan TV","url":"https:\/\/www.meydan.tv\/az\/","logo":{"@type":"ImageObject","inLanguage":"az","@id":"https:\/\/www.meydan.tv\/az\/#\/schema\/logo\/image\/","url":"https:\/\/www.meydan.tv\/wp-content\/uploads\/2021\/07\/meydan-logo.svg","contentUrl":"https:\/\/www.meydan.tv\/wp-content\/uploads\/2021\/07\/meydan-logo.svg","width":195,"height":46,"caption":"Meydan TV"},"image":{"@id":"https:\/\/www.meydan.tv\/az\/#\/schema\/logo\/image\/"}},{"@type":"Person","@id":"https:\/\/www.meydan.tv\/az\/#\/schema\/person\/476e9360e593fa131d5d71d51866f8da","name":"aleks"}]}},"_links":{"self":[{"href":"https:\/\/www.meydan.tv\/az\/wp-json\/wp\/v2\/posts\/332841","targetHints":{"allow":["GET"]}}],"collection":[{"href":"https:\/\/www.meydan.tv\/az\/wp-json\/wp\/v2\/posts"}],"about":[{"href":"https:\/\/www.meydan.tv\/az\/wp-json\/wp\/v2\/types\/post"}],"author":[{"embeddable":true,"href":"https:\/\/www.meydan.tv\/az\/wp-json\/wp\/v2\/users\/12"}],"replies":[{"embeddable":true,"href":"https:\/\/www.meydan.tv\/az\/wp-json\/wp\/v2\/comments?post=332841"}],"version-history":[{"count":3,"href":"https:\/\/www.meydan.tv\/az\/wp-json\/wp\/v2\/posts\/332841\/revisions"}],"predecessor-version":[{"id":332851,"href":"https:\/\/www.meydan.tv\/az\/wp-json\/wp\/v2\/posts\/332841\/revisions\/332851"}],"wp:featuredmedia":[{"embeddable":true,"href":"https:\/\/www.meydan.tv\/az\/wp-json\/wp\/v2\/media\/332842"}],"wp:attachment":[{"href":"https:\/\/www.meydan.tv\/az\/wp-json\/wp\/v2\/media?parent=332841"}],"wp:term":[{"taxonomy":"category","embeddable":true,"href":"https:\/\/www.meydan.tv\/az\/wp-json\/wp\/v2\/categories?post=332841"},{"taxonomy":"post_tag","embeddable":true,"href":"https:\/\/www.meydan.tv\/az\/wp-json\/wp\/v2\/tags?post=332841"}],"curies":[{"name":"wp","href":"https:\/\/api.w.org\/{rel}","templated":true}]}}