{"id":332739,"date":"2025-07-04T14:07:05","date_gmt":"2025-07-04T10:07:05","guid":{"rendered":"https:\/\/www.meydan.tv\/?p=332739"},"modified":"2025-07-04T14:07:07","modified_gmt":"2025-07-04T10:07:07","slug":"rusiya-il%c9%99-munasib%c9%99tl%c9%99r-pozularsa-rusiyanin-turkiy%c9%99-il%c9%99-d%c9%99-munasib%c9%99tl%c9%99ri-qirilacaq","status":"publish","type":"post","link":"https:\/\/www.meydan.tv\/az\/article\/rusiya-il%c9%99-munasib%c9%99tl%c9%99r-pozularsa-rusiyanin-turkiy%c9%99-il%c9%99-d%c9%99-munasib%c9%99tl%c9%99ri-qirilacaq\/","title":{"rendered":"&#8220;Rusiya il\u0259 m\u00fcnasib\u0259tl\u0259r pozularsa, Rusiyan\u0131n T\u00fcrkiy\u0259 il\u0259 d\u0259 m\u00fcnasib\u0259tl\u0259ri q\u0131r\u0131lacaq&#8221;"},"content":{"rendered":"\n<figure class=\"wp-block-embed is-type-video is-provider-youtube wp-block-embed-youtube wp-embed-aspect-16-9 wp-has-aspect-ratio\"><div class=\"wp-block-embed__wrapper\">\n<iframe loading=\"lazy\" title=\"&quot;Rusiya il\u0259 m\u00fcnasib\u0259tl\u0259r pozularsa, Rusiyan\u0131n T\u00fcrkiy\u0259 il\u0259 d\u0259 m\u00fcnasib\u0259tl\u0259ri q\u0131r\u0131lacaq&quot;\" width=\"1200\" height=\"675\" src=\"https:\/\/www.youtube.com\/embed\/XplwLDOURUQ?feature=oembed\" frameborder=\"0\" allow=\"accelerometer; autoplay; clipboard-write; encrypted-media; gyroscope; picture-in-picture; web-share\" referrerpolicy=\"strict-origin-when-cross-origin\" allowfullscreen><\/iframe>\n<\/div><\/figure>\n\n\n\n<p class=\"wp-block-paragraph\">Yekaterinburqda az\u0259rbaycanl\u0131lar\u0131n saxlanmas\u0131 davam edib. Az\u0259rbaycanda da Rusiya v\u0259t\u0259nda\u015flar\u0131 h\u0259bs olunub v\u0259 onlar\u0131n videolar\u0131 sosial \u015f\u0259b\u0259k\u0259l\u0259rd\u0259 yay\u0131l\u0131b. Az\u0259rbaycanl\u0131 deputat deyir ki, ruslar biz\u0259 bazar, va\u011fzal adamlar\u0131 kimi bax\u0131rlar v\u0259 b\u00f6y\u00fck s\u0259hv edirl\u0259r, Rusiya \u00fc\u00e7\u00fcn yax\u015f\u0131 olmayacaq. \u0130ki \u00f6lk\u0259 aras\u0131nda g\u0259rginlikl\u0259 ba\u011fl\u0131 m\u00fcxt\u0259lif versiyalar var: <br><br><em>&#8211; &#8220;Az\u0259rbaycan Rusiyaya adekvat cavablar verm\u0259kd\u0259n \u00e7\u0259kinm\u0259m\u0259lidir&#8221; <\/em>.<\/p>\n\n\n\n<p class=\"wp-block-paragraph\"><em>&#8211; Rusiyan\u0131n Az\u0259rbaycan, Erm\u0259nistan v\u0259 T\u00fcrkiy\u0259 aras\u0131nda Z\u0259ng\u0259zur d\u0259hlizi il\u0259 ba\u011fl\u0131 raz\u0131la\u015fmaya g\u00f6r\u0259 Az\u0259rbaycan\u0131 t\u0259zyiq alt\u0131nda saxlamas\u0131 versiyalar\u0131 dola\u015f\u0131r <\/em>.<\/p>\n\n\n\n<p class=\"wp-block-paragraph\"><em>&#8211; &#8220;Az\u0259rbaycan &#8211; Rusiya m\u00fcnasib\u0259tl\u0259ri pozularsa, Rusiyan\u0131n T\u00fcrkiy\u0259 il\u0259 d\u0259 m\u00fcnasib\u0259tl\u0259ri q\u0131r\u0131lacaq. Putin bunu ist\u0259mir v\u0259 ortaq dil tapacaqlar&#8221;<\/em>.<\/p>\n","protected":false},"excerpt":{"rendered":"<p>Yekaterinburqda az\u0259rbaycanl\u0131lar\u0131n saxlanmas\u0131 davam edib. Az\u0259rbaycanda da Rusiya v\u0259t\u0259nda\u015flar\u0131 h\u0259bs &#8230; <\/p>\n<p class=\"read-more-container\"><a title=\"&#8220;Rusiya il\u0259 m\u00fcnasib\u0259tl\u0259r pozularsa, Rusiyan\u0131n T\u00fcrkiy\u0259 il\u0259 d\u0259 m\u00fcnasib\u0259tl\u0259ri q\u0131r\u0131lacaq&#8221;\" class=\"read-more button\" href=\"https:\/\/www.meydan.tv\/az\/article\/rusiya-il%c9%99-munasib%c9%99tl%c9%99r-pozularsa-rusiyanin-turkiy%c9%99-il%c9%99-d%c9%99-munasib%c9%99tl%c9%99ri-qirilacaq\/#more-332739\" aria-label=\"Read more about &#8220;Rusiya il\u0259 m\u00fcnasib\u0259tl\u0259r pozularsa, Rusiyan\u0131n T\u00fcrkiy\u0259 il\u0259 d\u0259 m\u00fcnasib\u0259tl\u0259ri q\u0131r\u0131lacaq&#8221;\">Davam\u0131<\/a><\/p>\n","protected":false},"author":12,"featured_media":332741,"comment_status":"closed","ping_status":"closed","sticky":false,"template":"","format":"standard","meta":{"_acf_changed":false,"_sitemap_exclude":false,"_sitemap_priority":"","_sitemap_frequency":"","footnotes":""},"categories":[63,56],"tags":[],"class_list":["post-332739","post","type-post","status-publish","format-standard","has-post-thumbnail","hentry","category-video-2","category-xeberler","infinite-scroll-item","generate-columns","tablet-grid-50","mobile-grid-100","grid-parent","grid-33","no-featured-image-padding"],"acf":[],"yoast_head":"<!-- This site is optimized with the Yoast SEO plugin v28.4 - https:\/\/yoast.com\/product\/yoast-seo-wordpress\/ -->\n<title>&quot;Rusiya il\u0259 m\u00fcnasib\u0259tl\u0259r pozularsa, Rusiyan\u0131n T\u00fcrkiy\u0259 il\u0259 d\u0259 m\u00fcnasib\u0259tl\u0259ri q\u0131r\u0131lacaq&quot; - MEYDAN.TV<\/title>\n<meta name=\"robots\" content=\"index, follow, max-snippet:-1, max-image-preview:large, max-video-preview:-1\" \/>\n<link rel=\"canonical\" href=\"https:\/\/www.meydan.tv\/az\/article\/rusiya-il%c9%99-munasib%c9%99tl%c9%99r-pozularsa-rusiyanin-turkiy%c9%99-il%c9%99-d%c9%99-munasib%c9%99tl%c9%99ri-qirilacaq\/\" \/>\n<meta property=\"og:locale\" content=\"az_AZ\" \/>\n<meta property=\"og:type\" content=\"article\" \/>\n<meta property=\"og:title\" content=\"&quot;Rusiya il\u0259 m\u00fcnasib\u0259tl\u0259r pozularsa, Rusiyan\u0131n T\u00fcrkiy\u0259 il\u0259 d\u0259 m\u00fcnasib\u0259tl\u0259ri q\u0131r\u0131lacaq&quot; - MEYDAN.TV\" \/>\n<meta property=\"og:description\" content=\"Yekaterinburqda az\u0259rbaycanl\u0131lar\u0131n saxlanmas\u0131 davam edib. Az\u0259rbaycanda da Rusiya v\u0259t\u0259nda\u015flar\u0131 h\u0259bs ... Davam\u0131\" \/>\n<meta property=\"og:url\" content=\"https:\/\/www.meydan.tv\/az\/article\/rusiya-il%c9%99-munasib%c9%99tl%c9%99r-pozularsa-rusiyanin-turkiy%c9%99-il%c9%99-d%c9%99-munasib%c9%99tl%c9%99ri-qirilacaq\/\" \/>\n<meta property=\"og:site_name\" content=\"MEYDAN.TV\" \/>\n<meta property=\"article:published_time\" content=\"2025-07-04T10:07:05+00:00\" \/>\n<meta property=\"article:modified_time\" content=\"2025-07-04T10:07:07+00:00\" \/>\n<meta property=\"og:image\" content=\"https:\/\/www.meydan.tv\/wp-content\/uploads\/rusiya-azerbaycan-bayragi-23333.jpg\" \/>\n\t<meta property=\"og:image:width\" content=\"840\" \/>\n\t<meta property=\"og:image:height\" content=\"524\" \/>\n\t<meta property=\"og:image:type\" content=\"image\/jpeg\" \/>\n<meta name=\"twitter:card\" content=\"summary_large_image\" \/>\n<!-- \/ Yoast SEO plugin. -->","yoast_head_json":{"title":"\"Rusiya il\u0259 m\u00fcnasib\u0259tl\u0259r pozularsa, Rusiyan\u0131n T\u00fcrkiy\u0259 il\u0259 d\u0259 m\u00fcnasib\u0259tl\u0259ri q\u0131r\u0131lacaq\" - MEYDAN.TV","robots":{"index":"index","follow":"follow","max-snippet":"max-snippet:-1","max-image-preview":"max-image-preview:large","max-video-preview":"max-video-preview:-1"},"canonical":"https:\/\/www.meydan.tv\/az\/article\/rusiya-il%c9%99-munasib%c9%99tl%c9%99r-pozularsa-rusiyanin-turkiy%c9%99-il%c9%99-d%c9%99-munasib%c9%99tl%c9%99ri-qirilacaq\/","og_locale":"az_AZ","og_type":"article","og_title":"\"Rusiya il\u0259 m\u00fcnasib\u0259tl\u0259r pozularsa, Rusiyan\u0131n T\u00fcrkiy\u0259 il\u0259 d\u0259 m\u00fcnasib\u0259tl\u0259ri q\u0131r\u0131lacaq\" - MEYDAN.TV","og_description":"Yekaterinburqda az\u0259rbaycanl\u0131lar\u0131n saxlanmas\u0131 davam edib. Az\u0259rbaycanda da Rusiya v\u0259t\u0259nda\u015flar\u0131 h\u0259bs ... Davam\u0131","og_url":"https:\/\/www.meydan.tv\/az\/article\/rusiya-il%c9%99-munasib%c9%99tl%c9%99r-pozularsa-rusiyanin-turkiy%c9%99-il%c9%99-d%c9%99-munasib%c9%99tl%c9%99ri-qirilacaq\/","og_site_name":"MEYDAN.TV","article_published_time":"2025-07-04T10:07:05+00:00","article_modified_time":"2025-07-04T10:07:07+00:00","og_image":[{"width":840,"height":524,"url":"https:\/\/www.meydan.tv\/wp-content\/uploads\/rusiya-azerbaycan-bayragi-23333.jpg","type":"image\/jpeg"}],"twitter_card":"summary_large_image","schema":{"@context":"https:\/\/schema.org","@graph":[{"@type":"Article","@id":"https:\/\/www.meydan.tv\/az\/article\/rusiya-il%c9%99-munasib%c9%99tl%c9%99r-pozularsa-rusiyanin-turkiy%c9%99-il%c9%99-d%c9%99-munasib%c9%99tl%c9%99ri-qirilacaq\/#article","isPartOf":{"@id":"https:\/\/www.meydan.tv\/az\/article\/rusiya-il%c9%99-munasib%c9%99tl%c9%99r-pozularsa-rusiyanin-turkiy%c9%99-il%c9%99-d%c9%99-munasib%c9%99tl%c9%99ri-qirilacaq\/"},"author":{"name":"aleks","@id":"https:\/\/www.meydan.tv\/az\/#\/schema\/person\/476e9360e593fa131d5d71d51866f8da"},"headline":"&#8220;Rusiya il\u0259 m\u00fcnasib\u0259tl\u0259r pozularsa, Rusiyan\u0131n T\u00fcrkiy\u0259 il\u0259 d\u0259 m\u00fcnasib\u0259tl\u0259ri q\u0131r\u0131lacaq&#8221;","datePublished":"2025-07-04T10:07:05+00:00","dateModified":"2025-07-04T10:07:07+00:00","mainEntityOfPage":{"@id":"https:\/\/www.meydan.tv\/az\/article\/rusiya-il%c9%99-munasib%c9%99tl%c9%99r-pozularsa-rusiyanin-turkiy%c9%99-il%c9%99-d%c9%99-munasib%c9%99tl%c9%99ri-qirilacaq\/"},"wordCount":172,"publisher":{"@id":"https:\/\/www.meydan.tv\/az\/#organization"},"image":{"@id":"https:\/\/www.meydan.tv\/az\/article\/rusiya-il%c9%99-munasib%c9%99tl%c9%99r-pozularsa-rusiyanin-turkiy%c9%99-il%c9%99-d%c9%99-munasib%c9%99tl%c9%99ri-qirilacaq\/#primaryimage"},"thumbnailUrl":"https:\/\/www.meydan.tv\/wp-content\/uploads\/rusiya-azerbaycan-bayragi-23333.jpg","articleSection":["Video","X\u0259b\u0259rl\u0259r"],"inLanguage":"az"},{"@type":"WebPage","@id":"https:\/\/www.meydan.tv\/az\/article\/rusiya-il%c9%99-munasib%c9%99tl%c9%99r-pozularsa-rusiyanin-turkiy%c9%99-il%c9%99-d%c9%99-munasib%c9%99tl%c9%99ri-qirilacaq\/","url":"https:\/\/www.meydan.tv\/az\/article\/rusiya-il%c9%99-munasib%c9%99tl%c9%99r-pozularsa-rusiyanin-turkiy%c9%99-il%c9%99-d%c9%99-munasib%c9%99tl%c9%99ri-qirilacaq\/","name":"\"Rusiya il\u0259 m\u00fcnasib\u0259tl\u0259r pozularsa, Rusiyan\u0131n T\u00fcrkiy\u0259 il\u0259 d\u0259 m\u00fcnasib\u0259tl\u0259ri q\u0131r\u0131lacaq\" - MEYDAN.TV","isPartOf":{"@id":"https:\/\/www.meydan.tv\/az\/#website"},"primaryImageOfPage":{"@id":"https:\/\/www.meydan.tv\/az\/article\/rusiya-il%c9%99-munasib%c9%99tl%c9%99r-pozularsa-rusiyanin-turkiy%c9%99-il%c9%99-d%c9%99-munasib%c9%99tl%c9%99ri-qirilacaq\/#primaryimage"},"image":{"@id":"https:\/\/www.meydan.tv\/az\/article\/rusiya-il%c9%99-munasib%c9%99tl%c9%99r-pozularsa-rusiyanin-turkiy%c9%99-il%c9%99-d%c9%99-munasib%c9%99tl%c9%99ri-qirilacaq\/#primaryimage"},"thumbnailUrl":"https:\/\/www.meydan.tv\/wp-content\/uploads\/rusiya-azerbaycan-bayragi-23333.jpg","datePublished":"2025-07-04T10:07:05+00:00","dateModified":"2025-07-04T10:07:07+00:00","breadcrumb":{"@id":"https:\/\/www.meydan.tv\/az\/article\/rusiya-il%c9%99-munasib%c9%99tl%c9%99r-pozularsa-rusiyanin-turkiy%c9%99-il%c9%99-d%c9%99-munasib%c9%99tl%c9%99ri-qirilacaq\/#breadcrumb"},"inLanguage":"az","potentialAction":[{"@type":"ReadAction","target":["https:\/\/www.meydan.tv\/az\/article\/rusiya-il%c9%99-munasib%c9%99tl%c9%99r-pozularsa-rusiyanin-turkiy%c9%99-il%c9%99-d%c9%99-munasib%c9%99tl%c9%99ri-qirilacaq\/"]}]},{"@type":"ImageObject","inLanguage":"az","@id":"https:\/\/www.meydan.tv\/az\/article\/rusiya-il%c9%99-munasib%c9%99tl%c9%99r-pozularsa-rusiyanin-turkiy%c9%99-il%c9%99-d%c9%99-munasib%c9%99tl%c9%99ri-qirilacaq\/#primaryimage","url":"https:\/\/www.meydan.tv\/wp-content\/uploads\/rusiya-azerbaycan-bayragi-23333.jpg","contentUrl":"https:\/\/www.meydan.tv\/wp-content\/uploads\/rusiya-azerbaycan-bayragi-23333.jpg","width":840,"height":524},{"@type":"BreadcrumbList","@id":"https:\/\/www.meydan.tv\/az\/article\/rusiya-il%c9%99-munasib%c9%99tl%c9%99r-pozularsa-rusiyanin-turkiy%c9%99-il%c9%99-d%c9%99-munasib%c9%99tl%c9%99ri-qirilacaq\/#breadcrumb","itemListElement":[{"@type":"ListItem","position":1,"name":"Ana s\u0259hif\u0259","item":"https:\/\/www.meydan.tv\/az\/"},{"@type":"ListItem","position":2,"name":"X\u0259b\u0259rl\u0259r","item":"https:\/\/www.meydan.tv\/az\/section\/xeberler\/"},{"@type":"ListItem","position":3,"name":"&#8220;Rusiya il\u0259 m\u00fcnasib\u0259tl\u0259r pozularsa, Rusiyan\u0131n T\u00fcrkiy\u0259 il\u0259 d\u0259 m\u00fcnasib\u0259tl\u0259ri q\u0131r\u0131lacaq&#8221;"}]},{"@type":"WebSite","@id":"https:\/\/www.meydan.tv\/az\/#website","url":"https:\/\/www.meydan.tv\/az\/","name":"MEYDAN.TV","description":"Meydan TV Az\u0259rbaycan\u0131n media m\u0259kan\u0131ndak\u0131 alternativ s\u0259sidir","publisher":{"@id":"https:\/\/www.meydan.tv\/az\/#organization"},"potentialAction":[{"@type":"SearchAction","target":{"@type":"EntryPoint","urlTemplate":"https:\/\/www.meydan.tv\/az\/?s={search_term_string}"},"query-input":{"@type":"PropertyValueSpecification","valueRequired":true,"valueName":"search_term_string"}}],"inLanguage":"az"},{"@type":"Organization","@id":"https:\/\/www.meydan.tv\/az\/#organization","name":"Meydan TV","url":"https:\/\/www.meydan.tv\/az\/","logo":{"@type":"ImageObject","inLanguage":"az","@id":"https:\/\/www.meydan.tv\/az\/#\/schema\/logo\/image\/","url":"https:\/\/www.meydan.tv\/wp-content\/uploads\/2021\/07\/meydan-logo.svg","contentUrl":"https:\/\/www.meydan.tv\/wp-content\/uploads\/2021\/07\/meydan-logo.svg","width":195,"height":46,"caption":"Meydan TV"},"image":{"@id":"https:\/\/www.meydan.tv\/az\/#\/schema\/logo\/image\/"}},{"@type":"Person","@id":"https:\/\/www.meydan.tv\/az\/#\/schema\/person\/476e9360e593fa131d5d71d51866f8da","name":"aleks"}]}},"_links":{"self":[{"href":"https:\/\/www.meydan.tv\/az\/wp-json\/wp\/v2\/posts\/332739","targetHints":{"allow":["GET"]}}],"collection":[{"href":"https:\/\/www.meydan.tv\/az\/wp-json\/wp\/v2\/posts"}],"about":[{"href":"https:\/\/www.meydan.tv\/az\/wp-json\/wp\/v2\/types\/post"}],"author":[{"embeddable":true,"href":"https:\/\/www.meydan.tv\/az\/wp-json\/wp\/v2\/users\/12"}],"replies":[{"embeddable":true,"href":"https:\/\/www.meydan.tv\/az\/wp-json\/wp\/v2\/comments?post=332739"}],"version-history":[{"count":1,"href":"https:\/\/www.meydan.tv\/az\/wp-json\/wp\/v2\/posts\/332739\/revisions"}],"predecessor-version":[{"id":332740,"href":"https:\/\/www.meydan.tv\/az\/wp-json\/wp\/v2\/posts\/332739\/revisions\/332740"}],"wp:featuredmedia":[{"embeddable":true,"href":"https:\/\/www.meydan.tv\/az\/wp-json\/wp\/v2\/media\/332741"}],"wp:attachment":[{"href":"https:\/\/www.meydan.tv\/az\/wp-json\/wp\/v2\/media?parent=332739"}],"wp:term":[{"taxonomy":"category","embeddable":true,"href":"https:\/\/www.meydan.tv\/az\/wp-json\/wp\/v2\/categories?post=332739"},{"taxonomy":"post_tag","embeddable":true,"href":"https:\/\/www.meydan.tv\/az\/wp-json\/wp\/v2\/tags?post=332739"}],"curies":[{"name":"wp","href":"https:\/\/api.w.org\/{rel}","templated":true}]}}