{"id":332727,"date":"2025-07-04T14:13:16","date_gmt":"2025-07-04T10:13:16","guid":{"rendered":"https:\/\/www.meydan.tv\/?p=332727"},"modified":"2025-07-04T14:13:19","modified_gmt":"2025-07-04T10:13:19","slug":"eliyevin-t%c9%99yyar%c9%99si-sankt-peterburq-uz%c9%99rind%c9%99n-geri-qayidib","status":"publish","type":"post","link":"https:\/\/www.meydan.tv\/az\/article\/eliyevin-t%c9%99yyar%c9%99si-sankt-peterburq-uz%c9%99rind%c9%99n-geri-qayidib\/","title":{"rendered":"\u018fliyevin t\u0259yyar\u0259si Sankt-Peterburq \u00fcz\u0259rind\u0259n geri qay\u0131d\u0131b?"},"content":{"rendered":"\n<figure class=\"wp-block-embed is-type-video is-provider-youtube wp-block-embed-youtube wp-embed-aspect-16-9 wp-has-aspect-ratio\"><div class=\"wp-block-embed__wrapper\">\n<iframe title=\"\u018fliyevin t\u0259yyar\u0259si Sankt-Peterburq \u00fcz\u0259rind\u0259n geri qay\u0131d\u0131b?\" width=\"1200\" height=\"675\" data-src=\"https:\/\/www.youtube.com\/embed\/ppdpBWqrujo?feature=oembed\" frameborder=\"0\" allow=\"accelerometer; autoplay; clipboard-write; encrypted-media; gyroscope; picture-in-picture; web-share\" referrerpolicy=\"strict-origin-when-cross-origin\" allowfullscreen src=\"data:image\/svg+xml;base64,PHN2ZyB3aWR0aD0iMSIgaGVpZ2h0PSIxIiB4bWxucz0iaHR0cDovL3d3dy53My5vcmcvMjAwMC9zdmciPjwvc3ZnPg==\" class=\"lazyload\" data-load-mode=\"1\"><\/iframe>\n<\/div><\/figure>\n\n\n\n<p><em>Az\u0259rbaycan &#8211; Rusiya m\u00fcnasib\u0259tl\u0259ri &#8211; n\u0259 ba\u015f verir?<\/em><\/p>\n\n\n\n<p><strong>Az\u0259rbaycanl\u0131lar\u0131n Rusiyadan deportasiyas\u0131, ard\u0131c\u0131l h\u0259bsl\u0259r, b\u0259yanatlar, qar\u015f\u0131l\u0131ql\u0131 nota v\u0259 qeyri-m\u00fc\u0259yy\u0259nlik. Rusiya &#8211; Az\u0259rbaycan m\u00fcnasib\u0259tl\u0259rind\u0259 n\u0259l\u0259r ba\u015f verir?\u00a0<\/strong><\/p>\n\n\n\n<p>25 dekabrda Qrozn\u0131 s\u0259mas\u0131nda AZAL t\u0259yyar\u0259sinin vurulmas\u0131ndan sonra Az\u0259rbaycan &#8211; Rusiya m\u00fcnasib\u0259tl\u0259rinin diminuendo m\u0259rh\u0259l\u0259sin\u0259 ke\u00e7diyini dem\u0259k olar. H\u0259min prosesl\u0259r zaman\u0131 Turan \u0130nformasiya Agentliyinin yayd\u0131\u011f\u0131 bir x\u0259b\u0259r is\u0259 sonradan m\u00fczakir\u0259l\u0259rd\u0259n he\u00e7 olmam\u0131\u015f kimi \u201cqeyb\u0259 \u00e7\u0259kildi\u201d. X\u0259b\u0259rd\u0259 iddia edilirdi ki, m\u0259hz h\u0259min g\u00fcn s\u0259mada olan prezident \u0130lham \u018fliyevin r\u0259smi t\u0259yyar\u0259si &#8220;Bak\u0131-1&#8221; d\u0259 xarici texniki m\u00fcdaxil\u0259y\u0259 m\u0259ruz qal\u0131b. Prezident t\u0259yyar\u0259si Sankt-Peterburqa u\u00e7u\u015f h\u0259yata ke\u00e7irirdi, \u018fliyev dig\u0259r t\u0259yyar\u0259nin q\u0259zaya u\u011frad\u0131\u011f\u0131 x\u0259b\u0259rini alan kimi Bak\u0131ya d\u00f6n\u00fc\u015f tap\u015f\u0131r\u0131\u011f\u0131 verdi v\u0259 Rusiya il\u0259 m\u00fcnasib\u0259tl\u0259r g\u0259rginl\u0259\u015fm\u0259, eni\u015f m\u0259rh\u0259l\u0259sin\u0259 q\u0259d\u0259m qoydu.<\/p>\n\n\n\n<p>\u0130lham \u018fliyev 9 mayda Moskvada ke\u00e7iril\u0259n Q\u0259l\u0259b\u0259 parad\u0131na qat\u0131lmad\u0131. Hakimiyy\u0259t medias\u0131 bunun s\u0259b\u0259bl\u0259rini bel\u0259 s\u0131ralay\u0131rd\u0131:&nbsp;<\/p>\n\n\n\n<p><em>&#8211; T\u0259yyar\u0259nin vurulmas\u0131ndan 5 ay ke\u00e7ib, Rusiya t\u0259r\u0259fi i\u015fi ara\u015fd\u0131rm\u0131r, g\u00fcnahkarlar c\u0259zaland\u0131r\u0131lmay\u0131b.\u00a0<\/em><\/p>\n\n\n\n<p><em>&#8211; Az\u0259rbaycan\u0131n bir s\u0131ra media resurslar\u0131na Rusiyadan kiberh\u00fccumlar edilib, Moskva bu m\u0259s\u0259l\u0259y\u0259 d\u0259 ayd\u0131nl\u0131q g\u0259tirm\u0259yib.\u00a0<\/em><\/p>\n\n\n\n<p><em>&#8211; Az\u0259rbaycan parlamentinin \u00fczv\u00fc Az\u0259r Badamovun Rusiyaya giri\u015fin\u0259 qada\u011fa qoyulub, o, Moskvada aeroportda saxlan\u0131laraq, deportasiya edilib.<\/em><\/p>\n\n\n\n<p>Bundan sonra da t\u0259r\u0259fl\u0259rin probleml\u0259ri h\u0259ll etm\u0259diyi a\u015fkard\u0131, \u00e7\u00fcnki Rusiya &#8211; Az\u0259rbaycan m\u00fcnasib\u0259tl\u0259ri post-sovet d\u00f6vr\u00fcn\u00fcn \u0259n g\u0259rgin fazalar\u0131n\u0131n birind\u0259n ke\u00e7ir. \u0130yunun 27-d\u0259 Rusiyada, Yekaterinburqda h\u00fcquq-m\u00fchafiz\u0259 orqanlar\u0131 birg\u0259 \u0259m\u0259liyyat ke\u00e7irdi v\u0259 n\u0259tic\u0259d\u0259 iki az\u0259rbaycanl\u0131 \u00f6ld\u00fcr\u00fcld\u00fc, ikisi yaraland\u0131. Az\u0259rbaycan\u0131n Ba\u015f Prokurorlu\u011fu m\u0259lumat yayd\u0131 ki, Rusiyada az\u0131 14 n\u0259f\u0259r saxlan\u0131b v\u0259 onlardan 12-i Az\u0259rbaycan v\u0259t\u0259nda\u015f\u0131d\u0131r.<\/p>\n\n\n\n<p>\u0130yunun 30-da is\u0259 Bak\u0131n\u0131n cavab t\u0259dbiri kimi \u015f\u0259rh edil\u0259n prosesl\u0259r ba\u015flad\u0131. \u00d6nc\u0259 Bak\u0131da Rusiya hakimiyy\u0259tin\u0259 ba\u011fl\u0131 Sputnik\u0259 qar\u015f\u0131 \u0259m\u0259liyyat ke\u00e7irildi, iki rusiyal\u0131 jurnalist saxlan\u0131ld\u0131, bir g\u00fcn sonra az\u0131 8 Rusiya v\u0259t\u0259nda\u015f\u0131 \u0130randan narkotik madd\u0259l\u0259rin tranziti, internet \u00fcz\u0259rind\u0259n yay\u0131lmas\u0131 v\u0259 kiberd\u0259l\u0259duzluq hallar\u0131nda \u015f\u00fcbh\u0259li bilin\u0259r\u0259k m\u0259hk\u0259m\u0259y\u0259 \u00e7\u0131xar\u0131ld\u0131.<\/p>\n\n\n\n<p>Rusiyada az\u0259rbaycanl\u0131 i\u015f adamlar\u0131n\u0131n saxland\u0131\u011f\u0131 bar\u0259d\u0259 x\u0259b\u0259rl\u0259r yay\u0131ld\u0131. H\u0259tta iyunun 26-da Rusiya Federal M\u0259hk\u0259m\u0259 \u0130cra\u00e7\u0131lar\u0131 Xidm\u0259ti &#8220;Crocus Group&#8221;un prezidenti Araz A\u011falarova qar\u015f\u0131 m\u0259hk\u0259m\u0259 icraat\u0131na ba\u015flad\u0131. Yekaterinburqda diaspora r\u0259hb\u0259rinin avtomobilin\u0259 h\u00fccum edildi, o da saxlan\u0131ld\u0131, daha sonra s\u0259rb\u0259st burax\u0131ld\u0131.&nbsp;<\/p>\n\n\n\n<p>T\u0259r\u0259fl\u0259r 1 iyulda bir-birl\u0259rin\u0259 qar\u015f\u0131l\u0131ql\u0131 nota verdil\u0259r, Az\u0259rbaycan X\u0130N Rusiyan\u0131 Az\u0259rbaycan\u0131n daxili i\u015fl\u0259rin\u0259 qar\u0131\u015fmama\u011fa \u00e7a\u011f\u0131rd\u0131.&nbsp;<\/p>\n\n\n\n<p>B\u0259s b\u00fct\u00fcn bunlar\u0131n arxas\u0131nda hans\u0131 s\u0259b\u0259b dayan\u0131r? Bir \u00e7ox ekspertl\u0259r iddia edirl\u0259r ki, Rusiyan\u0131n Az\u0259rbaycana q\u0259z\u0259bi \u201cZ\u0259ng\u0259zur d\u0259hlizi\u201d m\u00f6vzusunda s\u0131x\u0131\u015fd\u0131r\u0131lmas\u0131 il\u0259 ba\u011fl\u0131d\u0131. \u201cKarneqi Rusiya Avrasiya M\u0259rk\u0259zi\u201d m\u0259lumat yay\u0131b ki, Tramp administrasiyas\u0131 Erm\u0259nistan v\u0259 Az\u0259rbaycan aras\u0131nda n\u0259qliyyat yollar\u0131n\u0131n a\u00e7\u0131lmas\u0131 il\u0259 ba\u011fl\u0131 Yerevan v\u0259 Bak\u0131ya t\u0259klif ir\u0259li s\u00fcr\u00fcb. <\/p>\n\n\n\n<p>M\u0259rk\u0259zin analitiki Olesya Vartanyan yaz\u0131r ki, t\u0259klif 2008-ci il Rusiya-G\u00fcrc\u00fcstan m\u00fcharib\u0259sind\u0259n sonra t\u0259tbiq edil\u0259n A\u0130 plan\u0131na b\u0259nz\u0259yir. H\u0259min plana \u0259sas\u0259n, m\u00fcbahis\u0259li b\u00f6lg\u0259l\u0259rd\u0259n ke\u00e7\u0259n yollar\u0131 \u0130sve\u00e7r\u0259 \u015firk\u0259ti idar\u0259 etm\u0259li, logistik m\u0259lumatlar\u0131 is\u0259 b\u00fct\u00fcn maraql\u0131 t\u0259r\u0259fl\u0259r\u0259 \u00f6t\u00fcrm\u0259li idi. Erm\u0259nistan X\u0130N r\u0259smisi t\u0259klifin olmas\u0131n\u0131 inkar etm\u0259yib, Az\u0259rbaycan t\u0259r\u0259fi is\u0259 m\u0259s\u0259l\u0259y\u0259 reaksiya verm\u0259yib.\u00a0<\/p>\n\n\n\n<p>\u0130ddialardan biri budur ki, d\u0259hliz\u0259 n\u0259zar\u0259t AB\u015e \u015firk\u0259tin\u0259 veri\u0259, bununla da Rusiya bu prosesd\u0259n tamamil\u0259 k\u0259narla\u015fd\u0131r\u0131la bil\u0259r. Bununsa Moskvada naraz\u0131l\u0131qla qar\u015f\u0131land\u0131\u011f\u0131 deyilir. M\u00fcxt\u0259lif siyasi \u015f\u0259rh\u00e7il\u0259r Az\u0259rbaycan-T\u00fcrkiy\u0259 m\u00fcnasib\u0259tl\u0259rinin d\u0259rinl\u0259\u015fm\u0259sinin d\u0259 Rusiyada narahatl\u0131q yaratd\u0131\u011f\u0131n\u0131 iddia edirl\u0259r. B\u0259zi ekspertl\u0259r deyirl\u0259r ki, Rusiya Erm\u0259nistan\u0131n da ondan uzaqla\u015fmas\u0131n\u0131 h\u0259zm ed\u0259 bilmir, ona g\u00f6r\u0259 kils\u0259 vasit\u0259sil\u0259 Pa\u015finyan\u0131 devirm\u0259y\u0259 \u00e7al\u0131\u015f\u0131b. Bu g\u00fcn Rusiya il\u0259 ba\u011fl\u0131 m\u00fczakir\u0259l\u0259r zaman\u0131 Erm\u0259nistan parlamentind\u0259 d\u0259 qar\u015f\u0131durmalar ya\u015fand\u0131\u011f\u0131 bildirilir.&nbsp;<\/p>\n\n\n\n<p>Nikol Pa\u015finyan v\u0259 \u0130lham \u018fliyevin iyulun sonlar\u0131nda Dubayda g\u00f6r\u00fc\u015fm\u0259si planla\u015fd\u0131r\u0131l\u0131r. \u201cMiddle East Eye\u201d n\u0259\u015frinin yazd\u0131\u011f\u0131na g\u00f6r\u0259, bu g\u00f6r\u00fc\u015f iki \u00f6lk\u0259 aras\u0131nda s\u00fclh raz\u0131la\u015fmas\u0131 il\u0259 ba\u011fl\u0131 dan\u0131\u015f\u0131qlar\u0131n davam\u0131 kimi n\u0259z\u0259rd\u0259 tutulur. N\u0259\u015fr yaz\u0131r ki, T\u00fcrkiy\u0259 d\u0259 s\u00fclh sazi\u015fi imzalamas\u0131 \u00fc\u00e7\u00fcn Az\u0259rbaycana s\u0259ssiz t\u0259zyiq g\u00f6st\u0259rir.&nbsp;<\/p>\n\n\n\n<p>Dig\u0259r diqq\u0259t\u00e7\u0259k\u0259n m\u0259qam odur ki, Az\u0259rbaycanda rusdilli m\u0259kt\u0259bl\u0259rin bel\u0259 ba\u011flanmas\u0131 m\u0259s\u0259l\u0259si g\u00fcnd\u0259m\u0259 g\u0259lib. T\u0259hsil nazirliyinin n\u0259 inkar n\u0259 t\u0259sdiq etdiyi x\u0259b\u0259rd\u0259 deyilir ki, Az\u0259rbaycan bu prosesi m\u0259rh\u0259l\u0259li \u015f\u0259kild\u0259 h\u0259yata ke\u00e7ir\u0259c\u0259k. Putin &#8211; \u018fliyev g\u00f6r\u00fc\u015fl\u0259rinin az qala h\u0259r birind\u0259 Az\u0259rbaycan-Rusiya m\u00fcnasib\u0259tl\u0259rinin dostluq \u00f6l\u00e7\u00fcs\u00fc kimi bu m\u0259kt\u0259bl\u0259r g\u00f6st\u0259rilirdi.&nbsp;<\/p>\n\n\n\n<p>Rusiyan\u0131n az\u0259rbaycan \u0259silli, \u00fcmumiyy\u0259tl\u0259 \u00f6lk\u0259d\u0259ki b\u00fct\u00fcn miqrantlar\u0131 zorla Ukrayna m\u00fcharib\u0259sin\u0259 aparma\u011fa \u00e7al\u0131\u015fd\u0131\u011f\u0131 da g\u0259rginliyin s\u0259b\u0259b iddialar\u0131ndan biridir. Saxlan\u0131lan b\u0259zi az\u0259rbaycanl\u0131lar sonradan a\u00e7\u0131qlama veribl\u0259r ki, onlar\u0131 d\u00f6y\u00fcb, c\u0259bh\u0259y\u0259 getm\u0259k \u00fc\u00e7\u00fcn s\u0259n\u0259d\u0259 imza atmalar\u0131n\u0131 t\u0259l\u0259b edibl\u0259r.&nbsp;&nbsp;<\/p>\n\n\n\n<p>Rusiya il\u0259 g\u0259rginlik bu ssenari \u00fczr\u0259 davam ets\u0259, Az\u0259rbaycan iqtisadi c\u0259h\u0259td\u0259n d\u0259 t\u0259hdid oluna bil\u0259r. Rusiya t\u0259zyiq kimi az\u0259rbaycanl\u0131 miqrantlar\u0131 deportasiya ed\u0259 bil\u0259r ki, bu da onsuz da a\u011f\u0131r olan i\u015fsizlik problemini d\u0259rinl\u0259\u015fdir\u0259 bil\u0259r. El\u0259 bu g\u00fcn x\u0259b\u0259r yay\u0131ld\u0131 ki, Rusiyan\u0131n Sankt-Peterburq \u015f\u0259h\u0259rind\u0259 azya\u015fl\u0131lar\u0131n davas\u0131ndan sonra iki az\u0259rbaycanl\u0131 ail\u0259 deportasiya olunub.&nbsp;<\/p>\n\n\n\n<p>Dig\u0259r ssenari is\u0259 t\u0259r\u0259fl\u0259rin tezlikl\u0259 dil tapmas\u0131 ehtimal\u0131d\u0131r ki, ekspertl\u0259r bunu yax\u0131n g\u00fcnl\u0259r \u00fc\u00e7\u00fcn t\u0259xmin etmirl\u0259r.&nbsp;<\/p>\n","protected":false},"excerpt":{"rendered":"<p>Az\u0259rbaycan &#8211; Rusiya m\u00fcnasib\u0259tl\u0259ri &#8211; n\u0259 ba\u015f verir? Az\u0259rbaycanl\u0131lar\u0131n Rusiyadan &#8230; <\/p>\n<p class=\"read-more-container\"><a title=\"\u018fliyevin t\u0259yyar\u0259si Sankt-Peterburq \u00fcz\u0259rind\u0259n geri qay\u0131d\u0131b?\" class=\"read-more button\" href=\"https:\/\/www.meydan.tv\/az\/article\/eliyevin-t%c9%99yyar%c9%99si-sankt-peterburq-uz%c9%99rind%c9%99n-geri-qayidib\/#more-332727\" aria-label=\"Read more about \u018fliyevin t\u0259yyar\u0259si Sankt-Peterburq \u00fcz\u0259rind\u0259n geri qay\u0131d\u0131b?\">Davam\u0131<\/a><\/p>\n","protected":false},"author":12,"featured_media":332728,"comment_status":"closed","ping_status":"closed","sticky":false,"template":"","format":"standard","meta":{"_acf_changed":false,"_sitemap_exclude":false,"_sitemap_priority":"","_sitemap_frequency":"","footnotes":""},"categories":[59,79,63,56],"tags":[],"class_list":["post-332727","post","type-post","status-publish","format-standard","has-post-thumbnail","hentry","category-siyaset","category-featured","category-video-2","category-xeberler","infinite-scroll-item","generate-columns","tablet-grid-50","mobile-grid-100","grid-parent","grid-33","no-featured-image-padding"],"acf":[],"yoast_head":"<!-- This site is optimized with the Yoast SEO plugin v27.4 - https:\/\/yoast.com\/product\/yoast-seo-wordpress\/ -->\n<title>\u018fliyevin t\u0259yyar\u0259si Sankt-Peterburq \u00fcz\u0259rind\u0259n geri qay\u0131d\u0131b? - MEYDAN.TV<\/title>\n<meta name=\"robots\" content=\"index, follow, max-snippet:-1, max-image-preview:large, max-video-preview:-1\" \/>\n<link rel=\"canonical\" href=\"https:\/\/www.meydan.tv\/az\/article\/eliyevin-t%c9%99yyar%c9%99si-sankt-peterburq-uz%c9%99rind%c9%99n-geri-qayidib\/\" \/>\n<meta property=\"og:locale\" content=\"az_AZ\" \/>\n<meta property=\"og:type\" content=\"article\" \/>\n<meta property=\"og:title\" content=\"\u018fliyevin t\u0259yyar\u0259si Sankt-Peterburq \u00fcz\u0259rind\u0259n geri qay\u0131d\u0131b? - MEYDAN.TV\" \/>\n<meta property=\"og:description\" content=\"Az\u0259rbaycan &#8211; Rusiya m\u00fcnasib\u0259tl\u0259ri &#8211; n\u0259 ba\u015f verir? Az\u0259rbaycanl\u0131lar\u0131n Rusiyadan ... Davam\u0131\" \/>\n<meta property=\"og:url\" content=\"https:\/\/www.meydan.tv\/az\/article\/eliyevin-t%c9%99yyar%c9%99si-sankt-peterburq-uz%c9%99rind%c9%99n-geri-qayidib\/\" \/>\n<meta property=\"og:site_name\" content=\"MEYDAN.TV\" \/>\n<meta property=\"article:published_time\" content=\"2025-07-04T10:13:16+00:00\" \/>\n<meta property=\"article:modified_time\" content=\"2025-07-04T10:13:19+00:00\" \/>\n<meta property=\"og:image\" content=\"https:\/\/www.meydan.tv\/wp-content\/uploads\/1735117100_0001.jpg\" \/>\n\t<meta property=\"og:image:width\" content=\"1891\" \/>\n\t<meta property=\"og:image:height\" content=\"1292\" \/>\n\t<meta property=\"og:image:type\" content=\"image\/jpeg\" \/>\n<meta name=\"author\" content=\"aleks\" \/>\n<meta name=\"twitter:card\" content=\"summary_large_image\" \/>\n<script type=\"application\/ld+json\" class=\"yoast-schema-graph\">{\"@context\":\"https:\\\/\\\/schema.org\",\"@graph\":[{\"@type\":\"Article\",\"@id\":\"https:\\\/\\\/www.meydan.tv\\\/az\\\/article\\\/eliyevin-t%c9%99yyar%c9%99si-sankt-peterburq-uz%c9%99rind%c9%99n-geri-qayidib\\\/#article\",\"isPartOf\":{\"@id\":\"https:\\\/\\\/www.meydan.tv\\\/az\\\/article\\\/eliyevin-t%c9%99yyar%c9%99si-sankt-peterburq-uz%c9%99rind%c9%99n-geri-qayidib\\\/\"},\"author\":{\"name\":\"aleks\",\"@id\":\"https:\\\/\\\/www.meydan.tv\\\/az\\\/#\\\/schema\\\/person\\\/476e9360e593fa131d5d71d51866f8da\"},\"headline\":\"\u018fliyevin t\u0259yyar\u0259si Sankt-Peterburq \u00fcz\u0259rind\u0259n geri qay\u0131d\u0131b?\",\"datePublished\":\"2025-07-04T10:13:16+00:00\",\"dateModified\":\"2025-07-04T10:13:19+00:00\",\"mainEntityOfPage\":{\"@id\":\"https:\\\/\\\/www.meydan.tv\\\/az\\\/article\\\/eliyevin-t%c9%99yyar%c9%99si-sankt-peterburq-uz%c9%99rind%c9%99n-geri-qayidib\\\/\"},\"wordCount\":1210,\"publisher\":{\"@id\":\"https:\\\/\\\/www.meydan.tv\\\/az\\\/#organization\"},\"image\":{\"@id\":\"https:\\\/\\\/www.meydan.tv\\\/az\\\/article\\\/eliyevin-t%c9%99yyar%c9%99si-sankt-peterburq-uz%c9%99rind%c9%99n-geri-qayidib\\\/#primaryimage\"},\"thumbnailUrl\":\"https:\\\/\\\/www.meydan.tv\\\/wp-content\\\/uploads\\\/1735117100_0001.jpg\",\"articleSection\":[\"Siyas\u0259t\",\"T\u00f6vsiy\u0259\",\"Video\",\"X\u0259b\u0259rl\u0259r\"],\"inLanguage\":\"az\"},{\"@type\":\"WebPage\",\"@id\":\"https:\\\/\\\/www.meydan.tv\\\/az\\\/article\\\/eliyevin-t%c9%99yyar%c9%99si-sankt-peterburq-uz%c9%99rind%c9%99n-geri-qayidib\\\/\",\"url\":\"https:\\\/\\\/www.meydan.tv\\\/az\\\/article\\\/eliyevin-t%c9%99yyar%c9%99si-sankt-peterburq-uz%c9%99rind%c9%99n-geri-qayidib\\\/\",\"name\":\"\u018fliyevin t\u0259yyar\u0259si Sankt-Peterburq \u00fcz\u0259rind\u0259n geri qay\u0131d\u0131b? - MEYDAN.TV\",\"isPartOf\":{\"@id\":\"https:\\\/\\\/www.meydan.tv\\\/az\\\/#website\"},\"primaryImageOfPage\":{\"@id\":\"https:\\\/\\\/www.meydan.tv\\\/az\\\/article\\\/eliyevin-t%c9%99yyar%c9%99si-sankt-peterburq-uz%c9%99rind%c9%99n-geri-qayidib\\\/#primaryimage\"},\"image\":{\"@id\":\"https:\\\/\\\/www.meydan.tv\\\/az\\\/article\\\/eliyevin-t%c9%99yyar%c9%99si-sankt-peterburq-uz%c9%99rind%c9%99n-geri-qayidib\\\/#primaryimage\"},\"thumbnailUrl\":\"https:\\\/\\\/www.meydan.tv\\\/wp-content\\\/uploads\\\/1735117100_0001.jpg\",\"datePublished\":\"2025-07-04T10:13:16+00:00\",\"dateModified\":\"2025-07-04T10:13:19+00:00\",\"breadcrumb\":{\"@id\":\"https:\\\/\\\/www.meydan.tv\\\/az\\\/article\\\/eliyevin-t%c9%99yyar%c9%99si-sankt-peterburq-uz%c9%99rind%c9%99n-geri-qayidib\\\/#breadcrumb\"},\"inLanguage\":\"az\",\"potentialAction\":[{\"@type\":\"ReadAction\",\"target\":[\"https:\\\/\\\/www.meydan.tv\\\/az\\\/article\\\/eliyevin-t%c9%99yyar%c9%99si-sankt-peterburq-uz%c9%99rind%c9%99n-geri-qayidib\\\/\"]}]},{\"@type\":\"ImageObject\",\"inLanguage\":\"az\",\"@id\":\"https:\\\/\\\/www.meydan.tv\\\/az\\\/article\\\/eliyevin-t%c9%99yyar%c9%99si-sankt-peterburq-uz%c9%99rind%c9%99n-geri-qayidib\\\/#primaryimage\",\"url\":\"https:\\\/\\\/www.meydan.tv\\\/wp-content\\\/uploads\\\/1735117100_0001.jpg\",\"contentUrl\":\"https:\\\/\\\/www.meydan.tv\\\/wp-content\\\/uploads\\\/1735117100_0001.jpg\",\"width\":1891,\"height\":1292},{\"@type\":\"BreadcrumbList\",\"@id\":\"https:\\\/\\\/www.meydan.tv\\\/az\\\/article\\\/eliyevin-t%c9%99yyar%c9%99si-sankt-peterburq-uz%c9%99rind%c9%99n-geri-qayidib\\\/#breadcrumb\",\"itemListElement\":[{\"@type\":\"ListItem\",\"position\":1,\"name\":\"Ana s\u0259hif\u0259\",\"item\":\"https:\\\/\\\/www.meydan.tv\\\/az\\\/\"},{\"@type\":\"ListItem\",\"position\":2,\"name\":\"T\u00f6vsiy\u0259\",\"item\":\"https:\\\/\\\/www.meydan.tv\\\/az\\\/section\\\/featured\\\/\"},{\"@type\":\"ListItem\",\"position\":3,\"name\":\"\u018fliyevin t\u0259yyar\u0259si Sankt-Peterburq \u00fcz\u0259rind\u0259n geri qay\u0131d\u0131b?\"}]},{\"@type\":\"WebSite\",\"@id\":\"https:\\\/\\\/www.meydan.tv\\\/az\\\/#website\",\"url\":\"https:\\\/\\\/www.meydan.tv\\\/az\\\/\",\"name\":\"MEYDAN.TV\",\"description\":\"Meydan TV Az\u0259rbaycan\u0131n media m\u0259kan\u0131ndak\u0131 alternativ s\u0259sidir\",\"publisher\":{\"@id\":\"https:\\\/\\\/www.meydan.tv\\\/az\\\/#organization\"},\"potentialAction\":[{\"@type\":\"SearchAction\",\"target\":{\"@type\":\"EntryPoint\",\"urlTemplate\":\"https:\\\/\\\/www.meydan.tv\\\/az\\\/?s={search_term_string}\"},\"query-input\":{\"@type\":\"PropertyValueSpecification\",\"valueRequired\":true,\"valueName\":\"search_term_string\"}}],\"inLanguage\":\"az\"},{\"@type\":\"Organization\",\"@id\":\"https:\\\/\\\/www.meydan.tv\\\/az\\\/#organization\",\"name\":\"Meydan TV\",\"url\":\"https:\\\/\\\/www.meydan.tv\\\/az\\\/\",\"logo\":{\"@type\":\"ImageObject\",\"inLanguage\":\"az\",\"@id\":\"https:\\\/\\\/www.meydan.tv\\\/az\\\/#\\\/schema\\\/logo\\\/image\\\/\",\"url\":\"https:\\\/\\\/www.meydan.tv\\\/wp-content\\\/uploads\\\/2021\\\/07\\\/meydan-logo.svg\",\"contentUrl\":\"https:\\\/\\\/www.meydan.tv\\\/wp-content\\\/uploads\\\/2021\\\/07\\\/meydan-logo.svg\",\"width\":195,\"height\":46,\"caption\":\"Meydan TV\"},\"image\":{\"@id\":\"https:\\\/\\\/www.meydan.tv\\\/az\\\/#\\\/schema\\\/logo\\\/image\\\/\"}},{\"@type\":\"Person\",\"@id\":\"https:\\\/\\\/www.meydan.tv\\\/az\\\/#\\\/schema\\\/person\\\/476e9360e593fa131d5d71d51866f8da\",\"name\":\"aleks\"}]}<\/script>\n<!-- \/ Yoast SEO plugin. -->","yoast_head_json":{"title":"\u018fliyevin t\u0259yyar\u0259si Sankt-Peterburq \u00fcz\u0259rind\u0259n geri qay\u0131d\u0131b? - MEYDAN.TV","robots":{"index":"index","follow":"follow","max-snippet":"max-snippet:-1","max-image-preview":"max-image-preview:large","max-video-preview":"max-video-preview:-1"},"canonical":"https:\/\/www.meydan.tv\/az\/article\/eliyevin-t%c9%99yyar%c9%99si-sankt-peterburq-uz%c9%99rind%c9%99n-geri-qayidib\/","og_locale":"az_AZ","og_type":"article","og_title":"\u018fliyevin t\u0259yyar\u0259si Sankt-Peterburq \u00fcz\u0259rind\u0259n geri qay\u0131d\u0131b? - MEYDAN.TV","og_description":"Az\u0259rbaycan &#8211; Rusiya m\u00fcnasib\u0259tl\u0259ri &#8211; n\u0259 ba\u015f verir? Az\u0259rbaycanl\u0131lar\u0131n Rusiyadan ... Davam\u0131","og_url":"https:\/\/www.meydan.tv\/az\/article\/eliyevin-t%c9%99yyar%c9%99si-sankt-peterburq-uz%c9%99rind%c9%99n-geri-qayidib\/","og_site_name":"MEYDAN.TV","article_published_time":"2025-07-04T10:13:16+00:00","article_modified_time":"2025-07-04T10:13:19+00:00","og_image":[{"width":1891,"height":1292,"url":"https:\/\/www.meydan.tv\/wp-content\/uploads\/1735117100_0001.jpg","type":"image\/jpeg"}],"author":"aleks","twitter_card":"summary_large_image","schema":{"@context":"https:\/\/schema.org","@graph":[{"@type":"Article","@id":"https:\/\/www.meydan.tv\/az\/article\/eliyevin-t%c9%99yyar%c9%99si-sankt-peterburq-uz%c9%99rind%c9%99n-geri-qayidib\/#article","isPartOf":{"@id":"https:\/\/www.meydan.tv\/az\/article\/eliyevin-t%c9%99yyar%c9%99si-sankt-peterburq-uz%c9%99rind%c9%99n-geri-qayidib\/"},"author":{"name":"aleks","@id":"https:\/\/www.meydan.tv\/az\/#\/schema\/person\/476e9360e593fa131d5d71d51866f8da"},"headline":"\u018fliyevin t\u0259yyar\u0259si Sankt-Peterburq \u00fcz\u0259rind\u0259n geri qay\u0131d\u0131b?","datePublished":"2025-07-04T10:13:16+00:00","dateModified":"2025-07-04T10:13:19+00:00","mainEntityOfPage":{"@id":"https:\/\/www.meydan.tv\/az\/article\/eliyevin-t%c9%99yyar%c9%99si-sankt-peterburq-uz%c9%99rind%c9%99n-geri-qayidib\/"},"wordCount":1210,"publisher":{"@id":"https:\/\/www.meydan.tv\/az\/#organization"},"image":{"@id":"https:\/\/www.meydan.tv\/az\/article\/eliyevin-t%c9%99yyar%c9%99si-sankt-peterburq-uz%c9%99rind%c9%99n-geri-qayidib\/#primaryimage"},"thumbnailUrl":"https:\/\/www.meydan.tv\/wp-content\/uploads\/1735117100_0001.jpg","articleSection":["Siyas\u0259t","T\u00f6vsiy\u0259","Video","X\u0259b\u0259rl\u0259r"],"inLanguage":"az"},{"@type":"WebPage","@id":"https:\/\/www.meydan.tv\/az\/article\/eliyevin-t%c9%99yyar%c9%99si-sankt-peterburq-uz%c9%99rind%c9%99n-geri-qayidib\/","url":"https:\/\/www.meydan.tv\/az\/article\/eliyevin-t%c9%99yyar%c9%99si-sankt-peterburq-uz%c9%99rind%c9%99n-geri-qayidib\/","name":"\u018fliyevin t\u0259yyar\u0259si Sankt-Peterburq \u00fcz\u0259rind\u0259n geri qay\u0131d\u0131b? - MEYDAN.TV","isPartOf":{"@id":"https:\/\/www.meydan.tv\/az\/#website"},"primaryImageOfPage":{"@id":"https:\/\/www.meydan.tv\/az\/article\/eliyevin-t%c9%99yyar%c9%99si-sankt-peterburq-uz%c9%99rind%c9%99n-geri-qayidib\/#primaryimage"},"image":{"@id":"https:\/\/www.meydan.tv\/az\/article\/eliyevin-t%c9%99yyar%c9%99si-sankt-peterburq-uz%c9%99rind%c9%99n-geri-qayidib\/#primaryimage"},"thumbnailUrl":"https:\/\/www.meydan.tv\/wp-content\/uploads\/1735117100_0001.jpg","datePublished":"2025-07-04T10:13:16+00:00","dateModified":"2025-07-04T10:13:19+00:00","breadcrumb":{"@id":"https:\/\/www.meydan.tv\/az\/article\/eliyevin-t%c9%99yyar%c9%99si-sankt-peterburq-uz%c9%99rind%c9%99n-geri-qayidib\/#breadcrumb"},"inLanguage":"az","potentialAction":[{"@type":"ReadAction","target":["https:\/\/www.meydan.tv\/az\/article\/eliyevin-t%c9%99yyar%c9%99si-sankt-peterburq-uz%c9%99rind%c9%99n-geri-qayidib\/"]}]},{"@type":"ImageObject","inLanguage":"az","@id":"https:\/\/www.meydan.tv\/az\/article\/eliyevin-t%c9%99yyar%c9%99si-sankt-peterburq-uz%c9%99rind%c9%99n-geri-qayidib\/#primaryimage","url":"https:\/\/www.meydan.tv\/wp-content\/uploads\/1735117100_0001.jpg","contentUrl":"https:\/\/www.meydan.tv\/wp-content\/uploads\/1735117100_0001.jpg","width":1891,"height":1292},{"@type":"BreadcrumbList","@id":"https:\/\/www.meydan.tv\/az\/article\/eliyevin-t%c9%99yyar%c9%99si-sankt-peterburq-uz%c9%99rind%c9%99n-geri-qayidib\/#breadcrumb","itemListElement":[{"@type":"ListItem","position":1,"name":"Ana s\u0259hif\u0259","item":"https:\/\/www.meydan.tv\/az\/"},{"@type":"ListItem","position":2,"name":"T\u00f6vsiy\u0259","item":"https:\/\/www.meydan.tv\/az\/section\/featured\/"},{"@type":"ListItem","position":3,"name":"\u018fliyevin t\u0259yyar\u0259si Sankt-Peterburq \u00fcz\u0259rind\u0259n geri qay\u0131d\u0131b?"}]},{"@type":"WebSite","@id":"https:\/\/www.meydan.tv\/az\/#website","url":"https:\/\/www.meydan.tv\/az\/","name":"MEYDAN.TV","description":"Meydan TV Az\u0259rbaycan\u0131n media m\u0259kan\u0131ndak\u0131 alternativ s\u0259sidir","publisher":{"@id":"https:\/\/www.meydan.tv\/az\/#organization"},"potentialAction":[{"@type":"SearchAction","target":{"@type":"EntryPoint","urlTemplate":"https:\/\/www.meydan.tv\/az\/?s={search_term_string}"},"query-input":{"@type":"PropertyValueSpecification","valueRequired":true,"valueName":"search_term_string"}}],"inLanguage":"az"},{"@type":"Organization","@id":"https:\/\/www.meydan.tv\/az\/#organization","name":"Meydan TV","url":"https:\/\/www.meydan.tv\/az\/","logo":{"@type":"ImageObject","inLanguage":"az","@id":"https:\/\/www.meydan.tv\/az\/#\/schema\/logo\/image\/","url":"https:\/\/www.meydan.tv\/wp-content\/uploads\/2021\/07\/meydan-logo.svg","contentUrl":"https:\/\/www.meydan.tv\/wp-content\/uploads\/2021\/07\/meydan-logo.svg","width":195,"height":46,"caption":"Meydan TV"},"image":{"@id":"https:\/\/www.meydan.tv\/az\/#\/schema\/logo\/image\/"}},{"@type":"Person","@id":"https:\/\/www.meydan.tv\/az\/#\/schema\/person\/476e9360e593fa131d5d71d51866f8da","name":"aleks"}]}},"_links":{"self":[{"href":"https:\/\/www.meydan.tv\/az\/wp-json\/wp\/v2\/posts\/332727","targetHints":{"allow":["GET"]}}],"collection":[{"href":"https:\/\/www.meydan.tv\/az\/wp-json\/wp\/v2\/posts"}],"about":[{"href":"https:\/\/www.meydan.tv\/az\/wp-json\/wp\/v2\/types\/post"}],"author":[{"embeddable":true,"href":"https:\/\/www.meydan.tv\/az\/wp-json\/wp\/v2\/users\/12"}],"replies":[{"embeddable":true,"href":"https:\/\/www.meydan.tv\/az\/wp-json\/wp\/v2\/comments?post=332727"}],"version-history":[{"count":1,"href":"https:\/\/www.meydan.tv\/az\/wp-json\/wp\/v2\/posts\/332727\/revisions"}],"predecessor-version":[{"id":332733,"href":"https:\/\/www.meydan.tv\/az\/wp-json\/wp\/v2\/posts\/332727\/revisions\/332733"}],"wp:featuredmedia":[{"embeddable":true,"href":"https:\/\/www.meydan.tv\/az\/wp-json\/wp\/v2\/media\/332728"}],"wp:attachment":[{"href":"https:\/\/www.meydan.tv\/az\/wp-json\/wp\/v2\/media?parent=332727"}],"wp:term":[{"taxonomy":"category","embeddable":true,"href":"https:\/\/www.meydan.tv\/az\/wp-json\/wp\/v2\/categories?post=332727"},{"taxonomy":"post_tag","embeddable":true,"href":"https:\/\/www.meydan.tv\/az\/wp-json\/wp\/v2\/tags?post=332727"}],"curies":[{"name":"wp","href":"https:\/\/api.w.org\/{rel}","templated":true}]}}