{"id":332725,"date":"2025-07-04T13:25:22","date_gmt":"2025-07-04T09:25:22","guid":{"rendered":"https:\/\/www.meydan.tv\/?p=332725"},"modified":"2025-07-04T13:25:26","modified_gmt":"2025-07-04T09:25:26","slug":"rusiyada-az%c9%99rbaycanlilarin-h%c9%99bsi-davam-edir","status":"publish","type":"post","link":"https:\/\/www.meydan.tv\/az\/article\/rusiyada-az%c9%99rbaycanlilarin-h%c9%99bsi-davam-edir\/","title":{"rendered":"Rusiyada az\u0259rbaycanl\u0131lar\u0131n h\u0259bsi davam edir"},"content":{"rendered":"\n<p><\/p>\n\n\n\n<p><strong><em>Vaqif Bak\u0131nski v\u0259 Zaur ad\u0131 il\u0259 tan\u0131nan kriminal avtoritetl\u0259rin saxlan\u0131ld\u0131\u011f\u0131 deyilir<\/em><\/strong><\/p>\n\n\n\n<p>Moskvada h\u00fcquq-m\u00fchafiz\u0259 orqanlar\u0131n\u0131n \u0259m\u0259kda\u015flar\u0131 az\u0259rbaycanl\u0131, \u201cVaqif Bak\u0131nski\u201d v\u0259 \u201cDiplomat\u201d l\u0259q\u0259bl\u0259ri il\u0259 tan\u0131nan Vaqif S\u00fcleymanovu saxlay\u0131blar.<\/p>\n\n\n\n<p>Bu bar\u0259d\u0259 \u201cKommersant\u201d <a href=\"https:\/\/www.kommersant.ru\/doc\/7855458?\" target=\"_blank\" rel=\"noreferrer noopener\">m\u0259lumat <\/a>yay\u0131b.<\/p>\n\n\n\n<p>S\u00fcleymanovun saxlanmas\u0131na s\u0259b\u0259b kimi onun Rusiyada qalma qaydalar\u0131n\u0131 pozmas\u0131 g\u00f6st\u0259rilib.<\/p>\n\n\n\n<p>O, daha sonra deportasiya \u00fc\u00e7\u00fcn Moskva Ba\u015f Polis \u0130dar\u0259sinin \u0259cn\u0259bil\u0259rin m\u00fcv\u0259qq\u0259ti saxlanma m\u0259rk\u0259zin\u0259 (\u201cSaxarovo\u201d) g\u00f6nd\u0259rilib.<\/p>\n\n\n\n<p>Rusiyal\u0131 g\u00fcc strukturlar\u0131na yax\u0131n olan \u201cV\u00c7K-OGPU\u201d v\u0259 \u201c112\u201d \u201eTelegram\u201c kanallar\u0131 S\u00fcleymanovun saxlan\u0131lmas\u0131 an\u0131n\u0131n <a href=\"https:\/\/t.me\/rucriminalinfo\/2857\" target=\"_blank\" rel=\"noreferrer noopener\">g\u00f6r\u00fcnt\u00fcl\u0259rini <\/a>yay\u0131blar.<\/p>\n\n\n\n<p>Kadrlarda x\u00fcsusi t\u0259yinatl\u0131 polis d\u0259st\u0259sinin \u0259m\u0259kda\u015f\u0131n\u0131n onu yer\u0259 y\u0131xd\u0131\u011f\u0131 g\u00f6r\u00fcn\u00fcr. Yerd\u0259 uzanan adam \u00f6z\u00fcn\u00fc Vaqif S\u00fcleymanov kimi t\u0259qdim edir. \u201cCinay\u0259t avtoritetis\u0259n? O\u011frusan? S\u0259n o\u011frusan?\u201d, &#8211; dey\u0259 ondan soru\u015fur. \u201cBu c\u00fcr suallara cavab vermir\u0259m\u201d, &#8211; dey\u0259 S\u00fcleymanov cavab verir.<\/p>\n\n\n\n<p>Vaqif S\u00fcleymanovun Moskvada bir s\u0131ra biznes layih\u0259l\u0259ri, o c\u00fcml\u0259d\u0259n milyarder Qod Nisanova m\u0259xsus \u201cFood City\u201d kompleksi il\u0259 \u0259laq\u0259li oldu\u011fu bildirilir.<\/p>\n\n\n\n<p>S\u00fcleymanov 1965-ci ild\u0259 Tbilisid\u0259 do\u011fulub, Bak\u0131da ya\u015fay\u0131b, 1990-c\u0131 ill\u0259rd\u0259 is\u0259 Rusiyaya k\u00f6\u00e7\u00fcb.<\/p>\n\n\n\n<p>\u201cPrime Crime\u201d sayt\u0131n\u0131n m\u0259lumat\u0131na g\u00f6r\u0259, o, d\u0259f\u0259l\u0259rl\u0259 o\u011furluq v\u0259 narkotikl\u0259rin saxlanmas\u0131 il\u0259 ba\u011fl\u0131 madd\u0259l\u0259rl\u0259 m\u0259hkum olunub.<\/p>\n\n\n\n<p>S\u00fcleymanovu 2013-c\u00fc ild\u0259 \u00f6ld\u00fcr\u00fclm\u00fc\u015f \u201cqanuni o\u011fru\u201d Aslan Usoyan\u0131n (Ded H\u0259s\u0259n) yax\u0131n \u00e7evr\u0259sin\u0259 daxil olan \u015f\u0259xs hesab edirdil\u0259r.<\/p>\n\n\n\n<p>\u201eBaza\u201d \u00a0\u201eTelegram\u201c kanal\u0131 <a href=\"https:\/\/t.me\/bazabazon\/38874\" target=\"_blank\" rel=\"noreferrer noopener\">bildirir<\/a> ki, Orenburqda da Az\u0259rbaycandan olan daha bir kriminal avtoritet-\u00a0 Zaur adl\u0131 \u015f\u0259xs saxlan\u0131l\u0131b. Onun cinay\u0259t al\u0259mind\u0259 y\u00fcks\u0259k m\u00f6vqe tutmaqda ittiham olundu\u011fu deyilir. \u201c112\u201d \u201eTelegram\u201c kanal\u0131 yaz\u0131r ki, onu Rusiyada m\u0259hk\u0259m\u0259y\u0259 verm\u0259y\u0259 haz\u0131rla\u015f\u0131rlar.<\/p>\n\n\n\n<p>\u0130yunun 27-d\u0259 Yekaterinburqda 2001-ci ild\u0259 ba\u015f vermi\u015f q\u0259tll\u0259 ba\u011fl\u0131 i\u015f \u00fczr\u0259 k\u00fctl\u0259vi h\u0259bsl\u0259r apar\u0131l\u0131b.<\/p>\n\n\n\n<p>Saxlan\u0131lanlardan iki n\u0259f\u0259r az\u0259rbaycanl\u0131 qarda\u015flar H\u00fcseyn v\u0259 Ziy\u0259ddin S\u0259f\u0259rovlar h\u0259yat\u0131n\u0131 itirib.<\/p>\n\n\n\n<p>Onlar\u0131n c\u0259s\u0259dl\u0259rind\u0259 d\u00f6y\u00fclm\u0259 v\u0259 i\u015fg\u0259nc\u0259 izl\u0259ri a\u015fkarland\u0131\u011f\u0131 bildirilir. Rusiya h\u00fcquq-m\u00fchafiz\u0259 orqanlar\u0131n\u0131n bu h\u0259r\u0259k\u0259tl\u0259rin\u0259 cavab olaraq Az\u0259rbaycan hakimiyy\u0259ti Bak\u0131da 7 n\u0259f\u0259r Rusiya v\u0259t\u0259nda\u015f\u0131n\u0131 saxlay\u0131b.<\/p>\n\n\n\n<p>H\u0259bs olunanlara qar\u015f\u0131 Az\u0259rbaycan Cinay\u0259t M\u0259c\u0259ll\u0259sinin d\u0259l\u0259duzluq, qanunsuz sahibkarl\u0131q, k\u00fclli miqdarda g\u0259lir \u0259ld\u0259 etm\u0259 kimi m\u00fcxt\u0259lif madd\u0259l\u0259r i<a href=\"https:\/\/storage.googleapis.com\/qurium\/www.meydan.tv\/az-article-az%c9%99rbaycan-polisi-rusiyalilarin-evl%c9%99rind%c9%99-yoxlamalar-aparir.html\">r\u0259li s\u00fcr\u00fcl\u00fcb<\/a>.<\/p>\n\n\n\n<p>Rusiya m\u0259tbuat\u0131 is\u0259 <a href=\"https:\/\/storage.googleapis.com\/qurium\/www.meydan.tv\/az-article-az%c9%99rbaycanda-h%c9%99bs-olunan-rusiya-v%c9%99t%c9%99ndaslari-kiml%c9%99rdir.html\">yaz\u0131b<\/a> ki, onlar\u0131n say\u0131 10 n\u0259f\u0259rdir v\u0259 aralar\u0131nda turist v\u0259 i\u015f adamlar\u0131 da var.<\/p>\n\n\n\n<p>T\u0259r\u0259fl\u0259r ba\u015f ver\u0259nl\u0259rl\u0259 \u0259laq\u0259dar bir-birin\u0259 qar\u015f\u0131l\u0131ql\u0131 nota veribl\u0259r.<\/p>\n","protected":false},"excerpt":{"rendered":"<p>Vaqif Bak\u0131nski v\u0259 Zaur ad\u0131 il\u0259 tan\u0131nan kriminal avtoritetl\u0259rin saxlan\u0131ld\u0131\u011f\u0131 &#8230; <\/p>\n<p class=\"read-more-container\"><a title=\"Rusiyada az\u0259rbaycanl\u0131lar\u0131n h\u0259bsi davam edir\" class=\"read-more button\" href=\"https:\/\/www.meydan.tv\/az\/article\/rusiyada-az%c9%99rbaycanlilarin-h%c9%99bsi-davam-edir\/#more-332725\" aria-label=\"Read more about Rusiyada az\u0259rbaycanl\u0131lar\u0131n h\u0259bsi davam edir\">Davam\u0131<\/a><\/p>\n","protected":false},"author":21,"featured_media":328071,"comment_status":"closed","ping_status":"closed","sticky":false,"template":"","format":"standard","meta":{"_acf_changed":false,"_sitemap_exclude":false,"_sitemap_priority":"","_sitemap_frequency":"","footnotes":""},"categories":[59,56],"tags":[],"class_list":["post-332725","post","type-post","status-publish","format-standard","has-post-thumbnail","hentry","category-siyaset","category-xeberler","infinite-scroll-item","generate-columns","tablet-grid-50","mobile-grid-100","grid-parent","grid-33","no-featured-image-padding"],"acf":[],"yoast_head":"<!-- This site is optimized with the Yoast SEO plugin v27.4 - https:\/\/yoast.com\/product\/yoast-seo-wordpress\/ -->\n<title>Rusiyada az\u0259rbaycanl\u0131lar\u0131n h\u0259bsi davam edir - MEYDAN.TV<\/title>\n<meta name=\"robots\" content=\"index, follow, max-snippet:-1, max-image-preview:large, max-video-preview:-1\" \/>\n<link rel=\"canonical\" href=\"https:\/\/www.meydan.tv\/az\/article\/rusiyada-az%c9%99rbaycanlilarin-h%c9%99bsi-davam-edir\/\" \/>\n<meta property=\"og:locale\" content=\"az_AZ\" \/>\n<meta property=\"og:type\" content=\"article\" \/>\n<meta property=\"og:title\" content=\"Rusiyada az\u0259rbaycanl\u0131lar\u0131n h\u0259bsi davam edir - MEYDAN.TV\" \/>\n<meta property=\"og:description\" content=\"Vaqif Bak\u0131nski v\u0259 Zaur ad\u0131 il\u0259 tan\u0131nan kriminal avtoritetl\u0259rin saxlan\u0131ld\u0131\u011f\u0131 ... Davam\u0131\" \/>\n<meta property=\"og:url\" content=\"https:\/\/www.meydan.tv\/az\/article\/rusiyada-az%c9%99rbaycanlilarin-h%c9%99bsi-davam-edir\/\" \/>\n<meta property=\"og:site_name\" content=\"MEYDAN.TV\" \/>\n<meta property=\"article:published_time\" content=\"2025-07-04T09:25:22+00:00\" \/>\n<meta property=\"article:modified_time\" content=\"2025-07-04T09:25:26+00:00\" \/>\n<meta property=\"og:image\" content=\"https:\/\/www.meydan.tv\/wp-content\/uploads\/0245.png\" \/>\n\t<meta property=\"og:image:width\" content=\"1179\" \/>\n\t<meta property=\"og:image:height\" content=\"576\" \/>\n\t<meta property=\"og:image:type\" content=\"image\/png\" \/>\n<meta name=\"author\" content=\"mahmud\" \/>\n<meta name=\"twitter:card\" content=\"summary_large_image\" \/>\n<script type=\"application\/ld+json\" class=\"yoast-schema-graph\">{\"@context\":\"https:\\\/\\\/schema.org\",\"@graph\":[{\"@type\":\"Article\",\"@id\":\"https:\\\/\\\/www.meydan.tv\\\/az\\\/article\\\/rusiyada-az%c9%99rbaycanlilarin-h%c9%99bsi-davam-edir\\\/#article\",\"isPartOf\":{\"@id\":\"https:\\\/\\\/www.meydan.tv\\\/az\\\/article\\\/rusiyada-az%c9%99rbaycanlilarin-h%c9%99bsi-davam-edir\\\/\"},\"author\":{\"name\":\"mahmud\",\"@id\":\"https:\\\/\\\/www.meydan.tv\\\/az\\\/#\\\/schema\\\/person\\\/09863e516102a829e72bedcf3f84c6b0\"},\"headline\":\"Rusiyada az\u0259rbaycanl\u0131lar\u0131n h\u0259bsi davam edir\",\"datePublished\":\"2025-07-04T09:25:22+00:00\",\"dateModified\":\"2025-07-04T09:25:26+00:00\",\"mainEntityOfPage\":{\"@id\":\"https:\\\/\\\/www.meydan.tv\\\/az\\\/article\\\/rusiyada-az%c9%99rbaycanlilarin-h%c9%99bsi-davam-edir\\\/\"},\"wordCount\":518,\"publisher\":{\"@id\":\"https:\\\/\\\/www.meydan.tv\\\/az\\\/#organization\"},\"image\":{\"@id\":\"https:\\\/\\\/www.meydan.tv\\\/az\\\/article\\\/rusiyada-az%c9%99rbaycanlilarin-h%c9%99bsi-davam-edir\\\/#primaryimage\"},\"thumbnailUrl\":\"https:\\\/\\\/www.meydan.tv\\\/wp-content\\\/uploads\\\/0245.png\",\"articleSection\":[\"Siyas\u0259t\",\"X\u0259b\u0259rl\u0259r\"],\"inLanguage\":\"az\"},{\"@type\":\"WebPage\",\"@id\":\"https:\\\/\\\/www.meydan.tv\\\/az\\\/article\\\/rusiyada-az%c9%99rbaycanlilarin-h%c9%99bsi-davam-edir\\\/\",\"url\":\"https:\\\/\\\/www.meydan.tv\\\/az\\\/article\\\/rusiyada-az%c9%99rbaycanlilarin-h%c9%99bsi-davam-edir\\\/\",\"name\":\"Rusiyada az\u0259rbaycanl\u0131lar\u0131n h\u0259bsi davam edir - MEYDAN.TV\",\"isPartOf\":{\"@id\":\"https:\\\/\\\/www.meydan.tv\\\/az\\\/#website\"},\"primaryImageOfPage\":{\"@id\":\"https:\\\/\\\/www.meydan.tv\\\/az\\\/article\\\/rusiyada-az%c9%99rbaycanlilarin-h%c9%99bsi-davam-edir\\\/#primaryimage\"},\"image\":{\"@id\":\"https:\\\/\\\/www.meydan.tv\\\/az\\\/article\\\/rusiyada-az%c9%99rbaycanlilarin-h%c9%99bsi-davam-edir\\\/#primaryimage\"},\"thumbnailUrl\":\"https:\\\/\\\/www.meydan.tv\\\/wp-content\\\/uploads\\\/0245.png\",\"datePublished\":\"2025-07-04T09:25:22+00:00\",\"dateModified\":\"2025-07-04T09:25:26+00:00\",\"breadcrumb\":{\"@id\":\"https:\\\/\\\/www.meydan.tv\\\/az\\\/article\\\/rusiyada-az%c9%99rbaycanlilarin-h%c9%99bsi-davam-edir\\\/#breadcrumb\"},\"inLanguage\":\"az\",\"potentialAction\":[{\"@type\":\"ReadAction\",\"target\":[\"https:\\\/\\\/www.meydan.tv\\\/az\\\/article\\\/rusiyada-az%c9%99rbaycanlilarin-h%c9%99bsi-davam-edir\\\/\"]}]},{\"@type\":\"ImageObject\",\"inLanguage\":\"az\",\"@id\":\"https:\\\/\\\/www.meydan.tv\\\/az\\\/article\\\/rusiyada-az%c9%99rbaycanlilarin-h%c9%99bsi-davam-edir\\\/#primaryimage\",\"url\":\"https:\\\/\\\/www.meydan.tv\\\/wp-content\\\/uploads\\\/0245.png\",\"contentUrl\":\"https:\\\/\\\/www.meydan.tv\\\/wp-content\\\/uploads\\\/0245.png\",\"width\":1179,\"height\":576,\"caption\":\"H\u0259bs - Foto: Leonardo.ai\"},{\"@type\":\"BreadcrumbList\",\"@id\":\"https:\\\/\\\/www.meydan.tv\\\/az\\\/article\\\/rusiyada-az%c9%99rbaycanlilarin-h%c9%99bsi-davam-edir\\\/#breadcrumb\",\"itemListElement\":[{\"@type\":\"ListItem\",\"position\":1,\"name\":\"Ana s\u0259hif\u0259\",\"item\":\"https:\\\/\\\/www.meydan.tv\\\/az\\\/\"},{\"@type\":\"ListItem\",\"position\":2,\"name\":\"Siyas\u0259t\",\"item\":\"https:\\\/\\\/www.meydan.tv\\\/az\\\/section\\\/siyaset\\\/\"},{\"@type\":\"ListItem\",\"position\":3,\"name\":\"Rusiyada az\u0259rbaycanl\u0131lar\u0131n h\u0259bsi davam edir\"}]},{\"@type\":\"WebSite\",\"@id\":\"https:\\\/\\\/www.meydan.tv\\\/az\\\/#website\",\"url\":\"https:\\\/\\\/www.meydan.tv\\\/az\\\/\",\"name\":\"MEYDAN.TV\",\"description\":\"Meydan TV Az\u0259rbaycan\u0131n media m\u0259kan\u0131ndak\u0131 alternativ s\u0259sidir\",\"publisher\":{\"@id\":\"https:\\\/\\\/www.meydan.tv\\\/az\\\/#organization\"},\"potentialAction\":[{\"@type\":\"SearchAction\",\"target\":{\"@type\":\"EntryPoint\",\"urlTemplate\":\"https:\\\/\\\/www.meydan.tv\\\/az\\\/?s={search_term_string}\"},\"query-input\":{\"@type\":\"PropertyValueSpecification\",\"valueRequired\":true,\"valueName\":\"search_term_string\"}}],\"inLanguage\":\"az\"},{\"@type\":\"Organization\",\"@id\":\"https:\\\/\\\/www.meydan.tv\\\/az\\\/#organization\",\"name\":\"Meydan TV\",\"url\":\"https:\\\/\\\/www.meydan.tv\\\/az\\\/\",\"logo\":{\"@type\":\"ImageObject\",\"inLanguage\":\"az\",\"@id\":\"https:\\\/\\\/www.meydan.tv\\\/az\\\/#\\\/schema\\\/logo\\\/image\\\/\",\"url\":\"https:\\\/\\\/www.meydan.tv\\\/wp-content\\\/uploads\\\/2021\\\/07\\\/meydan-logo.svg\",\"contentUrl\":\"https:\\\/\\\/www.meydan.tv\\\/wp-content\\\/uploads\\\/2021\\\/07\\\/meydan-logo.svg\",\"width\":195,\"height\":46,\"caption\":\"Meydan TV\"},\"image\":{\"@id\":\"https:\\\/\\\/www.meydan.tv\\\/az\\\/#\\\/schema\\\/logo\\\/image\\\/\"}},{\"@type\":\"Person\",\"@id\":\"https:\\\/\\\/www.meydan.tv\\\/az\\\/#\\\/schema\\\/person\\\/09863e516102a829e72bedcf3f84c6b0\",\"name\":\"mahmud\"}]}<\/script>\n<!-- \/ Yoast SEO plugin. -->","yoast_head_json":{"title":"Rusiyada az\u0259rbaycanl\u0131lar\u0131n h\u0259bsi davam edir - MEYDAN.TV","robots":{"index":"index","follow":"follow","max-snippet":"max-snippet:-1","max-image-preview":"max-image-preview:large","max-video-preview":"max-video-preview:-1"},"canonical":"https:\/\/www.meydan.tv\/az\/article\/rusiyada-az%c9%99rbaycanlilarin-h%c9%99bsi-davam-edir\/","og_locale":"az_AZ","og_type":"article","og_title":"Rusiyada az\u0259rbaycanl\u0131lar\u0131n h\u0259bsi davam edir - MEYDAN.TV","og_description":"Vaqif Bak\u0131nski v\u0259 Zaur ad\u0131 il\u0259 tan\u0131nan kriminal avtoritetl\u0259rin saxlan\u0131ld\u0131\u011f\u0131 ... Davam\u0131","og_url":"https:\/\/www.meydan.tv\/az\/article\/rusiyada-az%c9%99rbaycanlilarin-h%c9%99bsi-davam-edir\/","og_site_name":"MEYDAN.TV","article_published_time":"2025-07-04T09:25:22+00:00","article_modified_time":"2025-07-04T09:25:26+00:00","og_image":[{"width":1179,"height":576,"url":"https:\/\/www.meydan.tv\/wp-content\/uploads\/0245.png","type":"image\/png"}],"author":"mahmud","twitter_card":"summary_large_image","schema":{"@context":"https:\/\/schema.org","@graph":[{"@type":"Article","@id":"https:\/\/www.meydan.tv\/az\/article\/rusiyada-az%c9%99rbaycanlilarin-h%c9%99bsi-davam-edir\/#article","isPartOf":{"@id":"https:\/\/www.meydan.tv\/az\/article\/rusiyada-az%c9%99rbaycanlilarin-h%c9%99bsi-davam-edir\/"},"author":{"name":"mahmud","@id":"https:\/\/www.meydan.tv\/az\/#\/schema\/person\/09863e516102a829e72bedcf3f84c6b0"},"headline":"Rusiyada az\u0259rbaycanl\u0131lar\u0131n h\u0259bsi davam edir","datePublished":"2025-07-04T09:25:22+00:00","dateModified":"2025-07-04T09:25:26+00:00","mainEntityOfPage":{"@id":"https:\/\/www.meydan.tv\/az\/article\/rusiyada-az%c9%99rbaycanlilarin-h%c9%99bsi-davam-edir\/"},"wordCount":518,"publisher":{"@id":"https:\/\/www.meydan.tv\/az\/#organization"},"image":{"@id":"https:\/\/www.meydan.tv\/az\/article\/rusiyada-az%c9%99rbaycanlilarin-h%c9%99bsi-davam-edir\/#primaryimage"},"thumbnailUrl":"https:\/\/www.meydan.tv\/wp-content\/uploads\/0245.png","articleSection":["Siyas\u0259t","X\u0259b\u0259rl\u0259r"],"inLanguage":"az"},{"@type":"WebPage","@id":"https:\/\/www.meydan.tv\/az\/article\/rusiyada-az%c9%99rbaycanlilarin-h%c9%99bsi-davam-edir\/","url":"https:\/\/www.meydan.tv\/az\/article\/rusiyada-az%c9%99rbaycanlilarin-h%c9%99bsi-davam-edir\/","name":"Rusiyada az\u0259rbaycanl\u0131lar\u0131n h\u0259bsi davam edir - MEYDAN.TV","isPartOf":{"@id":"https:\/\/www.meydan.tv\/az\/#website"},"primaryImageOfPage":{"@id":"https:\/\/www.meydan.tv\/az\/article\/rusiyada-az%c9%99rbaycanlilarin-h%c9%99bsi-davam-edir\/#primaryimage"},"image":{"@id":"https:\/\/www.meydan.tv\/az\/article\/rusiyada-az%c9%99rbaycanlilarin-h%c9%99bsi-davam-edir\/#primaryimage"},"thumbnailUrl":"https:\/\/www.meydan.tv\/wp-content\/uploads\/0245.png","datePublished":"2025-07-04T09:25:22+00:00","dateModified":"2025-07-04T09:25:26+00:00","breadcrumb":{"@id":"https:\/\/www.meydan.tv\/az\/article\/rusiyada-az%c9%99rbaycanlilarin-h%c9%99bsi-davam-edir\/#breadcrumb"},"inLanguage":"az","potentialAction":[{"@type":"ReadAction","target":["https:\/\/www.meydan.tv\/az\/article\/rusiyada-az%c9%99rbaycanlilarin-h%c9%99bsi-davam-edir\/"]}]},{"@type":"ImageObject","inLanguage":"az","@id":"https:\/\/www.meydan.tv\/az\/article\/rusiyada-az%c9%99rbaycanlilarin-h%c9%99bsi-davam-edir\/#primaryimage","url":"https:\/\/www.meydan.tv\/wp-content\/uploads\/0245.png","contentUrl":"https:\/\/www.meydan.tv\/wp-content\/uploads\/0245.png","width":1179,"height":576,"caption":"H\u0259bs - Foto: Leonardo.ai"},{"@type":"BreadcrumbList","@id":"https:\/\/www.meydan.tv\/az\/article\/rusiyada-az%c9%99rbaycanlilarin-h%c9%99bsi-davam-edir\/#breadcrumb","itemListElement":[{"@type":"ListItem","position":1,"name":"Ana s\u0259hif\u0259","item":"https:\/\/www.meydan.tv\/az\/"},{"@type":"ListItem","position":2,"name":"Siyas\u0259t","item":"https:\/\/www.meydan.tv\/az\/section\/siyaset\/"},{"@type":"ListItem","position":3,"name":"Rusiyada az\u0259rbaycanl\u0131lar\u0131n h\u0259bsi davam edir"}]},{"@type":"WebSite","@id":"https:\/\/www.meydan.tv\/az\/#website","url":"https:\/\/www.meydan.tv\/az\/","name":"MEYDAN.TV","description":"Meydan TV Az\u0259rbaycan\u0131n media m\u0259kan\u0131ndak\u0131 alternativ s\u0259sidir","publisher":{"@id":"https:\/\/www.meydan.tv\/az\/#organization"},"potentialAction":[{"@type":"SearchAction","target":{"@type":"EntryPoint","urlTemplate":"https:\/\/www.meydan.tv\/az\/?s={search_term_string}"},"query-input":{"@type":"PropertyValueSpecification","valueRequired":true,"valueName":"search_term_string"}}],"inLanguage":"az"},{"@type":"Organization","@id":"https:\/\/www.meydan.tv\/az\/#organization","name":"Meydan TV","url":"https:\/\/www.meydan.tv\/az\/","logo":{"@type":"ImageObject","inLanguage":"az","@id":"https:\/\/www.meydan.tv\/az\/#\/schema\/logo\/image\/","url":"https:\/\/www.meydan.tv\/wp-content\/uploads\/2021\/07\/meydan-logo.svg","contentUrl":"https:\/\/www.meydan.tv\/wp-content\/uploads\/2021\/07\/meydan-logo.svg","width":195,"height":46,"caption":"Meydan TV"},"image":{"@id":"https:\/\/www.meydan.tv\/az\/#\/schema\/logo\/image\/"}},{"@type":"Person","@id":"https:\/\/www.meydan.tv\/az\/#\/schema\/person\/09863e516102a829e72bedcf3f84c6b0","name":"mahmud"}]}},"_links":{"self":[{"href":"https:\/\/www.meydan.tv\/az\/wp-json\/wp\/v2\/posts\/332725","targetHints":{"allow":["GET"]}}],"collection":[{"href":"https:\/\/www.meydan.tv\/az\/wp-json\/wp\/v2\/posts"}],"about":[{"href":"https:\/\/www.meydan.tv\/az\/wp-json\/wp\/v2\/types\/post"}],"author":[{"embeddable":true,"href":"https:\/\/www.meydan.tv\/az\/wp-json\/wp\/v2\/users\/21"}],"replies":[{"embeddable":true,"href":"https:\/\/www.meydan.tv\/az\/wp-json\/wp\/v2\/comments?post=332725"}],"version-history":[{"count":1,"href":"https:\/\/www.meydan.tv\/az\/wp-json\/wp\/v2\/posts\/332725\/revisions"}],"predecessor-version":[{"id":332726,"href":"https:\/\/www.meydan.tv\/az\/wp-json\/wp\/v2\/posts\/332725\/revisions\/332726"}],"wp:featuredmedia":[{"embeddable":true,"href":"https:\/\/www.meydan.tv\/az\/wp-json\/wp\/v2\/media\/328071"}],"wp:attachment":[{"href":"https:\/\/www.meydan.tv\/az\/wp-json\/wp\/v2\/media?parent=332725"}],"wp:term":[{"taxonomy":"category","embeddable":true,"href":"https:\/\/www.meydan.tv\/az\/wp-json\/wp\/v2\/categories?post=332725"},{"taxonomy":"post_tag","embeddable":true,"href":"https:\/\/www.meydan.tv\/az\/wp-json\/wp\/v2\/tags?post=332725"}],"curies":[{"name":"wp","href":"https:\/\/api.w.org\/{rel}","templated":true}]}}