{"id":332721,"date":"2025-07-03T21:14:06","date_gmt":"2025-07-03T17:14:06","guid":{"rendered":"https:\/\/www.meydan.tv\/?p=332721"},"modified":"2025-07-03T21:14:09","modified_gmt":"2025-07-03T17:14:09","slug":"imislid%c9%99-etiraz-etdikl%c9%99ri-ucun-h%c9%99bs-olunanlara-hokm-oxunub","status":"publish","type":"post","link":"https:\/\/www.meydan.tv\/az\/article\/imislid%c9%99-etiraz-etdikl%c9%99ri-ucun-h%c9%99bs-olunanlara-hokm-oxunub\/","title":{"rendered":"\u0130mi\u015flid\u0259 etiraz etdikl\u0259ri \u00fc\u00e7\u00fcn h\u0259bs olunanlara h\u00f6km oxunub"},"content":{"rendered":"\n<p>Saxlan\u0131lanlar bar\u0259sind\u0259 \u201cazadl\u0131qdan m\u0259hrumetm\u0259\u201d v\u0259 \u201cazadl\u0131\u011f\u0131n m\u0259hdudla\u015fd\u0131r\u0131lmas\u0131\u201d c\u0259zalar\u0131 t\u0259yin olunub<\/p>\n\n\n\n<p>\u0130mi\u015flid\u0259 D\u00f6vl\u0259t Yol Polisi (DYP) avtomobilinin t\u00f6r\u0259tdiyi, 3 u\u015fa\u011f\u0131n \u00f6l\u00fcm\u00fc, daha bir n\u0259f\u0259rin yaralanmas\u0131 il\u0259 n\u0259tic\u0259l\u0259n\u0259n q\u0259zadan sonra etiraz etdikl\u0259ri \u00fc\u00e7\u00fcn saxlan\u0131lanlar\u0131n cinay\u0259t i\u015fi \u00fczr\u0259 m\u0259hk\u0259m\u0259 prosesi ke\u00e7irilib.<\/p>\n\n\n\n<p>\u0130yulun 3-d\u0259 \u0130mi\u015fli rayon M\u0259hk\u0259m\u0259sind\u0259 hakim Zaur Pirverdiyevin s\u0259drliyi il\u0259 ke\u00e7iril\u0259n prosesd\u0259 saxlan\u0131lanlar bar\u0259sind\u0259 \u201cazadl\u0131qdan m\u0259hrumetm\u0259\u201d v\u0259 \u201cazadl\u0131\u011f\u0131n m\u0259hdudla\u015fd\u0131r\u0131lmas\u0131\u201d c\u0259zalar\u0131 t\u0259yin olunub.<\/p>\n\n\n\n<p>\u0130\u015f \u00fczr\u0259 t\u0259qsirli bilin\u0259n Nazim \u018fliyev 1 il, Taleh M\u0259mm\u0259dov 4 il, Ruslan Quliyev 2 il, K\u0259nan Mejdunov 4 il, Rahib Rzayev 4 il m\u00fcdd\u0259tin\u0259 azadl\u0131qdan m\u0259hrum edilib.<\/p>\n\n\n\n<p>Canpolad \u018fliyev\u0259 1 il, H\u00fcseyn Cabbarl\u0131ya 3 il, Elman \u0130brahimova 1 il, S\u0259nan \u018fliyev\u0259 1 il 6 ay, V\u00fcqar Usubluya 2 il, Abbas Ba\u011f\u0131rova 1 il 6 ay, Rahib Ta\u011f\u0131yev\u0259 3 il, Elxan \u018fzimova 1 il 6 ay, F\u0259rid Seyidzad\u0259y\u0259 3 il, Qo\u015fqar M\u0259mm\u0259dova 3 il, Eldar A\u011fazad\u0259y\u0259 1 il, Elnur Babayev\u0259 2 il, Rasif Babayev\u0259 4 il, \u015eamil S\u0259f\u0259rova 2 il azadl\u0131\u011f\u0131n m\u0259hdudla\u015fd\u0131r\u0131lmas\u0131 c\u0259zas\u0131 t\u0259yin edilib.<\/p>\n\n\n\n<p>Nazim \u018fliyev\u0259 t\u0259yin edilmi\u015f c\u0259za Cinay\u0259t M\u0259c\u0259ll\u0259sinin 70-ci madd\u0259si t\u0259tbiq edilm\u0259kl\u0259 \u015f\u0259rti hesab olunub.<\/p>\n\n\n\n<p><strong>\u0130mi\u015flid\u0259 n\u0259 ba\u015f verib?<\/strong><\/p>\n\n\n\n<p>2025-ci il yanvar\u0131n 18-d\u0259 D\u00f6vl\u0259t Yol Polisinin (DYP) i\u015ftirak\u0131 il\u0259 \u0130mi\u015flid\u0259 \u00f6l\u00fcml\u0259 n\u0259tic\u0259l\u0259n\u0259n yol n\u0259qliyyat hadis\u0259si olub.<\/p>\n\n\n\n<p>&nbsp;Polisin y\u00fcks\u0259k s\u00fcr\u0259tl\u0259 idar\u0259 etdiyi xidm\u0259ti avtomobil m\u0259kt\u0259bd\u0259n g\u0259l\u0259n 4 \u015fagirdi vurub, onlardan ikisi hadis\u0259 yerind\u0259 ke\u00e7inib. Dig\u0259r iki n\u0259f\u0259r is\u0259 x\u0259st\u0259xanaya yerl\u0259\u015fdirilib.<\/p>\n\n\n\n<p>&nbsp;DYP avtomobilinin s\u00fcr\u00fcc\u00fcs\u00fc d\u0259 x\u0259sar\u0259t al\u0131b.<\/p>\n\n\n\n<p>&nbsp;Q\u0259zada x\u0259sar\u0259t alan azya\u015fl\u0131lardan daha biri is\u0259 yanvar\u0131n 22-d\u0259 x\u0259st\u0259xanada v\u0259fat edib.<\/p>\n\n\n\n<p>Hadis\u0259 ba\u015f ver\u0259n g\u00fcn D\u0130N q\u0259zan\u0131n g\u00f6r\u00fcnt\u00fcl\u0259rini <a href=\"https:\/\/www.youtube.com\/watch?v=Del_UEoSzHk\">yay\u0131b<\/a>.<\/p>\n\n\n\n<p>Videoda dig\u0259r, \u201cMersedes-Benz 190\u201d markal\u0131 avtomobilin polis ma\u015f\u0131n\u0131n\u0131n \u00f6n\u00fcn\u0259 \u00e7\u0131xd\u0131\u011f\u0131 g\u00f6r\u00fcn\u00fcb, amma g\u00f6r\u00fcnt\u00fc d\u0259f\u0259l\u0259rl\u0259 yava\u015f\u0131d\u0131ld\u0131\u011f\u0131 \u00fc\u00e7\u00fcn polis avtomobilinin hans\u0131 s\u00fcr\u0259tl\u0259 h\u0259r\u0259k\u0259t etdiyi m\u0259lum olmay\u0131b.<\/p>\n\n\n\n<p>DYP avtomobilinin y\u00fcks\u0259k s\u00fcr\u0259tl\u0259 h\u0259r\u0259k\u0259t etm\u0259si v\u0259 h\u0259lak olanlar\u0131n azya\u015fl\u0131 olmas\u0131 yerli \u0259halid\u0259 q\u0259z\u0259b do\u011furub v\u0259 el\u0259 h\u0259min g\u00fcn insanlar k\u00fc\u00e7\u0259l\u0259r\u0259 ax\u0131\u015f\u0131b.<\/p>\n\n\n\n<p>&nbsp;Q\u0259z\u0259bl\u0259nmi\u015f k\u00fctl\u0259, x\u00fcsusil\u0259 g\u0259ncl\u0259r polis avtomobilini arxas\u0131 \u00fcst\u0259 a\u015f\u0131r\u0131blar, y\u00fczl\u0259rl\u0259 adam \u201cistefa\u201d \u015f\u00fcar\u0131 s\u0259sl\u0259ndir\u0259r\u0259k \u0130mi\u015fli Rayon Polis \u0130dar\u0259sinin \u00f6n\u00fcn\u0259 do\u011fru y\u00fcr\u00fc\u015f edibl\u0259r.<\/p>\n\n\n\n<p>Ard\u0131nca Daxili \u0130\u015fl\u0259r Nazirliyi (D\u0130N) m\u0259lumat yayaraq etiraz ed\u0259nl\u0259rin \u201cxuliqanl\u0131q\u201d ittiham\u0131 il\u0259 h\u0259bs olundu\u011funu bildirib.<\/p>\n\n\n\n<p>&nbsp;Sosial \u015f\u0259b\u0259k\u0259l\u0259rd\u0259 bildirilib ki, polis avtomobilin\u0259 h\u00fccum ed\u0259n, onu \u00e7evir\u0259n v\u0259 polisl\u0259rl\u0259 m\u00fcbahis\u0259 ed\u0259n 100-d\u0259n \u00e7ox adam saxlan\u0131l\u0131b.<\/p>\n\n\n\n<p>&nbsp;Saxlan\u0131lanlar\u0131n \u0259ks\u0259riyy\u0259ti \u0130nzibati X\u0259talar M\u0259c\u0259ll\u0259sinin 510-cu (x\u0131rda xuliqanl\u0131q) v\u0259 535.1 (polisin qanuni t\u0259l\u0259bin\u0259 tabe olmama) madd\u0259l\u0259ri il\u0259 t\u0259qsirl\u0259ndiril\u0259r\u0259k bar\u0259l\u0259rind\u0259 1 ayad\u0259k inzibati h\u0259bs verilib.<\/p>\n\n\n\n<p>&nbsp;Ba\u015f ver\u0259n hadis\u0259l\u0259rd\u0259n sonra \u0130mi\u015fli \u015f\u0259h\u0259rind\u0259 g\u00fccl\u0259ndirilmi\u015f rejim h\u00f6km s\u00fcr\u00fcb. \u0130nzibati binalar\u0131n, parklar\u0131n, meydanlar\u0131n \u0259traf\u0131nda polisl\u0259r qarovul \u00e7\u0259kib.<\/p>\n\n\n\n<p>Sosial \u015f\u0259b\u0259k\u0259l\u0259rd\u0259 yay\u0131lan m\u0259lumatlarda h\u0259tta \u015f\u0259h\u0259r\u0259 Daxili Qo\u015funlar\u0131n yeridildiyi v\u0259 yollar\u0131n ba\u011fland\u0131\u011f\u0131 bildirilib.<\/p>\n\n\n\n<p>&nbsp;Yerli \u0259halid\u0259n veril\u0259n m\u0259lumata \u0259sas\u0259n, h\u0259min vaxt \u0130mi\u015flid\u0259 interneti d\u0259 k\u0259sibl\u0259r.<\/p>\n\n\n\n<p>Yanvar\u0131n 22-d\u0259 \u0130mi\u015fli Rayon M\u0259hk\u0259m\u0259si yol q\u0259zas\u0131ndan sonrak\u0131 etirazlarda xuliqanl\u0131q h\u0259r\u0259k\u0259tl\u0259rin\u0259 g\u00f6r\u0259 saxlan\u0131lankar bar\u0259sind\u0259 3 ay m\u00fcdd\u0259tin\u0259 h\u0259bs q\u0259timkan <a href=\"https:\/\/storage.googleapis.com\/qurium\/www.meydan.tv\/az-article-imisli-hadis%c9%99l%c9%99rin%c9%99-gor%c9%99-h%c9%99bs-olunan-14-n%c9%99f%c9%99rin-cinay%c9%99t-isi-uzr%c9%99-m%c9%99hk%c9%99m%c9%99-kecirilib.html\" target=\"_blank\" rel=\"noreferrer noopener\">t\u0259dbiri se\u00e7ib<\/a>.<\/p>\n\n\n\n<p>&nbsp;Saxlan\u0131lan \u015f\u0259xsl\u0259r\u0259 Cinay\u0259t M\u0259c\u0259ll\u0259sinin 221.2.1. (Xuliqanl\u0131q \u2013 bir qrup \u015f\u0259xs t\u0259r\u0259find\u0259n t\u00f6r\u0259dildikd\u0259) madd\u0259si \u00fczr\u0259 ittiham verilib.<\/p>\n\n\n\n<p>&nbsp;DYP-y\u0259 m\u0259xsus avtomobili s\u00fcr\u0259n v\u0259 q\u0259za t\u00f6r\u0259d\u0259n polisin is\u0259 m\u0259suliyy\u0259t\u0259 c\u0259lb olunub-olunmamas\u0131 bar\u0259d\u0259 r\u0259smi he\u00e7 bir m\u0259lumat verilm\u0259yib.<\/p>\n\n\n\n<p>\u00a0Sosial \u015f\u0259b\u0259k\u0259l\u0259rd\u0259 iddia <a href=\"https:\/\/www.facebook.com\/photo.php?fbid=922194023452597&amp;id=100069860240074&amp;set=a.490100423328628&amp;locale=az_AZ\">olunub<\/a> ki, h\u0259min \u015f\u0259xs ke\u00e7mi\u015f deputat, milyon\u00e7u \u018fh\u0259d \u018fhm\u0259dovun qarda\u015f\u0131 o\u011fludur.<\/p>\n","protected":false},"excerpt":{"rendered":"<p>Saxlan\u0131lanlar bar\u0259sind\u0259 \u201cazadl\u0131qdan m\u0259hrumetm\u0259\u201d v\u0259 \u201cazadl\u0131\u011f\u0131n m\u0259hdudla\u015fd\u0131r\u0131lmas\u0131\u201d c\u0259zalar\u0131 t\u0259yin olunub &#8230; <\/p>\n<p class=\"read-more-container\"><a title=\"\u0130mi\u015flid\u0259 etiraz etdikl\u0259ri \u00fc\u00e7\u00fcn h\u0259bs olunanlara h\u00f6km oxunub\" class=\"read-more button\" href=\"https:\/\/www.meydan.tv\/az\/article\/imislid%c9%99-etiraz-etdikl%c9%99ri-ucun-h%c9%99bs-olunanlara-hokm-oxunub\/#more-332721\" aria-label=\"Read more about \u0130mi\u015flid\u0259 etiraz etdikl\u0259ri \u00fc\u00e7\u00fcn h\u0259bs olunanlara h\u00f6km oxunub\">Davam\u0131<\/a><\/p>\n","protected":false},"author":21,"featured_media":328485,"comment_status":"closed","ping_status":"closed","sticky":false,"template":"","format":"standard","meta":{"_acf_changed":false,"_sitemap_exclude":false,"_sitemap_priority":"","_sitemap_frequency":"","footnotes":""},"categories":[62,56],"tags":[],"class_list":["post-332721","post","type-post","status-publish","format-standard","has-post-thumbnail","hentry","category-sosial","category-xeberler","infinite-scroll-item","generate-columns","tablet-grid-50","mobile-grid-100","grid-parent","grid-33","no-featured-image-padding"],"acf":[],"yoast_head":"<!-- This site is optimized with the Yoast SEO plugin v27.4 - https:\/\/yoast.com\/product\/yoast-seo-wordpress\/ -->\n<title>\u0130mi\u015flid\u0259 etiraz etdikl\u0259ri \u00fc\u00e7\u00fcn h\u0259bs olunanlara h\u00f6km oxunub - MEYDAN.TV<\/title>\n<meta name=\"robots\" content=\"index, follow, max-snippet:-1, max-image-preview:large, max-video-preview:-1\" \/>\n<link rel=\"canonical\" href=\"https:\/\/www.meydan.tv\/az\/article\/imislid%c9%99-etiraz-etdikl%c9%99ri-ucun-h%c9%99bs-olunanlara-hokm-oxunub\/\" \/>\n<meta property=\"og:locale\" content=\"az_AZ\" \/>\n<meta property=\"og:type\" content=\"article\" \/>\n<meta property=\"og:title\" content=\"\u0130mi\u015flid\u0259 etiraz etdikl\u0259ri \u00fc\u00e7\u00fcn h\u0259bs olunanlara h\u00f6km oxunub - MEYDAN.TV\" \/>\n<meta property=\"og:description\" content=\"Saxlan\u0131lanlar bar\u0259sind\u0259 \u201cazadl\u0131qdan m\u0259hrumetm\u0259\u201d v\u0259 \u201cazadl\u0131\u011f\u0131n m\u0259hdudla\u015fd\u0131r\u0131lmas\u0131\u201d c\u0259zalar\u0131 t\u0259yin olunub ... Davam\u0131\" \/>\n<meta property=\"og:url\" content=\"https:\/\/www.meydan.tv\/az\/article\/imislid%c9%99-etiraz-etdikl%c9%99ri-ucun-h%c9%99bs-olunanlara-hokm-oxunub\/\" \/>\n<meta property=\"og:site_name\" content=\"MEYDAN.TV\" \/>\n<meta property=\"article:published_time\" content=\"2025-07-03T17:14:06+00:00\" \/>\n<meta property=\"article:modified_time\" content=\"2025-07-03T17:14:09+00:00\" \/>\n<meta property=\"og:image\" content=\"https:\/\/www.meydan.tv\/wp-content\/uploads\/telegram-cloud-photo-size-4-5799936167825749759-y.jpg\" \/>\n\t<meta property=\"og:image:width\" content=\"1200\" \/>\n\t<meta property=\"og:image:height\" content=\"674\" \/>\n\t<meta property=\"og:image:type\" content=\"image\/jpeg\" \/>\n<meta name=\"author\" content=\"mahmud\" \/>\n<meta name=\"twitter:card\" content=\"summary_large_image\" \/>\n<script type=\"application\/ld+json\" class=\"yoast-schema-graph\">{\"@context\":\"https:\\\/\\\/schema.org\",\"@graph\":[{\"@type\":\"Article\",\"@id\":\"https:\\\/\\\/www.meydan.tv\\\/az\\\/article\\\/imislid%c9%99-etiraz-etdikl%c9%99ri-ucun-h%c9%99bs-olunanlara-hokm-oxunub\\\/#article\",\"isPartOf\":{\"@id\":\"https:\\\/\\\/www.meydan.tv\\\/az\\\/article\\\/imislid%c9%99-etiraz-etdikl%c9%99ri-ucun-h%c9%99bs-olunanlara-hokm-oxunub\\\/\"},\"author\":{\"name\":\"mahmud\",\"@id\":\"https:\\\/\\\/www.meydan.tv\\\/az\\\/#\\\/schema\\\/person\\\/09863e516102a829e72bedcf3f84c6b0\"},\"headline\":\"\u0130mi\u015flid\u0259 etiraz etdikl\u0259ri \u00fc\u00e7\u00fcn h\u0259bs olunanlara h\u00f6km oxunub\",\"datePublished\":\"2025-07-03T17:14:06+00:00\",\"dateModified\":\"2025-07-03T17:14:09+00:00\",\"mainEntityOfPage\":{\"@id\":\"https:\\\/\\\/www.meydan.tv\\\/az\\\/article\\\/imislid%c9%99-etiraz-etdikl%c9%99ri-ucun-h%c9%99bs-olunanlara-hokm-oxunub\\\/\"},\"wordCount\":810,\"publisher\":{\"@id\":\"https:\\\/\\\/www.meydan.tv\\\/az\\\/#organization\"},\"image\":{\"@id\":\"https:\\\/\\\/www.meydan.tv\\\/az\\\/article\\\/imislid%c9%99-etiraz-etdikl%c9%99ri-ucun-h%c9%99bs-olunanlara-hokm-oxunub\\\/#primaryimage\"},\"thumbnailUrl\":\"https:\\\/\\\/www.meydan.tv\\\/wp-content\\\/uploads\\\/telegram-cloud-photo-size-4-5799936167825749759-y.jpg\",\"articleSection\":[\"Sosial\",\"X\u0259b\u0259rl\u0259r\"],\"inLanguage\":\"az\"},{\"@type\":\"WebPage\",\"@id\":\"https:\\\/\\\/www.meydan.tv\\\/az\\\/article\\\/imislid%c9%99-etiraz-etdikl%c9%99ri-ucun-h%c9%99bs-olunanlara-hokm-oxunub\\\/\",\"url\":\"https:\\\/\\\/www.meydan.tv\\\/az\\\/article\\\/imislid%c9%99-etiraz-etdikl%c9%99ri-ucun-h%c9%99bs-olunanlara-hokm-oxunub\\\/\",\"name\":\"\u0130mi\u015flid\u0259 etiraz etdikl\u0259ri \u00fc\u00e7\u00fcn h\u0259bs olunanlara h\u00f6km oxunub - MEYDAN.TV\",\"isPartOf\":{\"@id\":\"https:\\\/\\\/www.meydan.tv\\\/az\\\/#website\"},\"primaryImageOfPage\":{\"@id\":\"https:\\\/\\\/www.meydan.tv\\\/az\\\/article\\\/imislid%c9%99-etiraz-etdikl%c9%99ri-ucun-h%c9%99bs-olunanlara-hokm-oxunub\\\/#primaryimage\"},\"image\":{\"@id\":\"https:\\\/\\\/www.meydan.tv\\\/az\\\/article\\\/imislid%c9%99-etiraz-etdikl%c9%99ri-ucun-h%c9%99bs-olunanlara-hokm-oxunub\\\/#primaryimage\"},\"thumbnailUrl\":\"https:\\\/\\\/www.meydan.tv\\\/wp-content\\\/uploads\\\/telegram-cloud-photo-size-4-5799936167825749759-y.jpg\",\"datePublished\":\"2025-07-03T17:14:06+00:00\",\"dateModified\":\"2025-07-03T17:14:09+00:00\",\"breadcrumb\":{\"@id\":\"https:\\\/\\\/www.meydan.tv\\\/az\\\/article\\\/imislid%c9%99-etiraz-etdikl%c9%99ri-ucun-h%c9%99bs-olunanlara-hokm-oxunub\\\/#breadcrumb\"},\"inLanguage\":\"az\",\"potentialAction\":[{\"@type\":\"ReadAction\",\"target\":[\"https:\\\/\\\/www.meydan.tv\\\/az\\\/article\\\/imislid%c9%99-etiraz-etdikl%c9%99ri-ucun-h%c9%99bs-olunanlara-hokm-oxunub\\\/\"]}]},{\"@type\":\"ImageObject\",\"inLanguage\":\"az\",\"@id\":\"https:\\\/\\\/www.meydan.tv\\\/az\\\/article\\\/imislid%c9%99-etiraz-etdikl%c9%99ri-ucun-h%c9%99bs-olunanlara-hokm-oxunub\\\/#primaryimage\",\"url\":\"https:\\\/\\\/www.meydan.tv\\\/wp-content\\\/uploads\\\/telegram-cloud-photo-size-4-5799936167825749759-y.jpg\",\"contentUrl\":\"https:\\\/\\\/www.meydan.tv\\\/wp-content\\\/uploads\\\/telegram-cloud-photo-size-4-5799936167825749759-y.jpg\",\"width\":1200,\"height\":674,\"caption\":\"\u0130mi\u015fli hadis\u0259si. Foto: Telegram\"},{\"@type\":\"BreadcrumbList\",\"@id\":\"https:\\\/\\\/www.meydan.tv\\\/az\\\/article\\\/imislid%c9%99-etiraz-etdikl%c9%99ri-ucun-h%c9%99bs-olunanlara-hokm-oxunub\\\/#breadcrumb\",\"itemListElement\":[{\"@type\":\"ListItem\",\"position\":1,\"name\":\"Ana s\u0259hif\u0259\",\"item\":\"https:\\\/\\\/www.meydan.tv\\\/az\\\/\"},{\"@type\":\"ListItem\",\"position\":2,\"name\":\"Sosial\",\"item\":\"https:\\\/\\\/www.meydan.tv\\\/az\\\/section\\\/sosial\\\/\"},{\"@type\":\"ListItem\",\"position\":3,\"name\":\"\u0130mi\u015flid\u0259 etiraz etdikl\u0259ri \u00fc\u00e7\u00fcn h\u0259bs olunanlara h\u00f6km oxunub\"}]},{\"@type\":\"WebSite\",\"@id\":\"https:\\\/\\\/www.meydan.tv\\\/az\\\/#website\",\"url\":\"https:\\\/\\\/www.meydan.tv\\\/az\\\/\",\"name\":\"MEYDAN.TV\",\"description\":\"Meydan TV Az\u0259rbaycan\u0131n media m\u0259kan\u0131ndak\u0131 alternativ s\u0259sidir\",\"publisher\":{\"@id\":\"https:\\\/\\\/www.meydan.tv\\\/az\\\/#organization\"},\"potentialAction\":[{\"@type\":\"SearchAction\",\"target\":{\"@type\":\"EntryPoint\",\"urlTemplate\":\"https:\\\/\\\/www.meydan.tv\\\/az\\\/?s={search_term_string}\"},\"query-input\":{\"@type\":\"PropertyValueSpecification\",\"valueRequired\":true,\"valueName\":\"search_term_string\"}}],\"inLanguage\":\"az\"},{\"@type\":\"Organization\",\"@id\":\"https:\\\/\\\/www.meydan.tv\\\/az\\\/#organization\",\"name\":\"Meydan TV\",\"url\":\"https:\\\/\\\/www.meydan.tv\\\/az\\\/\",\"logo\":{\"@type\":\"ImageObject\",\"inLanguage\":\"az\",\"@id\":\"https:\\\/\\\/www.meydan.tv\\\/az\\\/#\\\/schema\\\/logo\\\/image\\\/\",\"url\":\"https:\\\/\\\/www.meydan.tv\\\/wp-content\\\/uploads\\\/2021\\\/07\\\/meydan-logo.svg\",\"contentUrl\":\"https:\\\/\\\/www.meydan.tv\\\/wp-content\\\/uploads\\\/2021\\\/07\\\/meydan-logo.svg\",\"width\":195,\"height\":46,\"caption\":\"Meydan TV\"},\"image\":{\"@id\":\"https:\\\/\\\/www.meydan.tv\\\/az\\\/#\\\/schema\\\/logo\\\/image\\\/\"}},{\"@type\":\"Person\",\"@id\":\"https:\\\/\\\/www.meydan.tv\\\/az\\\/#\\\/schema\\\/person\\\/09863e516102a829e72bedcf3f84c6b0\",\"name\":\"mahmud\"}]}<\/script>\n<!-- \/ Yoast SEO plugin. -->","yoast_head_json":{"title":"\u0130mi\u015flid\u0259 etiraz etdikl\u0259ri \u00fc\u00e7\u00fcn h\u0259bs olunanlara h\u00f6km oxunub - MEYDAN.TV","robots":{"index":"index","follow":"follow","max-snippet":"max-snippet:-1","max-image-preview":"max-image-preview:large","max-video-preview":"max-video-preview:-1"},"canonical":"https:\/\/www.meydan.tv\/az\/article\/imislid%c9%99-etiraz-etdikl%c9%99ri-ucun-h%c9%99bs-olunanlara-hokm-oxunub\/","og_locale":"az_AZ","og_type":"article","og_title":"\u0130mi\u015flid\u0259 etiraz etdikl\u0259ri \u00fc\u00e7\u00fcn h\u0259bs olunanlara h\u00f6km oxunub - MEYDAN.TV","og_description":"Saxlan\u0131lanlar bar\u0259sind\u0259 \u201cazadl\u0131qdan m\u0259hrumetm\u0259\u201d v\u0259 \u201cazadl\u0131\u011f\u0131n m\u0259hdudla\u015fd\u0131r\u0131lmas\u0131\u201d c\u0259zalar\u0131 t\u0259yin olunub ... Davam\u0131","og_url":"https:\/\/www.meydan.tv\/az\/article\/imislid%c9%99-etiraz-etdikl%c9%99ri-ucun-h%c9%99bs-olunanlara-hokm-oxunub\/","og_site_name":"MEYDAN.TV","article_published_time":"2025-07-03T17:14:06+00:00","article_modified_time":"2025-07-03T17:14:09+00:00","og_image":[{"width":1200,"height":674,"url":"https:\/\/www.meydan.tv\/wp-content\/uploads\/telegram-cloud-photo-size-4-5799936167825749759-y.jpg","type":"image\/jpeg"}],"author":"mahmud","twitter_card":"summary_large_image","schema":{"@context":"https:\/\/schema.org","@graph":[{"@type":"Article","@id":"https:\/\/www.meydan.tv\/az\/article\/imislid%c9%99-etiraz-etdikl%c9%99ri-ucun-h%c9%99bs-olunanlara-hokm-oxunub\/#article","isPartOf":{"@id":"https:\/\/www.meydan.tv\/az\/article\/imislid%c9%99-etiraz-etdikl%c9%99ri-ucun-h%c9%99bs-olunanlara-hokm-oxunub\/"},"author":{"name":"mahmud","@id":"https:\/\/www.meydan.tv\/az\/#\/schema\/person\/09863e516102a829e72bedcf3f84c6b0"},"headline":"\u0130mi\u015flid\u0259 etiraz etdikl\u0259ri \u00fc\u00e7\u00fcn h\u0259bs olunanlara h\u00f6km oxunub","datePublished":"2025-07-03T17:14:06+00:00","dateModified":"2025-07-03T17:14:09+00:00","mainEntityOfPage":{"@id":"https:\/\/www.meydan.tv\/az\/article\/imislid%c9%99-etiraz-etdikl%c9%99ri-ucun-h%c9%99bs-olunanlara-hokm-oxunub\/"},"wordCount":810,"publisher":{"@id":"https:\/\/www.meydan.tv\/az\/#organization"},"image":{"@id":"https:\/\/www.meydan.tv\/az\/article\/imislid%c9%99-etiraz-etdikl%c9%99ri-ucun-h%c9%99bs-olunanlara-hokm-oxunub\/#primaryimage"},"thumbnailUrl":"https:\/\/www.meydan.tv\/wp-content\/uploads\/telegram-cloud-photo-size-4-5799936167825749759-y.jpg","articleSection":["Sosial","X\u0259b\u0259rl\u0259r"],"inLanguage":"az"},{"@type":"WebPage","@id":"https:\/\/www.meydan.tv\/az\/article\/imislid%c9%99-etiraz-etdikl%c9%99ri-ucun-h%c9%99bs-olunanlara-hokm-oxunub\/","url":"https:\/\/www.meydan.tv\/az\/article\/imislid%c9%99-etiraz-etdikl%c9%99ri-ucun-h%c9%99bs-olunanlara-hokm-oxunub\/","name":"\u0130mi\u015flid\u0259 etiraz etdikl\u0259ri \u00fc\u00e7\u00fcn h\u0259bs olunanlara h\u00f6km oxunub - MEYDAN.TV","isPartOf":{"@id":"https:\/\/www.meydan.tv\/az\/#website"},"primaryImageOfPage":{"@id":"https:\/\/www.meydan.tv\/az\/article\/imislid%c9%99-etiraz-etdikl%c9%99ri-ucun-h%c9%99bs-olunanlara-hokm-oxunub\/#primaryimage"},"image":{"@id":"https:\/\/www.meydan.tv\/az\/article\/imislid%c9%99-etiraz-etdikl%c9%99ri-ucun-h%c9%99bs-olunanlara-hokm-oxunub\/#primaryimage"},"thumbnailUrl":"https:\/\/www.meydan.tv\/wp-content\/uploads\/telegram-cloud-photo-size-4-5799936167825749759-y.jpg","datePublished":"2025-07-03T17:14:06+00:00","dateModified":"2025-07-03T17:14:09+00:00","breadcrumb":{"@id":"https:\/\/www.meydan.tv\/az\/article\/imislid%c9%99-etiraz-etdikl%c9%99ri-ucun-h%c9%99bs-olunanlara-hokm-oxunub\/#breadcrumb"},"inLanguage":"az","potentialAction":[{"@type":"ReadAction","target":["https:\/\/www.meydan.tv\/az\/article\/imislid%c9%99-etiraz-etdikl%c9%99ri-ucun-h%c9%99bs-olunanlara-hokm-oxunub\/"]}]},{"@type":"ImageObject","inLanguage":"az","@id":"https:\/\/www.meydan.tv\/az\/article\/imislid%c9%99-etiraz-etdikl%c9%99ri-ucun-h%c9%99bs-olunanlara-hokm-oxunub\/#primaryimage","url":"https:\/\/www.meydan.tv\/wp-content\/uploads\/telegram-cloud-photo-size-4-5799936167825749759-y.jpg","contentUrl":"https:\/\/www.meydan.tv\/wp-content\/uploads\/telegram-cloud-photo-size-4-5799936167825749759-y.jpg","width":1200,"height":674,"caption":"\u0130mi\u015fli hadis\u0259si. Foto: Telegram"},{"@type":"BreadcrumbList","@id":"https:\/\/www.meydan.tv\/az\/article\/imislid%c9%99-etiraz-etdikl%c9%99ri-ucun-h%c9%99bs-olunanlara-hokm-oxunub\/#breadcrumb","itemListElement":[{"@type":"ListItem","position":1,"name":"Ana s\u0259hif\u0259","item":"https:\/\/www.meydan.tv\/az\/"},{"@type":"ListItem","position":2,"name":"Sosial","item":"https:\/\/www.meydan.tv\/az\/section\/sosial\/"},{"@type":"ListItem","position":3,"name":"\u0130mi\u015flid\u0259 etiraz etdikl\u0259ri \u00fc\u00e7\u00fcn h\u0259bs olunanlara h\u00f6km oxunub"}]},{"@type":"WebSite","@id":"https:\/\/www.meydan.tv\/az\/#website","url":"https:\/\/www.meydan.tv\/az\/","name":"MEYDAN.TV","description":"Meydan TV Az\u0259rbaycan\u0131n media m\u0259kan\u0131ndak\u0131 alternativ s\u0259sidir","publisher":{"@id":"https:\/\/www.meydan.tv\/az\/#organization"},"potentialAction":[{"@type":"SearchAction","target":{"@type":"EntryPoint","urlTemplate":"https:\/\/www.meydan.tv\/az\/?s={search_term_string}"},"query-input":{"@type":"PropertyValueSpecification","valueRequired":true,"valueName":"search_term_string"}}],"inLanguage":"az"},{"@type":"Organization","@id":"https:\/\/www.meydan.tv\/az\/#organization","name":"Meydan TV","url":"https:\/\/www.meydan.tv\/az\/","logo":{"@type":"ImageObject","inLanguage":"az","@id":"https:\/\/www.meydan.tv\/az\/#\/schema\/logo\/image\/","url":"https:\/\/www.meydan.tv\/wp-content\/uploads\/2021\/07\/meydan-logo.svg","contentUrl":"https:\/\/www.meydan.tv\/wp-content\/uploads\/2021\/07\/meydan-logo.svg","width":195,"height":46,"caption":"Meydan TV"},"image":{"@id":"https:\/\/www.meydan.tv\/az\/#\/schema\/logo\/image\/"}},{"@type":"Person","@id":"https:\/\/www.meydan.tv\/az\/#\/schema\/person\/09863e516102a829e72bedcf3f84c6b0","name":"mahmud"}]}},"_links":{"self":[{"href":"https:\/\/www.meydan.tv\/az\/wp-json\/wp\/v2\/posts\/332721","targetHints":{"allow":["GET"]}}],"collection":[{"href":"https:\/\/www.meydan.tv\/az\/wp-json\/wp\/v2\/posts"}],"about":[{"href":"https:\/\/www.meydan.tv\/az\/wp-json\/wp\/v2\/types\/post"}],"author":[{"embeddable":true,"href":"https:\/\/www.meydan.tv\/az\/wp-json\/wp\/v2\/users\/21"}],"replies":[{"embeddable":true,"href":"https:\/\/www.meydan.tv\/az\/wp-json\/wp\/v2\/comments?post=332721"}],"version-history":[{"count":1,"href":"https:\/\/www.meydan.tv\/az\/wp-json\/wp\/v2\/posts\/332721\/revisions"}],"predecessor-version":[{"id":332722,"href":"https:\/\/www.meydan.tv\/az\/wp-json\/wp\/v2\/posts\/332721\/revisions\/332722"}],"wp:featuredmedia":[{"embeddable":true,"href":"https:\/\/www.meydan.tv\/az\/wp-json\/wp\/v2\/media\/328485"}],"wp:attachment":[{"href":"https:\/\/www.meydan.tv\/az\/wp-json\/wp\/v2\/media?parent=332721"}],"wp:term":[{"taxonomy":"category","embeddable":true,"href":"https:\/\/www.meydan.tv\/az\/wp-json\/wp\/v2\/categories?post=332721"},{"taxonomy":"post_tag","embeddable":true,"href":"https:\/\/www.meydan.tv\/az\/wp-json\/wp\/v2\/tags?post=332721"}],"curies":[{"name":"wp","href":"https:\/\/api.w.org\/{rel}","templated":true}]}}