{"id":332710,"date":"2025-07-03T18:17:40","date_gmt":"2025-07-03T14:17:40","guid":{"rendered":"https:\/\/www.meydan.tv\/?p=332710"},"modified":"2025-07-03T18:17:43","modified_gmt":"2025-07-03T14:17:43","slug":"erm%c9%99nistan-parlamentind%c9%99-deputatlar-arasinda-qarsidurma-yasanib","status":"publish","type":"post","link":"https:\/\/www.meydan.tv\/az\/article\/erm%c9%99nistan-parlamentind%c9%99-deputatlar-arasinda-qarsidurma-yasanib\/","title":{"rendered":"Erm\u0259nistan parlamentind\u0259 deputatlar aras\u0131nda qar\u015f\u0131durma ya\u015fan\u0131b"},"content":{"rendered":"\n<p>Bir deputat dig\u0259rin\u0259 su butulkas\u0131 at\u0131b<\/p>\n\n\n\n<p>Erm\u0259nistan parlamentind\u0259 deputatlar aras\u0131nda qar\u015f\u0131durma ya\u015fan\u0131b.<\/p>\n\n\n\n<p>\u0130nsidentin s\u0259b\u0259bi deputat Ovik Aqazaryan\u0131n \u00e7\u0131x\u0131\u015f\u0131 olub.<\/p>\n\n\n\n<p>O, tribunadan Rusiya hakimiyy\u0259tini \u201cErm\u0259nistan\u0131n t\u0259xribat xarakterli add\u0131mlar\u0131na reaksiya verm\u0259m\u0259y\u0259\u201d <a href=\"https:\/\/www.youtube.com\/watch?v=KcNer5-Psk8\">\u00e7a\u011f\u0131r\u0131b.<\/a><\/p>\n\n\n\n<p>Aqazaryan\u0131n s\u00f6zl\u0259ri hakim V\u0259t\u0259nda\u015f Sazi\u015fi Partiyas\u0131n\u0131n \u00fczvl\u0259ri aras\u0131nda k\u0259skin naraz\u0131l\u0131\u011fa s\u0259b\u0259b olub.<\/p>\n\n\n\n<figure class=\"wp-block-embed is-type-video is-provider-youtube wp-block-embed-youtube wp-embed-aspect-16-9 wp-has-aspect-ratio\"><div class=\"wp-block-embed__wrapper\">\n<iframe title=\"Fight breaks out in Armenian parliament over an MPs call for Moscow to &#039;not give in to our Armenia&#039;s\" width=\"1200\" height=\"675\" data-src=\"https:\/\/www.youtube.com\/embed\/ya2tFQeBjd8?feature=oembed\" frameborder=\"0\" allow=\"accelerometer; autoplay; clipboard-write; encrypted-media; gyroscope; picture-in-picture; web-share\" referrerpolicy=\"strict-origin-when-cross-origin\" allowfullscreen src=\"data:image\/svg+xml;base64,PHN2ZyB3aWR0aD0iMSIgaGVpZ2h0PSIxIiB4bWxucz0iaHR0cDovL3d3dy53My5vcmcvMjAwMC9zdmciPjwvc3ZnPg==\" class=\"lazyload\" data-load-mode=\"1\"><\/iframe>\n<\/div><\/figure>\n\n\n\n<p>O, x\u00fcsusil\u0259 \u201cErm\u0259nistan Elektrik \u015f\u0259b\u0259k\u0259l\u0259ri\u201d \u015firk\u0259tinin d\u00f6vl\u0259t m\u00fclkiyy\u0259tin\u0259 qaytar\u0131lmas\u0131 t\u0259\u015f\u0259bb\u00fcs\u00fcn\u00fcn \u00f6lk\u0259d\u0259 anti-Rusiya \u0259hval-ruhiyy\u0259sini g\u00fccl\u0259ndirdiyini v\u0259 Erm\u0259nistan\u0131n Q\u0259rb\u0259 y\u00f6n\u0259ldiyini deyib, \u201cQ\u0259rb is\u0259 T\u00fcrkiy\u0259 il\u0259 m\u00fcnasib\u0259tl\u0259rd\u0259n ba\u015flay\u0131r\u201d ifad\u0259sini i\u015fl\u0259dib.<\/p>\n\n\n\n<p>M\u00fczakir\u0259l\u0259r Avropa inteqrasiyas\u0131 \u00fczr\u0259 komissiyas\u0131n\u0131n s\u0259dri Arman Eqoyan t\u0259r\u0259find\u0259n \u201cxarici d\u00f6vl\u0259tin maraqlar\u0131n\u0131 lobbil\u0259\u015fdirm\u0259k\u201d ittiham\u0131 v\u0259 \u201cB\u0259db\u0259xt\u00e7ilik!\u201d q\u0131\u015fq\u0131r\u0131qlar\u0131 il\u0259 m\u00fc\u015fayi\u0259t olunub.<\/p>\n\n\n\n<p>Cavab olaraq Aqazaryan Eqoyana su butulkas\u0131 at\u0131b.<\/p>\n\n\n\n<p>Hadis\u0259d\u0259n sonra Aqazaryan iclas zal\u0131ndan \u00e7\u0131xar\u0131l\u0131b v\u0259 n\u00f6vb\u0259ti dinl\u0259m\u0259l\u0259rd\u0259 i\u015ftirak h\u00fcququndan m\u0259hrum edilib, Eqoyana is\u0259 r\u0259smi x\u0259b\u0259rdarl\u0131q verilib.<\/p>\n\n\n\n<p>Pa\u015finyan iyunun 20-d\u0259 T\u00fcrkiy\u0259y\u0259 s\u0259f\u0259r edib, Prezident \u018frdo\u011fanla g\u00f6r\u00fc\u015f\u00fcb.<\/p>\n\n\n\n<p>Onlar Erm\u0259nistan\u2013T\u00fcrkiy\u0259 m\u00fcnasib\u0259tl\u0259rinin normalla\u015fmas\u0131 v\u0259 C\u0259nubi Qafqazda dialoq prosesl\u0259rinin davam\u0131 bar\u0259d\u0259 m\u00fczakir\u0259l\u0259r apar\u0131blar.<\/p>\n\n\n\n<p>B\u0259zi \u015f\u0259rh\u00e7il\u0259r hesab edir ki, Pa\u015finyan\u0131n Q\u0259rb v\u0259 T\u00fcrkiy\u0259 il\u0259 yax\u0131nla\u015fmaq ist\u0259yi Rusiyan\u0131n b\u00f6lg\u0259d\u0259ki rolunun azalmas\u0131na g\u0259tirib \u00e7\u0131xara bil\u0259r.<\/p>\n\n\n\n<p>Moskvan\u0131n is\u0259 haz\u0131rda Erm\u0259nistan\u0131n h\u0259m Q\u0259rbl\u0259, h\u0259m d\u0259 T\u00fcrkiy\u0259 il\u0259 yax\u0131nla\u015fmaq ist\u0259kl\u0259rin\u0259 ehtiyatla baxd\u0131\u011f\u0131 v\u0259 \u00f6lk\u0259 daxilind\u0259 Rusiyaya olan d\u0259st\u0259yin itm\u0259m\u0259si \u00fc\u00e7\u00fcn \u00e7al\u0131\u015fd\u0131\u011f\u0131 bildirilir.<\/p>\n\n\n\n<p>Erm\u0259nistan parlamenti haz\u0131rda enerji qanunvericiliyin\u0259 d\u0259yi\u015fiklik layih\u0259sini m\u00fczakir\u0259 edir. Bu d\u0259yi\u015fiklikl\u0259r Rusiya v\u0259t\u0259nda\u015f\u0131, haz\u0131rda h\u0259bsd\u0259 olan i\u015f adam\u0131 Samvel Karapetyana m\u0259xsus \u201cElektrik \u015f\u0259b\u0259k\u0259l\u0259ri Erm\u0259nistan\u201d \u015firk\u0259tinin d\u00f6vl\u0259t m\u00fclkiyy\u0259tin\u0259 qaytar\u0131lmas\u0131n\u0131, h\u0259m\u00e7inin h\u00f6kum\u0259tin enerji \u015firk\u0259tl\u0259rin\u0259 n\u0259zar\u0259t etm\u0259k v\u0259 onlar\u0131 m\u0259cburi sat\u0131\u015fa \u00e7\u0131xarmaq s\u0259lahiyy\u0259tini \u0259hat\u0259 edir.<\/p>\n","protected":false},"excerpt":{"rendered":"<p>Bir deputat dig\u0259rin\u0259 su butulkas\u0131 at\u0131b Erm\u0259nistan parlamentind\u0259 deputatlar aras\u0131nda &#8230; <\/p>\n<p class=\"read-more-container\"><a title=\"Erm\u0259nistan parlamentind\u0259 deputatlar aras\u0131nda qar\u015f\u0131durma ya\u015fan\u0131b\" class=\"read-more button\" href=\"https:\/\/www.meydan.tv\/az\/article\/erm%c9%99nistan-parlamentind%c9%99-deputatlar-arasinda-qarsidurma-yasanib\/#more-332710\" aria-label=\"Read more about Erm\u0259nistan parlamentind\u0259 deputatlar aras\u0131nda qar\u015f\u0131durma ya\u015fan\u0131b\">Davam\u0131<\/a><\/p>\n","protected":false},"author":21,"featured_media":332713,"comment_status":"closed","ping_status":"closed","sticky":false,"template":"","format":"standard","meta":{"_acf_changed":false,"_sitemap_exclude":false,"_sitemap_priority":"","_sitemap_frequency":"","footnotes":""},"categories":[64,56],"tags":[],"class_list":["post-332710","post","type-post","status-publish","format-standard","has-post-thumbnail","hentry","category-dunya","category-xeberler","infinite-scroll-item","generate-columns","tablet-grid-50","mobile-grid-100","grid-parent","grid-33","no-featured-image-padding"],"acf":[],"yoast_head":"<!-- This site is optimized with the Yoast SEO plugin v27.5 - https:\/\/yoast.com\/product\/yoast-seo-wordpress\/ -->\n<title>Erm\u0259nistan parlamentind\u0259 deputatlar aras\u0131nda qar\u015f\u0131durma ya\u015fan\u0131b - MEYDAN.TV<\/title>\n<meta name=\"robots\" content=\"index, follow, max-snippet:-1, max-image-preview:large, max-video-preview:-1\" \/>\n<link rel=\"canonical\" href=\"https:\/\/www.meydan.tv\/az\/article\/erm%c9%99nistan-parlamentind%c9%99-deputatlar-arasinda-qarsidurma-yasanib\/\" \/>\n<meta property=\"og:locale\" content=\"az_AZ\" \/>\n<meta property=\"og:type\" content=\"article\" \/>\n<meta property=\"og:title\" content=\"Erm\u0259nistan parlamentind\u0259 deputatlar aras\u0131nda qar\u015f\u0131durma ya\u015fan\u0131b - MEYDAN.TV\" \/>\n<meta property=\"og:description\" content=\"Bir deputat dig\u0259rin\u0259 su butulkas\u0131 at\u0131b Erm\u0259nistan parlamentind\u0259 deputatlar aras\u0131nda ... Davam\u0131\" \/>\n<meta property=\"og:url\" content=\"https:\/\/www.meydan.tv\/az\/article\/erm%c9%99nistan-parlamentind%c9%99-deputatlar-arasinda-qarsidurma-yasanib\/\" \/>\n<meta property=\"og:site_name\" content=\"MEYDAN.TV\" \/>\n<meta property=\"article:published_time\" content=\"2025-07-03T14:17:40+00:00\" \/>\n<meta property=\"article:modified_time\" content=\"2025-07-03T14:17:43+00:00\" \/>\n<meta property=\"og:image\" content=\"https:\/\/www.meydan.tv\/wp-content\/uploads\/0980-5.png\" \/>\n\t<meta property=\"og:image:width\" content=\"1179\" \/>\n\t<meta property=\"og:image:height\" content=\"576\" \/>\n\t<meta property=\"og:image:type\" content=\"image\/png\" \/>\n<meta name=\"author\" content=\"mahmud\" \/>\n<meta name=\"twitter:card\" content=\"summary_large_image\" \/>\n<script type=\"application\/ld+json\" class=\"yoast-schema-graph\">{\"@context\":\"https:\\\/\\\/schema.org\",\"@graph\":[{\"@type\":\"Article\",\"@id\":\"https:\\\/\\\/www.meydan.tv\\\/az\\\/article\\\/erm%c9%99nistan-parlamentind%c9%99-deputatlar-arasinda-qarsidurma-yasanib\\\/#article\",\"isPartOf\":{\"@id\":\"https:\\\/\\\/www.meydan.tv\\\/az\\\/article\\\/erm%c9%99nistan-parlamentind%c9%99-deputatlar-arasinda-qarsidurma-yasanib\\\/\"},\"author\":{\"name\":\"mahmud\",\"@id\":\"https:\\\/\\\/www.meydan.tv\\\/az\\\/#\\\/schema\\\/person\\\/09863e516102a829e72bedcf3f84c6b0\"},\"headline\":\"Erm\u0259nistan parlamentind\u0259 deputatlar aras\u0131nda qar\u015f\u0131durma ya\u015fan\u0131b\",\"datePublished\":\"2025-07-03T14:17:40+00:00\",\"dateModified\":\"2025-07-03T14:17:43+00:00\",\"mainEntityOfPage\":{\"@id\":\"https:\\\/\\\/www.meydan.tv\\\/az\\\/article\\\/erm%c9%99nistan-parlamentind%c9%99-deputatlar-arasinda-qarsidurma-yasanib\\\/\"},\"wordCount\":444,\"publisher\":{\"@id\":\"https:\\\/\\\/www.meydan.tv\\\/az\\\/#organization\"},\"image\":{\"@id\":\"https:\\\/\\\/www.meydan.tv\\\/az\\\/article\\\/erm%c9%99nistan-parlamentind%c9%99-deputatlar-arasinda-qarsidurma-yasanib\\\/#primaryimage\"},\"thumbnailUrl\":\"https:\\\/\\\/www.meydan.tv\\\/wp-content\\\/uploads\\\/0980-5.png\",\"articleSection\":[\"D\u00fcnya\",\"X\u0259b\u0259rl\u0259r\"],\"inLanguage\":\"az\"},{\"@type\":\"WebPage\",\"@id\":\"https:\\\/\\\/www.meydan.tv\\\/az\\\/article\\\/erm%c9%99nistan-parlamentind%c9%99-deputatlar-arasinda-qarsidurma-yasanib\\\/\",\"url\":\"https:\\\/\\\/www.meydan.tv\\\/az\\\/article\\\/erm%c9%99nistan-parlamentind%c9%99-deputatlar-arasinda-qarsidurma-yasanib\\\/\",\"name\":\"Erm\u0259nistan parlamentind\u0259 deputatlar aras\u0131nda qar\u015f\u0131durma ya\u015fan\u0131b - MEYDAN.TV\",\"isPartOf\":{\"@id\":\"https:\\\/\\\/www.meydan.tv\\\/az\\\/#website\"},\"primaryImageOfPage\":{\"@id\":\"https:\\\/\\\/www.meydan.tv\\\/az\\\/article\\\/erm%c9%99nistan-parlamentind%c9%99-deputatlar-arasinda-qarsidurma-yasanib\\\/#primaryimage\"},\"image\":{\"@id\":\"https:\\\/\\\/www.meydan.tv\\\/az\\\/article\\\/erm%c9%99nistan-parlamentind%c9%99-deputatlar-arasinda-qarsidurma-yasanib\\\/#primaryimage\"},\"thumbnailUrl\":\"https:\\\/\\\/www.meydan.tv\\\/wp-content\\\/uploads\\\/0980-5.png\",\"datePublished\":\"2025-07-03T14:17:40+00:00\",\"dateModified\":\"2025-07-03T14:17:43+00:00\",\"breadcrumb\":{\"@id\":\"https:\\\/\\\/www.meydan.tv\\\/az\\\/article\\\/erm%c9%99nistan-parlamentind%c9%99-deputatlar-arasinda-qarsidurma-yasanib\\\/#breadcrumb\"},\"inLanguage\":\"az\",\"potentialAction\":[{\"@type\":\"ReadAction\",\"target\":[\"https:\\\/\\\/www.meydan.tv\\\/az\\\/article\\\/erm%c9%99nistan-parlamentind%c9%99-deputatlar-arasinda-qarsidurma-yasanib\\\/\"]}]},{\"@type\":\"ImageObject\",\"inLanguage\":\"az\",\"@id\":\"https:\\\/\\\/www.meydan.tv\\\/az\\\/article\\\/erm%c9%99nistan-parlamentind%c9%99-deputatlar-arasinda-qarsidurma-yasanib\\\/#primaryimage\",\"url\":\"https:\\\/\\\/www.meydan.tv\\\/wp-content\\\/uploads\\\/0980-5.png\",\"contentUrl\":\"https:\\\/\\\/www.meydan.tv\\\/wp-content\\\/uploads\\\/0980-5.png\",\"width\":1179,\"height\":576,\"caption\":\"Foto: Video Screenshot\"},{\"@type\":\"BreadcrumbList\",\"@id\":\"https:\\\/\\\/www.meydan.tv\\\/az\\\/article\\\/erm%c9%99nistan-parlamentind%c9%99-deputatlar-arasinda-qarsidurma-yasanib\\\/#breadcrumb\",\"itemListElement\":[{\"@type\":\"ListItem\",\"position\":1,\"name\":\"Ana s\u0259hif\u0259\",\"item\":\"https:\\\/\\\/www.meydan.tv\\\/az\\\/\"},{\"@type\":\"ListItem\",\"position\":2,\"name\":\"D\u00fcnya\",\"item\":\"https:\\\/\\\/www.meydan.tv\\\/az\\\/section\\\/dunya\\\/\"},{\"@type\":\"ListItem\",\"position\":3,\"name\":\"Erm\u0259nistan parlamentind\u0259 deputatlar aras\u0131nda qar\u015f\u0131durma ya\u015fan\u0131b\"}]},{\"@type\":\"WebSite\",\"@id\":\"https:\\\/\\\/www.meydan.tv\\\/az\\\/#website\",\"url\":\"https:\\\/\\\/www.meydan.tv\\\/az\\\/\",\"name\":\"MEYDAN.TV\",\"description\":\"Meydan TV Az\u0259rbaycan\u0131n media m\u0259kan\u0131ndak\u0131 alternativ s\u0259sidir\",\"publisher\":{\"@id\":\"https:\\\/\\\/www.meydan.tv\\\/az\\\/#organization\"},\"potentialAction\":[{\"@type\":\"SearchAction\",\"target\":{\"@type\":\"EntryPoint\",\"urlTemplate\":\"https:\\\/\\\/www.meydan.tv\\\/az\\\/?s={search_term_string}\"},\"query-input\":{\"@type\":\"PropertyValueSpecification\",\"valueRequired\":true,\"valueName\":\"search_term_string\"}}],\"inLanguage\":\"az\"},{\"@type\":\"Organization\",\"@id\":\"https:\\\/\\\/www.meydan.tv\\\/az\\\/#organization\",\"name\":\"Meydan TV\",\"url\":\"https:\\\/\\\/www.meydan.tv\\\/az\\\/\",\"logo\":{\"@type\":\"ImageObject\",\"inLanguage\":\"az\",\"@id\":\"https:\\\/\\\/www.meydan.tv\\\/az\\\/#\\\/schema\\\/logo\\\/image\\\/\",\"url\":\"https:\\\/\\\/www.meydan.tv\\\/wp-content\\\/uploads\\\/2021\\\/07\\\/meydan-logo.svg\",\"contentUrl\":\"https:\\\/\\\/www.meydan.tv\\\/wp-content\\\/uploads\\\/2021\\\/07\\\/meydan-logo.svg\",\"width\":195,\"height\":46,\"caption\":\"Meydan TV\"},\"image\":{\"@id\":\"https:\\\/\\\/www.meydan.tv\\\/az\\\/#\\\/schema\\\/logo\\\/image\\\/\"}},{\"@type\":\"Person\",\"@id\":\"https:\\\/\\\/www.meydan.tv\\\/az\\\/#\\\/schema\\\/person\\\/09863e516102a829e72bedcf3f84c6b0\",\"name\":\"mahmud\"}]}<\/script>\n<!-- \/ Yoast SEO plugin. -->","yoast_head_json":{"title":"Erm\u0259nistan parlamentind\u0259 deputatlar aras\u0131nda qar\u015f\u0131durma ya\u015fan\u0131b - MEYDAN.TV","robots":{"index":"index","follow":"follow","max-snippet":"max-snippet:-1","max-image-preview":"max-image-preview:large","max-video-preview":"max-video-preview:-1"},"canonical":"https:\/\/www.meydan.tv\/az\/article\/erm%c9%99nistan-parlamentind%c9%99-deputatlar-arasinda-qarsidurma-yasanib\/","og_locale":"az_AZ","og_type":"article","og_title":"Erm\u0259nistan parlamentind\u0259 deputatlar aras\u0131nda qar\u015f\u0131durma ya\u015fan\u0131b - MEYDAN.TV","og_description":"Bir deputat dig\u0259rin\u0259 su butulkas\u0131 at\u0131b Erm\u0259nistan parlamentind\u0259 deputatlar aras\u0131nda ... Davam\u0131","og_url":"https:\/\/www.meydan.tv\/az\/article\/erm%c9%99nistan-parlamentind%c9%99-deputatlar-arasinda-qarsidurma-yasanib\/","og_site_name":"MEYDAN.TV","article_published_time":"2025-07-03T14:17:40+00:00","article_modified_time":"2025-07-03T14:17:43+00:00","og_image":[{"width":1179,"height":576,"url":"https:\/\/www.meydan.tv\/wp-content\/uploads\/0980-5.png","type":"image\/png"}],"author":"mahmud","twitter_card":"summary_large_image","schema":{"@context":"https:\/\/schema.org","@graph":[{"@type":"Article","@id":"https:\/\/www.meydan.tv\/az\/article\/erm%c9%99nistan-parlamentind%c9%99-deputatlar-arasinda-qarsidurma-yasanib\/#article","isPartOf":{"@id":"https:\/\/www.meydan.tv\/az\/article\/erm%c9%99nistan-parlamentind%c9%99-deputatlar-arasinda-qarsidurma-yasanib\/"},"author":{"name":"mahmud","@id":"https:\/\/www.meydan.tv\/az\/#\/schema\/person\/09863e516102a829e72bedcf3f84c6b0"},"headline":"Erm\u0259nistan parlamentind\u0259 deputatlar aras\u0131nda qar\u015f\u0131durma ya\u015fan\u0131b","datePublished":"2025-07-03T14:17:40+00:00","dateModified":"2025-07-03T14:17:43+00:00","mainEntityOfPage":{"@id":"https:\/\/www.meydan.tv\/az\/article\/erm%c9%99nistan-parlamentind%c9%99-deputatlar-arasinda-qarsidurma-yasanib\/"},"wordCount":444,"publisher":{"@id":"https:\/\/www.meydan.tv\/az\/#organization"},"image":{"@id":"https:\/\/www.meydan.tv\/az\/article\/erm%c9%99nistan-parlamentind%c9%99-deputatlar-arasinda-qarsidurma-yasanib\/#primaryimage"},"thumbnailUrl":"https:\/\/www.meydan.tv\/wp-content\/uploads\/0980-5.png","articleSection":["D\u00fcnya","X\u0259b\u0259rl\u0259r"],"inLanguage":"az"},{"@type":"WebPage","@id":"https:\/\/www.meydan.tv\/az\/article\/erm%c9%99nistan-parlamentind%c9%99-deputatlar-arasinda-qarsidurma-yasanib\/","url":"https:\/\/www.meydan.tv\/az\/article\/erm%c9%99nistan-parlamentind%c9%99-deputatlar-arasinda-qarsidurma-yasanib\/","name":"Erm\u0259nistan parlamentind\u0259 deputatlar aras\u0131nda qar\u015f\u0131durma ya\u015fan\u0131b - MEYDAN.TV","isPartOf":{"@id":"https:\/\/www.meydan.tv\/az\/#website"},"primaryImageOfPage":{"@id":"https:\/\/www.meydan.tv\/az\/article\/erm%c9%99nistan-parlamentind%c9%99-deputatlar-arasinda-qarsidurma-yasanib\/#primaryimage"},"image":{"@id":"https:\/\/www.meydan.tv\/az\/article\/erm%c9%99nistan-parlamentind%c9%99-deputatlar-arasinda-qarsidurma-yasanib\/#primaryimage"},"thumbnailUrl":"https:\/\/www.meydan.tv\/wp-content\/uploads\/0980-5.png","datePublished":"2025-07-03T14:17:40+00:00","dateModified":"2025-07-03T14:17:43+00:00","breadcrumb":{"@id":"https:\/\/www.meydan.tv\/az\/article\/erm%c9%99nistan-parlamentind%c9%99-deputatlar-arasinda-qarsidurma-yasanib\/#breadcrumb"},"inLanguage":"az","potentialAction":[{"@type":"ReadAction","target":["https:\/\/www.meydan.tv\/az\/article\/erm%c9%99nistan-parlamentind%c9%99-deputatlar-arasinda-qarsidurma-yasanib\/"]}]},{"@type":"ImageObject","inLanguage":"az","@id":"https:\/\/www.meydan.tv\/az\/article\/erm%c9%99nistan-parlamentind%c9%99-deputatlar-arasinda-qarsidurma-yasanib\/#primaryimage","url":"https:\/\/www.meydan.tv\/wp-content\/uploads\/0980-5.png","contentUrl":"https:\/\/www.meydan.tv\/wp-content\/uploads\/0980-5.png","width":1179,"height":576,"caption":"Foto: Video Screenshot"},{"@type":"BreadcrumbList","@id":"https:\/\/www.meydan.tv\/az\/article\/erm%c9%99nistan-parlamentind%c9%99-deputatlar-arasinda-qarsidurma-yasanib\/#breadcrumb","itemListElement":[{"@type":"ListItem","position":1,"name":"Ana s\u0259hif\u0259","item":"https:\/\/www.meydan.tv\/az\/"},{"@type":"ListItem","position":2,"name":"D\u00fcnya","item":"https:\/\/www.meydan.tv\/az\/section\/dunya\/"},{"@type":"ListItem","position":3,"name":"Erm\u0259nistan parlamentind\u0259 deputatlar aras\u0131nda qar\u015f\u0131durma ya\u015fan\u0131b"}]},{"@type":"WebSite","@id":"https:\/\/www.meydan.tv\/az\/#website","url":"https:\/\/www.meydan.tv\/az\/","name":"MEYDAN.TV","description":"Meydan TV Az\u0259rbaycan\u0131n media m\u0259kan\u0131ndak\u0131 alternativ s\u0259sidir","publisher":{"@id":"https:\/\/www.meydan.tv\/az\/#organization"},"potentialAction":[{"@type":"SearchAction","target":{"@type":"EntryPoint","urlTemplate":"https:\/\/www.meydan.tv\/az\/?s={search_term_string}"},"query-input":{"@type":"PropertyValueSpecification","valueRequired":true,"valueName":"search_term_string"}}],"inLanguage":"az"},{"@type":"Organization","@id":"https:\/\/www.meydan.tv\/az\/#organization","name":"Meydan TV","url":"https:\/\/www.meydan.tv\/az\/","logo":{"@type":"ImageObject","inLanguage":"az","@id":"https:\/\/www.meydan.tv\/az\/#\/schema\/logo\/image\/","url":"https:\/\/www.meydan.tv\/wp-content\/uploads\/2021\/07\/meydan-logo.svg","contentUrl":"https:\/\/www.meydan.tv\/wp-content\/uploads\/2021\/07\/meydan-logo.svg","width":195,"height":46,"caption":"Meydan TV"},"image":{"@id":"https:\/\/www.meydan.tv\/az\/#\/schema\/logo\/image\/"}},{"@type":"Person","@id":"https:\/\/www.meydan.tv\/az\/#\/schema\/person\/09863e516102a829e72bedcf3f84c6b0","name":"mahmud"}]}},"_links":{"self":[{"href":"https:\/\/www.meydan.tv\/az\/wp-json\/wp\/v2\/posts\/332710","targetHints":{"allow":["GET"]}}],"collection":[{"href":"https:\/\/www.meydan.tv\/az\/wp-json\/wp\/v2\/posts"}],"about":[{"href":"https:\/\/www.meydan.tv\/az\/wp-json\/wp\/v2\/types\/post"}],"author":[{"embeddable":true,"href":"https:\/\/www.meydan.tv\/az\/wp-json\/wp\/v2\/users\/21"}],"replies":[{"embeddable":true,"href":"https:\/\/www.meydan.tv\/az\/wp-json\/wp\/v2\/comments?post=332710"}],"version-history":[{"count":3,"href":"https:\/\/www.meydan.tv\/az\/wp-json\/wp\/v2\/posts\/332710\/revisions"}],"predecessor-version":[{"id":332716,"href":"https:\/\/www.meydan.tv\/az\/wp-json\/wp\/v2\/posts\/332710\/revisions\/332716"}],"wp:featuredmedia":[{"embeddable":true,"href":"https:\/\/www.meydan.tv\/az\/wp-json\/wp\/v2\/media\/332713"}],"wp:attachment":[{"href":"https:\/\/www.meydan.tv\/az\/wp-json\/wp\/v2\/media?parent=332710"}],"wp:term":[{"taxonomy":"category","embeddable":true,"href":"https:\/\/www.meydan.tv\/az\/wp-json\/wp\/v2\/categories?post=332710"},{"taxonomy":"post_tag","embeddable":true,"href":"https:\/\/www.meydan.tv\/az\/wp-json\/wp\/v2\/tags?post=332710"}],"curies":[{"name":"wp","href":"https:\/\/api.w.org\/{rel}","templated":true}]}}