{"id":332705,"date":"2025-07-03T17:27:51","date_gmt":"2025-07-03T13:27:51","guid":{"rendered":"https:\/\/www.meydan.tv\/?p=332705"},"modified":"2025-07-03T17:27:54","modified_gmt":"2025-07-03T13:27:54","slug":"amnesty-international-rusiya-v%c9%99-az%c9%99rbaycanda-v%c9%99t%c9%99ndaslara-qarsi-r%c9%99ftara-munasib%c9%99t-bildirib","status":"publish","type":"post","link":"https:\/\/www.meydan.tv\/az\/article\/amnesty-international-rusiya-v%c9%99-az%c9%99rbaycanda-v%c9%99t%c9%99ndaslara-qarsi-r%c9%99ftara-munasib%c9%99t-bildirib\/","title":{"rendered":"\u201cAmnesty International\u201d Rusiya v\u0259 Az\u0259rbaycanda v\u0259t\u0259nda\u015flara qar\u015f\u0131 r\u0259ftara m\u00fcnasib\u0259t bildirib"},"content":{"rendered":"\n<p><\/p>\n\n\n\n<p><em><strong>\u201cRusiya v\u0259 Az\u0259rbaycan hakimiyy\u0259ti insanlar\u0131n l\u0259yaq\u0259tin\u0259 h\u00f6rm\u0259t etm\u0259yibl\u0259r\u201d<\/strong><\/em><\/p>\n\n\n\n<p>\u201cAmnesty International\u201d insan haqlar\u0131 \u00fczr\u0259 beyn\u0259lxalq qeyri-h\u00f6kum\u0259t t\u0259\u015fkilat\u0131 son g\u00fcnl\u0259r Rusiya v\u0259 Az\u0259rbaycanda h\u0259r iki \u00f6lk\u0259 v\u0259t\u0259nda\u015flar\u0131n\u0131n k\u00fctl\u0259vi saxlanmas\u0131, i\u015fg\u0259nc\u0259 v\u0259 q\u0259ddar r\u0259ftar g\u00f6rm\u0259sin\u0259 m\u00fcnasib\u0259t <a href=\"https:\/\/eurasia.amnesty.org\/2025\/07\/03\/vlasti-azerbajdzhana-i-rossii-dolzhny-rassledovat-predpolagaemye-zloupotrebleniya-v-otnoshenii-zaderzhannyh-v-hode-policzejskih-operaczij\/\" target=\"_blank\" rel=\"noreferrer noopener\">bildirib<\/a>.<\/p>\n\n\n\n<p>T\u0259\u015fkilat\u0131n \u015e\u0259rqi Avropa v\u0259 M\u0259rk\u0259zi Asiya \u00fczr\u0259 direktoru Mari Strazers deyib ki, h\u0259r iki \u00f6lk\u0259d\u0259 polis \u0259m\u0259liyyatlar\u0131 zaman\u0131 h\u00fcquq pozuntular\u0131 ara\u015fd\u0131r\u0131lmal\u0131d\u0131r:<\/p>\n\n\n\n<p><em>\u201cRusiya v\u0259 Az\u0259rbaycan hakimiyy\u0259ti insanlar\u0131n l\u0259yaq\u0259tin\u0259 h\u00f6rm\u0259t etm\u0259yibl\u0259r v\u0259 insan h\u00fcquqlar\u0131na dair \u00f6hd\u0259likl\u0259rini pozublar. \u0130\u015fg\u0259nc\u0259 v\u0259 q\u0259ddar r\u0259ftarlar beyn\u0259lxalq qanunlarla q\u0259ti qada\u011fan olunub v\u0259 buna he\u00e7 bir b\u0259ra\u0259t ola bilm\u0259z. Ba\u015f ver\u0259nl\u0259r insanlar\u0131n etnik m\u0259nsubiyy\u0259tin\u0259 g\u00f6r\u0259 ayr\u0131-se\u00e7kilik ed\u0259n polis \u0259m\u0259liyyatlar\u0131n\u0131 davam\u0131d\u0131r\u201d.<\/em><\/p>\n\n\n\n<p>Strazersin s\u00f6zl\u0259rin\u0259 g\u00f6r\u0259,&nbsp; d\u00f6vl\u0259tl\u0259r aras\u0131nda siyasi g\u0259rginlik olsa da, h\u0259bs edil\u0259n insanlar\u0131n h\u00fcquqlar\u0131 qorunmal\u0131d\u0131r:<\/p>\n\n\n\n<p><em>\u201cOnlara \u0259dal\u0259tli h\u00fcquqi prosedurlar t\u0259tbiq edilm\u0259lidir. Rusiya v\u0259 Az\u0259rbaycan hakimiyy\u0259ti qanunsuz q\u0259tll\u0259r, i\u015fg\u0259nc\u0259l\u0259r v\u0259 ba\u015fqa zorak\u0131l\u0131q hallar\u0131n\u0131 t\u0259cili olaraq diqq\u0259tl\u0259, m\u00fcst\u0259qil v\u0259 obyektiv \u015f\u0259kild\u0259 ara\u015fd\u0131rmal\u0131, g\u00fcnahkarlar\u0131 m\u0259suliyy\u0259t\u0259 c\u0259lb etm\u0259lidir\u201d.<\/em><\/p>\n\n\n\n<p>\u0130yunun 27-d\u0259 Rusiya h\u00fcquq-m\u00fchafiz\u0259 orqanlar\u0131 Yekaterinburqda t\u0259xmin\u0259n 50 az\u0259rbaycanl\u0131n\u0131 saxlay\u0131blar.<\/p>\n\n\n\n<p>\u018fm\u0259liyyat\u0131n 2001-ci ild\u0259 t\u00f6r\u0259dilmi\u015f q\u0259tlin v\u0259 dig\u0259r ke\u00e7mi\u015f cinay\u0259tl\u0259rin ara\u015fd\u0131r\u0131lmas\u0131 il\u0259 ba\u011fl\u0131 apar\u0131ld\u0131\u011f\u0131 bildirilib.<\/p>\n\n\n\n<p>Alt\u0131 \u015f\u0259xs\u0259 ittihamlar ir\u0259li s\u00fcr\u00fcl\u00fcb v\u0259 onlar h\u0259bsxanaya yerl\u0259\u015fdirilibl\u0259r, dig\u0259r \u015f\u0259xsl\u0259r is\u0259 dindirildikd\u0259n sonra azad edilibl\u0259r.<\/p>\n\n\n\n<p>Hadis\u0259 n\u0259tic\u0259sind\u0259 Ziy\u0259ddin v\u0259 H\u00fcseyn S\u0259f\u0259rovlar h\u0259yatlar\u0131n\u0131 itiribl\u0259r.<\/p>\n\n\n\n<p>Rusiya qarda\u015flardan birinin \u00f6l\u00fcm\u00fcn\u00fcn s\u0259b\u0259bi kimi \u00fcr\u0259k \u00e7at\u0131\u015fmazl\u0131\u011f\u0131n\u0131 g\u00f6st\u0259rib. Dig\u0259rinin \u00f6l\u00fcm s\u0259b\u0259binin ara\u015fd\u0131r\u0131ld\u0131\u011f\u0131 qeyd edilib.<\/p>\n\n\n\n<p>Az\u0259rbaycan t\u0259r\u0259fi is\u0259 ekspertizadan sonra bildirib ki, qarda\u015flar i\u015fg\u0259nc\u0259 v\u0259 h\u0259bsxanada ald\u0131qlar\u0131 \u00e7oxsayl\u0131 x\u0259sar\u0259tl\u0259r n\u0259tic\u0259sind\u0259 v\u0259fat edibl\u0259r.<\/p>\n\n\n\n<p>Buna cavab olaraq Az\u0259rbaycan Daxili \u0130\u015fl\u0259r Nazirliyi iyunun 30-dan iyulun 1-n\u0259 q\u0259d\u0259r Bak\u0131da bir ne\u00e7\u0259 Rusiya v\u0259t\u0259nda\u015f\u0131n\u0131 saxlay\u0131b.<\/p>\n\n\n\n<p>Onlara casusluqdan tutmu\u015f qanunsuz narkotik d\u00f6vriyy\u0259si v\u0259 kiberh\u00fccumlara q\u0259d\u0259r m\u00fcxt\u0259lif ittihamlar ir\u0259li s\u00fcr\u00fcl\u00fcb.<\/p>\n\n\n\n<p>Saxlan\u0131lanlar aras\u0131nda \u201cSputnik Az\u0259rbaycan\u201d\u0131n ofisind\u0259 ke\u00e7iril\u0259n axtar\u0131\u015f zaman\u0131 h\u0259bs edil\u0259n icra\u00e7\u0131 direktor \u0130qor Kartav\u0131x v\u0259 ba\u015f redaktor Yevgeniy Belousov da var.<\/p>\n\n\n\n<p>Onlar\u0131n bar\u0259sind\u0259 4 ayl\u0131q h\u0259bs q\u0259timkan t\u0259dbiri se\u00e7ilib.<\/p>\n\n\n\n<p>Dig\u0259r saxlan\u0131lanlar\u0131n b\u0259zil\u0259ri Rusiya-Ukrayna m\u00fcharib\u0259si ba\u015flayandan sonra \u00f6lk\u0259ni t\u0259rk ed\u0259n&nbsp; \u0130T m\u00fct\u0259x\u0259ssisl\u0259ridir.<\/p>\n\n\n\n<p>Az\u0259rbaycan h\u00fcquq-m\u00fchafiz\u0259 orqanlar\u0131n\u0131n yay\u0131mlad\u0131\u011f\u0131 video v\u0259 fotolarda, h\u0259m\u00e7inin m\u0259hk\u0259m\u0259d\u0259 \u00e7\u0259kil\u0259n \u015f\u0259kill\u0259rd\u0259 saxlan\u0131lanlar\u0131n 7 n\u0259f\u0259r oldu\u011fu v\u0259 onlar\u0131n m\u00fcxt\u0259lif x\u0259sar\u0259tl\u0259r ald\u0131\u011f\u0131 g\u00f6r\u00fcn\u00fcr.<\/p>\n\n\n\n<p>\u201cMeduza\u201d <a href=\"https:\/\/storage.googleapis.com\/qurium\/www.meydan.tv\/az-article-az%c9%99rbaycanda-h%c9%99bs-olunan-rusiya-v%c9%99t%c9%99ndaslari-kiml%c9%99rdir.html\" target=\"_blank\" rel=\"noreferrer noopener\">yaz\u0131r<\/a> ki, onlar 7 yox, 10 n\u0259f\u0259rdirl\u0259r. Aralar\u0131nda biznesmen, informasiya texnologiyalar\u0131 m\u00fct\u0259x\u0259ssisl\u0259ri v\u0259 turistl\u0259r d\u0259 var. Onlardan yaln\u0131z 9-nun kimliyi m\u00fc\u0259yy\u0259nl\u0259\u015fdirilib.<\/p>\n\n\n\n<p><\/p>\n","protected":false},"excerpt":{"rendered":"<p>\u201cRusiya v\u0259 Az\u0259rbaycan hakimiyy\u0259ti insanlar\u0131n l\u0259yaq\u0259tin\u0259 h\u00f6rm\u0259t etm\u0259yibl\u0259r\u201d \u201cAmnesty International\u201d &#8230; <\/p>\n<p class=\"read-more-container\"><a title=\"\u201cAmnesty International\u201d Rusiya v\u0259 Az\u0259rbaycanda v\u0259t\u0259nda\u015flara qar\u015f\u0131 r\u0259ftara m\u00fcnasib\u0259t bildirib\" class=\"read-more button\" href=\"https:\/\/www.meydan.tv\/az\/article\/amnesty-international-rusiya-v%c9%99-az%c9%99rbaycanda-v%c9%99t%c9%99ndaslara-qarsi-r%c9%99ftara-munasib%c9%99t-bildirib\/#more-332705\" aria-label=\"Read more about \u201cAmnesty International\u201d Rusiya v\u0259 Az\u0259rbaycanda v\u0259t\u0259nda\u015flara qar\u015f\u0131 r\u0259ftara m\u00fcnasib\u0259t bildirib\">Davam\u0131<\/a><\/p>\n","protected":false},"author":21,"featured_media":282949,"comment_status":"closed","ping_status":"closed","sticky":false,"template":"","format":"standard","meta":{"_acf_changed":false,"_sitemap_exclude":false,"_sitemap_priority":"","_sitemap_frequency":"","footnotes":""},"categories":[59,79,56],"tags":[],"class_list":["post-332705","post","type-post","status-publish","format-standard","has-post-thumbnail","hentry","category-siyaset","category-featured","category-xeberler","infinite-scroll-item","generate-columns","tablet-grid-50","mobile-grid-100","grid-parent","grid-33","no-featured-image-padding"],"acf":[],"yoast_head":"<!-- This site is optimized with the Yoast SEO plugin v27.5 - https:\/\/yoast.com\/product\/yoast-seo-wordpress\/ -->\n<title>\u201cAmnesty International\u201d Rusiya v\u0259 Az\u0259rbaycanda v\u0259t\u0259nda\u015flara qar\u015f\u0131 r\u0259ftara m\u00fcnasib\u0259t bildirib - MEYDAN.TV<\/title>\n<meta name=\"robots\" content=\"index, follow, max-snippet:-1, max-image-preview:large, max-video-preview:-1\" \/>\n<link rel=\"canonical\" href=\"https:\/\/www.meydan.tv\/az\/article\/amnesty-international-rusiya-v%c9%99-az%c9%99rbaycanda-v%c9%99t%c9%99ndaslara-qarsi-r%c9%99ftara-munasib%c9%99t-bildirib\/\" \/>\n<meta property=\"og:locale\" content=\"az_AZ\" \/>\n<meta property=\"og:type\" content=\"article\" \/>\n<meta property=\"og:title\" content=\"\u201cAmnesty International\u201d Rusiya v\u0259 Az\u0259rbaycanda v\u0259t\u0259nda\u015flara qar\u015f\u0131 r\u0259ftara m\u00fcnasib\u0259t bildirib - MEYDAN.TV\" \/>\n<meta property=\"og:description\" content=\"\u201cRusiya v\u0259 Az\u0259rbaycan hakimiyy\u0259ti insanlar\u0131n l\u0259yaq\u0259tin\u0259 h\u00f6rm\u0259t etm\u0259yibl\u0259r\u201d \u201cAmnesty International\u201d ... Davam\u0131\" \/>\n<meta property=\"og:url\" content=\"https:\/\/www.meydan.tv\/az\/article\/amnesty-international-rusiya-v%c9%99-az%c9%99rbaycanda-v%c9%99t%c9%99ndaslara-qarsi-r%c9%99ftara-munasib%c9%99t-bildirib\/\" \/>\n<meta property=\"og:site_name\" content=\"MEYDAN.TV\" \/>\n<meta property=\"article:published_time\" content=\"2025-07-03T13:27:51+00:00\" \/>\n<meta property=\"article:modified_time\" content=\"2025-07-03T13:27:54+00:00\" \/>\n<meta property=\"og:image\" content=\"https:\/\/www.meydan.tv\/wp-content\/uploads\/amnesty-3.jpg\" \/>\n\t<meta property=\"og:image:width\" content=\"1501\" \/>\n\t<meta property=\"og:image:height\" content=\"800\" \/>\n\t<meta property=\"og:image:type\" content=\"image\/jpeg\" \/>\n<meta name=\"author\" content=\"mahmud\" \/>\n<meta name=\"twitter:card\" content=\"summary_large_image\" \/>\n<script type=\"application\/ld+json\" class=\"yoast-schema-graph\">{\"@context\":\"https:\\\/\\\/schema.org\",\"@graph\":[{\"@type\":\"Article\",\"@id\":\"https:\\\/\\\/www.meydan.tv\\\/az\\\/article\\\/amnesty-international-rusiya-v%c9%99-az%c9%99rbaycanda-v%c9%99t%c9%99ndaslara-qarsi-r%c9%99ftara-munasib%c9%99t-bildirib\\\/#article\",\"isPartOf\":{\"@id\":\"https:\\\/\\\/www.meydan.tv\\\/az\\\/article\\\/amnesty-international-rusiya-v%c9%99-az%c9%99rbaycanda-v%c9%99t%c9%99ndaslara-qarsi-r%c9%99ftara-munasib%c9%99t-bildirib\\\/\"},\"author\":{\"name\":\"mahmud\",\"@id\":\"https:\\\/\\\/www.meydan.tv\\\/az\\\/#\\\/schema\\\/person\\\/09863e516102a829e72bedcf3f84c6b0\"},\"headline\":\"\u201cAmnesty International\u201d Rusiya v\u0259 Az\u0259rbaycanda v\u0259t\u0259nda\u015flara qar\u015f\u0131 r\u0259ftara m\u00fcnasib\u0259t bildirib\",\"datePublished\":\"2025-07-03T13:27:51+00:00\",\"dateModified\":\"2025-07-03T13:27:54+00:00\",\"mainEntityOfPage\":{\"@id\":\"https:\\\/\\\/www.meydan.tv\\\/az\\\/article\\\/amnesty-international-rusiya-v%c9%99-az%c9%99rbaycanda-v%c9%99t%c9%99ndaslara-qarsi-r%c9%99ftara-munasib%c9%99t-bildirib\\\/\"},\"wordCount\":635,\"publisher\":{\"@id\":\"https:\\\/\\\/www.meydan.tv\\\/az\\\/#organization\"},\"image\":{\"@id\":\"https:\\\/\\\/www.meydan.tv\\\/az\\\/article\\\/amnesty-international-rusiya-v%c9%99-az%c9%99rbaycanda-v%c9%99t%c9%99ndaslara-qarsi-r%c9%99ftara-munasib%c9%99t-bildirib\\\/#primaryimage\"},\"thumbnailUrl\":\"https:\\\/\\\/www.meydan.tv\\\/wp-content\\\/uploads\\\/amnesty-3.jpg\",\"articleSection\":[\"Siyas\u0259t\",\"T\u00f6vsiy\u0259\",\"X\u0259b\u0259rl\u0259r\"],\"inLanguage\":\"az\"},{\"@type\":\"WebPage\",\"@id\":\"https:\\\/\\\/www.meydan.tv\\\/az\\\/article\\\/amnesty-international-rusiya-v%c9%99-az%c9%99rbaycanda-v%c9%99t%c9%99ndaslara-qarsi-r%c9%99ftara-munasib%c9%99t-bildirib\\\/\",\"url\":\"https:\\\/\\\/www.meydan.tv\\\/az\\\/article\\\/amnesty-international-rusiya-v%c9%99-az%c9%99rbaycanda-v%c9%99t%c9%99ndaslara-qarsi-r%c9%99ftara-munasib%c9%99t-bildirib\\\/\",\"name\":\"\u201cAmnesty International\u201d Rusiya v\u0259 Az\u0259rbaycanda v\u0259t\u0259nda\u015flara qar\u015f\u0131 r\u0259ftara m\u00fcnasib\u0259t bildirib - MEYDAN.TV\",\"isPartOf\":{\"@id\":\"https:\\\/\\\/www.meydan.tv\\\/az\\\/#website\"},\"primaryImageOfPage\":{\"@id\":\"https:\\\/\\\/www.meydan.tv\\\/az\\\/article\\\/amnesty-international-rusiya-v%c9%99-az%c9%99rbaycanda-v%c9%99t%c9%99ndaslara-qarsi-r%c9%99ftara-munasib%c9%99t-bildirib\\\/#primaryimage\"},\"image\":{\"@id\":\"https:\\\/\\\/www.meydan.tv\\\/az\\\/article\\\/amnesty-international-rusiya-v%c9%99-az%c9%99rbaycanda-v%c9%99t%c9%99ndaslara-qarsi-r%c9%99ftara-munasib%c9%99t-bildirib\\\/#primaryimage\"},\"thumbnailUrl\":\"https:\\\/\\\/www.meydan.tv\\\/wp-content\\\/uploads\\\/amnesty-3.jpg\",\"datePublished\":\"2025-07-03T13:27:51+00:00\",\"dateModified\":\"2025-07-03T13:27:54+00:00\",\"breadcrumb\":{\"@id\":\"https:\\\/\\\/www.meydan.tv\\\/az\\\/article\\\/amnesty-international-rusiya-v%c9%99-az%c9%99rbaycanda-v%c9%99t%c9%99ndaslara-qarsi-r%c9%99ftara-munasib%c9%99t-bildirib\\\/#breadcrumb\"},\"inLanguage\":\"az\",\"potentialAction\":[{\"@type\":\"ReadAction\",\"target\":[\"https:\\\/\\\/www.meydan.tv\\\/az\\\/article\\\/amnesty-international-rusiya-v%c9%99-az%c9%99rbaycanda-v%c9%99t%c9%99ndaslara-qarsi-r%c9%99ftara-munasib%c9%99t-bildirib\\\/\"]}]},{\"@type\":\"ImageObject\",\"inLanguage\":\"az\",\"@id\":\"https:\\\/\\\/www.meydan.tv\\\/az\\\/article\\\/amnesty-international-rusiya-v%c9%99-az%c9%99rbaycanda-v%c9%99t%c9%99ndaslara-qarsi-r%c9%99ftara-munasib%c9%99t-bildirib\\\/#primaryimage\",\"url\":\"https:\\\/\\\/www.meydan.tv\\\/wp-content\\\/uploads\\\/amnesty-3.jpg\",\"contentUrl\":\"https:\\\/\\\/www.meydan.tv\\\/wp-content\\\/uploads\\\/amnesty-3.jpg\",\"width\":1501,\"height\":800,\"caption\":\"Amnesty International\"},{\"@type\":\"BreadcrumbList\",\"@id\":\"https:\\\/\\\/www.meydan.tv\\\/az\\\/article\\\/amnesty-international-rusiya-v%c9%99-az%c9%99rbaycanda-v%c9%99t%c9%99ndaslara-qarsi-r%c9%99ftara-munasib%c9%99t-bildirib\\\/#breadcrumb\",\"itemListElement\":[{\"@type\":\"ListItem\",\"position\":1,\"name\":\"Ana s\u0259hif\u0259\",\"item\":\"https:\\\/\\\/www.meydan.tv\\\/az\\\/\"},{\"@type\":\"ListItem\",\"position\":2,\"name\":\"X\u0259b\u0259rl\u0259r\",\"item\":\"https:\\\/\\\/www.meydan.tv\\\/az\\\/section\\\/xeberler\\\/\"},{\"@type\":\"ListItem\",\"position\":3,\"name\":\"\u201cAmnesty International\u201d Rusiya v\u0259 Az\u0259rbaycanda v\u0259t\u0259nda\u015flara qar\u015f\u0131 r\u0259ftara m\u00fcnasib\u0259t bildirib\"}]},{\"@type\":\"WebSite\",\"@id\":\"https:\\\/\\\/www.meydan.tv\\\/az\\\/#website\",\"url\":\"https:\\\/\\\/www.meydan.tv\\\/az\\\/\",\"name\":\"MEYDAN.TV\",\"description\":\"Meydan TV Az\u0259rbaycan\u0131n media m\u0259kan\u0131ndak\u0131 alternativ s\u0259sidir\",\"publisher\":{\"@id\":\"https:\\\/\\\/www.meydan.tv\\\/az\\\/#organization\"},\"potentialAction\":[{\"@type\":\"SearchAction\",\"target\":{\"@type\":\"EntryPoint\",\"urlTemplate\":\"https:\\\/\\\/www.meydan.tv\\\/az\\\/?s={search_term_string}\"},\"query-input\":{\"@type\":\"PropertyValueSpecification\",\"valueRequired\":true,\"valueName\":\"search_term_string\"}}],\"inLanguage\":\"az\"},{\"@type\":\"Organization\",\"@id\":\"https:\\\/\\\/www.meydan.tv\\\/az\\\/#organization\",\"name\":\"Meydan TV\",\"url\":\"https:\\\/\\\/www.meydan.tv\\\/az\\\/\",\"logo\":{\"@type\":\"ImageObject\",\"inLanguage\":\"az\",\"@id\":\"https:\\\/\\\/www.meydan.tv\\\/az\\\/#\\\/schema\\\/logo\\\/image\\\/\",\"url\":\"https:\\\/\\\/www.meydan.tv\\\/wp-content\\\/uploads\\\/2021\\\/07\\\/meydan-logo.svg\",\"contentUrl\":\"https:\\\/\\\/www.meydan.tv\\\/wp-content\\\/uploads\\\/2021\\\/07\\\/meydan-logo.svg\",\"width\":195,\"height\":46,\"caption\":\"Meydan TV\"},\"image\":{\"@id\":\"https:\\\/\\\/www.meydan.tv\\\/az\\\/#\\\/schema\\\/logo\\\/image\\\/\"}},{\"@type\":\"Person\",\"@id\":\"https:\\\/\\\/www.meydan.tv\\\/az\\\/#\\\/schema\\\/person\\\/09863e516102a829e72bedcf3f84c6b0\",\"name\":\"mahmud\"}]}<\/script>\n<!-- \/ Yoast SEO plugin. -->","yoast_head_json":{"title":"\u201cAmnesty International\u201d Rusiya v\u0259 Az\u0259rbaycanda v\u0259t\u0259nda\u015flara qar\u015f\u0131 r\u0259ftara m\u00fcnasib\u0259t bildirib - MEYDAN.TV","robots":{"index":"index","follow":"follow","max-snippet":"max-snippet:-1","max-image-preview":"max-image-preview:large","max-video-preview":"max-video-preview:-1"},"canonical":"https:\/\/www.meydan.tv\/az\/article\/amnesty-international-rusiya-v%c9%99-az%c9%99rbaycanda-v%c9%99t%c9%99ndaslara-qarsi-r%c9%99ftara-munasib%c9%99t-bildirib\/","og_locale":"az_AZ","og_type":"article","og_title":"\u201cAmnesty International\u201d Rusiya v\u0259 Az\u0259rbaycanda v\u0259t\u0259nda\u015flara qar\u015f\u0131 r\u0259ftara m\u00fcnasib\u0259t bildirib - MEYDAN.TV","og_description":"\u201cRusiya v\u0259 Az\u0259rbaycan hakimiyy\u0259ti insanlar\u0131n l\u0259yaq\u0259tin\u0259 h\u00f6rm\u0259t etm\u0259yibl\u0259r\u201d \u201cAmnesty International\u201d ... Davam\u0131","og_url":"https:\/\/www.meydan.tv\/az\/article\/amnesty-international-rusiya-v%c9%99-az%c9%99rbaycanda-v%c9%99t%c9%99ndaslara-qarsi-r%c9%99ftara-munasib%c9%99t-bildirib\/","og_site_name":"MEYDAN.TV","article_published_time":"2025-07-03T13:27:51+00:00","article_modified_time":"2025-07-03T13:27:54+00:00","og_image":[{"width":1501,"height":800,"url":"https:\/\/www.meydan.tv\/wp-content\/uploads\/amnesty-3.jpg","type":"image\/jpeg"}],"author":"mahmud","twitter_card":"summary_large_image","schema":{"@context":"https:\/\/schema.org","@graph":[{"@type":"Article","@id":"https:\/\/www.meydan.tv\/az\/article\/amnesty-international-rusiya-v%c9%99-az%c9%99rbaycanda-v%c9%99t%c9%99ndaslara-qarsi-r%c9%99ftara-munasib%c9%99t-bildirib\/#article","isPartOf":{"@id":"https:\/\/www.meydan.tv\/az\/article\/amnesty-international-rusiya-v%c9%99-az%c9%99rbaycanda-v%c9%99t%c9%99ndaslara-qarsi-r%c9%99ftara-munasib%c9%99t-bildirib\/"},"author":{"name":"mahmud","@id":"https:\/\/www.meydan.tv\/az\/#\/schema\/person\/09863e516102a829e72bedcf3f84c6b0"},"headline":"\u201cAmnesty International\u201d Rusiya v\u0259 Az\u0259rbaycanda v\u0259t\u0259nda\u015flara qar\u015f\u0131 r\u0259ftara m\u00fcnasib\u0259t bildirib","datePublished":"2025-07-03T13:27:51+00:00","dateModified":"2025-07-03T13:27:54+00:00","mainEntityOfPage":{"@id":"https:\/\/www.meydan.tv\/az\/article\/amnesty-international-rusiya-v%c9%99-az%c9%99rbaycanda-v%c9%99t%c9%99ndaslara-qarsi-r%c9%99ftara-munasib%c9%99t-bildirib\/"},"wordCount":635,"publisher":{"@id":"https:\/\/www.meydan.tv\/az\/#organization"},"image":{"@id":"https:\/\/www.meydan.tv\/az\/article\/amnesty-international-rusiya-v%c9%99-az%c9%99rbaycanda-v%c9%99t%c9%99ndaslara-qarsi-r%c9%99ftara-munasib%c9%99t-bildirib\/#primaryimage"},"thumbnailUrl":"https:\/\/www.meydan.tv\/wp-content\/uploads\/amnesty-3.jpg","articleSection":["Siyas\u0259t","T\u00f6vsiy\u0259","X\u0259b\u0259rl\u0259r"],"inLanguage":"az"},{"@type":"WebPage","@id":"https:\/\/www.meydan.tv\/az\/article\/amnesty-international-rusiya-v%c9%99-az%c9%99rbaycanda-v%c9%99t%c9%99ndaslara-qarsi-r%c9%99ftara-munasib%c9%99t-bildirib\/","url":"https:\/\/www.meydan.tv\/az\/article\/amnesty-international-rusiya-v%c9%99-az%c9%99rbaycanda-v%c9%99t%c9%99ndaslara-qarsi-r%c9%99ftara-munasib%c9%99t-bildirib\/","name":"\u201cAmnesty International\u201d Rusiya v\u0259 Az\u0259rbaycanda v\u0259t\u0259nda\u015flara qar\u015f\u0131 r\u0259ftara m\u00fcnasib\u0259t bildirib - MEYDAN.TV","isPartOf":{"@id":"https:\/\/www.meydan.tv\/az\/#website"},"primaryImageOfPage":{"@id":"https:\/\/www.meydan.tv\/az\/article\/amnesty-international-rusiya-v%c9%99-az%c9%99rbaycanda-v%c9%99t%c9%99ndaslara-qarsi-r%c9%99ftara-munasib%c9%99t-bildirib\/#primaryimage"},"image":{"@id":"https:\/\/www.meydan.tv\/az\/article\/amnesty-international-rusiya-v%c9%99-az%c9%99rbaycanda-v%c9%99t%c9%99ndaslara-qarsi-r%c9%99ftara-munasib%c9%99t-bildirib\/#primaryimage"},"thumbnailUrl":"https:\/\/www.meydan.tv\/wp-content\/uploads\/amnesty-3.jpg","datePublished":"2025-07-03T13:27:51+00:00","dateModified":"2025-07-03T13:27:54+00:00","breadcrumb":{"@id":"https:\/\/www.meydan.tv\/az\/article\/amnesty-international-rusiya-v%c9%99-az%c9%99rbaycanda-v%c9%99t%c9%99ndaslara-qarsi-r%c9%99ftara-munasib%c9%99t-bildirib\/#breadcrumb"},"inLanguage":"az","potentialAction":[{"@type":"ReadAction","target":["https:\/\/www.meydan.tv\/az\/article\/amnesty-international-rusiya-v%c9%99-az%c9%99rbaycanda-v%c9%99t%c9%99ndaslara-qarsi-r%c9%99ftara-munasib%c9%99t-bildirib\/"]}]},{"@type":"ImageObject","inLanguage":"az","@id":"https:\/\/www.meydan.tv\/az\/article\/amnesty-international-rusiya-v%c9%99-az%c9%99rbaycanda-v%c9%99t%c9%99ndaslara-qarsi-r%c9%99ftara-munasib%c9%99t-bildirib\/#primaryimage","url":"https:\/\/www.meydan.tv\/wp-content\/uploads\/amnesty-3.jpg","contentUrl":"https:\/\/www.meydan.tv\/wp-content\/uploads\/amnesty-3.jpg","width":1501,"height":800,"caption":"Amnesty International"},{"@type":"BreadcrumbList","@id":"https:\/\/www.meydan.tv\/az\/article\/amnesty-international-rusiya-v%c9%99-az%c9%99rbaycanda-v%c9%99t%c9%99ndaslara-qarsi-r%c9%99ftara-munasib%c9%99t-bildirib\/#breadcrumb","itemListElement":[{"@type":"ListItem","position":1,"name":"Ana s\u0259hif\u0259","item":"https:\/\/www.meydan.tv\/az\/"},{"@type":"ListItem","position":2,"name":"X\u0259b\u0259rl\u0259r","item":"https:\/\/www.meydan.tv\/az\/section\/xeberler\/"},{"@type":"ListItem","position":3,"name":"\u201cAmnesty International\u201d Rusiya v\u0259 Az\u0259rbaycanda v\u0259t\u0259nda\u015flara qar\u015f\u0131 r\u0259ftara m\u00fcnasib\u0259t bildirib"}]},{"@type":"WebSite","@id":"https:\/\/www.meydan.tv\/az\/#website","url":"https:\/\/www.meydan.tv\/az\/","name":"MEYDAN.TV","description":"Meydan TV Az\u0259rbaycan\u0131n media m\u0259kan\u0131ndak\u0131 alternativ s\u0259sidir","publisher":{"@id":"https:\/\/www.meydan.tv\/az\/#organization"},"potentialAction":[{"@type":"SearchAction","target":{"@type":"EntryPoint","urlTemplate":"https:\/\/www.meydan.tv\/az\/?s={search_term_string}"},"query-input":{"@type":"PropertyValueSpecification","valueRequired":true,"valueName":"search_term_string"}}],"inLanguage":"az"},{"@type":"Organization","@id":"https:\/\/www.meydan.tv\/az\/#organization","name":"Meydan TV","url":"https:\/\/www.meydan.tv\/az\/","logo":{"@type":"ImageObject","inLanguage":"az","@id":"https:\/\/www.meydan.tv\/az\/#\/schema\/logo\/image\/","url":"https:\/\/www.meydan.tv\/wp-content\/uploads\/2021\/07\/meydan-logo.svg","contentUrl":"https:\/\/www.meydan.tv\/wp-content\/uploads\/2021\/07\/meydan-logo.svg","width":195,"height":46,"caption":"Meydan TV"},"image":{"@id":"https:\/\/www.meydan.tv\/az\/#\/schema\/logo\/image\/"}},{"@type":"Person","@id":"https:\/\/www.meydan.tv\/az\/#\/schema\/person\/09863e516102a829e72bedcf3f84c6b0","name":"mahmud"}]}},"_links":{"self":[{"href":"https:\/\/www.meydan.tv\/az\/wp-json\/wp\/v2\/posts\/332705","targetHints":{"allow":["GET"]}}],"collection":[{"href":"https:\/\/www.meydan.tv\/az\/wp-json\/wp\/v2\/posts"}],"about":[{"href":"https:\/\/www.meydan.tv\/az\/wp-json\/wp\/v2\/types\/post"}],"author":[{"embeddable":true,"href":"https:\/\/www.meydan.tv\/az\/wp-json\/wp\/v2\/users\/21"}],"replies":[{"embeddable":true,"href":"https:\/\/www.meydan.tv\/az\/wp-json\/wp\/v2\/comments?post=332705"}],"version-history":[{"count":2,"href":"https:\/\/www.meydan.tv\/az\/wp-json\/wp\/v2\/posts\/332705\/revisions"}],"predecessor-version":[{"id":332707,"href":"https:\/\/www.meydan.tv\/az\/wp-json\/wp\/v2\/posts\/332705\/revisions\/332707"}],"wp:featuredmedia":[{"embeddable":true,"href":"https:\/\/www.meydan.tv\/az\/wp-json\/wp\/v2\/media\/282949"}],"wp:attachment":[{"href":"https:\/\/www.meydan.tv\/az\/wp-json\/wp\/v2\/media?parent=332705"}],"wp:term":[{"taxonomy":"category","embeddable":true,"href":"https:\/\/www.meydan.tv\/az\/wp-json\/wp\/v2\/categories?post=332705"},{"taxonomy":"post_tag","embeddable":true,"href":"https:\/\/www.meydan.tv\/az\/wp-json\/wp\/v2\/tags?post=332705"}],"curies":[{"name":"wp","href":"https:\/\/api.w.org\/{rel}","templated":true}]}}