{"id":332692,"date":"2025-07-03T16:29:23","date_gmt":"2025-07-03T12:29:23","guid":{"rendered":"https:\/\/www.meydan.tv\/?p=332692"},"modified":"2025-07-03T16:29:26","modified_gmt":"2025-07-03T12:29:26","slug":"natiq-cavadlinin-apelyasiya-sikay%c9%99ti-t%c9%99min-olunmayib","status":"publish","type":"post","link":"https:\/\/www.meydan.tv\/az\/article\/natiq-cavadlinin-apelyasiya-sikay%c9%99ti-t%c9%99min-olunmayib\/","title":{"rendered":"Natiq Cavadl\u0131n\u0131n apelyasiya \u015fikay\u0259ti t\u0259min olunmay\u0131b"},"content":{"rendered":"\n<p><\/p>\n\n\n\n<p><strong><em>Jurnalist h\u0259bs q\u0259timkan t\u0259dbirinin uzad\u0131lmas\u0131na dair m\u0259hk\u0259m\u0259 q\u0259rar\u0131ndan \u015fikay\u0259t vermi\u015fdi<\/em><\/strong><\/p>\n\n\n\n<p>\u0130yulun 3-d\u0259 Bak\u0131 Apellyasiya M\u0259hk\u0259m\u0259sind\u0259 \u201cMeydan TV i\u015fi\u201d \u00fczr\u0259 h\u0259bs olunmu\u015f jurnalist Natiq Cavadl\u0131n\u0131n h\u0259bs q\u0259timkan t\u0259dbirinin uzad\u0131lmas\u0131na dair verilmi\u015f apelyasiya \u015fikay\u0259tin\u0259 bax\u0131l\u0131b.<\/p>\n\n\n\n<p>Proses hakim Anar \u0130brahimovun s\u0259drliyi il\u0259 ke\u00e7irilib v\u0259 onun v\u0259sat\u0259ti t\u0259min olunmay\u0131b.<\/p>\n\n\n\n<p>\u0130yunun 24-d\u0259 Meydan TV-nin jurnalistl\u0259ri Aynur Elg\u00fcn\u0259\u015f (Q\u0259nb\u0259rova), Aytac Tapd\u0131q (\u018fhm\u0259dova), Ramin Deko (C\u0259bray\u0131lzad\u0259), Aysel Umudova, X\u0259yal\u0259 A\u011fayeva, Natiq Cavadl\u0131, \u201carqument.az\u201d sayt\u0131n\u0131n ba\u015f redaktoru, Meydan TV il\u0259 \u0259m\u0259kda\u015fl\u0131q ed\u0259n jurnalist \u015e\u0259m\u015fad A\u011fa (A\u011fayev) v\u0259 bu i\u015f \u00fczr\u0259 h\u0259bs olunmu\u015f jurnalistl\u0259r Fatim\u0259 M\u00f6vlaml\u0131, \u00dclviyy\u0259 \u018fli (Quliyeva), Nurlan Libre (Q\u0259hr\u0259manov), eyni zamanda v\u0259t\u0259nda\u015f c\u0259miyy\u0259tinin \u00fczv\u00fc \u00dclvi Tahirovun h\u0259bs m\u00fcdd\u0259ti daha 3 ay uzad\u0131l\u0131b. Onlar\u0131n ham\u0131s\u0131 bu q\u0259rar apelyasiya \u015fikay\u0259ti veribl\u0259r.<\/p>\n\n\n\n<p>2024-c\u00fc il dekabr\u0131n 6-da Meydan TV-nin be\u015f \u0259m\u0259kda\u015f\u0131- Ramin C\u0259bray\u0131lzad\u0259 (Deko ), Aynur Q\u0259nb\u0259rova (Elg\u00fcn\u0259\u015f), Aytac \u018fhm\u0259dova (Tapd\u0131q), Aysel Umudova, X\u0259yal\u0259 A\u011fayeva, Natiq Cavadl\u0131 saxlan\u0131l\u0131blar.<\/p>\n\n\n\n<p>Onlara qar\u015f\u0131 Cinay\u0259t M\u0259c\u0259ll\u0259sinin 206.3.2-ci (qa\u00e7aqmal\u00e7\u0131l\u0131q, \u0259vv\u0259lc\u0259d\u0259n \u0259lbir olan bir qrup \u015f\u0259xs t\u0259r\u0259find\u0259n t\u00f6r\u0259dildikd\u0259) madd\u0259si il\u0259 ittiham ir\u0259li s\u00fcr\u00fcl\u00fcb v\u0259 m\u0259hk\u0259m\u0259nin q\u0259rar\u0131 il\u0259 bar\u0259l\u0259rind\u0259 h\u0259bs q\u0259timkan t\u0259dbiri se\u00e7ilib.<\/p>\n\n\n\n<p>Meydan TV \u0259m\u0259kda\u015flar\u0131 il\u0259 yana\u015f\u0131, eyni g\u00fcnd\u0259 v\u0259t\u0259nda\u015f c\u0259miyy\u0259tinin \u00fczv\u00fc \u00dclvi Tahirov da saxlan\u0131l\u0131b v\u0259 bar\u0259sind\u0259 h\u0259bs q\u0259timkan t\u0259dbiri se\u00e7ilib. \u00dclvi Tahirovun Meydan TV-y\u0259 aidiyy\u0259ti yoxdur.<\/p>\n\n\n\n<p>2025-ci il fevral\u0131n 5-i \u201carqument.az\u201d sayt\u0131n\u0131n ba\u015f redaktoru, Meydan TV il\u0259 \u0259m\u0259kda\u015fl\u0131q ed\u0259n jurnalist \u015e\u0259m\u015fad A\u011fayev (A\u011fa) d\u0259 saxlan\u0131l\u0131b. Onun bar\u0259sind\u0259 h\u0259bs q\u0259timkan t\u0259dbiri se\u00e7ilib.<\/p>\n\n\n\n<p>Fevral\u0131n 20-d\u0259 is\u0259 jurnalist Nurlan Libre (Q\u0259hr\u0259manl\u0131) Meydan TV il\u0259 \u0259laq\u0259li cinay\u0259t i\u015fin\u0259 g\u00f6r\u0259 saxlan\u0131l\u0131b. M\u0259hk\u0259m\u0259nin q\u0259rar\u0131 il\u0259 onun bar\u0259sind\u0259 d\u0259 h\u0259bs q\u0259timkan t\u0259dbiri se\u00e7ilib.<\/p>\n\n\n\n<p>Fatim\u0259 M\u00f6vlaml\u0131 da fevral\u0131n 28-d\u0259 Meydan TV il\u0259 \u0259laq\u0259li cinay\u0259t i\u015fin\u0259 g\u00f6r\u0259 saxlan\u0131l\u0131b. X\u0259tai Rayon M\u0259hk\u0259m\u0259si onun h\u0259bs olunmas\u0131 q\u0259rar\u0131n\u0131 \u00e7\u0131xar\u0131b.<\/p>\n\n\n\n<p>Jurnalist \u00dclviyy\u0259 \u018fli (Quliyeva) may\u0131n 7-d\u0259 Meydan TV il\u0259 \u0259laq\u0259li cinay\u0259t i\u015fin\u0259 g\u00f6r\u0259 saxlan\u0131l\u0131b v\u0259 X\u0259tai Rayon M\u0259hk\u0259m\u0259sinin q\u0259rar\u0131 il\u0259 h\u0259bs olunub.<\/p>\n\n\n\n<p>H\u0259bs olunan jurnalistl\u0259r \u00f6zl\u0259rini t\u0259qsirli bilmir, Meydan TV \u0259m\u0259kda\u015flar\u0131n\u0131n t\u0259nqid\u00e7i f\u0259aliyy\u0259tl\u0259rin\u0259 g\u00f6r\u0259 c\u0259zaland\u0131r\u0131ld\u0131qlar\u0131n\u0131 b\u0259yan edibl\u0259r.<\/p>\n\n\n\n<p>Haz\u0131rda ox\u015far ittihamlarla 30-d\u0259k jurnalist, ictimai f\u0259al h\u0259bsd\u0259dir. Onlar ittiham\u0131 q\u0259bul etmir, pe\u015f\u0259 f\u0259aliyy\u0259tl\u0259ri il\u0259 \u0259laq\u0259l\u0259ndirirl\u0259r. Hakimiyy\u0259t t\u0259msil\u00e7il\u0259ri \u00f6lk\u0259d\u0259 siyasi motivli h\u0259bsl\u0259rin olmad\u0131\u011f\u0131n\u0131 deyirl\u0259r.<\/p>\n\n\n\n<p>Beyn\u0259lxalq insan haqlar\u0131 qurumlar\u0131, Q\u0259rb r\u0259smil\u0259ri d\u0259 h\u00f6kum\u0259ti haqs\u0131z tutulanlar\u0131 azad etm\u0259y\u0259 \u00e7a\u011f\u0131r\u0131rlar.<\/p>\n","protected":false},"excerpt":{"rendered":"<p>Jurnalist h\u0259bs q\u0259timkan t\u0259dbirinin uzad\u0131lmas\u0131na dair m\u0259hk\u0259m\u0259 q\u0259rar\u0131ndan \u015fikay\u0259t vermi\u015fdi &#8230; <\/p>\n<p class=\"read-more-container\"><a title=\"Natiq Cavadl\u0131n\u0131n apelyasiya \u015fikay\u0259ti t\u0259min olunmay\u0131b\" class=\"read-more button\" href=\"https:\/\/www.meydan.tv\/az\/article\/natiq-cavadlinin-apelyasiya-sikay%c9%99ti-t%c9%99min-olunmayib\/#more-332692\" aria-label=\"Read more about Natiq Cavadl\u0131n\u0131n apelyasiya \u015fikay\u0259ti t\u0259min olunmay\u0131b\">Davam\u0131<\/a><\/p>\n","protected":false},"author":21,"featured_media":322677,"comment_status":"closed","ping_status":"closed","sticky":false,"template":"","format":"standard","meta":{"_acf_changed":false,"_sitemap_exclude":false,"_sitemap_priority":"","_sitemap_frequency":"","footnotes":""},"categories":[139,59,56],"tags":[],"class_list":["post-332692","post","type-post","status-publish","format-standard","has-post-thumbnail","hentry","category-meydan-tv-isi","category-siyaset","category-xeberler","infinite-scroll-item","generate-columns","tablet-grid-50","mobile-grid-100","grid-parent","grid-33","no-featured-image-padding"],"acf":[],"yoast_head":"<!-- This site is optimized with the Yoast SEO plugin v27.5 - https:\/\/yoast.com\/product\/yoast-seo-wordpress\/ -->\n<title>Natiq Cavadl\u0131n\u0131n apelyasiya \u015fikay\u0259ti t\u0259min olunmay\u0131b - MEYDAN.TV<\/title>\n<meta name=\"robots\" content=\"index, follow, max-snippet:-1, max-image-preview:large, max-video-preview:-1\" \/>\n<link rel=\"canonical\" href=\"https:\/\/www.meydan.tv\/az\/article\/natiq-cavadlinin-apelyasiya-sikay%c9%99ti-t%c9%99min-olunmayib\/\" \/>\n<meta property=\"og:locale\" content=\"az_AZ\" \/>\n<meta property=\"og:type\" content=\"article\" \/>\n<meta property=\"og:title\" content=\"Natiq Cavadl\u0131n\u0131n apelyasiya \u015fikay\u0259ti t\u0259min olunmay\u0131b - MEYDAN.TV\" \/>\n<meta property=\"og:description\" content=\"Jurnalist h\u0259bs q\u0259timkan t\u0259dbirinin uzad\u0131lmas\u0131na dair m\u0259hk\u0259m\u0259 q\u0259rar\u0131ndan \u015fikay\u0259t vermi\u015fdi ... Davam\u0131\" \/>\n<meta property=\"og:url\" content=\"https:\/\/www.meydan.tv\/az\/article\/natiq-cavadlinin-apelyasiya-sikay%c9%99ti-t%c9%99min-olunmayib\/\" \/>\n<meta property=\"og:site_name\" content=\"MEYDAN.TV\" \/>\n<meta property=\"article:published_time\" content=\"2025-07-03T12:29:23+00:00\" \/>\n<meta property=\"article:modified_time\" content=\"2025-07-03T12:29:26+00:00\" \/>\n<meta property=\"og:image\" content=\"https:\/\/www.meydan.tv\/wp-content\/uploads\/img_1633-scaled-e1736079980807.jpg\" \/>\n\t<meta property=\"og:image:width\" content=\"2560\" \/>\n\t<meta property=\"og:image:height\" content=\"1173\" \/>\n\t<meta property=\"og:image:type\" content=\"image\/jpeg\" \/>\n<meta name=\"author\" content=\"mahmud\" \/>\n<meta name=\"twitter:card\" content=\"summary_large_image\" \/>\n<script type=\"application\/ld+json\" class=\"yoast-schema-graph\">{\"@context\":\"https:\\\/\\\/schema.org\",\"@graph\":[{\"@type\":\"Article\",\"@id\":\"https:\\\/\\\/www.meydan.tv\\\/az\\\/article\\\/natiq-cavadlinin-apelyasiya-sikay%c9%99ti-t%c9%99min-olunmayib\\\/#article\",\"isPartOf\":{\"@id\":\"https:\\\/\\\/www.meydan.tv\\\/az\\\/article\\\/natiq-cavadlinin-apelyasiya-sikay%c9%99ti-t%c9%99min-olunmayib\\\/\"},\"author\":{\"name\":\"mahmud\",\"@id\":\"https:\\\/\\\/www.meydan.tv\\\/az\\\/#\\\/schema\\\/person\\\/09863e516102a829e72bedcf3f84c6b0\"},\"headline\":\"Natiq Cavadl\u0131n\u0131n apelyasiya \u015fikay\u0259ti t\u0259min olunmay\u0131b\",\"datePublished\":\"2025-07-03T12:29:23+00:00\",\"dateModified\":\"2025-07-03T12:29:26+00:00\",\"mainEntityOfPage\":{\"@id\":\"https:\\\/\\\/www.meydan.tv\\\/az\\\/article\\\/natiq-cavadlinin-apelyasiya-sikay%c9%99ti-t%c9%99min-olunmayib\\\/\"},\"wordCount\":594,\"publisher\":{\"@id\":\"https:\\\/\\\/www.meydan.tv\\\/az\\\/#organization\"},\"image\":{\"@id\":\"https:\\\/\\\/www.meydan.tv\\\/az\\\/article\\\/natiq-cavadlinin-apelyasiya-sikay%c9%99ti-t%c9%99min-olunmayib\\\/#primaryimage\"},\"thumbnailUrl\":\"https:\\\/\\\/www.meydan.tv\\\/wp-content\\\/uploads\\\/img_1633-scaled-e1736079980807.jpg\",\"articleSection\":[\"Meydan TV i\u015fi\",\"Siyas\u0259t\",\"X\u0259b\u0259rl\u0259r\"],\"inLanguage\":\"az\"},{\"@type\":\"WebPage\",\"@id\":\"https:\\\/\\\/www.meydan.tv\\\/az\\\/article\\\/natiq-cavadlinin-apelyasiya-sikay%c9%99ti-t%c9%99min-olunmayib\\\/\",\"url\":\"https:\\\/\\\/www.meydan.tv\\\/az\\\/article\\\/natiq-cavadlinin-apelyasiya-sikay%c9%99ti-t%c9%99min-olunmayib\\\/\",\"name\":\"Natiq Cavadl\u0131n\u0131n apelyasiya \u015fikay\u0259ti t\u0259min olunmay\u0131b - MEYDAN.TV\",\"isPartOf\":{\"@id\":\"https:\\\/\\\/www.meydan.tv\\\/az\\\/#website\"},\"primaryImageOfPage\":{\"@id\":\"https:\\\/\\\/www.meydan.tv\\\/az\\\/article\\\/natiq-cavadlinin-apelyasiya-sikay%c9%99ti-t%c9%99min-olunmayib\\\/#primaryimage\"},\"image\":{\"@id\":\"https:\\\/\\\/www.meydan.tv\\\/az\\\/article\\\/natiq-cavadlinin-apelyasiya-sikay%c9%99ti-t%c9%99min-olunmayib\\\/#primaryimage\"},\"thumbnailUrl\":\"https:\\\/\\\/www.meydan.tv\\\/wp-content\\\/uploads\\\/img_1633-scaled-e1736079980807.jpg\",\"datePublished\":\"2025-07-03T12:29:23+00:00\",\"dateModified\":\"2025-07-03T12:29:26+00:00\",\"breadcrumb\":{\"@id\":\"https:\\\/\\\/www.meydan.tv\\\/az\\\/article\\\/natiq-cavadlinin-apelyasiya-sikay%c9%99ti-t%c9%99min-olunmayib\\\/#breadcrumb\"},\"inLanguage\":\"az\",\"potentialAction\":[{\"@type\":\"ReadAction\",\"target\":[\"https:\\\/\\\/www.meydan.tv\\\/az\\\/article\\\/natiq-cavadlinin-apelyasiya-sikay%c9%99ti-t%c9%99min-olunmayib\\\/\"]}]},{\"@type\":\"ImageObject\",\"inLanguage\":\"az\",\"@id\":\"https:\\\/\\\/www.meydan.tv\\\/az\\\/article\\\/natiq-cavadlinin-apelyasiya-sikay%c9%99ti-t%c9%99min-olunmayib\\\/#primaryimage\",\"url\":\"https:\\\/\\\/www.meydan.tv\\\/wp-content\\\/uploads\\\/img_1633-scaled-e1736079980807.jpg\",\"contentUrl\":\"https:\\\/\\\/www.meydan.tv\\\/wp-content\\\/uploads\\\/img_1633-scaled-e1736079980807.jpg\",\"width\":2560,\"height\":1173,\"caption\":\"Natiq Cavadl\u0131. \u0130ll\u00fcstrasiya: Meydan TV\"},{\"@type\":\"BreadcrumbList\",\"@id\":\"https:\\\/\\\/www.meydan.tv\\\/az\\\/article\\\/natiq-cavadlinin-apelyasiya-sikay%c9%99ti-t%c9%99min-olunmayib\\\/#breadcrumb\",\"itemListElement\":[{\"@type\":\"ListItem\",\"position\":1,\"name\":\"Ana s\u0259hif\u0259\",\"item\":\"https:\\\/\\\/www.meydan.tv\\\/az\\\/\"},{\"@type\":\"ListItem\",\"position\":2,\"name\":\"Siyas\u0259t\",\"item\":\"https:\\\/\\\/www.meydan.tv\\\/az\\\/section\\\/siyaset\\\/\"},{\"@type\":\"ListItem\",\"position\":3,\"name\":\"Natiq Cavadl\u0131n\u0131n apelyasiya \u015fikay\u0259ti t\u0259min olunmay\u0131b\"}]},{\"@type\":\"WebSite\",\"@id\":\"https:\\\/\\\/www.meydan.tv\\\/az\\\/#website\",\"url\":\"https:\\\/\\\/www.meydan.tv\\\/az\\\/\",\"name\":\"MEYDAN.TV\",\"description\":\"Meydan TV Az\u0259rbaycan\u0131n media m\u0259kan\u0131ndak\u0131 alternativ s\u0259sidir\",\"publisher\":{\"@id\":\"https:\\\/\\\/www.meydan.tv\\\/az\\\/#organization\"},\"potentialAction\":[{\"@type\":\"SearchAction\",\"target\":{\"@type\":\"EntryPoint\",\"urlTemplate\":\"https:\\\/\\\/www.meydan.tv\\\/az\\\/?s={search_term_string}\"},\"query-input\":{\"@type\":\"PropertyValueSpecification\",\"valueRequired\":true,\"valueName\":\"search_term_string\"}}],\"inLanguage\":\"az\"},{\"@type\":\"Organization\",\"@id\":\"https:\\\/\\\/www.meydan.tv\\\/az\\\/#organization\",\"name\":\"Meydan TV\",\"url\":\"https:\\\/\\\/www.meydan.tv\\\/az\\\/\",\"logo\":{\"@type\":\"ImageObject\",\"inLanguage\":\"az\",\"@id\":\"https:\\\/\\\/www.meydan.tv\\\/az\\\/#\\\/schema\\\/logo\\\/image\\\/\",\"url\":\"https:\\\/\\\/www.meydan.tv\\\/wp-content\\\/uploads\\\/2021\\\/07\\\/meydan-logo.svg\",\"contentUrl\":\"https:\\\/\\\/www.meydan.tv\\\/wp-content\\\/uploads\\\/2021\\\/07\\\/meydan-logo.svg\",\"width\":195,\"height\":46,\"caption\":\"Meydan TV\"},\"image\":{\"@id\":\"https:\\\/\\\/www.meydan.tv\\\/az\\\/#\\\/schema\\\/logo\\\/image\\\/\"}},{\"@type\":\"Person\",\"@id\":\"https:\\\/\\\/www.meydan.tv\\\/az\\\/#\\\/schema\\\/person\\\/09863e516102a829e72bedcf3f84c6b0\",\"name\":\"mahmud\"}]}<\/script>\n<!-- \/ Yoast SEO plugin. -->","yoast_head_json":{"title":"Natiq Cavadl\u0131n\u0131n apelyasiya \u015fikay\u0259ti t\u0259min olunmay\u0131b - MEYDAN.TV","robots":{"index":"index","follow":"follow","max-snippet":"max-snippet:-1","max-image-preview":"max-image-preview:large","max-video-preview":"max-video-preview:-1"},"canonical":"https:\/\/www.meydan.tv\/az\/article\/natiq-cavadlinin-apelyasiya-sikay%c9%99ti-t%c9%99min-olunmayib\/","og_locale":"az_AZ","og_type":"article","og_title":"Natiq Cavadl\u0131n\u0131n apelyasiya \u015fikay\u0259ti t\u0259min olunmay\u0131b - MEYDAN.TV","og_description":"Jurnalist h\u0259bs q\u0259timkan t\u0259dbirinin uzad\u0131lmas\u0131na dair m\u0259hk\u0259m\u0259 q\u0259rar\u0131ndan \u015fikay\u0259t vermi\u015fdi ... Davam\u0131","og_url":"https:\/\/www.meydan.tv\/az\/article\/natiq-cavadlinin-apelyasiya-sikay%c9%99ti-t%c9%99min-olunmayib\/","og_site_name":"MEYDAN.TV","article_published_time":"2025-07-03T12:29:23+00:00","article_modified_time":"2025-07-03T12:29:26+00:00","og_image":[{"width":2560,"height":1173,"url":"https:\/\/www.meydan.tv\/wp-content\/uploads\/img_1633-scaled-e1736079980807.jpg","type":"image\/jpeg"}],"author":"mahmud","twitter_card":"summary_large_image","schema":{"@context":"https:\/\/schema.org","@graph":[{"@type":"Article","@id":"https:\/\/www.meydan.tv\/az\/article\/natiq-cavadlinin-apelyasiya-sikay%c9%99ti-t%c9%99min-olunmayib\/#article","isPartOf":{"@id":"https:\/\/www.meydan.tv\/az\/article\/natiq-cavadlinin-apelyasiya-sikay%c9%99ti-t%c9%99min-olunmayib\/"},"author":{"name":"mahmud","@id":"https:\/\/www.meydan.tv\/az\/#\/schema\/person\/09863e516102a829e72bedcf3f84c6b0"},"headline":"Natiq Cavadl\u0131n\u0131n apelyasiya \u015fikay\u0259ti t\u0259min olunmay\u0131b","datePublished":"2025-07-03T12:29:23+00:00","dateModified":"2025-07-03T12:29:26+00:00","mainEntityOfPage":{"@id":"https:\/\/www.meydan.tv\/az\/article\/natiq-cavadlinin-apelyasiya-sikay%c9%99ti-t%c9%99min-olunmayib\/"},"wordCount":594,"publisher":{"@id":"https:\/\/www.meydan.tv\/az\/#organization"},"image":{"@id":"https:\/\/www.meydan.tv\/az\/article\/natiq-cavadlinin-apelyasiya-sikay%c9%99ti-t%c9%99min-olunmayib\/#primaryimage"},"thumbnailUrl":"https:\/\/www.meydan.tv\/wp-content\/uploads\/img_1633-scaled-e1736079980807.jpg","articleSection":["Meydan TV i\u015fi","Siyas\u0259t","X\u0259b\u0259rl\u0259r"],"inLanguage":"az"},{"@type":"WebPage","@id":"https:\/\/www.meydan.tv\/az\/article\/natiq-cavadlinin-apelyasiya-sikay%c9%99ti-t%c9%99min-olunmayib\/","url":"https:\/\/www.meydan.tv\/az\/article\/natiq-cavadlinin-apelyasiya-sikay%c9%99ti-t%c9%99min-olunmayib\/","name":"Natiq Cavadl\u0131n\u0131n apelyasiya \u015fikay\u0259ti t\u0259min olunmay\u0131b - MEYDAN.TV","isPartOf":{"@id":"https:\/\/www.meydan.tv\/az\/#website"},"primaryImageOfPage":{"@id":"https:\/\/www.meydan.tv\/az\/article\/natiq-cavadlinin-apelyasiya-sikay%c9%99ti-t%c9%99min-olunmayib\/#primaryimage"},"image":{"@id":"https:\/\/www.meydan.tv\/az\/article\/natiq-cavadlinin-apelyasiya-sikay%c9%99ti-t%c9%99min-olunmayib\/#primaryimage"},"thumbnailUrl":"https:\/\/www.meydan.tv\/wp-content\/uploads\/img_1633-scaled-e1736079980807.jpg","datePublished":"2025-07-03T12:29:23+00:00","dateModified":"2025-07-03T12:29:26+00:00","breadcrumb":{"@id":"https:\/\/www.meydan.tv\/az\/article\/natiq-cavadlinin-apelyasiya-sikay%c9%99ti-t%c9%99min-olunmayib\/#breadcrumb"},"inLanguage":"az","potentialAction":[{"@type":"ReadAction","target":["https:\/\/www.meydan.tv\/az\/article\/natiq-cavadlinin-apelyasiya-sikay%c9%99ti-t%c9%99min-olunmayib\/"]}]},{"@type":"ImageObject","inLanguage":"az","@id":"https:\/\/www.meydan.tv\/az\/article\/natiq-cavadlinin-apelyasiya-sikay%c9%99ti-t%c9%99min-olunmayib\/#primaryimage","url":"https:\/\/www.meydan.tv\/wp-content\/uploads\/img_1633-scaled-e1736079980807.jpg","contentUrl":"https:\/\/www.meydan.tv\/wp-content\/uploads\/img_1633-scaled-e1736079980807.jpg","width":2560,"height":1173,"caption":"Natiq Cavadl\u0131. \u0130ll\u00fcstrasiya: Meydan TV"},{"@type":"BreadcrumbList","@id":"https:\/\/www.meydan.tv\/az\/article\/natiq-cavadlinin-apelyasiya-sikay%c9%99ti-t%c9%99min-olunmayib\/#breadcrumb","itemListElement":[{"@type":"ListItem","position":1,"name":"Ana s\u0259hif\u0259","item":"https:\/\/www.meydan.tv\/az\/"},{"@type":"ListItem","position":2,"name":"Siyas\u0259t","item":"https:\/\/www.meydan.tv\/az\/section\/siyaset\/"},{"@type":"ListItem","position":3,"name":"Natiq Cavadl\u0131n\u0131n apelyasiya \u015fikay\u0259ti t\u0259min olunmay\u0131b"}]},{"@type":"WebSite","@id":"https:\/\/www.meydan.tv\/az\/#website","url":"https:\/\/www.meydan.tv\/az\/","name":"MEYDAN.TV","description":"Meydan TV Az\u0259rbaycan\u0131n media m\u0259kan\u0131ndak\u0131 alternativ s\u0259sidir","publisher":{"@id":"https:\/\/www.meydan.tv\/az\/#organization"},"potentialAction":[{"@type":"SearchAction","target":{"@type":"EntryPoint","urlTemplate":"https:\/\/www.meydan.tv\/az\/?s={search_term_string}"},"query-input":{"@type":"PropertyValueSpecification","valueRequired":true,"valueName":"search_term_string"}}],"inLanguage":"az"},{"@type":"Organization","@id":"https:\/\/www.meydan.tv\/az\/#organization","name":"Meydan TV","url":"https:\/\/www.meydan.tv\/az\/","logo":{"@type":"ImageObject","inLanguage":"az","@id":"https:\/\/www.meydan.tv\/az\/#\/schema\/logo\/image\/","url":"https:\/\/www.meydan.tv\/wp-content\/uploads\/2021\/07\/meydan-logo.svg","contentUrl":"https:\/\/www.meydan.tv\/wp-content\/uploads\/2021\/07\/meydan-logo.svg","width":195,"height":46,"caption":"Meydan TV"},"image":{"@id":"https:\/\/www.meydan.tv\/az\/#\/schema\/logo\/image\/"}},{"@type":"Person","@id":"https:\/\/www.meydan.tv\/az\/#\/schema\/person\/09863e516102a829e72bedcf3f84c6b0","name":"mahmud"}]}},"_links":{"self":[{"href":"https:\/\/www.meydan.tv\/az\/wp-json\/wp\/v2\/posts\/332692","targetHints":{"allow":["GET"]}}],"collection":[{"href":"https:\/\/www.meydan.tv\/az\/wp-json\/wp\/v2\/posts"}],"about":[{"href":"https:\/\/www.meydan.tv\/az\/wp-json\/wp\/v2\/types\/post"}],"author":[{"embeddable":true,"href":"https:\/\/www.meydan.tv\/az\/wp-json\/wp\/v2\/users\/21"}],"replies":[{"embeddable":true,"href":"https:\/\/www.meydan.tv\/az\/wp-json\/wp\/v2\/comments?post=332692"}],"version-history":[{"count":1,"href":"https:\/\/www.meydan.tv\/az\/wp-json\/wp\/v2\/posts\/332692\/revisions"}],"predecessor-version":[{"id":332693,"href":"https:\/\/www.meydan.tv\/az\/wp-json\/wp\/v2\/posts\/332692\/revisions\/332693"}],"wp:featuredmedia":[{"embeddable":true,"href":"https:\/\/www.meydan.tv\/az\/wp-json\/wp\/v2\/media\/322677"}],"wp:attachment":[{"href":"https:\/\/www.meydan.tv\/az\/wp-json\/wp\/v2\/media?parent=332692"}],"wp:term":[{"taxonomy":"category","embeddable":true,"href":"https:\/\/www.meydan.tv\/az\/wp-json\/wp\/v2\/categories?post=332692"},{"taxonomy":"post_tag","embeddable":true,"href":"https:\/\/www.meydan.tv\/az\/wp-json\/wp\/v2\/tags?post=332692"}],"curies":[{"name":"wp","href":"https:\/\/api.w.org\/{rel}","templated":true}]}}