{"id":332681,"date":"2025-07-03T16:13:32","date_gmt":"2025-07-03T12:13:32","guid":{"rendered":"https:\/\/www.meydan.tv\/?p=332681"},"modified":"2025-07-03T16:13:35","modified_gmt":"2025-07-03T12:13:35","slug":"eliyev-v%c9%99-pasinyan-bu-ay-dubayda-gorus%c9%99-bil%c9%99r-sulh-razilasmasi-istiqam%c9%99tind%c9%99-yeni-c%c9%99hd","status":"publish","type":"post","link":"https:\/\/www.meydan.tv\/az\/article\/eliyev-v%c9%99-pasinyan-bu-ay-dubayda-gorus%c9%99-bil%c9%99r-sulh-razilasmasi-istiqam%c9%99tind%c9%99-yeni-c%c9%99hd\/","title":{"rendered":"\u018fliyev v\u0259 Pa\u015finyan bu ay Dubayda g\u00f6r\u00fc\u015f\u0259 bil\u0259r \u2013 s\u00fclh raz\u0131la\u015fmas\u0131 istiqam\u0259tind\u0259 yeni c\u0259hd"},"content":{"rendered":"\n<p><\/p>\n\n\n\n<p><strong><em>\u201cMiddle East Eye\u201d yaz\u0131r ki, T\u00fcrkiy\u0259 Bak\u0131ya s\u00fclh raz\u0131la\u015fmas\u0131n\u0131 imzalamaq \u00fc\u00e7\u00fcn t\u0259zyiql\u0259r g\u00f6st\u0259rir<\/em><\/strong><\/p>\n\n\n\n<p>Erm\u0259nistan\u0131n Ba\u015f naziri Nikol Pa\u015finyan v\u0259 Az\u0259rbaycan Prezidenti \u0130lham \u018fliyevin iyulun sonlar\u0131nda Dubayda g\u00f6r\u00fc\u015fm\u0259si planla\u015fd\u0131r\u0131l\u0131r. \u201cMiddle East Eye\u201d n\u0259\u015frinin <a href=\"https:\/\/www.middleeasteye.net\/news\/azerbaijan-aliyev-and-armenia-pashinyan-meet-dubai\" target=\"_blank\" rel=\"noreferrer noopener\">yazd\u0131\u011f\u0131na <\/a>g\u00f6r\u0259, bu g\u00f6r\u00fc\u015f iki \u00f6lk\u0259 aras\u0131nda s\u00fclh raz\u0131la\u015fmas\u0131 il\u0259 ba\u011fl\u0131 dan\u0131\u015f\u0131qlar\u0131n davam\u0131 kimi n\u0259z\u0259rd\u0259 tutulur.<\/p>\n\n\n\n<p>Liderl\u0259r sonuncu d\u0259f\u0259 bu ilin may\u0131nda Albaniyan\u0131n paytaxt\u0131 Tiranada ke\u00e7iril\u0259n Avropa Siyasi Birliyi sammiti \u00e7\u0259r\u00e7iv\u0259sind\u0259 g\u00f6r\u00fc\u015fm\u00fc\u015fd\u00fcl\u0259r. H\u0259min g\u00f6r\u00fc\u015fd\u0259 t\u0259r\u0259fl\u0259r \u00fcnsiyy\u0259ti a\u00e7\u0131q saxlamaq bar\u0259d\u0259 raz\u0131l\u0131\u011fa g\u0259lmi\u015fdi.<\/p>\n\n\n\n<p>Mart ay\u0131nda Erm\u0259nistan v\u0259 Az\u0259rbaycan s\u00fclh raz\u0131la\u015fmas\u0131n\u0131n ilkin variant\u0131 \u00fcz\u0259rind\u0259 raz\u0131l\u0131\u011fa g\u0259ls\u0259l\u0259r d\u0259, Bak\u0131 raz\u0131la\u015fman\u0131 imzalamazdan \u0259vv\u0259l bir s\u0131ra \u0259lav\u0259 \u015f\u0259rtl\u0259r ir\u0259li s\u00fcr\u00fcr.<\/p>\n\n\n\n<p><strong>Bak\u0131n\u0131n \u015f\u0259rtl\u0259ri n\u0259l\u0259rdir?<\/strong><\/p>\n\n\n\n<p>Az\u0259rbaycan t\u0259r\u0259fi Erm\u0259nistan Konstitusiyas\u0131ndan Az\u0259rbaycan\u0131n \u0259razi b\u00fct\u00f6vl\u00fcy\u00fcn\u0259 istinad edil\u0259n hiss\u0259l\u0259rin \u00e7\u0131xar\u0131lmas\u0131n\u0131, Erm\u0259nistanda f\u0259aliyy\u0259t g\u00f6st\u0259r\u0259n Avropa \u0130ttifaq\u0131n\u0131n m\u00fc\u015fahid\u0259 missiyas\u0131n\u0131n (EUMA) dayand\u0131r\u0131lmas\u0131n\u0131 v\u0259 AT\u018fT-in Minsk Qrupunun tamamil\u0259 burax\u0131lmas\u0131n\u0131 t\u0259l\u0259b edir. Bak\u0131 bu qurumu son 30 ild\u0259 t\u0259r\u0259fke\u015flikd\u0259 ittiham edir.<\/p>\n\n\n\n<p>M\u0259nb\u0259l\u0259rin \u201cMiddle East Eye\u201d n\u0259\u015frin\u0259 bildirdiyin\u0259 g\u00f6r\u0259, Dubayda ke\u00e7iril\u0259c\u0259k g\u00f6r\u00fc\u015f t\u0259r\u0259fl\u0259rin fikir ayr\u0131l\u0131qlar\u0131na baxmayaraq dan\u0131\u015f\u0131qlara davam etm\u0259k ist\u0259yind\u0259 olduqlar\u0131n\u0131 g\u00f6st\u0259rir.<\/p>\n\n\n\n<p>Erm\u0259nistanda g\u0259l\u0259n il se\u00e7kil\u0259r g\u00f6zl\u0259nilir. Ekspertl\u0259rin fikrinc\u0259, Pa\u015finyan\u0131n h\u0259min vaxta q\u0259d\u0259r Konstitusiya d\u0259yi\u015fikliyi il\u0259 ba\u011fl\u0131 referendum ke\u00e7irm\u0259si \u00e7\u0259tin g\u00f6r\u00fcn\u00fcr.<\/p>\n\n\n\n<p><strong>Ankara Bak\u0131ya t\u0259zyiq g\u00f6st\u0259rir<\/strong><\/p>\n\n\n\n<p>Bu arada T\u00fcrkiy\u0259nin s\u0259ssiz \u015f\u0259kild\u0259 Bak\u0131ya s\u00fclh raz\u0131la\u015fmas\u0131n\u0131 imzalamaq \u00fc\u00e7\u00fcn t\u0259zyiql\u0259r g\u00f6st\u0259rdiyi bildirilir. R\u0259smi Ankara Az\u0259rbaycan r\u0259smil\u0259rin\u0259 regiondak\u0131 d\u0259yi\u015f\u0259n geosiyasi reall\u0131qlar\u0131, o c\u00fcml\u0259d\u0259n \u0130ran\u0131n azalan t\u0259sirini xat\u0131rlad\u0131r.<\/p>\n\n\n\n<p>T\u00fcrkiy\u0259 r\u0259smil\u0259ri Erm\u0259nistan\u0131 M\u0259rk\u0259zi Asiyan\u0131 T\u00fcrkiy\u0259 il\u0259 birl\u0259\u015fdir\u0259c\u0259k \u201cOrta D\u0259hliz\u201d \u00fc\u00e7\u00fcn a\u00e7ar \u00f6lk\u0259 hesab edirl\u0259r. T\u00fcrkiy\u0259 \u015firk\u0259tl\u0259ri h\u0259m\u00e7inin Erm\u0259nistanda h\u0259yata ke\u00e7iril\u0259 bil\u0259c\u0259k infrastruktur layih\u0259l\u0259rind\u0259 i\u015ftirakda maraql\u0131d\u0131rlar.<\/p>\n\n\n\n<p>T\u00fcrkiy\u0259 Prezidenti R\u0259c\u0259b Tayyib \u018frdo\u011fan \u00f6t\u0259n ay Pa\u015finyan\u0131 q\u0259bul edib. Bu, Erm\u0259nistan r\u0259hb\u0259rliyinin T\u00fcrkiy\u0259y\u0259 ilk r\u0259smi s\u0259f\u0259ri olub.<\/p>\n\n\n\n<p><strong>B\u018f\u018f vasit\u0259\u00e7iliy\u0259 haz\u0131rd\u0131r<\/strong><\/p>\n\n\n\n<p>Az\u0259rbaycan\u0131n Birl\u0259\u015fmi\u015f \u018fr\u0259b \u018fmirlikl\u0259ri (B\u018f\u018f) il\u0259 m\u00fcnasib\u0259tl\u0259rini yax\u0131ndan bil\u0259n m\u0259nb\u0259l\u0259rd\u0259n biri is\u0259 qeyd edib ki, Prezident \u018fliyevl\u0259 B\u018f\u018f r\u0259hb\u0259ri M\u0259h\u0259mm\u0259d bin Zayed \u018fl N\u0259hyan aras\u0131nda yax\u0131n m\u00fcnasib\u0259tl\u0259r m\u00f6vcuddur. Eyni m\u0259nb\u0259y\u0259 g\u00f6r\u0259, B\u018f\u018f C\u0259nubi Qafqazda bar\u0131\u015f\u0131\u011f\u0131n \u0259ld\u0259 olunmas\u0131nda rol alma\u011fa \u00e7al\u0131\u015f\u0131r v\u0259 g\u00f6r\u00fc\u015f\u0259 ev sahibliyin\u0259 haz\u0131rd\u0131r.<\/p>\n\n\n\n<p>N\u0259\u015frin yazd\u0131\u011f\u0131na g\u00f6r\u0259, iyunun 25-d\u0259 B\u018f\u018f-nin xarici i\u015fl\u0259r naziri \u015eeyx Abdullah bin Zayed \u018fl N\u0259hyan h\u0259m Erm\u0259nistan\u0131n xarici i\u015fl\u0259r naziri Ararat Mirzoyan, h\u0259m d\u0259 Az\u0259rbaycan\u0131n xarici i\u015fl\u0259r naziri Ceyhun Bayramovla telefonla dan\u0131\u015f\u0131b. Erm\u0259nistan X\u0130N-in m\u0259lumat\u0131na g\u00f6r\u0259, s\u00f6hb\u0259tl\u0259rd\u0259 C\u0259nubi Qafqazda v\u0259 Yax\u0131n \u015e\u0259rqd\u0259 s\u00fclh s\u0259yl\u0259ri m\u00fczakir\u0259 olunub.<\/p>\n\n\n\n<p>Ankaran\u0131n Erm\u0259nistanla m\u00fcnasib\u0259tl\u0259rinin normalla\u015fmas\u0131 t\u0259\u015f\u0259bb\u00fcsl\u0259ri d\u0259 Bak\u0131 v\u0259 Yerevan aras\u0131nda s\u00fclh raz\u0131la\u015fmas\u0131n\u0131n imzalanmas\u0131na birba\u015fa ba\u011fl\u0131d\u0131r.<\/p>\n\n\n\n<p>N\u0259\u015frin yazd\u0131qlar\u0131 il\u0259 ba\u011fl\u0131 r\u0259smi Bak\u0131 h\u0259l\u0259lik he\u00e7 bir a\u00e7\u0131qlama verm\u0259yib.<\/p>\n","protected":false},"excerpt":{"rendered":"<p>\u201cMiddle East Eye\u201d yaz\u0131r ki, T\u00fcrkiy\u0259 Bak\u0131ya s\u00fclh raz\u0131la\u015fmas\u0131n\u0131 imzalamaq &#8230; <\/p>\n<p class=\"read-more-container\"><a title=\"\u018fliyev v\u0259 Pa\u015finyan bu ay Dubayda g\u00f6r\u00fc\u015f\u0259 bil\u0259r \u2013 s\u00fclh raz\u0131la\u015fmas\u0131 istiqam\u0259tind\u0259 yeni c\u0259hd\" class=\"read-more button\" href=\"https:\/\/www.meydan.tv\/az\/article\/eliyev-v%c9%99-pasinyan-bu-ay-dubayda-gorus%c9%99-bil%c9%99r-sulh-razilasmasi-istiqam%c9%99tind%c9%99-yeni-c%c9%99hd\/#more-332681\" aria-label=\"Read more about \u018fliyev v\u0259 Pa\u015finyan bu ay Dubayda g\u00f6r\u00fc\u015f\u0259 bil\u0259r \u2013 s\u00fclh raz\u0131la\u015fmas\u0131 istiqam\u0259tind\u0259 yeni c\u0259hd\">Davam\u0131<\/a><\/p>\n","protected":false},"author":21,"featured_media":276510,"comment_status":"closed","ping_status":"closed","sticky":false,"template":"","format":"standard","meta":{"_acf_changed":false,"_sitemap_exclude":false,"_sitemap_priority":"","_sitemap_frequency":"","footnotes":""},"categories":[62,79,56],"tags":[],"class_list":["post-332681","post","type-post","status-publish","format-standard","has-post-thumbnail","hentry","category-sosial","category-featured","category-xeberler","infinite-scroll-item","generate-columns","tablet-grid-50","mobile-grid-100","grid-parent","grid-33","no-featured-image-padding"],"acf":[],"yoast_head":"<!-- This site is optimized with the Yoast SEO plugin v27.4 - https:\/\/yoast.com\/product\/yoast-seo-wordpress\/ -->\n<title>\u018fliyev v\u0259 Pa\u015finyan bu ay Dubayda g\u00f6r\u00fc\u015f\u0259 bil\u0259r \u2013 s\u00fclh raz\u0131la\u015fmas\u0131 istiqam\u0259tind\u0259 yeni c\u0259hd - MEYDAN.TV<\/title>\n<meta name=\"robots\" content=\"index, follow, max-snippet:-1, max-image-preview:large, max-video-preview:-1\" \/>\n<link rel=\"canonical\" href=\"https:\/\/www.meydan.tv\/az\/article\/eliyev-v%c9%99-pasinyan-bu-ay-dubayda-gorus%c9%99-bil%c9%99r-sulh-razilasmasi-istiqam%c9%99tind%c9%99-yeni-c%c9%99hd\/\" \/>\n<meta property=\"og:locale\" content=\"az_AZ\" \/>\n<meta property=\"og:type\" content=\"article\" \/>\n<meta property=\"og:title\" content=\"\u018fliyev v\u0259 Pa\u015finyan bu ay Dubayda g\u00f6r\u00fc\u015f\u0259 bil\u0259r \u2013 s\u00fclh raz\u0131la\u015fmas\u0131 istiqam\u0259tind\u0259 yeni c\u0259hd - MEYDAN.TV\" \/>\n<meta property=\"og:description\" content=\"\u201cMiddle East Eye\u201d yaz\u0131r ki, T\u00fcrkiy\u0259 Bak\u0131ya s\u00fclh raz\u0131la\u015fmas\u0131n\u0131 imzalamaq ... Davam\u0131\" \/>\n<meta property=\"og:url\" content=\"https:\/\/www.meydan.tv\/az\/article\/eliyev-v%c9%99-pasinyan-bu-ay-dubayda-gorus%c9%99-bil%c9%99r-sulh-razilasmasi-istiqam%c9%99tind%c9%99-yeni-c%c9%99hd\/\" \/>\n<meta property=\"og:site_name\" content=\"MEYDAN.TV\" \/>\n<meta property=\"article:published_time\" content=\"2025-07-03T12:13:32+00:00\" \/>\n<meta property=\"article:modified_time\" content=\"2025-07-03T12:13:35+00:00\" \/>\n<meta property=\"og:image\" content=\"https:\/\/www.meydan.tv\/wp-content\/uploads\/img_0013.jpg\" \/>\n\t<meta property=\"og:image:width\" content=\"1200\" \/>\n\t<meta property=\"og:image:height\" content=\"800\" \/>\n\t<meta property=\"og:image:type\" content=\"image\/jpeg\" \/>\n<meta name=\"author\" content=\"mahmud\" \/>\n<meta name=\"twitter:card\" content=\"summary_large_image\" \/>\n<script type=\"application\/ld+json\" class=\"yoast-schema-graph\">{\"@context\":\"https:\\\/\\\/schema.org\",\"@graph\":[{\"@type\":\"Article\",\"@id\":\"https:\\\/\\\/www.meydan.tv\\\/az\\\/article\\\/eliyev-v%c9%99-pasinyan-bu-ay-dubayda-gorus%c9%99-bil%c9%99r-sulh-razilasmasi-istiqam%c9%99tind%c9%99-yeni-c%c9%99hd\\\/#article\",\"isPartOf\":{\"@id\":\"https:\\\/\\\/www.meydan.tv\\\/az\\\/article\\\/eliyev-v%c9%99-pasinyan-bu-ay-dubayda-gorus%c9%99-bil%c9%99r-sulh-razilasmasi-istiqam%c9%99tind%c9%99-yeni-c%c9%99hd\\\/\"},\"author\":{\"name\":\"mahmud\",\"@id\":\"https:\\\/\\\/www.meydan.tv\\\/az\\\/#\\\/schema\\\/person\\\/09863e516102a829e72bedcf3f84c6b0\"},\"headline\":\"\u018fliyev v\u0259 Pa\u015finyan bu ay Dubayda g\u00f6r\u00fc\u015f\u0259 bil\u0259r \u2013 s\u00fclh raz\u0131la\u015fmas\u0131 istiqam\u0259tind\u0259 yeni c\u0259hd\",\"datePublished\":\"2025-07-03T12:13:32+00:00\",\"dateModified\":\"2025-07-03T12:13:35+00:00\",\"mainEntityOfPage\":{\"@id\":\"https:\\\/\\\/www.meydan.tv\\\/az\\\/article\\\/eliyev-v%c9%99-pasinyan-bu-ay-dubayda-gorus%c9%99-bil%c9%99r-sulh-razilasmasi-istiqam%c9%99tind%c9%99-yeni-c%c9%99hd\\\/\"},\"wordCount\":732,\"publisher\":{\"@id\":\"https:\\\/\\\/www.meydan.tv\\\/az\\\/#organization\"},\"image\":{\"@id\":\"https:\\\/\\\/www.meydan.tv\\\/az\\\/article\\\/eliyev-v%c9%99-pasinyan-bu-ay-dubayda-gorus%c9%99-bil%c9%99r-sulh-razilasmasi-istiqam%c9%99tind%c9%99-yeni-c%c9%99hd\\\/#primaryimage\"},\"thumbnailUrl\":\"https:\\\/\\\/www.meydan.tv\\\/wp-content\\\/uploads\\\/img_0013.jpg\",\"articleSection\":[\"Sosial\",\"T\u00f6vsiy\u0259\",\"X\u0259b\u0259rl\u0259r\"],\"inLanguage\":\"az\"},{\"@type\":\"WebPage\",\"@id\":\"https:\\\/\\\/www.meydan.tv\\\/az\\\/article\\\/eliyev-v%c9%99-pasinyan-bu-ay-dubayda-gorus%c9%99-bil%c9%99r-sulh-razilasmasi-istiqam%c9%99tind%c9%99-yeni-c%c9%99hd\\\/\",\"url\":\"https:\\\/\\\/www.meydan.tv\\\/az\\\/article\\\/eliyev-v%c9%99-pasinyan-bu-ay-dubayda-gorus%c9%99-bil%c9%99r-sulh-razilasmasi-istiqam%c9%99tind%c9%99-yeni-c%c9%99hd\\\/\",\"name\":\"\u018fliyev v\u0259 Pa\u015finyan bu ay Dubayda g\u00f6r\u00fc\u015f\u0259 bil\u0259r \u2013 s\u00fclh raz\u0131la\u015fmas\u0131 istiqam\u0259tind\u0259 yeni c\u0259hd - MEYDAN.TV\",\"isPartOf\":{\"@id\":\"https:\\\/\\\/www.meydan.tv\\\/az\\\/#website\"},\"primaryImageOfPage\":{\"@id\":\"https:\\\/\\\/www.meydan.tv\\\/az\\\/article\\\/eliyev-v%c9%99-pasinyan-bu-ay-dubayda-gorus%c9%99-bil%c9%99r-sulh-razilasmasi-istiqam%c9%99tind%c9%99-yeni-c%c9%99hd\\\/#primaryimage\"},\"image\":{\"@id\":\"https:\\\/\\\/www.meydan.tv\\\/az\\\/article\\\/eliyev-v%c9%99-pasinyan-bu-ay-dubayda-gorus%c9%99-bil%c9%99r-sulh-razilasmasi-istiqam%c9%99tind%c9%99-yeni-c%c9%99hd\\\/#primaryimage\"},\"thumbnailUrl\":\"https:\\\/\\\/www.meydan.tv\\\/wp-content\\\/uploads\\\/img_0013.jpg\",\"datePublished\":\"2025-07-03T12:13:32+00:00\",\"dateModified\":\"2025-07-03T12:13:35+00:00\",\"breadcrumb\":{\"@id\":\"https:\\\/\\\/www.meydan.tv\\\/az\\\/article\\\/eliyev-v%c9%99-pasinyan-bu-ay-dubayda-gorus%c9%99-bil%c9%99r-sulh-razilasmasi-istiqam%c9%99tind%c9%99-yeni-c%c9%99hd\\\/#breadcrumb\"},\"inLanguage\":\"az\",\"potentialAction\":[{\"@type\":\"ReadAction\",\"target\":[\"https:\\\/\\\/www.meydan.tv\\\/az\\\/article\\\/eliyev-v%c9%99-pasinyan-bu-ay-dubayda-gorus%c9%99-bil%c9%99r-sulh-razilasmasi-istiqam%c9%99tind%c9%99-yeni-c%c9%99hd\\\/\"]}]},{\"@type\":\"ImageObject\",\"inLanguage\":\"az\",\"@id\":\"https:\\\/\\\/www.meydan.tv\\\/az\\\/article\\\/eliyev-v%c9%99-pasinyan-bu-ay-dubayda-gorus%c9%99-bil%c9%99r-sulh-razilasmasi-istiqam%c9%99tind%c9%99-yeni-c%c9%99hd\\\/#primaryimage\",\"url\":\"https:\\\/\\\/www.meydan.tv\\\/wp-content\\\/uploads\\\/img_0013.jpg\",\"contentUrl\":\"https:\\\/\\\/www.meydan.tv\\\/wp-content\\\/uploads\\\/img_0013.jpg\",\"width\":1200,\"height\":800,\"caption\":\"\u0130ll\u00fcstrasiya: Meydan TV\"},{\"@type\":\"BreadcrumbList\",\"@id\":\"https:\\\/\\\/www.meydan.tv\\\/az\\\/article\\\/eliyev-v%c9%99-pasinyan-bu-ay-dubayda-gorus%c9%99-bil%c9%99r-sulh-razilasmasi-istiqam%c9%99tind%c9%99-yeni-c%c9%99hd\\\/#breadcrumb\",\"itemListElement\":[{\"@type\":\"ListItem\",\"position\":1,\"name\":\"Ana s\u0259hif\u0259\",\"item\":\"https:\\\/\\\/www.meydan.tv\\\/az\\\/\"},{\"@type\":\"ListItem\",\"position\":2,\"name\":\"X\u0259b\u0259rl\u0259r\",\"item\":\"https:\\\/\\\/www.meydan.tv\\\/az\\\/section\\\/xeberler\\\/\"},{\"@type\":\"ListItem\",\"position\":3,\"name\":\"\u018fliyev v\u0259 Pa\u015finyan bu ay Dubayda g\u00f6r\u00fc\u015f\u0259 bil\u0259r \u2013 s\u00fclh raz\u0131la\u015fmas\u0131 istiqam\u0259tind\u0259 yeni c\u0259hd\"}]},{\"@type\":\"WebSite\",\"@id\":\"https:\\\/\\\/www.meydan.tv\\\/az\\\/#website\",\"url\":\"https:\\\/\\\/www.meydan.tv\\\/az\\\/\",\"name\":\"MEYDAN.TV\",\"description\":\"Meydan TV Az\u0259rbaycan\u0131n media m\u0259kan\u0131ndak\u0131 alternativ s\u0259sidir\",\"publisher\":{\"@id\":\"https:\\\/\\\/www.meydan.tv\\\/az\\\/#organization\"},\"potentialAction\":[{\"@type\":\"SearchAction\",\"target\":{\"@type\":\"EntryPoint\",\"urlTemplate\":\"https:\\\/\\\/www.meydan.tv\\\/az\\\/?s={search_term_string}\"},\"query-input\":{\"@type\":\"PropertyValueSpecification\",\"valueRequired\":true,\"valueName\":\"search_term_string\"}}],\"inLanguage\":\"az\"},{\"@type\":\"Organization\",\"@id\":\"https:\\\/\\\/www.meydan.tv\\\/az\\\/#organization\",\"name\":\"Meydan TV\",\"url\":\"https:\\\/\\\/www.meydan.tv\\\/az\\\/\",\"logo\":{\"@type\":\"ImageObject\",\"inLanguage\":\"az\",\"@id\":\"https:\\\/\\\/www.meydan.tv\\\/az\\\/#\\\/schema\\\/logo\\\/image\\\/\",\"url\":\"https:\\\/\\\/www.meydan.tv\\\/wp-content\\\/uploads\\\/2021\\\/07\\\/meydan-logo.svg\",\"contentUrl\":\"https:\\\/\\\/www.meydan.tv\\\/wp-content\\\/uploads\\\/2021\\\/07\\\/meydan-logo.svg\",\"width\":195,\"height\":46,\"caption\":\"Meydan TV\"},\"image\":{\"@id\":\"https:\\\/\\\/www.meydan.tv\\\/az\\\/#\\\/schema\\\/logo\\\/image\\\/\"}},{\"@type\":\"Person\",\"@id\":\"https:\\\/\\\/www.meydan.tv\\\/az\\\/#\\\/schema\\\/person\\\/09863e516102a829e72bedcf3f84c6b0\",\"name\":\"mahmud\"}]}<\/script>\n<!-- \/ Yoast SEO plugin. -->","yoast_head_json":{"title":"\u018fliyev v\u0259 Pa\u015finyan bu ay Dubayda g\u00f6r\u00fc\u015f\u0259 bil\u0259r \u2013 s\u00fclh raz\u0131la\u015fmas\u0131 istiqam\u0259tind\u0259 yeni c\u0259hd - MEYDAN.TV","robots":{"index":"index","follow":"follow","max-snippet":"max-snippet:-1","max-image-preview":"max-image-preview:large","max-video-preview":"max-video-preview:-1"},"canonical":"https:\/\/www.meydan.tv\/az\/article\/eliyev-v%c9%99-pasinyan-bu-ay-dubayda-gorus%c9%99-bil%c9%99r-sulh-razilasmasi-istiqam%c9%99tind%c9%99-yeni-c%c9%99hd\/","og_locale":"az_AZ","og_type":"article","og_title":"\u018fliyev v\u0259 Pa\u015finyan bu ay Dubayda g\u00f6r\u00fc\u015f\u0259 bil\u0259r \u2013 s\u00fclh raz\u0131la\u015fmas\u0131 istiqam\u0259tind\u0259 yeni c\u0259hd - MEYDAN.TV","og_description":"\u201cMiddle East Eye\u201d yaz\u0131r ki, T\u00fcrkiy\u0259 Bak\u0131ya s\u00fclh raz\u0131la\u015fmas\u0131n\u0131 imzalamaq ... Davam\u0131","og_url":"https:\/\/www.meydan.tv\/az\/article\/eliyev-v%c9%99-pasinyan-bu-ay-dubayda-gorus%c9%99-bil%c9%99r-sulh-razilasmasi-istiqam%c9%99tind%c9%99-yeni-c%c9%99hd\/","og_site_name":"MEYDAN.TV","article_published_time":"2025-07-03T12:13:32+00:00","article_modified_time":"2025-07-03T12:13:35+00:00","og_image":[{"width":1200,"height":800,"url":"https:\/\/www.meydan.tv\/wp-content\/uploads\/img_0013.jpg","type":"image\/jpeg"}],"author":"mahmud","twitter_card":"summary_large_image","schema":{"@context":"https:\/\/schema.org","@graph":[{"@type":"Article","@id":"https:\/\/www.meydan.tv\/az\/article\/eliyev-v%c9%99-pasinyan-bu-ay-dubayda-gorus%c9%99-bil%c9%99r-sulh-razilasmasi-istiqam%c9%99tind%c9%99-yeni-c%c9%99hd\/#article","isPartOf":{"@id":"https:\/\/www.meydan.tv\/az\/article\/eliyev-v%c9%99-pasinyan-bu-ay-dubayda-gorus%c9%99-bil%c9%99r-sulh-razilasmasi-istiqam%c9%99tind%c9%99-yeni-c%c9%99hd\/"},"author":{"name":"mahmud","@id":"https:\/\/www.meydan.tv\/az\/#\/schema\/person\/09863e516102a829e72bedcf3f84c6b0"},"headline":"\u018fliyev v\u0259 Pa\u015finyan bu ay Dubayda g\u00f6r\u00fc\u015f\u0259 bil\u0259r \u2013 s\u00fclh raz\u0131la\u015fmas\u0131 istiqam\u0259tind\u0259 yeni c\u0259hd","datePublished":"2025-07-03T12:13:32+00:00","dateModified":"2025-07-03T12:13:35+00:00","mainEntityOfPage":{"@id":"https:\/\/www.meydan.tv\/az\/article\/eliyev-v%c9%99-pasinyan-bu-ay-dubayda-gorus%c9%99-bil%c9%99r-sulh-razilasmasi-istiqam%c9%99tind%c9%99-yeni-c%c9%99hd\/"},"wordCount":732,"publisher":{"@id":"https:\/\/www.meydan.tv\/az\/#organization"},"image":{"@id":"https:\/\/www.meydan.tv\/az\/article\/eliyev-v%c9%99-pasinyan-bu-ay-dubayda-gorus%c9%99-bil%c9%99r-sulh-razilasmasi-istiqam%c9%99tind%c9%99-yeni-c%c9%99hd\/#primaryimage"},"thumbnailUrl":"https:\/\/www.meydan.tv\/wp-content\/uploads\/img_0013.jpg","articleSection":["Sosial","T\u00f6vsiy\u0259","X\u0259b\u0259rl\u0259r"],"inLanguage":"az"},{"@type":"WebPage","@id":"https:\/\/www.meydan.tv\/az\/article\/eliyev-v%c9%99-pasinyan-bu-ay-dubayda-gorus%c9%99-bil%c9%99r-sulh-razilasmasi-istiqam%c9%99tind%c9%99-yeni-c%c9%99hd\/","url":"https:\/\/www.meydan.tv\/az\/article\/eliyev-v%c9%99-pasinyan-bu-ay-dubayda-gorus%c9%99-bil%c9%99r-sulh-razilasmasi-istiqam%c9%99tind%c9%99-yeni-c%c9%99hd\/","name":"\u018fliyev v\u0259 Pa\u015finyan bu ay Dubayda g\u00f6r\u00fc\u015f\u0259 bil\u0259r \u2013 s\u00fclh raz\u0131la\u015fmas\u0131 istiqam\u0259tind\u0259 yeni c\u0259hd - MEYDAN.TV","isPartOf":{"@id":"https:\/\/www.meydan.tv\/az\/#website"},"primaryImageOfPage":{"@id":"https:\/\/www.meydan.tv\/az\/article\/eliyev-v%c9%99-pasinyan-bu-ay-dubayda-gorus%c9%99-bil%c9%99r-sulh-razilasmasi-istiqam%c9%99tind%c9%99-yeni-c%c9%99hd\/#primaryimage"},"image":{"@id":"https:\/\/www.meydan.tv\/az\/article\/eliyev-v%c9%99-pasinyan-bu-ay-dubayda-gorus%c9%99-bil%c9%99r-sulh-razilasmasi-istiqam%c9%99tind%c9%99-yeni-c%c9%99hd\/#primaryimage"},"thumbnailUrl":"https:\/\/www.meydan.tv\/wp-content\/uploads\/img_0013.jpg","datePublished":"2025-07-03T12:13:32+00:00","dateModified":"2025-07-03T12:13:35+00:00","breadcrumb":{"@id":"https:\/\/www.meydan.tv\/az\/article\/eliyev-v%c9%99-pasinyan-bu-ay-dubayda-gorus%c9%99-bil%c9%99r-sulh-razilasmasi-istiqam%c9%99tind%c9%99-yeni-c%c9%99hd\/#breadcrumb"},"inLanguage":"az","potentialAction":[{"@type":"ReadAction","target":["https:\/\/www.meydan.tv\/az\/article\/eliyev-v%c9%99-pasinyan-bu-ay-dubayda-gorus%c9%99-bil%c9%99r-sulh-razilasmasi-istiqam%c9%99tind%c9%99-yeni-c%c9%99hd\/"]}]},{"@type":"ImageObject","inLanguage":"az","@id":"https:\/\/www.meydan.tv\/az\/article\/eliyev-v%c9%99-pasinyan-bu-ay-dubayda-gorus%c9%99-bil%c9%99r-sulh-razilasmasi-istiqam%c9%99tind%c9%99-yeni-c%c9%99hd\/#primaryimage","url":"https:\/\/www.meydan.tv\/wp-content\/uploads\/img_0013.jpg","contentUrl":"https:\/\/www.meydan.tv\/wp-content\/uploads\/img_0013.jpg","width":1200,"height":800,"caption":"\u0130ll\u00fcstrasiya: Meydan TV"},{"@type":"BreadcrumbList","@id":"https:\/\/www.meydan.tv\/az\/article\/eliyev-v%c9%99-pasinyan-bu-ay-dubayda-gorus%c9%99-bil%c9%99r-sulh-razilasmasi-istiqam%c9%99tind%c9%99-yeni-c%c9%99hd\/#breadcrumb","itemListElement":[{"@type":"ListItem","position":1,"name":"Ana s\u0259hif\u0259","item":"https:\/\/www.meydan.tv\/az\/"},{"@type":"ListItem","position":2,"name":"X\u0259b\u0259rl\u0259r","item":"https:\/\/www.meydan.tv\/az\/section\/xeberler\/"},{"@type":"ListItem","position":3,"name":"\u018fliyev v\u0259 Pa\u015finyan bu ay Dubayda g\u00f6r\u00fc\u015f\u0259 bil\u0259r \u2013 s\u00fclh raz\u0131la\u015fmas\u0131 istiqam\u0259tind\u0259 yeni c\u0259hd"}]},{"@type":"WebSite","@id":"https:\/\/www.meydan.tv\/az\/#website","url":"https:\/\/www.meydan.tv\/az\/","name":"MEYDAN.TV","description":"Meydan TV Az\u0259rbaycan\u0131n media m\u0259kan\u0131ndak\u0131 alternativ s\u0259sidir","publisher":{"@id":"https:\/\/www.meydan.tv\/az\/#organization"},"potentialAction":[{"@type":"SearchAction","target":{"@type":"EntryPoint","urlTemplate":"https:\/\/www.meydan.tv\/az\/?s={search_term_string}"},"query-input":{"@type":"PropertyValueSpecification","valueRequired":true,"valueName":"search_term_string"}}],"inLanguage":"az"},{"@type":"Organization","@id":"https:\/\/www.meydan.tv\/az\/#organization","name":"Meydan TV","url":"https:\/\/www.meydan.tv\/az\/","logo":{"@type":"ImageObject","inLanguage":"az","@id":"https:\/\/www.meydan.tv\/az\/#\/schema\/logo\/image\/","url":"https:\/\/www.meydan.tv\/wp-content\/uploads\/2021\/07\/meydan-logo.svg","contentUrl":"https:\/\/www.meydan.tv\/wp-content\/uploads\/2021\/07\/meydan-logo.svg","width":195,"height":46,"caption":"Meydan TV"},"image":{"@id":"https:\/\/www.meydan.tv\/az\/#\/schema\/logo\/image\/"}},{"@type":"Person","@id":"https:\/\/www.meydan.tv\/az\/#\/schema\/person\/09863e516102a829e72bedcf3f84c6b0","name":"mahmud"}]}},"_links":{"self":[{"href":"https:\/\/www.meydan.tv\/az\/wp-json\/wp\/v2\/posts\/332681","targetHints":{"allow":["GET"]}}],"collection":[{"href":"https:\/\/www.meydan.tv\/az\/wp-json\/wp\/v2\/posts"}],"about":[{"href":"https:\/\/www.meydan.tv\/az\/wp-json\/wp\/v2\/types\/post"}],"author":[{"embeddable":true,"href":"https:\/\/www.meydan.tv\/az\/wp-json\/wp\/v2\/users\/21"}],"replies":[{"embeddable":true,"href":"https:\/\/www.meydan.tv\/az\/wp-json\/wp\/v2\/comments?post=332681"}],"version-history":[{"count":3,"href":"https:\/\/www.meydan.tv\/az\/wp-json\/wp\/v2\/posts\/332681\/revisions"}],"predecessor-version":[{"id":332685,"href":"https:\/\/www.meydan.tv\/az\/wp-json\/wp\/v2\/posts\/332681\/revisions\/332685"}],"wp:featuredmedia":[{"embeddable":true,"href":"https:\/\/www.meydan.tv\/az\/wp-json\/wp\/v2\/media\/276510"}],"wp:attachment":[{"href":"https:\/\/www.meydan.tv\/az\/wp-json\/wp\/v2\/media?parent=332681"}],"wp:term":[{"taxonomy":"category","embeddable":true,"href":"https:\/\/www.meydan.tv\/az\/wp-json\/wp\/v2\/categories?post=332681"},{"taxonomy":"post_tag","embeddable":true,"href":"https:\/\/www.meydan.tv\/az\/wp-json\/wp\/v2\/tags?post=332681"}],"curies":[{"name":"wp","href":"https:\/\/api.w.org\/{rel}","templated":true}]}}