{"id":332609,"date":"2025-07-02T14:43:06","date_gmt":"2025-07-02T10:43:06","guid":{"rendered":"https:\/\/www.meydan.tv\/?p=332609"},"modified":"2025-07-02T14:45:14","modified_gmt":"2025-07-02T10:45:14","slug":"az%c9%99r-qasimlinin-isi-m%c9%99hk%c9%99m%c9%99-baxisina-verilib","status":"publish","type":"post","link":"https:\/\/www.meydan.tv\/az\/article\/az%c9%99r-qasimlinin-isi-m%c9%99hk%c9%99m%c9%99-baxisina-verilib\/","title":{"rendered":"Az\u0259r Qas\u0131ml\u0131n\u0131n i\u015fi m\u0259hk\u0259m\u0259 bax\u0131\u015f\u0131na verilib"},"content":{"rendered":"\n<p><\/p>\n\n\n\n<p><strong><em>Bax\u0131\u015f iclas\u0131 iyulun 16-na t\u0259yin edilib<\/em><\/strong><\/p>\n\n\n\n<p>\u0130yulun 2-d\u0259 Bak\u0131 A\u011f\u0131r Cinay\u0259tl\u0259r M\u0259hk\u0259m\u0259sind\u0259 h\u0259bsd\u0259 olan Siyasi Menecment \u0130nstitutunun r\u0259hb\u0259ri, politoloq Az\u0259r Qas\u0131ml\u0131n\u0131n i\u015fi \u00fczr\u0259 n\u00f6vb\u0259ti haz\u0131rl\u0131q iclas\u0131 ke\u00e7irilib.<\/p>\n\n\n\n<p>\u0130clasda Az\u0259r Qas\u0131ml\u0131n\u0131n v\u0259kili Aqil Lay\u0131c i\u015ftirak edib. O, cinay\u0259t i\u015fin\u0259 xitam verilm\u0259si v\u0259 ya Az\u0259r Qas\u0131ml\u0131n\u0131n ev dustaql\u0131\u011f\u0131na ke\u00e7irilm\u0259si, Qas\u0131ml\u0131n\u0131n \u015f\u00fc\u015f\u0259 kameradan \u00e7\u0131xar\u0131laraq m\u0259hk\u0259m\u0259 zal\u0131nda oturmas\u0131 il\u0259 ba\u011fl\u0131 v\u0259sat\u0259tl\u0259r verib.&nbsp;<\/p>\n\n\n\n<p>Bundan ba\u015fqa, v\u0259kil maliyy\u0259 i\u015fi \u00fczr\u0259 Ming\u0259\u00e7evir Rayon M\u0259hk\u0259m\u0259sind\u0259n v\u0259 \u015e\u0259ki Kommersiya M\u0259hk\u0259m\u0259sind\u0259n s\u0259n\u0259dl\u0259r v\u0259 video g\u00f6r\u00fcnt\u00fcl\u0259rin m\u0259hk\u0259m\u0259y\u0259 t\u0259qdim edilm\u0259sini, b\u0259zi s\u0259n\u0259dl\u0259rin s\u00fcbutlar siyah\u0131s\u0131ndan \u00e7\u0131xar\u0131lmas\u0131n\u0131 v\u0259 \u0259lav\u0259 \u015fahidl\u0259rin c\u0259lb edilm\u0259sini&nbsp;ist\u0259yib.&nbsp;<\/p>\n\n\n\n<p>Hakim Telman H\u00fcseynovun s\u0259drliyi il\u0259 ke\u00e7iril\u0259n prosesd\u0259 v\u0259kilin verdiyi b\u00fct\u00fcn v\u0259sat\u0259tl\u0259r r\u0259dd edilib, cinay\u0259t i\u015finin m\u0259hk\u0259m\u0259 bax\u0131\u015f\u0131na verilm\u0259si bar\u0259d\u0259 q\u0259rar q\u0259bul olunub.<\/p>\n\n\n\n<p>Bax\u0131\u015f iclas\u0131 iyulun 16-na t\u0259yin edilib.<\/p>\n\n\n\n<p>Siyasi Menecment \u0130nstitutunun direktoru Az\u0259r Qas\u0131ml\u0131 2024-c\u00fc il dekabr\u0131n 8-d\u0259 saxlan\u0131l\u0131b.<\/p>\n\n\n\n<p>Ona qar\u015f\u0131 Cinay\u0259t M\u0259c\u0259ll\u0259sinin 182.2.3-c\u00fc (h\u0259d\u0259-qorxu il\u0259 t\u0259l\u0259b etm\u0259, zor t\u0259tbiq etm\u0259 il\u0259 t\u00f6r\u0259dildikd\u0259) madd\u0259sil\u0259 ittiham ir\u0259li s\u00fcr\u00fcl\u00fcb v\u0259 bar\u0259sind\u0259 h\u0259bs q\u0259timkan t\u0259dbiri se\u00e7ilib.<\/p>\n\n\n\n<p>Az\u0259r Qas\u0131ml\u0131 h\u0259bsinin siyasi sifari\u015f, ittihamlar\u0131n is\u0259 qondarma oldu\u011funu bildirib.<\/p>\n","protected":false},"excerpt":{"rendered":"<p>Bax\u0131\u015f iclas\u0131 iyulun 16-na t\u0259yin edilib \u0130yulun 2-d\u0259 Bak\u0131 A\u011f\u0131r &#8230; <\/p>\n<p class=\"read-more-container\"><a title=\"Az\u0259r Qas\u0131ml\u0131n\u0131n i\u015fi m\u0259hk\u0259m\u0259 bax\u0131\u015f\u0131na verilib\" class=\"read-more button\" href=\"https:\/\/www.meydan.tv\/az\/article\/az%c9%99r-qasimlinin-isi-m%c9%99hk%c9%99m%c9%99-baxisina-verilib\/#more-332609\" aria-label=\"Read more about Az\u0259r Qas\u0131ml\u0131n\u0131n i\u015fi m\u0259hk\u0259m\u0259 bax\u0131\u015f\u0131na verilib\">Davam\u0131<\/a><\/p>\n","protected":false},"author":21,"featured_media":210058,"comment_status":"closed","ping_status":"closed","sticky":false,"template":"","format":"standard","meta":{"_acf_changed":false,"_sitemap_exclude":false,"_sitemap_priority":"","_sitemap_frequency":"","footnotes":""},"categories":[59,56],"tags":[],"class_list":["post-332609","post","type-post","status-publish","format-standard","has-post-thumbnail","hentry","category-siyaset","category-xeberler","infinite-scroll-item","generate-columns","tablet-grid-50","mobile-grid-100","grid-parent","grid-33","no-featured-image-padding"],"acf":[],"yoast_head":"<!-- This site is optimized with the Yoast SEO plugin v27.5 - https:\/\/yoast.com\/product\/yoast-seo-wordpress\/ -->\n<title>Az\u0259r Qas\u0131ml\u0131n\u0131n i\u015fi m\u0259hk\u0259m\u0259 bax\u0131\u015f\u0131na verilib - MEYDAN.TV<\/title>\n<meta name=\"robots\" content=\"index, follow, max-snippet:-1, max-image-preview:large, max-video-preview:-1\" \/>\n<link rel=\"canonical\" href=\"https:\/\/www.meydan.tv\/az\/article\/az%c9%99r-qasimlinin-isi-m%c9%99hk%c9%99m%c9%99-baxisina-verilib\/\" \/>\n<meta property=\"og:locale\" content=\"az_AZ\" \/>\n<meta property=\"og:type\" content=\"article\" \/>\n<meta property=\"og:title\" content=\"Az\u0259r Qas\u0131ml\u0131n\u0131n i\u015fi m\u0259hk\u0259m\u0259 bax\u0131\u015f\u0131na verilib - MEYDAN.TV\" \/>\n<meta property=\"og:description\" content=\"Bax\u0131\u015f iclas\u0131 iyulun 16-na t\u0259yin edilib \u0130yulun 2-d\u0259 Bak\u0131 A\u011f\u0131r ... Davam\u0131\" \/>\n<meta property=\"og:url\" content=\"https:\/\/www.meydan.tv\/az\/article\/az%c9%99r-qasimlinin-isi-m%c9%99hk%c9%99m%c9%99-baxisina-verilib\/\" \/>\n<meta property=\"og:site_name\" content=\"MEYDAN.TV\" \/>\n<meta property=\"article:published_time\" content=\"2025-07-02T10:43:06+00:00\" \/>\n<meta property=\"article:modified_time\" content=\"2025-07-02T10:45:14+00:00\" \/>\n<meta property=\"og:image\" content=\"https:\/\/www.meydan.tv\/wp-content\/uploads\/img_7646-scaled-e1734093479185.jpg\" \/>\n\t<meta property=\"og:image:width\" content=\"2560\" \/>\n\t<meta property=\"og:image:height\" content=\"1216\" \/>\n\t<meta property=\"og:image:type\" content=\"image\/jpeg\" \/>\n<meta name=\"author\" content=\"mahmud\" \/>\n<meta name=\"twitter:card\" content=\"summary_large_image\" \/>\n<script type=\"application\/ld+json\" class=\"yoast-schema-graph\">{\"@context\":\"https:\\\/\\\/schema.org\",\"@graph\":[{\"@type\":\"Article\",\"@id\":\"https:\\\/\\\/www.meydan.tv\\\/az\\\/article\\\/az%c9%99r-qasimlinin-isi-m%c9%99hk%c9%99m%c9%99-baxisina-verilib\\\/#article\",\"isPartOf\":{\"@id\":\"https:\\\/\\\/www.meydan.tv\\\/az\\\/article\\\/az%c9%99r-qasimlinin-isi-m%c9%99hk%c9%99m%c9%99-baxisina-verilib\\\/\"},\"author\":{\"name\":\"mahmud\",\"@id\":\"https:\\\/\\\/www.meydan.tv\\\/az\\\/#\\\/schema\\\/person\\\/09863e516102a829e72bedcf3f84c6b0\"},\"headline\":\"Az\u0259r Qas\u0131ml\u0131n\u0131n i\u015fi m\u0259hk\u0259m\u0259 bax\u0131\u015f\u0131na verilib\",\"datePublished\":\"2025-07-02T10:43:06+00:00\",\"dateModified\":\"2025-07-02T10:45:14+00:00\",\"mainEntityOfPage\":{\"@id\":\"https:\\\/\\\/www.meydan.tv\\\/az\\\/article\\\/az%c9%99r-qasimlinin-isi-m%c9%99hk%c9%99m%c9%99-baxisina-verilib\\\/\"},\"wordCount\":315,\"publisher\":{\"@id\":\"https:\\\/\\\/www.meydan.tv\\\/az\\\/#organization\"},\"image\":{\"@id\":\"https:\\\/\\\/www.meydan.tv\\\/az\\\/article\\\/az%c9%99r-qasimlinin-isi-m%c9%99hk%c9%99m%c9%99-baxisina-verilib\\\/#primaryimage\"},\"thumbnailUrl\":\"https:\\\/\\\/www.meydan.tv\\\/wp-content\\\/uploads\\\/img_7646-scaled-e1734093479185.jpg\",\"articleSection\":[\"Siyas\u0259t\",\"X\u0259b\u0259rl\u0259r\"],\"inLanguage\":\"az\"},{\"@type\":\"WebPage\",\"@id\":\"https:\\\/\\\/www.meydan.tv\\\/az\\\/article\\\/az%c9%99r-qasimlinin-isi-m%c9%99hk%c9%99m%c9%99-baxisina-verilib\\\/\",\"url\":\"https:\\\/\\\/www.meydan.tv\\\/az\\\/article\\\/az%c9%99r-qasimlinin-isi-m%c9%99hk%c9%99m%c9%99-baxisina-verilib\\\/\",\"name\":\"Az\u0259r Qas\u0131ml\u0131n\u0131n i\u015fi m\u0259hk\u0259m\u0259 bax\u0131\u015f\u0131na verilib - MEYDAN.TV\",\"isPartOf\":{\"@id\":\"https:\\\/\\\/www.meydan.tv\\\/az\\\/#website\"},\"primaryImageOfPage\":{\"@id\":\"https:\\\/\\\/www.meydan.tv\\\/az\\\/article\\\/az%c9%99r-qasimlinin-isi-m%c9%99hk%c9%99m%c9%99-baxisina-verilib\\\/#primaryimage\"},\"image\":{\"@id\":\"https:\\\/\\\/www.meydan.tv\\\/az\\\/article\\\/az%c9%99r-qasimlinin-isi-m%c9%99hk%c9%99m%c9%99-baxisina-verilib\\\/#primaryimage\"},\"thumbnailUrl\":\"https:\\\/\\\/www.meydan.tv\\\/wp-content\\\/uploads\\\/img_7646-scaled-e1734093479185.jpg\",\"datePublished\":\"2025-07-02T10:43:06+00:00\",\"dateModified\":\"2025-07-02T10:45:14+00:00\",\"breadcrumb\":{\"@id\":\"https:\\\/\\\/www.meydan.tv\\\/az\\\/article\\\/az%c9%99r-qasimlinin-isi-m%c9%99hk%c9%99m%c9%99-baxisina-verilib\\\/#breadcrumb\"},\"inLanguage\":\"az\",\"potentialAction\":[{\"@type\":\"ReadAction\",\"target\":[\"https:\\\/\\\/www.meydan.tv\\\/az\\\/article\\\/az%c9%99r-qasimlinin-isi-m%c9%99hk%c9%99m%c9%99-baxisina-verilib\\\/\"]}]},{\"@type\":\"ImageObject\",\"inLanguage\":\"az\",\"@id\":\"https:\\\/\\\/www.meydan.tv\\\/az\\\/article\\\/az%c9%99r-qasimlinin-isi-m%c9%99hk%c9%99m%c9%99-baxisina-verilib\\\/#primaryimage\",\"url\":\"https:\\\/\\\/www.meydan.tv\\\/wp-content\\\/uploads\\\/img_7646-scaled-e1734093479185.jpg\",\"contentUrl\":\"https:\\\/\\\/www.meydan.tv\\\/wp-content\\\/uploads\\\/img_7646-scaled-e1734093479185.jpg\",\"width\":2560,\"height\":1216,\"caption\":\"Az\u0259r Qas\u0131ml\u0131. ill\u00fcstrasiya: Meydan TV\"},{\"@type\":\"BreadcrumbList\",\"@id\":\"https:\\\/\\\/www.meydan.tv\\\/az\\\/article\\\/az%c9%99r-qasimlinin-isi-m%c9%99hk%c9%99m%c9%99-baxisina-verilib\\\/#breadcrumb\",\"itemListElement\":[{\"@type\":\"ListItem\",\"position\":1,\"name\":\"Ana s\u0259hif\u0259\",\"item\":\"https:\\\/\\\/www.meydan.tv\\\/az\\\/\"},{\"@type\":\"ListItem\",\"position\":2,\"name\":\"Siyas\u0259t\",\"item\":\"https:\\\/\\\/www.meydan.tv\\\/az\\\/section\\\/siyaset\\\/\"},{\"@type\":\"ListItem\",\"position\":3,\"name\":\"Az\u0259r Qas\u0131ml\u0131n\u0131n i\u015fi m\u0259hk\u0259m\u0259 bax\u0131\u015f\u0131na verilib\"}]},{\"@type\":\"WebSite\",\"@id\":\"https:\\\/\\\/www.meydan.tv\\\/az\\\/#website\",\"url\":\"https:\\\/\\\/www.meydan.tv\\\/az\\\/\",\"name\":\"MEYDAN.TV\",\"description\":\"Meydan TV Az\u0259rbaycan\u0131n media m\u0259kan\u0131ndak\u0131 alternativ s\u0259sidir\",\"publisher\":{\"@id\":\"https:\\\/\\\/www.meydan.tv\\\/az\\\/#organization\"},\"potentialAction\":[{\"@type\":\"SearchAction\",\"target\":{\"@type\":\"EntryPoint\",\"urlTemplate\":\"https:\\\/\\\/www.meydan.tv\\\/az\\\/?s={search_term_string}\"},\"query-input\":{\"@type\":\"PropertyValueSpecification\",\"valueRequired\":true,\"valueName\":\"search_term_string\"}}],\"inLanguage\":\"az\"},{\"@type\":\"Organization\",\"@id\":\"https:\\\/\\\/www.meydan.tv\\\/az\\\/#organization\",\"name\":\"Meydan TV\",\"url\":\"https:\\\/\\\/www.meydan.tv\\\/az\\\/\",\"logo\":{\"@type\":\"ImageObject\",\"inLanguage\":\"az\",\"@id\":\"https:\\\/\\\/www.meydan.tv\\\/az\\\/#\\\/schema\\\/logo\\\/image\\\/\",\"url\":\"https:\\\/\\\/www.meydan.tv\\\/wp-content\\\/uploads\\\/2021\\\/07\\\/meydan-logo.svg\",\"contentUrl\":\"https:\\\/\\\/www.meydan.tv\\\/wp-content\\\/uploads\\\/2021\\\/07\\\/meydan-logo.svg\",\"width\":195,\"height\":46,\"caption\":\"Meydan TV\"},\"image\":{\"@id\":\"https:\\\/\\\/www.meydan.tv\\\/az\\\/#\\\/schema\\\/logo\\\/image\\\/\"}},{\"@type\":\"Person\",\"@id\":\"https:\\\/\\\/www.meydan.tv\\\/az\\\/#\\\/schema\\\/person\\\/09863e516102a829e72bedcf3f84c6b0\",\"name\":\"mahmud\"}]}<\/script>\n<!-- \/ Yoast SEO plugin. -->","yoast_head_json":{"title":"Az\u0259r Qas\u0131ml\u0131n\u0131n i\u015fi m\u0259hk\u0259m\u0259 bax\u0131\u015f\u0131na verilib - MEYDAN.TV","robots":{"index":"index","follow":"follow","max-snippet":"max-snippet:-1","max-image-preview":"max-image-preview:large","max-video-preview":"max-video-preview:-1"},"canonical":"https:\/\/www.meydan.tv\/az\/article\/az%c9%99r-qasimlinin-isi-m%c9%99hk%c9%99m%c9%99-baxisina-verilib\/","og_locale":"az_AZ","og_type":"article","og_title":"Az\u0259r Qas\u0131ml\u0131n\u0131n i\u015fi m\u0259hk\u0259m\u0259 bax\u0131\u015f\u0131na verilib - MEYDAN.TV","og_description":"Bax\u0131\u015f iclas\u0131 iyulun 16-na t\u0259yin edilib \u0130yulun 2-d\u0259 Bak\u0131 A\u011f\u0131r ... Davam\u0131","og_url":"https:\/\/www.meydan.tv\/az\/article\/az%c9%99r-qasimlinin-isi-m%c9%99hk%c9%99m%c9%99-baxisina-verilib\/","og_site_name":"MEYDAN.TV","article_published_time":"2025-07-02T10:43:06+00:00","article_modified_time":"2025-07-02T10:45:14+00:00","og_image":[{"width":2560,"height":1216,"url":"https:\/\/www.meydan.tv\/wp-content\/uploads\/img_7646-scaled-e1734093479185.jpg","type":"image\/jpeg"}],"author":"mahmud","twitter_card":"summary_large_image","schema":{"@context":"https:\/\/schema.org","@graph":[{"@type":"Article","@id":"https:\/\/www.meydan.tv\/az\/article\/az%c9%99r-qasimlinin-isi-m%c9%99hk%c9%99m%c9%99-baxisina-verilib\/#article","isPartOf":{"@id":"https:\/\/www.meydan.tv\/az\/article\/az%c9%99r-qasimlinin-isi-m%c9%99hk%c9%99m%c9%99-baxisina-verilib\/"},"author":{"name":"mahmud","@id":"https:\/\/www.meydan.tv\/az\/#\/schema\/person\/09863e516102a829e72bedcf3f84c6b0"},"headline":"Az\u0259r Qas\u0131ml\u0131n\u0131n i\u015fi m\u0259hk\u0259m\u0259 bax\u0131\u015f\u0131na verilib","datePublished":"2025-07-02T10:43:06+00:00","dateModified":"2025-07-02T10:45:14+00:00","mainEntityOfPage":{"@id":"https:\/\/www.meydan.tv\/az\/article\/az%c9%99r-qasimlinin-isi-m%c9%99hk%c9%99m%c9%99-baxisina-verilib\/"},"wordCount":315,"publisher":{"@id":"https:\/\/www.meydan.tv\/az\/#organization"},"image":{"@id":"https:\/\/www.meydan.tv\/az\/article\/az%c9%99r-qasimlinin-isi-m%c9%99hk%c9%99m%c9%99-baxisina-verilib\/#primaryimage"},"thumbnailUrl":"https:\/\/www.meydan.tv\/wp-content\/uploads\/img_7646-scaled-e1734093479185.jpg","articleSection":["Siyas\u0259t","X\u0259b\u0259rl\u0259r"],"inLanguage":"az"},{"@type":"WebPage","@id":"https:\/\/www.meydan.tv\/az\/article\/az%c9%99r-qasimlinin-isi-m%c9%99hk%c9%99m%c9%99-baxisina-verilib\/","url":"https:\/\/www.meydan.tv\/az\/article\/az%c9%99r-qasimlinin-isi-m%c9%99hk%c9%99m%c9%99-baxisina-verilib\/","name":"Az\u0259r Qas\u0131ml\u0131n\u0131n i\u015fi m\u0259hk\u0259m\u0259 bax\u0131\u015f\u0131na verilib - MEYDAN.TV","isPartOf":{"@id":"https:\/\/www.meydan.tv\/az\/#website"},"primaryImageOfPage":{"@id":"https:\/\/www.meydan.tv\/az\/article\/az%c9%99r-qasimlinin-isi-m%c9%99hk%c9%99m%c9%99-baxisina-verilib\/#primaryimage"},"image":{"@id":"https:\/\/www.meydan.tv\/az\/article\/az%c9%99r-qasimlinin-isi-m%c9%99hk%c9%99m%c9%99-baxisina-verilib\/#primaryimage"},"thumbnailUrl":"https:\/\/www.meydan.tv\/wp-content\/uploads\/img_7646-scaled-e1734093479185.jpg","datePublished":"2025-07-02T10:43:06+00:00","dateModified":"2025-07-02T10:45:14+00:00","breadcrumb":{"@id":"https:\/\/www.meydan.tv\/az\/article\/az%c9%99r-qasimlinin-isi-m%c9%99hk%c9%99m%c9%99-baxisina-verilib\/#breadcrumb"},"inLanguage":"az","potentialAction":[{"@type":"ReadAction","target":["https:\/\/www.meydan.tv\/az\/article\/az%c9%99r-qasimlinin-isi-m%c9%99hk%c9%99m%c9%99-baxisina-verilib\/"]}]},{"@type":"ImageObject","inLanguage":"az","@id":"https:\/\/www.meydan.tv\/az\/article\/az%c9%99r-qasimlinin-isi-m%c9%99hk%c9%99m%c9%99-baxisina-verilib\/#primaryimage","url":"https:\/\/www.meydan.tv\/wp-content\/uploads\/img_7646-scaled-e1734093479185.jpg","contentUrl":"https:\/\/www.meydan.tv\/wp-content\/uploads\/img_7646-scaled-e1734093479185.jpg","width":2560,"height":1216,"caption":"Az\u0259r Qas\u0131ml\u0131. ill\u00fcstrasiya: Meydan TV"},{"@type":"BreadcrumbList","@id":"https:\/\/www.meydan.tv\/az\/article\/az%c9%99r-qasimlinin-isi-m%c9%99hk%c9%99m%c9%99-baxisina-verilib\/#breadcrumb","itemListElement":[{"@type":"ListItem","position":1,"name":"Ana s\u0259hif\u0259","item":"https:\/\/www.meydan.tv\/az\/"},{"@type":"ListItem","position":2,"name":"Siyas\u0259t","item":"https:\/\/www.meydan.tv\/az\/section\/siyaset\/"},{"@type":"ListItem","position":3,"name":"Az\u0259r Qas\u0131ml\u0131n\u0131n i\u015fi m\u0259hk\u0259m\u0259 bax\u0131\u015f\u0131na verilib"}]},{"@type":"WebSite","@id":"https:\/\/www.meydan.tv\/az\/#website","url":"https:\/\/www.meydan.tv\/az\/","name":"MEYDAN.TV","description":"Meydan TV Az\u0259rbaycan\u0131n media m\u0259kan\u0131ndak\u0131 alternativ s\u0259sidir","publisher":{"@id":"https:\/\/www.meydan.tv\/az\/#organization"},"potentialAction":[{"@type":"SearchAction","target":{"@type":"EntryPoint","urlTemplate":"https:\/\/www.meydan.tv\/az\/?s={search_term_string}"},"query-input":{"@type":"PropertyValueSpecification","valueRequired":true,"valueName":"search_term_string"}}],"inLanguage":"az"},{"@type":"Organization","@id":"https:\/\/www.meydan.tv\/az\/#organization","name":"Meydan TV","url":"https:\/\/www.meydan.tv\/az\/","logo":{"@type":"ImageObject","inLanguage":"az","@id":"https:\/\/www.meydan.tv\/az\/#\/schema\/logo\/image\/","url":"https:\/\/www.meydan.tv\/wp-content\/uploads\/2021\/07\/meydan-logo.svg","contentUrl":"https:\/\/www.meydan.tv\/wp-content\/uploads\/2021\/07\/meydan-logo.svg","width":195,"height":46,"caption":"Meydan TV"},"image":{"@id":"https:\/\/www.meydan.tv\/az\/#\/schema\/logo\/image\/"}},{"@type":"Person","@id":"https:\/\/www.meydan.tv\/az\/#\/schema\/person\/09863e516102a829e72bedcf3f84c6b0","name":"mahmud"}]}},"_links":{"self":[{"href":"https:\/\/www.meydan.tv\/az\/wp-json\/wp\/v2\/posts\/332609","targetHints":{"allow":["GET"]}}],"collection":[{"href":"https:\/\/www.meydan.tv\/az\/wp-json\/wp\/v2\/posts"}],"about":[{"href":"https:\/\/www.meydan.tv\/az\/wp-json\/wp\/v2\/types\/post"}],"author":[{"embeddable":true,"href":"https:\/\/www.meydan.tv\/az\/wp-json\/wp\/v2\/users\/21"}],"replies":[{"embeddable":true,"href":"https:\/\/www.meydan.tv\/az\/wp-json\/wp\/v2\/comments?post=332609"}],"version-history":[{"count":4,"href":"https:\/\/www.meydan.tv\/az\/wp-json\/wp\/v2\/posts\/332609\/revisions"}],"predecessor-version":[{"id":332613,"href":"https:\/\/www.meydan.tv\/az\/wp-json\/wp\/v2\/posts\/332609\/revisions\/332613"}],"wp:featuredmedia":[{"embeddable":true,"href":"https:\/\/www.meydan.tv\/az\/wp-json\/wp\/v2\/media\/210058"}],"wp:attachment":[{"href":"https:\/\/www.meydan.tv\/az\/wp-json\/wp\/v2\/media?parent=332609"}],"wp:term":[{"taxonomy":"category","embeddable":true,"href":"https:\/\/www.meydan.tv\/az\/wp-json\/wp\/v2\/categories?post=332609"},{"taxonomy":"post_tag","embeddable":true,"href":"https:\/\/www.meydan.tv\/az\/wp-json\/wp\/v2\/tags?post=332609"}],"curies":[{"name":"wp","href":"https:\/\/api.w.org\/{rel}","templated":true}]}}