{"id":332602,"date":"2025-07-02T14:36:36","date_gmt":"2025-07-02T10:36:36","guid":{"rendered":"https:\/\/www.meydan.tv\/?p=332602"},"modified":"2025-07-02T14:36:39","modified_gmt":"2025-07-02T10:36:39","slug":"bas-prokurorluq-yekaterinburqda-hadis%c9%99nin-arasdirilmasi-ucun-%c9%99limizd%c9%99n-g%c9%99l%c9%99ni-ed%c9%99c%c9%99yik","status":"publish","type":"post","link":"https:\/\/www.meydan.tv\/az\/article\/bas-prokurorluq-yekaterinburqda-hadis%c9%99nin-arasdirilmasi-ucun-%c9%99limizd%c9%99n-g%c9%99l%c9%99ni-ed%c9%99c%c9%99yik\/","title":{"rendered":"Ba\u015f Prokurorluq: \u201cYekaterinburqdak\u0131  hadis\u0259nin ara\u015fd\u0131r\u0131lmas\u0131 \u00fc\u00e7\u00fcn \u0259limizd\u0259n g\u0259l\u0259ni ed\u0259c\u0259yik\u201d"},"content":{"rendered":"\n<p><\/p>\n\n\n\n<p><strong><em>Peskov h\u0259m\u00e7inin bildirib ki, Kreml Az\u0259rbaycanda saxlan\u0131lan Rusiya v\u0259t\u0259nda\u015flar\u0131n\u0131n qanuni h\u00fcquqlar\u0131n\u0131 qorumaq \u00fc\u00e7\u00fcn m\u00f6vcud olan b\u00fct\u00fcn vasit\u0259l\u0259rd\u0259n istifad\u0259 ed\u0259c\u0259k<\/em><\/strong><\/p>\n\n\n\n<p>Rusiya Prezidentinin m\u0259tbuat katibi Dmitri Peskov Ukrayna Prezidenti Volodimir Zelenskinin Az\u0259rbaycan Prezidenti \u0130lham \u018fliyev\u0259 z\u0259ng vurmas\u0131na m\u00fcnasib\u0259t bildirib. O deyib ki, Kiyev Rusiya il\u0259 Az\u0259rbaycan\u0131n m\u00fcnasib\u0259tl\u0259rini pozma\u011fa \u00e7al\u0131\u015f\u0131r.<\/p>\n\n\n\n<p><em>\u201cRusiya, Ukraynan\u0131n Rusiya il\u0259 Az\u0259rbaycan aras\u0131ndak\u0131 m\u00fcnasib\u0259tl\u0259ri pozmaq v\u0259 g\u0259rginlik yaratmaq c\u0259hdl\u0259rini g\u00f6r\u00fcr. Kiyev v\u0259ziyy\u0259ti q\u0131z\u0131\u015fd\u0131rmaq, Bak\u0131n\u0131 emosional add\u0131mlar atma\u011fa t\u0259hrik etm\u0259k \u00fc\u00e7\u00fcn h\u0259r \u015feyi ed\u0259c\u0259k\u201d,<\/em> \u2013 dey\u0259 Peskov qeyd edib.<\/p>\n\n\n\n<p>O, eyni zamanda bildirib ki, Kreml Az\u0259rbaycanda saxlan\u0131lan Rusiya v\u0259t\u0259nda\u015flar\u0131n\u0131n g\u00f6r\u00fcnt\u00fcl\u0259rin\u0259 diqq\u0259t yetirib:<\/p>\n\n\n\n<p><em>\u201cRusiya onlar\u0131n qanuni h\u00fcquqlar\u0131n\u0131 qorumaq \u00fc\u00e7\u00fcn m\u00f6vcud olan b\u00fct\u00fcn vasit\u0259l\u0259rd\u0259n istifad\u0259 ed\u0259c\u0259k\u201d,<\/em> \u2013 dey\u0259 Prezidentin m\u0259tbuat katibi vur\u011fulay\u0131b.<\/p>\n\n\n\n<p>\u0130yunun 28-d\u0259 Rusiya \u0130stintaq Komit\u0259sinin \u0259m\u0259kda\u015flar\u0131 ill\u0259r \u0259vv\u0259l ba\u015f vermi\u015f q\u0259tll\u0259rin istintaq\u0131 \u00e7\u0259r\u00e7iv\u0259sind\u0259 Yekaterinburq \u015f\u0259h\u0259rind\u0259 az\u0259rbaycanl\u0131lara qar\u015f\u0131 \u0259m\u0259liyyat h\u0259yata ke\u00e7irib. Saxlan\u0131lanlar aras\u0131nda Az\u0259rbaycan diasporunun n\u00fcmay\u0259nd\u0259l\u0259ri d\u0259 olub. \u018fm\u0259liyyat zaman\u0131 iki n\u0259f\u0259r \u00f6l\u00fcb, bir ne\u00e7\u0259 n\u0259f\u0259r saxlan\u0131l\u0131b. Bu hadis\u0259d\u0259n sonra Rusiya il\u0259 Az\u0259rbaycan aras\u0131nda g\u0259rginlik yaran\u0131b.<\/p>\n\n\n\n<p>\u00d6t\u0259n g\u00fcn is\u0259 Az\u0259rbaycanda iki rusiyal\u0131 qrup D\u0130N t\u0259r\u0259find\u0259n saxlan\u0131l\u0131b v\u0259 bar\u0259l\u0259rind\u0259 h\u0259bs q\u0259rar\u0131 \u00e7\u0131xar\u0131l\u0131b. Onlar \u0130randan narkotik madd\u0259l\u0259r da\u015f\u0131maqda, bu madd\u0259l\u0259ri onlayn \u015f\u0259kild\u0259 satmaqda v\u0259 kibercinay\u0259tl\u0259rd\u0259 ittiham olunurlar. N\u00fcmayi\u015f etdiril\u0259n saxlanma v\u0259 m\u0259hk\u0259m\u0259 g\u00f6r\u00fcnt\u00fcl\u0259rind\u0259 onlar\u0131n \u00fcz\u0259rl\u0259rind\u0259 d\u00f6y\u00fclm\u0259 izl\u0259ri m\u00fc\u015fahid\u0259 olunub.<\/p>\n\n\n\n<p>Bundan \u0259lav\u0259, iyulun 1-d\u0259 Bak\u0131da \u201cSputnik Az\u0259rbaycan\u201d redaksiyas\u0131n\u0131n r\u0259hb\u0259ri \u0130qor Kartav\u0131x v\u0259 ba\u015f redaktor Yevgeni Belousov h\u0259bs edilib. Onlar bar\u0259sind\u0259 m\u0259hk\u0259m\u0259 q\u0259rar\u0131 il\u0259 4 ayl\u0131q h\u0259bs q\u0259timkan t\u0259dbiri se\u00e7ilib. Bu hadis\u0259l\u0259r fonunda h\u0259r iki \u00f6lk\u0259nin Xarici \u0130\u015fl\u0259r Nazirlikl\u0259ri etiraz notalar\u0131 il\u0259 bir-biril\u0259rin\u0259 m\u00fcraci\u0259t edibl\u0259r.<\/p>\n\n\n\n<p>Bundan \u0259lav\u0259, d\u00fcn\u0259n Ukrayna Prezidenti Volodimir Zelenski Az\u0259rbaycan Prezidenti \u0130lham \u018fliyev\u0259 z\u0259ng ed\u0259r\u0259k \u201cRusiyan\u0131n Az\u0259rbaycan v\u0259t\u0259nda\u015flar\u0131na qar\u015f\u0131 t\u0259zyiql\u0259ri fonunda Ukraynan\u0131n Az\u0259rbaycana a\u00e7\u0131q d\u0259st\u0259yini\u201d ifad\u0259 etdiyini <a href=\"https:\/\/www.meydan.tv\/az\/article\/zelenski-yekaterinburqda-bas-ver%c9%99nl%c9%99r%c9%99-gor%c9%99-eliyev%c9%99-z%c9%99ng-edib\/\" target=\"_blank\" rel=\"noreferrer noopener\">bildirib<\/a>. <\/p>\n","protected":false},"excerpt":{"rendered":"<p>Peskov h\u0259m\u00e7inin bildirib ki, Kreml Az\u0259rbaycanda saxlan\u0131lan Rusiya v\u0259t\u0259nda\u015flar\u0131n\u0131n qanuni &#8230; <\/p>\n<p class=\"read-more-container\"><a title=\"Ba\u015f Prokurorluq: \u201cYekaterinburqdak\u0131  hadis\u0259nin ara\u015fd\u0131r\u0131lmas\u0131 \u00fc\u00e7\u00fcn \u0259limizd\u0259n g\u0259l\u0259ni ed\u0259c\u0259yik\u201d\" class=\"read-more button\" href=\"https:\/\/www.meydan.tv\/az\/article\/bas-prokurorluq-yekaterinburqda-hadis%c9%99nin-arasdirilmasi-ucun-%c9%99limizd%c9%99n-g%c9%99l%c9%99ni-ed%c9%99c%c9%99yik\/#more-332602\" aria-label=\"Read more about Ba\u015f Prokurorluq: \u201cYekaterinburqdak\u0131  hadis\u0259nin ara\u015fd\u0131r\u0131lmas\u0131 \u00fc\u00e7\u00fcn \u0259limizd\u0259n g\u0259l\u0259ni ed\u0259c\u0259yik\u201d\">Davam\u0131<\/a><\/p>\n","protected":false},"author":21,"featured_media":155994,"comment_status":"closed","ping_status":"closed","sticky":false,"template":"","format":"standard","meta":{"_acf_changed":false,"_sitemap_exclude":false,"_sitemap_priority":"","_sitemap_frequency":"","footnotes":""},"categories":[59,79,56],"tags":[],"class_list":["post-332602","post","type-post","status-publish","format-standard","has-post-thumbnail","hentry","category-siyaset","category-featured","category-xeberler","infinite-scroll-item","generate-columns","tablet-grid-50","mobile-grid-100","grid-parent","grid-33","no-featured-image-padding"],"acf":[],"yoast_head":"<!-- This site is optimized with the Yoast SEO plugin v27.4 - https:\/\/yoast.com\/product\/yoast-seo-wordpress\/ -->\n<title>Ba\u015f Prokurorluq: \u201cYekaterinburqdak\u0131 hadis\u0259nin ara\u015fd\u0131r\u0131lmas\u0131 \u00fc\u00e7\u00fcn \u0259limizd\u0259n g\u0259l\u0259ni ed\u0259c\u0259yik\u201d - MEYDAN.TV<\/title>\n<meta name=\"robots\" content=\"index, follow, max-snippet:-1, max-image-preview:large, max-video-preview:-1\" \/>\n<link rel=\"canonical\" href=\"https:\/\/www.meydan.tv\/az\/article\/bas-prokurorluq-yekaterinburqda-hadis%c9%99nin-arasdirilmasi-ucun-%c9%99limizd%c9%99n-g%c9%99l%c9%99ni-ed%c9%99c%c9%99yik\/\" \/>\n<meta property=\"og:locale\" content=\"az_AZ\" \/>\n<meta property=\"og:type\" content=\"article\" \/>\n<meta property=\"og:title\" content=\"Ba\u015f Prokurorluq: \u201cYekaterinburqdak\u0131 hadis\u0259nin ara\u015fd\u0131r\u0131lmas\u0131 \u00fc\u00e7\u00fcn \u0259limizd\u0259n g\u0259l\u0259ni ed\u0259c\u0259yik\u201d - MEYDAN.TV\" \/>\n<meta property=\"og:description\" content=\"Peskov h\u0259m\u00e7inin bildirib ki, Kreml Az\u0259rbaycanda saxlan\u0131lan Rusiya v\u0259t\u0259nda\u015flar\u0131n\u0131n qanuni ... Davam\u0131\" \/>\n<meta property=\"og:url\" content=\"https:\/\/www.meydan.tv\/az\/article\/bas-prokurorluq-yekaterinburqda-hadis%c9%99nin-arasdirilmasi-ucun-%c9%99limizd%c9%99n-g%c9%99l%c9%99ni-ed%c9%99c%c9%99yik\/\" \/>\n<meta property=\"og:site_name\" content=\"MEYDAN.TV\" \/>\n<meta property=\"article:published_time\" content=\"2025-07-02T10:36:36+00:00\" \/>\n<meta property=\"article:modified_time\" content=\"2025-07-02T10:36:39+00:00\" \/>\n<meta property=\"og:image\" content=\"https:\/\/www.meydan.tv\/wp-content\/uploads\/1612772145436814513_1000x669.jpg\" \/>\n\t<meta property=\"og:image:width\" content=\"1000\" \/>\n\t<meta property=\"og:image:height\" content=\"656\" \/>\n\t<meta property=\"og:image:type\" content=\"image\/jpeg\" \/>\n<meta name=\"author\" content=\"mahmud\" \/>\n<meta name=\"twitter:card\" content=\"summary_large_image\" \/>\n<script type=\"application\/ld+json\" class=\"yoast-schema-graph\">{\"@context\":\"https:\\\/\\\/schema.org\",\"@graph\":[{\"@type\":\"Article\",\"@id\":\"https:\\\/\\\/www.meydan.tv\\\/az\\\/article\\\/bas-prokurorluq-yekaterinburqda-hadis%c9%99nin-arasdirilmasi-ucun-%c9%99limizd%c9%99n-g%c9%99l%c9%99ni-ed%c9%99c%c9%99yik\\\/#article\",\"isPartOf\":{\"@id\":\"https:\\\/\\\/www.meydan.tv\\\/az\\\/article\\\/bas-prokurorluq-yekaterinburqda-hadis%c9%99nin-arasdirilmasi-ucun-%c9%99limizd%c9%99n-g%c9%99l%c9%99ni-ed%c9%99c%c9%99yik\\\/\"},\"author\":{\"name\":\"mahmud\",\"@id\":\"https:\\\/\\\/www.meydan.tv\\\/az\\\/#\\\/schema\\\/person\\\/09863e516102a829e72bedcf3f84c6b0\"},\"headline\":\"Ba\u015f Prokurorluq: \u201cYekaterinburqdak\u0131 hadis\u0259nin ara\u015fd\u0131r\u0131lmas\u0131 \u00fc\u00e7\u00fcn \u0259limizd\u0259n g\u0259l\u0259ni ed\u0259c\u0259yik\u201d\",\"datePublished\":\"2025-07-02T10:36:36+00:00\",\"dateModified\":\"2025-07-02T10:36:39+00:00\",\"mainEntityOfPage\":{\"@id\":\"https:\\\/\\\/www.meydan.tv\\\/az\\\/article\\\/bas-prokurorluq-yekaterinburqda-hadis%c9%99nin-arasdirilmasi-ucun-%c9%99limizd%c9%99n-g%c9%99l%c9%99ni-ed%c9%99c%c9%99yik\\\/\"},\"wordCount\":481,\"publisher\":{\"@id\":\"https:\\\/\\\/www.meydan.tv\\\/az\\\/#organization\"},\"image\":{\"@id\":\"https:\\\/\\\/www.meydan.tv\\\/az\\\/article\\\/bas-prokurorluq-yekaterinburqda-hadis%c9%99nin-arasdirilmasi-ucun-%c9%99limizd%c9%99n-g%c9%99l%c9%99ni-ed%c9%99c%c9%99yik\\\/#primaryimage\"},\"thumbnailUrl\":\"https:\\\/\\\/www.meydan.tv\\\/wp-content\\\/uploads\\\/1612772145436814513_1000x669.jpg\",\"articleSection\":[\"Siyas\u0259t\",\"T\u00f6vsiy\u0259\",\"X\u0259b\u0259rl\u0259r\"],\"inLanguage\":\"az\"},{\"@type\":\"WebPage\",\"@id\":\"https:\\\/\\\/www.meydan.tv\\\/az\\\/article\\\/bas-prokurorluq-yekaterinburqda-hadis%c9%99nin-arasdirilmasi-ucun-%c9%99limizd%c9%99n-g%c9%99l%c9%99ni-ed%c9%99c%c9%99yik\\\/\",\"url\":\"https:\\\/\\\/www.meydan.tv\\\/az\\\/article\\\/bas-prokurorluq-yekaterinburqda-hadis%c9%99nin-arasdirilmasi-ucun-%c9%99limizd%c9%99n-g%c9%99l%c9%99ni-ed%c9%99c%c9%99yik\\\/\",\"name\":\"Ba\u015f Prokurorluq: \u201cYekaterinburqdak\u0131 hadis\u0259nin ara\u015fd\u0131r\u0131lmas\u0131 \u00fc\u00e7\u00fcn \u0259limizd\u0259n g\u0259l\u0259ni ed\u0259c\u0259yik\u201d - MEYDAN.TV\",\"isPartOf\":{\"@id\":\"https:\\\/\\\/www.meydan.tv\\\/az\\\/#website\"},\"primaryImageOfPage\":{\"@id\":\"https:\\\/\\\/www.meydan.tv\\\/az\\\/article\\\/bas-prokurorluq-yekaterinburqda-hadis%c9%99nin-arasdirilmasi-ucun-%c9%99limizd%c9%99n-g%c9%99l%c9%99ni-ed%c9%99c%c9%99yik\\\/#primaryimage\"},\"image\":{\"@id\":\"https:\\\/\\\/www.meydan.tv\\\/az\\\/article\\\/bas-prokurorluq-yekaterinburqda-hadis%c9%99nin-arasdirilmasi-ucun-%c9%99limizd%c9%99n-g%c9%99l%c9%99ni-ed%c9%99c%c9%99yik\\\/#primaryimage\"},\"thumbnailUrl\":\"https:\\\/\\\/www.meydan.tv\\\/wp-content\\\/uploads\\\/1612772145436814513_1000x669.jpg\",\"datePublished\":\"2025-07-02T10:36:36+00:00\",\"dateModified\":\"2025-07-02T10:36:39+00:00\",\"breadcrumb\":{\"@id\":\"https:\\\/\\\/www.meydan.tv\\\/az\\\/article\\\/bas-prokurorluq-yekaterinburqda-hadis%c9%99nin-arasdirilmasi-ucun-%c9%99limizd%c9%99n-g%c9%99l%c9%99ni-ed%c9%99c%c9%99yik\\\/#breadcrumb\"},\"inLanguage\":\"az\",\"potentialAction\":[{\"@type\":\"ReadAction\",\"target\":[\"https:\\\/\\\/www.meydan.tv\\\/az\\\/article\\\/bas-prokurorluq-yekaterinburqda-hadis%c9%99nin-arasdirilmasi-ucun-%c9%99limizd%c9%99n-g%c9%99l%c9%99ni-ed%c9%99c%c9%99yik\\\/\"]}]},{\"@type\":\"ImageObject\",\"inLanguage\":\"az\",\"@id\":\"https:\\\/\\\/www.meydan.tv\\\/az\\\/article\\\/bas-prokurorluq-yekaterinburqda-hadis%c9%99nin-arasdirilmasi-ucun-%c9%99limizd%c9%99n-g%c9%99l%c9%99ni-ed%c9%99c%c9%99yik\\\/#primaryimage\",\"url\":\"https:\\\/\\\/www.meydan.tv\\\/wp-content\\\/uploads\\\/1612772145436814513_1000x669.jpg\",\"contentUrl\":\"https:\\\/\\\/www.meydan.tv\\\/wp-content\\\/uploads\\\/1612772145436814513_1000x669.jpg\",\"width\":1000,\"height\":656,\"caption\":\"Foto: Az\u0259rtac\"},{\"@type\":\"BreadcrumbList\",\"@id\":\"https:\\\/\\\/www.meydan.tv\\\/az\\\/article\\\/bas-prokurorluq-yekaterinburqda-hadis%c9%99nin-arasdirilmasi-ucun-%c9%99limizd%c9%99n-g%c9%99l%c9%99ni-ed%c9%99c%c9%99yik\\\/#breadcrumb\",\"itemListElement\":[{\"@type\":\"ListItem\",\"position\":1,\"name\":\"Ana s\u0259hif\u0259\",\"item\":\"https:\\\/\\\/www.meydan.tv\\\/az\\\/\"},{\"@type\":\"ListItem\",\"position\":2,\"name\":\"Siyas\u0259t\",\"item\":\"https:\\\/\\\/www.meydan.tv\\\/az\\\/section\\\/siyaset\\\/\"},{\"@type\":\"ListItem\",\"position\":3,\"name\":\"Ba\u015f Prokurorluq: \u201cYekaterinburqdak\u0131 hadis\u0259nin ara\u015fd\u0131r\u0131lmas\u0131 \u00fc\u00e7\u00fcn \u0259limizd\u0259n g\u0259l\u0259ni ed\u0259c\u0259yik\u201d\"}]},{\"@type\":\"WebSite\",\"@id\":\"https:\\\/\\\/www.meydan.tv\\\/az\\\/#website\",\"url\":\"https:\\\/\\\/www.meydan.tv\\\/az\\\/\",\"name\":\"MEYDAN.TV\",\"description\":\"Meydan TV Az\u0259rbaycan\u0131n media m\u0259kan\u0131ndak\u0131 alternativ s\u0259sidir\",\"publisher\":{\"@id\":\"https:\\\/\\\/www.meydan.tv\\\/az\\\/#organization\"},\"potentialAction\":[{\"@type\":\"SearchAction\",\"target\":{\"@type\":\"EntryPoint\",\"urlTemplate\":\"https:\\\/\\\/www.meydan.tv\\\/az\\\/?s={search_term_string}\"},\"query-input\":{\"@type\":\"PropertyValueSpecification\",\"valueRequired\":true,\"valueName\":\"search_term_string\"}}],\"inLanguage\":\"az\"},{\"@type\":\"Organization\",\"@id\":\"https:\\\/\\\/www.meydan.tv\\\/az\\\/#organization\",\"name\":\"Meydan TV\",\"url\":\"https:\\\/\\\/www.meydan.tv\\\/az\\\/\",\"logo\":{\"@type\":\"ImageObject\",\"inLanguage\":\"az\",\"@id\":\"https:\\\/\\\/www.meydan.tv\\\/az\\\/#\\\/schema\\\/logo\\\/image\\\/\",\"url\":\"https:\\\/\\\/www.meydan.tv\\\/wp-content\\\/uploads\\\/2021\\\/07\\\/meydan-logo.svg\",\"contentUrl\":\"https:\\\/\\\/www.meydan.tv\\\/wp-content\\\/uploads\\\/2021\\\/07\\\/meydan-logo.svg\",\"width\":195,\"height\":46,\"caption\":\"Meydan TV\"},\"image\":{\"@id\":\"https:\\\/\\\/www.meydan.tv\\\/az\\\/#\\\/schema\\\/logo\\\/image\\\/\"}},{\"@type\":\"Person\",\"@id\":\"https:\\\/\\\/www.meydan.tv\\\/az\\\/#\\\/schema\\\/person\\\/09863e516102a829e72bedcf3f84c6b0\",\"name\":\"mahmud\"}]}<\/script>\n<!-- \/ Yoast SEO plugin. -->","yoast_head_json":{"title":"Ba\u015f Prokurorluq: \u201cYekaterinburqdak\u0131 hadis\u0259nin ara\u015fd\u0131r\u0131lmas\u0131 \u00fc\u00e7\u00fcn \u0259limizd\u0259n g\u0259l\u0259ni ed\u0259c\u0259yik\u201d - MEYDAN.TV","robots":{"index":"index","follow":"follow","max-snippet":"max-snippet:-1","max-image-preview":"max-image-preview:large","max-video-preview":"max-video-preview:-1"},"canonical":"https:\/\/www.meydan.tv\/az\/article\/bas-prokurorluq-yekaterinburqda-hadis%c9%99nin-arasdirilmasi-ucun-%c9%99limizd%c9%99n-g%c9%99l%c9%99ni-ed%c9%99c%c9%99yik\/","og_locale":"az_AZ","og_type":"article","og_title":"Ba\u015f Prokurorluq: \u201cYekaterinburqdak\u0131 hadis\u0259nin ara\u015fd\u0131r\u0131lmas\u0131 \u00fc\u00e7\u00fcn \u0259limizd\u0259n g\u0259l\u0259ni ed\u0259c\u0259yik\u201d - MEYDAN.TV","og_description":"Peskov h\u0259m\u00e7inin bildirib ki, Kreml Az\u0259rbaycanda saxlan\u0131lan Rusiya v\u0259t\u0259nda\u015flar\u0131n\u0131n qanuni ... Davam\u0131","og_url":"https:\/\/www.meydan.tv\/az\/article\/bas-prokurorluq-yekaterinburqda-hadis%c9%99nin-arasdirilmasi-ucun-%c9%99limizd%c9%99n-g%c9%99l%c9%99ni-ed%c9%99c%c9%99yik\/","og_site_name":"MEYDAN.TV","article_published_time":"2025-07-02T10:36:36+00:00","article_modified_time":"2025-07-02T10:36:39+00:00","og_image":[{"width":1000,"height":656,"url":"https:\/\/www.meydan.tv\/wp-content\/uploads\/1612772145436814513_1000x669.jpg","type":"image\/jpeg"}],"author":"mahmud","twitter_card":"summary_large_image","schema":{"@context":"https:\/\/schema.org","@graph":[{"@type":"Article","@id":"https:\/\/www.meydan.tv\/az\/article\/bas-prokurorluq-yekaterinburqda-hadis%c9%99nin-arasdirilmasi-ucun-%c9%99limizd%c9%99n-g%c9%99l%c9%99ni-ed%c9%99c%c9%99yik\/#article","isPartOf":{"@id":"https:\/\/www.meydan.tv\/az\/article\/bas-prokurorluq-yekaterinburqda-hadis%c9%99nin-arasdirilmasi-ucun-%c9%99limizd%c9%99n-g%c9%99l%c9%99ni-ed%c9%99c%c9%99yik\/"},"author":{"name":"mahmud","@id":"https:\/\/www.meydan.tv\/az\/#\/schema\/person\/09863e516102a829e72bedcf3f84c6b0"},"headline":"Ba\u015f Prokurorluq: \u201cYekaterinburqdak\u0131 hadis\u0259nin ara\u015fd\u0131r\u0131lmas\u0131 \u00fc\u00e7\u00fcn \u0259limizd\u0259n g\u0259l\u0259ni ed\u0259c\u0259yik\u201d","datePublished":"2025-07-02T10:36:36+00:00","dateModified":"2025-07-02T10:36:39+00:00","mainEntityOfPage":{"@id":"https:\/\/www.meydan.tv\/az\/article\/bas-prokurorluq-yekaterinburqda-hadis%c9%99nin-arasdirilmasi-ucun-%c9%99limizd%c9%99n-g%c9%99l%c9%99ni-ed%c9%99c%c9%99yik\/"},"wordCount":481,"publisher":{"@id":"https:\/\/www.meydan.tv\/az\/#organization"},"image":{"@id":"https:\/\/www.meydan.tv\/az\/article\/bas-prokurorluq-yekaterinburqda-hadis%c9%99nin-arasdirilmasi-ucun-%c9%99limizd%c9%99n-g%c9%99l%c9%99ni-ed%c9%99c%c9%99yik\/#primaryimage"},"thumbnailUrl":"https:\/\/www.meydan.tv\/wp-content\/uploads\/1612772145436814513_1000x669.jpg","articleSection":["Siyas\u0259t","T\u00f6vsiy\u0259","X\u0259b\u0259rl\u0259r"],"inLanguage":"az"},{"@type":"WebPage","@id":"https:\/\/www.meydan.tv\/az\/article\/bas-prokurorluq-yekaterinburqda-hadis%c9%99nin-arasdirilmasi-ucun-%c9%99limizd%c9%99n-g%c9%99l%c9%99ni-ed%c9%99c%c9%99yik\/","url":"https:\/\/www.meydan.tv\/az\/article\/bas-prokurorluq-yekaterinburqda-hadis%c9%99nin-arasdirilmasi-ucun-%c9%99limizd%c9%99n-g%c9%99l%c9%99ni-ed%c9%99c%c9%99yik\/","name":"Ba\u015f Prokurorluq: \u201cYekaterinburqdak\u0131 hadis\u0259nin ara\u015fd\u0131r\u0131lmas\u0131 \u00fc\u00e7\u00fcn \u0259limizd\u0259n g\u0259l\u0259ni ed\u0259c\u0259yik\u201d - MEYDAN.TV","isPartOf":{"@id":"https:\/\/www.meydan.tv\/az\/#website"},"primaryImageOfPage":{"@id":"https:\/\/www.meydan.tv\/az\/article\/bas-prokurorluq-yekaterinburqda-hadis%c9%99nin-arasdirilmasi-ucun-%c9%99limizd%c9%99n-g%c9%99l%c9%99ni-ed%c9%99c%c9%99yik\/#primaryimage"},"image":{"@id":"https:\/\/www.meydan.tv\/az\/article\/bas-prokurorluq-yekaterinburqda-hadis%c9%99nin-arasdirilmasi-ucun-%c9%99limizd%c9%99n-g%c9%99l%c9%99ni-ed%c9%99c%c9%99yik\/#primaryimage"},"thumbnailUrl":"https:\/\/www.meydan.tv\/wp-content\/uploads\/1612772145436814513_1000x669.jpg","datePublished":"2025-07-02T10:36:36+00:00","dateModified":"2025-07-02T10:36:39+00:00","breadcrumb":{"@id":"https:\/\/www.meydan.tv\/az\/article\/bas-prokurorluq-yekaterinburqda-hadis%c9%99nin-arasdirilmasi-ucun-%c9%99limizd%c9%99n-g%c9%99l%c9%99ni-ed%c9%99c%c9%99yik\/#breadcrumb"},"inLanguage":"az","potentialAction":[{"@type":"ReadAction","target":["https:\/\/www.meydan.tv\/az\/article\/bas-prokurorluq-yekaterinburqda-hadis%c9%99nin-arasdirilmasi-ucun-%c9%99limizd%c9%99n-g%c9%99l%c9%99ni-ed%c9%99c%c9%99yik\/"]}]},{"@type":"ImageObject","inLanguage":"az","@id":"https:\/\/www.meydan.tv\/az\/article\/bas-prokurorluq-yekaterinburqda-hadis%c9%99nin-arasdirilmasi-ucun-%c9%99limizd%c9%99n-g%c9%99l%c9%99ni-ed%c9%99c%c9%99yik\/#primaryimage","url":"https:\/\/www.meydan.tv\/wp-content\/uploads\/1612772145436814513_1000x669.jpg","contentUrl":"https:\/\/www.meydan.tv\/wp-content\/uploads\/1612772145436814513_1000x669.jpg","width":1000,"height":656,"caption":"Foto: Az\u0259rtac"},{"@type":"BreadcrumbList","@id":"https:\/\/www.meydan.tv\/az\/article\/bas-prokurorluq-yekaterinburqda-hadis%c9%99nin-arasdirilmasi-ucun-%c9%99limizd%c9%99n-g%c9%99l%c9%99ni-ed%c9%99c%c9%99yik\/#breadcrumb","itemListElement":[{"@type":"ListItem","position":1,"name":"Ana s\u0259hif\u0259","item":"https:\/\/www.meydan.tv\/az\/"},{"@type":"ListItem","position":2,"name":"Siyas\u0259t","item":"https:\/\/www.meydan.tv\/az\/section\/siyaset\/"},{"@type":"ListItem","position":3,"name":"Ba\u015f Prokurorluq: \u201cYekaterinburqdak\u0131 hadis\u0259nin ara\u015fd\u0131r\u0131lmas\u0131 \u00fc\u00e7\u00fcn \u0259limizd\u0259n g\u0259l\u0259ni ed\u0259c\u0259yik\u201d"}]},{"@type":"WebSite","@id":"https:\/\/www.meydan.tv\/az\/#website","url":"https:\/\/www.meydan.tv\/az\/","name":"MEYDAN.TV","description":"Meydan TV Az\u0259rbaycan\u0131n media m\u0259kan\u0131ndak\u0131 alternativ s\u0259sidir","publisher":{"@id":"https:\/\/www.meydan.tv\/az\/#organization"},"potentialAction":[{"@type":"SearchAction","target":{"@type":"EntryPoint","urlTemplate":"https:\/\/www.meydan.tv\/az\/?s={search_term_string}"},"query-input":{"@type":"PropertyValueSpecification","valueRequired":true,"valueName":"search_term_string"}}],"inLanguage":"az"},{"@type":"Organization","@id":"https:\/\/www.meydan.tv\/az\/#organization","name":"Meydan TV","url":"https:\/\/www.meydan.tv\/az\/","logo":{"@type":"ImageObject","inLanguage":"az","@id":"https:\/\/www.meydan.tv\/az\/#\/schema\/logo\/image\/","url":"https:\/\/www.meydan.tv\/wp-content\/uploads\/2021\/07\/meydan-logo.svg","contentUrl":"https:\/\/www.meydan.tv\/wp-content\/uploads\/2021\/07\/meydan-logo.svg","width":195,"height":46,"caption":"Meydan TV"},"image":{"@id":"https:\/\/www.meydan.tv\/az\/#\/schema\/logo\/image\/"}},{"@type":"Person","@id":"https:\/\/www.meydan.tv\/az\/#\/schema\/person\/09863e516102a829e72bedcf3f84c6b0","name":"mahmud"}]}},"_links":{"self":[{"href":"https:\/\/www.meydan.tv\/az\/wp-json\/wp\/v2\/posts\/332602","targetHints":{"allow":["GET"]}}],"collection":[{"href":"https:\/\/www.meydan.tv\/az\/wp-json\/wp\/v2\/posts"}],"about":[{"href":"https:\/\/www.meydan.tv\/az\/wp-json\/wp\/v2\/types\/post"}],"author":[{"embeddable":true,"href":"https:\/\/www.meydan.tv\/az\/wp-json\/wp\/v2\/users\/21"}],"replies":[{"embeddable":true,"href":"https:\/\/www.meydan.tv\/az\/wp-json\/wp\/v2\/comments?post=332602"}],"version-history":[{"count":4,"href":"https:\/\/www.meydan.tv\/az\/wp-json\/wp\/v2\/posts\/332602\/revisions"}],"predecessor-version":[{"id":332606,"href":"https:\/\/www.meydan.tv\/az\/wp-json\/wp\/v2\/posts\/332602\/revisions\/332606"}],"wp:featuredmedia":[{"embeddable":true,"href":"https:\/\/www.meydan.tv\/az\/wp-json\/wp\/v2\/media\/155994"}],"wp:attachment":[{"href":"https:\/\/www.meydan.tv\/az\/wp-json\/wp\/v2\/media?parent=332602"}],"wp:term":[{"taxonomy":"category","embeddable":true,"href":"https:\/\/www.meydan.tv\/az\/wp-json\/wp\/v2\/categories?post=332602"},{"taxonomy":"post_tag","embeddable":true,"href":"https:\/\/www.meydan.tv\/az\/wp-json\/wp\/v2\/tags?post=332602"}],"curies":[{"name":"wp","href":"https:\/\/api.w.org\/{rel}","templated":true}]}}