{"id":332596,"date":"2025-07-02T13:59:08","date_gmt":"2025-07-02T09:59:08","guid":{"rendered":"https:\/\/www.meydan.tv\/?p=332596"},"modified":"2025-07-02T14:09:26","modified_gmt":"2025-07-02T10:09:26","slug":"rusiyada-az%c9%99rbaycanli-is-adamlari-saxlanilir","status":"publish","type":"post","link":"https:\/\/www.meydan.tv\/az\/article\/rusiyada-az%c9%99rbaycanli-is-adamlari-saxlanilir\/","title":{"rendered":"Rusiyada az\u0259rbaycanl\u0131 i\u015f adamlar\u0131 saxlan\u0131l\u0131r"},"content":{"rendered":"\n<p><strong><em>Onlar\u0131n b\u0259zil\u0259ri s\u0259rb\u0259st burax\u0131lsa da, b\u0259zil\u0259rinin aqib\u0259ti bar\u0259d\u0259 r\u0259smi m\u0259lumat yoxdur<\/em><\/strong><\/p>\n\n\n\n<p>Az\u0259rbaycan diasporunun r\u0259hb\u0259ri \u015eahin \u015e\u0131xlinski Yekaterinburqda \u015fahid qismind\u0259 dindirilib.<\/p>\n\n\n\n<p>\u201cAz\u0259rbaycan-Ural\u201d ictimai t\u0259\u015fkilat\u0131n\u0131n v\u0259 Az\u0259rbaycan diasporunun r\u0259hb\u0259ri \u015eahin \u015e\u0131xlinski \u015fahid qismind\u0259 ifad\u0259 verm\u0259k \u00fc\u00e7\u00fcn Sverdlovsk vilay\u0259ti \u00fczr\u0259 \u0130stintaq Komit\u0259sin\u0259 apar\u0131l\u0131b.<\/p>\n\n\n\n<p>Bu bar\u0259d\u0259 \u015eahin \u015e\u0131xlinskinin o\u011flu v\u0259kil Mutval\u0131 <a href=\"https:\/\/t.me\/rbc_news\/122754\" target=\"_blank\" rel=\"noreferrer noopener\">m\u0259lumat<\/a> verib. <\/p>\n\n\n\n<p>O\u011flu bildirib ki, Federal T\u0259hl\u00fck\u0259sizlik Xidm\u0259tinin \u0259m\u0259kda\u015flar\u0131 onlar\u0131n ikisini d\u0259 saxlay\u0131blar. Onlar\u0131n zorak\u0131l\u0131qla saxlanmas\u0131 il\u0259 ba\u011fl\u0131 sosial mediada g\u00f6r\u00fcnt\u00fcl\u0259r yay\u0131l\u0131b.<\/p>\n\n\n\n<p>Daha sonra Mutval\u0131 azad edilib, \u015eahin \u015e\u0131xlinski is\u0259 dindirilm\u0259k \u00fc\u00e7\u00fcn \u0130stintaq Komit\u0259sin\u0259 apar\u0131l\u0131b, daha sonra s\u0259rb\u0259st burax\u0131l\u0131b.<\/p>\n\n\n\n<p>Mutval\u0131 \u015e\u0131xlinskinin fikrinc\u0259, saxlan\u0131lman\u0131n s\u0259b\u0259bi Yekaterinburqda az\u0259rbaycanl\u0131lara qar\u015f\u0131 ke\u00e7iril\u0259n \u0259m\u0259liyyatla ba\u011fl\u0131d\u0131r.<\/p>\n\n\n\n<p>\u201cLukoyl\u201d\u200b \u015firk\u0259tl\u0259r qrupunun Uraldak\u0131 \u0130stehsalat Birliyinin r\u0259hb\u0259ri \u018fhm\u0259d Hac\u0131yevin d\u0259 Rusiyada saxlan\u0131ld\u0131\u011f\u0131 bildirilir.<\/p>\n\n\n\n<p>Onun s\u0259rb\u0259st burax\u0131lmas\u0131 il\u0259 ba\u011fl\u0131 r\u0259smi m\u0259lumat yoxdur.<\/p>\n\n\n\n<p>Yekaterinburq \u015f\u0259h\u0259rinin Leninski Rayon M\u0259hk\u0259m\u0259si \u015eahid Lalayev bar\u0259sind\u0259 h\u0259bs q\u0259timkan t\u0259dbiri se\u00e7ib. O, Rusiya Cinay\u0259t M\u0259c\u0259ll\u0259sinin q\u0259sd\u0259n adam \u00f6ld\u00fcrm\u0259 v\u0259 cinay\u0259tin t\u0259\u015fkili madd\u0259l\u0259ri il\u0259 ittiham olunur. Lalayev iyunun 26-da saxlan\u0131l\u0131b v\u0259 iyulun 19-d\u0259k istintaq t\u0259cridxanas\u0131nda qalacaq. Onun saxlan\u0131lmas\u0131 S\u0259f\u0259rov qarda\u015flar\u0131na qar\u015f\u0131 ke\u00e7iril\u0259n \u0259m\u0259liyyatlardan bir g\u00fcn \u0259vv\u0259l\u0259 t\u0259sad\u00fcf edir.<\/p>\n\n\n\n<p>\u0130yunun 27-d\u0259 Rusiya h\u00fcquq-m\u00fchafiz\u0259 orqanlar\u0131n\u0131n Yekaterinburqda 2001-ci ild\u0259 t\u00f6r\u0259dilmi\u015f v\u0259 uzun ill\u0259r a\u00e7\u0131lmam\u0131\u015f bir q\u0259tlin t\u0259qsirkar\u0131n\u0131 m\u00fc\u0259yy\u0259nl\u0259\u015fdirm\u0259k m\u0259qs\u0259dil\u0259 ke\u00e7irdiyi \u0259m\u0259liyyatda 2 az\u0259rbaycanl\u0131 \u00f6l\u00fcb, bir ne\u00e7\u0259 n\u0259f\u0259r saxlan\u0131l\u0131b.<\/p>\n\n\n\n<p>Az\u0259rbaycan t\u0259r\u0259fi ekpertizadan sonra a\u00e7\u0131qlay\u0131b ki, h\u0259yatlar\u0131n\u0131 itir\u0259n iki n\u0259f\u0259r \u2013 Ziy\u0259ddin v\u0259 H\u00fcseyn S\u0259f\u0259rovlar qarda\u015flar\u0131 x\u00fcsusi amans\u0131zl\u0131qla q\u0259tl\u0259 yetirilibl\u0259r.<\/p>\n\n\n\n<p>Hadis\u0259d\u0259n sonra, iyunun 30-da Az\u0259rbaycan Daxili \u0130\u015fl\u0259r Nazirliyi f\u0259aliyy\u0259tin\u0259 bu ilin fevral\u0131nda son verilmi\u015f Rusiyan d\u00f6vl\u0259tin\u0259 m\u0259xsus \u201cRossiya Seqodnya\u201d agentliyinin t\u0259rkibind\u0259 olan \u201cSputnik Az\u0259rbaycan\u201dda \u0259m\u0259liyyat ke\u00e7ir\u0259r\u0259k, 7 n\u0259f\u0259r saxlay\u0131b.<\/p>\n\n\n\n<p>Onlar\u0131n ikisi bar\u0259sind\u0259 4 ayl\u0131q h\u0259bs q\u0259timkan t\u0259dbiri se\u00e7ilib.<\/p>\n\n\n\n<p>H\u0259bs olunanlara qar\u015f\u0131 Cinay\u0259t M\u0259c\u0259ll\u0259sinin 178.3.1-ci (D\u0259l\u0259duzluq, m\u00fct\u0259\u015f\u0259kkil d\u0259st\u0259 t\u0259r\u0259find\u0259n t\u00f6r\u0259dildikd\u0259) , 192.2.2-ci (Qanunsuz sahibkarl\u0131q, k\u00fclli miqdarda g\u0259lir \u0259ld\u0259 etm\u0259kl\u0259 t\u00f6r\u0259dildikd\u0259), 192.2.3-c\u00fc (Qanunsuz sahibkarl\u0131q, m\u00fct\u0259\u015f\u0259kkil d\u0259st\u0259 t\u0259r\u0259find\u0259n t\u00f6r\u0259dildikd\u0259), 193-1.3.1-ci (Cinay\u0259t yolu il\u0259 \u0259ld\u0259 edilmi\u015f \u0259mlak\u0131 leqalla\u015fd\u0131rma, m\u00fct\u0259\u015f\u0259kkil d\u0259st\u0259 v\u0259 ya cinay\u0259tkar birlik (cinay\u0259tkar t\u0259\u015fkilat) t\u0259r\u0259find\u0259n t\u00f6r\u0259dildikd\u0259) v\u0259 193-1.3.2-ci (Cinay\u0259t yolu il\u0259 \u0259ld\u0259 edilmi\u015f \u0259mlak\u0131 leqalla\u015fd\u0131rma, xeyli miqdarda t\u00f6r\u0259dildikd\u0259) madd\u0259l\u0259ri \u00fczr\u0259 ittiham elan olunub.<\/p>\n\n\n\n<p>Daha sonra is\u0259 Rusiya Bak\u0131da saxlan\u0131lan rusiyal\u0131 jurnalistl\u0259r\u0259 g\u00f6r\u0259, Az\u0259rbaycan is\u0259 Yekaterinburqda az\u0259rbaycanl\u0131lara qar\u015f\u0131 ke\u00e7iril\u0259n \u0259m\u0259liyyata g\u00f6r\u0259 bir-birin\u0259 qar\u015f\u0131l\u0131ql\u0131 <a href=\"https:\/\/storage.googleapis.com\/qurium\/www.meydan.tv\/az-article-rusiya-il%c9%99-az%c9%99rbaycan-bir-birin%c9%99-qarsiliqli-nota-veribl%c9%99r.html\">nota <\/a>veribl\u0259r.<\/p>\n","protected":false},"excerpt":{"rendered":"<p>Onlar\u0131n b\u0259zil\u0259ri s\u0259rb\u0259st burax\u0131lsa da, b\u0259zil\u0259rinin aqib\u0259ti bar\u0259d\u0259 r\u0259smi m\u0259lumat &#8230; <\/p>\n<p class=\"read-more-container\"><a title=\"Rusiyada az\u0259rbaycanl\u0131 i\u015f adamlar\u0131 saxlan\u0131l\u0131r\" class=\"read-more button\" href=\"https:\/\/www.meydan.tv\/az\/article\/rusiyada-az%c9%99rbaycanli-is-adamlari-saxlanilir\/#more-332596\" aria-label=\"Read more about Rusiyada az\u0259rbaycanl\u0131 i\u015f adamlar\u0131 saxlan\u0131l\u0131r\">Davam\u0131<\/a><\/p>\n","protected":false},"author":21,"featured_media":238759,"comment_status":"closed","ping_status":"closed","sticky":false,"template":"","format":"standard","meta":{"_acf_changed":false,"_sitemap_exclude":false,"_sitemap_priority":"","_sitemap_frequency":"","footnotes":""},"categories":[59,56],"tags":[],"class_list":["post-332596","post","type-post","status-publish","format-standard","has-post-thumbnail","hentry","category-siyaset","category-xeberler","infinite-scroll-item","generate-columns","tablet-grid-50","mobile-grid-100","grid-parent","grid-33","no-featured-image-padding"],"acf":[],"yoast_head":"<!-- This site is optimized with the Yoast SEO plugin v27.4 - https:\/\/yoast.com\/product\/yoast-seo-wordpress\/ -->\n<title>Rusiyada az\u0259rbaycanl\u0131 i\u015f adamlar\u0131 saxlan\u0131l\u0131r - MEYDAN.TV<\/title>\n<meta name=\"robots\" content=\"index, follow, max-snippet:-1, max-image-preview:large, max-video-preview:-1\" \/>\n<link rel=\"canonical\" href=\"https:\/\/www.meydan.tv\/az\/article\/rusiyada-az%c9%99rbaycanli-is-adamlari-saxlanilir\/\" \/>\n<meta property=\"og:locale\" content=\"az_AZ\" \/>\n<meta property=\"og:type\" content=\"article\" \/>\n<meta property=\"og:title\" content=\"Rusiyada az\u0259rbaycanl\u0131 i\u015f adamlar\u0131 saxlan\u0131l\u0131r - MEYDAN.TV\" \/>\n<meta property=\"og:description\" content=\"Onlar\u0131n b\u0259zil\u0259ri s\u0259rb\u0259st burax\u0131lsa da, b\u0259zil\u0259rinin aqib\u0259ti bar\u0259d\u0259 r\u0259smi m\u0259lumat ... Davam\u0131\" \/>\n<meta property=\"og:url\" content=\"https:\/\/www.meydan.tv\/az\/article\/rusiyada-az%c9%99rbaycanli-is-adamlari-saxlanilir\/\" \/>\n<meta property=\"og:site_name\" content=\"MEYDAN.TV\" \/>\n<meta property=\"article:published_time\" content=\"2025-07-02T09:59:08+00:00\" \/>\n<meta property=\"article:modified_time\" content=\"2025-07-02T10:09:26+00:00\" \/>\n<meta property=\"og:image\" content=\"https:\/\/www.meydan.tv\/wp-content\/uploads\/shutterstock_2061756437.jpg\" \/>\n\t<meta property=\"og:image:width\" content=\"1200\" \/>\n\t<meta property=\"og:image:height\" content=\"675\" \/>\n\t<meta property=\"og:image:type\" content=\"image\/jpeg\" \/>\n<meta name=\"author\" content=\"mahmud\" \/>\n<meta name=\"twitter:card\" content=\"summary_large_image\" \/>\n<script type=\"application\/ld+json\" class=\"yoast-schema-graph\">{\"@context\":\"https:\\\/\\\/schema.org\",\"@graph\":[{\"@type\":\"Article\",\"@id\":\"https:\\\/\\\/www.meydan.tv\\\/az\\\/article\\\/rusiyada-az%c9%99rbaycanli-is-adamlari-saxlanilir\\\/#article\",\"isPartOf\":{\"@id\":\"https:\\\/\\\/www.meydan.tv\\\/az\\\/article\\\/rusiyada-az%c9%99rbaycanli-is-adamlari-saxlanilir\\\/\"},\"author\":{\"name\":\"mahmud\",\"@id\":\"https:\\\/\\\/www.meydan.tv\\\/az\\\/#\\\/schema\\\/person\\\/09863e516102a829e72bedcf3f84c6b0\"},\"headline\":\"Rusiyada az\u0259rbaycanl\u0131 i\u015f adamlar\u0131 saxlan\u0131l\u0131r\",\"datePublished\":\"2025-07-02T09:59:08+00:00\",\"dateModified\":\"2025-07-02T10:09:26+00:00\",\"mainEntityOfPage\":{\"@id\":\"https:\\\/\\\/www.meydan.tv\\\/az\\\/article\\\/rusiyada-az%c9%99rbaycanli-is-adamlari-saxlanilir\\\/\"},\"wordCount\":597,\"publisher\":{\"@id\":\"https:\\\/\\\/www.meydan.tv\\\/az\\\/#organization\"},\"image\":{\"@id\":\"https:\\\/\\\/www.meydan.tv\\\/az\\\/article\\\/rusiyada-az%c9%99rbaycanli-is-adamlari-saxlanilir\\\/#primaryimage\"},\"thumbnailUrl\":\"https:\\\/\\\/www.meydan.tv\\\/wp-content\\\/uploads\\\/shutterstock_2061756437.jpg\",\"articleSection\":[\"Siyas\u0259t\",\"X\u0259b\u0259rl\u0259r\"],\"inLanguage\":\"az\"},{\"@type\":\"WebPage\",\"@id\":\"https:\\\/\\\/www.meydan.tv\\\/az\\\/article\\\/rusiyada-az%c9%99rbaycanli-is-adamlari-saxlanilir\\\/\",\"url\":\"https:\\\/\\\/www.meydan.tv\\\/az\\\/article\\\/rusiyada-az%c9%99rbaycanli-is-adamlari-saxlanilir\\\/\",\"name\":\"Rusiyada az\u0259rbaycanl\u0131 i\u015f adamlar\u0131 saxlan\u0131l\u0131r - MEYDAN.TV\",\"isPartOf\":{\"@id\":\"https:\\\/\\\/www.meydan.tv\\\/az\\\/#website\"},\"primaryImageOfPage\":{\"@id\":\"https:\\\/\\\/www.meydan.tv\\\/az\\\/article\\\/rusiyada-az%c9%99rbaycanli-is-adamlari-saxlanilir\\\/#primaryimage\"},\"image\":{\"@id\":\"https:\\\/\\\/www.meydan.tv\\\/az\\\/article\\\/rusiyada-az%c9%99rbaycanli-is-adamlari-saxlanilir\\\/#primaryimage\"},\"thumbnailUrl\":\"https:\\\/\\\/www.meydan.tv\\\/wp-content\\\/uploads\\\/shutterstock_2061756437.jpg\",\"datePublished\":\"2025-07-02T09:59:08+00:00\",\"dateModified\":\"2025-07-02T10:09:26+00:00\",\"breadcrumb\":{\"@id\":\"https:\\\/\\\/www.meydan.tv\\\/az\\\/article\\\/rusiyada-az%c9%99rbaycanli-is-adamlari-saxlanilir\\\/#breadcrumb\"},\"inLanguage\":\"az\",\"potentialAction\":[{\"@type\":\"ReadAction\",\"target\":[\"https:\\\/\\\/www.meydan.tv\\\/az\\\/article\\\/rusiyada-az%c9%99rbaycanli-is-adamlari-saxlanilir\\\/\"]}]},{\"@type\":\"ImageObject\",\"inLanguage\":\"az\",\"@id\":\"https:\\\/\\\/www.meydan.tv\\\/az\\\/article\\\/rusiyada-az%c9%99rbaycanli-is-adamlari-saxlanilir\\\/#primaryimage\",\"url\":\"https:\\\/\\\/www.meydan.tv\\\/wp-content\\\/uploads\\\/shutterstock_2061756437.jpg\",\"contentUrl\":\"https:\\\/\\\/www.meydan.tv\\\/wp-content\\\/uploads\\\/shutterstock_2061756437.jpg\",\"width\":1200,\"height\":675,\"caption\":\"Rusiya-Az\u0259rbaycan. Foto: GoodIdeas\\\/shutterstock\"},{\"@type\":\"BreadcrumbList\",\"@id\":\"https:\\\/\\\/www.meydan.tv\\\/az\\\/article\\\/rusiyada-az%c9%99rbaycanli-is-adamlari-saxlanilir\\\/#breadcrumb\",\"itemListElement\":[{\"@type\":\"ListItem\",\"position\":1,\"name\":\"Ana s\u0259hif\u0259\",\"item\":\"https:\\\/\\\/www.meydan.tv\\\/az\\\/\"},{\"@type\":\"ListItem\",\"position\":2,\"name\":\"Siyas\u0259t\",\"item\":\"https:\\\/\\\/www.meydan.tv\\\/az\\\/section\\\/siyaset\\\/\"},{\"@type\":\"ListItem\",\"position\":3,\"name\":\"Rusiyada az\u0259rbaycanl\u0131 i\u015f adamlar\u0131 saxlan\u0131l\u0131r\"}]},{\"@type\":\"WebSite\",\"@id\":\"https:\\\/\\\/www.meydan.tv\\\/az\\\/#website\",\"url\":\"https:\\\/\\\/www.meydan.tv\\\/az\\\/\",\"name\":\"MEYDAN.TV\",\"description\":\"Meydan TV Az\u0259rbaycan\u0131n media m\u0259kan\u0131ndak\u0131 alternativ s\u0259sidir\",\"publisher\":{\"@id\":\"https:\\\/\\\/www.meydan.tv\\\/az\\\/#organization\"},\"potentialAction\":[{\"@type\":\"SearchAction\",\"target\":{\"@type\":\"EntryPoint\",\"urlTemplate\":\"https:\\\/\\\/www.meydan.tv\\\/az\\\/?s={search_term_string}\"},\"query-input\":{\"@type\":\"PropertyValueSpecification\",\"valueRequired\":true,\"valueName\":\"search_term_string\"}}],\"inLanguage\":\"az\"},{\"@type\":\"Organization\",\"@id\":\"https:\\\/\\\/www.meydan.tv\\\/az\\\/#organization\",\"name\":\"Meydan TV\",\"url\":\"https:\\\/\\\/www.meydan.tv\\\/az\\\/\",\"logo\":{\"@type\":\"ImageObject\",\"inLanguage\":\"az\",\"@id\":\"https:\\\/\\\/www.meydan.tv\\\/az\\\/#\\\/schema\\\/logo\\\/image\\\/\",\"url\":\"https:\\\/\\\/www.meydan.tv\\\/wp-content\\\/uploads\\\/2021\\\/07\\\/meydan-logo.svg\",\"contentUrl\":\"https:\\\/\\\/www.meydan.tv\\\/wp-content\\\/uploads\\\/2021\\\/07\\\/meydan-logo.svg\",\"width\":195,\"height\":46,\"caption\":\"Meydan TV\"},\"image\":{\"@id\":\"https:\\\/\\\/www.meydan.tv\\\/az\\\/#\\\/schema\\\/logo\\\/image\\\/\"}},{\"@type\":\"Person\",\"@id\":\"https:\\\/\\\/www.meydan.tv\\\/az\\\/#\\\/schema\\\/person\\\/09863e516102a829e72bedcf3f84c6b0\",\"name\":\"mahmud\"}]}<\/script>\n<!-- \/ Yoast SEO plugin. -->","yoast_head_json":{"title":"Rusiyada az\u0259rbaycanl\u0131 i\u015f adamlar\u0131 saxlan\u0131l\u0131r - MEYDAN.TV","robots":{"index":"index","follow":"follow","max-snippet":"max-snippet:-1","max-image-preview":"max-image-preview:large","max-video-preview":"max-video-preview:-1"},"canonical":"https:\/\/www.meydan.tv\/az\/article\/rusiyada-az%c9%99rbaycanli-is-adamlari-saxlanilir\/","og_locale":"az_AZ","og_type":"article","og_title":"Rusiyada az\u0259rbaycanl\u0131 i\u015f adamlar\u0131 saxlan\u0131l\u0131r - MEYDAN.TV","og_description":"Onlar\u0131n b\u0259zil\u0259ri s\u0259rb\u0259st burax\u0131lsa da, b\u0259zil\u0259rinin aqib\u0259ti bar\u0259d\u0259 r\u0259smi m\u0259lumat ... Davam\u0131","og_url":"https:\/\/www.meydan.tv\/az\/article\/rusiyada-az%c9%99rbaycanli-is-adamlari-saxlanilir\/","og_site_name":"MEYDAN.TV","article_published_time":"2025-07-02T09:59:08+00:00","article_modified_time":"2025-07-02T10:09:26+00:00","og_image":[{"width":1200,"height":675,"url":"https:\/\/www.meydan.tv\/wp-content\/uploads\/shutterstock_2061756437.jpg","type":"image\/jpeg"}],"author":"mahmud","twitter_card":"summary_large_image","schema":{"@context":"https:\/\/schema.org","@graph":[{"@type":"Article","@id":"https:\/\/www.meydan.tv\/az\/article\/rusiyada-az%c9%99rbaycanli-is-adamlari-saxlanilir\/#article","isPartOf":{"@id":"https:\/\/www.meydan.tv\/az\/article\/rusiyada-az%c9%99rbaycanli-is-adamlari-saxlanilir\/"},"author":{"name":"mahmud","@id":"https:\/\/www.meydan.tv\/az\/#\/schema\/person\/09863e516102a829e72bedcf3f84c6b0"},"headline":"Rusiyada az\u0259rbaycanl\u0131 i\u015f adamlar\u0131 saxlan\u0131l\u0131r","datePublished":"2025-07-02T09:59:08+00:00","dateModified":"2025-07-02T10:09:26+00:00","mainEntityOfPage":{"@id":"https:\/\/www.meydan.tv\/az\/article\/rusiyada-az%c9%99rbaycanli-is-adamlari-saxlanilir\/"},"wordCount":597,"publisher":{"@id":"https:\/\/www.meydan.tv\/az\/#organization"},"image":{"@id":"https:\/\/www.meydan.tv\/az\/article\/rusiyada-az%c9%99rbaycanli-is-adamlari-saxlanilir\/#primaryimage"},"thumbnailUrl":"https:\/\/www.meydan.tv\/wp-content\/uploads\/shutterstock_2061756437.jpg","articleSection":["Siyas\u0259t","X\u0259b\u0259rl\u0259r"],"inLanguage":"az"},{"@type":"WebPage","@id":"https:\/\/www.meydan.tv\/az\/article\/rusiyada-az%c9%99rbaycanli-is-adamlari-saxlanilir\/","url":"https:\/\/www.meydan.tv\/az\/article\/rusiyada-az%c9%99rbaycanli-is-adamlari-saxlanilir\/","name":"Rusiyada az\u0259rbaycanl\u0131 i\u015f adamlar\u0131 saxlan\u0131l\u0131r - MEYDAN.TV","isPartOf":{"@id":"https:\/\/www.meydan.tv\/az\/#website"},"primaryImageOfPage":{"@id":"https:\/\/www.meydan.tv\/az\/article\/rusiyada-az%c9%99rbaycanli-is-adamlari-saxlanilir\/#primaryimage"},"image":{"@id":"https:\/\/www.meydan.tv\/az\/article\/rusiyada-az%c9%99rbaycanli-is-adamlari-saxlanilir\/#primaryimage"},"thumbnailUrl":"https:\/\/www.meydan.tv\/wp-content\/uploads\/shutterstock_2061756437.jpg","datePublished":"2025-07-02T09:59:08+00:00","dateModified":"2025-07-02T10:09:26+00:00","breadcrumb":{"@id":"https:\/\/www.meydan.tv\/az\/article\/rusiyada-az%c9%99rbaycanli-is-adamlari-saxlanilir\/#breadcrumb"},"inLanguage":"az","potentialAction":[{"@type":"ReadAction","target":["https:\/\/www.meydan.tv\/az\/article\/rusiyada-az%c9%99rbaycanli-is-adamlari-saxlanilir\/"]}]},{"@type":"ImageObject","inLanguage":"az","@id":"https:\/\/www.meydan.tv\/az\/article\/rusiyada-az%c9%99rbaycanli-is-adamlari-saxlanilir\/#primaryimage","url":"https:\/\/www.meydan.tv\/wp-content\/uploads\/shutterstock_2061756437.jpg","contentUrl":"https:\/\/www.meydan.tv\/wp-content\/uploads\/shutterstock_2061756437.jpg","width":1200,"height":675,"caption":"Rusiya-Az\u0259rbaycan. Foto: GoodIdeas\/shutterstock"},{"@type":"BreadcrumbList","@id":"https:\/\/www.meydan.tv\/az\/article\/rusiyada-az%c9%99rbaycanli-is-adamlari-saxlanilir\/#breadcrumb","itemListElement":[{"@type":"ListItem","position":1,"name":"Ana s\u0259hif\u0259","item":"https:\/\/www.meydan.tv\/az\/"},{"@type":"ListItem","position":2,"name":"Siyas\u0259t","item":"https:\/\/www.meydan.tv\/az\/section\/siyaset\/"},{"@type":"ListItem","position":3,"name":"Rusiyada az\u0259rbaycanl\u0131 i\u015f adamlar\u0131 saxlan\u0131l\u0131r"}]},{"@type":"WebSite","@id":"https:\/\/www.meydan.tv\/az\/#website","url":"https:\/\/www.meydan.tv\/az\/","name":"MEYDAN.TV","description":"Meydan TV Az\u0259rbaycan\u0131n media m\u0259kan\u0131ndak\u0131 alternativ s\u0259sidir","publisher":{"@id":"https:\/\/www.meydan.tv\/az\/#organization"},"potentialAction":[{"@type":"SearchAction","target":{"@type":"EntryPoint","urlTemplate":"https:\/\/www.meydan.tv\/az\/?s={search_term_string}"},"query-input":{"@type":"PropertyValueSpecification","valueRequired":true,"valueName":"search_term_string"}}],"inLanguage":"az"},{"@type":"Organization","@id":"https:\/\/www.meydan.tv\/az\/#organization","name":"Meydan TV","url":"https:\/\/www.meydan.tv\/az\/","logo":{"@type":"ImageObject","inLanguage":"az","@id":"https:\/\/www.meydan.tv\/az\/#\/schema\/logo\/image\/","url":"https:\/\/www.meydan.tv\/wp-content\/uploads\/2021\/07\/meydan-logo.svg","contentUrl":"https:\/\/www.meydan.tv\/wp-content\/uploads\/2021\/07\/meydan-logo.svg","width":195,"height":46,"caption":"Meydan TV"},"image":{"@id":"https:\/\/www.meydan.tv\/az\/#\/schema\/logo\/image\/"}},{"@type":"Person","@id":"https:\/\/www.meydan.tv\/az\/#\/schema\/person\/09863e516102a829e72bedcf3f84c6b0","name":"mahmud"}]}},"_links":{"self":[{"href":"https:\/\/www.meydan.tv\/az\/wp-json\/wp\/v2\/posts\/332596","targetHints":{"allow":["GET"]}}],"collection":[{"href":"https:\/\/www.meydan.tv\/az\/wp-json\/wp\/v2\/posts"}],"about":[{"href":"https:\/\/www.meydan.tv\/az\/wp-json\/wp\/v2\/types\/post"}],"author":[{"embeddable":true,"href":"https:\/\/www.meydan.tv\/az\/wp-json\/wp\/v2\/users\/21"}],"replies":[{"embeddable":true,"href":"https:\/\/www.meydan.tv\/az\/wp-json\/wp\/v2\/comments?post=332596"}],"version-history":[{"count":2,"href":"https:\/\/www.meydan.tv\/az\/wp-json\/wp\/v2\/posts\/332596\/revisions"}],"predecessor-version":[{"id":332598,"href":"https:\/\/www.meydan.tv\/az\/wp-json\/wp\/v2\/posts\/332596\/revisions\/332598"}],"wp:featuredmedia":[{"embeddable":true,"href":"https:\/\/www.meydan.tv\/az\/wp-json\/wp\/v2\/media\/238759"}],"wp:attachment":[{"href":"https:\/\/www.meydan.tv\/az\/wp-json\/wp\/v2\/media?parent=332596"}],"wp:term":[{"taxonomy":"category","embeddable":true,"href":"https:\/\/www.meydan.tv\/az\/wp-json\/wp\/v2\/categories?post=332596"},{"taxonomy":"post_tag","embeddable":true,"href":"https:\/\/www.meydan.tv\/az\/wp-json\/wp\/v2\/tags?post=332596"}],"curies":[{"name":"wp","href":"https:\/\/api.w.org\/{rel}","templated":true}]}}