{"id":332573,"date":"2025-07-02T12:17:53","date_gmt":"2025-07-02T08:17:53","guid":{"rendered":"https:\/\/www.meydan.tv\/?p=332573"},"modified":"2025-07-02T12:17:56","modified_gmt":"2025-07-02T08:17:56","slug":"zelenski-yekaterinburqda-bas-ver%c9%99nl%c9%99r%c9%99-gor%c9%99-eliyev%c9%99-z%c9%99ng-edib","status":"publish","type":"post","link":"https:\/\/www.meydan.tv\/az\/article\/zelenski-yekaterinburqda-bas-ver%c9%99nl%c9%99r%c9%99-gor%c9%99-eliyev%c9%99-z%c9%99ng-edib\/","title":{"rendered":"Zelenski Yekaterinburqda ba\u015f ver\u0259nl\u0259r\u0259 g\u00f6r\u0259 \u018fliyev\u0259 z\u0259ng edib"},"content":{"rendered":"\n<p><\/p>\n\n\n\n<p>\u201c<em>Rusiyan\u0131n Az\u0259rbaycan Respublikas\u0131na h\u0259d\u0259l\u0259yici yana\u015fmas\u0131 fonunda Ukraynan\u0131n birm\u0259nal\u0131 d\u0259st\u0259yini ifad\u0259 etdim<\/em><em>\u201d<\/em><\/p>\n\n\n\n<p>Ukraynan\u0131n Prezidenti Volodimir Zelenski Prezident \u0130lham \u018fliyev\u0259 z\u0259ng ed\u0259r\u0259k, Yekaterinburqda az\u0259rbaycanl\u0131lara qar\u015f\u0131 ke\u00e7iril\u0259n \u0259m\u0259liyyatla ba\u011fl\u0131 ba\u015f ver\u0259nl\u0259r\u0259 g\u00f6r\u0259 ba\u015fsa\u011fl\u0131\u011f\u0131 verib.<\/p>\n\n\n\n<p>Zelenski bu bar\u0259d\u0259 \u201cX\u201d hesab\u0131nda <a href=\"http:\/\/Volodymyr Zelenskyy \/ \u0412\u043e\u043b\u043e\u0434\u0438\u043c\u0438\u0440 \u0417\u0435\u043b\u0435\u043d\u0441\u044c\u043a\u0438\u0439 on X: &quot;Az\u0259rbaycan Prezidenti \u0130lham \u018fliyevl\u0259 @presidentaz dan\u0131\u015fd\u0131m. Ona Ukraynaya, xalq\u0131m\u0131za v\u0259 \u0259razi b\u00fct\u00f6vl\u00fcy\u00fcm\u00fcz\u0259 g\u00f6st\u0259rdiyi d\u0259st\u0259y\u0259 g\u00f6r\u0259 t\u0259\u015f\u0259kk\u00fcr\u00fcm\u00fc bildirdim. H\u0259m\u00e7inin Rusiyan\u0131n Az\u0259rbaycan v\u0259t\u0259nda\u015flar\u0131n\u0131 t\u0259hqir etm\u0259si v\u0259 Az\u0259rbaycan Respublikas\u0131na h\u0259d\u0259l\u0259yici yana\u015fmas\u0131 fonunda&quot; \/ X\" target=\"_blank\" rel=\"noreferrer noopener\">m\u0259lumat <\/a>verib.<\/p>\n\n\n\n<p><em>\u201cOna Ukraynaya, xalq\u0131m\u0131za v\u0259 \u0259razi b\u00fct\u00f6vl\u00fcy\u00fcm\u00fcz\u0259 g\u00f6st\u0259rdiyi d\u0259st\u0259y\u0259 g\u00f6r\u0259 t\u0259\u015f\u0259kk\u00fcr\u00fcm\u00fc bildirdim. H\u0259m\u00e7inin Rusiyan\u0131n Az\u0259rbaycan v\u0259t\u0259nda\u015flar\u0131n\u0131 t\u0259hqir etm\u0259si v\u0259 Az\u0259rbaycan Respublikas\u0131na h\u0259d\u0259l\u0259yici yana\u015fmas\u0131 fonunda Ukraynan\u0131n birm\u0259nal\u0131 d\u0259st\u0259yini ifad\u0259 etdim. Rusiyada S\u0259f\u0259rov qarda\u015flar\u0131n\u0131n q\u0259tl\u0259 yetirilm\u0259si il\u0259 ba\u011fl\u0131 Az\u0259rbaycan xalq\u0131na ba\u015fsa\u011fl\u0131\u011f\u0131m\u0131z\u0131 \u00e7atd\u0131rd\u0131m. \u018fmin\u0259m ki, b\u00fct\u00fcn faktlar ara\u015fd\u0131r\u0131lacaq. \u018fdal\u0259t t\u0259min olunmal\u0131d\u0131r. Prezident \u018fliyevl\u0259 biz ortaq m\u00f6vqed\u0259yik: h\u0259r bir insan\u0131n h\u0259yat\u0131 v\u0259 l\u0259yaq\u0259ti qorunmal\u0131d\u0131r\u201d, <\/em>&#8211; Zelenski qeyd edib.<\/p>\n\n\n\n<p>H\u0259m\u00e7inin bildirib ki, \u0130lham \u018fliyevl\u0259&nbsp; enerji sah\u0259sind\u0259 \u0259m\u0259kda\u015fl\u0131q v\u0259 humanitar sah\u0259d\u0259 qar\u015f\u0131l\u0131ql\u0131 \u0259laq\u0259l\u0259r m\u00fczakir\u0259 edilib:<\/p>\n\n\n\n<p><em>\u201c\u0130qtisadi \u0259m\u0259kda\u015fl\u0131q \u00fczr\u0259 H\u00f6kum\u0259tl\u0259raras\u0131 Birg\u0259 Komissiyan\u0131n iclas\u0131n\u0131n ke\u00e7irilm\u0259si bar\u0259d\u0259 raz\u0131l\u0131\u011fa g\u0259ldik. H\u00f6kum\u0259tl\u0259rimiz bu istiqam\u0259td\u0259 i\u015fl\u0259rini f\u0259alla\u015fd\u0131racaq\u201d.<\/em><\/p>\n\n\n\n<p>\u0130yunun 27-d\u0259 Yekaterinburqda Rusiya h\u00fcquq m\u00fchafiz\u0259 orqanlar\u0131n\u0131n \u0259m\u0259kda\u015flar\u0131 t\u0259r\u0259find\u0259n az\u0259rbaycanl\u0131lara qar\u015f\u0131 \u0259m\u0259liyyat ke\u00e7irilib.<\/p>\n\n\n\n<p>Bildirilib ki, m\u0259qs\u0259d 2001-ci ild\u0259 t\u00f6r\u0259dilmi\u015f v\u0259 uzun ill\u0259r a\u00e7\u0131lmam\u0131\u015f bir q\u0259tlin t\u0259qsirkar\u0131n\u0131 m\u00fc\u0259yy\u0259nl\u0259\u015fdirm\u0259kdir.<\/p>\n\n\n\n<p>\u018fm\u0259liyyat n\u0259tic\u0259sind\u0259 2 az\u0259rbaycanl\u0131 \u00f6l\u00fcb, bir ne\u00e7\u0259 n\u0259f\u0259r saxlan\u0131l\u0131b.<\/p>\n","protected":false},"excerpt":{"rendered":"<p>\u201cRusiyan\u0131n Az\u0259rbaycan Respublikas\u0131na h\u0259d\u0259l\u0259yici yana\u015fmas\u0131 fonunda Ukraynan\u0131n birm\u0259nal\u0131 d\u0259st\u0259yini ifad\u0259 &#8230; <\/p>\n<p class=\"read-more-container\"><a title=\"Zelenski Yekaterinburqda ba\u015f ver\u0259nl\u0259r\u0259 g\u00f6r\u0259 \u018fliyev\u0259 z\u0259ng edib\" class=\"read-more button\" href=\"https:\/\/www.meydan.tv\/az\/article\/zelenski-yekaterinburqda-bas-ver%c9%99nl%c9%99r%c9%99-gor%c9%99-eliyev%c9%99-z%c9%99ng-edib\/#more-332573\" aria-label=\"Read more about Zelenski Yekaterinburqda ba\u015f ver\u0259nl\u0259r\u0259 g\u00f6r\u0259 \u018fliyev\u0259 z\u0259ng edib\">Davam\u0131<\/a><\/p>\n","protected":false},"author":21,"featured_media":319972,"comment_status":"closed","ping_status":"closed","sticky":false,"template":"","format":"standard","meta":{"_acf_changed":false,"_sitemap_exclude":false,"_sitemap_priority":"","_sitemap_frequency":"","footnotes":""},"categories":[59,56],"tags":[],"class_list":["post-332573","post","type-post","status-publish","format-standard","has-post-thumbnail","hentry","category-siyaset","category-xeberler","infinite-scroll-item","generate-columns","tablet-grid-50","mobile-grid-100","grid-parent","grid-33","no-featured-image-padding"],"acf":[],"yoast_head":"<!-- This site is optimized with the Yoast SEO plugin v27.4 - https:\/\/yoast.com\/product\/yoast-seo-wordpress\/ -->\n<title>Zelenski Yekaterinburqda ba\u015f ver\u0259nl\u0259r\u0259 g\u00f6r\u0259 \u018fliyev\u0259 z\u0259ng edib - MEYDAN.TV<\/title>\n<meta name=\"robots\" content=\"index, follow, max-snippet:-1, max-image-preview:large, max-video-preview:-1\" \/>\n<link rel=\"canonical\" href=\"https:\/\/www.meydan.tv\/az\/article\/zelenski-yekaterinburqda-bas-ver%c9%99nl%c9%99r%c9%99-gor%c9%99-eliyev%c9%99-z%c9%99ng-edib\/\" \/>\n<meta property=\"og:locale\" content=\"az_AZ\" \/>\n<meta property=\"og:type\" content=\"article\" \/>\n<meta property=\"og:title\" content=\"Zelenski Yekaterinburqda ba\u015f ver\u0259nl\u0259r\u0259 g\u00f6r\u0259 \u018fliyev\u0259 z\u0259ng edib - MEYDAN.TV\" \/>\n<meta property=\"og:description\" content=\"\u201cRusiyan\u0131n Az\u0259rbaycan Respublikas\u0131na h\u0259d\u0259l\u0259yici yana\u015fmas\u0131 fonunda Ukraynan\u0131n birm\u0259nal\u0131 d\u0259st\u0259yini ifad\u0259 ... Davam\u0131\" \/>\n<meta property=\"og:url\" content=\"https:\/\/www.meydan.tv\/az\/article\/zelenski-yekaterinburqda-bas-ver%c9%99nl%c9%99r%c9%99-gor%c9%99-eliyev%c9%99-z%c9%99ng-edib\/\" \/>\n<meta property=\"og:site_name\" content=\"MEYDAN.TV\" \/>\n<meta property=\"article:published_time\" content=\"2025-07-02T08:17:53+00:00\" \/>\n<meta property=\"article:modified_time\" content=\"2025-07-02T08:17:56+00:00\" \/>\n<meta property=\"og:image\" content=\"https:\/\/www.meydan.tv\/wp-content\/uploads\/id3dl6-c16x9x50px50p-c1c41f102988df5339aa92216422f2cc1.webp\" \/>\n\t<meta property=\"og:image:width\" content=\"1072\" \/>\n\t<meta property=\"og:image:height\" content=\"603\" \/>\n\t<meta property=\"og:image:type\" content=\"image\/webp\" \/>\n<meta name=\"author\" content=\"mahmud\" \/>\n<meta name=\"twitter:card\" content=\"summary_large_image\" \/>\n<script type=\"application\/ld+json\" class=\"yoast-schema-graph\">{\"@context\":\"https:\\\/\\\/schema.org\",\"@graph\":[{\"@type\":\"Article\",\"@id\":\"https:\\\/\\\/www.meydan.tv\\\/az\\\/article\\\/zelenski-yekaterinburqda-bas-ver%c9%99nl%c9%99r%c9%99-gor%c9%99-eliyev%c9%99-z%c9%99ng-edib\\\/#article\",\"isPartOf\":{\"@id\":\"https:\\\/\\\/www.meydan.tv\\\/az\\\/article\\\/zelenski-yekaterinburqda-bas-ver%c9%99nl%c9%99r%c9%99-gor%c9%99-eliyev%c9%99-z%c9%99ng-edib\\\/\"},\"author\":{\"name\":\"mahmud\",\"@id\":\"https:\\\/\\\/www.meydan.tv\\\/az\\\/#\\\/schema\\\/person\\\/09863e516102a829e72bedcf3f84c6b0\"},\"headline\":\"Zelenski Yekaterinburqda ba\u015f ver\u0259nl\u0259r\u0259 g\u00f6r\u0259 \u018fliyev\u0259 z\u0259ng edib\",\"datePublished\":\"2025-07-02T08:17:53+00:00\",\"dateModified\":\"2025-07-02T08:17:56+00:00\",\"mainEntityOfPage\":{\"@id\":\"https:\\\/\\\/www.meydan.tv\\\/az\\\/article\\\/zelenski-yekaterinburqda-bas-ver%c9%99nl%c9%99r%c9%99-gor%c9%99-eliyev%c9%99-z%c9%99ng-edib\\\/\"},\"wordCount\":350,\"publisher\":{\"@id\":\"https:\\\/\\\/www.meydan.tv\\\/az\\\/#organization\"},\"image\":{\"@id\":\"https:\\\/\\\/www.meydan.tv\\\/az\\\/article\\\/zelenski-yekaterinburqda-bas-ver%c9%99nl%c9%99r%c9%99-gor%c9%99-eliyev%c9%99-z%c9%99ng-edib\\\/#primaryimage\"},\"thumbnailUrl\":\"https:\\\/\\\/www.meydan.tv\\\/wp-content\\\/uploads\\\/id3dl6-c16x9x50px50p-c1c41f102988df5339aa92216422f2cc1.webp\",\"articleSection\":[\"Siyas\u0259t\",\"X\u0259b\u0259rl\u0259r\"],\"inLanguage\":\"az\"},{\"@type\":\"WebPage\",\"@id\":\"https:\\\/\\\/www.meydan.tv\\\/az\\\/article\\\/zelenski-yekaterinburqda-bas-ver%c9%99nl%c9%99r%c9%99-gor%c9%99-eliyev%c9%99-z%c9%99ng-edib\\\/\",\"url\":\"https:\\\/\\\/www.meydan.tv\\\/az\\\/article\\\/zelenski-yekaterinburqda-bas-ver%c9%99nl%c9%99r%c9%99-gor%c9%99-eliyev%c9%99-z%c9%99ng-edib\\\/\",\"name\":\"Zelenski Yekaterinburqda ba\u015f ver\u0259nl\u0259r\u0259 g\u00f6r\u0259 \u018fliyev\u0259 z\u0259ng edib - MEYDAN.TV\",\"isPartOf\":{\"@id\":\"https:\\\/\\\/www.meydan.tv\\\/az\\\/#website\"},\"primaryImageOfPage\":{\"@id\":\"https:\\\/\\\/www.meydan.tv\\\/az\\\/article\\\/zelenski-yekaterinburqda-bas-ver%c9%99nl%c9%99r%c9%99-gor%c9%99-eliyev%c9%99-z%c9%99ng-edib\\\/#primaryimage\"},\"image\":{\"@id\":\"https:\\\/\\\/www.meydan.tv\\\/az\\\/article\\\/zelenski-yekaterinburqda-bas-ver%c9%99nl%c9%99r%c9%99-gor%c9%99-eliyev%c9%99-z%c9%99ng-edib\\\/#primaryimage\"},\"thumbnailUrl\":\"https:\\\/\\\/www.meydan.tv\\\/wp-content\\\/uploads\\\/id3dl6-c16x9x50px50p-c1c41f102988df5339aa92216422f2cc1.webp\",\"datePublished\":\"2025-07-02T08:17:53+00:00\",\"dateModified\":\"2025-07-02T08:17:56+00:00\",\"breadcrumb\":{\"@id\":\"https:\\\/\\\/www.meydan.tv\\\/az\\\/article\\\/zelenski-yekaterinburqda-bas-ver%c9%99nl%c9%99r%c9%99-gor%c9%99-eliyev%c9%99-z%c9%99ng-edib\\\/#breadcrumb\"},\"inLanguage\":\"az\",\"potentialAction\":[{\"@type\":\"ReadAction\",\"target\":[\"https:\\\/\\\/www.meydan.tv\\\/az\\\/article\\\/zelenski-yekaterinburqda-bas-ver%c9%99nl%c9%99r%c9%99-gor%c9%99-eliyev%c9%99-z%c9%99ng-edib\\\/\"]}]},{\"@type\":\"ImageObject\",\"inLanguage\":\"az\",\"@id\":\"https:\\\/\\\/www.meydan.tv\\\/az\\\/article\\\/zelenski-yekaterinburqda-bas-ver%c9%99nl%c9%99r%c9%99-gor%c9%99-eliyev%c9%99-z%c9%99ng-edib\\\/#primaryimage\",\"url\":\"https:\\\/\\\/www.meydan.tv\\\/wp-content\\\/uploads\\\/id3dl6-c16x9x50px50p-c1c41f102988df5339aa92216422f2cc1.webp\",\"contentUrl\":\"https:\\\/\\\/www.meydan.tv\\\/wp-content\\\/uploads\\\/id3dl6-c16x9x50px50p-c1c41f102988df5339aa92216422f2cc1.webp\",\"width\":1072,\"height\":603,\"caption\":\"Ukrayna Prezidenti Volodimir Zelenski. Videodan skrin\u015fot\"},{\"@type\":\"BreadcrumbList\",\"@id\":\"https:\\\/\\\/www.meydan.tv\\\/az\\\/article\\\/zelenski-yekaterinburqda-bas-ver%c9%99nl%c9%99r%c9%99-gor%c9%99-eliyev%c9%99-z%c9%99ng-edib\\\/#breadcrumb\",\"itemListElement\":[{\"@type\":\"ListItem\",\"position\":1,\"name\":\"Ana s\u0259hif\u0259\",\"item\":\"https:\\\/\\\/www.meydan.tv\\\/az\\\/\"},{\"@type\":\"ListItem\",\"position\":2,\"name\":\"Siyas\u0259t\",\"item\":\"https:\\\/\\\/www.meydan.tv\\\/az\\\/section\\\/siyaset\\\/\"},{\"@type\":\"ListItem\",\"position\":3,\"name\":\"Zelenski Yekaterinburqda ba\u015f ver\u0259nl\u0259r\u0259 g\u00f6r\u0259 \u018fliyev\u0259 z\u0259ng edib\"}]},{\"@type\":\"WebSite\",\"@id\":\"https:\\\/\\\/www.meydan.tv\\\/az\\\/#website\",\"url\":\"https:\\\/\\\/www.meydan.tv\\\/az\\\/\",\"name\":\"MEYDAN.TV\",\"description\":\"Meydan TV Az\u0259rbaycan\u0131n media m\u0259kan\u0131ndak\u0131 alternativ s\u0259sidir\",\"publisher\":{\"@id\":\"https:\\\/\\\/www.meydan.tv\\\/az\\\/#organization\"},\"potentialAction\":[{\"@type\":\"SearchAction\",\"target\":{\"@type\":\"EntryPoint\",\"urlTemplate\":\"https:\\\/\\\/www.meydan.tv\\\/az\\\/?s={search_term_string}\"},\"query-input\":{\"@type\":\"PropertyValueSpecification\",\"valueRequired\":true,\"valueName\":\"search_term_string\"}}],\"inLanguage\":\"az\"},{\"@type\":\"Organization\",\"@id\":\"https:\\\/\\\/www.meydan.tv\\\/az\\\/#organization\",\"name\":\"Meydan TV\",\"url\":\"https:\\\/\\\/www.meydan.tv\\\/az\\\/\",\"logo\":{\"@type\":\"ImageObject\",\"inLanguage\":\"az\",\"@id\":\"https:\\\/\\\/www.meydan.tv\\\/az\\\/#\\\/schema\\\/logo\\\/image\\\/\",\"url\":\"https:\\\/\\\/www.meydan.tv\\\/wp-content\\\/uploads\\\/2021\\\/07\\\/meydan-logo.svg\",\"contentUrl\":\"https:\\\/\\\/www.meydan.tv\\\/wp-content\\\/uploads\\\/2021\\\/07\\\/meydan-logo.svg\",\"width\":195,\"height\":46,\"caption\":\"Meydan TV\"},\"image\":{\"@id\":\"https:\\\/\\\/www.meydan.tv\\\/az\\\/#\\\/schema\\\/logo\\\/image\\\/\"}},{\"@type\":\"Person\",\"@id\":\"https:\\\/\\\/www.meydan.tv\\\/az\\\/#\\\/schema\\\/person\\\/09863e516102a829e72bedcf3f84c6b0\",\"name\":\"mahmud\"}]}<\/script>\n<!-- \/ Yoast SEO plugin. -->","yoast_head_json":{"title":"Zelenski Yekaterinburqda ba\u015f ver\u0259nl\u0259r\u0259 g\u00f6r\u0259 \u018fliyev\u0259 z\u0259ng edib - MEYDAN.TV","robots":{"index":"index","follow":"follow","max-snippet":"max-snippet:-1","max-image-preview":"max-image-preview:large","max-video-preview":"max-video-preview:-1"},"canonical":"https:\/\/www.meydan.tv\/az\/article\/zelenski-yekaterinburqda-bas-ver%c9%99nl%c9%99r%c9%99-gor%c9%99-eliyev%c9%99-z%c9%99ng-edib\/","og_locale":"az_AZ","og_type":"article","og_title":"Zelenski Yekaterinburqda ba\u015f ver\u0259nl\u0259r\u0259 g\u00f6r\u0259 \u018fliyev\u0259 z\u0259ng edib - MEYDAN.TV","og_description":"\u201cRusiyan\u0131n Az\u0259rbaycan Respublikas\u0131na h\u0259d\u0259l\u0259yici yana\u015fmas\u0131 fonunda Ukraynan\u0131n birm\u0259nal\u0131 d\u0259st\u0259yini ifad\u0259 ... Davam\u0131","og_url":"https:\/\/www.meydan.tv\/az\/article\/zelenski-yekaterinburqda-bas-ver%c9%99nl%c9%99r%c9%99-gor%c9%99-eliyev%c9%99-z%c9%99ng-edib\/","og_site_name":"MEYDAN.TV","article_published_time":"2025-07-02T08:17:53+00:00","article_modified_time":"2025-07-02T08:17:56+00:00","og_image":[{"width":1072,"height":603,"url":"https:\/\/www.meydan.tv\/wp-content\/uploads\/id3dl6-c16x9x50px50p-c1c41f102988df5339aa92216422f2cc1.webp","type":"image\/webp"}],"author":"mahmud","twitter_card":"summary_large_image","schema":{"@context":"https:\/\/schema.org","@graph":[{"@type":"Article","@id":"https:\/\/www.meydan.tv\/az\/article\/zelenski-yekaterinburqda-bas-ver%c9%99nl%c9%99r%c9%99-gor%c9%99-eliyev%c9%99-z%c9%99ng-edib\/#article","isPartOf":{"@id":"https:\/\/www.meydan.tv\/az\/article\/zelenski-yekaterinburqda-bas-ver%c9%99nl%c9%99r%c9%99-gor%c9%99-eliyev%c9%99-z%c9%99ng-edib\/"},"author":{"name":"mahmud","@id":"https:\/\/www.meydan.tv\/az\/#\/schema\/person\/09863e516102a829e72bedcf3f84c6b0"},"headline":"Zelenski Yekaterinburqda ba\u015f ver\u0259nl\u0259r\u0259 g\u00f6r\u0259 \u018fliyev\u0259 z\u0259ng edib","datePublished":"2025-07-02T08:17:53+00:00","dateModified":"2025-07-02T08:17:56+00:00","mainEntityOfPage":{"@id":"https:\/\/www.meydan.tv\/az\/article\/zelenski-yekaterinburqda-bas-ver%c9%99nl%c9%99r%c9%99-gor%c9%99-eliyev%c9%99-z%c9%99ng-edib\/"},"wordCount":350,"publisher":{"@id":"https:\/\/www.meydan.tv\/az\/#organization"},"image":{"@id":"https:\/\/www.meydan.tv\/az\/article\/zelenski-yekaterinburqda-bas-ver%c9%99nl%c9%99r%c9%99-gor%c9%99-eliyev%c9%99-z%c9%99ng-edib\/#primaryimage"},"thumbnailUrl":"https:\/\/www.meydan.tv\/wp-content\/uploads\/id3dl6-c16x9x50px50p-c1c41f102988df5339aa92216422f2cc1.webp","articleSection":["Siyas\u0259t","X\u0259b\u0259rl\u0259r"],"inLanguage":"az"},{"@type":"WebPage","@id":"https:\/\/www.meydan.tv\/az\/article\/zelenski-yekaterinburqda-bas-ver%c9%99nl%c9%99r%c9%99-gor%c9%99-eliyev%c9%99-z%c9%99ng-edib\/","url":"https:\/\/www.meydan.tv\/az\/article\/zelenski-yekaterinburqda-bas-ver%c9%99nl%c9%99r%c9%99-gor%c9%99-eliyev%c9%99-z%c9%99ng-edib\/","name":"Zelenski Yekaterinburqda ba\u015f ver\u0259nl\u0259r\u0259 g\u00f6r\u0259 \u018fliyev\u0259 z\u0259ng edib - MEYDAN.TV","isPartOf":{"@id":"https:\/\/www.meydan.tv\/az\/#website"},"primaryImageOfPage":{"@id":"https:\/\/www.meydan.tv\/az\/article\/zelenski-yekaterinburqda-bas-ver%c9%99nl%c9%99r%c9%99-gor%c9%99-eliyev%c9%99-z%c9%99ng-edib\/#primaryimage"},"image":{"@id":"https:\/\/www.meydan.tv\/az\/article\/zelenski-yekaterinburqda-bas-ver%c9%99nl%c9%99r%c9%99-gor%c9%99-eliyev%c9%99-z%c9%99ng-edib\/#primaryimage"},"thumbnailUrl":"https:\/\/www.meydan.tv\/wp-content\/uploads\/id3dl6-c16x9x50px50p-c1c41f102988df5339aa92216422f2cc1.webp","datePublished":"2025-07-02T08:17:53+00:00","dateModified":"2025-07-02T08:17:56+00:00","breadcrumb":{"@id":"https:\/\/www.meydan.tv\/az\/article\/zelenski-yekaterinburqda-bas-ver%c9%99nl%c9%99r%c9%99-gor%c9%99-eliyev%c9%99-z%c9%99ng-edib\/#breadcrumb"},"inLanguage":"az","potentialAction":[{"@type":"ReadAction","target":["https:\/\/www.meydan.tv\/az\/article\/zelenski-yekaterinburqda-bas-ver%c9%99nl%c9%99r%c9%99-gor%c9%99-eliyev%c9%99-z%c9%99ng-edib\/"]}]},{"@type":"ImageObject","inLanguage":"az","@id":"https:\/\/www.meydan.tv\/az\/article\/zelenski-yekaterinburqda-bas-ver%c9%99nl%c9%99r%c9%99-gor%c9%99-eliyev%c9%99-z%c9%99ng-edib\/#primaryimage","url":"https:\/\/www.meydan.tv\/wp-content\/uploads\/id3dl6-c16x9x50px50p-c1c41f102988df5339aa92216422f2cc1.webp","contentUrl":"https:\/\/www.meydan.tv\/wp-content\/uploads\/id3dl6-c16x9x50px50p-c1c41f102988df5339aa92216422f2cc1.webp","width":1072,"height":603,"caption":"Ukrayna Prezidenti Volodimir Zelenski. Videodan skrin\u015fot"},{"@type":"BreadcrumbList","@id":"https:\/\/www.meydan.tv\/az\/article\/zelenski-yekaterinburqda-bas-ver%c9%99nl%c9%99r%c9%99-gor%c9%99-eliyev%c9%99-z%c9%99ng-edib\/#breadcrumb","itemListElement":[{"@type":"ListItem","position":1,"name":"Ana s\u0259hif\u0259","item":"https:\/\/www.meydan.tv\/az\/"},{"@type":"ListItem","position":2,"name":"Siyas\u0259t","item":"https:\/\/www.meydan.tv\/az\/section\/siyaset\/"},{"@type":"ListItem","position":3,"name":"Zelenski Yekaterinburqda ba\u015f ver\u0259nl\u0259r\u0259 g\u00f6r\u0259 \u018fliyev\u0259 z\u0259ng edib"}]},{"@type":"WebSite","@id":"https:\/\/www.meydan.tv\/az\/#website","url":"https:\/\/www.meydan.tv\/az\/","name":"MEYDAN.TV","description":"Meydan TV Az\u0259rbaycan\u0131n media m\u0259kan\u0131ndak\u0131 alternativ s\u0259sidir","publisher":{"@id":"https:\/\/www.meydan.tv\/az\/#organization"},"potentialAction":[{"@type":"SearchAction","target":{"@type":"EntryPoint","urlTemplate":"https:\/\/www.meydan.tv\/az\/?s={search_term_string}"},"query-input":{"@type":"PropertyValueSpecification","valueRequired":true,"valueName":"search_term_string"}}],"inLanguage":"az"},{"@type":"Organization","@id":"https:\/\/www.meydan.tv\/az\/#organization","name":"Meydan TV","url":"https:\/\/www.meydan.tv\/az\/","logo":{"@type":"ImageObject","inLanguage":"az","@id":"https:\/\/www.meydan.tv\/az\/#\/schema\/logo\/image\/","url":"https:\/\/www.meydan.tv\/wp-content\/uploads\/2021\/07\/meydan-logo.svg","contentUrl":"https:\/\/www.meydan.tv\/wp-content\/uploads\/2021\/07\/meydan-logo.svg","width":195,"height":46,"caption":"Meydan TV"},"image":{"@id":"https:\/\/www.meydan.tv\/az\/#\/schema\/logo\/image\/"}},{"@type":"Person","@id":"https:\/\/www.meydan.tv\/az\/#\/schema\/person\/09863e516102a829e72bedcf3f84c6b0","name":"mahmud"}]}},"_links":{"self":[{"href":"https:\/\/www.meydan.tv\/az\/wp-json\/wp\/v2\/posts\/332573","targetHints":{"allow":["GET"]}}],"collection":[{"href":"https:\/\/www.meydan.tv\/az\/wp-json\/wp\/v2\/posts"}],"about":[{"href":"https:\/\/www.meydan.tv\/az\/wp-json\/wp\/v2\/types\/post"}],"author":[{"embeddable":true,"href":"https:\/\/www.meydan.tv\/az\/wp-json\/wp\/v2\/users\/21"}],"replies":[{"embeddable":true,"href":"https:\/\/www.meydan.tv\/az\/wp-json\/wp\/v2\/comments?post=332573"}],"version-history":[{"count":1,"href":"https:\/\/www.meydan.tv\/az\/wp-json\/wp\/v2\/posts\/332573\/revisions"}],"predecessor-version":[{"id":332574,"href":"https:\/\/www.meydan.tv\/az\/wp-json\/wp\/v2\/posts\/332573\/revisions\/332574"}],"wp:featuredmedia":[{"embeddable":true,"href":"https:\/\/www.meydan.tv\/az\/wp-json\/wp\/v2\/media\/319972"}],"wp:attachment":[{"href":"https:\/\/www.meydan.tv\/az\/wp-json\/wp\/v2\/media?parent=332573"}],"wp:term":[{"taxonomy":"category","embeddable":true,"href":"https:\/\/www.meydan.tv\/az\/wp-json\/wp\/v2\/categories?post=332573"},{"taxonomy":"post_tag","embeddable":true,"href":"https:\/\/www.meydan.tv\/az\/wp-json\/wp\/v2\/tags?post=332573"}],"curies":[{"name":"wp","href":"https:\/\/api.w.org\/{rel}","templated":true}]}}