{"id":332554,"date":"2025-07-01T14:28:28","date_gmt":"2025-07-01T10:28:28","guid":{"rendered":"https:\/\/www.meydan.tv\/?p=332554"},"modified":"2025-07-01T14:28:32","modified_gmt":"2025-07-01T10:28:32","slug":"az%c9%99rbaycan-t%c9%99r%c9%99fi-yekaterinburqda-ol%c9%99n-az%c9%99rbaycanli-qardaslarin-ekspertiza-r%c9%99yini-aciqlayib","status":"publish","type":"post","link":"https:\/\/www.meydan.tv\/az\/article\/az%c9%99rbaycan-t%c9%99r%c9%99fi-yekaterinburqda-ol%c9%99n-az%c9%99rbaycanli-qardaslarin-ekspertiza-r%c9%99yini-aciqlayib\/","title":{"rendered":"Az\u0259rbaycan t\u0259r\u0259fi Yekaterinburqda \u00f6l\u0259n az\u0259rbaycanl\u0131 qarda\u015flar\u0131n ekspertiza r\u0259yini a\u00e7\u0131qlay\u0131b"},"content":{"rendered":"\n<p>\u201cAz\u0259rbaycandak\u0131 ekspertiza r\u0259yi il\u0259 Rusiya t\u0259r\u0259finin t\u0259qdim etdiyi uy\u011fun g\u0259lmir\u201d<\/p>\n\n\n\n<p>\u0130yunun 27-d\u0259 Yekaterinburqda bir ne\u00e7\u0259 \u00fcnvan \u00fczr\u0259 apar\u0131lan polis \u0259m\u0259liyyat\u0131 n\u0259tic\u0259sind\u0259 h\u0259yat\u0131n\u0131 itir\u0259n az\u0259rbaycanl\u0131 qarda\u015flar &#8211; Ziy\u0259ddin v\u0259 H\u00fcseyn S\u0259f\u0259rovlar\u0131n meyitl\u0259rinin Az\u0259rbaycanda t\u0259krar ke\u00e7irilmi\u015f ekspertiza r\u0259yi a\u00e7\u0131qlan\u0131b.<\/p>\n\n\n\n<p>S\u0259hiyy\u0259 Nazirliyinin M\u0259hk\u0259m\u0259-Tibbi Ekspertiza v\u0259 Patoloji Anatomiya Birliyinin ba\u015f direktoru \u018fdal\u0259t H\u0259s\u0259nov iyulun 1-d\u0259 ke\u00e7iril\u0259n m\u0259tbuat konfrans\u0131nda bildirib ki, Az\u0259rbaycandak\u0131 ekspertiza r\u0259yi il\u0259 Rusiya t\u0259r\u0259finin t\u0259qdim etdiyi ekspertiza r\u0259yi uy\u011fun g\u0259lmir.<\/p>\n\n\n\n<p>Ekpsert bildirib ki, h\u0259r iki meyit \u00fcz\u0259rind\u0259 ke\u00e7iril\u0259n daxili v\u0259 xarici m\u00fcayin\u0259l\u0259r onlar\u0131n d\u00f6y\u00fcl\u0259r\u0259k \u00f6ld\u00fcr\u00fcld\u00fcy\u00fcn\u00fc s\u00fcbut edir:<\/p>\n\n\n\n<p><em>\u201cBiz meyitl\u0259ri m\u00fcayin\u0259 etm\u0259mi\u015fd\u0259n \u0259vv\u0259l \u00f6l\u00fcm haqq\u0131nda tibbi \u015f\u0259had\u0259tnam\u0259l\u0259r\u0259 baxm\u0131\u015f\u0131q. H\u00fcseyn S\u0259f\u0259rovun meyitinin m\u00fcayin\u0259si zaman\u0131 k\u00fct al\u0259tl\u0259 q\u0259tl\u0259 yetirildiyi m\u0259lum olub. Biz meyiti m\u00fcayin\u0259 ed\u0259rk\u0259n \u00e7oxlu sayda travma m\u00fc\u0259yy\u0259n etmi\u015fik. Meyitin xarici s\u0259thind\u0259 \u00e7oxsayl\u0131 qan\u00e7\u0131rlar, s\u0131n\u0131qlar v\u0259 s\u0131yr\u0131qlar m\u00fc\u015fahid\u0259 olunub. Daxili m\u00fcayin\u0259 zaman\u0131 ba\u015f beyin, d\u00f6\u015f q\u0259f\u0259si, qaraciy\u0259r v\u0259 dig\u0259r orqanlarda ciddi z\u0259d\u0259l\u0259nm\u0259l\u0259r v\u0259 qans\u0131zmalar a\u015fkar edilib. Bu z\u0259d\u0259l\u0259r onun a\u011f\u0131r v\u0259 davaml\u0131 fiziki zorak\u0131l\u0131\u011fa m\u0259ruz qald\u0131\u011f\u0131n\u0131 s\u00fcbut edir\u201d.<\/em><\/p>\n\n\n\n<p>Hadis\u0259 il\u0259 ba\u011fl\u0131 Az\u0259rbaycan\u0131n Ba\u015f Prokurorlu\u011funda cinay\u0259t i\u015fi a\u00e7\u0131l\u0131b.<\/p>\n\n\n\n<p>Prokurorlu\u011fun m\u0259lumat\u0131nda qeyd olunur ki, Rusiya h\u00fcquq-m\u00fchafiz\u0259 orqanlar\u0131 t\u0259r\u0259find\u0259n saxlan\u0131lm\u0131\u015f dig\u0259r Az\u0259rbaycan v\u0259t\u0259nda\u015flar\u0131na da ox\u015far i\u015fg\u0259nc\u0259l\u0259rin t\u0259tbiq edildiyi v\u0259 b\u0259zil\u0259rinin haz\u0131rda m\u00fcalic\u0259 ald\u0131\u011f\u0131 m\u00fc\u0259yy\u0259n olunub. Toplanan s\u00fcbutlar \u0259sas\u0131nda Az\u0259rbaycan Ba\u015f Prokurorlu\u011fu t\u0259r\u0259find\u0259n bir ne\u00e7\u0259 madd\u0259 \u00fczr\u0259 cinay\u0259t i\u015fi ba\u015flan\u0131b v\u0259 ibtidai istintaq Ba\u015f Prokurorlu\u011fun \u0130stintaq idar\u0259sin\u0259 h\u0259val\u0259 olunub.<\/p>\n\n\n\n<p>\u0130yunun 27-d\u0259 Yekaterinburqda Rusiya h\u00fcquq m\u00fchafiz\u0259 orqanlar\u0131n\u0131n \u0259m\u0259kda\u015flar\u0131 t\u0259r\u0259find\u0259n az\u0259rbaycanl\u0131lara qar\u015f\u0131 ke\u00e7iril\u0259n \u0259m\u0259liyyat n\u0259tic\u0259sind\u0259 saxlan\u0131lan&nbsp; Bakir S\u0259f\u0259rovun m\u0259hk\u0259m\u0259 prosesi ke\u00e7irilib. M\u0259hk\u0259m\u0259 Bakir S\u0259f\u0259rov bar\u0259sind\u0259 22 g\u00fcnl\u00fck h\u0259bs-q\u0259timkan t\u0259dbiri se\u00e7\u0259r\u0259k onu iyulun 19-d\u0259k istintaq t\u0259cridxanas\u0131na g\u00f6nd\u0259rib.<\/p>\n\n\n\n<p>Saxlan\u0131lan dig\u0259r az\u0259rbaycanl\u0131 \u018fhliman G\u0259nciyevin d\u0259 bu g\u00fcn m\u0259hk\u0259m\u0259si olacaq. Onun bar\u0259sind\u0259 d\u0259 ilk prosesd\u0259 se\u00e7ilmi\u015f 72 saatl\u0131q h\u0259bs-q\u0259timkan t\u0259dbirinin uzad\u0131l\u0131b-uzad\u0131lmamas\u0131 m\u0259s\u0259l\u0259sin\u0259 bax\u0131lacaq.<\/p>\n\n\n\n<p>M\u0259lum i\u015fl\u0259 ba\u011fl\u0131 saxlan\u0131lan \u015eahid Lalayevin m\u0259hk\u0259m\u0259si is\u0259 iyulun 2-n\u0259 t\u0259yin olunub.<\/p>\n\n\n\n<p>\u0130yunun 27-d\u0259 s\u0259h\u0259r saatlar\u0131nda Rusiya Federal T\u0259hl\u00fck\u0259sizlik Xidm\u0259ti Yekaterinburqda az\u0259rbaycanl\u0131lar\u0131n ya\u015fad\u0131\u011f\u0131 evl\u0259rd\u0259 \u0259m\u0259liyyat ke\u00e7irib.<\/p>\n\n\n\n<p>\u018fm\u0259liyyat n\u0259tic\u0259sind\u0259 2 az\u0259rbaycanl\u0131 \u00f6l\u00fcb, bir ne\u00e7\u0259 n\u0259f\u0259r saxlan\u0131l\u0131b.<\/p>\n\n\n\n<p>H\u0259yat\u0131n\u0131 itir\u0259nl\u0259r Ziy\u0259ddin v\u0259 H\u00fcseyn S\u0259f\u0259rov qarda\u015flar\u0131d\u0131r.<\/p>\n\n\n\n<p>Az\u0259rbaycan Xarici \u0130\u015fl\u0259r Nazirliyi iyunun 28-d\u0259 Yekaterinburqda Rusiyan\u0131n FTX-nin az\u0259rbaycanl\u0131lara h\u00fccumlar\u0131 il\u0259 ba\u011fl\u0131 b\u0259yanat yay\u0131b.<\/p>\n\n\n\n<p>Rusiyan\u0131n m\u00fcv\u0259qq\u0259ti i\u015fl\u0259r v\u0259kili Yekaterinburqdak\u0131 hadis\u0259y\u0259 g\u00f6r\u0259 Az\u0259rbaycan X\u0130N-\u0259 \u00e7a\u011f\u0131r\u0131l\u0131b, k\u0259skin etiraz bildirilib.<\/p>\n\n\n\n<p><a href=\"https:\/\/storage.googleapis.com\/qurium\/www.meydan.tv\/az-article-yekaterinburqda-az%c9%99rbaycanlilara-qarsi-%c9%99m%c9%99liyyat-2-n%c9%99f%c9%99r-olub-9-n%c9%99f%c9%99r-saxlanilib.html\" target=\"_blank\" rel=\"noreferrer noopener\">Bildirilir<\/a> ki, \u0259sas m\u0259qs\u0259d 2001-ci ild\u0259 t\u00f6r\u0259dilmi\u015f v\u0259 uzun ill\u0259r a\u00e7\u0131lmam\u0131\u015f bir q\u0259tlin&nbsp; t\u0259qsirkar\u0131n\u0131 m\u00fc\u0259yy\u0259nl\u0259\u015fdirm\u0259k olub.<\/p>\n\n\n\n<p>Rusiya il\u0259 Az\u0259rbaycan aras\u0131nda g\u0259rginlik 2024-c\u00fc il dekabr\u0131n 24-d\u0259 Bak\u0131dan Qrozn\u0131ya u\u00e7an \u201cAz\u0259rbaycan Hava Yollar\u0131\u201d (AZAL) avia\u015firk\u0259tin\u0259 m\u0259xsus s\u0259rni\u015fin t\u0259yyar\u0259sinin Qazax\u0131stan\u0131n Aktau \u015f\u0259h\u0259ri yax\u0131nl\u0131\u011f\u0131nda q\u0259zaya u\u011framas\u0131ndan sonra ba\u015flay\u0131b.<\/p>\n\n\n\n<p>Hadis\u0259d\u0259n bir ne\u00e7\u0259 g\u00fcn sonra, dekabr\u0131n 29-da Prezident \u0130lham \u018fliyev bildirib ki, Rusiya \u0259razisind\u0259, Qrozn\u0131 \u015f\u0259h\u0259ri yax\u0131nl\u0131\u011f\u0131nda Az\u0259rbaycan\u0131n m\u00fclki t\u0259yyar\u0259si k\u0259nar t\u0259sir\u0259 m\u0259ruz qalaraq z\u0259d\u0259l\u0259nib v\u0259 idar\u0259etm\u0259ni dem\u0259k olar ki, itirib.<\/p>\n\n\n\n<p>O qeyd edib ki, t\u0259yyar\u0259 elektron idar\u0259etm\u0259 vasit\u0259sil\u0259 idar\u0259olunmaz hala sal\u0131n\u0131b.<\/p>\n\n\n\n<p>Buna g\u00f6r\u0259 \u00fczr ist\u0259nilm\u0259sini, g\u00fcnahkarlar\u0131n c\u0259zaland\u0131r\u0131lmas\u0131n\u0131 v\u0259 kompensasiya verilm\u0259sini t\u0259l\u0259b edib.<\/p>\n\n\n\n<p>2025-ci il fevral\u0131n 3-d\u0259 is\u0259 Az\u0259rbaycan Xarici \u0130\u015fl\u0259r Nazirliyi Bak\u0131dak\u0131 \u201cRus Evi\u201dnin f\u0259aliyy\u0259tinin dayand\u0131r\u0131lmas\u0131 il\u0259 ba\u011fl\u0131 Rusiyaya nota t\u0259qdim edib.<\/p>\n\n\n\n<p>Bu q\u0259rar\u0131n s\u0259b\u0259bi \u201cRus Evi\u201dnin h\u00fcquqi \u015f\u0259xs qismind\u0259 qeydiyyat\u0131n\u0131n olmamas\u0131 v\u0259 Az\u0259rbaycan qanunvericiliyinin pozulmas\u0131 kimi g\u00f6st\u0259rilib.<\/p>\n\n\n\n<p>Ard\u0131nca deputat Nikolay Valuyev deyib ki, Moskvan\u0131n bu c\u00fcr h\u00fccumlara cavab\u0131 ox\u015far olmal\u0131d\u0131r.<\/p>\n\n\n\n<p>Bundan sonra Milli M\u0259clisin deputat\u0131 v\u0259 Az\u0259rbaycan-Rusiya parlamentl\u0259raras\u0131 dostluq qrupunun \u00fczv\u00fc Az\u0259r Badamov Valuyevin \u00e7\u0131x\u0131\u015f\u0131n\u0131 t\u0259nqid edib. May\u0131n 4-d\u0259 is\u0259 Rusiyaya ged\u0259n Az\u0259r Badamov bu \u00f6lk\u0259y\u0259 burax\u0131lmay\u0131b.<\/p>\n","protected":false},"excerpt":{"rendered":"<p>\u201cAz\u0259rbaycandak\u0131 ekspertiza r\u0259yi il\u0259 Rusiya t\u0259r\u0259finin t\u0259qdim etdiyi uy\u011fun g\u0259lmir\u201d &#8230; <\/p>\n<p class=\"read-more-container\"><a title=\"Az\u0259rbaycan t\u0259r\u0259fi Yekaterinburqda \u00f6l\u0259n az\u0259rbaycanl\u0131 qarda\u015flar\u0131n ekspertiza r\u0259yini a\u00e7\u0131qlay\u0131b\" class=\"read-more button\" href=\"https:\/\/www.meydan.tv\/az\/article\/az%c9%99rbaycan-t%c9%99r%c9%99fi-yekaterinburqda-ol%c9%99n-az%c9%99rbaycanli-qardaslarin-ekspertiza-r%c9%99yini-aciqlayib\/#more-332554\" aria-label=\"Read more about Az\u0259rbaycan t\u0259r\u0259fi Yekaterinburqda \u00f6l\u0259n az\u0259rbaycanl\u0131 qarda\u015flar\u0131n ekspertiza r\u0259yini a\u00e7\u0131qlay\u0131b\">Davam\u0131<\/a><\/p>\n","protected":false},"author":21,"featured_media":332439,"comment_status":"closed","ping_status":"closed","sticky":false,"template":"","format":"standard","meta":{"_acf_changed":false,"_sitemap_exclude":false,"_sitemap_priority":"","_sitemap_frequency":"","footnotes":""},"categories":[59,79,56],"tags":[],"class_list":["post-332554","post","type-post","status-publish","format-standard","has-post-thumbnail","hentry","category-siyaset","category-featured","category-xeberler","infinite-scroll-item","generate-columns","tablet-grid-50","mobile-grid-100","grid-parent","grid-33","no-featured-image-padding"],"acf":[],"yoast_head":"<!-- This site is optimized with the Yoast SEO plugin v27.4 - https:\/\/yoast.com\/product\/yoast-seo-wordpress\/ -->\n<title>Az\u0259rbaycan t\u0259r\u0259fi Yekaterinburqda \u00f6l\u0259n az\u0259rbaycanl\u0131 qarda\u015flar\u0131n ekspertiza r\u0259yini a\u00e7\u0131qlay\u0131b - MEYDAN.TV<\/title>\n<meta name=\"robots\" content=\"index, follow, max-snippet:-1, max-image-preview:large, max-video-preview:-1\" \/>\n<link rel=\"canonical\" href=\"https:\/\/www.meydan.tv\/az\/article\/az%c9%99rbaycan-t%c9%99r%c9%99fi-yekaterinburqda-ol%c9%99n-az%c9%99rbaycanli-qardaslarin-ekspertiza-r%c9%99yini-aciqlayib\/\" \/>\n<meta property=\"og:locale\" content=\"az_AZ\" \/>\n<meta property=\"og:type\" content=\"article\" \/>\n<meta property=\"og:title\" content=\"Az\u0259rbaycan t\u0259r\u0259fi Yekaterinburqda \u00f6l\u0259n az\u0259rbaycanl\u0131 qarda\u015flar\u0131n ekspertiza r\u0259yini a\u00e7\u0131qlay\u0131b - MEYDAN.TV\" \/>\n<meta property=\"og:description\" content=\"\u201cAz\u0259rbaycandak\u0131 ekspertiza r\u0259yi il\u0259 Rusiya t\u0259r\u0259finin t\u0259qdim etdiyi uy\u011fun g\u0259lmir\u201d ... Davam\u0131\" \/>\n<meta property=\"og:url\" content=\"https:\/\/www.meydan.tv\/az\/article\/az%c9%99rbaycan-t%c9%99r%c9%99fi-yekaterinburqda-ol%c9%99n-az%c9%99rbaycanli-qardaslarin-ekspertiza-r%c9%99yini-aciqlayib\/\" \/>\n<meta property=\"og:site_name\" content=\"MEYDAN.TV\" \/>\n<meta property=\"article:published_time\" content=\"2025-07-01T10:28:28+00:00\" \/>\n<meta property=\"article:modified_time\" content=\"2025-07-01T10:28:32+00:00\" \/>\n<meta property=\"og:image\" content=\"https:\/\/www.meydan.tv\/wp-content\/uploads\/image_from_ios-65-e1751102733856.jpg\" \/>\n\t<meta property=\"og:image:width\" content=\"1280\" \/>\n\t<meta property=\"og:image:height\" content=\"512\" \/>\n\t<meta property=\"og:image:type\" content=\"image\/jpeg\" \/>\n<meta name=\"author\" content=\"mahmud\" \/>\n<meta name=\"twitter:card\" content=\"summary_large_image\" \/>\n<script type=\"application\/ld+json\" class=\"yoast-schema-graph\">{\"@context\":\"https:\\\/\\\/schema.org\",\"@graph\":[{\"@type\":\"Article\",\"@id\":\"https:\\\/\\\/www.meydan.tv\\\/az\\\/article\\\/az%c9%99rbaycan-t%c9%99r%c9%99fi-yekaterinburqda-ol%c9%99n-az%c9%99rbaycanli-qardaslarin-ekspertiza-r%c9%99yini-aciqlayib\\\/#article\",\"isPartOf\":{\"@id\":\"https:\\\/\\\/www.meydan.tv\\\/az\\\/article\\\/az%c9%99rbaycan-t%c9%99r%c9%99fi-yekaterinburqda-ol%c9%99n-az%c9%99rbaycanli-qardaslarin-ekspertiza-r%c9%99yini-aciqlayib\\\/\"},\"author\":{\"name\":\"mahmud\",\"@id\":\"https:\\\/\\\/www.meydan.tv\\\/az\\\/#\\\/schema\\\/person\\\/09863e516102a829e72bedcf3f84c6b0\"},\"headline\":\"Az\u0259rbaycan t\u0259r\u0259fi Yekaterinburqda \u00f6l\u0259n az\u0259rbaycanl\u0131 qarda\u015flar\u0131n ekspertiza r\u0259yini a\u00e7\u0131qlay\u0131b\",\"datePublished\":\"2025-07-01T10:28:28+00:00\",\"dateModified\":\"2025-07-01T10:28:32+00:00\",\"mainEntityOfPage\":{\"@id\":\"https:\\\/\\\/www.meydan.tv\\\/az\\\/article\\\/az%c9%99rbaycan-t%c9%99r%c9%99fi-yekaterinburqda-ol%c9%99n-az%c9%99rbaycanli-qardaslarin-ekspertiza-r%c9%99yini-aciqlayib\\\/\"},\"wordCount\":942,\"publisher\":{\"@id\":\"https:\\\/\\\/www.meydan.tv\\\/az\\\/#organization\"},\"image\":{\"@id\":\"https:\\\/\\\/www.meydan.tv\\\/az\\\/article\\\/az%c9%99rbaycan-t%c9%99r%c9%99fi-yekaterinburqda-ol%c9%99n-az%c9%99rbaycanli-qardaslarin-ekspertiza-r%c9%99yini-aciqlayib\\\/#primaryimage\"},\"thumbnailUrl\":\"https:\\\/\\\/www.meydan.tv\\\/wp-content\\\/uploads\\\/image_from_ios-65-e1751102733856.jpg\",\"articleSection\":[\"Siyas\u0259t\",\"T\u00f6vsiy\u0259\",\"X\u0259b\u0259rl\u0259r\"],\"inLanguage\":\"az\"},{\"@type\":\"WebPage\",\"@id\":\"https:\\\/\\\/www.meydan.tv\\\/az\\\/article\\\/az%c9%99rbaycan-t%c9%99r%c9%99fi-yekaterinburqda-ol%c9%99n-az%c9%99rbaycanli-qardaslarin-ekspertiza-r%c9%99yini-aciqlayib\\\/\",\"url\":\"https:\\\/\\\/www.meydan.tv\\\/az\\\/article\\\/az%c9%99rbaycan-t%c9%99r%c9%99fi-yekaterinburqda-ol%c9%99n-az%c9%99rbaycanli-qardaslarin-ekspertiza-r%c9%99yini-aciqlayib\\\/\",\"name\":\"Az\u0259rbaycan t\u0259r\u0259fi Yekaterinburqda \u00f6l\u0259n az\u0259rbaycanl\u0131 qarda\u015flar\u0131n ekspertiza r\u0259yini a\u00e7\u0131qlay\u0131b - MEYDAN.TV\",\"isPartOf\":{\"@id\":\"https:\\\/\\\/www.meydan.tv\\\/az\\\/#website\"},\"primaryImageOfPage\":{\"@id\":\"https:\\\/\\\/www.meydan.tv\\\/az\\\/article\\\/az%c9%99rbaycan-t%c9%99r%c9%99fi-yekaterinburqda-ol%c9%99n-az%c9%99rbaycanli-qardaslarin-ekspertiza-r%c9%99yini-aciqlayib\\\/#primaryimage\"},\"image\":{\"@id\":\"https:\\\/\\\/www.meydan.tv\\\/az\\\/article\\\/az%c9%99rbaycan-t%c9%99r%c9%99fi-yekaterinburqda-ol%c9%99n-az%c9%99rbaycanli-qardaslarin-ekspertiza-r%c9%99yini-aciqlayib\\\/#primaryimage\"},\"thumbnailUrl\":\"https:\\\/\\\/www.meydan.tv\\\/wp-content\\\/uploads\\\/image_from_ios-65-e1751102733856.jpg\",\"datePublished\":\"2025-07-01T10:28:28+00:00\",\"dateModified\":\"2025-07-01T10:28:32+00:00\",\"breadcrumb\":{\"@id\":\"https:\\\/\\\/www.meydan.tv\\\/az\\\/article\\\/az%c9%99rbaycan-t%c9%99r%c9%99fi-yekaterinburqda-ol%c9%99n-az%c9%99rbaycanli-qardaslarin-ekspertiza-r%c9%99yini-aciqlayib\\\/#breadcrumb\"},\"inLanguage\":\"az\",\"potentialAction\":[{\"@type\":\"ReadAction\",\"target\":[\"https:\\\/\\\/www.meydan.tv\\\/az\\\/article\\\/az%c9%99rbaycan-t%c9%99r%c9%99fi-yekaterinburqda-ol%c9%99n-az%c9%99rbaycanli-qardaslarin-ekspertiza-r%c9%99yini-aciqlayib\\\/\"]}]},{\"@type\":\"ImageObject\",\"inLanguage\":\"az\",\"@id\":\"https:\\\/\\\/www.meydan.tv\\\/az\\\/article\\\/az%c9%99rbaycan-t%c9%99r%c9%99fi-yekaterinburqda-ol%c9%99n-az%c9%99rbaycanli-qardaslarin-ekspertiza-r%c9%99yini-aciqlayib\\\/#primaryimage\",\"url\":\"https:\\\/\\\/www.meydan.tv\\\/wp-content\\\/uploads\\\/image_from_ios-65-e1751102733856.jpg\",\"contentUrl\":\"https:\\\/\\\/www.meydan.tv\\\/wp-content\\\/uploads\\\/image_from_ios-65-e1751102733856.jpg\",\"width\":1280,\"height\":512,\"caption\":\"Kollaj: Meydan TV\"},{\"@type\":\"BreadcrumbList\",\"@id\":\"https:\\\/\\\/www.meydan.tv\\\/az\\\/article\\\/az%c9%99rbaycan-t%c9%99r%c9%99fi-yekaterinburqda-ol%c9%99n-az%c9%99rbaycanli-qardaslarin-ekspertiza-r%c9%99yini-aciqlayib\\\/#breadcrumb\",\"itemListElement\":[{\"@type\":\"ListItem\",\"position\":1,\"name\":\"Ana s\u0259hif\u0259\",\"item\":\"https:\\\/\\\/www.meydan.tv\\\/az\\\/\"},{\"@type\":\"ListItem\",\"position\":2,\"name\":\"Siyas\u0259t\",\"item\":\"https:\\\/\\\/www.meydan.tv\\\/az\\\/section\\\/siyaset\\\/\"},{\"@type\":\"ListItem\",\"position\":3,\"name\":\"Az\u0259rbaycan t\u0259r\u0259fi Yekaterinburqda \u00f6l\u0259n az\u0259rbaycanl\u0131 qarda\u015flar\u0131n ekspertiza r\u0259yini a\u00e7\u0131qlay\u0131b\"}]},{\"@type\":\"WebSite\",\"@id\":\"https:\\\/\\\/www.meydan.tv\\\/az\\\/#website\",\"url\":\"https:\\\/\\\/www.meydan.tv\\\/az\\\/\",\"name\":\"MEYDAN.TV\",\"description\":\"Meydan TV Az\u0259rbaycan\u0131n media m\u0259kan\u0131ndak\u0131 alternativ s\u0259sidir\",\"publisher\":{\"@id\":\"https:\\\/\\\/www.meydan.tv\\\/az\\\/#organization\"},\"potentialAction\":[{\"@type\":\"SearchAction\",\"target\":{\"@type\":\"EntryPoint\",\"urlTemplate\":\"https:\\\/\\\/www.meydan.tv\\\/az\\\/?s={search_term_string}\"},\"query-input\":{\"@type\":\"PropertyValueSpecification\",\"valueRequired\":true,\"valueName\":\"search_term_string\"}}],\"inLanguage\":\"az\"},{\"@type\":\"Organization\",\"@id\":\"https:\\\/\\\/www.meydan.tv\\\/az\\\/#organization\",\"name\":\"Meydan TV\",\"url\":\"https:\\\/\\\/www.meydan.tv\\\/az\\\/\",\"logo\":{\"@type\":\"ImageObject\",\"inLanguage\":\"az\",\"@id\":\"https:\\\/\\\/www.meydan.tv\\\/az\\\/#\\\/schema\\\/logo\\\/image\\\/\",\"url\":\"https:\\\/\\\/www.meydan.tv\\\/wp-content\\\/uploads\\\/2021\\\/07\\\/meydan-logo.svg\",\"contentUrl\":\"https:\\\/\\\/www.meydan.tv\\\/wp-content\\\/uploads\\\/2021\\\/07\\\/meydan-logo.svg\",\"width\":195,\"height\":46,\"caption\":\"Meydan TV\"},\"image\":{\"@id\":\"https:\\\/\\\/www.meydan.tv\\\/az\\\/#\\\/schema\\\/logo\\\/image\\\/\"}},{\"@type\":\"Person\",\"@id\":\"https:\\\/\\\/www.meydan.tv\\\/az\\\/#\\\/schema\\\/person\\\/09863e516102a829e72bedcf3f84c6b0\",\"name\":\"mahmud\"}]}<\/script>\n<!-- \/ Yoast SEO plugin. -->","yoast_head_json":{"title":"Az\u0259rbaycan t\u0259r\u0259fi Yekaterinburqda \u00f6l\u0259n az\u0259rbaycanl\u0131 qarda\u015flar\u0131n ekspertiza r\u0259yini a\u00e7\u0131qlay\u0131b - MEYDAN.TV","robots":{"index":"index","follow":"follow","max-snippet":"max-snippet:-1","max-image-preview":"max-image-preview:large","max-video-preview":"max-video-preview:-1"},"canonical":"https:\/\/www.meydan.tv\/az\/article\/az%c9%99rbaycan-t%c9%99r%c9%99fi-yekaterinburqda-ol%c9%99n-az%c9%99rbaycanli-qardaslarin-ekspertiza-r%c9%99yini-aciqlayib\/","og_locale":"az_AZ","og_type":"article","og_title":"Az\u0259rbaycan t\u0259r\u0259fi Yekaterinburqda \u00f6l\u0259n az\u0259rbaycanl\u0131 qarda\u015flar\u0131n ekspertiza r\u0259yini a\u00e7\u0131qlay\u0131b - MEYDAN.TV","og_description":"\u201cAz\u0259rbaycandak\u0131 ekspertiza r\u0259yi il\u0259 Rusiya t\u0259r\u0259finin t\u0259qdim etdiyi uy\u011fun g\u0259lmir\u201d ... Davam\u0131","og_url":"https:\/\/www.meydan.tv\/az\/article\/az%c9%99rbaycan-t%c9%99r%c9%99fi-yekaterinburqda-ol%c9%99n-az%c9%99rbaycanli-qardaslarin-ekspertiza-r%c9%99yini-aciqlayib\/","og_site_name":"MEYDAN.TV","article_published_time":"2025-07-01T10:28:28+00:00","article_modified_time":"2025-07-01T10:28:32+00:00","og_image":[{"width":1280,"height":512,"url":"https:\/\/www.meydan.tv\/wp-content\/uploads\/image_from_ios-65-e1751102733856.jpg","type":"image\/jpeg"}],"author":"mahmud","twitter_card":"summary_large_image","schema":{"@context":"https:\/\/schema.org","@graph":[{"@type":"Article","@id":"https:\/\/www.meydan.tv\/az\/article\/az%c9%99rbaycan-t%c9%99r%c9%99fi-yekaterinburqda-ol%c9%99n-az%c9%99rbaycanli-qardaslarin-ekspertiza-r%c9%99yini-aciqlayib\/#article","isPartOf":{"@id":"https:\/\/www.meydan.tv\/az\/article\/az%c9%99rbaycan-t%c9%99r%c9%99fi-yekaterinburqda-ol%c9%99n-az%c9%99rbaycanli-qardaslarin-ekspertiza-r%c9%99yini-aciqlayib\/"},"author":{"name":"mahmud","@id":"https:\/\/www.meydan.tv\/az\/#\/schema\/person\/09863e516102a829e72bedcf3f84c6b0"},"headline":"Az\u0259rbaycan t\u0259r\u0259fi Yekaterinburqda \u00f6l\u0259n az\u0259rbaycanl\u0131 qarda\u015flar\u0131n ekspertiza r\u0259yini a\u00e7\u0131qlay\u0131b","datePublished":"2025-07-01T10:28:28+00:00","dateModified":"2025-07-01T10:28:32+00:00","mainEntityOfPage":{"@id":"https:\/\/www.meydan.tv\/az\/article\/az%c9%99rbaycan-t%c9%99r%c9%99fi-yekaterinburqda-ol%c9%99n-az%c9%99rbaycanli-qardaslarin-ekspertiza-r%c9%99yini-aciqlayib\/"},"wordCount":942,"publisher":{"@id":"https:\/\/www.meydan.tv\/az\/#organization"},"image":{"@id":"https:\/\/www.meydan.tv\/az\/article\/az%c9%99rbaycan-t%c9%99r%c9%99fi-yekaterinburqda-ol%c9%99n-az%c9%99rbaycanli-qardaslarin-ekspertiza-r%c9%99yini-aciqlayib\/#primaryimage"},"thumbnailUrl":"https:\/\/www.meydan.tv\/wp-content\/uploads\/image_from_ios-65-e1751102733856.jpg","articleSection":["Siyas\u0259t","T\u00f6vsiy\u0259","X\u0259b\u0259rl\u0259r"],"inLanguage":"az"},{"@type":"WebPage","@id":"https:\/\/www.meydan.tv\/az\/article\/az%c9%99rbaycan-t%c9%99r%c9%99fi-yekaterinburqda-ol%c9%99n-az%c9%99rbaycanli-qardaslarin-ekspertiza-r%c9%99yini-aciqlayib\/","url":"https:\/\/www.meydan.tv\/az\/article\/az%c9%99rbaycan-t%c9%99r%c9%99fi-yekaterinburqda-ol%c9%99n-az%c9%99rbaycanli-qardaslarin-ekspertiza-r%c9%99yini-aciqlayib\/","name":"Az\u0259rbaycan t\u0259r\u0259fi Yekaterinburqda \u00f6l\u0259n az\u0259rbaycanl\u0131 qarda\u015flar\u0131n ekspertiza r\u0259yini a\u00e7\u0131qlay\u0131b - MEYDAN.TV","isPartOf":{"@id":"https:\/\/www.meydan.tv\/az\/#website"},"primaryImageOfPage":{"@id":"https:\/\/www.meydan.tv\/az\/article\/az%c9%99rbaycan-t%c9%99r%c9%99fi-yekaterinburqda-ol%c9%99n-az%c9%99rbaycanli-qardaslarin-ekspertiza-r%c9%99yini-aciqlayib\/#primaryimage"},"image":{"@id":"https:\/\/www.meydan.tv\/az\/article\/az%c9%99rbaycan-t%c9%99r%c9%99fi-yekaterinburqda-ol%c9%99n-az%c9%99rbaycanli-qardaslarin-ekspertiza-r%c9%99yini-aciqlayib\/#primaryimage"},"thumbnailUrl":"https:\/\/www.meydan.tv\/wp-content\/uploads\/image_from_ios-65-e1751102733856.jpg","datePublished":"2025-07-01T10:28:28+00:00","dateModified":"2025-07-01T10:28:32+00:00","breadcrumb":{"@id":"https:\/\/www.meydan.tv\/az\/article\/az%c9%99rbaycan-t%c9%99r%c9%99fi-yekaterinburqda-ol%c9%99n-az%c9%99rbaycanli-qardaslarin-ekspertiza-r%c9%99yini-aciqlayib\/#breadcrumb"},"inLanguage":"az","potentialAction":[{"@type":"ReadAction","target":["https:\/\/www.meydan.tv\/az\/article\/az%c9%99rbaycan-t%c9%99r%c9%99fi-yekaterinburqda-ol%c9%99n-az%c9%99rbaycanli-qardaslarin-ekspertiza-r%c9%99yini-aciqlayib\/"]}]},{"@type":"ImageObject","inLanguage":"az","@id":"https:\/\/www.meydan.tv\/az\/article\/az%c9%99rbaycan-t%c9%99r%c9%99fi-yekaterinburqda-ol%c9%99n-az%c9%99rbaycanli-qardaslarin-ekspertiza-r%c9%99yini-aciqlayib\/#primaryimage","url":"https:\/\/www.meydan.tv\/wp-content\/uploads\/image_from_ios-65-e1751102733856.jpg","contentUrl":"https:\/\/www.meydan.tv\/wp-content\/uploads\/image_from_ios-65-e1751102733856.jpg","width":1280,"height":512,"caption":"Kollaj: Meydan TV"},{"@type":"BreadcrumbList","@id":"https:\/\/www.meydan.tv\/az\/article\/az%c9%99rbaycan-t%c9%99r%c9%99fi-yekaterinburqda-ol%c9%99n-az%c9%99rbaycanli-qardaslarin-ekspertiza-r%c9%99yini-aciqlayib\/#breadcrumb","itemListElement":[{"@type":"ListItem","position":1,"name":"Ana s\u0259hif\u0259","item":"https:\/\/www.meydan.tv\/az\/"},{"@type":"ListItem","position":2,"name":"Siyas\u0259t","item":"https:\/\/www.meydan.tv\/az\/section\/siyaset\/"},{"@type":"ListItem","position":3,"name":"Az\u0259rbaycan t\u0259r\u0259fi Yekaterinburqda \u00f6l\u0259n az\u0259rbaycanl\u0131 qarda\u015flar\u0131n ekspertiza r\u0259yini a\u00e7\u0131qlay\u0131b"}]},{"@type":"WebSite","@id":"https:\/\/www.meydan.tv\/az\/#website","url":"https:\/\/www.meydan.tv\/az\/","name":"MEYDAN.TV","description":"Meydan TV Az\u0259rbaycan\u0131n media m\u0259kan\u0131ndak\u0131 alternativ s\u0259sidir","publisher":{"@id":"https:\/\/www.meydan.tv\/az\/#organization"},"potentialAction":[{"@type":"SearchAction","target":{"@type":"EntryPoint","urlTemplate":"https:\/\/www.meydan.tv\/az\/?s={search_term_string}"},"query-input":{"@type":"PropertyValueSpecification","valueRequired":true,"valueName":"search_term_string"}}],"inLanguage":"az"},{"@type":"Organization","@id":"https:\/\/www.meydan.tv\/az\/#organization","name":"Meydan TV","url":"https:\/\/www.meydan.tv\/az\/","logo":{"@type":"ImageObject","inLanguage":"az","@id":"https:\/\/www.meydan.tv\/az\/#\/schema\/logo\/image\/","url":"https:\/\/www.meydan.tv\/wp-content\/uploads\/2021\/07\/meydan-logo.svg","contentUrl":"https:\/\/www.meydan.tv\/wp-content\/uploads\/2021\/07\/meydan-logo.svg","width":195,"height":46,"caption":"Meydan TV"},"image":{"@id":"https:\/\/www.meydan.tv\/az\/#\/schema\/logo\/image\/"}},{"@type":"Person","@id":"https:\/\/www.meydan.tv\/az\/#\/schema\/person\/09863e516102a829e72bedcf3f84c6b0","name":"mahmud"}]}},"_links":{"self":[{"href":"https:\/\/www.meydan.tv\/az\/wp-json\/wp\/v2\/posts\/332554","targetHints":{"allow":["GET"]}}],"collection":[{"href":"https:\/\/www.meydan.tv\/az\/wp-json\/wp\/v2\/posts"}],"about":[{"href":"https:\/\/www.meydan.tv\/az\/wp-json\/wp\/v2\/types\/post"}],"author":[{"embeddable":true,"href":"https:\/\/www.meydan.tv\/az\/wp-json\/wp\/v2\/users\/21"}],"replies":[{"embeddable":true,"href":"https:\/\/www.meydan.tv\/az\/wp-json\/wp\/v2\/comments?post=332554"}],"version-history":[{"count":3,"href":"https:\/\/www.meydan.tv\/az\/wp-json\/wp\/v2\/posts\/332554\/revisions"}],"predecessor-version":[{"id":332557,"href":"https:\/\/www.meydan.tv\/az\/wp-json\/wp\/v2\/posts\/332554\/revisions\/332557"}],"wp:featuredmedia":[{"embeddable":true,"href":"https:\/\/www.meydan.tv\/az\/wp-json\/wp\/v2\/media\/332439"}],"wp:attachment":[{"href":"https:\/\/www.meydan.tv\/az\/wp-json\/wp\/v2\/media?parent=332554"}],"wp:term":[{"taxonomy":"category","embeddable":true,"href":"https:\/\/www.meydan.tv\/az\/wp-json\/wp\/v2\/categories?post=332554"},{"taxonomy":"post_tag","embeddable":true,"href":"https:\/\/www.meydan.tv\/az\/wp-json\/wp\/v2\/tags?post=332554"}],"curies":[{"name":"wp","href":"https:\/\/api.w.org\/{rel}","templated":true}]}}