{"id":332548,"date":"2025-06-30T20:03:19","date_gmt":"2025-06-30T16:03:19","guid":{"rendered":"https:\/\/www.meydan.tv\/?p=332548"},"modified":"2025-07-11T21:32:08","modified_gmt":"2025-07-11T17:32:08","slug":"anar-m%c9%99mm%c9%99dli-v%c9%99-anar-abdullayevin-m%c9%99hk%c9%99m%c9%99si-kecirilib","status":"publish","type":"post","link":"https:\/\/www.meydan.tv\/az\/article\/anar-m%c9%99mm%c9%99dli-v%c9%99-anar-abdullayevin-m%c9%99hk%c9%99m%c9%99si-kecirilib\/","title":{"rendered":"Anar M\u0259mm\u0259dli v\u0259 Anar Abdullayevin m\u0259hk\u0259m\u0259si ke\u00e7irilib"},"content":{"rendered":"\n<p><strong><em>M\u0259hk\u0259m\u0259 veril\u0259n v\u0259sat\u0259tl\u0259ri t\u0259min etm\u0259yib<\/em><\/strong><\/p>\n\n\n\n<p>\u0130yunun 30-da Bak\u0131 A\u011f\u0131r Cinay\u0259tl\u0259r M\u0259hk\u0259m\u0259sind\u0259 Se\u00e7kil\u0259rin Monitorinqi v\u0259 Demokratiyan\u0131n T\u0259drisi M\u0259rk\u0259zinin r\u0259hb\u0259ri Anar M\u0259mm\u0259dli v\u0259 ictimai f\u0259al Anar Abdullayevin m\u0259hk\u0259m\u0259si ke\u00e7irilib.<\/p>\n\n\n\n<p>Ayg\u00fcn Qurbanovan\u0131n s\u0259drlik etdiyi hakiml\u0259r kollegiyas\u0131 prosesd\u0259 Anar M\u0259mm\u0259dlinin ev dustaql\u0131\u011f\u0131na burax\u0131lmas\u0131 il\u0259 ba\u011fl\u0131 veril\u0259n v\u0259sat\u0259t t\u0259min etm\u0259yib.<\/p>\n\n\n\n<p>Anar M\u0259mm\u0259dlinin telefonundan v\u0259 komp\u00fcterind\u0259n g\u00f6t\u00fcr\u00fcl\u0259n s\u00fcbutlar\u0131n i\u015f materiallar\u0131ndan \u00e7\u0131xar\u0131lmas\u0131 il\u0259 ba\u011fl\u0131 verilmi\u015f v\u0259sat\u0259t d\u0259 t\u0259min olunmay\u0131b.<\/p>\n\n\n\n<p>N\u00f6vb\u0259ti m\u0259hk\u0259m\u0259 iyulun 7-n\u0259 t\u0259yin olunub.<\/p>\n\n\n\n<p>&nbsp;Anar M\u0259mm\u0259dli 2024-c\u00fc ilin aprelind\u0259 saxlan\u0131l\u0131b.<\/p>\n\n\n\n<p>O, \u0259vv\u0259lc\u0259 Cinay\u0259t M\u0259c\u0259ll\u0259sinin 206.3.2-ci (qa\u00e7aqmal\u00e7\u0131l\u0131q qabaqcadan \u0259lbir olan bir qrup \u015f\u0259xs t\u0259r\u0259find\u0259n t\u00f6r\u0259dildikd\u0259) madd\u0259si il\u0259 ittiham olunsa da, \u00a0sonradan ittihama bir ne\u00e7\u0259 maliyy\u0259 cinay\u0259ti \u00fczr\u0259 madd\u0259l\u0259r d\u0259 \u0259lav\u0259 edilib.<\/p>\n\n\n\n<p>&nbsp;M\u0259mm\u0259dli \u00f6z\u00fcn\u00fc t\u0259qsirli hesab etmir v\u0259 ir\u0259li s\u00fcr\u00fcl\u0259n ittihamlarla raz\u0131la\u015fm\u0131r.<\/p>\n\n\n\n<p>Beyn\u0259lxalq insan h\u00fcquqlar\u0131 t\u0259\u015fkilatlar\u0131 onu siyasi m\u0259hbus kimi tan\u0131y\u0131r.<\/p>\n\n\n\n<p>\u0130ctimai f\u0259al Anar Abdullayevin d\u0259 ad\u0131 Anar M\u0259mm\u0259dli il\u0259 ba\u011fl\u0131 cinay\u0259t i\u015find\u0259 t\u0259qsirl\u0259ndiril\u0259n \u015f\u0259xsl\u0259rd\u0259n biri kimi \u00e7\u0259kilir.<\/p>\n\n\n\n<p>2025-ci ilin aprelind\u0259 Abdullayev, Anar M\u0259mm\u0259dli il\u0259 ba\u011fl\u0131 apar\u0131lan istintaqa c\u0259lb edilib.<\/p>\n\n\n\n<p>O, Cinay\u0259t M\u0259c\u0259ll\u0259sinin bir ne\u00e7\u0259 madd\u0259si il\u0259 ittiham olunur, bunlar aras\u0131nda qa\u00e7aqmal\u00e7\u0131l\u0131q, qanunsuz sahibkarl\u0131q v\u0259 vergid\u0259n yay\u0131nma yer al\u0131r.<\/p>\n\n\n\n<p>\u0130ctimai f\u0259al \u0259vv\u0259lc\u0259 Bak\u0131 \u015e\u0259h\u0259r Ba\u015f Polis \u0130dar\u0259sind\u0259 ifad\u0259 verib, daha sonra is\u0259 bar\u0259sind\u0259 polisin n\u0259zar\u0259tin\u0259 verm\u0259 t\u0259dbiri se\u00e7ilib.<\/p>\n","protected":false},"excerpt":{"rendered":"<p>M\u0259hk\u0259m\u0259 veril\u0259n v\u0259sat\u0259tl\u0259ri t\u0259min etm\u0259yib \u0130yunun 30-da Bak\u0131 A\u011f\u0131r Cinay\u0259tl\u0259r &#8230; <\/p>\n<p class=\"read-more-container\"><a title=\"Anar M\u0259mm\u0259dli v\u0259 Anar Abdullayevin m\u0259hk\u0259m\u0259si ke\u00e7irilib\" class=\"read-more button\" href=\"https:\/\/www.meydan.tv\/az\/article\/anar-m%c9%99mm%c9%99dli-v%c9%99-anar-abdullayevin-m%c9%99hk%c9%99m%c9%99si-kecirilib\/#more-332548\" aria-label=\"Read more about Anar M\u0259mm\u0259dli v\u0259 Anar Abdullayevin m\u0259hk\u0259m\u0259si ke\u00e7irilib\">Davam\u0131<\/a><\/p>\n","protected":false},"author":21,"featured_media":332550,"comment_status":"closed","ping_status":"closed","sticky":false,"template":"","format":"standard","meta":{"_acf_changed":false,"_sitemap_exclude":false,"_sitemap_priority":"","_sitemap_frequency":"","footnotes":""},"categories":[59,56],"tags":[],"class_list":["post-332548","post","type-post","status-publish","format-standard","has-post-thumbnail","hentry","category-siyaset","category-xeberler","infinite-scroll-item","generate-columns","tablet-grid-50","mobile-grid-100","grid-parent","grid-33","no-featured-image-padding"],"acf":[],"yoast_head":"<!-- This site is optimized with the Yoast SEO plugin v27.5 - https:\/\/yoast.com\/product\/yoast-seo-wordpress\/ -->\n<title>Anar M\u0259mm\u0259dli v\u0259 Anar Abdullayevin m\u0259hk\u0259m\u0259si ke\u00e7irilib - MEYDAN.TV<\/title>\n<meta name=\"robots\" content=\"index, follow, max-snippet:-1, max-image-preview:large, max-video-preview:-1\" \/>\n<link rel=\"canonical\" href=\"https:\/\/www.meydan.tv\/az\/article\/anar-m%c9%99mm%c9%99dli-v%c9%99-anar-abdullayevin-m%c9%99hk%c9%99m%c9%99si-kecirilib\/\" \/>\n<meta property=\"og:locale\" content=\"az_AZ\" \/>\n<meta property=\"og:type\" content=\"article\" \/>\n<meta property=\"og:title\" content=\"Anar M\u0259mm\u0259dli v\u0259 Anar Abdullayevin m\u0259hk\u0259m\u0259si ke\u00e7irilib - MEYDAN.TV\" \/>\n<meta property=\"og:description\" content=\"M\u0259hk\u0259m\u0259 veril\u0259n v\u0259sat\u0259tl\u0259ri t\u0259min etm\u0259yib \u0130yunun 30-da Bak\u0131 A\u011f\u0131r Cinay\u0259tl\u0259r ... Davam\u0131\" \/>\n<meta property=\"og:url\" content=\"https:\/\/www.meydan.tv\/az\/article\/anar-m%c9%99mm%c9%99dli-v%c9%99-anar-abdullayevin-m%c9%99hk%c9%99m%c9%99si-kecirilib\/\" \/>\n<meta property=\"og:site_name\" content=\"MEYDAN.TV\" \/>\n<meta property=\"article:published_time\" content=\"2025-06-30T16:03:19+00:00\" \/>\n<meta property=\"article:modified_time\" content=\"2025-07-11T17:32:08+00:00\" \/>\n<meta property=\"og:image\" content=\"https:\/\/www.meydan.tv\/wp-content\/uploads\/untitled-1_720-1.png\" \/>\n\t<meta property=\"og:image:width\" content=\"720\" \/>\n\t<meta property=\"og:image:height\" content=\"405\" \/>\n\t<meta property=\"og:image:type\" content=\"image\/png\" \/>\n<meta name=\"author\" content=\"mahmud\" \/>\n<meta name=\"twitter:card\" content=\"summary_large_image\" \/>\n<script type=\"application\/ld+json\" class=\"yoast-schema-graph\">{\"@context\":\"https:\\\/\\\/schema.org\",\"@graph\":[{\"@type\":\"Article\",\"@id\":\"https:\\\/\\\/www.meydan.tv\\\/az\\\/article\\\/anar-m%c9%99mm%c9%99dli-v%c9%99-anar-abdullayevin-m%c9%99hk%c9%99m%c9%99si-kecirilib\\\/#article\",\"isPartOf\":{\"@id\":\"https:\\\/\\\/www.meydan.tv\\\/az\\\/article\\\/anar-m%c9%99mm%c9%99dli-v%c9%99-anar-abdullayevin-m%c9%99hk%c9%99m%c9%99si-kecirilib\\\/\"},\"author\":{\"name\":\"mahmud\",\"@id\":\"https:\\\/\\\/www.meydan.tv\\\/az\\\/#\\\/schema\\\/person\\\/09863e516102a829e72bedcf3f84c6b0\"},\"headline\":\"Anar M\u0259mm\u0259dli v\u0259 Anar Abdullayevin m\u0259hk\u0259m\u0259si ke\u00e7irilib\",\"datePublished\":\"2025-06-30T16:03:19+00:00\",\"dateModified\":\"2025-07-11T17:32:08+00:00\",\"mainEntityOfPage\":{\"@id\":\"https:\\\/\\\/www.meydan.tv\\\/az\\\/article\\\/anar-m%c9%99mm%c9%99dli-v%c9%99-anar-abdullayevin-m%c9%99hk%c9%99m%c9%99si-kecirilib\\\/\"},\"wordCount\":346,\"publisher\":{\"@id\":\"https:\\\/\\\/www.meydan.tv\\\/az\\\/#organization\"},\"image\":{\"@id\":\"https:\\\/\\\/www.meydan.tv\\\/az\\\/article\\\/anar-m%c9%99mm%c9%99dli-v%c9%99-anar-abdullayevin-m%c9%99hk%c9%99m%c9%99si-kecirilib\\\/#primaryimage\"},\"thumbnailUrl\":\"https:\\\/\\\/www.meydan.tv\\\/wp-content\\\/uploads\\\/untitled-1_720-1.png\",\"articleSection\":[\"Siyas\u0259t\",\"X\u0259b\u0259rl\u0259r\"],\"inLanguage\":\"az\"},{\"@type\":\"WebPage\",\"@id\":\"https:\\\/\\\/www.meydan.tv\\\/az\\\/article\\\/anar-m%c9%99mm%c9%99dli-v%c9%99-anar-abdullayevin-m%c9%99hk%c9%99m%c9%99si-kecirilib\\\/\",\"url\":\"https:\\\/\\\/www.meydan.tv\\\/az\\\/article\\\/anar-m%c9%99mm%c9%99dli-v%c9%99-anar-abdullayevin-m%c9%99hk%c9%99m%c9%99si-kecirilib\\\/\",\"name\":\"Anar M\u0259mm\u0259dli v\u0259 Anar Abdullayevin m\u0259hk\u0259m\u0259si ke\u00e7irilib - MEYDAN.TV\",\"isPartOf\":{\"@id\":\"https:\\\/\\\/www.meydan.tv\\\/az\\\/#website\"},\"primaryImageOfPage\":{\"@id\":\"https:\\\/\\\/www.meydan.tv\\\/az\\\/article\\\/anar-m%c9%99mm%c9%99dli-v%c9%99-anar-abdullayevin-m%c9%99hk%c9%99m%c9%99si-kecirilib\\\/#primaryimage\"},\"image\":{\"@id\":\"https:\\\/\\\/www.meydan.tv\\\/az\\\/article\\\/anar-m%c9%99mm%c9%99dli-v%c9%99-anar-abdullayevin-m%c9%99hk%c9%99m%c9%99si-kecirilib\\\/#primaryimage\"},\"thumbnailUrl\":\"https:\\\/\\\/www.meydan.tv\\\/wp-content\\\/uploads\\\/untitled-1_720-1.png\",\"datePublished\":\"2025-06-30T16:03:19+00:00\",\"dateModified\":\"2025-07-11T17:32:08+00:00\",\"breadcrumb\":{\"@id\":\"https:\\\/\\\/www.meydan.tv\\\/az\\\/article\\\/anar-m%c9%99mm%c9%99dli-v%c9%99-anar-abdullayevin-m%c9%99hk%c9%99m%c9%99si-kecirilib\\\/#breadcrumb\"},\"inLanguage\":\"az\",\"potentialAction\":[{\"@type\":\"ReadAction\",\"target\":[\"https:\\\/\\\/www.meydan.tv\\\/az\\\/article\\\/anar-m%c9%99mm%c9%99dli-v%c9%99-anar-abdullayevin-m%c9%99hk%c9%99m%c9%99si-kecirilib\\\/\"]}]},{\"@type\":\"ImageObject\",\"inLanguage\":\"az\",\"@id\":\"https:\\\/\\\/www.meydan.tv\\\/az\\\/article\\\/anar-m%c9%99mm%c9%99dli-v%c9%99-anar-abdullayevin-m%c9%99hk%c9%99m%c9%99si-kecirilib\\\/#primaryimage\",\"url\":\"https:\\\/\\\/www.meydan.tv\\\/wp-content\\\/uploads\\\/untitled-1_720-1.png\",\"contentUrl\":\"https:\\\/\\\/www.meydan.tv\\\/wp-content\\\/uploads\\\/untitled-1_720-1.png\",\"width\":720,\"height\":405,\"caption\":\"Kollaj: Meydan TV\"},{\"@type\":\"BreadcrumbList\",\"@id\":\"https:\\\/\\\/www.meydan.tv\\\/az\\\/article\\\/anar-m%c9%99mm%c9%99dli-v%c9%99-anar-abdullayevin-m%c9%99hk%c9%99m%c9%99si-kecirilib\\\/#breadcrumb\",\"itemListElement\":[{\"@type\":\"ListItem\",\"position\":1,\"name\":\"Ana s\u0259hif\u0259\",\"item\":\"https:\\\/\\\/www.meydan.tv\\\/az\\\/\"},{\"@type\":\"ListItem\",\"position\":2,\"name\":\"Siyas\u0259t\",\"item\":\"https:\\\/\\\/www.meydan.tv\\\/az\\\/section\\\/siyaset\\\/\"},{\"@type\":\"ListItem\",\"position\":3,\"name\":\"Anar M\u0259mm\u0259dli v\u0259 Anar Abdullayevin m\u0259hk\u0259m\u0259si ke\u00e7irilib\"}]},{\"@type\":\"WebSite\",\"@id\":\"https:\\\/\\\/www.meydan.tv\\\/az\\\/#website\",\"url\":\"https:\\\/\\\/www.meydan.tv\\\/az\\\/\",\"name\":\"MEYDAN.TV\",\"description\":\"Meydan TV Az\u0259rbaycan\u0131n media m\u0259kan\u0131ndak\u0131 alternativ s\u0259sidir\",\"publisher\":{\"@id\":\"https:\\\/\\\/www.meydan.tv\\\/az\\\/#organization\"},\"potentialAction\":[{\"@type\":\"SearchAction\",\"target\":{\"@type\":\"EntryPoint\",\"urlTemplate\":\"https:\\\/\\\/www.meydan.tv\\\/az\\\/?s={search_term_string}\"},\"query-input\":{\"@type\":\"PropertyValueSpecification\",\"valueRequired\":true,\"valueName\":\"search_term_string\"}}],\"inLanguage\":\"az\"},{\"@type\":\"Organization\",\"@id\":\"https:\\\/\\\/www.meydan.tv\\\/az\\\/#organization\",\"name\":\"Meydan TV\",\"url\":\"https:\\\/\\\/www.meydan.tv\\\/az\\\/\",\"logo\":{\"@type\":\"ImageObject\",\"inLanguage\":\"az\",\"@id\":\"https:\\\/\\\/www.meydan.tv\\\/az\\\/#\\\/schema\\\/logo\\\/image\\\/\",\"url\":\"https:\\\/\\\/www.meydan.tv\\\/wp-content\\\/uploads\\\/2021\\\/07\\\/meydan-logo.svg\",\"contentUrl\":\"https:\\\/\\\/www.meydan.tv\\\/wp-content\\\/uploads\\\/2021\\\/07\\\/meydan-logo.svg\",\"width\":195,\"height\":46,\"caption\":\"Meydan TV\"},\"image\":{\"@id\":\"https:\\\/\\\/www.meydan.tv\\\/az\\\/#\\\/schema\\\/logo\\\/image\\\/\"}},{\"@type\":\"Person\",\"@id\":\"https:\\\/\\\/www.meydan.tv\\\/az\\\/#\\\/schema\\\/person\\\/09863e516102a829e72bedcf3f84c6b0\",\"name\":\"mahmud\"}]}<\/script>\n<!-- \/ Yoast SEO plugin. -->","yoast_head_json":{"title":"Anar M\u0259mm\u0259dli v\u0259 Anar Abdullayevin m\u0259hk\u0259m\u0259si ke\u00e7irilib - MEYDAN.TV","robots":{"index":"index","follow":"follow","max-snippet":"max-snippet:-1","max-image-preview":"max-image-preview:large","max-video-preview":"max-video-preview:-1"},"canonical":"https:\/\/www.meydan.tv\/az\/article\/anar-m%c9%99mm%c9%99dli-v%c9%99-anar-abdullayevin-m%c9%99hk%c9%99m%c9%99si-kecirilib\/","og_locale":"az_AZ","og_type":"article","og_title":"Anar M\u0259mm\u0259dli v\u0259 Anar Abdullayevin m\u0259hk\u0259m\u0259si ke\u00e7irilib - MEYDAN.TV","og_description":"M\u0259hk\u0259m\u0259 veril\u0259n v\u0259sat\u0259tl\u0259ri t\u0259min etm\u0259yib \u0130yunun 30-da Bak\u0131 A\u011f\u0131r Cinay\u0259tl\u0259r ... Davam\u0131","og_url":"https:\/\/www.meydan.tv\/az\/article\/anar-m%c9%99mm%c9%99dli-v%c9%99-anar-abdullayevin-m%c9%99hk%c9%99m%c9%99si-kecirilib\/","og_site_name":"MEYDAN.TV","article_published_time":"2025-06-30T16:03:19+00:00","article_modified_time":"2025-07-11T17:32:08+00:00","og_image":[{"width":720,"height":405,"url":"https:\/\/www.meydan.tv\/wp-content\/uploads\/untitled-1_720-1.png","type":"image\/png"}],"author":"mahmud","twitter_card":"summary_large_image","schema":{"@context":"https:\/\/schema.org","@graph":[{"@type":"Article","@id":"https:\/\/www.meydan.tv\/az\/article\/anar-m%c9%99mm%c9%99dli-v%c9%99-anar-abdullayevin-m%c9%99hk%c9%99m%c9%99si-kecirilib\/#article","isPartOf":{"@id":"https:\/\/www.meydan.tv\/az\/article\/anar-m%c9%99mm%c9%99dli-v%c9%99-anar-abdullayevin-m%c9%99hk%c9%99m%c9%99si-kecirilib\/"},"author":{"name":"mahmud","@id":"https:\/\/www.meydan.tv\/az\/#\/schema\/person\/09863e516102a829e72bedcf3f84c6b0"},"headline":"Anar M\u0259mm\u0259dli v\u0259 Anar Abdullayevin m\u0259hk\u0259m\u0259si ke\u00e7irilib","datePublished":"2025-06-30T16:03:19+00:00","dateModified":"2025-07-11T17:32:08+00:00","mainEntityOfPage":{"@id":"https:\/\/www.meydan.tv\/az\/article\/anar-m%c9%99mm%c9%99dli-v%c9%99-anar-abdullayevin-m%c9%99hk%c9%99m%c9%99si-kecirilib\/"},"wordCount":346,"publisher":{"@id":"https:\/\/www.meydan.tv\/az\/#organization"},"image":{"@id":"https:\/\/www.meydan.tv\/az\/article\/anar-m%c9%99mm%c9%99dli-v%c9%99-anar-abdullayevin-m%c9%99hk%c9%99m%c9%99si-kecirilib\/#primaryimage"},"thumbnailUrl":"https:\/\/www.meydan.tv\/wp-content\/uploads\/untitled-1_720-1.png","articleSection":["Siyas\u0259t","X\u0259b\u0259rl\u0259r"],"inLanguage":"az"},{"@type":"WebPage","@id":"https:\/\/www.meydan.tv\/az\/article\/anar-m%c9%99mm%c9%99dli-v%c9%99-anar-abdullayevin-m%c9%99hk%c9%99m%c9%99si-kecirilib\/","url":"https:\/\/www.meydan.tv\/az\/article\/anar-m%c9%99mm%c9%99dli-v%c9%99-anar-abdullayevin-m%c9%99hk%c9%99m%c9%99si-kecirilib\/","name":"Anar M\u0259mm\u0259dli v\u0259 Anar Abdullayevin m\u0259hk\u0259m\u0259si ke\u00e7irilib - MEYDAN.TV","isPartOf":{"@id":"https:\/\/www.meydan.tv\/az\/#website"},"primaryImageOfPage":{"@id":"https:\/\/www.meydan.tv\/az\/article\/anar-m%c9%99mm%c9%99dli-v%c9%99-anar-abdullayevin-m%c9%99hk%c9%99m%c9%99si-kecirilib\/#primaryimage"},"image":{"@id":"https:\/\/www.meydan.tv\/az\/article\/anar-m%c9%99mm%c9%99dli-v%c9%99-anar-abdullayevin-m%c9%99hk%c9%99m%c9%99si-kecirilib\/#primaryimage"},"thumbnailUrl":"https:\/\/www.meydan.tv\/wp-content\/uploads\/untitled-1_720-1.png","datePublished":"2025-06-30T16:03:19+00:00","dateModified":"2025-07-11T17:32:08+00:00","breadcrumb":{"@id":"https:\/\/www.meydan.tv\/az\/article\/anar-m%c9%99mm%c9%99dli-v%c9%99-anar-abdullayevin-m%c9%99hk%c9%99m%c9%99si-kecirilib\/#breadcrumb"},"inLanguage":"az","potentialAction":[{"@type":"ReadAction","target":["https:\/\/www.meydan.tv\/az\/article\/anar-m%c9%99mm%c9%99dli-v%c9%99-anar-abdullayevin-m%c9%99hk%c9%99m%c9%99si-kecirilib\/"]}]},{"@type":"ImageObject","inLanguage":"az","@id":"https:\/\/www.meydan.tv\/az\/article\/anar-m%c9%99mm%c9%99dli-v%c9%99-anar-abdullayevin-m%c9%99hk%c9%99m%c9%99si-kecirilib\/#primaryimage","url":"https:\/\/www.meydan.tv\/wp-content\/uploads\/untitled-1_720-1.png","contentUrl":"https:\/\/www.meydan.tv\/wp-content\/uploads\/untitled-1_720-1.png","width":720,"height":405,"caption":"Kollaj: Meydan TV"},{"@type":"BreadcrumbList","@id":"https:\/\/www.meydan.tv\/az\/article\/anar-m%c9%99mm%c9%99dli-v%c9%99-anar-abdullayevin-m%c9%99hk%c9%99m%c9%99si-kecirilib\/#breadcrumb","itemListElement":[{"@type":"ListItem","position":1,"name":"Ana s\u0259hif\u0259","item":"https:\/\/www.meydan.tv\/az\/"},{"@type":"ListItem","position":2,"name":"Siyas\u0259t","item":"https:\/\/www.meydan.tv\/az\/section\/siyaset\/"},{"@type":"ListItem","position":3,"name":"Anar M\u0259mm\u0259dli v\u0259 Anar Abdullayevin m\u0259hk\u0259m\u0259si ke\u00e7irilib"}]},{"@type":"WebSite","@id":"https:\/\/www.meydan.tv\/az\/#website","url":"https:\/\/www.meydan.tv\/az\/","name":"MEYDAN.TV","description":"Meydan TV Az\u0259rbaycan\u0131n media m\u0259kan\u0131ndak\u0131 alternativ s\u0259sidir","publisher":{"@id":"https:\/\/www.meydan.tv\/az\/#organization"},"potentialAction":[{"@type":"SearchAction","target":{"@type":"EntryPoint","urlTemplate":"https:\/\/www.meydan.tv\/az\/?s={search_term_string}"},"query-input":{"@type":"PropertyValueSpecification","valueRequired":true,"valueName":"search_term_string"}}],"inLanguage":"az"},{"@type":"Organization","@id":"https:\/\/www.meydan.tv\/az\/#organization","name":"Meydan TV","url":"https:\/\/www.meydan.tv\/az\/","logo":{"@type":"ImageObject","inLanguage":"az","@id":"https:\/\/www.meydan.tv\/az\/#\/schema\/logo\/image\/","url":"https:\/\/www.meydan.tv\/wp-content\/uploads\/2021\/07\/meydan-logo.svg","contentUrl":"https:\/\/www.meydan.tv\/wp-content\/uploads\/2021\/07\/meydan-logo.svg","width":195,"height":46,"caption":"Meydan TV"},"image":{"@id":"https:\/\/www.meydan.tv\/az\/#\/schema\/logo\/image\/"}},{"@type":"Person","@id":"https:\/\/www.meydan.tv\/az\/#\/schema\/person\/09863e516102a829e72bedcf3f84c6b0","name":"mahmud"}]}},"_links":{"self":[{"href":"https:\/\/www.meydan.tv\/az\/wp-json\/wp\/v2\/posts\/332548","targetHints":{"allow":["GET"]}}],"collection":[{"href":"https:\/\/www.meydan.tv\/az\/wp-json\/wp\/v2\/posts"}],"about":[{"href":"https:\/\/www.meydan.tv\/az\/wp-json\/wp\/v2\/types\/post"}],"author":[{"embeddable":true,"href":"https:\/\/www.meydan.tv\/az\/wp-json\/wp\/v2\/users\/21"}],"replies":[{"embeddable":true,"href":"https:\/\/www.meydan.tv\/az\/wp-json\/wp\/v2\/comments?post=332548"}],"version-history":[{"count":2,"href":"https:\/\/www.meydan.tv\/az\/wp-json\/wp\/v2\/posts\/332548\/revisions"}],"predecessor-version":[{"id":333000,"href":"https:\/\/www.meydan.tv\/az\/wp-json\/wp\/v2\/posts\/332548\/revisions\/333000"}],"wp:featuredmedia":[{"embeddable":true,"href":"https:\/\/www.meydan.tv\/az\/wp-json\/wp\/v2\/media\/332550"}],"wp:attachment":[{"href":"https:\/\/www.meydan.tv\/az\/wp-json\/wp\/v2\/media?parent=332548"}],"wp:term":[{"taxonomy":"category","embeddable":true,"href":"https:\/\/www.meydan.tv\/az\/wp-json\/wp\/v2\/categories?post=332548"},{"taxonomy":"post_tag","embeddable":true,"href":"https:\/\/www.meydan.tv\/az\/wp-json\/wp\/v2\/tags?post=332548"}],"curies":[{"name":"wp","href":"https:\/\/api.w.org\/{rel}","templated":true}]}}