{"id":332483,"date":"2025-06-30T14:22:02","date_gmt":"2025-06-30T10:22:02","guid":{"rendered":"https:\/\/www.meydan.tv\/?p=332483"},"modified":"2025-06-30T18:15:15","modified_gmt":"2025-06-30T14:15:15","slug":"sputnik-az%c9%99rbaycanin-baki-ofisind%c9%99-%c9%99m%c9%99liyyat-kecirilib","status":"publish","type":"post","link":"https:\/\/www.meydan.tv\/az\/article\/sputnik-az%c9%99rbaycanin-baki-ofisind%c9%99-%c9%99m%c9%99liyyat-kecirilib\/","title":{"rendered":"\u201cSputnik Az\u0259rbaycan\u201d\u0131n Bak\u0131 ofisind\u0259 \u0259m\u0259liyyat ke\u00e7irilib"},"content":{"rendered":"\n<p><strong><em>Bildirilir ki, \u201cSputnik Az\u0259rbaycan\u201d\u0131n ofisind\u0259 axtar\u0131\u015f Yekaterinburqda ba\u015f ver\u0259n hadis\u0259d\u0259n sonra iki \u00f6lk\u0259 aras\u0131nda m\u00fcnasib\u0259tl\u0259rin pisl\u0259\u015fm\u0259si fonunda apar\u0131l\u0131r<\/em><\/strong><\/p>\n\n\n\n<p>Az\u0259rbaycan\u0131n Rusiyadak\u0131 s\u0259firi R\u0259hman Mustafayev bu \u00f6lk\u0259nin Xarici \u0130\u015fl\u0259r Nazirliyin\u0259 \u00e7a\u011f\u0131r\u0131l\u0131b.<\/p>\n\n\n\n<p>TASS Rusiya X\u0130N-\u0259 istinad\u0259n <a href=\"https:\/\/tass.ru\/politika\/24392913\">m\u0259lumat<\/a> yay\u0131b. <\/p>\n\n\n\n<p>R\u0259hman Mustafayevin nazirliy\u0259 \u00e7a\u011f\u0131r\u0131lmas\u0131na s\u0259b\u0259b kimi Rusiya Federasiyas\u0131 jurnalistl\u0259rinin saxlan\u0131lmas\u0131 g\u00f6st\u0259rilib.<\/p>\n\n\n\n<p>\u201cSputnik Az\u0259rbaycan\u201dda \u0259m\u0259liyyat n\u0259tic\u0259sind\u0259 saxlan\u0131lan \u015f\u0259xsl\u0259rin binadan \u00e7\u0131xar\u0131lmas\u0131 g\u00f6r\u00fcnt\u00fcl\u0259ri yay\u0131l\u0131b. <a href=\"https:\/\/report.az\/hadise\/sputnik-azerbaycan-da-saxlanilan-sexsler-binadan-cixarilib\/\" target=\"_blank\" rel=\"noreferrer noopener\">M\u0259lumata<\/a> g\u00f6r\u0259, h\u0259min \u015f\u0259xsl\u0259r direktor \u0130qor Kartav\u0131x v\u0259 \u0259m\u0259kda\u015f Yevgeni Belousovdur.<\/p>\n\n\n\n<hr class=\"wp-block-separator has-text-color has-global-color-7-color has-alpha-channel-opacity has-global-color-7-background-color has-background\"\/>\n\n\n\n<p>Rusiya Xarici \u0130\u015fl\u0259r Nazirliyinin s\u00f6z\u00e7\u00fcs\u00fc Mariya Zaxarova \u201cTASS\u201da <a href=\"https:\/\/tass.ru\/politika\/24391293\">bildirib<\/a> ki, rusiyal\u0131 diplomatlar Bak\u0131da olan Rusiya v\u0259t\u0259nda\u015f\u0131 jurnalistl\u0259rl\u0259 t\u0259xmin\u0259n iki saat \u0259rzind\u0259 \u0259laq\u0259 saxlama\u011fa \u00e7al\u0131\u015f\u0131blar, lakin buna nail ola bilm\u0259yibl\u0259r.<\/p>\n\n\n\n<p>Nazirlik hadis\u0259ni narahatedici adland\u0131raraq, jurnalistl\u0259rin t\u0259hl\u00fck\u0259sizliyi il\u0259 ba\u011fl\u0131 narahatl\u0131qlar\u0131n\u0131 ifad\u0259 edib.<\/p>\n\n\n\n<p>Qeyd olunur ki, h\u0259min jurnalistl\u0259r Az\u0259rbaycanda pe\u015f\u0259kar f\u0259aliyy\u0259tl\u0259rini h\u0259yata ke\u00e7irirdil\u0259r v\u0259 onlarla \u0259laq\u0259nin bird\u0259n-bir\u0259 itm\u0259si Rusiya t\u0259r\u0259fi \u00fc\u00e7\u00fcn t\u0259\u0259cc\u00fcb do\u011furub.<\/p>\n\n\n\n<p>Haz\u0131rda Rusiya t\u0259r\u0259fi m\u0259s\u0259l\u0259ni ayd\u0131nla\u015fd\u0131rma\u011fa \u00e7al\u0131\u015f\u0131r v\u0259 m\u00fcvafiq diplomatik kanallar vasit\u0259sil\u0259 jurnalistl\u0259rin v\u0259ziyy\u0259ti bar\u0259d\u0259 informasiya \u0259ld\u0259 etm\u0259y\u0259 \u00e7al\u0131\u015f\u0131r.<\/p>\n\n\n\n<hr class=\"wp-block-separator has-text-color has-global-color-7-color has-alpha-channel-opacity has-global-color-7-background-color has-background\"\/>\n\n\n\n<p>Daxili \u0130\u015fl\u0259r Nazirliyinin \u201cSputnik Az\u0259rbaycan\u201d agentliyinin ofisind\u0259 ke\u00e7irdiyi \u0259m\u0259liyyat zaman\u0131 iki n\u0259f\u0259rin saxlan\u0131ld\u0131\u011f\u0131 bildirilir.<\/p>\n\n\n\n<p>\u201cAPA\u201d <a href=\"https:\/\/apa.az\/hadise\/rusiya-ftx-nin-sputnik-azerbaycanda-calisan-iki-emekdasi-saxlanilib-906985\">yaz\u0131r<\/a> ki, saxlan\u0131lanlar Rusiyan\u0131n Federal T\u0259hl\u00fck\u0259sizlik Xidm\u0259tinin ( FTX) iki \u0259m\u0259kda\u015flar\u0131d\u0131r.<\/p>\n\n\n\n<hr class=\"wp-block-separator has-text-color has-global-color-7-color has-alpha-channel-opacity has-global-color-7-background-color has-background\"\/>\n\n\n\n<p>&nbsp;\u201cSputnik Az\u0259rbaycan\u201d\u0131n Bak\u0131 ofisind\u0259 \u0259m\u0259liyyat ke\u00e7irildiyi bildirilir.<\/p>\n\n\n\n<p>Bu bar\u0259d\u0259 h\u00f6kum\u0259ty\u00f6nl\u00fc m\u0259tbuat Daxili \u0130\u015fl\u0259r Nazirliyinin m\u0259tbuat xidm\u0259tin\u0259 istinadla <a href=\"https:\/\/apa.az\/hadise\/polis-sputnik-azerbaycanin-baki-ofisinde-emeliyyat-kecirir-906957\" target=\"_blank\" rel=\"noreferrer noopener\">m\u0259lumat<\/a> yay\u0131b.<\/p>\n\n\n\n<p>\u201cSputnik Az\u0259rbaycan\u201d Rusiyan\u0131n d\u00f6vl\u0259t\u0259 m\u0259xsus \u201cRossiya Seqodnya\u201d agentliyinin t\u0259rkibind\u0259 f\u0259aliyy\u0259t g\u00f6st\u0259r\u0259n bir media qurumudur.<\/p>\n\n\n\n<p>Az\u0259rbaycanda 2015-ci ilin may\u0131ndan f\u0259aliyy\u0259t\u0259 ba\u015flay\u0131b.<\/p>\n\n\n\n<p>\u00d6lk\u0259 v\u0259 d\u00fcnya x\u0259b\u0259rl\u0259rini Az\u0259rbaycan v\u0259 rus dill\u0259rind\u0259 t\u0259qdim edib.<\/p>\n\n\n\n<p>2025-ci ilin fevral\u0131nda Az\u0259rbaycan Xarici \u0130\u015fl\u0259r Nazirliyi m\u0259lumat yayaraq \u201cSputnik\u201din Az\u0259rbaycandak\u0131 n\u00fcmay\u0259nd\u0259liyinin l\u0259\u011fv olundu\u011funu bildirib.<\/p>\n\n\n\n<p>X\u0130N-nin m\u0259lumat\u0131nda qeyd olunub ki, qurum yaln\u0131z bir m\u00fcxbir vasit\u0259sil\u0259 akkreditasiyadan ke\u00e7\u0259 bil\u0259r.<\/p>\n\n\n\n<p>Bildirilir ki, \u201cSputnik Az\u0259rbaycan\u201d\u0131n ofisind\u0259 axtar\u0131\u015f 2000-ci ill\u0259rin \u0259vv\u0259ll\u0259rind\u0259 t\u00f6r\u0259dilmi\u015f q\u0259tll\u0259r\u0259 g\u00f6r\u0259 Yekaterinburqda Az\u0259rbaycan diasporunun n\u00fcmay\u0259nd\u0259l\u0259rinin k\u00fctl\u0259vi \u015f\u0259kild\u0259 saxlan\u0131lmas\u0131ndan sonra yaranm\u0131\u015f Rusiya-Az\u0259rbaycan aras\u0131nda m\u00fcnasib\u0259tl\u0259rin pisl\u0259\u015fm\u0259si fonunda apar\u0131l\u0131r.<\/p>\n","protected":false},"excerpt":{"rendered":"<p>X\u0259b\u0259r yenil\u0259nib&#8230;<\/p>\n","protected":false},"author":21,"featured_media":248011,"comment_status":"closed","ping_status":"closed","sticky":false,"template":"","format":"standard","meta":{"_acf_changed":false,"_sitemap_exclude":false,"_sitemap_priority":"","_sitemap_frequency":"","footnotes":""},"categories":[59,79,56],"tags":[],"class_list":["post-332483","post","type-post","status-publish","format-standard","has-post-thumbnail","hentry","category-siyaset","category-featured","category-xeberler","infinite-scroll-item","generate-columns","tablet-grid-50","mobile-grid-100","grid-parent","grid-33","no-featured-image-padding"],"acf":[],"yoast_head":"<!-- This site is optimized with the Yoast SEO plugin v27.5 - https:\/\/yoast.com\/product\/yoast-seo-wordpress\/ -->\n<title>\u201cSputnik Az\u0259rbaycan\u201d\u0131n Bak\u0131 ofisind\u0259 \u0259m\u0259liyyat ke\u00e7irilib - MEYDAN.TV<\/title>\n<meta name=\"robots\" content=\"index, follow, max-snippet:-1, max-image-preview:large, max-video-preview:-1\" \/>\n<link rel=\"canonical\" href=\"https:\/\/www.meydan.tv\/az\/article\/sputnik-az%c9%99rbaycanin-baki-ofisind%c9%99-%c9%99m%c9%99liyyat-kecirilib\/\" \/>\n<meta property=\"og:locale\" content=\"az_AZ\" \/>\n<meta property=\"og:type\" content=\"article\" \/>\n<meta property=\"og:title\" content=\"\u201cSputnik Az\u0259rbaycan\u201d\u0131n Bak\u0131 ofisind\u0259 \u0259m\u0259liyyat ke\u00e7irilib - MEYDAN.TV\" \/>\n<meta property=\"og:description\" content=\"X\u0259b\u0259r yenil\u0259nib...\" \/>\n<meta property=\"og:url\" content=\"https:\/\/www.meydan.tv\/az\/article\/sputnik-az%c9%99rbaycanin-baki-ofisind%c9%99-%c9%99m%c9%99liyyat-kecirilib\/\" \/>\n<meta property=\"og:site_name\" content=\"MEYDAN.TV\" \/>\n<meta property=\"article:published_time\" content=\"2025-06-30T10:22:02+00:00\" \/>\n<meta property=\"article:modified_time\" content=\"2025-06-30T14:15:15+00:00\" \/>\n<meta property=\"og:image\" content=\"https:\/\/www.meydan.tv\/wp-content\/uploads\/sputnik-1.jpg\" \/>\n\t<meta property=\"og:image:width\" content=\"1250\" \/>\n\t<meta property=\"og:image:height\" content=\"900\" \/>\n\t<meta property=\"og:image:type\" content=\"image\/jpeg\" \/>\n<meta name=\"author\" content=\"mahmud\" \/>\n<meta name=\"twitter:card\" content=\"summary_large_image\" \/>\n<script type=\"application\/ld+json\" class=\"yoast-schema-graph\">{\"@context\":\"https:\\\/\\\/schema.org\",\"@graph\":[{\"@type\":\"Article\",\"@id\":\"https:\\\/\\\/www.meydan.tv\\\/az\\\/article\\\/sputnik-az%c9%99rbaycanin-baki-ofisind%c9%99-%c9%99m%c9%99liyyat-kecirilib\\\/#article\",\"isPartOf\":{\"@id\":\"https:\\\/\\\/www.meydan.tv\\\/az\\\/article\\\/sputnik-az%c9%99rbaycanin-baki-ofisind%c9%99-%c9%99m%c9%99liyyat-kecirilib\\\/\"},\"author\":{\"name\":\"mahmud\",\"@id\":\"https:\\\/\\\/www.meydan.tv\\\/az\\\/#\\\/schema\\\/person\\\/09863e516102a829e72bedcf3f84c6b0\"},\"headline\":\"\u201cSputnik Az\u0259rbaycan\u201d\u0131n Bak\u0131 ofisind\u0259 \u0259m\u0259liyyat ke\u00e7irilib\",\"datePublished\":\"2025-06-30T10:22:02+00:00\",\"dateModified\":\"2025-06-30T14:15:15+00:00\",\"mainEntityOfPage\":{\"@id\":\"https:\\\/\\\/www.meydan.tv\\\/az\\\/article\\\/sputnik-az%c9%99rbaycanin-baki-ofisind%c9%99-%c9%99m%c9%99liyyat-kecirilib\\\/\"},\"wordCount\":503,\"publisher\":{\"@id\":\"https:\\\/\\\/www.meydan.tv\\\/az\\\/#organization\"},\"image\":{\"@id\":\"https:\\\/\\\/www.meydan.tv\\\/az\\\/article\\\/sputnik-az%c9%99rbaycanin-baki-ofisind%c9%99-%c9%99m%c9%99liyyat-kecirilib\\\/#primaryimage\"},\"thumbnailUrl\":\"https:\\\/\\\/www.meydan.tv\\\/wp-content\\\/uploads\\\/sputnik-1.jpg\",\"articleSection\":[\"Siyas\u0259t\",\"T\u00f6vsiy\u0259\",\"X\u0259b\u0259rl\u0259r\"],\"inLanguage\":\"az\"},{\"@type\":\"WebPage\",\"@id\":\"https:\\\/\\\/www.meydan.tv\\\/az\\\/article\\\/sputnik-az%c9%99rbaycanin-baki-ofisind%c9%99-%c9%99m%c9%99liyyat-kecirilib\\\/\",\"url\":\"https:\\\/\\\/www.meydan.tv\\\/az\\\/article\\\/sputnik-az%c9%99rbaycanin-baki-ofisind%c9%99-%c9%99m%c9%99liyyat-kecirilib\\\/\",\"name\":\"\u201cSputnik Az\u0259rbaycan\u201d\u0131n Bak\u0131 ofisind\u0259 \u0259m\u0259liyyat ke\u00e7irilib - MEYDAN.TV\",\"isPartOf\":{\"@id\":\"https:\\\/\\\/www.meydan.tv\\\/az\\\/#website\"},\"primaryImageOfPage\":{\"@id\":\"https:\\\/\\\/www.meydan.tv\\\/az\\\/article\\\/sputnik-az%c9%99rbaycanin-baki-ofisind%c9%99-%c9%99m%c9%99liyyat-kecirilib\\\/#primaryimage\"},\"image\":{\"@id\":\"https:\\\/\\\/www.meydan.tv\\\/az\\\/article\\\/sputnik-az%c9%99rbaycanin-baki-ofisind%c9%99-%c9%99m%c9%99liyyat-kecirilib\\\/#primaryimage\"},\"thumbnailUrl\":\"https:\\\/\\\/www.meydan.tv\\\/wp-content\\\/uploads\\\/sputnik-1.jpg\",\"datePublished\":\"2025-06-30T10:22:02+00:00\",\"dateModified\":\"2025-06-30T14:15:15+00:00\",\"breadcrumb\":{\"@id\":\"https:\\\/\\\/www.meydan.tv\\\/az\\\/article\\\/sputnik-az%c9%99rbaycanin-baki-ofisind%c9%99-%c9%99m%c9%99liyyat-kecirilib\\\/#breadcrumb\"},\"inLanguage\":\"az\",\"potentialAction\":[{\"@type\":\"ReadAction\",\"target\":[\"https:\\\/\\\/www.meydan.tv\\\/az\\\/article\\\/sputnik-az%c9%99rbaycanin-baki-ofisind%c9%99-%c9%99m%c9%99liyyat-kecirilib\\\/\"]}]},{\"@type\":\"ImageObject\",\"inLanguage\":\"az\",\"@id\":\"https:\\\/\\\/www.meydan.tv\\\/az\\\/article\\\/sputnik-az%c9%99rbaycanin-baki-ofisind%c9%99-%c9%99m%c9%99liyyat-kecirilib\\\/#primaryimage\",\"url\":\"https:\\\/\\\/www.meydan.tv\\\/wp-content\\\/uploads\\\/sputnik-1.jpg\",\"contentUrl\":\"https:\\\/\\\/www.meydan.tv\\\/wp-content\\\/uploads\\\/sputnik-1.jpg\",\"width\":1250,\"height\":900,\"caption\":\"Sputnik\"},{\"@type\":\"BreadcrumbList\",\"@id\":\"https:\\\/\\\/www.meydan.tv\\\/az\\\/article\\\/sputnik-az%c9%99rbaycanin-baki-ofisind%c9%99-%c9%99m%c9%99liyyat-kecirilib\\\/#breadcrumb\",\"itemListElement\":[{\"@type\":\"ListItem\",\"position\":1,\"name\":\"Ana s\u0259hif\u0259\",\"item\":\"https:\\\/\\\/www.meydan.tv\\\/az\\\/\"},{\"@type\":\"ListItem\",\"position\":2,\"name\":\"Siyas\u0259t\",\"item\":\"https:\\\/\\\/www.meydan.tv\\\/az\\\/section\\\/siyaset\\\/\"},{\"@type\":\"ListItem\",\"position\":3,\"name\":\"\u201cSputnik Az\u0259rbaycan\u201d\u0131n Bak\u0131 ofisind\u0259 \u0259m\u0259liyyat ke\u00e7irilib\"}]},{\"@type\":\"WebSite\",\"@id\":\"https:\\\/\\\/www.meydan.tv\\\/az\\\/#website\",\"url\":\"https:\\\/\\\/www.meydan.tv\\\/az\\\/\",\"name\":\"MEYDAN.TV\",\"description\":\"Meydan TV Az\u0259rbaycan\u0131n media m\u0259kan\u0131ndak\u0131 alternativ s\u0259sidir\",\"publisher\":{\"@id\":\"https:\\\/\\\/www.meydan.tv\\\/az\\\/#organization\"},\"potentialAction\":[{\"@type\":\"SearchAction\",\"target\":{\"@type\":\"EntryPoint\",\"urlTemplate\":\"https:\\\/\\\/www.meydan.tv\\\/az\\\/?s={search_term_string}\"},\"query-input\":{\"@type\":\"PropertyValueSpecification\",\"valueRequired\":true,\"valueName\":\"search_term_string\"}}],\"inLanguage\":\"az\"},{\"@type\":\"Organization\",\"@id\":\"https:\\\/\\\/www.meydan.tv\\\/az\\\/#organization\",\"name\":\"Meydan TV\",\"url\":\"https:\\\/\\\/www.meydan.tv\\\/az\\\/\",\"logo\":{\"@type\":\"ImageObject\",\"inLanguage\":\"az\",\"@id\":\"https:\\\/\\\/www.meydan.tv\\\/az\\\/#\\\/schema\\\/logo\\\/image\\\/\",\"url\":\"https:\\\/\\\/www.meydan.tv\\\/wp-content\\\/uploads\\\/2021\\\/07\\\/meydan-logo.svg\",\"contentUrl\":\"https:\\\/\\\/www.meydan.tv\\\/wp-content\\\/uploads\\\/2021\\\/07\\\/meydan-logo.svg\",\"width\":195,\"height\":46,\"caption\":\"Meydan TV\"},\"image\":{\"@id\":\"https:\\\/\\\/www.meydan.tv\\\/az\\\/#\\\/schema\\\/logo\\\/image\\\/\"}},{\"@type\":\"Person\",\"@id\":\"https:\\\/\\\/www.meydan.tv\\\/az\\\/#\\\/schema\\\/person\\\/09863e516102a829e72bedcf3f84c6b0\",\"name\":\"mahmud\"}]}<\/script>\n<!-- \/ Yoast SEO plugin. -->","yoast_head_json":{"title":"\u201cSputnik Az\u0259rbaycan\u201d\u0131n Bak\u0131 ofisind\u0259 \u0259m\u0259liyyat ke\u00e7irilib - MEYDAN.TV","robots":{"index":"index","follow":"follow","max-snippet":"max-snippet:-1","max-image-preview":"max-image-preview:large","max-video-preview":"max-video-preview:-1"},"canonical":"https:\/\/www.meydan.tv\/az\/article\/sputnik-az%c9%99rbaycanin-baki-ofisind%c9%99-%c9%99m%c9%99liyyat-kecirilib\/","og_locale":"az_AZ","og_type":"article","og_title":"\u201cSputnik Az\u0259rbaycan\u201d\u0131n Bak\u0131 ofisind\u0259 \u0259m\u0259liyyat ke\u00e7irilib - MEYDAN.TV","og_description":"X\u0259b\u0259r yenil\u0259nib...","og_url":"https:\/\/www.meydan.tv\/az\/article\/sputnik-az%c9%99rbaycanin-baki-ofisind%c9%99-%c9%99m%c9%99liyyat-kecirilib\/","og_site_name":"MEYDAN.TV","article_published_time":"2025-06-30T10:22:02+00:00","article_modified_time":"2025-06-30T14:15:15+00:00","og_image":[{"width":1250,"height":900,"url":"https:\/\/www.meydan.tv\/wp-content\/uploads\/sputnik-1.jpg","type":"image\/jpeg"}],"author":"mahmud","twitter_card":"summary_large_image","schema":{"@context":"https:\/\/schema.org","@graph":[{"@type":"Article","@id":"https:\/\/www.meydan.tv\/az\/article\/sputnik-az%c9%99rbaycanin-baki-ofisind%c9%99-%c9%99m%c9%99liyyat-kecirilib\/#article","isPartOf":{"@id":"https:\/\/www.meydan.tv\/az\/article\/sputnik-az%c9%99rbaycanin-baki-ofisind%c9%99-%c9%99m%c9%99liyyat-kecirilib\/"},"author":{"name":"mahmud","@id":"https:\/\/www.meydan.tv\/az\/#\/schema\/person\/09863e516102a829e72bedcf3f84c6b0"},"headline":"\u201cSputnik Az\u0259rbaycan\u201d\u0131n Bak\u0131 ofisind\u0259 \u0259m\u0259liyyat ke\u00e7irilib","datePublished":"2025-06-30T10:22:02+00:00","dateModified":"2025-06-30T14:15:15+00:00","mainEntityOfPage":{"@id":"https:\/\/www.meydan.tv\/az\/article\/sputnik-az%c9%99rbaycanin-baki-ofisind%c9%99-%c9%99m%c9%99liyyat-kecirilib\/"},"wordCount":503,"publisher":{"@id":"https:\/\/www.meydan.tv\/az\/#organization"},"image":{"@id":"https:\/\/www.meydan.tv\/az\/article\/sputnik-az%c9%99rbaycanin-baki-ofisind%c9%99-%c9%99m%c9%99liyyat-kecirilib\/#primaryimage"},"thumbnailUrl":"https:\/\/www.meydan.tv\/wp-content\/uploads\/sputnik-1.jpg","articleSection":["Siyas\u0259t","T\u00f6vsiy\u0259","X\u0259b\u0259rl\u0259r"],"inLanguage":"az"},{"@type":"WebPage","@id":"https:\/\/www.meydan.tv\/az\/article\/sputnik-az%c9%99rbaycanin-baki-ofisind%c9%99-%c9%99m%c9%99liyyat-kecirilib\/","url":"https:\/\/www.meydan.tv\/az\/article\/sputnik-az%c9%99rbaycanin-baki-ofisind%c9%99-%c9%99m%c9%99liyyat-kecirilib\/","name":"\u201cSputnik Az\u0259rbaycan\u201d\u0131n Bak\u0131 ofisind\u0259 \u0259m\u0259liyyat ke\u00e7irilib - MEYDAN.TV","isPartOf":{"@id":"https:\/\/www.meydan.tv\/az\/#website"},"primaryImageOfPage":{"@id":"https:\/\/www.meydan.tv\/az\/article\/sputnik-az%c9%99rbaycanin-baki-ofisind%c9%99-%c9%99m%c9%99liyyat-kecirilib\/#primaryimage"},"image":{"@id":"https:\/\/www.meydan.tv\/az\/article\/sputnik-az%c9%99rbaycanin-baki-ofisind%c9%99-%c9%99m%c9%99liyyat-kecirilib\/#primaryimage"},"thumbnailUrl":"https:\/\/www.meydan.tv\/wp-content\/uploads\/sputnik-1.jpg","datePublished":"2025-06-30T10:22:02+00:00","dateModified":"2025-06-30T14:15:15+00:00","breadcrumb":{"@id":"https:\/\/www.meydan.tv\/az\/article\/sputnik-az%c9%99rbaycanin-baki-ofisind%c9%99-%c9%99m%c9%99liyyat-kecirilib\/#breadcrumb"},"inLanguage":"az","potentialAction":[{"@type":"ReadAction","target":["https:\/\/www.meydan.tv\/az\/article\/sputnik-az%c9%99rbaycanin-baki-ofisind%c9%99-%c9%99m%c9%99liyyat-kecirilib\/"]}]},{"@type":"ImageObject","inLanguage":"az","@id":"https:\/\/www.meydan.tv\/az\/article\/sputnik-az%c9%99rbaycanin-baki-ofisind%c9%99-%c9%99m%c9%99liyyat-kecirilib\/#primaryimage","url":"https:\/\/www.meydan.tv\/wp-content\/uploads\/sputnik-1.jpg","contentUrl":"https:\/\/www.meydan.tv\/wp-content\/uploads\/sputnik-1.jpg","width":1250,"height":900,"caption":"Sputnik"},{"@type":"BreadcrumbList","@id":"https:\/\/www.meydan.tv\/az\/article\/sputnik-az%c9%99rbaycanin-baki-ofisind%c9%99-%c9%99m%c9%99liyyat-kecirilib\/#breadcrumb","itemListElement":[{"@type":"ListItem","position":1,"name":"Ana s\u0259hif\u0259","item":"https:\/\/www.meydan.tv\/az\/"},{"@type":"ListItem","position":2,"name":"Siyas\u0259t","item":"https:\/\/www.meydan.tv\/az\/section\/siyaset\/"},{"@type":"ListItem","position":3,"name":"\u201cSputnik Az\u0259rbaycan\u201d\u0131n Bak\u0131 ofisind\u0259 \u0259m\u0259liyyat ke\u00e7irilib"}]},{"@type":"WebSite","@id":"https:\/\/www.meydan.tv\/az\/#website","url":"https:\/\/www.meydan.tv\/az\/","name":"MEYDAN.TV","description":"Meydan TV Az\u0259rbaycan\u0131n media m\u0259kan\u0131ndak\u0131 alternativ s\u0259sidir","publisher":{"@id":"https:\/\/www.meydan.tv\/az\/#organization"},"potentialAction":[{"@type":"SearchAction","target":{"@type":"EntryPoint","urlTemplate":"https:\/\/www.meydan.tv\/az\/?s={search_term_string}"},"query-input":{"@type":"PropertyValueSpecification","valueRequired":true,"valueName":"search_term_string"}}],"inLanguage":"az"},{"@type":"Organization","@id":"https:\/\/www.meydan.tv\/az\/#organization","name":"Meydan TV","url":"https:\/\/www.meydan.tv\/az\/","logo":{"@type":"ImageObject","inLanguage":"az","@id":"https:\/\/www.meydan.tv\/az\/#\/schema\/logo\/image\/","url":"https:\/\/www.meydan.tv\/wp-content\/uploads\/2021\/07\/meydan-logo.svg","contentUrl":"https:\/\/www.meydan.tv\/wp-content\/uploads\/2021\/07\/meydan-logo.svg","width":195,"height":46,"caption":"Meydan TV"},"image":{"@id":"https:\/\/www.meydan.tv\/az\/#\/schema\/logo\/image\/"}},{"@type":"Person","@id":"https:\/\/www.meydan.tv\/az\/#\/schema\/person\/09863e516102a829e72bedcf3f84c6b0","name":"mahmud"}]}},"_links":{"self":[{"href":"https:\/\/www.meydan.tv\/az\/wp-json\/wp\/v2\/posts\/332483","targetHints":{"allow":["GET"]}}],"collection":[{"href":"https:\/\/www.meydan.tv\/az\/wp-json\/wp\/v2\/posts"}],"about":[{"href":"https:\/\/www.meydan.tv\/az\/wp-json\/wp\/v2\/types\/post"}],"author":[{"embeddable":true,"href":"https:\/\/www.meydan.tv\/az\/wp-json\/wp\/v2\/users\/21"}],"replies":[{"embeddable":true,"href":"https:\/\/www.meydan.tv\/az\/wp-json\/wp\/v2\/comments?post=332483"}],"version-history":[{"count":13,"href":"https:\/\/www.meydan.tv\/az\/wp-json\/wp\/v2\/posts\/332483\/revisions"}],"predecessor-version":[{"id":332525,"href":"https:\/\/www.meydan.tv\/az\/wp-json\/wp\/v2\/posts\/332483\/revisions\/332525"}],"wp:featuredmedia":[{"embeddable":true,"href":"https:\/\/www.meydan.tv\/az\/wp-json\/wp\/v2\/media\/248011"}],"wp:attachment":[{"href":"https:\/\/www.meydan.tv\/az\/wp-json\/wp\/v2\/media?parent=332483"}],"wp:term":[{"taxonomy":"category","embeddable":true,"href":"https:\/\/www.meydan.tv\/az\/wp-json\/wp\/v2\/categories?post=332483"},{"taxonomy":"post_tag","embeddable":true,"href":"https:\/\/www.meydan.tv\/az\/wp-json\/wp\/v2\/tags?post=332483"}],"curies":[{"name":"wp","href":"https:\/\/api.w.org\/{rel}","templated":true}]}}