{"id":332470,"date":"2025-06-30T13:13:13","date_gmt":"2025-06-30T09:13:13","guid":{"rendered":"https:\/\/www.meydan.tv\/?p=332470"},"modified":"2025-06-30T13:13:15","modified_gmt":"2025-06-30T09:13:15","slug":"polis-agdamda-minaya-dusub","status":"publish","type":"post","link":"https:\/\/www.meydan.tv\/az\/article\/polis-agdamda-minaya-dusub\/","title":{"rendered":"Polis A\u011fdamda minaya d\u00fc\u015f\u00fcb"},"content":{"rendered":"\n<p><\/p>\n\n\n\n<p><strong><em>Ona sa\u011f ayaq p\u0259nc\u0259sinin travmatik amputasiyas\u0131 diaqnozu t\u0259yin edilib<\/em><\/strong><\/p>\n\n\n\n<p>\u0130yunun 30-da A\u011fdam Rayon Polis \u015e\u00f6b\u0259sinin \u0259m\u0259kda\u015f\u0131n\u0131n i\u015f\u011faldan azad olunmu\u015f Paprav\u0259nd k\u0259ndi \u0259razisind\u0259 piyada \u0259leyhin\u0259 minaya d\u00fc\u015f\u0259r\u0259k x\u0259sar\u0259t ald\u0131\u011f\u0131 bildirilir.<\/p>\n\n\n\n<p>Bu bar\u0259d\u0259 Daxili \u0130\u015fl\u0259r Nazirliyi, Ba\u015f Prokurorluq v\u0259 Minat\u0259mizl\u0259m\u0259 Agentliyi (ANAMA) birg\u0259 m\u0259tbuat xidm\u0259ti m\u0259lumat yay\u0131b.<\/p>\n\n\n\n<p>Faktla ba\u011fl\u0131 ara\u015fd\u0131rma apar\u0131ld\u0131\u011f\u0131 bildirilib.<\/p>\n\n\n\n<p>T\u018fB\u0130B-in m\u0259lumat\u0131na g\u00f6r\u0259, x\u0259sar\u0259t alan \u015f\u0259xs B\u0259rd\u0259 Rayon M\u0259rk\u0259zi X\u0259st\u0259xanas\u0131n\u0131n T\u0259cili tibbi yard\u0131m \u015f\u00f6b\u0259sin\u0259 q\u0259bul edilib.<\/p>\n\n\n\n<p>37 ya\u015fl\u0131 ki\u015fiy\u0259 sa\u011f ayaq p\u0259nc\u0259sinin travmatik amputasiyas\u0131 diaqnozu t\u0259yin edilib v\u0259 c\u0259rrahi \u0259m\u0259liyyat edilib.<\/p>\n\n\n\n<p>V\u0259ziyy\u0259ti orta a\u011f\u0131r qiym\u0259tl\u0259ndiril\u0259n \u015f\u0259xsin m\u00fcalic\u0259si haz\u0131rda Reanimasiya \u015f\u00f6b\u0259sind\u0259 davam etdirilir.<\/p>\n\n\n\n<p>Az\u0259rbaycan\u0131n r\u0259smi qurumlar\u0131n\u0131n m\u0259lumat\u0131na g\u00f6r\u0259, \u0130kinci Qaraba\u011f m\u00fcharib\u0259sind\u0259n sonra 70 n\u0259f\u0259r minaya d\u00fc\u015f\u0259r\u0259k h\u0259lak olub, 300 n\u0259f\u0259r is\u0259 m\u00fcxt\u0259lif x\u0259sar\u0259tl\u0259r al\u0131b.<\/p>\n\n\n\n<p>Erm\u0259nistan xeyili m\u00fcdd\u0259t minalanm\u0131\u015f \u0259razil\u0259rin x\u0259rit\u0259l\u0259rini t\u0259qdim etm\u0259mi\u015fdi, lakin sonradan Az\u0259rbaycanda saxlan\u0131lan b\u0259zi h\u0259rb\u00e7il\u0259rin qaytar\u0131lmas\u0131 m\u00fcqabilind\u0259 bu x\u0259rit\u0259l\u0259rin bir hiss\u0259sini verilmi\u015fdi.<\/p>\n\n\n\n<p>Az\u0259rbaycan r\u0259smil\u0259ri is\u0259 h\u0259min x\u0259rit\u0259l\u0259rin \u0259ks\u0259riyy\u0259tinin qeyri-d\u0259qiq oldu\u011funu bildirmi\u015f, Erm\u0259nistan is\u0259 \u0259lind\u0259 olan b\u00fct\u00fcn x\u0259rit\u0259l\u0259ri t\u0259qdim etdiyini b\u0259yan etmi\u015fdi.<\/p>\n\n\n\n<p>Erm\u0259nistanla Az\u0259rbaycan aras\u0131nda m\u00fcnaqi\u015f\u0259 1988-ci ild\u0259 ba\u015flay\u0131b.<\/p>\n\n\n\n<p>2020-ci ilin sentyabr\u0131nda is\u0259 uzunm\u00fcdd\u0259tli at\u0259\u015fk\u0259sd\u0259n sonra Az\u0259rbaycan v\u0259 Erm\u0259nistan aras\u0131nda 44 g\u00fcnl\u00fck \u0130kinci Qaraba\u011f m\u00fcharib\u0259si ba\u015f verib.<\/p>\n\n\n\n<p>Az\u0259rbaycan Qaraba\u011f\u0131n bir hiss\u0259sin\u0259 v\u0259 \u0259traf 7 rayona n\u0259zar\u0259ti b\u0259rpa edib.<\/p>\n\n\n\n<p>2023-c\u00fc ilin sentyabr\u0131n 19-da Az\u0259rbaycan Qaraba\u011fda lokal h\u0259rbi \u0259m\u0259liyyat ke\u00e7irib.<\/p>\n\n\n\n<p>Sentyabr\u0131n 28-d\u0259 separat\u00e7\u0131 \u201cDa\u011fl\u0131q Qaraba\u011f\u0131n (Artsax) Prezidenti\u201d Samvel \u015eahramanyan \u201crespublika\u201dn\u0131n burax\u0131lmas\u0131 bar\u0259d\u0259 f\u0259rman imzalay\u0131b.<\/p>\n\n\n\n<p>O, f\u0259rman\u0131 19 sentyabr 2023-c\u00fc ild\u0259n sonra yaranm\u0131\u015f v\u0259ziyy\u0259tl\u0259 \u0259laq\u0259l\u0259ndirib.<\/p>\n\n\n\n<p>Oktyabr\u0131n 15-d\u0259 is\u0259 Prezident \u0130lham \u018fliyev Xank\u0259ndi \u015f\u0259h\u0259rin\u0259 s\u0259f\u0259r edib.<\/p>\n\n\n\n<p>Prezident Xank\u0259ndid\u0259 Az\u0259rbaycan bayra\u011f\u0131n\u0131 qald\u0131r\u0131b v\u0259 \u00e7\u0131x\u0131\u015f edib.<\/p>\n\n\n\n<p>\u00c7\u0131x\u0131\u015f\u0131nda Az\u0259rbaycan\u0131n \u00f6z suverenliyini tam b\u0259rpa etdiyini, Qaraba\u011f probleminin bitdiyini, m\u00fcnaqi\u015f\u0259nin sona \u00e7atd\u0131\u011f\u0131n\u0131 deyib.<\/p>\n\n\n\n<p>T\u0259r\u0259fl\u0259r bu ilin mart\u0131nda s\u00fclh sazi\u015fin \u00fczr\u0259 raz\u0131l\u0131\u011fa g\u0259ldikl\u0259rini a\u00e7\u0131qlasalar da, h\u0259l\u0259lik iki \u00f6lk\u0259 aras\u0131nda s\u00fclh m\u00fcqavil\u0259si imzalanmay\u0131b.<\/p>\n","protected":false},"excerpt":{"rendered":"<p>Ona sa\u011f ayaq p\u0259nc\u0259sinin travmatik amputasiyas\u0131 diaqnozu t\u0259yin edilib \u0130yunun &#8230; <\/p>\n<p class=\"read-more-container\"><a title=\"Polis A\u011fdamda minaya d\u00fc\u015f\u00fcb\" class=\"read-more button\" href=\"https:\/\/www.meydan.tv\/az\/article\/polis-agdamda-minaya-dusub\/#more-332470\" aria-label=\"Read more about Polis A\u011fdamda minaya d\u00fc\u015f\u00fcb\">Davam\u0131<\/a><\/p>\n","protected":false},"author":21,"featured_media":262364,"comment_status":"closed","ping_status":"closed","sticky":false,"template":"","format":"standard","meta":{"_acf_changed":false,"_sitemap_exclude":false,"_sitemap_priority":"","_sitemap_frequency":"","footnotes":""},"categories":[62,56],"tags":[],"class_list":["post-332470","post","type-post","status-publish","format-standard","has-post-thumbnail","hentry","category-sosial","category-xeberler","infinite-scroll-item","generate-columns","tablet-grid-50","mobile-grid-100","grid-parent","grid-33","no-featured-image-padding"],"acf":[],"yoast_head":"<!-- This site is optimized with the Yoast SEO plugin v27.4 - https:\/\/yoast.com\/product\/yoast-seo-wordpress\/ -->\n<title>Polis A\u011fdamda minaya d\u00fc\u015f\u00fcb - MEYDAN.TV<\/title>\n<meta name=\"robots\" content=\"index, follow, max-snippet:-1, max-image-preview:large, max-video-preview:-1\" \/>\n<link rel=\"canonical\" href=\"https:\/\/www.meydan.tv\/az\/article\/polis-agdamda-minaya-dusub\/\" \/>\n<meta property=\"og:locale\" content=\"az_AZ\" \/>\n<meta property=\"og:type\" content=\"article\" \/>\n<meta property=\"og:title\" content=\"Polis A\u011fdamda minaya d\u00fc\u015f\u00fcb - MEYDAN.TV\" \/>\n<meta property=\"og:description\" content=\"Ona sa\u011f ayaq p\u0259nc\u0259sinin travmatik amputasiyas\u0131 diaqnozu t\u0259yin edilib \u0130yunun ... Davam\u0131\" \/>\n<meta property=\"og:url\" content=\"https:\/\/www.meydan.tv\/az\/article\/polis-agdamda-minaya-dusub\/\" \/>\n<meta property=\"og:site_name\" content=\"MEYDAN.TV\" \/>\n<meta property=\"article:published_time\" content=\"2025-06-30T09:13:13+00:00\" \/>\n<meta property=\"article:modified_time\" content=\"2025-06-30T09:13:15+00:00\" \/>\n<meta property=\"og:image\" content=\"https:\/\/www.meydan.tv\/wp-content\/uploads\/166991958848551388_1000x669.jpeg\" \/>\n\t<meta property=\"og:image:width\" content=\"1200\" \/>\n\t<meta property=\"og:image:height\" content=\"577\" \/>\n\t<meta property=\"og:image:type\" content=\"image\/jpeg\" \/>\n<meta name=\"author\" content=\"mahmud\" \/>\n<meta name=\"twitter:card\" content=\"summary_large_image\" \/>\n<script type=\"application\/ld+json\" class=\"yoast-schema-graph\">{\"@context\":\"https:\\\/\\\/schema.org\",\"@graph\":[{\"@type\":\"Article\",\"@id\":\"https:\\\/\\\/www.meydan.tv\\\/az\\\/article\\\/polis-agdamda-minaya-dusub\\\/#article\",\"isPartOf\":{\"@id\":\"https:\\\/\\\/www.meydan.tv\\\/az\\\/article\\\/polis-agdamda-minaya-dusub\\\/\"},\"author\":{\"name\":\"mahmud\",\"@id\":\"https:\\\/\\\/www.meydan.tv\\\/az\\\/#\\\/schema\\\/person\\\/09863e516102a829e72bedcf3f84c6b0\"},\"headline\":\"Polis A\u011fdamda minaya d\u00fc\u015f\u00fcb\",\"datePublished\":\"2025-06-30T09:13:13+00:00\",\"dateModified\":\"2025-06-30T09:13:15+00:00\",\"mainEntityOfPage\":{\"@id\":\"https:\\\/\\\/www.meydan.tv\\\/az\\\/article\\\/polis-agdamda-minaya-dusub\\\/\"},\"wordCount\":484,\"publisher\":{\"@id\":\"https:\\\/\\\/www.meydan.tv\\\/az\\\/#organization\"},\"image\":{\"@id\":\"https:\\\/\\\/www.meydan.tv\\\/az\\\/article\\\/polis-agdamda-minaya-dusub\\\/#primaryimage\"},\"thumbnailUrl\":\"https:\\\/\\\/www.meydan.tv\\\/wp-content\\\/uploads\\\/166991958848551388_1000x669.jpeg\",\"articleSection\":[\"Sosial\",\"X\u0259b\u0259rl\u0259r\"],\"inLanguage\":\"az\"},{\"@type\":\"WebPage\",\"@id\":\"https:\\\/\\\/www.meydan.tv\\\/az\\\/article\\\/polis-agdamda-minaya-dusub\\\/\",\"url\":\"https:\\\/\\\/www.meydan.tv\\\/az\\\/article\\\/polis-agdamda-minaya-dusub\\\/\",\"name\":\"Polis A\u011fdamda minaya d\u00fc\u015f\u00fcb - MEYDAN.TV\",\"isPartOf\":{\"@id\":\"https:\\\/\\\/www.meydan.tv\\\/az\\\/#website\"},\"primaryImageOfPage\":{\"@id\":\"https:\\\/\\\/www.meydan.tv\\\/az\\\/article\\\/polis-agdamda-minaya-dusub\\\/#primaryimage\"},\"image\":{\"@id\":\"https:\\\/\\\/www.meydan.tv\\\/az\\\/article\\\/polis-agdamda-minaya-dusub\\\/#primaryimage\"},\"thumbnailUrl\":\"https:\\\/\\\/www.meydan.tv\\\/wp-content\\\/uploads\\\/166991958848551388_1000x669.jpeg\",\"datePublished\":\"2025-06-30T09:13:13+00:00\",\"dateModified\":\"2025-06-30T09:13:15+00:00\",\"breadcrumb\":{\"@id\":\"https:\\\/\\\/www.meydan.tv\\\/az\\\/article\\\/polis-agdamda-minaya-dusub\\\/#breadcrumb\"},\"inLanguage\":\"az\",\"potentialAction\":[{\"@type\":\"ReadAction\",\"target\":[\"https:\\\/\\\/www.meydan.tv\\\/az\\\/article\\\/polis-agdamda-minaya-dusub\\\/\"]}]},{\"@type\":\"ImageObject\",\"inLanguage\":\"az\",\"@id\":\"https:\\\/\\\/www.meydan.tv\\\/az\\\/article\\\/polis-agdamda-minaya-dusub\\\/#primaryimage\",\"url\":\"https:\\\/\\\/www.meydan.tv\\\/wp-content\\\/uploads\\\/166991958848551388_1000x669.jpeg\",\"contentUrl\":\"https:\\\/\\\/www.meydan.tv\\\/wp-content\\\/uploads\\\/166991958848551388_1000x669.jpeg\",\"width\":1200,\"height\":577,\"caption\":\"Mina. Foto: ANAMA\"},{\"@type\":\"BreadcrumbList\",\"@id\":\"https:\\\/\\\/www.meydan.tv\\\/az\\\/article\\\/polis-agdamda-minaya-dusub\\\/#breadcrumb\",\"itemListElement\":[{\"@type\":\"ListItem\",\"position\":1,\"name\":\"Ana s\u0259hif\u0259\",\"item\":\"https:\\\/\\\/www.meydan.tv\\\/az\\\/\"},{\"@type\":\"ListItem\",\"position\":2,\"name\":\"Sosial\",\"item\":\"https:\\\/\\\/www.meydan.tv\\\/az\\\/section\\\/sosial\\\/\"},{\"@type\":\"ListItem\",\"position\":3,\"name\":\"Polis A\u011fdamda minaya d\u00fc\u015f\u00fcb\"}]},{\"@type\":\"WebSite\",\"@id\":\"https:\\\/\\\/www.meydan.tv\\\/az\\\/#website\",\"url\":\"https:\\\/\\\/www.meydan.tv\\\/az\\\/\",\"name\":\"MEYDAN.TV\",\"description\":\"Meydan TV Az\u0259rbaycan\u0131n media m\u0259kan\u0131ndak\u0131 alternativ s\u0259sidir\",\"publisher\":{\"@id\":\"https:\\\/\\\/www.meydan.tv\\\/az\\\/#organization\"},\"potentialAction\":[{\"@type\":\"SearchAction\",\"target\":{\"@type\":\"EntryPoint\",\"urlTemplate\":\"https:\\\/\\\/www.meydan.tv\\\/az\\\/?s={search_term_string}\"},\"query-input\":{\"@type\":\"PropertyValueSpecification\",\"valueRequired\":true,\"valueName\":\"search_term_string\"}}],\"inLanguage\":\"az\"},{\"@type\":\"Organization\",\"@id\":\"https:\\\/\\\/www.meydan.tv\\\/az\\\/#organization\",\"name\":\"Meydan TV\",\"url\":\"https:\\\/\\\/www.meydan.tv\\\/az\\\/\",\"logo\":{\"@type\":\"ImageObject\",\"inLanguage\":\"az\",\"@id\":\"https:\\\/\\\/www.meydan.tv\\\/az\\\/#\\\/schema\\\/logo\\\/image\\\/\",\"url\":\"https:\\\/\\\/www.meydan.tv\\\/wp-content\\\/uploads\\\/2021\\\/07\\\/meydan-logo.svg\",\"contentUrl\":\"https:\\\/\\\/www.meydan.tv\\\/wp-content\\\/uploads\\\/2021\\\/07\\\/meydan-logo.svg\",\"width\":195,\"height\":46,\"caption\":\"Meydan TV\"},\"image\":{\"@id\":\"https:\\\/\\\/www.meydan.tv\\\/az\\\/#\\\/schema\\\/logo\\\/image\\\/\"}},{\"@type\":\"Person\",\"@id\":\"https:\\\/\\\/www.meydan.tv\\\/az\\\/#\\\/schema\\\/person\\\/09863e516102a829e72bedcf3f84c6b0\",\"name\":\"mahmud\"}]}<\/script>\n<!-- \/ Yoast SEO plugin. -->","yoast_head_json":{"title":"Polis A\u011fdamda minaya d\u00fc\u015f\u00fcb - MEYDAN.TV","robots":{"index":"index","follow":"follow","max-snippet":"max-snippet:-1","max-image-preview":"max-image-preview:large","max-video-preview":"max-video-preview:-1"},"canonical":"https:\/\/www.meydan.tv\/az\/article\/polis-agdamda-minaya-dusub\/","og_locale":"az_AZ","og_type":"article","og_title":"Polis A\u011fdamda minaya d\u00fc\u015f\u00fcb - MEYDAN.TV","og_description":"Ona sa\u011f ayaq p\u0259nc\u0259sinin travmatik amputasiyas\u0131 diaqnozu t\u0259yin edilib \u0130yunun ... Davam\u0131","og_url":"https:\/\/www.meydan.tv\/az\/article\/polis-agdamda-minaya-dusub\/","og_site_name":"MEYDAN.TV","article_published_time":"2025-06-30T09:13:13+00:00","article_modified_time":"2025-06-30T09:13:15+00:00","og_image":[{"width":1200,"height":577,"url":"https:\/\/www.meydan.tv\/wp-content\/uploads\/166991958848551388_1000x669.jpeg","type":"image\/jpeg"}],"author":"mahmud","twitter_card":"summary_large_image","schema":{"@context":"https:\/\/schema.org","@graph":[{"@type":"Article","@id":"https:\/\/www.meydan.tv\/az\/article\/polis-agdamda-minaya-dusub\/#article","isPartOf":{"@id":"https:\/\/www.meydan.tv\/az\/article\/polis-agdamda-minaya-dusub\/"},"author":{"name":"mahmud","@id":"https:\/\/www.meydan.tv\/az\/#\/schema\/person\/09863e516102a829e72bedcf3f84c6b0"},"headline":"Polis A\u011fdamda minaya d\u00fc\u015f\u00fcb","datePublished":"2025-06-30T09:13:13+00:00","dateModified":"2025-06-30T09:13:15+00:00","mainEntityOfPage":{"@id":"https:\/\/www.meydan.tv\/az\/article\/polis-agdamda-minaya-dusub\/"},"wordCount":484,"publisher":{"@id":"https:\/\/www.meydan.tv\/az\/#organization"},"image":{"@id":"https:\/\/www.meydan.tv\/az\/article\/polis-agdamda-minaya-dusub\/#primaryimage"},"thumbnailUrl":"https:\/\/www.meydan.tv\/wp-content\/uploads\/166991958848551388_1000x669.jpeg","articleSection":["Sosial","X\u0259b\u0259rl\u0259r"],"inLanguage":"az"},{"@type":"WebPage","@id":"https:\/\/www.meydan.tv\/az\/article\/polis-agdamda-minaya-dusub\/","url":"https:\/\/www.meydan.tv\/az\/article\/polis-agdamda-minaya-dusub\/","name":"Polis A\u011fdamda minaya d\u00fc\u015f\u00fcb - MEYDAN.TV","isPartOf":{"@id":"https:\/\/www.meydan.tv\/az\/#website"},"primaryImageOfPage":{"@id":"https:\/\/www.meydan.tv\/az\/article\/polis-agdamda-minaya-dusub\/#primaryimage"},"image":{"@id":"https:\/\/www.meydan.tv\/az\/article\/polis-agdamda-minaya-dusub\/#primaryimage"},"thumbnailUrl":"https:\/\/www.meydan.tv\/wp-content\/uploads\/166991958848551388_1000x669.jpeg","datePublished":"2025-06-30T09:13:13+00:00","dateModified":"2025-06-30T09:13:15+00:00","breadcrumb":{"@id":"https:\/\/www.meydan.tv\/az\/article\/polis-agdamda-minaya-dusub\/#breadcrumb"},"inLanguage":"az","potentialAction":[{"@type":"ReadAction","target":["https:\/\/www.meydan.tv\/az\/article\/polis-agdamda-minaya-dusub\/"]}]},{"@type":"ImageObject","inLanguage":"az","@id":"https:\/\/www.meydan.tv\/az\/article\/polis-agdamda-minaya-dusub\/#primaryimage","url":"https:\/\/www.meydan.tv\/wp-content\/uploads\/166991958848551388_1000x669.jpeg","contentUrl":"https:\/\/www.meydan.tv\/wp-content\/uploads\/166991958848551388_1000x669.jpeg","width":1200,"height":577,"caption":"Mina. Foto: ANAMA"},{"@type":"BreadcrumbList","@id":"https:\/\/www.meydan.tv\/az\/article\/polis-agdamda-minaya-dusub\/#breadcrumb","itemListElement":[{"@type":"ListItem","position":1,"name":"Ana s\u0259hif\u0259","item":"https:\/\/www.meydan.tv\/az\/"},{"@type":"ListItem","position":2,"name":"Sosial","item":"https:\/\/www.meydan.tv\/az\/section\/sosial\/"},{"@type":"ListItem","position":3,"name":"Polis A\u011fdamda minaya d\u00fc\u015f\u00fcb"}]},{"@type":"WebSite","@id":"https:\/\/www.meydan.tv\/az\/#website","url":"https:\/\/www.meydan.tv\/az\/","name":"MEYDAN.TV","description":"Meydan TV Az\u0259rbaycan\u0131n media m\u0259kan\u0131ndak\u0131 alternativ s\u0259sidir","publisher":{"@id":"https:\/\/www.meydan.tv\/az\/#organization"},"potentialAction":[{"@type":"SearchAction","target":{"@type":"EntryPoint","urlTemplate":"https:\/\/www.meydan.tv\/az\/?s={search_term_string}"},"query-input":{"@type":"PropertyValueSpecification","valueRequired":true,"valueName":"search_term_string"}}],"inLanguage":"az"},{"@type":"Organization","@id":"https:\/\/www.meydan.tv\/az\/#organization","name":"Meydan TV","url":"https:\/\/www.meydan.tv\/az\/","logo":{"@type":"ImageObject","inLanguage":"az","@id":"https:\/\/www.meydan.tv\/az\/#\/schema\/logo\/image\/","url":"https:\/\/www.meydan.tv\/wp-content\/uploads\/2021\/07\/meydan-logo.svg","contentUrl":"https:\/\/www.meydan.tv\/wp-content\/uploads\/2021\/07\/meydan-logo.svg","width":195,"height":46,"caption":"Meydan TV"},"image":{"@id":"https:\/\/www.meydan.tv\/az\/#\/schema\/logo\/image\/"}},{"@type":"Person","@id":"https:\/\/www.meydan.tv\/az\/#\/schema\/person\/09863e516102a829e72bedcf3f84c6b0","name":"mahmud"}]}},"_links":{"self":[{"href":"https:\/\/www.meydan.tv\/az\/wp-json\/wp\/v2\/posts\/332470","targetHints":{"allow":["GET"]}}],"collection":[{"href":"https:\/\/www.meydan.tv\/az\/wp-json\/wp\/v2\/posts"}],"about":[{"href":"https:\/\/www.meydan.tv\/az\/wp-json\/wp\/v2\/types\/post"}],"author":[{"embeddable":true,"href":"https:\/\/www.meydan.tv\/az\/wp-json\/wp\/v2\/users\/21"}],"replies":[{"embeddable":true,"href":"https:\/\/www.meydan.tv\/az\/wp-json\/wp\/v2\/comments?post=332470"}],"version-history":[{"count":2,"href":"https:\/\/www.meydan.tv\/az\/wp-json\/wp\/v2\/posts\/332470\/revisions"}],"predecessor-version":[{"id":332474,"href":"https:\/\/www.meydan.tv\/az\/wp-json\/wp\/v2\/posts\/332470\/revisions\/332474"}],"wp:featuredmedia":[{"embeddable":true,"href":"https:\/\/www.meydan.tv\/az\/wp-json\/wp\/v2\/media\/262364"}],"wp:attachment":[{"href":"https:\/\/www.meydan.tv\/az\/wp-json\/wp\/v2\/media?parent=332470"}],"wp:term":[{"taxonomy":"category","embeddable":true,"href":"https:\/\/www.meydan.tv\/az\/wp-json\/wp\/v2\/categories?post=332470"},{"taxonomy":"post_tag","embeddable":true,"href":"https:\/\/www.meydan.tv\/az\/wp-json\/wp\/v2\/tags?post=332470"}],"curies":[{"name":"wp","href":"https:\/\/api.w.org\/{rel}","templated":true}]}}