{"id":332458,"date":"2025-06-29T18:59:38","date_gmt":"2025-06-29T14:59:38","guid":{"rendered":"https:\/\/www.meydan.tv\/?p=332458"},"modified":"2025-06-29T19:19:39","modified_gmt":"2025-06-29T15:19:39","slug":"rusiyada-az%c9%99rbaycanlilara-qarsi-polis-zorakiligina-etiraz-az%c9%99rbaycanda-rus-m%c9%99d%c9%99niyy%c9%99t-t%c9%99dbirl%c9%99ri-l%c9%99gv-edildi","status":"publish","type":"post","link":"https:\/\/www.meydan.tv\/az\/article\/rusiyada-az%c9%99rbaycanlilara-qarsi-polis-zorakiligina-etiraz-az%c9%99rbaycanda-rus-m%c9%99d%c9%99niyy%c9%99t-t%c9%99dbirl%c9%99ri-l%c9%99gv-edildi\/","title":{"rendered":"Rusiyada az\u0259rbaycanl\u0131lara qar\u015f\u0131 polis zorak\u0131l\u0131\u011f\u0131na etiraz: Az\u0259rbaycanda rus m\u0259d\u0259niyy\u0259t t\u0259dbirl\u0259ri l\u0259\u011fv edildi"},"content":{"rendered":"\n<p><\/p>\n\n\n\n<p><strong><em>Bu q\u0259rar t\u0259\u015fkilat\u00e7\u0131s\u0131 Emin A\u011falarovun oldu\u011fu &#8220;Dream Fest&#8221;\u0259 d\u0259 t\u0259sir edib<\/em><\/strong><\/p>\n\n\n\n<p>Rusiya Federasiyas\u0131n\u0131n Yekaterinburq \u015f\u0259h\u0259rind\u0259 h\u00fcquq m\u00fchafiz\u0259 orqanlar\u0131n\u0131n az\u0259rbaycanl\u0131 ail\u0259l\u0259rin evl\u0259rin\u0259 basq\u0131n etm\u0259si v\u0259 n\u0259tic\u0259d\u0259 iki n\u0259f\u0259r az\u0259rbaycanl\u0131n\u0131n i\u015fg\u0259nc\u0259y\u0259 m\u0259ruz qalaraq \u00f6ld\u00fcr\u00fclm\u0259sind\u0259n sonra  Az\u0259rbaycan h\u00f6kum\u0259ti etiraz olaraq Rusiyadan g\u0259l\u0259n b\u00fct\u00fcn m\u0259d\u0259niyy\u0259t t\u0259dbirl\u0259rini dayand\u0131rmaq q\u0259rar\u0131 verib.<\/p>\n\n\n\n<p>M\u0259d\u0259niyy\u0259t Nazirliyind\u0259n veril\u0259n r\u0259smi <a href=\"https:\/\/www.facebook.com\/culture.gov.az\/posts\/pfbid0e6bBz9k9Rs7T4NCpTXR62RDQ946vbmPQuevsFe6beDCrKVZWfQnFwkwY8TxZyA87l\">a\u00e7\u0131qlamada<\/a> bildirilib ki, son d\u00f6vrl\u0259rd\u0259 Rusiya h\u00fcquq-m\u00fchafiz\u0259 orqanlar\u0131 t\u0259r\u0259find\u0259n etnik m\u0259nsubiyy\u0259tin\u0259 g\u00f6r\u0259 az\u0259rbaycanl\u0131lara qar\u015f\u0131 m\u0259qs\u0259dli v\u0259 m\u00fchakim\u0259siz zorak\u0131l\u0131q v\u0259 q\u0259tl hallar\u0131n\u0131n artmas\u0131 fonunda, d\u00f6vl\u0259t v\u0259 \u00f6z\u0259l m\u00fc\u0259ssis\u0259l\u0259rin x\u0259tti il\u0259 Az\u0259rbaycanda ke\u00e7irilm\u0259si n\u0259z\u0259rd\u0259 tutulan b\u00fct\u00fcn rus m\u0259d\u0259niyy\u0259t t\u0259dbirl\u0259ri \u2014 konsertl\u0259r, festivallar, tama\u015falar, s\u0259rgil\u0259r v\u0259 dig\u0259r proqramlar l\u0259\u011fv edilir.<\/p>\n\n\n\n<p>Nazirlik qeyd edib ki, bilet alm\u0131\u015f v\u0259t\u0259nda\u015flar biletl\u0259ri qaytarmaq \u00fc\u00e7\u00fcn m\u00fcvafiq sat\u0131\u015f m\u0259nt\u0259q\u0259l\u0259rin\u0259 v\u0259 onlayn platformalara m\u00fcraci\u0259t ed\u0259 bil\u0259rl\u0259r.<\/p>\n\n\n\n<p>Bu q\u0259rar Az\u0259rbaycan\u0131n \u0259n b\u00f6y\u00fck yay musiqi festivallar\u0131ndan biri olan &#8220;Dream Fest&#8221;\u0259 d\u0259 t\u0259sir edib. Festival\u0131n t\u0259\u015fkilat\u00e7\u0131s\u0131, Az\u0259rbaycan\u0131n xalq artisti Emin A\u011falarov bildirib ki, iyulun 23-d\u0259n 26-d\u0259k &#8220;Sea Breeze&#8221;d\u0259 ba\u015f tutacaq &#8220;Dream Fest&#8221;in proqram\u0131nda d\u0259yi\u015fiklik edil\u0259c\u0259k.<\/p>\n\n\n\n<p>X\u00fcsusil\u0259, festival\u0131n ikinci v\u0259 d\u00f6rd\u00fcnc\u00fc g\u00fcnl\u0259rind\u0259 s\u0259hn\u0259y\u0259 \u00e7\u0131xmal\u0131 olan ifa\u00e7\u0131larla ba\u011fl\u0131 m\u0259s\u0259l\u0259y\u0259 yenid\u0259n bax\u0131l\u0131r v\u0259 yax\u0131n vaxtlarda yeni s\u0259n\u0259t\u00e7il\u0259rin adlar\u0131 a\u00e7\u0131qlanacaq.<\/p>\n\n\n\n<p>&#8220;Dream Fest&#8221;d\u0259 bu il 50-y\u0259 yax\u0131n m\u00fc\u011f\u0259nninin i\u015ftirak\u0131 planla\u015fd\u0131r\u0131l\u0131rd\u0131. Onlar\u0131n t\u0259xmin\u0259n 20-i Rusiyadan olan m\u0259\u015fhur ifa\u00e7\u0131lar idi.<\/p>\n\n\n\n<p>Festivalda rusiyal\u0131 m\u00fc\u011f\u0259nnil\u0259rin geni\u015f t\u0259msil olunaca\u011f\u0131 g\u00f6zl\u0259nils\u0259 d\u0259, M\u0259d\u0259niyy\u0259t Nazirliyinin q\u0259rar\u0131ndan sonra onlar\u0131n \u00e7\u0131x\u0131\u015flar\u0131n\u0131n l\u0259\u011fvi g\u00fcnd\u0259m\u0259 g\u0259lib v\u0259 proqramda ciddi d\u0259yi\u015fiklikl\u0259r apar\u0131l\u0131r.<\/p>\n\n\n\n<p><\/p>\n","protected":false},"excerpt":{"rendered":"<p>Bu q\u0259rar t\u0259\u015fkilat\u00e7\u0131s\u0131 Emin A\u011falarovun oldu\u011fu &#8220;Dream Fest&#8221;\u0259 d\u0259 t\u0259sir &#8230; <\/p>\n<p class=\"read-more-container\"><a title=\"Rusiyada az\u0259rbaycanl\u0131lara qar\u015f\u0131 polis zorak\u0131l\u0131\u011f\u0131na etiraz: Az\u0259rbaycanda rus m\u0259d\u0259niyy\u0259t t\u0259dbirl\u0259ri l\u0259\u011fv edildi\" class=\"read-more button\" href=\"https:\/\/www.meydan.tv\/az\/article\/rusiyada-az%c9%99rbaycanlilara-qarsi-polis-zorakiligina-etiraz-az%c9%99rbaycanda-rus-m%c9%99d%c9%99niyy%c9%99t-t%c9%99dbirl%c9%99ri-l%c9%99gv-edildi\/#more-332458\" aria-label=\"Read more about Rusiyada az\u0259rbaycanl\u0131lara qar\u015f\u0131 polis zorak\u0131l\u0131\u011f\u0131na etiraz: Az\u0259rbaycanda rus m\u0259d\u0259niyy\u0259t t\u0259dbirl\u0259ri l\u0259\u011fv edildi\">Davam\u0131<\/a><\/p>\n","protected":false},"author":21,"featured_media":332462,"comment_status":"closed","ping_status":"closed","sticky":false,"template":"","format":"standard","meta":{"_acf_changed":false,"_sitemap_exclude":false,"_sitemap_priority":"","_sitemap_frequency":"","footnotes":""},"categories":[59,56],"tags":[],"class_list":["post-332458","post","type-post","status-publish","format-standard","has-post-thumbnail","hentry","category-siyaset","category-xeberler","infinite-scroll-item","generate-columns","tablet-grid-50","mobile-grid-100","grid-parent","grid-33","no-featured-image-padding"],"acf":[],"yoast_head":"<!-- This site is optimized with the Yoast SEO plugin v27.5 - https:\/\/yoast.com\/product\/yoast-seo-wordpress\/ -->\n<title>Rusiyada az\u0259rbaycanl\u0131lara qar\u015f\u0131 polis zorak\u0131l\u0131\u011f\u0131na etiraz: Az\u0259rbaycanda rus m\u0259d\u0259niyy\u0259t t\u0259dbirl\u0259ri l\u0259\u011fv edildi - MEYDAN.TV<\/title>\n<meta name=\"robots\" content=\"index, follow, max-snippet:-1, max-image-preview:large, max-video-preview:-1\" \/>\n<link rel=\"canonical\" href=\"https:\/\/www.meydan.tv\/az\/article\/rusiyada-az%c9%99rbaycanlilara-qarsi-polis-zorakiligina-etiraz-az%c9%99rbaycanda-rus-m%c9%99d%c9%99niyy%c9%99t-t%c9%99dbirl%c9%99ri-l%c9%99gv-edildi\/\" \/>\n<meta property=\"og:locale\" content=\"az_AZ\" \/>\n<meta property=\"og:type\" content=\"article\" \/>\n<meta property=\"og:title\" content=\"Rusiyada az\u0259rbaycanl\u0131lara qar\u015f\u0131 polis zorak\u0131l\u0131\u011f\u0131na etiraz: Az\u0259rbaycanda rus m\u0259d\u0259niyy\u0259t t\u0259dbirl\u0259ri l\u0259\u011fv edildi - MEYDAN.TV\" \/>\n<meta property=\"og:description\" content=\"Bu q\u0259rar t\u0259\u015fkilat\u00e7\u0131s\u0131 Emin A\u011falarovun oldu\u011fu &#8220;Dream Fest&#8221;\u0259 d\u0259 t\u0259sir ... Davam\u0131\" \/>\n<meta property=\"og:url\" content=\"https:\/\/www.meydan.tv\/az\/article\/rusiyada-az%c9%99rbaycanlilara-qarsi-polis-zorakiligina-etiraz-az%c9%99rbaycanda-rus-m%c9%99d%c9%99niyy%c9%99t-t%c9%99dbirl%c9%99ri-l%c9%99gv-edildi\/\" \/>\n<meta property=\"og:site_name\" content=\"MEYDAN.TV\" \/>\n<meta property=\"article:published_time\" content=\"2025-06-29T14:59:38+00:00\" \/>\n<meta property=\"article:modified_time\" content=\"2025-06-29T15:19:39+00:00\" \/>\n<meta property=\"og:image\" content=\"https:\/\/www.meydan.tv\/wp-content\/uploads\/023.png\" \/>\n\t<meta property=\"og:image:width\" content=\"1179\" \/>\n\t<meta property=\"og:image:height\" content=\"576\" \/>\n\t<meta property=\"og:image:type\" content=\"image\/png\" \/>\n<meta name=\"author\" content=\"mahmud\" \/>\n<meta name=\"twitter:card\" content=\"summary_large_image\" \/>\n<script type=\"application\/ld+json\" class=\"yoast-schema-graph\">{\"@context\":\"https:\\\/\\\/schema.org\",\"@graph\":[{\"@type\":\"Article\",\"@id\":\"https:\\\/\\\/www.meydan.tv\\\/az\\\/article\\\/rusiyada-az%c9%99rbaycanlilara-qarsi-polis-zorakiligina-etiraz-az%c9%99rbaycanda-rus-m%c9%99d%c9%99niyy%c9%99t-t%c9%99dbirl%c9%99ri-l%c9%99gv-edildi\\\/#article\",\"isPartOf\":{\"@id\":\"https:\\\/\\\/www.meydan.tv\\\/az\\\/article\\\/rusiyada-az%c9%99rbaycanlilara-qarsi-polis-zorakiligina-etiraz-az%c9%99rbaycanda-rus-m%c9%99d%c9%99niyy%c9%99t-t%c9%99dbirl%c9%99ri-l%c9%99gv-edildi\\\/\"},\"author\":{\"name\":\"mahmud\",\"@id\":\"https:\\\/\\\/www.meydan.tv\\\/az\\\/#\\\/schema\\\/person\\\/09863e516102a829e72bedcf3f84c6b0\"},\"headline\":\"Rusiyada az\u0259rbaycanl\u0131lara qar\u015f\u0131 polis zorak\u0131l\u0131\u011f\u0131na etiraz: Az\u0259rbaycanda rus m\u0259d\u0259niyy\u0259t t\u0259dbirl\u0259ri l\u0259\u011fv edildi\",\"datePublished\":\"2025-06-29T14:59:38+00:00\",\"dateModified\":\"2025-06-29T15:19:39+00:00\",\"mainEntityOfPage\":{\"@id\":\"https:\\\/\\\/www.meydan.tv\\\/az\\\/article\\\/rusiyada-az%c9%99rbaycanlilara-qarsi-polis-zorakiligina-etiraz-az%c9%99rbaycanda-rus-m%c9%99d%c9%99niyy%c9%99t-t%c9%99dbirl%c9%99ri-l%c9%99gv-edildi\\\/\"},\"wordCount\":427,\"publisher\":{\"@id\":\"https:\\\/\\\/www.meydan.tv\\\/az\\\/#organization\"},\"image\":{\"@id\":\"https:\\\/\\\/www.meydan.tv\\\/az\\\/article\\\/rusiyada-az%c9%99rbaycanlilara-qarsi-polis-zorakiligina-etiraz-az%c9%99rbaycanda-rus-m%c9%99d%c9%99niyy%c9%99t-t%c9%99dbirl%c9%99ri-l%c9%99gv-edildi\\\/#primaryimage\"},\"thumbnailUrl\":\"https:\\\/\\\/www.meydan.tv\\\/wp-content\\\/uploads\\\/023.png\",\"articleSection\":[\"Siyas\u0259t\",\"X\u0259b\u0259rl\u0259r\"],\"inLanguage\":\"az\"},{\"@type\":\"WebPage\",\"@id\":\"https:\\\/\\\/www.meydan.tv\\\/az\\\/article\\\/rusiyada-az%c9%99rbaycanlilara-qarsi-polis-zorakiligina-etiraz-az%c9%99rbaycanda-rus-m%c9%99d%c9%99niyy%c9%99t-t%c9%99dbirl%c9%99ri-l%c9%99gv-edildi\\\/\",\"url\":\"https:\\\/\\\/www.meydan.tv\\\/az\\\/article\\\/rusiyada-az%c9%99rbaycanlilara-qarsi-polis-zorakiligina-etiraz-az%c9%99rbaycanda-rus-m%c9%99d%c9%99niyy%c9%99t-t%c9%99dbirl%c9%99ri-l%c9%99gv-edildi\\\/\",\"name\":\"Rusiyada az\u0259rbaycanl\u0131lara qar\u015f\u0131 polis zorak\u0131l\u0131\u011f\u0131na etiraz: Az\u0259rbaycanda rus m\u0259d\u0259niyy\u0259t t\u0259dbirl\u0259ri l\u0259\u011fv edildi - MEYDAN.TV\",\"isPartOf\":{\"@id\":\"https:\\\/\\\/www.meydan.tv\\\/az\\\/#website\"},\"primaryImageOfPage\":{\"@id\":\"https:\\\/\\\/www.meydan.tv\\\/az\\\/article\\\/rusiyada-az%c9%99rbaycanlilara-qarsi-polis-zorakiligina-etiraz-az%c9%99rbaycanda-rus-m%c9%99d%c9%99niyy%c9%99t-t%c9%99dbirl%c9%99ri-l%c9%99gv-edildi\\\/#primaryimage\"},\"image\":{\"@id\":\"https:\\\/\\\/www.meydan.tv\\\/az\\\/article\\\/rusiyada-az%c9%99rbaycanlilara-qarsi-polis-zorakiligina-etiraz-az%c9%99rbaycanda-rus-m%c9%99d%c9%99niyy%c9%99t-t%c9%99dbirl%c9%99ri-l%c9%99gv-edildi\\\/#primaryimage\"},\"thumbnailUrl\":\"https:\\\/\\\/www.meydan.tv\\\/wp-content\\\/uploads\\\/023.png\",\"datePublished\":\"2025-06-29T14:59:38+00:00\",\"dateModified\":\"2025-06-29T15:19:39+00:00\",\"breadcrumb\":{\"@id\":\"https:\\\/\\\/www.meydan.tv\\\/az\\\/article\\\/rusiyada-az%c9%99rbaycanlilara-qarsi-polis-zorakiligina-etiraz-az%c9%99rbaycanda-rus-m%c9%99d%c9%99niyy%c9%99t-t%c9%99dbirl%c9%99ri-l%c9%99gv-edildi\\\/#breadcrumb\"},\"inLanguage\":\"az\",\"potentialAction\":[{\"@type\":\"ReadAction\",\"target\":[\"https:\\\/\\\/www.meydan.tv\\\/az\\\/article\\\/rusiyada-az%c9%99rbaycanlilara-qarsi-polis-zorakiligina-etiraz-az%c9%99rbaycanda-rus-m%c9%99d%c9%99niyy%c9%99t-t%c9%99dbirl%c9%99ri-l%c9%99gv-edildi\\\/\"]}]},{\"@type\":\"ImageObject\",\"inLanguage\":\"az\",\"@id\":\"https:\\\/\\\/www.meydan.tv\\\/az\\\/article\\\/rusiyada-az%c9%99rbaycanlilara-qarsi-polis-zorakiligina-etiraz-az%c9%99rbaycanda-rus-m%c9%99d%c9%99niyy%c9%99t-t%c9%99dbirl%c9%99ri-l%c9%99gv-edildi\\\/#primaryimage\",\"url\":\"https:\\\/\\\/www.meydan.tv\\\/wp-content\\\/uploads\\\/023.png\",\"contentUrl\":\"https:\\\/\\\/www.meydan.tv\\\/wp-content\\\/uploads\\\/023.png\",\"width\":1179,\"height\":576,\"caption\":\"\u201cDream Fest\u201d - Foto: Seabreeze.az\"},{\"@type\":\"BreadcrumbList\",\"@id\":\"https:\\\/\\\/www.meydan.tv\\\/az\\\/article\\\/rusiyada-az%c9%99rbaycanlilara-qarsi-polis-zorakiligina-etiraz-az%c9%99rbaycanda-rus-m%c9%99d%c9%99niyy%c9%99t-t%c9%99dbirl%c9%99ri-l%c9%99gv-edildi\\\/#breadcrumb\",\"itemListElement\":[{\"@type\":\"ListItem\",\"position\":1,\"name\":\"Ana s\u0259hif\u0259\",\"item\":\"https:\\\/\\\/www.meydan.tv\\\/az\\\/\"},{\"@type\":\"ListItem\",\"position\":2,\"name\":\"Siyas\u0259t\",\"item\":\"https:\\\/\\\/www.meydan.tv\\\/az\\\/section\\\/siyaset\\\/\"},{\"@type\":\"ListItem\",\"position\":3,\"name\":\"Rusiyada az\u0259rbaycanl\u0131lara qar\u015f\u0131 polis zorak\u0131l\u0131\u011f\u0131na etiraz: Az\u0259rbaycanda rus m\u0259d\u0259niyy\u0259t t\u0259dbirl\u0259ri l\u0259\u011fv edildi\"}]},{\"@type\":\"WebSite\",\"@id\":\"https:\\\/\\\/www.meydan.tv\\\/az\\\/#website\",\"url\":\"https:\\\/\\\/www.meydan.tv\\\/az\\\/\",\"name\":\"MEYDAN.TV\",\"description\":\"Meydan TV Az\u0259rbaycan\u0131n media m\u0259kan\u0131ndak\u0131 alternativ s\u0259sidir\",\"publisher\":{\"@id\":\"https:\\\/\\\/www.meydan.tv\\\/az\\\/#organization\"},\"potentialAction\":[{\"@type\":\"SearchAction\",\"target\":{\"@type\":\"EntryPoint\",\"urlTemplate\":\"https:\\\/\\\/www.meydan.tv\\\/az\\\/?s={search_term_string}\"},\"query-input\":{\"@type\":\"PropertyValueSpecification\",\"valueRequired\":true,\"valueName\":\"search_term_string\"}}],\"inLanguage\":\"az\"},{\"@type\":\"Organization\",\"@id\":\"https:\\\/\\\/www.meydan.tv\\\/az\\\/#organization\",\"name\":\"Meydan TV\",\"url\":\"https:\\\/\\\/www.meydan.tv\\\/az\\\/\",\"logo\":{\"@type\":\"ImageObject\",\"inLanguage\":\"az\",\"@id\":\"https:\\\/\\\/www.meydan.tv\\\/az\\\/#\\\/schema\\\/logo\\\/image\\\/\",\"url\":\"https:\\\/\\\/www.meydan.tv\\\/wp-content\\\/uploads\\\/2021\\\/07\\\/meydan-logo.svg\",\"contentUrl\":\"https:\\\/\\\/www.meydan.tv\\\/wp-content\\\/uploads\\\/2021\\\/07\\\/meydan-logo.svg\",\"width\":195,\"height\":46,\"caption\":\"Meydan TV\"},\"image\":{\"@id\":\"https:\\\/\\\/www.meydan.tv\\\/az\\\/#\\\/schema\\\/logo\\\/image\\\/\"}},{\"@type\":\"Person\",\"@id\":\"https:\\\/\\\/www.meydan.tv\\\/az\\\/#\\\/schema\\\/person\\\/09863e516102a829e72bedcf3f84c6b0\",\"name\":\"mahmud\"}]}<\/script>\n<!-- \/ Yoast SEO plugin. -->","yoast_head_json":{"title":"Rusiyada az\u0259rbaycanl\u0131lara qar\u015f\u0131 polis zorak\u0131l\u0131\u011f\u0131na etiraz: Az\u0259rbaycanda rus m\u0259d\u0259niyy\u0259t t\u0259dbirl\u0259ri l\u0259\u011fv edildi - MEYDAN.TV","robots":{"index":"index","follow":"follow","max-snippet":"max-snippet:-1","max-image-preview":"max-image-preview:large","max-video-preview":"max-video-preview:-1"},"canonical":"https:\/\/www.meydan.tv\/az\/article\/rusiyada-az%c9%99rbaycanlilara-qarsi-polis-zorakiligina-etiraz-az%c9%99rbaycanda-rus-m%c9%99d%c9%99niyy%c9%99t-t%c9%99dbirl%c9%99ri-l%c9%99gv-edildi\/","og_locale":"az_AZ","og_type":"article","og_title":"Rusiyada az\u0259rbaycanl\u0131lara qar\u015f\u0131 polis zorak\u0131l\u0131\u011f\u0131na etiraz: Az\u0259rbaycanda rus m\u0259d\u0259niyy\u0259t t\u0259dbirl\u0259ri l\u0259\u011fv edildi - MEYDAN.TV","og_description":"Bu q\u0259rar t\u0259\u015fkilat\u00e7\u0131s\u0131 Emin A\u011falarovun oldu\u011fu &#8220;Dream Fest&#8221;\u0259 d\u0259 t\u0259sir ... Davam\u0131","og_url":"https:\/\/www.meydan.tv\/az\/article\/rusiyada-az%c9%99rbaycanlilara-qarsi-polis-zorakiligina-etiraz-az%c9%99rbaycanda-rus-m%c9%99d%c9%99niyy%c9%99t-t%c9%99dbirl%c9%99ri-l%c9%99gv-edildi\/","og_site_name":"MEYDAN.TV","article_published_time":"2025-06-29T14:59:38+00:00","article_modified_time":"2025-06-29T15:19:39+00:00","og_image":[{"width":1179,"height":576,"url":"https:\/\/www.meydan.tv\/wp-content\/uploads\/023.png","type":"image\/png"}],"author":"mahmud","twitter_card":"summary_large_image","schema":{"@context":"https:\/\/schema.org","@graph":[{"@type":"Article","@id":"https:\/\/www.meydan.tv\/az\/article\/rusiyada-az%c9%99rbaycanlilara-qarsi-polis-zorakiligina-etiraz-az%c9%99rbaycanda-rus-m%c9%99d%c9%99niyy%c9%99t-t%c9%99dbirl%c9%99ri-l%c9%99gv-edildi\/#article","isPartOf":{"@id":"https:\/\/www.meydan.tv\/az\/article\/rusiyada-az%c9%99rbaycanlilara-qarsi-polis-zorakiligina-etiraz-az%c9%99rbaycanda-rus-m%c9%99d%c9%99niyy%c9%99t-t%c9%99dbirl%c9%99ri-l%c9%99gv-edildi\/"},"author":{"name":"mahmud","@id":"https:\/\/www.meydan.tv\/az\/#\/schema\/person\/09863e516102a829e72bedcf3f84c6b0"},"headline":"Rusiyada az\u0259rbaycanl\u0131lara qar\u015f\u0131 polis zorak\u0131l\u0131\u011f\u0131na etiraz: Az\u0259rbaycanda rus m\u0259d\u0259niyy\u0259t t\u0259dbirl\u0259ri l\u0259\u011fv edildi","datePublished":"2025-06-29T14:59:38+00:00","dateModified":"2025-06-29T15:19:39+00:00","mainEntityOfPage":{"@id":"https:\/\/www.meydan.tv\/az\/article\/rusiyada-az%c9%99rbaycanlilara-qarsi-polis-zorakiligina-etiraz-az%c9%99rbaycanda-rus-m%c9%99d%c9%99niyy%c9%99t-t%c9%99dbirl%c9%99ri-l%c9%99gv-edildi\/"},"wordCount":427,"publisher":{"@id":"https:\/\/www.meydan.tv\/az\/#organization"},"image":{"@id":"https:\/\/www.meydan.tv\/az\/article\/rusiyada-az%c9%99rbaycanlilara-qarsi-polis-zorakiligina-etiraz-az%c9%99rbaycanda-rus-m%c9%99d%c9%99niyy%c9%99t-t%c9%99dbirl%c9%99ri-l%c9%99gv-edildi\/#primaryimage"},"thumbnailUrl":"https:\/\/www.meydan.tv\/wp-content\/uploads\/023.png","articleSection":["Siyas\u0259t","X\u0259b\u0259rl\u0259r"],"inLanguage":"az"},{"@type":"WebPage","@id":"https:\/\/www.meydan.tv\/az\/article\/rusiyada-az%c9%99rbaycanlilara-qarsi-polis-zorakiligina-etiraz-az%c9%99rbaycanda-rus-m%c9%99d%c9%99niyy%c9%99t-t%c9%99dbirl%c9%99ri-l%c9%99gv-edildi\/","url":"https:\/\/www.meydan.tv\/az\/article\/rusiyada-az%c9%99rbaycanlilara-qarsi-polis-zorakiligina-etiraz-az%c9%99rbaycanda-rus-m%c9%99d%c9%99niyy%c9%99t-t%c9%99dbirl%c9%99ri-l%c9%99gv-edildi\/","name":"Rusiyada az\u0259rbaycanl\u0131lara qar\u015f\u0131 polis zorak\u0131l\u0131\u011f\u0131na etiraz: Az\u0259rbaycanda rus m\u0259d\u0259niyy\u0259t t\u0259dbirl\u0259ri l\u0259\u011fv edildi - MEYDAN.TV","isPartOf":{"@id":"https:\/\/www.meydan.tv\/az\/#website"},"primaryImageOfPage":{"@id":"https:\/\/www.meydan.tv\/az\/article\/rusiyada-az%c9%99rbaycanlilara-qarsi-polis-zorakiligina-etiraz-az%c9%99rbaycanda-rus-m%c9%99d%c9%99niyy%c9%99t-t%c9%99dbirl%c9%99ri-l%c9%99gv-edildi\/#primaryimage"},"image":{"@id":"https:\/\/www.meydan.tv\/az\/article\/rusiyada-az%c9%99rbaycanlilara-qarsi-polis-zorakiligina-etiraz-az%c9%99rbaycanda-rus-m%c9%99d%c9%99niyy%c9%99t-t%c9%99dbirl%c9%99ri-l%c9%99gv-edildi\/#primaryimage"},"thumbnailUrl":"https:\/\/www.meydan.tv\/wp-content\/uploads\/023.png","datePublished":"2025-06-29T14:59:38+00:00","dateModified":"2025-06-29T15:19:39+00:00","breadcrumb":{"@id":"https:\/\/www.meydan.tv\/az\/article\/rusiyada-az%c9%99rbaycanlilara-qarsi-polis-zorakiligina-etiraz-az%c9%99rbaycanda-rus-m%c9%99d%c9%99niyy%c9%99t-t%c9%99dbirl%c9%99ri-l%c9%99gv-edildi\/#breadcrumb"},"inLanguage":"az","potentialAction":[{"@type":"ReadAction","target":["https:\/\/www.meydan.tv\/az\/article\/rusiyada-az%c9%99rbaycanlilara-qarsi-polis-zorakiligina-etiraz-az%c9%99rbaycanda-rus-m%c9%99d%c9%99niyy%c9%99t-t%c9%99dbirl%c9%99ri-l%c9%99gv-edildi\/"]}]},{"@type":"ImageObject","inLanguage":"az","@id":"https:\/\/www.meydan.tv\/az\/article\/rusiyada-az%c9%99rbaycanlilara-qarsi-polis-zorakiligina-etiraz-az%c9%99rbaycanda-rus-m%c9%99d%c9%99niyy%c9%99t-t%c9%99dbirl%c9%99ri-l%c9%99gv-edildi\/#primaryimage","url":"https:\/\/www.meydan.tv\/wp-content\/uploads\/023.png","contentUrl":"https:\/\/www.meydan.tv\/wp-content\/uploads\/023.png","width":1179,"height":576,"caption":"\u201cDream Fest\u201d - Foto: Seabreeze.az"},{"@type":"BreadcrumbList","@id":"https:\/\/www.meydan.tv\/az\/article\/rusiyada-az%c9%99rbaycanlilara-qarsi-polis-zorakiligina-etiraz-az%c9%99rbaycanda-rus-m%c9%99d%c9%99niyy%c9%99t-t%c9%99dbirl%c9%99ri-l%c9%99gv-edildi\/#breadcrumb","itemListElement":[{"@type":"ListItem","position":1,"name":"Ana s\u0259hif\u0259","item":"https:\/\/www.meydan.tv\/az\/"},{"@type":"ListItem","position":2,"name":"Siyas\u0259t","item":"https:\/\/www.meydan.tv\/az\/section\/siyaset\/"},{"@type":"ListItem","position":3,"name":"Rusiyada az\u0259rbaycanl\u0131lara qar\u015f\u0131 polis zorak\u0131l\u0131\u011f\u0131na etiraz: Az\u0259rbaycanda rus m\u0259d\u0259niyy\u0259t t\u0259dbirl\u0259ri l\u0259\u011fv edildi"}]},{"@type":"WebSite","@id":"https:\/\/www.meydan.tv\/az\/#website","url":"https:\/\/www.meydan.tv\/az\/","name":"MEYDAN.TV","description":"Meydan TV Az\u0259rbaycan\u0131n media m\u0259kan\u0131ndak\u0131 alternativ s\u0259sidir","publisher":{"@id":"https:\/\/www.meydan.tv\/az\/#organization"},"potentialAction":[{"@type":"SearchAction","target":{"@type":"EntryPoint","urlTemplate":"https:\/\/www.meydan.tv\/az\/?s={search_term_string}"},"query-input":{"@type":"PropertyValueSpecification","valueRequired":true,"valueName":"search_term_string"}}],"inLanguage":"az"},{"@type":"Organization","@id":"https:\/\/www.meydan.tv\/az\/#organization","name":"Meydan TV","url":"https:\/\/www.meydan.tv\/az\/","logo":{"@type":"ImageObject","inLanguage":"az","@id":"https:\/\/www.meydan.tv\/az\/#\/schema\/logo\/image\/","url":"https:\/\/www.meydan.tv\/wp-content\/uploads\/2021\/07\/meydan-logo.svg","contentUrl":"https:\/\/www.meydan.tv\/wp-content\/uploads\/2021\/07\/meydan-logo.svg","width":195,"height":46,"caption":"Meydan TV"},"image":{"@id":"https:\/\/www.meydan.tv\/az\/#\/schema\/logo\/image\/"}},{"@type":"Person","@id":"https:\/\/www.meydan.tv\/az\/#\/schema\/person\/09863e516102a829e72bedcf3f84c6b0","name":"mahmud"}]}},"_links":{"self":[{"href":"https:\/\/www.meydan.tv\/az\/wp-json\/wp\/v2\/posts\/332458","targetHints":{"allow":["GET"]}}],"collection":[{"href":"https:\/\/www.meydan.tv\/az\/wp-json\/wp\/v2\/posts"}],"about":[{"href":"https:\/\/www.meydan.tv\/az\/wp-json\/wp\/v2\/types\/post"}],"author":[{"embeddable":true,"href":"https:\/\/www.meydan.tv\/az\/wp-json\/wp\/v2\/users\/21"}],"replies":[{"embeddable":true,"href":"https:\/\/www.meydan.tv\/az\/wp-json\/wp\/v2\/comments?post=332458"}],"version-history":[{"count":4,"href":"https:\/\/www.meydan.tv\/az\/wp-json\/wp\/v2\/posts\/332458\/revisions"}],"predecessor-version":[{"id":332465,"href":"https:\/\/www.meydan.tv\/az\/wp-json\/wp\/v2\/posts\/332458\/revisions\/332465"}],"wp:featuredmedia":[{"embeddable":true,"href":"https:\/\/www.meydan.tv\/az\/wp-json\/wp\/v2\/media\/332462"}],"wp:attachment":[{"href":"https:\/\/www.meydan.tv\/az\/wp-json\/wp\/v2\/media?parent=332458"}],"wp:term":[{"taxonomy":"category","embeddable":true,"href":"https:\/\/www.meydan.tv\/az\/wp-json\/wp\/v2\/categories?post=332458"},{"taxonomy":"post_tag","embeddable":true,"href":"https:\/\/www.meydan.tv\/az\/wp-json\/wp\/v2\/tags?post=332458"}],"curies":[{"name":"wp","href":"https:\/\/api.w.org\/{rel}","templated":true}]}}