{"id":332438,"date":"2025-06-28T13:25:55","date_gmt":"2025-06-28T09:25:55","guid":{"rendered":"https:\/\/www.meydan.tv\/?p=332438"},"modified":"2025-06-28T17:55:13","modified_gmt":"2025-06-28T13:55:13","slug":"yekaterinburqda-az%c9%99rbaycanlilara-qarsi-%c9%99m%c9%99liyyat-2-n%c9%99f%c9%99r-olub-9-n%c9%99f%c9%99r-saxlanilib","status":"publish","type":"post","link":"https:\/\/www.meydan.tv\/az\/article\/yekaterinburqda-az%c9%99rbaycanlilara-qarsi-%c9%99m%c9%99liyyat-2-n%c9%99f%c9%99r-olub-9-n%c9%99f%c9%99r-saxlanilib\/","title":{"rendered":"Yekaterinburqda az\u0259rbaycanl\u0131lara qar\u015f\u0131 \u0259m\u0259liyyat: \u00d6l\u0259nl\u0259r var, xeyli adam saxlan\u0131l\u0131b (Yenil\u0259nib)"},"content":{"rendered":"\n<p><\/p>\n\n\n\n<p><strong><em>Az\u0259rbaycan Xarici \u0130\u015fl\u0259r Nazirliyi hadis\u0259 il\u0259 ba\u011fl\u0131 b\u0259yanat yay\u0131b<\/em><\/strong>, <em><strong>m\u00fcv\u0259qq\u0259ti i\u015fl\u0259r v\u0259kili X\u0130N-\u0259 \u00e7a\u011f\u0131r\u0131l\u0131b\u00a0<\/strong><\/em><\/p>\n\n\n\n<hr class=\"wp-block-separator has-text-color has-global-color-7-color has-alpha-channel-opacity has-global-color-7-background-color has-background\"\/>\n\n\n\n<p>S\u0259f\u0259rov qarda\u015flar\u0131ndan biri \u015eakir S\u0259f\u0259rov\u00a0<a href=\"https:\/\/apa.az\/hadise\/yekaterinburqda-saxlanilan-azerbaycanlilar-sabah-mehkeme-qarsisina-cixarilacaq-5-neferin-olmesi-xeberi-tesdiqlenmir-906770\" target=\"_blank\" rel=\"noreferrer noopener\">bildirib<\/a> ki, iki qarda\u015f\u0131 &#8211; Ziy\u0259ddin v\u0259 H\u00fcseyn h\u0259yatlar\u0131n\u0131 itiribl\u0259r. O, daha bir qarda\u015f\u0131n\u0131n v\u0259 \u0259misi o\u011flanlar\u0131n\u0131n \u00f6lm\u0259si bar\u0259d\u0259 m\u0259lumatlar\u0131 t\u0259sdiq etm\u0259yib.<\/p>\n\n\n\n<p>Bildirib ki, haz\u0131rda Ziy\u0259ddin v\u0259 H\u00fcseyn S\u0259f\u0259rovlar\u0131n n\u0259\u015fini morqdan g\u00f6t\u00fcrm\u0259k \u00fc\u00e7\u00fcn s\u0259n\u0259dl\u0259\u015fm\u0259 i\u015fl\u0259ri apar\u0131rlar: <\/p>\n\n\n\n<p><em>\u201cSaxlan\u0131lan qarda\u015flar\u0131m\u0131n, \u0259mim o\u011flanlar\u0131n\u0131n u\u015faqlar\u0131 onlar haqq\u0131nda m\u0259lumat ala bilmirl\u0259r. \u0130ki qarda\u015f\u0131m\u0131n \u00f6ld\u00fcr\u00fcld\u00fcy\u00fcn\u00fc bilir\u0259m. Meyitl\u0259ri morqdad\u0131r. Haz\u0131rda meyitl\u0259rin t\u0259hvil al\u0131nmas\u0131 v\u0259 Az\u0259rbaycana yola sal\u0131nmas\u0131 \u00fc\u00e7\u00fcn s\u0259n\u0259dl\u0259ri toplay\u0131ram\u201d.<\/em><\/p>\n\n\n\n<p>\u015eakir S\u0259f\u0259rov \u00fcmumilikd\u0259 60-dan \u00e7ox az\u0259rbaycanl\u0131n\u0131n saxlan\u0131ld\u0131\u011f\u0131 bar\u0259d\u0259 m\u0259lumat oldu\u011funu deyib: <\/p>\n\n\n\n<p><em>\u201cSaxlan\u0131lanlar t\u0259kc\u0259 bizim ail\u0259nin \u00fczvl\u0259ri deyill\u0259r. Onlar\u0131n aras\u0131nda Az\u0259rbaycan\u0131n c\u0259nub zonas\u0131ndan &#8211; C\u0259lilabad rayonundan, Qaraba\u011f b\u00f6lg\u0259sind\u0259n, Quba zonas\u0131ndan olan h\u0259myerlil\u0259rimiz var\u201d<\/em>.<\/p>\n\n\n\n<hr class=\"wp-block-separator has-text-color has-global-color-7-color has-alpha-channel-opacity has-global-color-7-background-color has-background\"\/>\n\n\n\n<p>Rusiya Federasiyas\u0131n\u0131n Az\u0259rbaycan Respublikas\u0131ndak\u0131 S\u0259firliyinin m\u00fcv\u0259qq\u0259ti i\u015fl\u0259r v\u0259kili Pyotr Volokov\u0131x Rusiyan\u0131n Yekaterinburq \u015f\u0259h\u0259rind\u0259 az\u0259rbaycanl\u0131lara qar\u015f\u0131 h\u00fccumlarla \u0259laq\u0259dar Xarici \u0130\u015fl\u0259r Nazirliyin\u0259 \u00e7a\u011f\u0131r\u0131l\u0131b.&nbsp;<\/p>\n\n\n\n<p>Bu bar\u0259d\u0259 Az\u0259rbaycan Xarici \u0130\u015fl\u0259r Nazirliyi (X\u0130N) <a href=\"https:\/\/www.mfa.gov.az\/az\/news\/no28225\" target=\"_blank\" rel=\"noreferrer noopener\">m\u0259lumat<\/a> yay\u0131b.<\/p>\n\n\n\n<p>M\u0259lumatda deyilir ki, Yekaterinburq \u015f\u0259h\u0259rind\u0259 az\u0259rbaycanl\u0131lara qar\u015f\u0131 Rusiyan\u0131n t\u0259hl\u00fck\u0259sizlik q\u00fcvv\u0259l\u0259ri t\u0259r\u0259find\u0259n&nbsp; edil\u0259n h\u00fccumlarla ba\u011fl\u0131 qar\u015f\u0131 t\u0259r\u0259f\u0259 k\u0259skin etiraz bildirilib.<\/p>\n\n\n\n<p><em>\u201cM\u0259s\u0259l\u0259nin ara\u015fd\u0131r\u0131lmas\u0131, zorak\u0131l\u0131q t\u00f6r\u0259d\u0259n b\u00fct\u00fcn \u015f\u0259xsl\u0259rin tezlikl\u0259 cinay\u0259t m\u0259suliyy\u0259tin\u0259 c\u0259lb olunmas\u0131 bar\u0259d\u0259 g\u00f6zl\u0259ntimiz qar\u015f\u0131 t\u0259r\u0259fin diqq\u0259tin\u0259 \u00e7atd\u0131r\u0131l\u0131b<\/em>\u201d- X\u0130N-in m\u0259lumat\u0131nda bel\u0259 deyilir.<\/p>\n\n\n\n<hr class=\"wp-block-separator has-text-color has-global-color-7-color has-alpha-channel-opacity has-global-color-7-background-color has-background\"\/>\n\n\n\n<p>Rusiyan\u0131n Yekaterinburq \u015f\u0259h\u0259rind\u0259 Federal T\u0259hl\u00fck\u0259sizlik Xidm\u0259tinin \u0259m\u0259kda\u015flar\u0131n\u0131n ke\u00e7irdiyi \u0259m\u0259liyyat n\u0259tic\u0259sind\u0259 S\u0259f\u0259rovlar ail\u0259sinin daha \u00fc\u00e7 \u00fczv\u00fc &#8211; Ayaz, M\u0259zahir v\u0259 Kamal S\u0259f\u0259rovlar\u0131n x\u0259st\u0259xanada v\u0259fat etdikl\u0259ri bildirilir. <\/p>\n\n\n\n<p>Bu bar\u0259d\u0259 yax\u0131nlar\u0131 <a href=\"https:\/\/modern.az\/olke\/523312\/yekaterinburqda-oldurulen-azerbaycanlilarin-sayi-5-e-catdi\/\" target=\"_blank\" rel=\"noreferrer noopener\">m\u0259lumat <\/a>veribl\u0259r.<\/p>\n\n\n\n<hr class=\"wp-block-separator has-text-color has-global-color-7-color has-alpha-channel-opacity has-global-color-7-background-color has-background\"\/>\n\n\n\n<p>\u0130yunun 27-d\u0259 Rusiyan\u0131n Yekaterinburq \u015f\u0259h\u0259rind\u0259 Federal T\u0259hl\u00fck\u0259sizlik Xidm\u0259tinin ( FSB) az\u0259rbaycanl\u0131 S\u0259f\u0259rovlar ail\u0259sinin ya\u015fad\u0131qlar\u0131 m\u00fcxt\u0259lif \u00fcnvanlara ke\u00e7irdiyi \u0259m\u0259liyyat n\u0259tic\u0259sind\u0259 2 n\u0259f\u0259rin \u00f6ld\u00fcy\u00fc, 9 n\u0259f\u0259rin saxlan\u0131ld\u0131\u011f\u0131 bildirilir.<\/p>\n\n\n\n<p>\u00d6l\u0259nl\u0259r qarda\u015f, saxlan\u0131lanlar\u0131n ham\u0131s\u0131 is\u0259 qohum olub. &nbsp;Onlar\u0131n \u0259ks\u0259riyy\u0259tinin Rusiya v\u0259t\u0259nda\u015f\u0131 olan az\u0259rbaycanl\u0131lar oldu\u011fu deyilir.<\/p>\n\n\n\n<p>\u018fm\u0259liyyat zaman\u0131 q\u0259tl\u0259 yetiril\u0259n iki qarda\u015fdan biri &#8211; H\u00fcseyn S\u0259f\u0259rov Az\u0259rbaycan, Ziy\u0259ddin S\u0259f\u0259rov is\u0259 Rusiya v\u0259t\u0259nda\u015f\u0131d\u0131r.<\/p>\n\n\n\n<p>Haz\u0131rda onlar\u0131n&nbsp;n\u0259\u015fl\u0259rinin Az\u0259rbaycana g\u0259tiril\u0259r\u0259k ail\u0259l\u0259rin\u0259 t\u0259hvil verilm\u0259si il\u0259 ba\u011fl\u0131 t\u0259dbirl\u0259r g\u00f6r\u00fcl\u00fcr.<\/p>\n\n\n\n<p>\u00d6l\u0259nl\u0259r az\u0259rbaycanl\u0131 jurnalist, \u0259d\u0259biyyat\u015f\u00fcnas v\u0259 t\u0259rc\u00fcm\u0259\u00e7i Seyf\u0259ddin H\u00fcseynlinin qarda\u015flar\u0131d\u0131rlar. &nbsp;<\/p>\n\n\n\n<p>Onlar\u0131n daha bir qarda\u015f\u0131 Bakir S\u0259f\u0259rov m\u00fcxt\u0259lif d\u0259r\u0259c\u0259li b\u0259d\u0259n x\u0259sar\u0259ti al\u0131b, x\u0259st\u0259xanaya yerl\u0259\u015fdirilib. X\u0259st\u0259xanaya yerl\u0259\u015fdiril\u0259nl\u0259rd\u0259n  &#8211; &nbsp;Akif, Ayaz, Kamal, M\u0259zahir S\u0259f\u0259rovlar\u0131n v\u0259ziyy\u0259ti a\u011f\u0131r qiym\u0259tl\u0259ndirilir.<\/p>\n\n\n\n<p>Sabah Yekaterinburq \u015f\u0259h\u0259rind\u0259 Rusiyan\u0131n Federal T\u0259hl\u00fck\u0259sizlik Xidm\u0259tinin saxlad\u0131\u011f\u0131 az\u0259rbaycanl\u0131lar\u0131n m\u0259hk\u0259m\u0259sinin ke\u00e7iril\u0259c\u0259yi g\u00f6zl\u0259nilir.<\/p>\n\n\n\n<p>\u018fsl\u0259n A\u011fdam rayonundan olan S\u0259f\u0259rov qarda\u015flar\u0131 restoran biznesi il\u0259 m\u0259\u015f\u011ful olublar. Yekaterinburqda yerl\u0259\u015f\u0259n \u201cKaspi\u201d restoran\u0131 onlara m\u0259xsus olub.<\/p>\n\n\n\n<p>M\u0259lumata g\u00f6r\u0259, S\u0259f\u0259rovlar ail\u0259sin\u0259 qar\u015f\u0131 \u0259m\u0259liyyat ke\u00e7irilm\u0259sin\u0259 s\u0259b\u0259b 2001-ci ild\u0259 A\u011fdam rayonundan olan Yunis adl\u0131 \u015f\u0259xsin S\u0259f\u0259rovlara m\u0259xsus h\u0259min kafed\u0259 q\u0259tl\u0259 yetirilm\u0259si olub.<\/p>\n\n\n\n<p>Az\u0259rbaycan Xarici \u0130\u015fl\u0259r Nazirliyi Rusiyan\u0131n Yekaterinburq \u015f\u0259h\u0259rind\u0259 az\u0259rbaycanl\u0131lara qar\u015f\u0131 h\u00fccumlarla ba\u011fl\u0131 <a href=\"https:\/\/www.mfa.gov.az\/az\/news\/no28025\" target=\"_blank\" rel=\"noreferrer noopener\">b\u0259yanat<\/a> yay\u0131b. <\/p>\n\n\n\n<p>B\u0259yanatda Yekaterinburq \u015f\u0259h\u0259rind\u0259 az\u0259rbaycanl\u0131lar\u0131n ya\u015fad\u0131\u011f\u0131 evl\u0259r\u0259 basq\u0131n\u0131 n\u0259tic\u0259sind\u0259 h\u0259mv\u0259t\u0259nl\u0259rin h\u0259lak olmas\u0131 v\u0259 b\u0259zil\u0259rinin a\u011f\u0131r b\u0259d\u0259n x\u0259sar\u0259tl\u0259ri n\u0259tic\u0259sind\u0259 yaralanmas\u0131, habel\u0259 9 n\u0259f\u0259rin saxlanmas\u0131 il\u0259 ba\u011fl\u0131 d\u0259rin narahatl\u0131q ifad\u0259 olunub.<\/p>\n\n\n\n<p><em>&#8220;Rusiyan\u0131n m\u0259s\u0259l\u0259 il\u0259 ba\u011fl\u0131 t\u0259xir\u0259sal\u0131nmaz ara\u015fd\u0131r\u0131lma aparmas\u0131n\u0131 v\u0259 bu q\u0259buledilm\u0259z zorak\u0131l\u0131\u011f\u0131 t\u00f6r\u0259d\u0259nl\u0259rin q\u0131sa m\u00fcdd\u0259t \u0259rzind\u0259 m\u0259suliyy\u0259t\u0259 c\u0259lb edilm\u0259sini g\u00f6zl\u0259yirik&#8221;,<\/em> &#8211; b\u0259yanatda deyilir.<\/p>\n\n\n\n<p>Rusiya Regional \u0130stintaq Komit\u0259si v\u0259 Daxili \u0130\u015fl\u0259r Nazirliyi Yekaterinburqda az\u0259rbaycanl\u0131lara qar\u015f\u0131 ke\u00e7iril\u0259n \u0259m\u0259liyyat bar\u0259d\u0259 birg\u0259 m\u0259lumat yay\u0131b. \u0130stintaq sirri oldu\u011fu \u00fc\u00e7\u00fcn indiki m\u0259rh\u0259l\u0259d\u0259 \u0259trafl\u0131 m\u0259lumat a\u00e7\u0131qlanmay\u0131b.<\/p>\n\n\n\n<p>R\u0259smi m\u0259lumatda deyilir ki,  t\u0259dbirl\u0259r \u0259vv\u0259lki ill\u0259rd\u0259 t\u00f6r\u0259dilmi\u015f cinay\u0259t i\u015fl\u0259ri \u00fczr\u0259 apar\u0131l\u0131r. Axtar\u0131\u015flar ke\u00e7iril\u0259n \u0259sas yerl\u0259rd\u0259n biri \u201cBak\u0131 Plaza\u201d ticar\u0259t m\u0259rk\u0259zi olub.<\/p>\n\n\n\n<p>H\u00fcquq-m\u00fchafiz\u0259 orqanlar\u0131 Yekaterinburqda 50-d\u0259n \u00e7ox Az\u0259rbaycan \u0259silli \u015f\u0259xsi saxlay\u0131b \u2013 onlardan b\u0259zil\u0259ri istintaq h\u0259r\u0259k\u0259tl\u0259rind\u0259n sonra s\u0259rb\u0259st burax\u0131l\u0131b. <\/p>\n\n\n\n<p><a href=\"https:\/\/ura.news\/news\/1052955866\" target=\"_blank\" rel=\"noreferrer noopener\">Bildirilir <\/a>ki, \u0259sas m\u0259qs\u0259d 2001-ci ild\u0259 t\u00f6r\u0259dilmi\u015f v\u0259 uzun ill\u0259r a\u00e7\u0131lmam\u0131\u015f bir q\u0259tlin \u2013 ticar\u0259t\u00e7inin \u00f6ld\u00fcr\u00fclm\u0259si hadis\u0259sinin t\u0259qsirkar\u0131n\u0131 m\u00fc\u0259yy\u0259nl\u0259\u015fdirm\u0259k olub. \u0130stintaq, k\u00f6hn\u0259 cinay\u0259tl\u0259rin a\u00e7\u0131lmas\u0131 \u00fczr\u0259 ixtisasla\u015fm\u0131\u015f \u0130stintaq Komit\u0259sinin regional \u015f\u00f6b\u0259sinin d\u00f6rd\u00fcnc\u00fc b\u00f6lm\u0259si t\u0259r\u0259find\u0259n apar\u0131l\u0131r. M\u0259lumata g\u00f6r\u0259, \u015f\u00fcbh\u0259lil\u0259rd\u0259n ikisi art\u0131q d\u00fcnyas\u0131n\u0131 d\u0259yi\u015fib.<\/p>\n\n\n\n<p>Hadis\u0259 il\u0259 ba\u011fl\u0131 v\u0259ziyy\u0259t h\u0259l\u0259 d\u0259 inki\u015faf edir. R\u0259smi \u015f\u0259xsl\u0259r istintaq\u0131n maraqlar\u0131n\u0131 \u0259sas g\u0259tir\u0259r\u0259k \u0259trafl\u0131 m\u0259lumat verm\u0259kd\u0259n \u00e7\u0259kinirl\u0259r.<\/p>\n\n\n\n<p>Az\u0259rbaycanl\u0131lara qar\u015f\u0131 ke\u00e7iril\u0259n \u0259m\u0259liyyat zaman\u0131 Sverdlovsk vilay\u0259tind\u0259 Az\u0259rbaycan diasporunun s\u0259dri \u015eahin \u015e\u0131xl\u0131nskinin d\u0259 saxlan\u0131ld\u0131\u011f\u0131 bildirils\u0259 d\u0259 o, a\u00e7\u0131qlamas\u0131nda m\u0259lumat\u0131n yalan oldu\u011funu deyib.<\/p>\n","protected":false},"excerpt":{"rendered":"<p>Az\u0259rbaycan Xarici \u0130\u015fl\u0259r Nazirliyi hadis\u0259 il\u0259 ba\u011fl\u0131 b\u0259yanat yay\u0131b, m\u00fcv\u0259qq\u0259ti &#8230; <\/p>\n<p class=\"read-more-container\"><a title=\"Yekaterinburqda az\u0259rbaycanl\u0131lara qar\u015f\u0131 \u0259m\u0259liyyat: \u00d6l\u0259nl\u0259r var, xeyli adam saxlan\u0131l\u0131b (Yenil\u0259nib)\" class=\"read-more button\" href=\"https:\/\/www.meydan.tv\/az\/article\/yekaterinburqda-az%c9%99rbaycanlilara-qarsi-%c9%99m%c9%99liyyat-2-n%c9%99f%c9%99r-olub-9-n%c9%99f%c9%99r-saxlanilib\/#more-332438\" aria-label=\"Read more about Yekaterinburqda az\u0259rbaycanl\u0131lara qar\u015f\u0131 \u0259m\u0259liyyat: \u00d6l\u0259nl\u0259r var, xeyli adam saxlan\u0131l\u0131b (Yenil\u0259nib)\">Davam\u0131<\/a><\/p>\n","protected":false},"author":21,"featured_media":332439,"comment_status":"closed","ping_status":"closed","sticky":false,"template":"","format":"standard","meta":{"_acf_changed":false,"_sitemap_exclude":false,"_sitemap_priority":"","_sitemap_frequency":"","footnotes":""},"categories":[59,79,56],"tags":[],"class_list":["post-332438","post","type-post","status-publish","format-standard","has-post-thumbnail","hentry","category-siyaset","category-featured","category-xeberler","infinite-scroll-item","generate-columns","tablet-grid-50","mobile-grid-100","grid-parent","grid-33","no-featured-image-padding"],"acf":[],"yoast_head":"<!-- This site is optimized with the Yoast SEO plugin v27.4 - https:\/\/yoast.com\/product\/yoast-seo-wordpress\/ -->\n<title>Yekaterinburqda az\u0259rbaycanl\u0131lara qar\u015f\u0131 \u0259m\u0259liyyat: \u00d6l\u0259nl\u0259r var, xeyli adam saxlan\u0131l\u0131b (Yenil\u0259nib) - MEYDAN.TV<\/title>\n<meta name=\"robots\" content=\"index, follow, max-snippet:-1, max-image-preview:large, max-video-preview:-1\" \/>\n<link rel=\"canonical\" href=\"https:\/\/www.meydan.tv\/az\/article\/yekaterinburqda-az%c9%99rbaycanlilara-qarsi-%c9%99m%c9%99liyyat-2-n%c9%99f%c9%99r-olub-9-n%c9%99f%c9%99r-saxlanilib\/\" \/>\n<meta property=\"og:locale\" content=\"az_AZ\" \/>\n<meta property=\"og:type\" content=\"article\" \/>\n<meta property=\"og:title\" content=\"Yekaterinburqda az\u0259rbaycanl\u0131lara qar\u015f\u0131 \u0259m\u0259liyyat: \u00d6l\u0259nl\u0259r var, xeyli adam saxlan\u0131l\u0131b (Yenil\u0259nib) - MEYDAN.TV\" \/>\n<meta property=\"og:description\" content=\"Az\u0259rbaycan Xarici \u0130\u015fl\u0259r Nazirliyi hadis\u0259 il\u0259 ba\u011fl\u0131 b\u0259yanat yay\u0131b, m\u00fcv\u0259qq\u0259ti ... Davam\u0131\" \/>\n<meta property=\"og:url\" content=\"https:\/\/www.meydan.tv\/az\/article\/yekaterinburqda-az%c9%99rbaycanlilara-qarsi-%c9%99m%c9%99liyyat-2-n%c9%99f%c9%99r-olub-9-n%c9%99f%c9%99r-saxlanilib\/\" \/>\n<meta property=\"og:site_name\" content=\"MEYDAN.TV\" \/>\n<meta property=\"article:published_time\" content=\"2025-06-28T09:25:55+00:00\" \/>\n<meta property=\"article:modified_time\" content=\"2025-06-28T13:55:13+00:00\" \/>\n<meta property=\"og:image\" content=\"https:\/\/www.meydan.tv\/wp-content\/uploads\/image_from_ios-65-e1751102733856.jpg\" \/>\n\t<meta property=\"og:image:width\" content=\"1280\" \/>\n\t<meta property=\"og:image:height\" content=\"512\" \/>\n\t<meta property=\"og:image:type\" content=\"image\/jpeg\" \/>\n<meta name=\"author\" content=\"mahmud\" \/>\n<meta name=\"twitter:card\" content=\"summary_large_image\" \/>\n<script type=\"application\/ld+json\" class=\"yoast-schema-graph\">{\"@context\":\"https:\\\/\\\/schema.org\",\"@graph\":[{\"@type\":\"Article\",\"@id\":\"https:\\\/\\\/www.meydan.tv\\\/az\\\/article\\\/yekaterinburqda-az%c9%99rbaycanlilara-qarsi-%c9%99m%c9%99liyyat-2-n%c9%99f%c9%99r-olub-9-n%c9%99f%c9%99r-saxlanilib\\\/#article\",\"isPartOf\":{\"@id\":\"https:\\\/\\\/www.meydan.tv\\\/az\\\/article\\\/yekaterinburqda-az%c9%99rbaycanlilara-qarsi-%c9%99m%c9%99liyyat-2-n%c9%99f%c9%99r-olub-9-n%c9%99f%c9%99r-saxlanilib\\\/\"},\"author\":{\"name\":\"mahmud\",\"@id\":\"https:\\\/\\\/www.meydan.tv\\\/az\\\/#\\\/schema\\\/person\\\/09863e516102a829e72bedcf3f84c6b0\"},\"headline\":\"Yekaterinburqda az\u0259rbaycanl\u0131lara qar\u015f\u0131 \u0259m\u0259liyyat: \u00d6l\u0259nl\u0259r var, xeyli adam saxlan\u0131l\u0131b (Yenil\u0259nib)\",\"datePublished\":\"2025-06-28T09:25:55+00:00\",\"dateModified\":\"2025-06-28T13:55:13+00:00\",\"mainEntityOfPage\":{\"@id\":\"https:\\\/\\\/www.meydan.tv\\\/az\\\/article\\\/yekaterinburqda-az%c9%99rbaycanlilara-qarsi-%c9%99m%c9%99liyyat-2-n%c9%99f%c9%99r-olub-9-n%c9%99f%c9%99r-saxlanilib\\\/\"},\"wordCount\":1166,\"publisher\":{\"@id\":\"https:\\\/\\\/www.meydan.tv\\\/az\\\/#organization\"},\"image\":{\"@id\":\"https:\\\/\\\/www.meydan.tv\\\/az\\\/article\\\/yekaterinburqda-az%c9%99rbaycanlilara-qarsi-%c9%99m%c9%99liyyat-2-n%c9%99f%c9%99r-olub-9-n%c9%99f%c9%99r-saxlanilib\\\/#primaryimage\"},\"thumbnailUrl\":\"https:\\\/\\\/www.meydan.tv\\\/wp-content\\\/uploads\\\/image_from_ios-65-e1751102733856.jpg\",\"articleSection\":[\"Siyas\u0259t\",\"T\u00f6vsiy\u0259\",\"X\u0259b\u0259rl\u0259r\"],\"inLanguage\":\"az\"},{\"@type\":\"WebPage\",\"@id\":\"https:\\\/\\\/www.meydan.tv\\\/az\\\/article\\\/yekaterinburqda-az%c9%99rbaycanlilara-qarsi-%c9%99m%c9%99liyyat-2-n%c9%99f%c9%99r-olub-9-n%c9%99f%c9%99r-saxlanilib\\\/\",\"url\":\"https:\\\/\\\/www.meydan.tv\\\/az\\\/article\\\/yekaterinburqda-az%c9%99rbaycanlilara-qarsi-%c9%99m%c9%99liyyat-2-n%c9%99f%c9%99r-olub-9-n%c9%99f%c9%99r-saxlanilib\\\/\",\"name\":\"Yekaterinburqda az\u0259rbaycanl\u0131lara qar\u015f\u0131 \u0259m\u0259liyyat: \u00d6l\u0259nl\u0259r var, xeyli adam saxlan\u0131l\u0131b (Yenil\u0259nib) - MEYDAN.TV\",\"isPartOf\":{\"@id\":\"https:\\\/\\\/www.meydan.tv\\\/az\\\/#website\"},\"primaryImageOfPage\":{\"@id\":\"https:\\\/\\\/www.meydan.tv\\\/az\\\/article\\\/yekaterinburqda-az%c9%99rbaycanlilara-qarsi-%c9%99m%c9%99liyyat-2-n%c9%99f%c9%99r-olub-9-n%c9%99f%c9%99r-saxlanilib\\\/#primaryimage\"},\"image\":{\"@id\":\"https:\\\/\\\/www.meydan.tv\\\/az\\\/article\\\/yekaterinburqda-az%c9%99rbaycanlilara-qarsi-%c9%99m%c9%99liyyat-2-n%c9%99f%c9%99r-olub-9-n%c9%99f%c9%99r-saxlanilib\\\/#primaryimage\"},\"thumbnailUrl\":\"https:\\\/\\\/www.meydan.tv\\\/wp-content\\\/uploads\\\/image_from_ios-65-e1751102733856.jpg\",\"datePublished\":\"2025-06-28T09:25:55+00:00\",\"dateModified\":\"2025-06-28T13:55:13+00:00\",\"breadcrumb\":{\"@id\":\"https:\\\/\\\/www.meydan.tv\\\/az\\\/article\\\/yekaterinburqda-az%c9%99rbaycanlilara-qarsi-%c9%99m%c9%99liyyat-2-n%c9%99f%c9%99r-olub-9-n%c9%99f%c9%99r-saxlanilib\\\/#breadcrumb\"},\"inLanguage\":\"az\",\"potentialAction\":[{\"@type\":\"ReadAction\",\"target\":[\"https:\\\/\\\/www.meydan.tv\\\/az\\\/article\\\/yekaterinburqda-az%c9%99rbaycanlilara-qarsi-%c9%99m%c9%99liyyat-2-n%c9%99f%c9%99r-olub-9-n%c9%99f%c9%99r-saxlanilib\\\/\"]}]},{\"@type\":\"ImageObject\",\"inLanguage\":\"az\",\"@id\":\"https:\\\/\\\/www.meydan.tv\\\/az\\\/article\\\/yekaterinburqda-az%c9%99rbaycanlilara-qarsi-%c9%99m%c9%99liyyat-2-n%c9%99f%c9%99r-olub-9-n%c9%99f%c9%99r-saxlanilib\\\/#primaryimage\",\"url\":\"https:\\\/\\\/www.meydan.tv\\\/wp-content\\\/uploads\\\/image_from_ios-65-e1751102733856.jpg\",\"contentUrl\":\"https:\\\/\\\/www.meydan.tv\\\/wp-content\\\/uploads\\\/image_from_ios-65-e1751102733856.jpg\",\"width\":1280,\"height\":512,\"caption\":\"Kollaj: Meydan TV\"},{\"@type\":\"BreadcrumbList\",\"@id\":\"https:\\\/\\\/www.meydan.tv\\\/az\\\/article\\\/yekaterinburqda-az%c9%99rbaycanlilara-qarsi-%c9%99m%c9%99liyyat-2-n%c9%99f%c9%99r-olub-9-n%c9%99f%c9%99r-saxlanilib\\\/#breadcrumb\",\"itemListElement\":[{\"@type\":\"ListItem\",\"position\":1,\"name\":\"Ana s\u0259hif\u0259\",\"item\":\"https:\\\/\\\/www.meydan.tv\\\/az\\\/\"},{\"@type\":\"ListItem\",\"position\":2,\"name\":\"X\u0259b\u0259rl\u0259r\",\"item\":\"https:\\\/\\\/www.meydan.tv\\\/az\\\/section\\\/xeberler\\\/\"},{\"@type\":\"ListItem\",\"position\":3,\"name\":\"Yekaterinburqda az\u0259rbaycanl\u0131lara qar\u015f\u0131 \u0259m\u0259liyyat: \u00d6l\u0259nl\u0259r var, xeyli adam saxlan\u0131l\u0131b (Yenil\u0259nib)\"}]},{\"@type\":\"WebSite\",\"@id\":\"https:\\\/\\\/www.meydan.tv\\\/az\\\/#website\",\"url\":\"https:\\\/\\\/www.meydan.tv\\\/az\\\/\",\"name\":\"MEYDAN.TV\",\"description\":\"Meydan TV Az\u0259rbaycan\u0131n media m\u0259kan\u0131ndak\u0131 alternativ s\u0259sidir\",\"publisher\":{\"@id\":\"https:\\\/\\\/www.meydan.tv\\\/az\\\/#organization\"},\"potentialAction\":[{\"@type\":\"SearchAction\",\"target\":{\"@type\":\"EntryPoint\",\"urlTemplate\":\"https:\\\/\\\/www.meydan.tv\\\/az\\\/?s={search_term_string}\"},\"query-input\":{\"@type\":\"PropertyValueSpecification\",\"valueRequired\":true,\"valueName\":\"search_term_string\"}}],\"inLanguage\":\"az\"},{\"@type\":\"Organization\",\"@id\":\"https:\\\/\\\/www.meydan.tv\\\/az\\\/#organization\",\"name\":\"Meydan TV\",\"url\":\"https:\\\/\\\/www.meydan.tv\\\/az\\\/\",\"logo\":{\"@type\":\"ImageObject\",\"inLanguage\":\"az\",\"@id\":\"https:\\\/\\\/www.meydan.tv\\\/az\\\/#\\\/schema\\\/logo\\\/image\\\/\",\"url\":\"https:\\\/\\\/www.meydan.tv\\\/wp-content\\\/uploads\\\/2021\\\/07\\\/meydan-logo.svg\",\"contentUrl\":\"https:\\\/\\\/www.meydan.tv\\\/wp-content\\\/uploads\\\/2021\\\/07\\\/meydan-logo.svg\",\"width\":195,\"height\":46,\"caption\":\"Meydan TV\"},\"image\":{\"@id\":\"https:\\\/\\\/www.meydan.tv\\\/az\\\/#\\\/schema\\\/logo\\\/image\\\/\"}},{\"@type\":\"Person\",\"@id\":\"https:\\\/\\\/www.meydan.tv\\\/az\\\/#\\\/schema\\\/person\\\/09863e516102a829e72bedcf3f84c6b0\",\"name\":\"mahmud\"}]}<\/script>\n<!-- \/ Yoast SEO plugin. -->","yoast_head_json":{"title":"Yekaterinburqda az\u0259rbaycanl\u0131lara qar\u015f\u0131 \u0259m\u0259liyyat: \u00d6l\u0259nl\u0259r var, xeyli adam saxlan\u0131l\u0131b (Yenil\u0259nib) - MEYDAN.TV","robots":{"index":"index","follow":"follow","max-snippet":"max-snippet:-1","max-image-preview":"max-image-preview:large","max-video-preview":"max-video-preview:-1"},"canonical":"https:\/\/www.meydan.tv\/az\/article\/yekaterinburqda-az%c9%99rbaycanlilara-qarsi-%c9%99m%c9%99liyyat-2-n%c9%99f%c9%99r-olub-9-n%c9%99f%c9%99r-saxlanilib\/","og_locale":"az_AZ","og_type":"article","og_title":"Yekaterinburqda az\u0259rbaycanl\u0131lara qar\u015f\u0131 \u0259m\u0259liyyat: \u00d6l\u0259nl\u0259r var, xeyli adam saxlan\u0131l\u0131b (Yenil\u0259nib) - MEYDAN.TV","og_description":"Az\u0259rbaycan Xarici \u0130\u015fl\u0259r Nazirliyi hadis\u0259 il\u0259 ba\u011fl\u0131 b\u0259yanat yay\u0131b, m\u00fcv\u0259qq\u0259ti ... Davam\u0131","og_url":"https:\/\/www.meydan.tv\/az\/article\/yekaterinburqda-az%c9%99rbaycanlilara-qarsi-%c9%99m%c9%99liyyat-2-n%c9%99f%c9%99r-olub-9-n%c9%99f%c9%99r-saxlanilib\/","og_site_name":"MEYDAN.TV","article_published_time":"2025-06-28T09:25:55+00:00","article_modified_time":"2025-06-28T13:55:13+00:00","og_image":[{"width":1280,"height":512,"url":"https:\/\/www.meydan.tv\/wp-content\/uploads\/image_from_ios-65-e1751102733856.jpg","type":"image\/jpeg"}],"author":"mahmud","twitter_card":"summary_large_image","schema":{"@context":"https:\/\/schema.org","@graph":[{"@type":"Article","@id":"https:\/\/www.meydan.tv\/az\/article\/yekaterinburqda-az%c9%99rbaycanlilara-qarsi-%c9%99m%c9%99liyyat-2-n%c9%99f%c9%99r-olub-9-n%c9%99f%c9%99r-saxlanilib\/#article","isPartOf":{"@id":"https:\/\/www.meydan.tv\/az\/article\/yekaterinburqda-az%c9%99rbaycanlilara-qarsi-%c9%99m%c9%99liyyat-2-n%c9%99f%c9%99r-olub-9-n%c9%99f%c9%99r-saxlanilib\/"},"author":{"name":"mahmud","@id":"https:\/\/www.meydan.tv\/az\/#\/schema\/person\/09863e516102a829e72bedcf3f84c6b0"},"headline":"Yekaterinburqda az\u0259rbaycanl\u0131lara qar\u015f\u0131 \u0259m\u0259liyyat: \u00d6l\u0259nl\u0259r var, xeyli adam saxlan\u0131l\u0131b (Yenil\u0259nib)","datePublished":"2025-06-28T09:25:55+00:00","dateModified":"2025-06-28T13:55:13+00:00","mainEntityOfPage":{"@id":"https:\/\/www.meydan.tv\/az\/article\/yekaterinburqda-az%c9%99rbaycanlilara-qarsi-%c9%99m%c9%99liyyat-2-n%c9%99f%c9%99r-olub-9-n%c9%99f%c9%99r-saxlanilib\/"},"wordCount":1166,"publisher":{"@id":"https:\/\/www.meydan.tv\/az\/#organization"},"image":{"@id":"https:\/\/www.meydan.tv\/az\/article\/yekaterinburqda-az%c9%99rbaycanlilara-qarsi-%c9%99m%c9%99liyyat-2-n%c9%99f%c9%99r-olub-9-n%c9%99f%c9%99r-saxlanilib\/#primaryimage"},"thumbnailUrl":"https:\/\/www.meydan.tv\/wp-content\/uploads\/image_from_ios-65-e1751102733856.jpg","articleSection":["Siyas\u0259t","T\u00f6vsiy\u0259","X\u0259b\u0259rl\u0259r"],"inLanguage":"az"},{"@type":"WebPage","@id":"https:\/\/www.meydan.tv\/az\/article\/yekaterinburqda-az%c9%99rbaycanlilara-qarsi-%c9%99m%c9%99liyyat-2-n%c9%99f%c9%99r-olub-9-n%c9%99f%c9%99r-saxlanilib\/","url":"https:\/\/www.meydan.tv\/az\/article\/yekaterinburqda-az%c9%99rbaycanlilara-qarsi-%c9%99m%c9%99liyyat-2-n%c9%99f%c9%99r-olub-9-n%c9%99f%c9%99r-saxlanilib\/","name":"Yekaterinburqda az\u0259rbaycanl\u0131lara qar\u015f\u0131 \u0259m\u0259liyyat: \u00d6l\u0259nl\u0259r var, xeyli adam saxlan\u0131l\u0131b (Yenil\u0259nib) - MEYDAN.TV","isPartOf":{"@id":"https:\/\/www.meydan.tv\/az\/#website"},"primaryImageOfPage":{"@id":"https:\/\/www.meydan.tv\/az\/article\/yekaterinburqda-az%c9%99rbaycanlilara-qarsi-%c9%99m%c9%99liyyat-2-n%c9%99f%c9%99r-olub-9-n%c9%99f%c9%99r-saxlanilib\/#primaryimage"},"image":{"@id":"https:\/\/www.meydan.tv\/az\/article\/yekaterinburqda-az%c9%99rbaycanlilara-qarsi-%c9%99m%c9%99liyyat-2-n%c9%99f%c9%99r-olub-9-n%c9%99f%c9%99r-saxlanilib\/#primaryimage"},"thumbnailUrl":"https:\/\/www.meydan.tv\/wp-content\/uploads\/image_from_ios-65-e1751102733856.jpg","datePublished":"2025-06-28T09:25:55+00:00","dateModified":"2025-06-28T13:55:13+00:00","breadcrumb":{"@id":"https:\/\/www.meydan.tv\/az\/article\/yekaterinburqda-az%c9%99rbaycanlilara-qarsi-%c9%99m%c9%99liyyat-2-n%c9%99f%c9%99r-olub-9-n%c9%99f%c9%99r-saxlanilib\/#breadcrumb"},"inLanguage":"az","potentialAction":[{"@type":"ReadAction","target":["https:\/\/www.meydan.tv\/az\/article\/yekaterinburqda-az%c9%99rbaycanlilara-qarsi-%c9%99m%c9%99liyyat-2-n%c9%99f%c9%99r-olub-9-n%c9%99f%c9%99r-saxlanilib\/"]}]},{"@type":"ImageObject","inLanguage":"az","@id":"https:\/\/www.meydan.tv\/az\/article\/yekaterinburqda-az%c9%99rbaycanlilara-qarsi-%c9%99m%c9%99liyyat-2-n%c9%99f%c9%99r-olub-9-n%c9%99f%c9%99r-saxlanilib\/#primaryimage","url":"https:\/\/www.meydan.tv\/wp-content\/uploads\/image_from_ios-65-e1751102733856.jpg","contentUrl":"https:\/\/www.meydan.tv\/wp-content\/uploads\/image_from_ios-65-e1751102733856.jpg","width":1280,"height":512,"caption":"Kollaj: Meydan TV"},{"@type":"BreadcrumbList","@id":"https:\/\/www.meydan.tv\/az\/article\/yekaterinburqda-az%c9%99rbaycanlilara-qarsi-%c9%99m%c9%99liyyat-2-n%c9%99f%c9%99r-olub-9-n%c9%99f%c9%99r-saxlanilib\/#breadcrumb","itemListElement":[{"@type":"ListItem","position":1,"name":"Ana s\u0259hif\u0259","item":"https:\/\/www.meydan.tv\/az\/"},{"@type":"ListItem","position":2,"name":"X\u0259b\u0259rl\u0259r","item":"https:\/\/www.meydan.tv\/az\/section\/xeberler\/"},{"@type":"ListItem","position":3,"name":"Yekaterinburqda az\u0259rbaycanl\u0131lara qar\u015f\u0131 \u0259m\u0259liyyat: \u00d6l\u0259nl\u0259r var, xeyli adam saxlan\u0131l\u0131b (Yenil\u0259nib)"}]},{"@type":"WebSite","@id":"https:\/\/www.meydan.tv\/az\/#website","url":"https:\/\/www.meydan.tv\/az\/","name":"MEYDAN.TV","description":"Meydan TV Az\u0259rbaycan\u0131n media m\u0259kan\u0131ndak\u0131 alternativ s\u0259sidir","publisher":{"@id":"https:\/\/www.meydan.tv\/az\/#organization"},"potentialAction":[{"@type":"SearchAction","target":{"@type":"EntryPoint","urlTemplate":"https:\/\/www.meydan.tv\/az\/?s={search_term_string}"},"query-input":{"@type":"PropertyValueSpecification","valueRequired":true,"valueName":"search_term_string"}}],"inLanguage":"az"},{"@type":"Organization","@id":"https:\/\/www.meydan.tv\/az\/#organization","name":"Meydan TV","url":"https:\/\/www.meydan.tv\/az\/","logo":{"@type":"ImageObject","inLanguage":"az","@id":"https:\/\/www.meydan.tv\/az\/#\/schema\/logo\/image\/","url":"https:\/\/www.meydan.tv\/wp-content\/uploads\/2021\/07\/meydan-logo.svg","contentUrl":"https:\/\/www.meydan.tv\/wp-content\/uploads\/2021\/07\/meydan-logo.svg","width":195,"height":46,"caption":"Meydan TV"},"image":{"@id":"https:\/\/www.meydan.tv\/az\/#\/schema\/logo\/image\/"}},{"@type":"Person","@id":"https:\/\/www.meydan.tv\/az\/#\/schema\/person\/09863e516102a829e72bedcf3f84c6b0","name":"mahmud"}]}},"_links":{"self":[{"href":"https:\/\/www.meydan.tv\/az\/wp-json\/wp\/v2\/posts\/332438","targetHints":{"allow":["GET"]}}],"collection":[{"href":"https:\/\/www.meydan.tv\/az\/wp-json\/wp\/v2\/posts"}],"about":[{"href":"https:\/\/www.meydan.tv\/az\/wp-json\/wp\/v2\/types\/post"}],"author":[{"embeddable":true,"href":"https:\/\/www.meydan.tv\/az\/wp-json\/wp\/v2\/users\/21"}],"replies":[{"embeddable":true,"href":"https:\/\/www.meydan.tv\/az\/wp-json\/wp\/v2\/comments?post=332438"}],"version-history":[{"count":7,"href":"https:\/\/www.meydan.tv\/az\/wp-json\/wp\/v2\/posts\/332438\/revisions"}],"predecessor-version":[{"id":332452,"href":"https:\/\/www.meydan.tv\/az\/wp-json\/wp\/v2\/posts\/332438\/revisions\/332452"}],"wp:featuredmedia":[{"embeddable":true,"href":"https:\/\/www.meydan.tv\/az\/wp-json\/wp\/v2\/media\/332439"}],"wp:attachment":[{"href":"https:\/\/www.meydan.tv\/az\/wp-json\/wp\/v2\/media?parent=332438"}],"wp:term":[{"taxonomy":"category","embeddable":true,"href":"https:\/\/www.meydan.tv\/az\/wp-json\/wp\/v2\/categories?post=332438"},{"taxonomy":"post_tag","embeddable":true,"href":"https:\/\/www.meydan.tv\/az\/wp-json\/wp\/v2\/tags?post=332438"}],"curies":[{"name":"wp","href":"https:\/\/api.w.org\/{rel}","templated":true}]}}