{"id":332398,"date":"2025-06-26T18:14:07","date_gmt":"2025-06-26T14:14:07","guid":{"rendered":"https:\/\/www.meydan.tv\/?p=332398"},"modified":"2025-06-26T18:14:11","modified_gmt":"2025-06-26T14:14:11","slug":"ekspert-az%c9%99rbaycan-daxili-istehlaka-q%c9%99na%c9%99t-ed%c9%99r%c9%99k-qazi-avropaya-satacaq","status":"publish","type":"post","link":"https:\/\/www.meydan.tv\/az\/article\/ekspert-az%c9%99rbaycan-daxili-istehlaka-q%c9%99na%c9%99t-ed%c9%99r%c9%99k-qazi-avropaya-satacaq\/","title":{"rendered":"Ekspert: Az\u0259rbaycan daxili istehlaka q\u0259na\u0259t ed\u0259r\u0259k, qaz\u0131 Avropaya satacaq"},"content":{"rendered":"\n<p><\/p>\n\n\n\n<p><strong><em>Ekspertl\u0259rin fikrinc\u0259, t\u0259bii qaz\u0131 xalqa m\u00fcnasib qiym\u0259t\u0259 satmaq is\u0259 s\u0259rf etmir<\/em><\/strong><\/p>\n\n\n\n<p>Az\u0259rbaycanda \u00e7oxm\u0259rt\u0259b\u0259li binalarda qaz t\u0259chizat\u0131n\u0131n dayand\u0131r\u0131lmas\u0131 planla\u015fd\u0131r\u0131l\u0131r.<\/p>\n\n\n\n<p>\u201c\u0130stilik t\u0259chizat\u0131 haqq\u0131nda\u201d yeni qanun layih\u0259sin\u0259 \u0259sas\u0259n, bu tip binalara t\u0259bii qaz verili\u015finin dayand\u0131r\u0131lmas\u0131 v\u0259 istilik sisteml\u0259rinin yenid\u0259n qurulmas\u0131 g\u00f6zl\u0259nilir. Nazir m\u00fcavini Elnur Soltanov Milli M\u0259clisd\u0259 bu istiqam\u0259td\u0259 ke\u00e7iril\u0259n ictimai dinl\u0259m\u0259l\u0259rd\u0259 <a href=\"https:\/\/storage.googleapis.com\/qurium\/www.meydan.tv\/az-article-az%c9%99renerji-r%c9%99smisi-istilik-tarifl%c9%99ri-real-maya-d%c9%99y%c9%99rind%c9%99n-13-d%c9%99f%c9%99-asagidir.html\" target=\"_blank\" rel=\"noreferrer noopener\">bildirib<\/a> ki, yeni qanunla qazdan istifad\u0259 edilm\u0259y\u0259c\u0259k, bununla da \u00e7oxm\u0259rt\u0259b\u0259li binalarda daha t\u0259hl\u00fck\u0259siz m\u00fchit yaranacaq.<\/p>\n\n\n\n<p>Lakin bu add\u0131m\u0131n \u0259lav\u0259 maliyy\u0259 x\u0259rcl\u0259rin\u0259 s\u0259b\u0259b olaca\u011f\u0131 qeyd olunur. V\u0259t\u0259nda\u015flar elektrik enerjisind\u0259n daha \u00e7ox istifad\u0259 etm\u0259k m\u0259cburiyy\u0259tind\u0259 qalacaq. &#8220;Az\u0259renerji&#8221;nin Texniki-istehsalat idar\u0259sinin r\u0259isi Vaqif Ta\u011f\u0131yev <a href=\"https:\/\/www.meydan.tv\/az\/article\/az%c9%99renerji-r%c9%99smisi-istilik-tarifl%c9%99ri-real-maya-d%c9%99y%c9%99rind%c9%99n-13-d%c9%99f%c9%99-asagidir\/\" target=\"_blank\" rel=\"noreferrer noopener\">bildirib <\/a>ki, istilik enerjisinin real maya d\u0259y\u0259ri 42,5 manat oldu\u011fu halda, bu enerji 3 manata sat\u0131l\u0131r.\u00a0 O, istilik enerjisi t\u0259minat\u0131n\u0131n m\u00f6vcud tarifl\u0259rl\u0259 davam etm\u0259sinin qeyri-real oldu\u011funu vur\u011fulay\u0131b.<\/p>\n\n\n\n<p>Prezident \u0130lham \u018fliyev bug\u00fcnl\u0259rd\u0259 Ming\u0259\u00e7evird\u0259 \u201c8 Noyabr\u201d Elektrik Stansiyas\u0131n\u0131n a\u00e7\u0131l\u0131\u015f\u0131nda deyib ki, daxili istehlak\u0131n azald\u0131lmas\u0131 hesab\u0131na \u0259ld\u0259 olunan qaz d\u00fcnya bazarlar\u0131nda daha s\u0259rf\u0259li qiym\u0259t\u0259 sat\u0131lacaq.<\/p>\n\n\n\n<p><em>\u201cEnerji sistemimizin s\u0259m\u0259r\u0259liliyi art\u0131r\u0131lacaq, potensial, generasiya g\u00fcc\u00fcm\u00fcz artacaq, eyni zamanda, \u015f\u0259rti yanacaq s\u0259rfiyyat\u0131 k\u0259skin a\u015fa\u011f\u0131 d\u00fc\u015f\u0259c\u0259k v\u0259 bel\u0259likl\u0259, bu, biz\u0259 t\u0259bii qaza q\u0259na\u0259t etm\u0259k \u00fc\u00e7\u00fcn imkan yaradacaq. \u00c7\u00fcnki h\u0259r k\u0259s yax\u015f\u0131 bilir ki, Az\u0259rbaycan qaz\u0131na bu g\u00fcn d\u00fcnya bazarlar\u0131nda b\u00f6y\u00fck t\u0259l\u0259bat var v\u0259 n\u0259 q\u0259d\u0259r biz daxild\u0259 t\u0259bii qaza q\u0259na\u0259t ets\u0259k, ixrac imkanlar\u0131m\u0131z da bir o q\u0259d\u0259r artacaq. Bel\u0259likl\u0259, burada \u015f\u0259rti yanaca\u011f\u0131n s\u0259rfiyyat\u0131n\u0131n az olmas\u0131 biz\u0259 \u0259lav\u0259 qazanc g\u0259tir\u0259c\u0259k. T\u0259bii olaraq, biz t\u0259bii qaz\u0131n q\u0259na\u0259tini, eyni zamanda, b\u0259rpaolunan layih\u0259l\u0259rd\u0259 g\u00f6r\u00fcr\u00fck v\u0259 g\u00f6r\u0259c\u0259yik. Az\u0259rbaycan bu istiqam\u0259td\u0259 d\u0259 qabaqc\u0131l \u00f6lk\u0259l\u0259r s\u0131ras\u0131ndad\u0131r\u201d<\/em>, &#8211; \u0130lham \u018fliyev \u00e7\u0131x\u0131\u015f\u0131nda deyib.<\/p>\n\n\n\n<p>Ekspertl\u0259rin fikrinc\u0259, neft v\u0259 qazdan g\u0259l\u0259n g\u0259lirl\u0259r azald\u0131qca, b\u00fcdc\u0259 bo\u015fal\u0131r. T\u0259bii qaz\u0131 xalqa m\u00fcnasib qiym\u0259t\u0259 satmaq is\u0259 s\u0259rf etmir. Buna g\u00f6r\u0259 d\u0259, h\u00f6kum\u0259t \u00f6lk\u0259d\u0259 t\u0259bii qaz\u0131n istifad\u0259sini azaldacaq, \u0259v\u0259zind\u0259 is\u0259 \u201cq\u0259na\u0259t edil\u0259n\u201d h\u0259min qaz\u0131 Avropaya daha baha qiym\u0259t\u0259 satacaq. \u018fv\u0259zind\u0259 is\u0259, v\u0259t\u0259nda\u015flar daha baha ba\u015fa g\u0259l\u0259c\u0259k elektrik enerjisind\u0259n istifad\u0259 etm\u0259li olacaq. Bu is\u0259 insanlar\u0131n sosial durumuna m\u0259nfi t\u0259sir g\u00f6st\u0259r\u0259c\u0259k.<\/p>\n\n\n\n<p>\u0130qtisad\u00e7\u0131 Natiq C\u0259f\u0259rli Meydan TV-y\u0259 deyir ki, \u201c\u0130stilik t\u0259chizat\u0131 haqq\u0131nda\u201d yeni qanun q\u00fcvv\u0259y\u0259 mindiyi t\u0259qdird\u0259, \u0259haliy\u0259 elektrik enerjisinin verilm\u0259sind\u0259 ciddi g\u00fcz\u0259\u015ftl\u0259r olunmal\u0131d\u0131r:<\/p>\n\n\n<div class=\"wp-block-image\">\n<figure class=\"alignleft size-large is-resized\"><img decoding=\"async\" width=\"1200\" height=\"696\" data-src=\"https:\/\/www.meydan.tv\/wp-content\/uploads\/image_from_ios_178-scaled-e1648798569981-1200x696.jpg\" alt=\"Natiq C\u0259f\u0259rli\" class=\"wp-image-210013 lazyload\" style=\"--smush-placeholder-width: 1200px; --smush-placeholder-aspect-ratio: 1200\/696;width:434px;height:auto\" src=\"data:image\/svg+xml;base64,PHN2ZyB3aWR0aD0iMSIgaGVpZ2h0PSIxIiB4bWxucz0iaHR0cDovL3d3dy53My5vcmcvMjAwMC9zdmciPjwvc3ZnPg==\" \/><figcaption class=\"wp-element-caption\">Natiq C\u0259f\u0259rli, Foto: Meydan TV<\/figcaption><\/figure>\n<\/div>\n\n\n<p><\/p>\n\n\n\n<p><em>\u201cElektrik enerjisin\u0259 ke\u00e7id istehlak\u00e7\u0131 \u00fc\u00e7\u00fcn \u00e7ox a\u011f\u0131r n\u0259tic\u0259l\u0259r\u0259 s\u0259b\u0259b ola bil\u0259r. Onun pulunu verm\u0259k \u00e7\u0259tin olar. Hesab edir\u0259m ki, bununla ba\u011fl\u0131 g\u00fcz\u0259\u015ftl\u0259r t\u0259tbiq olunacaq\u201d.<\/em><\/p>\n\n\n\n<p>\u0130qtisad\u00e7\u0131 deyir ki, h\u00f6kum\u0259tin qaza q\u0259na\u0259t ed\u0259r\u0259k, A\u0130-y\u0259 satmas\u0131 da anla\u015f\u0131land\u0131r:<\/p>\n\n\n\n<p><em>\u201c\u00c7\u00fcnki bununla ba\u011fl\u0131 \u00f6hd\u0259likl\u0259r g\u00f6t\u00fcr\u00fcl\u00fcb. Az\u0259rbaycan 2027-ci il\u0259 q\u0259d\u0259r qaz\u0131 20 milyard kubmetr\u0259 \u00e7atd\u0131rmal\u0131d\u0131r. Daxild\u0259 qaz istehsal\u0131 g\u00f6zl\u0259nil\u0259n s\u00fcr\u0259tl\u0259 artm\u0131r. Ona g\u00f6r\u0259 d\u0259 harda m\u00fcmk\u00fcnd\u00fcrs\u0259 orada q\u0259na\u0259t edib, \u00f6hd\u0259likl\u0259ri yerin\u0259 yetirm\u0259k \u00fc\u00e7\u00fcn art\u0131q qalan qaz\u0131n Avropaya sat\u0131lmas\u0131na q\u0259rar verilib\u201d.<\/em><\/p>\n\n\n\n<p><\/p>\n","protected":false},"excerpt":{"rendered":"<p>Ekspertl\u0259rin fikrinc\u0259, t\u0259bii qaz\u0131 xalqa m\u00fcnasib qiym\u0259t\u0259 satmaq is\u0259 s\u0259rf &#8230; <\/p>\n<p class=\"read-more-container\"><a title=\"Ekspert: Az\u0259rbaycan daxili istehlaka q\u0259na\u0259t ed\u0259r\u0259k, qaz\u0131 Avropaya satacaq\" class=\"read-more button\" href=\"https:\/\/www.meydan.tv\/az\/article\/ekspert-az%c9%99rbaycan-daxili-istehlaka-q%c9%99na%c9%99t-ed%c9%99r%c9%99k-qazi-avropaya-satacaq\/#more-332398\" aria-label=\"Read more about Ekspert: Az\u0259rbaycan daxili istehlaka q\u0259na\u0259t ed\u0259r\u0259k, qaz\u0131 Avropaya satacaq\">Davam\u0131<\/a><\/p>\n","protected":false},"author":21,"featured_media":290538,"comment_status":"closed","ping_status":"closed","sticky":false,"template":"","format":"standard","meta":{"_acf_changed":false,"_sitemap_exclude":false,"_sitemap_priority":"","_sitemap_frequency":"","footnotes":""},"categories":[62,79,56],"tags":[],"class_list":["post-332398","post","type-post","status-publish","format-standard","has-post-thumbnail","hentry","category-sosial","category-featured","category-xeberler","infinite-scroll-item","generate-columns","tablet-grid-50","mobile-grid-100","grid-parent","grid-33","no-featured-image-padding"],"acf":[],"yoast_head":"<!-- This site is optimized with the Yoast SEO plugin v27.4 - https:\/\/yoast.com\/product\/yoast-seo-wordpress\/ -->\n<title>Ekspert: Az\u0259rbaycan daxili istehlaka q\u0259na\u0259t ed\u0259r\u0259k, qaz\u0131 Avropaya satacaq - MEYDAN.TV<\/title>\n<meta name=\"robots\" content=\"index, follow, max-snippet:-1, max-image-preview:large, max-video-preview:-1\" \/>\n<link rel=\"canonical\" href=\"https:\/\/www.meydan.tv\/az\/article\/ekspert-az%c9%99rbaycan-daxili-istehlaka-q%c9%99na%c9%99t-ed%c9%99r%c9%99k-qazi-avropaya-satacaq\/\" \/>\n<meta property=\"og:locale\" content=\"az_AZ\" \/>\n<meta property=\"og:type\" content=\"article\" \/>\n<meta property=\"og:title\" content=\"Ekspert: Az\u0259rbaycan daxili istehlaka q\u0259na\u0259t ed\u0259r\u0259k, qaz\u0131 Avropaya satacaq - MEYDAN.TV\" \/>\n<meta property=\"og:description\" content=\"Ekspertl\u0259rin fikrinc\u0259, t\u0259bii qaz\u0131 xalqa m\u00fcnasib qiym\u0259t\u0259 satmaq is\u0259 s\u0259rf ... Davam\u0131\" \/>\n<meta property=\"og:url\" content=\"https:\/\/www.meydan.tv\/az\/article\/ekspert-az%c9%99rbaycan-daxili-istehlaka-q%c9%99na%c9%99t-ed%c9%99r%c9%99k-qazi-avropaya-satacaq\/\" \/>\n<meta property=\"og:site_name\" content=\"MEYDAN.TV\" \/>\n<meta property=\"article:published_time\" content=\"2025-06-26T14:14:07+00:00\" \/>\n<meta property=\"article:modified_time\" content=\"2025-06-26T14:14:11+00:00\" \/>\n<meta property=\"og:image\" content=\"https:\/\/www.meydan.tv\/wp-content\/uploads\/shutterstock_2252853685.jpg\" \/>\n\t<meta property=\"og:image:width\" content=\"1500\" \/>\n\t<meta property=\"og:image:height\" content=\"840\" \/>\n\t<meta property=\"og:image:type\" content=\"image\/jpeg\" \/>\n<meta name=\"author\" content=\"mahmud\" \/>\n<meta name=\"twitter:card\" content=\"summary_large_image\" \/>\n<script type=\"application\/ld+json\" class=\"yoast-schema-graph\">{\"@context\":\"https:\\\/\\\/schema.org\",\"@graph\":[{\"@type\":\"Article\",\"@id\":\"https:\\\/\\\/www.meydan.tv\\\/az\\\/article\\\/ekspert-az%c9%99rbaycan-daxili-istehlaka-q%c9%99na%c9%99t-ed%c9%99r%c9%99k-qazi-avropaya-satacaq\\\/#article\",\"isPartOf\":{\"@id\":\"https:\\\/\\\/www.meydan.tv\\\/az\\\/article\\\/ekspert-az%c9%99rbaycan-daxili-istehlaka-q%c9%99na%c9%99t-ed%c9%99r%c9%99k-qazi-avropaya-satacaq\\\/\"},\"author\":{\"name\":\"mahmud\",\"@id\":\"https:\\\/\\\/www.meydan.tv\\\/az\\\/#\\\/schema\\\/person\\\/09863e516102a829e72bedcf3f84c6b0\"},\"headline\":\"Ekspert: Az\u0259rbaycan daxili istehlaka q\u0259na\u0259t ed\u0259r\u0259k, qaz\u0131 Avropaya satacaq\",\"datePublished\":\"2025-06-26T14:14:07+00:00\",\"dateModified\":\"2025-06-26T14:14:11+00:00\",\"mainEntityOfPage\":{\"@id\":\"https:\\\/\\\/www.meydan.tv\\\/az\\\/article\\\/ekspert-az%c9%99rbaycan-daxili-istehlaka-q%c9%99na%c9%99t-ed%c9%99r%c9%99k-qazi-avropaya-satacaq\\\/\"},\"wordCount\":686,\"publisher\":{\"@id\":\"https:\\\/\\\/www.meydan.tv\\\/az\\\/#organization\"},\"image\":{\"@id\":\"https:\\\/\\\/www.meydan.tv\\\/az\\\/article\\\/ekspert-az%c9%99rbaycan-daxili-istehlaka-q%c9%99na%c9%99t-ed%c9%99r%c9%99k-qazi-avropaya-satacaq\\\/#primaryimage\"},\"thumbnailUrl\":\"https:\\\/\\\/www.meydan.tv\\\/wp-content\\\/uploads\\\/shutterstock_2252853685.jpg\",\"articleSection\":[\"Sosial\",\"T\u00f6vsiy\u0259\",\"X\u0259b\u0259rl\u0259r\"],\"inLanguage\":\"az\"},{\"@type\":\"WebPage\",\"@id\":\"https:\\\/\\\/www.meydan.tv\\\/az\\\/article\\\/ekspert-az%c9%99rbaycan-daxili-istehlaka-q%c9%99na%c9%99t-ed%c9%99r%c9%99k-qazi-avropaya-satacaq\\\/\",\"url\":\"https:\\\/\\\/www.meydan.tv\\\/az\\\/article\\\/ekspert-az%c9%99rbaycan-daxili-istehlaka-q%c9%99na%c9%99t-ed%c9%99r%c9%99k-qazi-avropaya-satacaq\\\/\",\"name\":\"Ekspert: Az\u0259rbaycan daxili istehlaka q\u0259na\u0259t ed\u0259r\u0259k, qaz\u0131 Avropaya satacaq - MEYDAN.TV\",\"isPartOf\":{\"@id\":\"https:\\\/\\\/www.meydan.tv\\\/az\\\/#website\"},\"primaryImageOfPage\":{\"@id\":\"https:\\\/\\\/www.meydan.tv\\\/az\\\/article\\\/ekspert-az%c9%99rbaycan-daxili-istehlaka-q%c9%99na%c9%99t-ed%c9%99r%c9%99k-qazi-avropaya-satacaq\\\/#primaryimage\"},\"image\":{\"@id\":\"https:\\\/\\\/www.meydan.tv\\\/az\\\/article\\\/ekspert-az%c9%99rbaycan-daxili-istehlaka-q%c9%99na%c9%99t-ed%c9%99r%c9%99k-qazi-avropaya-satacaq\\\/#primaryimage\"},\"thumbnailUrl\":\"https:\\\/\\\/www.meydan.tv\\\/wp-content\\\/uploads\\\/shutterstock_2252853685.jpg\",\"datePublished\":\"2025-06-26T14:14:07+00:00\",\"dateModified\":\"2025-06-26T14:14:11+00:00\",\"breadcrumb\":{\"@id\":\"https:\\\/\\\/www.meydan.tv\\\/az\\\/article\\\/ekspert-az%c9%99rbaycan-daxili-istehlaka-q%c9%99na%c9%99t-ed%c9%99r%c9%99k-qazi-avropaya-satacaq\\\/#breadcrumb\"},\"inLanguage\":\"az\",\"potentialAction\":[{\"@type\":\"ReadAction\",\"target\":[\"https:\\\/\\\/www.meydan.tv\\\/az\\\/article\\\/ekspert-az%c9%99rbaycan-daxili-istehlaka-q%c9%99na%c9%99t-ed%c9%99r%c9%99k-qazi-avropaya-satacaq\\\/\"]}]},{\"@type\":\"ImageObject\",\"inLanguage\":\"az\",\"@id\":\"https:\\\/\\\/www.meydan.tv\\\/az\\\/article\\\/ekspert-az%c9%99rbaycan-daxili-istehlaka-q%c9%99na%c9%99t-ed%c9%99r%c9%99k-qazi-avropaya-satacaq\\\/#primaryimage\",\"url\":\"https:\\\/\\\/www.meydan.tv\\\/wp-content\\\/uploads\\\/shutterstock_2252853685.jpg\",\"contentUrl\":\"https:\\\/\\\/www.meydan.tv\\\/wp-content\\\/uploads\\\/shutterstock_2252853685.jpg\",\"width\":1500,\"height\":840,\"caption\":\"Az\u0259rbaycan qaz\u0131. Foto: Fly Of Swallow Studio\\\/shutterstock\"},{\"@type\":\"BreadcrumbList\",\"@id\":\"https:\\\/\\\/www.meydan.tv\\\/az\\\/article\\\/ekspert-az%c9%99rbaycan-daxili-istehlaka-q%c9%99na%c9%99t-ed%c9%99r%c9%99k-qazi-avropaya-satacaq\\\/#breadcrumb\",\"itemListElement\":[{\"@type\":\"ListItem\",\"position\":1,\"name\":\"Ana s\u0259hif\u0259\",\"item\":\"https:\\\/\\\/www.meydan.tv\\\/az\\\/\"},{\"@type\":\"ListItem\",\"position\":2,\"name\":\"Sosial\",\"item\":\"https:\\\/\\\/www.meydan.tv\\\/az\\\/section\\\/sosial\\\/\"},{\"@type\":\"ListItem\",\"position\":3,\"name\":\"Ekspert: Az\u0259rbaycan daxili istehlaka q\u0259na\u0259t ed\u0259r\u0259k, qaz\u0131 Avropaya satacaq\"}]},{\"@type\":\"WebSite\",\"@id\":\"https:\\\/\\\/www.meydan.tv\\\/az\\\/#website\",\"url\":\"https:\\\/\\\/www.meydan.tv\\\/az\\\/\",\"name\":\"MEYDAN.TV\",\"description\":\"Meydan TV Az\u0259rbaycan\u0131n media m\u0259kan\u0131ndak\u0131 alternativ s\u0259sidir\",\"publisher\":{\"@id\":\"https:\\\/\\\/www.meydan.tv\\\/az\\\/#organization\"},\"potentialAction\":[{\"@type\":\"SearchAction\",\"target\":{\"@type\":\"EntryPoint\",\"urlTemplate\":\"https:\\\/\\\/www.meydan.tv\\\/az\\\/?s={search_term_string}\"},\"query-input\":{\"@type\":\"PropertyValueSpecification\",\"valueRequired\":true,\"valueName\":\"search_term_string\"}}],\"inLanguage\":\"az\"},{\"@type\":\"Organization\",\"@id\":\"https:\\\/\\\/www.meydan.tv\\\/az\\\/#organization\",\"name\":\"Meydan TV\",\"url\":\"https:\\\/\\\/www.meydan.tv\\\/az\\\/\",\"logo\":{\"@type\":\"ImageObject\",\"inLanguage\":\"az\",\"@id\":\"https:\\\/\\\/www.meydan.tv\\\/az\\\/#\\\/schema\\\/logo\\\/image\\\/\",\"url\":\"https:\\\/\\\/www.meydan.tv\\\/wp-content\\\/uploads\\\/2021\\\/07\\\/meydan-logo.svg\",\"contentUrl\":\"https:\\\/\\\/www.meydan.tv\\\/wp-content\\\/uploads\\\/2021\\\/07\\\/meydan-logo.svg\",\"width\":195,\"height\":46,\"caption\":\"Meydan TV\"},\"image\":{\"@id\":\"https:\\\/\\\/www.meydan.tv\\\/az\\\/#\\\/schema\\\/logo\\\/image\\\/\"}},{\"@type\":\"Person\",\"@id\":\"https:\\\/\\\/www.meydan.tv\\\/az\\\/#\\\/schema\\\/person\\\/09863e516102a829e72bedcf3f84c6b0\",\"name\":\"mahmud\"}]}<\/script>\n<!-- \/ Yoast SEO plugin. -->","yoast_head_json":{"title":"Ekspert: Az\u0259rbaycan daxili istehlaka q\u0259na\u0259t ed\u0259r\u0259k, qaz\u0131 Avropaya satacaq - MEYDAN.TV","robots":{"index":"index","follow":"follow","max-snippet":"max-snippet:-1","max-image-preview":"max-image-preview:large","max-video-preview":"max-video-preview:-1"},"canonical":"https:\/\/www.meydan.tv\/az\/article\/ekspert-az%c9%99rbaycan-daxili-istehlaka-q%c9%99na%c9%99t-ed%c9%99r%c9%99k-qazi-avropaya-satacaq\/","og_locale":"az_AZ","og_type":"article","og_title":"Ekspert: Az\u0259rbaycan daxili istehlaka q\u0259na\u0259t ed\u0259r\u0259k, qaz\u0131 Avropaya satacaq - MEYDAN.TV","og_description":"Ekspertl\u0259rin fikrinc\u0259, t\u0259bii qaz\u0131 xalqa m\u00fcnasib qiym\u0259t\u0259 satmaq is\u0259 s\u0259rf ... Davam\u0131","og_url":"https:\/\/www.meydan.tv\/az\/article\/ekspert-az%c9%99rbaycan-daxili-istehlaka-q%c9%99na%c9%99t-ed%c9%99r%c9%99k-qazi-avropaya-satacaq\/","og_site_name":"MEYDAN.TV","article_published_time":"2025-06-26T14:14:07+00:00","article_modified_time":"2025-06-26T14:14:11+00:00","og_image":[{"width":1500,"height":840,"url":"https:\/\/www.meydan.tv\/wp-content\/uploads\/shutterstock_2252853685.jpg","type":"image\/jpeg"}],"author":"mahmud","twitter_card":"summary_large_image","schema":{"@context":"https:\/\/schema.org","@graph":[{"@type":"Article","@id":"https:\/\/www.meydan.tv\/az\/article\/ekspert-az%c9%99rbaycan-daxili-istehlaka-q%c9%99na%c9%99t-ed%c9%99r%c9%99k-qazi-avropaya-satacaq\/#article","isPartOf":{"@id":"https:\/\/www.meydan.tv\/az\/article\/ekspert-az%c9%99rbaycan-daxili-istehlaka-q%c9%99na%c9%99t-ed%c9%99r%c9%99k-qazi-avropaya-satacaq\/"},"author":{"name":"mahmud","@id":"https:\/\/www.meydan.tv\/az\/#\/schema\/person\/09863e516102a829e72bedcf3f84c6b0"},"headline":"Ekspert: Az\u0259rbaycan daxili istehlaka q\u0259na\u0259t ed\u0259r\u0259k, qaz\u0131 Avropaya satacaq","datePublished":"2025-06-26T14:14:07+00:00","dateModified":"2025-06-26T14:14:11+00:00","mainEntityOfPage":{"@id":"https:\/\/www.meydan.tv\/az\/article\/ekspert-az%c9%99rbaycan-daxili-istehlaka-q%c9%99na%c9%99t-ed%c9%99r%c9%99k-qazi-avropaya-satacaq\/"},"wordCount":686,"publisher":{"@id":"https:\/\/www.meydan.tv\/az\/#organization"},"image":{"@id":"https:\/\/www.meydan.tv\/az\/article\/ekspert-az%c9%99rbaycan-daxili-istehlaka-q%c9%99na%c9%99t-ed%c9%99r%c9%99k-qazi-avropaya-satacaq\/#primaryimage"},"thumbnailUrl":"https:\/\/www.meydan.tv\/wp-content\/uploads\/shutterstock_2252853685.jpg","articleSection":["Sosial","T\u00f6vsiy\u0259","X\u0259b\u0259rl\u0259r"],"inLanguage":"az"},{"@type":"WebPage","@id":"https:\/\/www.meydan.tv\/az\/article\/ekspert-az%c9%99rbaycan-daxili-istehlaka-q%c9%99na%c9%99t-ed%c9%99r%c9%99k-qazi-avropaya-satacaq\/","url":"https:\/\/www.meydan.tv\/az\/article\/ekspert-az%c9%99rbaycan-daxili-istehlaka-q%c9%99na%c9%99t-ed%c9%99r%c9%99k-qazi-avropaya-satacaq\/","name":"Ekspert: Az\u0259rbaycan daxili istehlaka q\u0259na\u0259t ed\u0259r\u0259k, qaz\u0131 Avropaya satacaq - MEYDAN.TV","isPartOf":{"@id":"https:\/\/www.meydan.tv\/az\/#website"},"primaryImageOfPage":{"@id":"https:\/\/www.meydan.tv\/az\/article\/ekspert-az%c9%99rbaycan-daxili-istehlaka-q%c9%99na%c9%99t-ed%c9%99r%c9%99k-qazi-avropaya-satacaq\/#primaryimage"},"image":{"@id":"https:\/\/www.meydan.tv\/az\/article\/ekspert-az%c9%99rbaycan-daxili-istehlaka-q%c9%99na%c9%99t-ed%c9%99r%c9%99k-qazi-avropaya-satacaq\/#primaryimage"},"thumbnailUrl":"https:\/\/www.meydan.tv\/wp-content\/uploads\/shutterstock_2252853685.jpg","datePublished":"2025-06-26T14:14:07+00:00","dateModified":"2025-06-26T14:14:11+00:00","breadcrumb":{"@id":"https:\/\/www.meydan.tv\/az\/article\/ekspert-az%c9%99rbaycan-daxili-istehlaka-q%c9%99na%c9%99t-ed%c9%99r%c9%99k-qazi-avropaya-satacaq\/#breadcrumb"},"inLanguage":"az","potentialAction":[{"@type":"ReadAction","target":["https:\/\/www.meydan.tv\/az\/article\/ekspert-az%c9%99rbaycan-daxili-istehlaka-q%c9%99na%c9%99t-ed%c9%99r%c9%99k-qazi-avropaya-satacaq\/"]}]},{"@type":"ImageObject","inLanguage":"az","@id":"https:\/\/www.meydan.tv\/az\/article\/ekspert-az%c9%99rbaycan-daxili-istehlaka-q%c9%99na%c9%99t-ed%c9%99r%c9%99k-qazi-avropaya-satacaq\/#primaryimage","url":"https:\/\/www.meydan.tv\/wp-content\/uploads\/shutterstock_2252853685.jpg","contentUrl":"https:\/\/www.meydan.tv\/wp-content\/uploads\/shutterstock_2252853685.jpg","width":1500,"height":840,"caption":"Az\u0259rbaycan qaz\u0131. Foto: Fly Of Swallow Studio\/shutterstock"},{"@type":"BreadcrumbList","@id":"https:\/\/www.meydan.tv\/az\/article\/ekspert-az%c9%99rbaycan-daxili-istehlaka-q%c9%99na%c9%99t-ed%c9%99r%c9%99k-qazi-avropaya-satacaq\/#breadcrumb","itemListElement":[{"@type":"ListItem","position":1,"name":"Ana s\u0259hif\u0259","item":"https:\/\/www.meydan.tv\/az\/"},{"@type":"ListItem","position":2,"name":"Sosial","item":"https:\/\/www.meydan.tv\/az\/section\/sosial\/"},{"@type":"ListItem","position":3,"name":"Ekspert: Az\u0259rbaycan daxili istehlaka q\u0259na\u0259t ed\u0259r\u0259k, qaz\u0131 Avropaya satacaq"}]},{"@type":"WebSite","@id":"https:\/\/www.meydan.tv\/az\/#website","url":"https:\/\/www.meydan.tv\/az\/","name":"MEYDAN.TV","description":"Meydan TV Az\u0259rbaycan\u0131n media m\u0259kan\u0131ndak\u0131 alternativ s\u0259sidir","publisher":{"@id":"https:\/\/www.meydan.tv\/az\/#organization"},"potentialAction":[{"@type":"SearchAction","target":{"@type":"EntryPoint","urlTemplate":"https:\/\/www.meydan.tv\/az\/?s={search_term_string}"},"query-input":{"@type":"PropertyValueSpecification","valueRequired":true,"valueName":"search_term_string"}}],"inLanguage":"az"},{"@type":"Organization","@id":"https:\/\/www.meydan.tv\/az\/#organization","name":"Meydan TV","url":"https:\/\/www.meydan.tv\/az\/","logo":{"@type":"ImageObject","inLanguage":"az","@id":"https:\/\/www.meydan.tv\/az\/#\/schema\/logo\/image\/","url":"https:\/\/www.meydan.tv\/wp-content\/uploads\/2021\/07\/meydan-logo.svg","contentUrl":"https:\/\/www.meydan.tv\/wp-content\/uploads\/2021\/07\/meydan-logo.svg","width":195,"height":46,"caption":"Meydan TV"},"image":{"@id":"https:\/\/www.meydan.tv\/az\/#\/schema\/logo\/image\/"}},{"@type":"Person","@id":"https:\/\/www.meydan.tv\/az\/#\/schema\/person\/09863e516102a829e72bedcf3f84c6b0","name":"mahmud"}]}},"_links":{"self":[{"href":"https:\/\/www.meydan.tv\/az\/wp-json\/wp\/v2\/posts\/332398","targetHints":{"allow":["GET"]}}],"collection":[{"href":"https:\/\/www.meydan.tv\/az\/wp-json\/wp\/v2\/posts"}],"about":[{"href":"https:\/\/www.meydan.tv\/az\/wp-json\/wp\/v2\/types\/post"}],"author":[{"embeddable":true,"href":"https:\/\/www.meydan.tv\/az\/wp-json\/wp\/v2\/users\/21"}],"replies":[{"embeddable":true,"href":"https:\/\/www.meydan.tv\/az\/wp-json\/wp\/v2\/comments?post=332398"}],"version-history":[{"count":1,"href":"https:\/\/www.meydan.tv\/az\/wp-json\/wp\/v2\/posts\/332398\/revisions"}],"predecessor-version":[{"id":332399,"href":"https:\/\/www.meydan.tv\/az\/wp-json\/wp\/v2\/posts\/332398\/revisions\/332399"}],"wp:featuredmedia":[{"embeddable":true,"href":"https:\/\/www.meydan.tv\/az\/wp-json\/wp\/v2\/media\/290538"}],"wp:attachment":[{"href":"https:\/\/www.meydan.tv\/az\/wp-json\/wp\/v2\/media?parent=332398"}],"wp:term":[{"taxonomy":"category","embeddable":true,"href":"https:\/\/www.meydan.tv\/az\/wp-json\/wp\/v2\/categories?post=332398"},{"taxonomy":"post_tag","embeddable":true,"href":"https:\/\/www.meydan.tv\/az\/wp-json\/wp\/v2\/tags?post=332398"}],"curies":[{"name":"wp","href":"https:\/\/api.w.org\/{rel}","templated":true}]}}