{"id":332330,"date":"2025-06-25T15:16:49","date_gmt":"2025-06-25T11:16:49","guid":{"rendered":"https:\/\/www.meydan.tv\/?p=332330"},"modified":"2025-06-25T15:16:53","modified_gmt":"2025-06-25T11:16:53","slug":"bakida-polis-azyasli-usaqlari-doyub-v%c9%99-t%c9%99hqir-edib","status":"publish","type":"post","link":"https:\/\/www.meydan.tv\/az\/article\/bakida-polis-azyasli-usaqlari-doyub-v%c9%99-t%c9%99hqir-edib\/","title":{"rendered":"Bak\u0131da polis azya\u015fl\u0131 u\u015faqlar\u0131 d\u00f6y\u00fcb v\u0259 t\u0259hqir edib"},"content":{"rendered":"\n<figure class=\"wp-block-embed is-type-video is-provider-youtube wp-block-embed-youtube wp-embed-aspect-16-9 wp-has-aspect-ratio\"><div class=\"wp-block-embed__wrapper\">\n<iframe title=\"Bak\u0131da polis azya\u015fl\u0131 u\u015faqlar\u0131 d\u00f6y\u00fcb v\u0259 t\u0259hqir edib\" width=\"1200\" height=\"675\" data-src=\"https:\/\/www.youtube.com\/embed\/pFzxxuXXTro?feature=oembed\" frameborder=\"0\" allow=\"accelerometer; autoplay; clipboard-write; encrypted-media; gyroscope; picture-in-picture; web-share\" referrerpolicy=\"strict-origin-when-cross-origin\" allowfullscreen src=\"data:image\/svg+xml;base64,PHN2ZyB3aWR0aD0iMSIgaGVpZ2h0PSIxIiB4bWxucz0iaHR0cDovL3d3dy53My5vcmcvMjAwMC9zdmciPjwvc3ZnPg==\" class=\"lazyload\" data-load-mode=\"1\"><\/iframe>\n<\/div><\/figure>\n\n\n\n<p><a href=\"https:\/\/www.youtube.com\/@MeydanTelevision\"><\/a><\/p>\n\n\n\n<p>Polisin azya\u015fl\u0131 u\u015faqlar\u0131 d\u00f6ym\u0259si x\u0259b\u0259ri hakimiyy\u0259t medias\u0131nda niy\u0259 yer alm\u0131r? <\/p>\n\n\n\n<p>Son g\u00fcnl\u0259rd\u0259 yay\u0131lan bir s\u0259s yaz\u0131s\u0131 Az\u0259rbaycan c\u0259miyy\u0259tind\u0259 \u015fok effekti yarad\u0131b. H\u0259r\u00e7\u0259nd, X\u0259tai rayon polisinin azya\u015fl\u0131 u\u015faqlar\u0131 d\u00f6yd\u00fcy\u00fc, t\u0259hqir etdiyi, al\u00e7altd\u0131\u011f\u0131 iddia edil\u0259n s\u0259s yaz\u0131s\u0131 c\u0259miyy\u0259t \u00fc\u00e7\u00fcn yeni bir siqnal da deyil. \u00d6lk\u0259d\u0259 birc\u0259 d\u0259f\u0259 polis \u015f\u00f6b\u0259si t\u0259cr\u00fcb\u0259si ya\u015fayan h\u0259r bir \u015f\u0259xs\u0259 Mehman H\u00fcseynovun yayd\u0131\u011f\u0131 bu video \u00e7ox tan\u0131\u015fd\u0131r. <\/p>\n\n\n\n<p>Maraql\u0131 m\u0259qam bundad\u0131r ki, \u00f6z\u00fcn\u00fc m\u00fcst\u0259qil media, v\u0259t\u0259np\u0259rv\u0259rlik ke\u015fik\u00e7isi, d\u00f6vl\u0259tin maraqlar\u0131n\u0131n m\u00fcdafi\u0259\u00e7isi kimi q\u0259l\u0259m\u0259 ver\u0259n cib medias\u0131nda bu m\u00f6vzu i\u015f\u0131qland\u0131r\u0131lm\u0131r. H\u00fcquqi bir d\u00f6vl\u0259td\u0259 daxili i\u015fl\u0259r nazirinin istefas\u0131 il\u0259 bit\u0259 bil\u0259c\u0259k bir skandal he\u00e7 n\u0259 olmam\u0131\u015f kimi basd\u0131r\u0131l\u0131r, g\u00f6zd\u0259n itirilir. Cib medias\u0131 bug\u00fcnl\u0259rd\u0259 \u0130lham \u018fliyevin m\u00f6ht\u0259\u015f\u0259m xarici siyas\u0259ti v\u0259 dahiyan\u0259 intuisiyas\u0131 bar\u0259d\u0259 yaz\u0131lar yazmaqla m\u0259\u015f\u011fuldur.<\/p>\n","protected":false},"excerpt":{"rendered":"<p>Polisin azya\u015fl\u0131 u\u015faqlar\u0131 d\u00f6ym\u0259si x\u0259b\u0259ri hakimiyy\u0259t medias\u0131nda niy\u0259 yer alm\u0131r? &#8230; <\/p>\n<p class=\"read-more-container\"><a title=\"Bak\u0131da polis azya\u015fl\u0131 u\u015faqlar\u0131 d\u00f6y\u00fcb v\u0259 t\u0259hqir edib\" class=\"read-more button\" href=\"https:\/\/www.meydan.tv\/az\/article\/bakida-polis-azyasli-usaqlari-doyub-v%c9%99-t%c9%99hqir-edib\/#more-332330\" aria-label=\"Read more about Bak\u0131da polis azya\u015fl\u0131 u\u015faqlar\u0131 d\u00f6y\u00fcb v\u0259 t\u0259hqir edib\">Davam\u0131<\/a><\/p>\n","protected":false},"author":12,"featured_media":332331,"comment_status":"closed","ping_status":"closed","sticky":false,"template":"","format":"standard","meta":{"_acf_changed":false,"_sitemap_exclude":false,"_sitemap_priority":"","_sitemap_frequency":"","footnotes":""},"categories":[59,63,56],"tags":[],"class_list":["post-332330","post","type-post","status-publish","format-standard","has-post-thumbnail","hentry","category-siyaset","category-video-2","category-xeberler","infinite-scroll-item","generate-columns","tablet-grid-50","mobile-grid-100","grid-parent","grid-33","no-featured-image-padding"],"acf":[],"yoast_head":"<!-- This site is optimized with the Yoast SEO plugin v27.4 - https:\/\/yoast.com\/product\/yoast-seo-wordpress\/ -->\n<title>Bak\u0131da polis azya\u015fl\u0131 u\u015faqlar\u0131 d\u00f6y\u00fcb v\u0259 t\u0259hqir edib - MEYDAN.TV<\/title>\n<meta name=\"robots\" content=\"index, follow, max-snippet:-1, max-image-preview:large, max-video-preview:-1\" \/>\n<link rel=\"canonical\" href=\"https:\/\/www.meydan.tv\/az\/article\/bakida-polis-azyasli-usaqlari-doyub-v%c9%99-t%c9%99hqir-edib\/\" \/>\n<meta property=\"og:locale\" content=\"az_AZ\" \/>\n<meta property=\"og:type\" content=\"article\" \/>\n<meta property=\"og:title\" content=\"Bak\u0131da polis azya\u015fl\u0131 u\u015faqlar\u0131 d\u00f6y\u00fcb v\u0259 t\u0259hqir edib - MEYDAN.TV\" \/>\n<meta property=\"og:description\" content=\"Polisin azya\u015fl\u0131 u\u015faqlar\u0131 d\u00f6ym\u0259si x\u0259b\u0259ri hakimiyy\u0259t medias\u0131nda niy\u0259 yer alm\u0131r? ... Davam\u0131\" \/>\n<meta property=\"og:url\" content=\"https:\/\/www.meydan.tv\/az\/article\/bakida-polis-azyasli-usaqlari-doyub-v%c9%99-t%c9%99hqir-edib\/\" \/>\n<meta property=\"og:site_name\" content=\"MEYDAN.TV\" \/>\n<meta property=\"article:published_time\" content=\"2025-06-25T11:16:49+00:00\" \/>\n<meta property=\"article:modified_time\" content=\"2025-06-25T11:16:53+00:00\" \/>\n<meta property=\"og:image\" content=\"https:\/\/www.meydan.tv\/wp-content\/uploads\/screenshot-2025-06-25-at-12.33.20.png\" \/>\n\t<meta property=\"og:image:width\" content=\"1434\" \/>\n\t<meta property=\"og:image:height\" content=\"578\" \/>\n\t<meta property=\"og:image:type\" content=\"image\/png\" \/>\n<meta name=\"author\" content=\"aleks\" \/>\n<meta name=\"twitter:card\" content=\"summary_large_image\" \/>\n<script type=\"application\/ld+json\" class=\"yoast-schema-graph\">{\"@context\":\"https:\\\/\\\/schema.org\",\"@graph\":[{\"@type\":\"Article\",\"@id\":\"https:\\\/\\\/www.meydan.tv\\\/az\\\/article\\\/bakida-polis-azyasli-usaqlari-doyub-v%c9%99-t%c9%99hqir-edib\\\/#article\",\"isPartOf\":{\"@id\":\"https:\\\/\\\/www.meydan.tv\\\/az\\\/article\\\/bakida-polis-azyasli-usaqlari-doyub-v%c9%99-t%c9%99hqir-edib\\\/\"},\"author\":{\"name\":\"aleks\",\"@id\":\"https:\\\/\\\/www.meydan.tv\\\/az\\\/#\\\/schema\\\/person\\\/476e9360e593fa131d5d71d51866f8da\"},\"headline\":\"Bak\u0131da polis azya\u015fl\u0131 u\u015faqlar\u0131 d\u00f6y\u00fcb v\u0259 t\u0259hqir edib\",\"datePublished\":\"2025-06-25T11:16:49+00:00\",\"dateModified\":\"2025-06-25T11:16:53+00:00\",\"mainEntityOfPage\":{\"@id\":\"https:\\\/\\\/www.meydan.tv\\\/az\\\/article\\\/bakida-polis-azyasli-usaqlari-doyub-v%c9%99-t%c9%99hqir-edib\\\/\"},\"wordCount\":223,\"publisher\":{\"@id\":\"https:\\\/\\\/www.meydan.tv\\\/az\\\/#organization\"},\"image\":{\"@id\":\"https:\\\/\\\/www.meydan.tv\\\/az\\\/article\\\/bakida-polis-azyasli-usaqlari-doyub-v%c9%99-t%c9%99hqir-edib\\\/#primaryimage\"},\"thumbnailUrl\":\"https:\\\/\\\/www.meydan.tv\\\/wp-content\\\/uploads\\\/screenshot-2025-06-25-at-12.33.20.png\",\"articleSection\":[\"Siyas\u0259t\",\"Video\",\"X\u0259b\u0259rl\u0259r\"],\"inLanguage\":\"az\"},{\"@type\":\"WebPage\",\"@id\":\"https:\\\/\\\/www.meydan.tv\\\/az\\\/article\\\/bakida-polis-azyasli-usaqlari-doyub-v%c9%99-t%c9%99hqir-edib\\\/\",\"url\":\"https:\\\/\\\/www.meydan.tv\\\/az\\\/article\\\/bakida-polis-azyasli-usaqlari-doyub-v%c9%99-t%c9%99hqir-edib\\\/\",\"name\":\"Bak\u0131da polis azya\u015fl\u0131 u\u015faqlar\u0131 d\u00f6y\u00fcb v\u0259 t\u0259hqir edib - MEYDAN.TV\",\"isPartOf\":{\"@id\":\"https:\\\/\\\/www.meydan.tv\\\/az\\\/#website\"},\"primaryImageOfPage\":{\"@id\":\"https:\\\/\\\/www.meydan.tv\\\/az\\\/article\\\/bakida-polis-azyasli-usaqlari-doyub-v%c9%99-t%c9%99hqir-edib\\\/#primaryimage\"},\"image\":{\"@id\":\"https:\\\/\\\/www.meydan.tv\\\/az\\\/article\\\/bakida-polis-azyasli-usaqlari-doyub-v%c9%99-t%c9%99hqir-edib\\\/#primaryimage\"},\"thumbnailUrl\":\"https:\\\/\\\/www.meydan.tv\\\/wp-content\\\/uploads\\\/screenshot-2025-06-25-at-12.33.20.png\",\"datePublished\":\"2025-06-25T11:16:49+00:00\",\"dateModified\":\"2025-06-25T11:16:53+00:00\",\"breadcrumb\":{\"@id\":\"https:\\\/\\\/www.meydan.tv\\\/az\\\/article\\\/bakida-polis-azyasli-usaqlari-doyub-v%c9%99-t%c9%99hqir-edib\\\/#breadcrumb\"},\"inLanguage\":\"az\",\"potentialAction\":[{\"@type\":\"ReadAction\",\"target\":[\"https:\\\/\\\/www.meydan.tv\\\/az\\\/article\\\/bakida-polis-azyasli-usaqlari-doyub-v%c9%99-t%c9%99hqir-edib\\\/\"]}]},{\"@type\":\"ImageObject\",\"inLanguage\":\"az\",\"@id\":\"https:\\\/\\\/www.meydan.tv\\\/az\\\/article\\\/bakida-polis-azyasli-usaqlari-doyub-v%c9%99-t%c9%99hqir-edib\\\/#primaryimage\",\"url\":\"https:\\\/\\\/www.meydan.tv\\\/wp-content\\\/uploads\\\/screenshot-2025-06-25-at-12.33.20.png\",\"contentUrl\":\"https:\\\/\\\/www.meydan.tv\\\/wp-content\\\/uploads\\\/screenshot-2025-06-25-at-12.33.20.png\",\"width\":1434,\"height\":578},{\"@type\":\"BreadcrumbList\",\"@id\":\"https:\\\/\\\/www.meydan.tv\\\/az\\\/article\\\/bakida-polis-azyasli-usaqlari-doyub-v%c9%99-t%c9%99hqir-edib\\\/#breadcrumb\",\"itemListElement\":[{\"@type\":\"ListItem\",\"position\":1,\"name\":\"Ana s\u0259hif\u0259\",\"item\":\"https:\\\/\\\/www.meydan.tv\\\/az\\\/\"},{\"@type\":\"ListItem\",\"position\":2,\"name\":\"Video\",\"item\":\"https:\\\/\\\/www.meydan.tv\\\/az\\\/section\\\/video-2\\\/\"},{\"@type\":\"ListItem\",\"position\":3,\"name\":\"Bak\u0131da polis azya\u015fl\u0131 u\u015faqlar\u0131 d\u00f6y\u00fcb v\u0259 t\u0259hqir edib\"}]},{\"@type\":\"WebSite\",\"@id\":\"https:\\\/\\\/www.meydan.tv\\\/az\\\/#website\",\"url\":\"https:\\\/\\\/www.meydan.tv\\\/az\\\/\",\"name\":\"MEYDAN.TV\",\"description\":\"Meydan TV Az\u0259rbaycan\u0131n media m\u0259kan\u0131ndak\u0131 alternativ s\u0259sidir\",\"publisher\":{\"@id\":\"https:\\\/\\\/www.meydan.tv\\\/az\\\/#organization\"},\"potentialAction\":[{\"@type\":\"SearchAction\",\"target\":{\"@type\":\"EntryPoint\",\"urlTemplate\":\"https:\\\/\\\/www.meydan.tv\\\/az\\\/?s={search_term_string}\"},\"query-input\":{\"@type\":\"PropertyValueSpecification\",\"valueRequired\":true,\"valueName\":\"search_term_string\"}}],\"inLanguage\":\"az\"},{\"@type\":\"Organization\",\"@id\":\"https:\\\/\\\/www.meydan.tv\\\/az\\\/#organization\",\"name\":\"Meydan TV\",\"url\":\"https:\\\/\\\/www.meydan.tv\\\/az\\\/\",\"logo\":{\"@type\":\"ImageObject\",\"inLanguage\":\"az\",\"@id\":\"https:\\\/\\\/www.meydan.tv\\\/az\\\/#\\\/schema\\\/logo\\\/image\\\/\",\"url\":\"https:\\\/\\\/www.meydan.tv\\\/wp-content\\\/uploads\\\/2021\\\/07\\\/meydan-logo.svg\",\"contentUrl\":\"https:\\\/\\\/www.meydan.tv\\\/wp-content\\\/uploads\\\/2021\\\/07\\\/meydan-logo.svg\",\"width\":195,\"height\":46,\"caption\":\"Meydan TV\"},\"image\":{\"@id\":\"https:\\\/\\\/www.meydan.tv\\\/az\\\/#\\\/schema\\\/logo\\\/image\\\/\"}},{\"@type\":\"Person\",\"@id\":\"https:\\\/\\\/www.meydan.tv\\\/az\\\/#\\\/schema\\\/person\\\/476e9360e593fa131d5d71d51866f8da\",\"name\":\"aleks\"}]}<\/script>\n<!-- \/ Yoast SEO plugin. -->","yoast_head_json":{"title":"Bak\u0131da polis azya\u015fl\u0131 u\u015faqlar\u0131 d\u00f6y\u00fcb v\u0259 t\u0259hqir edib - MEYDAN.TV","robots":{"index":"index","follow":"follow","max-snippet":"max-snippet:-1","max-image-preview":"max-image-preview:large","max-video-preview":"max-video-preview:-1"},"canonical":"https:\/\/www.meydan.tv\/az\/article\/bakida-polis-azyasli-usaqlari-doyub-v%c9%99-t%c9%99hqir-edib\/","og_locale":"az_AZ","og_type":"article","og_title":"Bak\u0131da polis azya\u015fl\u0131 u\u015faqlar\u0131 d\u00f6y\u00fcb v\u0259 t\u0259hqir edib - MEYDAN.TV","og_description":"Polisin azya\u015fl\u0131 u\u015faqlar\u0131 d\u00f6ym\u0259si x\u0259b\u0259ri hakimiyy\u0259t medias\u0131nda niy\u0259 yer alm\u0131r? ... Davam\u0131","og_url":"https:\/\/www.meydan.tv\/az\/article\/bakida-polis-azyasli-usaqlari-doyub-v%c9%99-t%c9%99hqir-edib\/","og_site_name":"MEYDAN.TV","article_published_time":"2025-06-25T11:16:49+00:00","article_modified_time":"2025-06-25T11:16:53+00:00","og_image":[{"width":1434,"height":578,"url":"https:\/\/www.meydan.tv\/wp-content\/uploads\/screenshot-2025-06-25-at-12.33.20.png","type":"image\/png"}],"author":"aleks","twitter_card":"summary_large_image","schema":{"@context":"https:\/\/schema.org","@graph":[{"@type":"Article","@id":"https:\/\/www.meydan.tv\/az\/article\/bakida-polis-azyasli-usaqlari-doyub-v%c9%99-t%c9%99hqir-edib\/#article","isPartOf":{"@id":"https:\/\/www.meydan.tv\/az\/article\/bakida-polis-azyasli-usaqlari-doyub-v%c9%99-t%c9%99hqir-edib\/"},"author":{"name":"aleks","@id":"https:\/\/www.meydan.tv\/az\/#\/schema\/person\/476e9360e593fa131d5d71d51866f8da"},"headline":"Bak\u0131da polis azya\u015fl\u0131 u\u015faqlar\u0131 d\u00f6y\u00fcb v\u0259 t\u0259hqir edib","datePublished":"2025-06-25T11:16:49+00:00","dateModified":"2025-06-25T11:16:53+00:00","mainEntityOfPage":{"@id":"https:\/\/www.meydan.tv\/az\/article\/bakida-polis-azyasli-usaqlari-doyub-v%c9%99-t%c9%99hqir-edib\/"},"wordCount":223,"publisher":{"@id":"https:\/\/www.meydan.tv\/az\/#organization"},"image":{"@id":"https:\/\/www.meydan.tv\/az\/article\/bakida-polis-azyasli-usaqlari-doyub-v%c9%99-t%c9%99hqir-edib\/#primaryimage"},"thumbnailUrl":"https:\/\/www.meydan.tv\/wp-content\/uploads\/screenshot-2025-06-25-at-12.33.20.png","articleSection":["Siyas\u0259t","Video","X\u0259b\u0259rl\u0259r"],"inLanguage":"az"},{"@type":"WebPage","@id":"https:\/\/www.meydan.tv\/az\/article\/bakida-polis-azyasli-usaqlari-doyub-v%c9%99-t%c9%99hqir-edib\/","url":"https:\/\/www.meydan.tv\/az\/article\/bakida-polis-azyasli-usaqlari-doyub-v%c9%99-t%c9%99hqir-edib\/","name":"Bak\u0131da polis azya\u015fl\u0131 u\u015faqlar\u0131 d\u00f6y\u00fcb v\u0259 t\u0259hqir edib - MEYDAN.TV","isPartOf":{"@id":"https:\/\/www.meydan.tv\/az\/#website"},"primaryImageOfPage":{"@id":"https:\/\/www.meydan.tv\/az\/article\/bakida-polis-azyasli-usaqlari-doyub-v%c9%99-t%c9%99hqir-edib\/#primaryimage"},"image":{"@id":"https:\/\/www.meydan.tv\/az\/article\/bakida-polis-azyasli-usaqlari-doyub-v%c9%99-t%c9%99hqir-edib\/#primaryimage"},"thumbnailUrl":"https:\/\/www.meydan.tv\/wp-content\/uploads\/screenshot-2025-06-25-at-12.33.20.png","datePublished":"2025-06-25T11:16:49+00:00","dateModified":"2025-06-25T11:16:53+00:00","breadcrumb":{"@id":"https:\/\/www.meydan.tv\/az\/article\/bakida-polis-azyasli-usaqlari-doyub-v%c9%99-t%c9%99hqir-edib\/#breadcrumb"},"inLanguage":"az","potentialAction":[{"@type":"ReadAction","target":["https:\/\/www.meydan.tv\/az\/article\/bakida-polis-azyasli-usaqlari-doyub-v%c9%99-t%c9%99hqir-edib\/"]}]},{"@type":"ImageObject","inLanguage":"az","@id":"https:\/\/www.meydan.tv\/az\/article\/bakida-polis-azyasli-usaqlari-doyub-v%c9%99-t%c9%99hqir-edib\/#primaryimage","url":"https:\/\/www.meydan.tv\/wp-content\/uploads\/screenshot-2025-06-25-at-12.33.20.png","contentUrl":"https:\/\/www.meydan.tv\/wp-content\/uploads\/screenshot-2025-06-25-at-12.33.20.png","width":1434,"height":578},{"@type":"BreadcrumbList","@id":"https:\/\/www.meydan.tv\/az\/article\/bakida-polis-azyasli-usaqlari-doyub-v%c9%99-t%c9%99hqir-edib\/#breadcrumb","itemListElement":[{"@type":"ListItem","position":1,"name":"Ana s\u0259hif\u0259","item":"https:\/\/www.meydan.tv\/az\/"},{"@type":"ListItem","position":2,"name":"Video","item":"https:\/\/www.meydan.tv\/az\/section\/video-2\/"},{"@type":"ListItem","position":3,"name":"Bak\u0131da polis azya\u015fl\u0131 u\u015faqlar\u0131 d\u00f6y\u00fcb v\u0259 t\u0259hqir edib"}]},{"@type":"WebSite","@id":"https:\/\/www.meydan.tv\/az\/#website","url":"https:\/\/www.meydan.tv\/az\/","name":"MEYDAN.TV","description":"Meydan TV Az\u0259rbaycan\u0131n media m\u0259kan\u0131ndak\u0131 alternativ s\u0259sidir","publisher":{"@id":"https:\/\/www.meydan.tv\/az\/#organization"},"potentialAction":[{"@type":"SearchAction","target":{"@type":"EntryPoint","urlTemplate":"https:\/\/www.meydan.tv\/az\/?s={search_term_string}"},"query-input":{"@type":"PropertyValueSpecification","valueRequired":true,"valueName":"search_term_string"}}],"inLanguage":"az"},{"@type":"Organization","@id":"https:\/\/www.meydan.tv\/az\/#organization","name":"Meydan TV","url":"https:\/\/www.meydan.tv\/az\/","logo":{"@type":"ImageObject","inLanguage":"az","@id":"https:\/\/www.meydan.tv\/az\/#\/schema\/logo\/image\/","url":"https:\/\/www.meydan.tv\/wp-content\/uploads\/2021\/07\/meydan-logo.svg","contentUrl":"https:\/\/www.meydan.tv\/wp-content\/uploads\/2021\/07\/meydan-logo.svg","width":195,"height":46,"caption":"Meydan TV"},"image":{"@id":"https:\/\/www.meydan.tv\/az\/#\/schema\/logo\/image\/"}},{"@type":"Person","@id":"https:\/\/www.meydan.tv\/az\/#\/schema\/person\/476e9360e593fa131d5d71d51866f8da","name":"aleks"}]}},"_links":{"self":[{"href":"https:\/\/www.meydan.tv\/az\/wp-json\/wp\/v2\/posts\/332330","targetHints":{"allow":["GET"]}}],"collection":[{"href":"https:\/\/www.meydan.tv\/az\/wp-json\/wp\/v2\/posts"}],"about":[{"href":"https:\/\/www.meydan.tv\/az\/wp-json\/wp\/v2\/types\/post"}],"author":[{"embeddable":true,"href":"https:\/\/www.meydan.tv\/az\/wp-json\/wp\/v2\/users\/12"}],"replies":[{"embeddable":true,"href":"https:\/\/www.meydan.tv\/az\/wp-json\/wp\/v2\/comments?post=332330"}],"version-history":[{"count":1,"href":"https:\/\/www.meydan.tv\/az\/wp-json\/wp\/v2\/posts\/332330\/revisions"}],"predecessor-version":[{"id":332334,"href":"https:\/\/www.meydan.tv\/az\/wp-json\/wp\/v2\/posts\/332330\/revisions\/332334"}],"wp:featuredmedia":[{"embeddable":true,"href":"https:\/\/www.meydan.tv\/az\/wp-json\/wp\/v2\/media\/332331"}],"wp:attachment":[{"href":"https:\/\/www.meydan.tv\/az\/wp-json\/wp\/v2\/media?parent=332330"}],"wp:term":[{"taxonomy":"category","embeddable":true,"href":"https:\/\/www.meydan.tv\/az\/wp-json\/wp\/v2\/categories?post=332330"},{"taxonomy":"post_tag","embeddable":true,"href":"https:\/\/www.meydan.tv\/az\/wp-json\/wp\/v2\/tags?post=332330"}],"curies":[{"name":"wp","href":"https:\/\/api.w.org\/{rel}","templated":true}]}}