{"id":332323,"date":"2025-06-25T12:11:32","date_gmt":"2025-06-25T08:11:32","guid":{"rendered":"https:\/\/www.meydan.tv\/?p=332323"},"modified":"2025-06-25T15:14:24","modified_gmt":"2025-06-25T11:14:24","slug":"pasinyan-erm%c9%99nistanda-kriminal-oliqarxik-cevrilisin-qarsisi-alinib","status":"publish","type":"post","link":"https:\/\/www.meydan.tv\/az\/article\/pasinyan-erm%c9%99nistanda-kriminal-oliqarxik-cevrilisin-qarsisi-alinib\/","title":{"rendered":"Pa\u015finyan: \u201cErm\u0259nistanda kriminal-oliqarxik \u00e7evrili\u015fin qar\u015f\u0131s\u0131 al\u0131n\u0131b\u201d"},"content":{"rendered":"\n<p><em><strong>\u0130stintaq Komit\u0259sinin m\u0259lumat\u0131na g\u00f6r\u0259, bu, 2024-c\u00fc ilin sonlar\u0131ndan haz\u0131rlanma\u011fa ba\u015flanm\u0131\u015f koordinasiyal\u0131 bir \u0259m\u0259liyyat olub<\/strong><\/em><\/p>\n\n\n\n<p>Erm\u0259nistan hakimiyy\u0259ti \u00f6lk\u0259d\u0259 geni\u015fmiqyasl\u0131 d\u00f6vl\u0259t \u00e7evrili\u015finin qar\u015f\u0131s\u0131n\u0131n al\u0131nd\u0131\u011f\u0131n\u0131 bildirib.<br><br>Ba\u015f nazir Nikol Pa\u015finyan\u0131n s\u00f6zl\u0259rin\u0259 g\u00f6r\u0259, bu, m\u00fcxalif\u0259t n\u00fcmay\u0259nd\u0259l\u0259ri, ke\u00e7mi\u015f g\u00fcc strukturlar\u0131, oliqarxlar v\u0259 Erm\u0259nistan Apostol Kils\u0259sinin b\u0259zi \u00fczvl\u0259rinin i\u015ftirak\u0131 il\u0259 haz\u0131rlanm\u0131\u015f <a href=\"https:\/\/armenpress.am\/ru\/article\/1223240?utm_source=chatgpt.com\" target=\"_blank\" rel=\"noreferrer noopener\">plan idi<\/a>.<\/p>\n\n\n\n<p><em>\u201cBu, hakimiyy\u0259ti zorla \u0259l\u0259 ke\u00e7irm\u0259y\u0259 v\u0259 \u00f6lk\u0259d\u0259 xaos yaratma\u011fa y\u00f6n\u0259lmi\u015f kriminal-oliqarxik-kils\u0259 \u00e7evrili\u015f c\u0259hdi idi. Bu plan \u00f6lk\u0259 daxilind\u0259ki xainl\u0259r t\u0259r\u0259find\u0259n haz\u0131rlanm\u0131\u015fd\u0131,\u201d <\/em>\u2013 dey\u0259 Pa\u015finyan Yerevanda ke\u00e7iril\u0259n t\u0259cili brifinqd\u0259 bildirib.<\/p>\n\n\n\n<p>Erm\u0259nistan \u0130stintaq Komit\u0259sinin <a href=\"https:\/\/armenpress.am\/ru\/article\/1223238?utm_source=chatgpt.com\" target=\"_blank\" rel=\"noreferrer noopener\">m\u0259lumat\u0131na<\/a> g\u00f6r\u0259, bu, 2024-c\u00fc ilin sonlar\u0131ndan haz\u0131rlanma\u011fa ba\u015flanm\u0131\u015f koordinasiyal\u0131 bir \u0259m\u0259liyyat olub. Plan \u00e7\u0259r\u00e7iv\u0259sind\u0259 ke\u00e7mi\u015f h\u0259rb\u00e7il\u0259r, polis \u0259m\u0259kda\u015flar\u0131 v\u0259 radikal f\u0259allar\u0131n daxil oldu\u011fu 250-y\u0259 yax\u0131n &#8220;z\u0259rb\u0259 d\u0259st\u0259si&#8221; yarad\u0131l\u0131b. Onlar k\u00fc\u00e7\u0259l\u0259rin ba\u011flanmas\u0131, inzibati binalar\u0131n \u0259l\u0259 ke\u00e7irilm\u0259si il\u0259 m\u0259\u015f\u011ful olmal\u0131 idil\u0259r, v\u0259zif\u0259l\u0259rin\u0259 h\u0259m d\u0259 partlay\u0131\u015flar t\u0259\u015fkil etm\u0259k v\u0259 d\u00f6vl\u0259t hakimiyy\u0259tini devirm\u0259k daxil idi &#8211; m\u0259lumatda bel\u0259 deyilir.<\/p>\n\n\n\n<p>&#8220;Armenpress&#8221; agentliyinin verdiyi m\u0259lumata g\u00f6r\u0259, sui-q\u0259sdin \u0259sas t\u0259\u015fkilat\u00e7\u0131s\u0131 son aylar anti-h\u00f6kum\u0259t etirazlar\u0131nda f\u0259al i\u015ftirak ed\u0259n v\u0259 hakimiyy\u0259tin d\u0259yi\u015fm\u0259sin\u0259 \u00e7a\u011f\u0131r\u0131\u015f ed\u0259n \u201cM\u00fcq\u0259dd\u0259s M\u00fcbariz\u0259\u201d h\u0259r\u0259kat\u0131n\u0131n lideri yepiskop Baqrat Qalstanyan <a href=\"https:\/\/armenpress.am\/ru\/article\/1223238\" target=\"_blank\" rel=\"noreferrer noopener\">hesab olunur<\/a>. Onun ad\u0131 \u201cCoup Strategy\u201d (\u00c7evrili\u015f Strategiyas\u0131) adl\u0131 s\u0259n\u0259dd\u0259 d\u0259 \u00e7\u0259kilir. H\u0259min s\u0259n\u0259dd\u0259 hakimiyy\u0259tin nec\u0259 \u0259l\u0259 ke\u00e7iril\u0259c\u0259yi add\u0131m-add\u0131m izah olunub. <br><br>Qeyd etm\u0259k laz\u0131md\u0131r ki, haz\u0131rda &#8220;Coup Strategy&#8221; s\u0259n\u0259dinin m\u00f6vcudlu\u011funun he\u00e7 bir r\u0259smi t\u0259sdiqi yoxdur.<\/p>\n\n\n\n<p>Pa\u015finyan\u0131n s\u00f6zl\u0259rin\u0259 g\u00f6r\u0259, \u00e7evrili\u015f h\u0259m daxili, h\u0259m d\u0259 xarici dair\u0259l\u0259r, o c\u00fcml\u0259d\u0259n ke\u00e7mi\u015f prezidentl\u0259r v\u0259 onlar\u0131n n\u0259zar\u0259tind\u0259 olan strukturlar t\u0259r\u0259find\u0259n maliyy\u0259l\u0259\u015fdirilib.<\/p>\n\n\n\n<p><em>\u201cBu, sad\u0259c\u0259 u\u011fursuz \u00e7evrili\u015f c\u0259hdi deyil \u2014 bu, bizim d\u00f6vl\u0259t\u00e7iliyimizi m\u0259hv etm\u0259y\u0259 y\u00f6n\u0259lmi\u015f biab\u0131r\u00e7\u0131 v\u0259 xain sui-q\u0259sddir,\u201d <\/em>\u2013 dey\u0259 Ba\u015f nazir bildirib.<\/p>\n\n\n\n<p>Onun s\u00f6zl\u0259rin\u0259 g\u00f6r\u0259, h\u00fcquq-m\u00fchafiz\u0259 orqanlar\u0131 operativ h\u0259r\u0259k\u0259t ed\u0259r\u0259k plan\u0131n son m\u0259rh\u0259l\u0259y\u0259 ke\u00e7m\u0259sinin qar\u015f\u0131s\u0131n\u0131 al\u0131b. \u018fm\u0259liyyat zaman\u0131 partlay\u0131c\u0131 madd\u0259l\u0259r, koordinasiya planlar\u0131 v\u0259 s\u0259n\u0259dl\u0259r g\u00f6t\u00fcr\u00fcl\u00fcb. Haz\u0131rda istintaq davam edir, b\u0259zi \u015f\u00fcbh\u0259lil\u0259r saxlan\u0131l\u0131b, b\u0259zil\u0259ri is\u0259 n\u0259zar\u0259t alt\u0131ndad\u0131r.<\/p>\n\n\n\n<p>2024-c\u00fc ilin noyabr\u0131ndan b\u0259ri Erm\u0259nistanda Pa\u015finyan\u0131n istefas\u0131, yeni parlament se\u00e7kil\u0259rinin ke\u00e7irilm\u0259si v\u0259 \u00f6lk\u0259nin xarici siyas\u0259t kursunun d\u0259yi\u015fdirilm\u0259si t\u0259l\u0259bi il\u0259 fasil\u0259siz etiraz aksiyalar\u0131 ke\u00e7irilir. <\/p>\n","protected":false},"excerpt":{"rendered":"<p>\u0130stintaq Komit\u0259sinin m\u0259lumat\u0131na g\u00f6r\u0259, bu, 2024-c\u00fc ilin sonlar\u0131ndan haz\u0131rlanma\u011fa ba\u015flanm\u0131\u015f &#8230; <\/p>\n<p class=\"read-more-container\"><a title=\"Pa\u015finyan: \u201cErm\u0259nistanda kriminal-oliqarxik \u00e7evrili\u015fin qar\u015f\u0131s\u0131 al\u0131n\u0131b\u201d\" class=\"read-more button\" href=\"https:\/\/www.meydan.tv\/az\/article\/pasinyan-erm%c9%99nistanda-kriminal-oliqarxik-cevrilisin-qarsisi-alinib\/#more-332323\" aria-label=\"Read more about Pa\u015finyan: \u201cErm\u0259nistanda kriminal-oliqarxik \u00e7evrili\u015fin qar\u015f\u0131s\u0131 al\u0131n\u0131b\u201d\">Davam\u0131<\/a><\/p>\n","protected":false},"author":16,"featured_media":274006,"comment_status":"closed","ping_status":"closed","sticky":false,"template":"","format":"standard","meta":{"_acf_changed":false,"_sitemap_exclude":false,"_sitemap_priority":"","_sitemap_frequency":"","footnotes":""},"categories":[64,79,56],"tags":[],"class_list":["post-332323","post","type-post","status-publish","format-standard","has-post-thumbnail","hentry","category-dunya","category-featured","category-xeberler","infinite-scroll-item","generate-columns","tablet-grid-50","mobile-grid-100","grid-parent","grid-33","no-featured-image-padding"],"acf":[],"yoast_head":"<!-- This site is optimized with the Yoast SEO plugin v27.5 - https:\/\/yoast.com\/product\/yoast-seo-wordpress\/ -->\n<title>Pa\u015finyan: \u201cErm\u0259nistanda kriminal-oliqarxik \u00e7evrili\u015fin qar\u015f\u0131s\u0131 al\u0131n\u0131b\u201d - MEYDAN.TV<\/title>\n<meta name=\"robots\" content=\"index, follow, max-snippet:-1, max-image-preview:large, max-video-preview:-1\" \/>\n<link rel=\"canonical\" href=\"https:\/\/www.meydan.tv\/az\/article\/pasinyan-erm%c9%99nistanda-kriminal-oliqarxik-cevrilisin-qarsisi-alinib\/\" \/>\n<meta property=\"og:locale\" content=\"az_AZ\" \/>\n<meta property=\"og:type\" content=\"article\" \/>\n<meta property=\"og:title\" content=\"Pa\u015finyan: \u201cErm\u0259nistanda kriminal-oliqarxik \u00e7evrili\u015fin qar\u015f\u0131s\u0131 al\u0131n\u0131b\u201d - MEYDAN.TV\" \/>\n<meta property=\"og:description\" content=\"\u0130stintaq Komit\u0259sinin m\u0259lumat\u0131na g\u00f6r\u0259, bu, 2024-c\u00fc ilin sonlar\u0131ndan haz\u0131rlanma\u011fa ba\u015flanm\u0131\u015f ... Davam\u0131\" \/>\n<meta property=\"og:url\" content=\"https:\/\/www.meydan.tv\/az\/article\/pasinyan-erm%c9%99nistanda-kriminal-oliqarxik-cevrilisin-qarsisi-alinib\/\" \/>\n<meta property=\"og:site_name\" content=\"MEYDAN.TV\" \/>\n<meta property=\"article:published_time\" content=\"2025-06-25T08:11:32+00:00\" \/>\n<meta property=\"article:modified_time\" content=\"2025-06-25T11:14:24+00:00\" \/>\n<meta property=\"og:image\" content=\"https:\/\/www.meydan.tv\/wp-content\/uploads\/img_9856-e1683793974116.jpg\" \/>\n\t<meta property=\"og:image:width\" content=\"1200\" \/>\n\t<meta property=\"og:image:height\" content=\"540\" \/>\n\t<meta property=\"og:image:type\" content=\"image\/jpeg\" \/>\n<meta name=\"author\" content=\"sevda\" \/>\n<meta name=\"twitter:card\" content=\"summary_large_image\" \/>\n<script type=\"application\/ld+json\" class=\"yoast-schema-graph\">{\"@context\":\"https:\\\/\\\/schema.org\",\"@graph\":[{\"@type\":\"Article\",\"@id\":\"https:\\\/\\\/www.meydan.tv\\\/az\\\/article\\\/pasinyan-erm%c9%99nistanda-kriminal-oliqarxik-cevrilisin-qarsisi-alinib\\\/#article\",\"isPartOf\":{\"@id\":\"https:\\\/\\\/www.meydan.tv\\\/az\\\/article\\\/pasinyan-erm%c9%99nistanda-kriminal-oliqarxik-cevrilisin-qarsisi-alinib\\\/\"},\"author\":{\"name\":\"sevda\",\"@id\":\"https:\\\/\\\/www.meydan.tv\\\/az\\\/#\\\/schema\\\/person\\\/49b5f2bad5b126bb8ea9320eeb3e4dc9\"},\"headline\":\"Pa\u015finyan: \u201cErm\u0259nistanda kriminal-oliqarxik \u00e7evrili\u015fin qar\u015f\u0131s\u0131 al\u0131n\u0131b\u201d\",\"datePublished\":\"2025-06-25T08:11:32+00:00\",\"dateModified\":\"2025-06-25T11:14:24+00:00\",\"mainEntityOfPage\":{\"@id\":\"https:\\\/\\\/www.meydan.tv\\\/az\\\/article\\\/pasinyan-erm%c9%99nistanda-kriminal-oliqarxik-cevrilisin-qarsisi-alinib\\\/\"},\"wordCount\":551,\"publisher\":{\"@id\":\"https:\\\/\\\/www.meydan.tv\\\/az\\\/#organization\"},\"image\":{\"@id\":\"https:\\\/\\\/www.meydan.tv\\\/az\\\/article\\\/pasinyan-erm%c9%99nistanda-kriminal-oliqarxik-cevrilisin-qarsisi-alinib\\\/#primaryimage\"},\"thumbnailUrl\":\"https:\\\/\\\/www.meydan.tv\\\/wp-content\\\/uploads\\\/img_9856-e1683793974116.jpg\",\"articleSection\":[\"D\u00fcnya\",\"T\u00f6vsiy\u0259\",\"X\u0259b\u0259rl\u0259r\"],\"inLanguage\":\"az\"},{\"@type\":\"WebPage\",\"@id\":\"https:\\\/\\\/www.meydan.tv\\\/az\\\/article\\\/pasinyan-erm%c9%99nistanda-kriminal-oliqarxik-cevrilisin-qarsisi-alinib\\\/\",\"url\":\"https:\\\/\\\/www.meydan.tv\\\/az\\\/article\\\/pasinyan-erm%c9%99nistanda-kriminal-oliqarxik-cevrilisin-qarsisi-alinib\\\/\",\"name\":\"Pa\u015finyan: \u201cErm\u0259nistanda kriminal-oliqarxik \u00e7evrili\u015fin qar\u015f\u0131s\u0131 al\u0131n\u0131b\u201d - MEYDAN.TV\",\"isPartOf\":{\"@id\":\"https:\\\/\\\/www.meydan.tv\\\/az\\\/#website\"},\"primaryImageOfPage\":{\"@id\":\"https:\\\/\\\/www.meydan.tv\\\/az\\\/article\\\/pasinyan-erm%c9%99nistanda-kriminal-oliqarxik-cevrilisin-qarsisi-alinib\\\/#primaryimage\"},\"image\":{\"@id\":\"https:\\\/\\\/www.meydan.tv\\\/az\\\/article\\\/pasinyan-erm%c9%99nistanda-kriminal-oliqarxik-cevrilisin-qarsisi-alinib\\\/#primaryimage\"},\"thumbnailUrl\":\"https:\\\/\\\/www.meydan.tv\\\/wp-content\\\/uploads\\\/img_9856-e1683793974116.jpg\",\"datePublished\":\"2025-06-25T08:11:32+00:00\",\"dateModified\":\"2025-06-25T11:14:24+00:00\",\"breadcrumb\":{\"@id\":\"https:\\\/\\\/www.meydan.tv\\\/az\\\/article\\\/pasinyan-erm%c9%99nistanda-kriminal-oliqarxik-cevrilisin-qarsisi-alinib\\\/#breadcrumb\"},\"inLanguage\":\"az\",\"potentialAction\":[{\"@type\":\"ReadAction\",\"target\":[\"https:\\\/\\\/www.meydan.tv\\\/az\\\/article\\\/pasinyan-erm%c9%99nistanda-kriminal-oliqarxik-cevrilisin-qarsisi-alinib\\\/\"]}]},{\"@type\":\"ImageObject\",\"inLanguage\":\"az\",\"@id\":\"https:\\\/\\\/www.meydan.tv\\\/az\\\/article\\\/pasinyan-erm%c9%99nistanda-kriminal-oliqarxik-cevrilisin-qarsisi-alinib\\\/#primaryimage\",\"url\":\"https:\\\/\\\/www.meydan.tv\\\/wp-content\\\/uploads\\\/img_9856-e1683793974116.jpg\",\"contentUrl\":\"https:\\\/\\\/www.meydan.tv\\\/wp-content\\\/uploads\\\/img_9856-e1683793974116.jpg\",\"width\":1200,\"height\":540,\"caption\":\"Nikol Pa\u015finyan. \u0130ll\u00fcstrasiya: Meydan TV\"},{\"@type\":\"BreadcrumbList\",\"@id\":\"https:\\\/\\\/www.meydan.tv\\\/az\\\/article\\\/pasinyan-erm%c9%99nistanda-kriminal-oliqarxik-cevrilisin-qarsisi-alinib\\\/#breadcrumb\",\"itemListElement\":[{\"@type\":\"ListItem\",\"position\":1,\"name\":\"Ana s\u0259hif\u0259\",\"item\":\"https:\\\/\\\/www.meydan.tv\\\/az\\\/\"},{\"@type\":\"ListItem\",\"position\":2,\"name\":\"X\u0259b\u0259rl\u0259r\",\"item\":\"https:\\\/\\\/www.meydan.tv\\\/az\\\/section\\\/xeberler\\\/\"},{\"@type\":\"ListItem\",\"position\":3,\"name\":\"Pa\u015finyan: \u201cErm\u0259nistanda kriminal-oliqarxik \u00e7evrili\u015fin qar\u015f\u0131s\u0131 al\u0131n\u0131b\u201d\"}]},{\"@type\":\"WebSite\",\"@id\":\"https:\\\/\\\/www.meydan.tv\\\/az\\\/#website\",\"url\":\"https:\\\/\\\/www.meydan.tv\\\/az\\\/\",\"name\":\"MEYDAN.TV\",\"description\":\"Meydan TV Az\u0259rbaycan\u0131n media m\u0259kan\u0131ndak\u0131 alternativ s\u0259sidir\",\"publisher\":{\"@id\":\"https:\\\/\\\/www.meydan.tv\\\/az\\\/#organization\"},\"potentialAction\":[{\"@type\":\"SearchAction\",\"target\":{\"@type\":\"EntryPoint\",\"urlTemplate\":\"https:\\\/\\\/www.meydan.tv\\\/az\\\/?s={search_term_string}\"},\"query-input\":{\"@type\":\"PropertyValueSpecification\",\"valueRequired\":true,\"valueName\":\"search_term_string\"}}],\"inLanguage\":\"az\"},{\"@type\":\"Organization\",\"@id\":\"https:\\\/\\\/www.meydan.tv\\\/az\\\/#organization\",\"name\":\"Meydan TV\",\"url\":\"https:\\\/\\\/www.meydan.tv\\\/az\\\/\",\"logo\":{\"@type\":\"ImageObject\",\"inLanguage\":\"az\",\"@id\":\"https:\\\/\\\/www.meydan.tv\\\/az\\\/#\\\/schema\\\/logo\\\/image\\\/\",\"url\":\"https:\\\/\\\/www.meydan.tv\\\/wp-content\\\/uploads\\\/2021\\\/07\\\/meydan-logo.svg\",\"contentUrl\":\"https:\\\/\\\/www.meydan.tv\\\/wp-content\\\/uploads\\\/2021\\\/07\\\/meydan-logo.svg\",\"width\":195,\"height\":46,\"caption\":\"Meydan TV\"},\"image\":{\"@id\":\"https:\\\/\\\/www.meydan.tv\\\/az\\\/#\\\/schema\\\/logo\\\/image\\\/\"}},{\"@type\":\"Person\",\"@id\":\"https:\\\/\\\/www.meydan.tv\\\/az\\\/#\\\/schema\\\/person\\\/49b5f2bad5b126bb8ea9320eeb3e4dc9\",\"name\":\"sevda\"}]}<\/script>\n<!-- \/ Yoast SEO plugin. -->","yoast_head_json":{"title":"Pa\u015finyan: \u201cErm\u0259nistanda kriminal-oliqarxik \u00e7evrili\u015fin qar\u015f\u0131s\u0131 al\u0131n\u0131b\u201d - MEYDAN.TV","robots":{"index":"index","follow":"follow","max-snippet":"max-snippet:-1","max-image-preview":"max-image-preview:large","max-video-preview":"max-video-preview:-1"},"canonical":"https:\/\/www.meydan.tv\/az\/article\/pasinyan-erm%c9%99nistanda-kriminal-oliqarxik-cevrilisin-qarsisi-alinib\/","og_locale":"az_AZ","og_type":"article","og_title":"Pa\u015finyan: \u201cErm\u0259nistanda kriminal-oliqarxik \u00e7evrili\u015fin qar\u015f\u0131s\u0131 al\u0131n\u0131b\u201d - MEYDAN.TV","og_description":"\u0130stintaq Komit\u0259sinin m\u0259lumat\u0131na g\u00f6r\u0259, bu, 2024-c\u00fc ilin sonlar\u0131ndan haz\u0131rlanma\u011fa ba\u015flanm\u0131\u015f ... Davam\u0131","og_url":"https:\/\/www.meydan.tv\/az\/article\/pasinyan-erm%c9%99nistanda-kriminal-oliqarxik-cevrilisin-qarsisi-alinib\/","og_site_name":"MEYDAN.TV","article_published_time":"2025-06-25T08:11:32+00:00","article_modified_time":"2025-06-25T11:14:24+00:00","og_image":[{"width":1200,"height":540,"url":"https:\/\/www.meydan.tv\/wp-content\/uploads\/img_9856-e1683793974116.jpg","type":"image\/jpeg"}],"author":"sevda","twitter_card":"summary_large_image","schema":{"@context":"https:\/\/schema.org","@graph":[{"@type":"Article","@id":"https:\/\/www.meydan.tv\/az\/article\/pasinyan-erm%c9%99nistanda-kriminal-oliqarxik-cevrilisin-qarsisi-alinib\/#article","isPartOf":{"@id":"https:\/\/www.meydan.tv\/az\/article\/pasinyan-erm%c9%99nistanda-kriminal-oliqarxik-cevrilisin-qarsisi-alinib\/"},"author":{"name":"sevda","@id":"https:\/\/www.meydan.tv\/az\/#\/schema\/person\/49b5f2bad5b126bb8ea9320eeb3e4dc9"},"headline":"Pa\u015finyan: \u201cErm\u0259nistanda kriminal-oliqarxik \u00e7evrili\u015fin qar\u015f\u0131s\u0131 al\u0131n\u0131b\u201d","datePublished":"2025-06-25T08:11:32+00:00","dateModified":"2025-06-25T11:14:24+00:00","mainEntityOfPage":{"@id":"https:\/\/www.meydan.tv\/az\/article\/pasinyan-erm%c9%99nistanda-kriminal-oliqarxik-cevrilisin-qarsisi-alinib\/"},"wordCount":551,"publisher":{"@id":"https:\/\/www.meydan.tv\/az\/#organization"},"image":{"@id":"https:\/\/www.meydan.tv\/az\/article\/pasinyan-erm%c9%99nistanda-kriminal-oliqarxik-cevrilisin-qarsisi-alinib\/#primaryimage"},"thumbnailUrl":"https:\/\/www.meydan.tv\/wp-content\/uploads\/img_9856-e1683793974116.jpg","articleSection":["D\u00fcnya","T\u00f6vsiy\u0259","X\u0259b\u0259rl\u0259r"],"inLanguage":"az"},{"@type":"WebPage","@id":"https:\/\/www.meydan.tv\/az\/article\/pasinyan-erm%c9%99nistanda-kriminal-oliqarxik-cevrilisin-qarsisi-alinib\/","url":"https:\/\/www.meydan.tv\/az\/article\/pasinyan-erm%c9%99nistanda-kriminal-oliqarxik-cevrilisin-qarsisi-alinib\/","name":"Pa\u015finyan: \u201cErm\u0259nistanda kriminal-oliqarxik \u00e7evrili\u015fin qar\u015f\u0131s\u0131 al\u0131n\u0131b\u201d - MEYDAN.TV","isPartOf":{"@id":"https:\/\/www.meydan.tv\/az\/#website"},"primaryImageOfPage":{"@id":"https:\/\/www.meydan.tv\/az\/article\/pasinyan-erm%c9%99nistanda-kriminal-oliqarxik-cevrilisin-qarsisi-alinib\/#primaryimage"},"image":{"@id":"https:\/\/www.meydan.tv\/az\/article\/pasinyan-erm%c9%99nistanda-kriminal-oliqarxik-cevrilisin-qarsisi-alinib\/#primaryimage"},"thumbnailUrl":"https:\/\/www.meydan.tv\/wp-content\/uploads\/img_9856-e1683793974116.jpg","datePublished":"2025-06-25T08:11:32+00:00","dateModified":"2025-06-25T11:14:24+00:00","breadcrumb":{"@id":"https:\/\/www.meydan.tv\/az\/article\/pasinyan-erm%c9%99nistanda-kriminal-oliqarxik-cevrilisin-qarsisi-alinib\/#breadcrumb"},"inLanguage":"az","potentialAction":[{"@type":"ReadAction","target":["https:\/\/www.meydan.tv\/az\/article\/pasinyan-erm%c9%99nistanda-kriminal-oliqarxik-cevrilisin-qarsisi-alinib\/"]}]},{"@type":"ImageObject","inLanguage":"az","@id":"https:\/\/www.meydan.tv\/az\/article\/pasinyan-erm%c9%99nistanda-kriminal-oliqarxik-cevrilisin-qarsisi-alinib\/#primaryimage","url":"https:\/\/www.meydan.tv\/wp-content\/uploads\/img_9856-e1683793974116.jpg","contentUrl":"https:\/\/www.meydan.tv\/wp-content\/uploads\/img_9856-e1683793974116.jpg","width":1200,"height":540,"caption":"Nikol Pa\u015finyan. \u0130ll\u00fcstrasiya: Meydan TV"},{"@type":"BreadcrumbList","@id":"https:\/\/www.meydan.tv\/az\/article\/pasinyan-erm%c9%99nistanda-kriminal-oliqarxik-cevrilisin-qarsisi-alinib\/#breadcrumb","itemListElement":[{"@type":"ListItem","position":1,"name":"Ana s\u0259hif\u0259","item":"https:\/\/www.meydan.tv\/az\/"},{"@type":"ListItem","position":2,"name":"X\u0259b\u0259rl\u0259r","item":"https:\/\/www.meydan.tv\/az\/section\/xeberler\/"},{"@type":"ListItem","position":3,"name":"Pa\u015finyan: \u201cErm\u0259nistanda kriminal-oliqarxik \u00e7evrili\u015fin qar\u015f\u0131s\u0131 al\u0131n\u0131b\u201d"}]},{"@type":"WebSite","@id":"https:\/\/www.meydan.tv\/az\/#website","url":"https:\/\/www.meydan.tv\/az\/","name":"MEYDAN.TV","description":"Meydan TV Az\u0259rbaycan\u0131n media m\u0259kan\u0131ndak\u0131 alternativ s\u0259sidir","publisher":{"@id":"https:\/\/www.meydan.tv\/az\/#organization"},"potentialAction":[{"@type":"SearchAction","target":{"@type":"EntryPoint","urlTemplate":"https:\/\/www.meydan.tv\/az\/?s={search_term_string}"},"query-input":{"@type":"PropertyValueSpecification","valueRequired":true,"valueName":"search_term_string"}}],"inLanguage":"az"},{"@type":"Organization","@id":"https:\/\/www.meydan.tv\/az\/#organization","name":"Meydan TV","url":"https:\/\/www.meydan.tv\/az\/","logo":{"@type":"ImageObject","inLanguage":"az","@id":"https:\/\/www.meydan.tv\/az\/#\/schema\/logo\/image\/","url":"https:\/\/www.meydan.tv\/wp-content\/uploads\/2021\/07\/meydan-logo.svg","contentUrl":"https:\/\/www.meydan.tv\/wp-content\/uploads\/2021\/07\/meydan-logo.svg","width":195,"height":46,"caption":"Meydan TV"},"image":{"@id":"https:\/\/www.meydan.tv\/az\/#\/schema\/logo\/image\/"}},{"@type":"Person","@id":"https:\/\/www.meydan.tv\/az\/#\/schema\/person\/49b5f2bad5b126bb8ea9320eeb3e4dc9","name":"sevda"}]}},"_links":{"self":[{"href":"https:\/\/www.meydan.tv\/az\/wp-json\/wp\/v2\/posts\/332323","targetHints":{"allow":["GET"]}}],"collection":[{"href":"https:\/\/www.meydan.tv\/az\/wp-json\/wp\/v2\/posts"}],"about":[{"href":"https:\/\/www.meydan.tv\/az\/wp-json\/wp\/v2\/types\/post"}],"author":[{"embeddable":true,"href":"https:\/\/www.meydan.tv\/az\/wp-json\/wp\/v2\/users\/16"}],"replies":[{"embeddable":true,"href":"https:\/\/www.meydan.tv\/az\/wp-json\/wp\/v2\/comments?post=332323"}],"version-history":[{"count":6,"href":"https:\/\/www.meydan.tv\/az\/wp-json\/wp\/v2\/posts\/332323\/revisions"}],"predecessor-version":[{"id":332344,"href":"https:\/\/www.meydan.tv\/az\/wp-json\/wp\/v2\/posts\/332323\/revisions\/332344"}],"wp:featuredmedia":[{"embeddable":true,"href":"https:\/\/www.meydan.tv\/az\/wp-json\/wp\/v2\/media\/274006"}],"wp:attachment":[{"href":"https:\/\/www.meydan.tv\/az\/wp-json\/wp\/v2\/media?parent=332323"}],"wp:term":[{"taxonomy":"category","embeddable":true,"href":"https:\/\/www.meydan.tv\/az\/wp-json\/wp\/v2\/categories?post=332323"},{"taxonomy":"post_tag","embeddable":true,"href":"https:\/\/www.meydan.tv\/az\/wp-json\/wp\/v2\/tags?post=332323"}],"curies":[{"name":"wp","href":"https:\/\/api.w.org\/{rel}","templated":true}]}}