{"id":332217,"date":"2025-06-23T17:34:40","date_gmt":"2025-06-23T13:34:40","guid":{"rendered":"https:\/\/www.meydan.tv\/?p=332217"},"modified":"2025-06-23T17:34:43","modified_gmt":"2025-06-23T13:34:43","slug":"alatavada-qanunsuz-sokuntu-isi-apardigi-ucun-h%c9%99bs-edilmis-ekskavator-surucusu-azadliga-buraxilib","status":"publish","type":"post","link":"https:\/\/www.meydan.tv\/az\/article\/alatavada-qanunsuz-sokuntu-isi-apardigi-ucun-h%c9%99bs-edilmis-ekskavator-surucusu-azadliga-buraxilib\/","title":{"rendered":"Alatavada qanunsuz s\u00f6k\u00fcnt\u00fc i\u015fi apard\u0131\u011f\u0131 \u00fc\u00e7\u00fcn h\u0259bs edilmi\u015f ekskavator s\u00fcr\u00fcc\u00fcs\u00fc azadl\u0131\u011fa burax\u0131l\u0131b"},"content":{"rendered":"\n<p><strong><em>Bildirilir ki, bu, z\u0259r\u0259r\u00e7\u0259k\u0259nl\u0259 \u015firk\u0259t aras\u0131nda raz\u0131la\u015fmadan sonra ba\u015f verib<\/em><\/strong><\/p>\n\n\n\n<p>Bak\u0131n\u0131n Alatava adlanan \u0259razisind\u0259 qanunsuz s\u00f6k\u00fcnt\u00fc i\u015fl\u0259ri apard\u0131\u011f\u0131 \u00fc\u00e7\u00fcn h\u0259bs edilmi\u015f \u201cMelissa Group\u201d tikinti \u015firk\u0259tinin ekskavator s\u00fcr\u00fcc\u00fcs\u00fcn\u00fcn cinay\u0259t i\u015fin\u0259 xitam verilib.<\/p>\n\n\n\n<p>APA-n\u0131n <a href=\"https:\/\/apa.az\/hadise\/alatavada-qanunsuz-sokuntu-ile-bagli-hebs-edilen-ekskavator-surucusu-azadliga-buraxilib-ise-xitam-verilib-yenilenib-906027\" target=\"_blank\" rel=\"noreferrer noopener\">m\u0259lumat\u0131na<\/a> g\u00f6r\u0259, s\u00f6k\u00fcnt\u00fc il\u0259 ba\u011fl\u0131 saxlan\u0131lan ekskavator s\u00fcr\u00fcc\u00fcs\u00fc Qala Eynullayev azadl\u0131\u011fa burax\u0131l\u0131b.<\/p>\n\n\n\n<p>Bildirilir ki, bu, z\u0259r\u0259r\u00e7\u0259k\u0259nl\u0259 \u015firk\u0259t aras\u0131nda raz\u0131la\u015fmadan sonra ba\u015f verib.<\/p>\n\n\n\n<p>X\u0259tai Rayon M\u0259hk\u0259m\u0259sinin q\u0259rar\u0131na \u0259sas\u0259n, \u201cMelissa Group\u201d tikinti \u015firk\u0259tinin r\u0259hb\u0259ri Qalib M\u0259mm\u0259dov da \u00f6t\u0259n ay ev dustaql\u0131\u011f\u0131na burax\u0131l\u0131b.<\/p>\n\n\n\n<p>2025-ci il mart\u0131n 27-d\u0259 Bak\u0131 \u015f\u0259h\u0259ri, Yasamal rayonu, Alatava \u0259razisind\u0259 qanunsuz s\u00f6k\u00fcnt\u00fc i\u015fl\u0259ri apard\u0131\u011f\u0131 \u00fc\u00e7\u00fcn \u201cMelissa Group\u201d tikinti \u015firk\u0259tinin r\u0259hb\u0259ri Qalib M\u0259mm\u0259dov, s\u00f6k\u00fcnt\u00fc i\u015fl\u0259ri aparan ekskavator idar\u0259 ed\u0259n Qala Seymur o\u011flu Eynullayev <a href=\"https:\/\/storage.googleapis.com\/qurium\/www.meydan.tv\/az-article-bakida-yasayis-binasini-sok%c9%99n-tikinti-sirk%c9%99ti-il%c9%99-bagli-cinay%c9%99t-isi-acilib.html\" target=\"_blank\" rel=\"noreferrer noopener\">saxlan\u0131lm\u0131\u015fd\u0131<\/a>.<\/p>\n\n\n\n<p>Qalib M\u0259mm\u0259dov v\u0259 Qala Eynullayev bar\u0259sind\u0259 mart\u0131n 29-da X\u0259tai rayon M\u0259hk\u0259m\u0259sind\u0259 h\u0259bs q\u0259timkan t\u0259dbiri se\u00e7ilmi\u015fdi.<\/p>\n\n\n\n<p>Qalib M\u0259mm\u0259dova Cinay\u0259t M\u0259c\u0259ll\u0259sinin 32.3-c\u00fc (cinay\u0259td\u0259 i\u015ftirak\u00e7\u0131l\u0131q, cinay\u0259tin t\u00f6r\u0259dilm\u0259sini t\u0259\u015fkil etm\u0259 v\u0259 ya h\u0259min cinay\u0259tin t\u00f6r\u0259dilm\u0259sin\u0259 r\u0259hb\u0259rlik etm\u0259, el\u0259c\u0259 d\u0259 m\u00fct\u0259\u015f\u0259kkil d\u0259st\u0259 v\u0259 ya cinay\u0259tkar birlik (cinay\u0259tkar t\u0259\u015fkilat) yaratma v\u0259 ya bunlara r\u0259hb\u0259rlik etm\u0259), 186.2.2-ci (\u0259mlak\u0131 q\u0259sd\u0259n m\u0259hv etm\u0259 v\u0259 ya z\u0259d\u0259l\u0259m\u0259, yand\u0131rmaqla, partlatmaqla v\u0259 ya ba\u015fqa \u00fcmumi t\u0259hl\u00fck\u0259li \u00fcsulla t\u00f6r\u0259dildikd\u0259 v\u0259 ya a\u011f\u0131r n\u0259tic\u0259l\u0259r\u0259 s\u0259b\u0259b olduqda) madd\u0259l\u0259ri il\u0259 ittiham ir\u0259li s\u00fcr\u00fclm\u00fc\u015fd\u00fc.<\/p>\n\n\n\n<p>Qala Eynullayev is\u0259 Cinay\u0259t M\u0259c\u0259ll\u0259sinin 186.2.2-ci (\u018fmlak\u0131 q\u0259sd\u0259n m\u0259hv etm\u0259 v\u0259 ya z\u0259d\u0259l\u0259m\u0259, yand\u0131rmaqla, partlatmaqla v\u0259 ya ba\u015fqa \u00fcmumi t\u0259hl\u00fck\u0259li \u00fcsulla t\u00f6r\u0259dildikd\u0259 v\u0259 ya a\u011f\u0131r n\u0259tic\u0259l\u0259r\u0259 s\u0259b\u0259b olduqda) madd\u0259si \u00fczr\u0259 ittiham olunurdu.<\/p>\n","protected":false},"excerpt":{"rendered":"<p>Bildirilir ki, bu, z\u0259r\u0259r\u00e7\u0259k\u0259nl\u0259 \u015firk\u0259t aras\u0131nda raz\u0131la\u015fmadan sonra ba\u015f verib &#8230; <\/p>\n<p class=\"read-more-container\"><a title=\"Alatavada qanunsuz s\u00f6k\u00fcnt\u00fc i\u015fi apard\u0131\u011f\u0131 \u00fc\u00e7\u00fcn h\u0259bs edilmi\u015f ekskavator s\u00fcr\u00fcc\u00fcs\u00fc azadl\u0131\u011fa burax\u0131l\u0131b\" class=\"read-more button\" href=\"https:\/\/www.meydan.tv\/az\/article\/alatavada-qanunsuz-sokuntu-isi-apardigi-ucun-h%c9%99bs-edilmis-ekskavator-surucusu-azadliga-buraxilib\/#more-332217\" aria-label=\"Read more about Alatavada qanunsuz s\u00f6k\u00fcnt\u00fc i\u015fi apard\u0131\u011f\u0131 \u00fc\u00e7\u00fcn h\u0259bs edilmi\u015f ekskavator s\u00fcr\u00fcc\u00fcs\u00fc azadl\u0131\u011fa burax\u0131l\u0131b\">Davam\u0131<\/a><\/p>\n","protected":false},"author":21,"featured_media":328091,"comment_status":"closed","ping_status":"closed","sticky":false,"template":"","format":"standard","meta":{"_acf_changed":false,"_sitemap_exclude":false,"_sitemap_priority":"","_sitemap_frequency":"","footnotes":""},"categories":[62,56],"tags":[],"class_list":["post-332217","post","type-post","status-publish","format-standard","has-post-thumbnail","hentry","category-sosial","category-xeberler","infinite-scroll-item","generate-columns","tablet-grid-50","mobile-grid-100","grid-parent","grid-33","no-featured-image-padding"],"acf":[],"yoast_head":"<!-- This site is optimized with the Yoast SEO plugin v27.4 - https:\/\/yoast.com\/product\/yoast-seo-wordpress\/ -->\n<title>Alatavada qanunsuz s\u00f6k\u00fcnt\u00fc i\u015fi apard\u0131\u011f\u0131 \u00fc\u00e7\u00fcn h\u0259bs edilmi\u015f ekskavator s\u00fcr\u00fcc\u00fcs\u00fc azadl\u0131\u011fa burax\u0131l\u0131b - MEYDAN.TV<\/title>\n<meta name=\"robots\" content=\"index, follow, max-snippet:-1, max-image-preview:large, max-video-preview:-1\" \/>\n<link rel=\"canonical\" href=\"https:\/\/www.meydan.tv\/az\/article\/alatavada-qanunsuz-sokuntu-isi-apardigi-ucun-h%c9%99bs-edilmis-ekskavator-surucusu-azadliga-buraxilib\/\" \/>\n<meta property=\"og:locale\" content=\"az_AZ\" \/>\n<meta property=\"og:type\" content=\"article\" \/>\n<meta property=\"og:title\" content=\"Alatavada qanunsuz s\u00f6k\u00fcnt\u00fc i\u015fi apard\u0131\u011f\u0131 \u00fc\u00e7\u00fcn h\u0259bs edilmi\u015f ekskavator s\u00fcr\u00fcc\u00fcs\u00fc azadl\u0131\u011fa burax\u0131l\u0131b - MEYDAN.TV\" \/>\n<meta property=\"og:description\" content=\"Bildirilir ki, bu, z\u0259r\u0259r\u00e7\u0259k\u0259nl\u0259 \u015firk\u0259t aras\u0131nda raz\u0131la\u015fmadan sonra ba\u015f verib ... Davam\u0131\" \/>\n<meta property=\"og:url\" content=\"https:\/\/www.meydan.tv\/az\/article\/alatavada-qanunsuz-sokuntu-isi-apardigi-ucun-h%c9%99bs-edilmis-ekskavator-surucusu-azadliga-buraxilib\/\" \/>\n<meta property=\"og:site_name\" content=\"MEYDAN.TV\" \/>\n<meta property=\"article:published_time\" content=\"2025-06-23T13:34:40+00:00\" \/>\n<meta property=\"article:modified_time\" content=\"2025-06-23T13:34:43+00:00\" \/>\n<meta property=\"og:image\" content=\"https:\/\/www.meydan.tv\/wp-content\/uploads\/5415995851391756603-e1750685306896.jpg\" \/>\n\t<meta property=\"og:image:width\" content=\"1024\" \/>\n\t<meta property=\"og:image:height\" content=\"655\" \/>\n\t<meta property=\"og:image:type\" content=\"image\/jpeg\" \/>\n<meta name=\"author\" content=\"mahmud\" \/>\n<meta name=\"twitter:card\" content=\"summary_large_image\" \/>\n<script type=\"application\/ld+json\" class=\"yoast-schema-graph\">{\"@context\":\"https:\\\/\\\/schema.org\",\"@graph\":[{\"@type\":\"Article\",\"@id\":\"https:\\\/\\\/www.meydan.tv\\\/az\\\/article\\\/alatavada-qanunsuz-sokuntu-isi-apardigi-ucun-h%c9%99bs-edilmis-ekskavator-surucusu-azadliga-buraxilib\\\/#article\",\"isPartOf\":{\"@id\":\"https:\\\/\\\/www.meydan.tv\\\/az\\\/article\\\/alatavada-qanunsuz-sokuntu-isi-apardigi-ucun-h%c9%99bs-edilmis-ekskavator-surucusu-azadliga-buraxilib\\\/\"},\"author\":{\"name\":\"mahmud\",\"@id\":\"https:\\\/\\\/www.meydan.tv\\\/az\\\/#\\\/schema\\\/person\\\/09863e516102a829e72bedcf3f84c6b0\"},\"headline\":\"Alatavada qanunsuz s\u00f6k\u00fcnt\u00fc i\u015fi apard\u0131\u011f\u0131 \u00fc\u00e7\u00fcn h\u0259bs edilmi\u015f ekskavator s\u00fcr\u00fcc\u00fcs\u00fc azadl\u0131\u011fa burax\u0131l\u0131b\",\"datePublished\":\"2025-06-23T13:34:40+00:00\",\"dateModified\":\"2025-06-23T13:34:43+00:00\",\"mainEntityOfPage\":{\"@id\":\"https:\\\/\\\/www.meydan.tv\\\/az\\\/article\\\/alatavada-qanunsuz-sokuntu-isi-apardigi-ucun-h%c9%99bs-edilmis-ekskavator-surucusu-azadliga-buraxilib\\\/\"},\"wordCount\":409,\"publisher\":{\"@id\":\"https:\\\/\\\/www.meydan.tv\\\/az\\\/#organization\"},\"image\":{\"@id\":\"https:\\\/\\\/www.meydan.tv\\\/az\\\/article\\\/alatavada-qanunsuz-sokuntu-isi-apardigi-ucun-h%c9%99bs-edilmis-ekskavator-surucusu-azadliga-buraxilib\\\/#primaryimage\"},\"thumbnailUrl\":\"https:\\\/\\\/www.meydan.tv\\\/wp-content\\\/uploads\\\/5415995851391756603-e1750685306896.jpg\",\"articleSection\":[\"Sosial\",\"X\u0259b\u0259rl\u0259r\"],\"inLanguage\":\"az\"},{\"@type\":\"WebPage\",\"@id\":\"https:\\\/\\\/www.meydan.tv\\\/az\\\/article\\\/alatavada-qanunsuz-sokuntu-isi-apardigi-ucun-h%c9%99bs-edilmis-ekskavator-surucusu-azadliga-buraxilib\\\/\",\"url\":\"https:\\\/\\\/www.meydan.tv\\\/az\\\/article\\\/alatavada-qanunsuz-sokuntu-isi-apardigi-ucun-h%c9%99bs-edilmis-ekskavator-surucusu-azadliga-buraxilib\\\/\",\"name\":\"Alatavada qanunsuz s\u00f6k\u00fcnt\u00fc i\u015fi apard\u0131\u011f\u0131 \u00fc\u00e7\u00fcn h\u0259bs edilmi\u015f ekskavator s\u00fcr\u00fcc\u00fcs\u00fc azadl\u0131\u011fa burax\u0131l\u0131b - MEYDAN.TV\",\"isPartOf\":{\"@id\":\"https:\\\/\\\/www.meydan.tv\\\/az\\\/#website\"},\"primaryImageOfPage\":{\"@id\":\"https:\\\/\\\/www.meydan.tv\\\/az\\\/article\\\/alatavada-qanunsuz-sokuntu-isi-apardigi-ucun-h%c9%99bs-edilmis-ekskavator-surucusu-azadliga-buraxilib\\\/#primaryimage\"},\"image\":{\"@id\":\"https:\\\/\\\/www.meydan.tv\\\/az\\\/article\\\/alatavada-qanunsuz-sokuntu-isi-apardigi-ucun-h%c9%99bs-edilmis-ekskavator-surucusu-azadliga-buraxilib\\\/#primaryimage\"},\"thumbnailUrl\":\"https:\\\/\\\/www.meydan.tv\\\/wp-content\\\/uploads\\\/5415995851391756603-e1750685306896.jpg\",\"datePublished\":\"2025-06-23T13:34:40+00:00\",\"dateModified\":\"2025-06-23T13:34:43+00:00\",\"breadcrumb\":{\"@id\":\"https:\\\/\\\/www.meydan.tv\\\/az\\\/article\\\/alatavada-qanunsuz-sokuntu-isi-apardigi-ucun-h%c9%99bs-edilmis-ekskavator-surucusu-azadliga-buraxilib\\\/#breadcrumb\"},\"inLanguage\":\"az\",\"potentialAction\":[{\"@type\":\"ReadAction\",\"target\":[\"https:\\\/\\\/www.meydan.tv\\\/az\\\/article\\\/alatavada-qanunsuz-sokuntu-isi-apardigi-ucun-h%c9%99bs-edilmis-ekskavator-surucusu-azadliga-buraxilib\\\/\"]}]},{\"@type\":\"ImageObject\",\"inLanguage\":\"az\",\"@id\":\"https:\\\/\\\/www.meydan.tv\\\/az\\\/article\\\/alatavada-qanunsuz-sokuntu-isi-apardigi-ucun-h%c9%99bs-edilmis-ekskavator-surucusu-azadliga-buraxilib\\\/#primaryimage\",\"url\":\"https:\\\/\\\/www.meydan.tv\\\/wp-content\\\/uploads\\\/5415995851391756603-e1750685306896.jpg\",\"contentUrl\":\"https:\\\/\\\/www.meydan.tv\\\/wp-content\\\/uploads\\\/5415995851391756603-e1750685306896.jpg\",\"width\":1024,\"height\":655},{\"@type\":\"BreadcrumbList\",\"@id\":\"https:\\\/\\\/www.meydan.tv\\\/az\\\/article\\\/alatavada-qanunsuz-sokuntu-isi-apardigi-ucun-h%c9%99bs-edilmis-ekskavator-surucusu-azadliga-buraxilib\\\/#breadcrumb\",\"itemListElement\":[{\"@type\":\"ListItem\",\"position\":1,\"name\":\"Ana s\u0259hif\u0259\",\"item\":\"https:\\\/\\\/www.meydan.tv\\\/az\\\/\"},{\"@type\":\"ListItem\",\"position\":2,\"name\":\"Sosial\",\"item\":\"https:\\\/\\\/www.meydan.tv\\\/az\\\/section\\\/sosial\\\/\"},{\"@type\":\"ListItem\",\"position\":3,\"name\":\"Alatavada qanunsuz s\u00f6k\u00fcnt\u00fc i\u015fi apard\u0131\u011f\u0131 \u00fc\u00e7\u00fcn h\u0259bs edilmi\u015f ekskavator s\u00fcr\u00fcc\u00fcs\u00fc azadl\u0131\u011fa burax\u0131l\u0131b\"}]},{\"@type\":\"WebSite\",\"@id\":\"https:\\\/\\\/www.meydan.tv\\\/az\\\/#website\",\"url\":\"https:\\\/\\\/www.meydan.tv\\\/az\\\/\",\"name\":\"MEYDAN.TV\",\"description\":\"Meydan TV Az\u0259rbaycan\u0131n media m\u0259kan\u0131ndak\u0131 alternativ s\u0259sidir\",\"publisher\":{\"@id\":\"https:\\\/\\\/www.meydan.tv\\\/az\\\/#organization\"},\"potentialAction\":[{\"@type\":\"SearchAction\",\"target\":{\"@type\":\"EntryPoint\",\"urlTemplate\":\"https:\\\/\\\/www.meydan.tv\\\/az\\\/?s={search_term_string}\"},\"query-input\":{\"@type\":\"PropertyValueSpecification\",\"valueRequired\":true,\"valueName\":\"search_term_string\"}}],\"inLanguage\":\"az\"},{\"@type\":\"Organization\",\"@id\":\"https:\\\/\\\/www.meydan.tv\\\/az\\\/#organization\",\"name\":\"Meydan TV\",\"url\":\"https:\\\/\\\/www.meydan.tv\\\/az\\\/\",\"logo\":{\"@type\":\"ImageObject\",\"inLanguage\":\"az\",\"@id\":\"https:\\\/\\\/www.meydan.tv\\\/az\\\/#\\\/schema\\\/logo\\\/image\\\/\",\"url\":\"https:\\\/\\\/www.meydan.tv\\\/wp-content\\\/uploads\\\/2021\\\/07\\\/meydan-logo.svg\",\"contentUrl\":\"https:\\\/\\\/www.meydan.tv\\\/wp-content\\\/uploads\\\/2021\\\/07\\\/meydan-logo.svg\",\"width\":195,\"height\":46,\"caption\":\"Meydan TV\"},\"image\":{\"@id\":\"https:\\\/\\\/www.meydan.tv\\\/az\\\/#\\\/schema\\\/logo\\\/image\\\/\"}},{\"@type\":\"Person\",\"@id\":\"https:\\\/\\\/www.meydan.tv\\\/az\\\/#\\\/schema\\\/person\\\/09863e516102a829e72bedcf3f84c6b0\",\"name\":\"mahmud\"}]}<\/script>\n<!-- \/ Yoast SEO plugin. -->","yoast_head_json":{"title":"Alatavada qanunsuz s\u00f6k\u00fcnt\u00fc i\u015fi apard\u0131\u011f\u0131 \u00fc\u00e7\u00fcn h\u0259bs edilmi\u015f ekskavator s\u00fcr\u00fcc\u00fcs\u00fc azadl\u0131\u011fa burax\u0131l\u0131b - MEYDAN.TV","robots":{"index":"index","follow":"follow","max-snippet":"max-snippet:-1","max-image-preview":"max-image-preview:large","max-video-preview":"max-video-preview:-1"},"canonical":"https:\/\/www.meydan.tv\/az\/article\/alatavada-qanunsuz-sokuntu-isi-apardigi-ucun-h%c9%99bs-edilmis-ekskavator-surucusu-azadliga-buraxilib\/","og_locale":"az_AZ","og_type":"article","og_title":"Alatavada qanunsuz s\u00f6k\u00fcnt\u00fc i\u015fi apard\u0131\u011f\u0131 \u00fc\u00e7\u00fcn h\u0259bs edilmi\u015f ekskavator s\u00fcr\u00fcc\u00fcs\u00fc azadl\u0131\u011fa burax\u0131l\u0131b - MEYDAN.TV","og_description":"Bildirilir ki, bu, z\u0259r\u0259r\u00e7\u0259k\u0259nl\u0259 \u015firk\u0259t aras\u0131nda raz\u0131la\u015fmadan sonra ba\u015f verib ... Davam\u0131","og_url":"https:\/\/www.meydan.tv\/az\/article\/alatavada-qanunsuz-sokuntu-isi-apardigi-ucun-h%c9%99bs-edilmis-ekskavator-surucusu-azadliga-buraxilib\/","og_site_name":"MEYDAN.TV","article_published_time":"2025-06-23T13:34:40+00:00","article_modified_time":"2025-06-23T13:34:43+00:00","og_image":[{"width":1024,"height":655,"url":"https:\/\/www.meydan.tv\/wp-content\/uploads\/5415995851391756603-e1750685306896.jpg","type":"image\/jpeg"}],"author":"mahmud","twitter_card":"summary_large_image","schema":{"@context":"https:\/\/schema.org","@graph":[{"@type":"Article","@id":"https:\/\/www.meydan.tv\/az\/article\/alatavada-qanunsuz-sokuntu-isi-apardigi-ucun-h%c9%99bs-edilmis-ekskavator-surucusu-azadliga-buraxilib\/#article","isPartOf":{"@id":"https:\/\/www.meydan.tv\/az\/article\/alatavada-qanunsuz-sokuntu-isi-apardigi-ucun-h%c9%99bs-edilmis-ekskavator-surucusu-azadliga-buraxilib\/"},"author":{"name":"mahmud","@id":"https:\/\/www.meydan.tv\/az\/#\/schema\/person\/09863e516102a829e72bedcf3f84c6b0"},"headline":"Alatavada qanunsuz s\u00f6k\u00fcnt\u00fc i\u015fi apard\u0131\u011f\u0131 \u00fc\u00e7\u00fcn h\u0259bs edilmi\u015f ekskavator s\u00fcr\u00fcc\u00fcs\u00fc azadl\u0131\u011fa burax\u0131l\u0131b","datePublished":"2025-06-23T13:34:40+00:00","dateModified":"2025-06-23T13:34:43+00:00","mainEntityOfPage":{"@id":"https:\/\/www.meydan.tv\/az\/article\/alatavada-qanunsuz-sokuntu-isi-apardigi-ucun-h%c9%99bs-edilmis-ekskavator-surucusu-azadliga-buraxilib\/"},"wordCount":409,"publisher":{"@id":"https:\/\/www.meydan.tv\/az\/#organization"},"image":{"@id":"https:\/\/www.meydan.tv\/az\/article\/alatavada-qanunsuz-sokuntu-isi-apardigi-ucun-h%c9%99bs-edilmis-ekskavator-surucusu-azadliga-buraxilib\/#primaryimage"},"thumbnailUrl":"https:\/\/www.meydan.tv\/wp-content\/uploads\/5415995851391756603-e1750685306896.jpg","articleSection":["Sosial","X\u0259b\u0259rl\u0259r"],"inLanguage":"az"},{"@type":"WebPage","@id":"https:\/\/www.meydan.tv\/az\/article\/alatavada-qanunsuz-sokuntu-isi-apardigi-ucun-h%c9%99bs-edilmis-ekskavator-surucusu-azadliga-buraxilib\/","url":"https:\/\/www.meydan.tv\/az\/article\/alatavada-qanunsuz-sokuntu-isi-apardigi-ucun-h%c9%99bs-edilmis-ekskavator-surucusu-azadliga-buraxilib\/","name":"Alatavada qanunsuz s\u00f6k\u00fcnt\u00fc i\u015fi apard\u0131\u011f\u0131 \u00fc\u00e7\u00fcn h\u0259bs edilmi\u015f ekskavator s\u00fcr\u00fcc\u00fcs\u00fc azadl\u0131\u011fa burax\u0131l\u0131b - MEYDAN.TV","isPartOf":{"@id":"https:\/\/www.meydan.tv\/az\/#website"},"primaryImageOfPage":{"@id":"https:\/\/www.meydan.tv\/az\/article\/alatavada-qanunsuz-sokuntu-isi-apardigi-ucun-h%c9%99bs-edilmis-ekskavator-surucusu-azadliga-buraxilib\/#primaryimage"},"image":{"@id":"https:\/\/www.meydan.tv\/az\/article\/alatavada-qanunsuz-sokuntu-isi-apardigi-ucun-h%c9%99bs-edilmis-ekskavator-surucusu-azadliga-buraxilib\/#primaryimage"},"thumbnailUrl":"https:\/\/www.meydan.tv\/wp-content\/uploads\/5415995851391756603-e1750685306896.jpg","datePublished":"2025-06-23T13:34:40+00:00","dateModified":"2025-06-23T13:34:43+00:00","breadcrumb":{"@id":"https:\/\/www.meydan.tv\/az\/article\/alatavada-qanunsuz-sokuntu-isi-apardigi-ucun-h%c9%99bs-edilmis-ekskavator-surucusu-azadliga-buraxilib\/#breadcrumb"},"inLanguage":"az","potentialAction":[{"@type":"ReadAction","target":["https:\/\/www.meydan.tv\/az\/article\/alatavada-qanunsuz-sokuntu-isi-apardigi-ucun-h%c9%99bs-edilmis-ekskavator-surucusu-azadliga-buraxilib\/"]}]},{"@type":"ImageObject","inLanguage":"az","@id":"https:\/\/www.meydan.tv\/az\/article\/alatavada-qanunsuz-sokuntu-isi-apardigi-ucun-h%c9%99bs-edilmis-ekskavator-surucusu-azadliga-buraxilib\/#primaryimage","url":"https:\/\/www.meydan.tv\/wp-content\/uploads\/5415995851391756603-e1750685306896.jpg","contentUrl":"https:\/\/www.meydan.tv\/wp-content\/uploads\/5415995851391756603-e1750685306896.jpg","width":1024,"height":655},{"@type":"BreadcrumbList","@id":"https:\/\/www.meydan.tv\/az\/article\/alatavada-qanunsuz-sokuntu-isi-apardigi-ucun-h%c9%99bs-edilmis-ekskavator-surucusu-azadliga-buraxilib\/#breadcrumb","itemListElement":[{"@type":"ListItem","position":1,"name":"Ana s\u0259hif\u0259","item":"https:\/\/www.meydan.tv\/az\/"},{"@type":"ListItem","position":2,"name":"Sosial","item":"https:\/\/www.meydan.tv\/az\/section\/sosial\/"},{"@type":"ListItem","position":3,"name":"Alatavada qanunsuz s\u00f6k\u00fcnt\u00fc i\u015fi apard\u0131\u011f\u0131 \u00fc\u00e7\u00fcn h\u0259bs edilmi\u015f ekskavator s\u00fcr\u00fcc\u00fcs\u00fc azadl\u0131\u011fa burax\u0131l\u0131b"}]},{"@type":"WebSite","@id":"https:\/\/www.meydan.tv\/az\/#website","url":"https:\/\/www.meydan.tv\/az\/","name":"MEYDAN.TV","description":"Meydan TV Az\u0259rbaycan\u0131n media m\u0259kan\u0131ndak\u0131 alternativ s\u0259sidir","publisher":{"@id":"https:\/\/www.meydan.tv\/az\/#organization"},"potentialAction":[{"@type":"SearchAction","target":{"@type":"EntryPoint","urlTemplate":"https:\/\/www.meydan.tv\/az\/?s={search_term_string}"},"query-input":{"@type":"PropertyValueSpecification","valueRequired":true,"valueName":"search_term_string"}}],"inLanguage":"az"},{"@type":"Organization","@id":"https:\/\/www.meydan.tv\/az\/#organization","name":"Meydan TV","url":"https:\/\/www.meydan.tv\/az\/","logo":{"@type":"ImageObject","inLanguage":"az","@id":"https:\/\/www.meydan.tv\/az\/#\/schema\/logo\/image\/","url":"https:\/\/www.meydan.tv\/wp-content\/uploads\/2021\/07\/meydan-logo.svg","contentUrl":"https:\/\/www.meydan.tv\/wp-content\/uploads\/2021\/07\/meydan-logo.svg","width":195,"height":46,"caption":"Meydan TV"},"image":{"@id":"https:\/\/www.meydan.tv\/az\/#\/schema\/logo\/image\/"}},{"@type":"Person","@id":"https:\/\/www.meydan.tv\/az\/#\/schema\/person\/09863e516102a829e72bedcf3f84c6b0","name":"mahmud"}]}},"_links":{"self":[{"href":"https:\/\/www.meydan.tv\/az\/wp-json\/wp\/v2\/posts\/332217","targetHints":{"allow":["GET"]}}],"collection":[{"href":"https:\/\/www.meydan.tv\/az\/wp-json\/wp\/v2\/posts"}],"about":[{"href":"https:\/\/www.meydan.tv\/az\/wp-json\/wp\/v2\/types\/post"}],"author":[{"embeddable":true,"href":"https:\/\/www.meydan.tv\/az\/wp-json\/wp\/v2\/users\/21"}],"replies":[{"embeddable":true,"href":"https:\/\/www.meydan.tv\/az\/wp-json\/wp\/v2\/comments?post=332217"}],"version-history":[{"count":3,"href":"https:\/\/www.meydan.tv\/az\/wp-json\/wp\/v2\/posts\/332217\/revisions"}],"predecessor-version":[{"id":332221,"href":"https:\/\/www.meydan.tv\/az\/wp-json\/wp\/v2\/posts\/332217\/revisions\/332221"}],"wp:featuredmedia":[{"embeddable":true,"href":"https:\/\/www.meydan.tv\/az\/wp-json\/wp\/v2\/media\/328091"}],"wp:attachment":[{"href":"https:\/\/www.meydan.tv\/az\/wp-json\/wp\/v2\/media?parent=332217"}],"wp:term":[{"taxonomy":"category","embeddable":true,"href":"https:\/\/www.meydan.tv\/az\/wp-json\/wp\/v2\/categories?post=332217"},{"taxonomy":"post_tag","embeddable":true,"href":"https:\/\/www.meydan.tv\/az\/wp-json\/wp\/v2\/tags?post=332217"}],"curies":[{"name":"wp","href":"https:\/\/api.w.org\/{rel}","templated":true}]}}