{"id":332194,"date":"2025-06-23T14:14:01","date_gmt":"2025-06-23T10:14:01","guid":{"rendered":"https:\/\/www.meydan.tv\/?p=332194"},"modified":"2025-06-23T14:14:04","modified_gmt":"2025-06-23T10:14:04","slug":"b%c9%99hruz-s%c9%99m%c9%99dov-15-il-mudd%c9%99tin%c9%99-azadliqdan-m%c9%99hrum-edilib","status":"publish","type":"post","link":"https:\/\/www.meydan.tv\/az\/article\/b%c9%99hruz-s%c9%99m%c9%99dov-15-il-mudd%c9%99tin%c9%99-azadliqdan-m%c9%99hrum-edilib\/","title":{"rendered":"B\u0259hruz S\u0259m\u0259dov 15 il m\u00fcdd\u0259tin\u0259 azadl\u0131qdan m\u0259hrum edilib"},"content":{"rendered":"\n<p><\/p>\n\n\n\n<p><strong><em>D\u00f6vl\u0259t ittiham\u00e7\u0131s\u0131 f\u0259ala 16 il c\u0259za verilm\u0259sini ist\u0259mi\u015fdi<\/em><\/strong><\/p>\n\n\n\n<p>\u00c7exiyan\u0131n Karlov Universitetinin doktorant\u0131, d\u00f6vl\u0259t\u0259 x\u0259yan\u0259td\u0259 ittiham olunan ara\u015fd\u0131rma\u00e7\u0131 B\u0259hruz S\u0259m\u0259dov 15 il m\u00fcdd\u0259tin\u0259 azadl\u0131qdan m\u0259hrum edilib.<\/p>\n\n\n\n<p>Q\u0259rar bu g\u00fcn Bak\u0131 A\u011f\u0131r Cinay\u0259tl\u0259r M\u0259hk\u0259m\u0259sind\u0259 verilib.<\/p>\n\n\n\n<p>Daha \u00f6nc\u0259, iyunun 20-d\u0259 ke\u00e7iril\u0259n prosesd\u0259 d\u00f6vl\u0259t ittiham\u00e7\u0131s\u0131 B\u0259hruz S\u0259m\u0259dova 16 il c\u0259za verilm\u0259sini ist\u0259mi\u015fdi.<\/p>\n\n\n\n<p>\u0130yunun 21-d\u0259 is\u0259 B\u0259hruz S\u0259m\u0259dov d\u00f6vl\u0259t ittiham\u00e7\u0131s\u0131n\u0131n ona 16 il h\u0259bs c\u0259zas\u0131 ist\u0259m\u0259sin\u0259 etiraz olaraq intihara c\u0259hd etmi\u015fdi.<\/p>\n\n\n\n<p>N\u0259n\u0259si Zibeyd\u0259 Osmanovan\u0131n Meydan TV-y\u0259 verdiyi <a href=\"https:\/\/storage.googleapis.com\/qurium\/www.meydan.tv\/az-article-h%c9%99bsd%c9%99-olan-f%c9%99al-intihara-c%c9%99hd-edib.html\" target=\"_blank\" rel=\"noreferrer noopener\">m\u0259lumata<\/a> g\u00f6r\u0259, son anda onu dustaq yolda\u015f\u0131 xilas edib.<\/p>\n\n\n\n<p>B\u0259hruz S\u0259m\u0259dov h\u0259bsin\u0259 etiraz olaraq iyunun 19-dan \u00f6l\u00fcm acl\u0131\u011f\u0131na ba\u015flay\u0131b.<\/p>\n\n\n\n<p>B\u0259hruz S\u0259m\u0259dov \u00c7exiyan\u0131n Karlov Universitetinin doktorant\u0131d\u0131r. O, Az\u0259rbaycan-Erm\u0259nistan m\u00fcnaqi\u015f\u0259si haqq\u0131nda apard\u0131\u011f\u0131 ara\u015fd\u0131rmalar, el\u0259c\u0259 d\u0259 Az\u0259rbaycan h\u00f6kum\u0259tini t\u0259nqid ed\u0259n yaz\u0131lar\u0131n m\u00fc\u0259llifi kimi tan\u0131n\u0131r.<\/p>\n\n\n\n<p>O, 2024-c\u00fc il avqustun 21-d\u0259 D\u00f6vl\u0259t T\u0259hl\u00fck\u0259sizlik Xidm\u0259tinin \u0259m\u0259kda\u015flar\u0131 t\u0259r\u0259find\u0259n saxlan\u0131l\u0131b.<\/p>\n\n\n\n<p>S\u0259bail Rayon M\u0259hk\u0259m\u0259si onun bar\u0259sind\u0259 Cinay\u0259t M\u0259c\u0259ll\u0259sinin 274-c\u00fc (d\u00f6vl\u0259t\u0259 x\u0259yan\u0259t) madd\u0259si il\u0259 h\u0259bs q\u0259timkan t\u0259dbiri se\u00e7ib.<\/p>\n\n\n\n<p>B\u0259hruz S\u0259m\u0259dov ittiham\u0131 q\u0259bul etmir, \u00f6z\u00fcn\u00fc t\u0259qsirli bilmir. O, d\u00f6vl\u0259t\u0259 x\u0259yan\u0259t ittiham\u0131n\u0131n qondarma oldu\u011funu vur\u011fulay\u0131b, ifad\u0259sind\u0259 bildirib ki, Erm\u0259nistan x\u00fcsusi xidm\u0259t orqanlar\u0131 il\u0259 \u0259m\u0259kda\u015fl\u0131qda ittiham olunsa da, bunu t\u0259sdiql\u0259y\u0259n he\u00e7 bir s\u00fcbut yoxdur.<\/p>\n\n\n\n<p>B\u0259hruz S\u0259m\u0259dov bildirib ki, s\u00fclhp\u0259rv\u0259rdir, m\u00fcharib\u0259nin \u0259leyhin\u0259dir. \u00c7\u0131x\u0131\u015flar\u0131, m\u0259qal\u0259l\u0259ri d\u0259 bu bar\u0259d\u0259dir. Buna g\u00f6r\u0259 d\u0259 susdurulmaq \u00fc\u00e7\u00fcn saxta ittihamla c\u0259zaland\u0131r\u0131l\u0131r.<\/p>\n","protected":false},"excerpt":{"rendered":"<p>D\u00f6vl\u0259t ittiham\u00e7\u0131s\u0131 f\u0259ala 16 il c\u0259za verilm\u0259sini ist\u0259mi\u015fdi \u00c7exiyan\u0131n Karlov &#8230; <\/p>\n<p class=\"read-more-container\"><a title=\"B\u0259hruz S\u0259m\u0259dov 15 il m\u00fcdd\u0259tin\u0259 azadl\u0131qdan m\u0259hrum edilib\" class=\"read-more button\" href=\"https:\/\/www.meydan.tv\/az\/article\/b%c9%99hruz-s%c9%99m%c9%99dov-15-il-mudd%c9%99tin%c9%99-azadliqdan-m%c9%99hrum-edilib\/#more-332194\" aria-label=\"Read more about B\u0259hruz S\u0259m\u0259dov 15 il m\u00fcdd\u0259tin\u0259 azadl\u0131qdan m\u0259hrum edilib\">Davam\u0131<\/a><\/p>\n","protected":false},"author":21,"featured_media":320155,"comment_status":"closed","ping_status":"closed","sticky":false,"template":"","format":"standard","meta":{"_acf_changed":false,"_sitemap_exclude":false,"_sitemap_priority":"","_sitemap_frequency":"","footnotes":""},"categories":[59,79,56],"tags":[],"class_list":["post-332194","post","type-post","status-publish","format-standard","has-post-thumbnail","hentry","category-siyaset","category-featured","category-xeberler","infinite-scroll-item","generate-columns","tablet-grid-50","mobile-grid-100","grid-parent","grid-33","no-featured-image-padding"],"acf":[],"yoast_head":"<!-- This site is optimized with the Yoast SEO plugin v27.5 - https:\/\/yoast.com\/product\/yoast-seo-wordpress\/ -->\n<title>B\u0259hruz S\u0259m\u0259dov 15 il m\u00fcdd\u0259tin\u0259 azadl\u0131qdan m\u0259hrum edilib - MEYDAN.TV<\/title>\n<meta name=\"robots\" content=\"index, follow, max-snippet:-1, max-image-preview:large, max-video-preview:-1\" \/>\n<link rel=\"canonical\" href=\"https:\/\/www.meydan.tv\/az\/article\/b%c9%99hruz-s%c9%99m%c9%99dov-15-il-mudd%c9%99tin%c9%99-azadliqdan-m%c9%99hrum-edilib\/\" \/>\n<meta property=\"og:locale\" content=\"az_AZ\" \/>\n<meta property=\"og:type\" content=\"article\" \/>\n<meta property=\"og:title\" content=\"B\u0259hruz S\u0259m\u0259dov 15 il m\u00fcdd\u0259tin\u0259 azadl\u0131qdan m\u0259hrum edilib - MEYDAN.TV\" \/>\n<meta property=\"og:description\" content=\"D\u00f6vl\u0259t ittiham\u00e7\u0131s\u0131 f\u0259ala 16 il c\u0259za verilm\u0259sini ist\u0259mi\u015fdi \u00c7exiyan\u0131n Karlov ... Davam\u0131\" \/>\n<meta property=\"og:url\" content=\"https:\/\/www.meydan.tv\/az\/article\/b%c9%99hruz-s%c9%99m%c9%99dov-15-il-mudd%c9%99tin%c9%99-azadliqdan-m%c9%99hrum-edilib\/\" \/>\n<meta property=\"og:site_name\" content=\"MEYDAN.TV\" \/>\n<meta property=\"article:published_time\" content=\"2025-06-23T10:14:01+00:00\" \/>\n<meta property=\"article:modified_time\" content=\"2025-06-23T10:14:04+00:00\" \/>\n<meta property=\"og:image\" content=\"https:\/\/www.meydan.tv\/wp-content\/uploads\/img_1581-scaled-e1734627095926.jpg\" \/>\n\t<meta property=\"og:image:width\" content=\"2560\" \/>\n\t<meta property=\"og:image:height\" content=\"1190\" \/>\n\t<meta property=\"og:image:type\" content=\"image\/jpeg\" \/>\n<meta name=\"author\" content=\"mahmud\" \/>\n<meta name=\"twitter:card\" content=\"summary_large_image\" \/>\n<script type=\"application\/ld+json\" class=\"yoast-schema-graph\">{\"@context\":\"https:\\\/\\\/schema.org\",\"@graph\":[{\"@type\":\"Article\",\"@id\":\"https:\\\/\\\/www.meydan.tv\\\/az\\\/article\\\/b%c9%99hruz-s%c9%99m%c9%99dov-15-il-mudd%c9%99tin%c9%99-azadliqdan-m%c9%99hrum-edilib\\\/#article\",\"isPartOf\":{\"@id\":\"https:\\\/\\\/www.meydan.tv\\\/az\\\/article\\\/b%c9%99hruz-s%c9%99m%c9%99dov-15-il-mudd%c9%99tin%c9%99-azadliqdan-m%c9%99hrum-edilib\\\/\"},\"author\":{\"name\":\"mahmud\",\"@id\":\"https:\\\/\\\/www.meydan.tv\\\/az\\\/#\\\/schema\\\/person\\\/09863e516102a829e72bedcf3f84c6b0\"},\"headline\":\"B\u0259hruz S\u0259m\u0259dov 15 il m\u00fcdd\u0259tin\u0259 azadl\u0131qdan m\u0259hrum edilib\",\"datePublished\":\"2025-06-23T10:14:01+00:00\",\"dateModified\":\"2025-06-23T10:14:04+00:00\",\"mainEntityOfPage\":{\"@id\":\"https:\\\/\\\/www.meydan.tv\\\/az\\\/article\\\/b%c9%99hruz-s%c9%99m%c9%99dov-15-il-mudd%c9%99tin%c9%99-azadliqdan-m%c9%99hrum-edilib\\\/\"},\"wordCount\":373,\"publisher\":{\"@id\":\"https:\\\/\\\/www.meydan.tv\\\/az\\\/#organization\"},\"image\":{\"@id\":\"https:\\\/\\\/www.meydan.tv\\\/az\\\/article\\\/b%c9%99hruz-s%c9%99m%c9%99dov-15-il-mudd%c9%99tin%c9%99-azadliqdan-m%c9%99hrum-edilib\\\/#primaryimage\"},\"thumbnailUrl\":\"https:\\\/\\\/www.meydan.tv\\\/wp-content\\\/uploads\\\/img_1581-scaled-e1734627095926.jpg\",\"articleSection\":[\"Siyas\u0259t\",\"T\u00f6vsiy\u0259\",\"X\u0259b\u0259rl\u0259r\"],\"inLanguage\":\"az\"},{\"@type\":\"WebPage\",\"@id\":\"https:\\\/\\\/www.meydan.tv\\\/az\\\/article\\\/b%c9%99hruz-s%c9%99m%c9%99dov-15-il-mudd%c9%99tin%c9%99-azadliqdan-m%c9%99hrum-edilib\\\/\",\"url\":\"https:\\\/\\\/www.meydan.tv\\\/az\\\/article\\\/b%c9%99hruz-s%c9%99m%c9%99dov-15-il-mudd%c9%99tin%c9%99-azadliqdan-m%c9%99hrum-edilib\\\/\",\"name\":\"B\u0259hruz S\u0259m\u0259dov 15 il m\u00fcdd\u0259tin\u0259 azadl\u0131qdan m\u0259hrum edilib - MEYDAN.TV\",\"isPartOf\":{\"@id\":\"https:\\\/\\\/www.meydan.tv\\\/az\\\/#website\"},\"primaryImageOfPage\":{\"@id\":\"https:\\\/\\\/www.meydan.tv\\\/az\\\/article\\\/b%c9%99hruz-s%c9%99m%c9%99dov-15-il-mudd%c9%99tin%c9%99-azadliqdan-m%c9%99hrum-edilib\\\/#primaryimage\"},\"image\":{\"@id\":\"https:\\\/\\\/www.meydan.tv\\\/az\\\/article\\\/b%c9%99hruz-s%c9%99m%c9%99dov-15-il-mudd%c9%99tin%c9%99-azadliqdan-m%c9%99hrum-edilib\\\/#primaryimage\"},\"thumbnailUrl\":\"https:\\\/\\\/www.meydan.tv\\\/wp-content\\\/uploads\\\/img_1581-scaled-e1734627095926.jpg\",\"datePublished\":\"2025-06-23T10:14:01+00:00\",\"dateModified\":\"2025-06-23T10:14:04+00:00\",\"breadcrumb\":{\"@id\":\"https:\\\/\\\/www.meydan.tv\\\/az\\\/article\\\/b%c9%99hruz-s%c9%99m%c9%99dov-15-il-mudd%c9%99tin%c9%99-azadliqdan-m%c9%99hrum-edilib\\\/#breadcrumb\"},\"inLanguage\":\"az\",\"potentialAction\":[{\"@type\":\"ReadAction\",\"target\":[\"https:\\\/\\\/www.meydan.tv\\\/az\\\/article\\\/b%c9%99hruz-s%c9%99m%c9%99dov-15-il-mudd%c9%99tin%c9%99-azadliqdan-m%c9%99hrum-edilib\\\/\"]}]},{\"@type\":\"ImageObject\",\"inLanguage\":\"az\",\"@id\":\"https:\\\/\\\/www.meydan.tv\\\/az\\\/article\\\/b%c9%99hruz-s%c9%99m%c9%99dov-15-il-mudd%c9%99tin%c9%99-azadliqdan-m%c9%99hrum-edilib\\\/#primaryimage\",\"url\":\"https:\\\/\\\/www.meydan.tv\\\/wp-content\\\/uploads\\\/img_1581-scaled-e1734627095926.jpg\",\"contentUrl\":\"https:\\\/\\\/www.meydan.tv\\\/wp-content\\\/uploads\\\/img_1581-scaled-e1734627095926.jpg\",\"width\":2560,\"height\":1190,\"caption\":\"B\u0259hruz S\u0259m\u0259dov. \u0130ll\u00fcstrasiya: Meydan TV\"},{\"@type\":\"BreadcrumbList\",\"@id\":\"https:\\\/\\\/www.meydan.tv\\\/az\\\/article\\\/b%c9%99hruz-s%c9%99m%c9%99dov-15-il-mudd%c9%99tin%c9%99-azadliqdan-m%c9%99hrum-edilib\\\/#breadcrumb\",\"itemListElement\":[{\"@type\":\"ListItem\",\"position\":1,\"name\":\"Ana s\u0259hif\u0259\",\"item\":\"https:\\\/\\\/www.meydan.tv\\\/az\\\/\"},{\"@type\":\"ListItem\",\"position\":2,\"name\":\"Siyas\u0259t\",\"item\":\"https:\\\/\\\/www.meydan.tv\\\/az\\\/section\\\/siyaset\\\/\"},{\"@type\":\"ListItem\",\"position\":3,\"name\":\"B\u0259hruz S\u0259m\u0259dov 15 il m\u00fcdd\u0259tin\u0259 azadl\u0131qdan m\u0259hrum edilib\"}]},{\"@type\":\"WebSite\",\"@id\":\"https:\\\/\\\/www.meydan.tv\\\/az\\\/#website\",\"url\":\"https:\\\/\\\/www.meydan.tv\\\/az\\\/\",\"name\":\"MEYDAN.TV\",\"description\":\"Meydan TV Az\u0259rbaycan\u0131n media m\u0259kan\u0131ndak\u0131 alternativ s\u0259sidir\",\"publisher\":{\"@id\":\"https:\\\/\\\/www.meydan.tv\\\/az\\\/#organization\"},\"potentialAction\":[{\"@type\":\"SearchAction\",\"target\":{\"@type\":\"EntryPoint\",\"urlTemplate\":\"https:\\\/\\\/www.meydan.tv\\\/az\\\/?s={search_term_string}\"},\"query-input\":{\"@type\":\"PropertyValueSpecification\",\"valueRequired\":true,\"valueName\":\"search_term_string\"}}],\"inLanguage\":\"az\"},{\"@type\":\"Organization\",\"@id\":\"https:\\\/\\\/www.meydan.tv\\\/az\\\/#organization\",\"name\":\"Meydan TV\",\"url\":\"https:\\\/\\\/www.meydan.tv\\\/az\\\/\",\"logo\":{\"@type\":\"ImageObject\",\"inLanguage\":\"az\",\"@id\":\"https:\\\/\\\/www.meydan.tv\\\/az\\\/#\\\/schema\\\/logo\\\/image\\\/\",\"url\":\"https:\\\/\\\/www.meydan.tv\\\/wp-content\\\/uploads\\\/2021\\\/07\\\/meydan-logo.svg\",\"contentUrl\":\"https:\\\/\\\/www.meydan.tv\\\/wp-content\\\/uploads\\\/2021\\\/07\\\/meydan-logo.svg\",\"width\":195,\"height\":46,\"caption\":\"Meydan TV\"},\"image\":{\"@id\":\"https:\\\/\\\/www.meydan.tv\\\/az\\\/#\\\/schema\\\/logo\\\/image\\\/\"}},{\"@type\":\"Person\",\"@id\":\"https:\\\/\\\/www.meydan.tv\\\/az\\\/#\\\/schema\\\/person\\\/09863e516102a829e72bedcf3f84c6b0\",\"name\":\"mahmud\"}]}<\/script>\n<!-- \/ Yoast SEO plugin. -->","yoast_head_json":{"title":"B\u0259hruz S\u0259m\u0259dov 15 il m\u00fcdd\u0259tin\u0259 azadl\u0131qdan m\u0259hrum edilib - MEYDAN.TV","robots":{"index":"index","follow":"follow","max-snippet":"max-snippet:-1","max-image-preview":"max-image-preview:large","max-video-preview":"max-video-preview:-1"},"canonical":"https:\/\/www.meydan.tv\/az\/article\/b%c9%99hruz-s%c9%99m%c9%99dov-15-il-mudd%c9%99tin%c9%99-azadliqdan-m%c9%99hrum-edilib\/","og_locale":"az_AZ","og_type":"article","og_title":"B\u0259hruz S\u0259m\u0259dov 15 il m\u00fcdd\u0259tin\u0259 azadl\u0131qdan m\u0259hrum edilib - MEYDAN.TV","og_description":"D\u00f6vl\u0259t ittiham\u00e7\u0131s\u0131 f\u0259ala 16 il c\u0259za verilm\u0259sini ist\u0259mi\u015fdi \u00c7exiyan\u0131n Karlov ... Davam\u0131","og_url":"https:\/\/www.meydan.tv\/az\/article\/b%c9%99hruz-s%c9%99m%c9%99dov-15-il-mudd%c9%99tin%c9%99-azadliqdan-m%c9%99hrum-edilib\/","og_site_name":"MEYDAN.TV","article_published_time":"2025-06-23T10:14:01+00:00","article_modified_time":"2025-06-23T10:14:04+00:00","og_image":[{"width":2560,"height":1190,"url":"https:\/\/www.meydan.tv\/wp-content\/uploads\/img_1581-scaled-e1734627095926.jpg","type":"image\/jpeg"}],"author":"mahmud","twitter_card":"summary_large_image","schema":{"@context":"https:\/\/schema.org","@graph":[{"@type":"Article","@id":"https:\/\/www.meydan.tv\/az\/article\/b%c9%99hruz-s%c9%99m%c9%99dov-15-il-mudd%c9%99tin%c9%99-azadliqdan-m%c9%99hrum-edilib\/#article","isPartOf":{"@id":"https:\/\/www.meydan.tv\/az\/article\/b%c9%99hruz-s%c9%99m%c9%99dov-15-il-mudd%c9%99tin%c9%99-azadliqdan-m%c9%99hrum-edilib\/"},"author":{"name":"mahmud","@id":"https:\/\/www.meydan.tv\/az\/#\/schema\/person\/09863e516102a829e72bedcf3f84c6b0"},"headline":"B\u0259hruz S\u0259m\u0259dov 15 il m\u00fcdd\u0259tin\u0259 azadl\u0131qdan m\u0259hrum edilib","datePublished":"2025-06-23T10:14:01+00:00","dateModified":"2025-06-23T10:14:04+00:00","mainEntityOfPage":{"@id":"https:\/\/www.meydan.tv\/az\/article\/b%c9%99hruz-s%c9%99m%c9%99dov-15-il-mudd%c9%99tin%c9%99-azadliqdan-m%c9%99hrum-edilib\/"},"wordCount":373,"publisher":{"@id":"https:\/\/www.meydan.tv\/az\/#organization"},"image":{"@id":"https:\/\/www.meydan.tv\/az\/article\/b%c9%99hruz-s%c9%99m%c9%99dov-15-il-mudd%c9%99tin%c9%99-azadliqdan-m%c9%99hrum-edilib\/#primaryimage"},"thumbnailUrl":"https:\/\/www.meydan.tv\/wp-content\/uploads\/img_1581-scaled-e1734627095926.jpg","articleSection":["Siyas\u0259t","T\u00f6vsiy\u0259","X\u0259b\u0259rl\u0259r"],"inLanguage":"az"},{"@type":"WebPage","@id":"https:\/\/www.meydan.tv\/az\/article\/b%c9%99hruz-s%c9%99m%c9%99dov-15-il-mudd%c9%99tin%c9%99-azadliqdan-m%c9%99hrum-edilib\/","url":"https:\/\/www.meydan.tv\/az\/article\/b%c9%99hruz-s%c9%99m%c9%99dov-15-il-mudd%c9%99tin%c9%99-azadliqdan-m%c9%99hrum-edilib\/","name":"B\u0259hruz S\u0259m\u0259dov 15 il m\u00fcdd\u0259tin\u0259 azadl\u0131qdan m\u0259hrum edilib - MEYDAN.TV","isPartOf":{"@id":"https:\/\/www.meydan.tv\/az\/#website"},"primaryImageOfPage":{"@id":"https:\/\/www.meydan.tv\/az\/article\/b%c9%99hruz-s%c9%99m%c9%99dov-15-il-mudd%c9%99tin%c9%99-azadliqdan-m%c9%99hrum-edilib\/#primaryimage"},"image":{"@id":"https:\/\/www.meydan.tv\/az\/article\/b%c9%99hruz-s%c9%99m%c9%99dov-15-il-mudd%c9%99tin%c9%99-azadliqdan-m%c9%99hrum-edilib\/#primaryimage"},"thumbnailUrl":"https:\/\/www.meydan.tv\/wp-content\/uploads\/img_1581-scaled-e1734627095926.jpg","datePublished":"2025-06-23T10:14:01+00:00","dateModified":"2025-06-23T10:14:04+00:00","breadcrumb":{"@id":"https:\/\/www.meydan.tv\/az\/article\/b%c9%99hruz-s%c9%99m%c9%99dov-15-il-mudd%c9%99tin%c9%99-azadliqdan-m%c9%99hrum-edilib\/#breadcrumb"},"inLanguage":"az","potentialAction":[{"@type":"ReadAction","target":["https:\/\/www.meydan.tv\/az\/article\/b%c9%99hruz-s%c9%99m%c9%99dov-15-il-mudd%c9%99tin%c9%99-azadliqdan-m%c9%99hrum-edilib\/"]}]},{"@type":"ImageObject","inLanguage":"az","@id":"https:\/\/www.meydan.tv\/az\/article\/b%c9%99hruz-s%c9%99m%c9%99dov-15-il-mudd%c9%99tin%c9%99-azadliqdan-m%c9%99hrum-edilib\/#primaryimage","url":"https:\/\/www.meydan.tv\/wp-content\/uploads\/img_1581-scaled-e1734627095926.jpg","contentUrl":"https:\/\/www.meydan.tv\/wp-content\/uploads\/img_1581-scaled-e1734627095926.jpg","width":2560,"height":1190,"caption":"B\u0259hruz S\u0259m\u0259dov. \u0130ll\u00fcstrasiya: Meydan TV"},{"@type":"BreadcrumbList","@id":"https:\/\/www.meydan.tv\/az\/article\/b%c9%99hruz-s%c9%99m%c9%99dov-15-il-mudd%c9%99tin%c9%99-azadliqdan-m%c9%99hrum-edilib\/#breadcrumb","itemListElement":[{"@type":"ListItem","position":1,"name":"Ana s\u0259hif\u0259","item":"https:\/\/www.meydan.tv\/az\/"},{"@type":"ListItem","position":2,"name":"Siyas\u0259t","item":"https:\/\/www.meydan.tv\/az\/section\/siyaset\/"},{"@type":"ListItem","position":3,"name":"B\u0259hruz S\u0259m\u0259dov 15 il m\u00fcdd\u0259tin\u0259 azadl\u0131qdan m\u0259hrum edilib"}]},{"@type":"WebSite","@id":"https:\/\/www.meydan.tv\/az\/#website","url":"https:\/\/www.meydan.tv\/az\/","name":"MEYDAN.TV","description":"Meydan TV Az\u0259rbaycan\u0131n media m\u0259kan\u0131ndak\u0131 alternativ s\u0259sidir","publisher":{"@id":"https:\/\/www.meydan.tv\/az\/#organization"},"potentialAction":[{"@type":"SearchAction","target":{"@type":"EntryPoint","urlTemplate":"https:\/\/www.meydan.tv\/az\/?s={search_term_string}"},"query-input":{"@type":"PropertyValueSpecification","valueRequired":true,"valueName":"search_term_string"}}],"inLanguage":"az"},{"@type":"Organization","@id":"https:\/\/www.meydan.tv\/az\/#organization","name":"Meydan TV","url":"https:\/\/www.meydan.tv\/az\/","logo":{"@type":"ImageObject","inLanguage":"az","@id":"https:\/\/www.meydan.tv\/az\/#\/schema\/logo\/image\/","url":"https:\/\/www.meydan.tv\/wp-content\/uploads\/2021\/07\/meydan-logo.svg","contentUrl":"https:\/\/www.meydan.tv\/wp-content\/uploads\/2021\/07\/meydan-logo.svg","width":195,"height":46,"caption":"Meydan TV"},"image":{"@id":"https:\/\/www.meydan.tv\/az\/#\/schema\/logo\/image\/"}},{"@type":"Person","@id":"https:\/\/www.meydan.tv\/az\/#\/schema\/person\/09863e516102a829e72bedcf3f84c6b0","name":"mahmud"}]}},"_links":{"self":[{"href":"https:\/\/www.meydan.tv\/az\/wp-json\/wp\/v2\/posts\/332194","targetHints":{"allow":["GET"]}}],"collection":[{"href":"https:\/\/www.meydan.tv\/az\/wp-json\/wp\/v2\/posts"}],"about":[{"href":"https:\/\/www.meydan.tv\/az\/wp-json\/wp\/v2\/types\/post"}],"author":[{"embeddable":true,"href":"https:\/\/www.meydan.tv\/az\/wp-json\/wp\/v2\/users\/21"}],"replies":[{"embeddable":true,"href":"https:\/\/www.meydan.tv\/az\/wp-json\/wp\/v2\/comments?post=332194"}],"version-history":[{"count":2,"href":"https:\/\/www.meydan.tv\/az\/wp-json\/wp\/v2\/posts\/332194\/revisions"}],"predecessor-version":[{"id":332196,"href":"https:\/\/www.meydan.tv\/az\/wp-json\/wp\/v2\/posts\/332194\/revisions\/332196"}],"wp:featuredmedia":[{"embeddable":true,"href":"https:\/\/www.meydan.tv\/az\/wp-json\/wp\/v2\/media\/320155"}],"wp:attachment":[{"href":"https:\/\/www.meydan.tv\/az\/wp-json\/wp\/v2\/media?parent=332194"}],"wp:term":[{"taxonomy":"category","embeddable":true,"href":"https:\/\/www.meydan.tv\/az\/wp-json\/wp\/v2\/categories?post=332194"},{"taxonomy":"post_tag","embeddable":true,"href":"https:\/\/www.meydan.tv\/az\/wp-json\/wp\/v2\/tags?post=332194"}],"curies":[{"name":"wp","href":"https:\/\/api.w.org\/{rel}","templated":true}]}}