{"id":332188,"date":"2025-06-23T13:41:48","date_gmt":"2025-06-23T09:41:48","guid":{"rendered":"https:\/\/www.meydan.tv\/?p=332188"},"modified":"2025-06-23T13:41:51","modified_gmt":"2025-06-23T09:41:51","slug":"karantin-rejiminin-mudd%c9%99ti-yen%c9%99-uzadildi","status":"publish","type":"post","link":"https:\/\/www.meydan.tv\/az\/article\/karantin-rejiminin-mudd%c9%99ti-yen%c9%99-uzadildi\/","title":{"rendered":"Karantin rejiminin m\u00fcdd\u0259ti yen\u0259 uzad\u0131ld\u0131"},"content":{"rendered":"\n<p><strong><em>Nazirl\u0259r Kabineti s\u0259b\u0259b kimi h\u0259l\u0259 d\u0259 koronavirus (COVID-19) infeksiyas\u0131n\u0131 g\u00f6st\u0259rir<\/em><\/strong><\/p>\n\n\n\n<p>Az\u0259rbaycanda karantin rejiminin m\u00fcdd\u0259ti 2025-ci il oktyabr\u0131n 1-d\u0259k <a href=\"https:\/\/nk.gov.az\/az\/senedler\/qerarlar\/azerbaycan-respublikasinin-erazisinde-xususi-karan-8888\">uzad\u0131l\u0131b.<\/a><\/p>\n\n\n\n<p>Bu bar\u0259d\u0259 Nazirl\u0259r Kabineti m\u0259lumat yay\u0131b.<\/p>\n\n\n\n<p>Q\u0259rarda bildirilir ki, koronavirus (COVID-19) infeksiyas\u0131n\u0131n \u00f6lk\u0259 \u0259razisind\u0259 yay\u0131lmas\u0131n\u0131n, onun t\u00f6r\u0259d\u0259 bil\u0259c\u0259yi f\u0259sadlar\u0131n qar\u015f\u0131s\u0131n\u0131n al\u0131nmas\u0131 m\u0259qs\u0259dil\u0259 verilib.<\/p>\n\n\n\n<p>Bundan \u0259vv\u0259l x\u00fcsusi karantin rejimi 2025-ci il iyulun 1-n\u0259 q\u0259d\u0259r olan m\u00fcdd\u0259ti \u0259hat\u0259 edirdi.<\/p>\n\n\n\n<p>Prezident \u0130lham \u018fliyev 2024-c\u00fc il sentyabr\u0131n 23-d\u0259 Milli M\u0259clisd\u0259 \u00e7\u0131x\u0131\u015f\u0131 zaman\u0131 quru s\u0259rh\u0259dl\u0259rin ba\u011fl\u0131 qalmas\u0131n\u0131 t\u0259hl\u00fck\u0259sizlikl\u0259 \u0259laq\u0259l\u0259ndirmi\u015fdi.<\/p>\n\n\n\n<p>\u0130lham \u018fliyev iddia edib ki, son ill\u0259r \u0259rzind\u0259 quru s\u0259rh\u0259dl\u0259rin ba\u011fl\u0131 olmas\u0131 Az\u0259rbaycan\u0131 \u00e7ox b\u00f6y\u00fck f\u0259lak\u0259tl\u0259rd\u0259n xilas edib:<\/p>\n\n\n\n<p><em>\u201cH\u0259tta bu g\u00fcn \u2013 s\u0259rh\u0259dl\u0259r ba\u011fl\u0131 olan vaxtda t\u0259hl\u00fck\u0259li h\u0259r\u0259k\u0259tl\u0259r apar\u0131l\u0131r v\u0259 bu h\u0259r\u0259k\u0259tl\u0259rin qar\u015f\u0131s\u0131 al\u0131n\u0131r. S\u0259rh\u0259dl\u0259rimizin qorunmas\u0131 bizi xarici riskl\u0259rd\u0259n qoruyacaq. Az\u0259rbaycanda daxili riskl\u0259r yoxdur. Az\u0259rbaycanda t\u0259hl\u00fck\u0259sizlik, \u0259min-amanl\u0131q uzun ill\u0259rdir ki, t\u0259min edilir, sabitlik b\u00fct\u00fcn d\u00fcnya \u00fc\u00e7\u00fcn n\u00fcmun\u0259 ola bil\u0259r. H\u0259r k\u0259s bilir ki, \u0259g\u0259r sabitlik olmasa, he\u00e7 bir \u00f6lk\u0259 inki\u015faf ed\u0259 bilm\u0259z. Bu g\u00fcn sabitliyi pozulan \u00f6lk\u0259l\u0259rin v\u0259ziyy\u0259tini v\u0259 aqib\u0259tini h\u0259r k\u0259s yax\u015f\u0131 g\u00f6r\u00fcr. Bu, t\u0259hl\u00fck\u0259sizliyin, inki\u015faf\u0131n, xarici s\u0259rmay\u0259nin c\u0259lb edilm\u0259si \u00fc\u00e7\u00fcn ba\u015fl\u0131ca \u015f\u0259rtdir\u201d,<\/em> \u2013 Prezident deyib.<\/p>\n\n\n\n<p>Koronavirus pandemiyas\u0131 d\u00fcnyada 2019-cu ilin sonundan yay\u0131lma\u011fa ba\u015flay\u0131b.<\/p>\n\n\n\n<p>Az\u0259rbaycanda x\u00fcsusi karantin rejimi 2020-ci il mart\u0131n \u0259vv\u0259lind\u0259n elan edilib v\u0259 h\u0259min vaxtdan quru s\u0259rh\u0259dl\u0259r qapad\u0131l\u0131b.<\/p>\n\n\n\n<p>Sonradan d\u0259f\u0259l\u0259rl\u0259 karantin rejiminin vaxt\u0131 uzad\u0131l\u0131b. \u00dcmumd\u00fcnya S\u0259hiyy\u0259 T\u0259\u015fkilat\u0131 (\u00dcST) 2023-c\u00fc il may\u0131n 5-d\u0259 pandemiyan\u0131n ba\u015fa \u00e7atd\u0131\u011f\u0131n\u0131 elan edib. Az\u0259rbaycanda da bu virusa yoluxma say\u0131nda k\u0259skin azalma var, lakin karantin rejimi sonlanm\u0131r.<\/p>\n\n\n\n<p>M\u00fcst\u0259qil ekspertl\u0259r, m\u00fcxalif\u0259t partiyalar\u0131, t\u0259nqid\u00e7il\u0259r bunun COV\u0130D-l\u0259 ba\u011fl\u0131 olmad\u0131\u011f\u0131n\u0131, alt\u0131nda ba\u015fqa m\u0259qs\u0259dl\u0259r oldu\u011funu s\u00f6yl\u0259yirl\u0259r.<\/p>\n\n\n\n<p>\u00d6lk\u0259 r\u0259hb\u0259rliyi is\u0259 bununla ba\u011fl\u0131 h\u0259r hans\u0131 tutarl\u0131 a\u00e7\u0131qlama verm\u0259yib. B\u0259zi m\u00fc\u015fahid\u0259\u00e7il\u0259r, h\u0259m\u00e7inin \u0130ranla \u0130srail aras\u0131nda ba\u015f ver\u0259n m\u00fcharib\u0259nin d\u0259 regionda t\u0259hl\u00fck\u0259sizlik narahatl\u0131qlar\u0131n\u0131 art\u0131rd\u0131\u011f\u0131n\u0131 v\u0259 bu q\u0259rarlara dolay\u0131s\u0131 t\u0259sir etdiyini d\u00fc\u015f\u00fcn\u00fcrl\u0259r.<\/p>\n","protected":false},"excerpt":{"rendered":"<p>Nazirl\u0259r Kabineti s\u0259b\u0259b kimi h\u0259l\u0259 d\u0259 koronavirus (COVID-19) infeksiyas\u0131n\u0131 g\u00f6st\u0259rir &#8230; <\/p>\n<p class=\"read-more-container\"><a title=\"Karantin rejiminin m\u00fcdd\u0259ti yen\u0259 uzad\u0131ld\u0131\" class=\"read-more button\" href=\"https:\/\/www.meydan.tv\/az\/article\/karantin-rejiminin-mudd%c9%99ti-yen%c9%99-uzadildi\/#more-332188\" aria-label=\"Read more about Karantin rejiminin m\u00fcdd\u0259ti yen\u0259 uzad\u0131ld\u0131\">Davam\u0131<\/a><\/p>\n","protected":false},"author":21,"featured_media":151871,"comment_status":"closed","ping_status":"closed","sticky":false,"template":"","format":"standard","meta":{"_acf_changed":false,"_sitemap_exclude":false,"_sitemap_priority":"","_sitemap_frequency":"","footnotes":""},"categories":[62,56],"tags":[],"class_list":["post-332188","post","type-post","status-publish","format-standard","has-post-thumbnail","hentry","category-sosial","category-xeberler","infinite-scroll-item","generate-columns","tablet-grid-50","mobile-grid-100","grid-parent","grid-33","no-featured-image-padding"],"acf":[],"yoast_head":"<!-- This site is optimized with the Yoast SEO plugin v27.4 - https:\/\/yoast.com\/product\/yoast-seo-wordpress\/ -->\n<title>Karantin rejiminin m\u00fcdd\u0259ti yen\u0259 uzad\u0131ld\u0131 - MEYDAN.TV<\/title>\n<meta name=\"robots\" content=\"index, follow, max-snippet:-1, max-image-preview:large, max-video-preview:-1\" \/>\n<link rel=\"canonical\" href=\"https:\/\/www.meydan.tv\/az\/article\/karantin-rejiminin-mudd%c9%99ti-yen%c9%99-uzadildi\/\" \/>\n<meta property=\"og:locale\" content=\"az_AZ\" \/>\n<meta property=\"og:type\" content=\"article\" \/>\n<meta property=\"og:title\" content=\"Karantin rejiminin m\u00fcdd\u0259ti yen\u0259 uzad\u0131ld\u0131 - MEYDAN.TV\" \/>\n<meta property=\"og:description\" content=\"Nazirl\u0259r Kabineti s\u0259b\u0259b kimi h\u0259l\u0259 d\u0259 koronavirus (COVID-19) infeksiyas\u0131n\u0131 g\u00f6st\u0259rir ... Davam\u0131\" \/>\n<meta property=\"og:url\" content=\"https:\/\/www.meydan.tv\/az\/article\/karantin-rejiminin-mudd%c9%99ti-yen%c9%99-uzadildi\/\" \/>\n<meta property=\"og:site_name\" content=\"MEYDAN.TV\" \/>\n<meta property=\"article:published_time\" content=\"2025-06-23T09:41:48+00:00\" \/>\n<meta property=\"article:modified_time\" content=\"2025-06-23T09:41:51+00:00\" \/>\n<meta property=\"og:image\" content=\"https:\/\/www.meydan.tv\/wp-content\/uploads\/16058739223267554668_1000x669.jpg\" \/>\n\t<meta property=\"og:image:width\" content=\"1000\" \/>\n\t<meta property=\"og:image:height\" content=\"666\" \/>\n\t<meta property=\"og:image:type\" content=\"image\/jpeg\" \/>\n<meta name=\"author\" content=\"mahmud\" \/>\n<meta name=\"twitter:card\" content=\"summary_large_image\" \/>\n<script type=\"application\/ld+json\" class=\"yoast-schema-graph\">{\"@context\":\"https:\\\/\\\/schema.org\",\"@graph\":[{\"@type\":\"Article\",\"@id\":\"https:\\\/\\\/www.meydan.tv\\\/az\\\/article\\\/karantin-rejiminin-mudd%c9%99ti-yen%c9%99-uzadildi\\\/#article\",\"isPartOf\":{\"@id\":\"https:\\\/\\\/www.meydan.tv\\\/az\\\/article\\\/karantin-rejiminin-mudd%c9%99ti-yen%c9%99-uzadildi\\\/\"},\"author\":{\"name\":\"mahmud\",\"@id\":\"https:\\\/\\\/www.meydan.tv\\\/az\\\/#\\\/schema\\\/person\\\/09863e516102a829e72bedcf3f84c6b0\"},\"headline\":\"Karantin rejiminin m\u00fcdd\u0259ti yen\u0259 uzad\u0131ld\u0131\",\"datePublished\":\"2025-06-23T09:41:48+00:00\",\"dateModified\":\"2025-06-23T09:41:51+00:00\",\"mainEntityOfPage\":{\"@id\":\"https:\\\/\\\/www.meydan.tv\\\/az\\\/article\\\/karantin-rejiminin-mudd%c9%99ti-yen%c9%99-uzadildi\\\/\"},\"wordCount\":492,\"publisher\":{\"@id\":\"https:\\\/\\\/www.meydan.tv\\\/az\\\/#organization\"},\"image\":{\"@id\":\"https:\\\/\\\/www.meydan.tv\\\/az\\\/article\\\/karantin-rejiminin-mudd%c9%99ti-yen%c9%99-uzadildi\\\/#primaryimage\"},\"thumbnailUrl\":\"https:\\\/\\\/www.meydan.tv\\\/wp-content\\\/uploads\\\/16058739223267554668_1000x669.jpg\",\"articleSection\":[\"Sosial\",\"X\u0259b\u0259rl\u0259r\"],\"inLanguage\":\"az\"},{\"@type\":\"WebPage\",\"@id\":\"https:\\\/\\\/www.meydan.tv\\\/az\\\/article\\\/karantin-rejiminin-mudd%c9%99ti-yen%c9%99-uzadildi\\\/\",\"url\":\"https:\\\/\\\/www.meydan.tv\\\/az\\\/article\\\/karantin-rejiminin-mudd%c9%99ti-yen%c9%99-uzadildi\\\/\",\"name\":\"Karantin rejiminin m\u00fcdd\u0259ti yen\u0259 uzad\u0131ld\u0131 - MEYDAN.TV\",\"isPartOf\":{\"@id\":\"https:\\\/\\\/www.meydan.tv\\\/az\\\/#website\"},\"primaryImageOfPage\":{\"@id\":\"https:\\\/\\\/www.meydan.tv\\\/az\\\/article\\\/karantin-rejiminin-mudd%c9%99ti-yen%c9%99-uzadildi\\\/#primaryimage\"},\"image\":{\"@id\":\"https:\\\/\\\/www.meydan.tv\\\/az\\\/article\\\/karantin-rejiminin-mudd%c9%99ti-yen%c9%99-uzadildi\\\/#primaryimage\"},\"thumbnailUrl\":\"https:\\\/\\\/www.meydan.tv\\\/wp-content\\\/uploads\\\/16058739223267554668_1000x669.jpg\",\"datePublished\":\"2025-06-23T09:41:48+00:00\",\"dateModified\":\"2025-06-23T09:41:51+00:00\",\"breadcrumb\":{\"@id\":\"https:\\\/\\\/www.meydan.tv\\\/az\\\/article\\\/karantin-rejiminin-mudd%c9%99ti-yen%c9%99-uzadildi\\\/#breadcrumb\"},\"inLanguage\":\"az\",\"potentialAction\":[{\"@type\":\"ReadAction\",\"target\":[\"https:\\\/\\\/www.meydan.tv\\\/az\\\/article\\\/karantin-rejiminin-mudd%c9%99ti-yen%c9%99-uzadildi\\\/\"]}]},{\"@type\":\"ImageObject\",\"inLanguage\":\"az\",\"@id\":\"https:\\\/\\\/www.meydan.tv\\\/az\\\/article\\\/karantin-rejiminin-mudd%c9%99ti-yen%c9%99-uzadildi\\\/#primaryimage\",\"url\":\"https:\\\/\\\/www.meydan.tv\\\/wp-content\\\/uploads\\\/16058739223267554668_1000x669.jpg\",\"contentUrl\":\"https:\\\/\\\/www.meydan.tv\\\/wp-content\\\/uploads\\\/16058739223267554668_1000x669.jpg\",\"width\":1000,\"height\":666,\"caption\":\"Source: Azertac\"},{\"@type\":\"BreadcrumbList\",\"@id\":\"https:\\\/\\\/www.meydan.tv\\\/az\\\/article\\\/karantin-rejiminin-mudd%c9%99ti-yen%c9%99-uzadildi\\\/#breadcrumb\",\"itemListElement\":[{\"@type\":\"ListItem\",\"position\":1,\"name\":\"Ana s\u0259hif\u0259\",\"item\":\"https:\\\/\\\/www.meydan.tv\\\/az\\\/\"},{\"@type\":\"ListItem\",\"position\":2,\"name\":\"Sosial\",\"item\":\"https:\\\/\\\/www.meydan.tv\\\/az\\\/section\\\/sosial\\\/\"},{\"@type\":\"ListItem\",\"position\":3,\"name\":\"Karantin rejiminin m\u00fcdd\u0259ti yen\u0259 uzad\u0131ld\u0131\"}]},{\"@type\":\"WebSite\",\"@id\":\"https:\\\/\\\/www.meydan.tv\\\/az\\\/#website\",\"url\":\"https:\\\/\\\/www.meydan.tv\\\/az\\\/\",\"name\":\"MEYDAN.TV\",\"description\":\"Meydan TV Az\u0259rbaycan\u0131n media m\u0259kan\u0131ndak\u0131 alternativ s\u0259sidir\",\"publisher\":{\"@id\":\"https:\\\/\\\/www.meydan.tv\\\/az\\\/#organization\"},\"potentialAction\":[{\"@type\":\"SearchAction\",\"target\":{\"@type\":\"EntryPoint\",\"urlTemplate\":\"https:\\\/\\\/www.meydan.tv\\\/az\\\/?s={search_term_string}\"},\"query-input\":{\"@type\":\"PropertyValueSpecification\",\"valueRequired\":true,\"valueName\":\"search_term_string\"}}],\"inLanguage\":\"az\"},{\"@type\":\"Organization\",\"@id\":\"https:\\\/\\\/www.meydan.tv\\\/az\\\/#organization\",\"name\":\"Meydan TV\",\"url\":\"https:\\\/\\\/www.meydan.tv\\\/az\\\/\",\"logo\":{\"@type\":\"ImageObject\",\"inLanguage\":\"az\",\"@id\":\"https:\\\/\\\/www.meydan.tv\\\/az\\\/#\\\/schema\\\/logo\\\/image\\\/\",\"url\":\"https:\\\/\\\/www.meydan.tv\\\/wp-content\\\/uploads\\\/2021\\\/07\\\/meydan-logo.svg\",\"contentUrl\":\"https:\\\/\\\/www.meydan.tv\\\/wp-content\\\/uploads\\\/2021\\\/07\\\/meydan-logo.svg\",\"width\":195,\"height\":46,\"caption\":\"Meydan TV\"},\"image\":{\"@id\":\"https:\\\/\\\/www.meydan.tv\\\/az\\\/#\\\/schema\\\/logo\\\/image\\\/\"}},{\"@type\":\"Person\",\"@id\":\"https:\\\/\\\/www.meydan.tv\\\/az\\\/#\\\/schema\\\/person\\\/09863e516102a829e72bedcf3f84c6b0\",\"name\":\"mahmud\"}]}<\/script>\n<!-- \/ Yoast SEO plugin. -->","yoast_head_json":{"title":"Karantin rejiminin m\u00fcdd\u0259ti yen\u0259 uzad\u0131ld\u0131 - MEYDAN.TV","robots":{"index":"index","follow":"follow","max-snippet":"max-snippet:-1","max-image-preview":"max-image-preview:large","max-video-preview":"max-video-preview:-1"},"canonical":"https:\/\/www.meydan.tv\/az\/article\/karantin-rejiminin-mudd%c9%99ti-yen%c9%99-uzadildi\/","og_locale":"az_AZ","og_type":"article","og_title":"Karantin rejiminin m\u00fcdd\u0259ti yen\u0259 uzad\u0131ld\u0131 - MEYDAN.TV","og_description":"Nazirl\u0259r Kabineti s\u0259b\u0259b kimi h\u0259l\u0259 d\u0259 koronavirus (COVID-19) infeksiyas\u0131n\u0131 g\u00f6st\u0259rir ... Davam\u0131","og_url":"https:\/\/www.meydan.tv\/az\/article\/karantin-rejiminin-mudd%c9%99ti-yen%c9%99-uzadildi\/","og_site_name":"MEYDAN.TV","article_published_time":"2025-06-23T09:41:48+00:00","article_modified_time":"2025-06-23T09:41:51+00:00","og_image":[{"width":1000,"height":666,"url":"https:\/\/www.meydan.tv\/wp-content\/uploads\/16058739223267554668_1000x669.jpg","type":"image\/jpeg"}],"author":"mahmud","twitter_card":"summary_large_image","schema":{"@context":"https:\/\/schema.org","@graph":[{"@type":"Article","@id":"https:\/\/www.meydan.tv\/az\/article\/karantin-rejiminin-mudd%c9%99ti-yen%c9%99-uzadildi\/#article","isPartOf":{"@id":"https:\/\/www.meydan.tv\/az\/article\/karantin-rejiminin-mudd%c9%99ti-yen%c9%99-uzadildi\/"},"author":{"name":"mahmud","@id":"https:\/\/www.meydan.tv\/az\/#\/schema\/person\/09863e516102a829e72bedcf3f84c6b0"},"headline":"Karantin rejiminin m\u00fcdd\u0259ti yen\u0259 uzad\u0131ld\u0131","datePublished":"2025-06-23T09:41:48+00:00","dateModified":"2025-06-23T09:41:51+00:00","mainEntityOfPage":{"@id":"https:\/\/www.meydan.tv\/az\/article\/karantin-rejiminin-mudd%c9%99ti-yen%c9%99-uzadildi\/"},"wordCount":492,"publisher":{"@id":"https:\/\/www.meydan.tv\/az\/#organization"},"image":{"@id":"https:\/\/www.meydan.tv\/az\/article\/karantin-rejiminin-mudd%c9%99ti-yen%c9%99-uzadildi\/#primaryimage"},"thumbnailUrl":"https:\/\/www.meydan.tv\/wp-content\/uploads\/16058739223267554668_1000x669.jpg","articleSection":["Sosial","X\u0259b\u0259rl\u0259r"],"inLanguage":"az"},{"@type":"WebPage","@id":"https:\/\/www.meydan.tv\/az\/article\/karantin-rejiminin-mudd%c9%99ti-yen%c9%99-uzadildi\/","url":"https:\/\/www.meydan.tv\/az\/article\/karantin-rejiminin-mudd%c9%99ti-yen%c9%99-uzadildi\/","name":"Karantin rejiminin m\u00fcdd\u0259ti yen\u0259 uzad\u0131ld\u0131 - MEYDAN.TV","isPartOf":{"@id":"https:\/\/www.meydan.tv\/az\/#website"},"primaryImageOfPage":{"@id":"https:\/\/www.meydan.tv\/az\/article\/karantin-rejiminin-mudd%c9%99ti-yen%c9%99-uzadildi\/#primaryimage"},"image":{"@id":"https:\/\/www.meydan.tv\/az\/article\/karantin-rejiminin-mudd%c9%99ti-yen%c9%99-uzadildi\/#primaryimage"},"thumbnailUrl":"https:\/\/www.meydan.tv\/wp-content\/uploads\/16058739223267554668_1000x669.jpg","datePublished":"2025-06-23T09:41:48+00:00","dateModified":"2025-06-23T09:41:51+00:00","breadcrumb":{"@id":"https:\/\/www.meydan.tv\/az\/article\/karantin-rejiminin-mudd%c9%99ti-yen%c9%99-uzadildi\/#breadcrumb"},"inLanguage":"az","potentialAction":[{"@type":"ReadAction","target":["https:\/\/www.meydan.tv\/az\/article\/karantin-rejiminin-mudd%c9%99ti-yen%c9%99-uzadildi\/"]}]},{"@type":"ImageObject","inLanguage":"az","@id":"https:\/\/www.meydan.tv\/az\/article\/karantin-rejiminin-mudd%c9%99ti-yen%c9%99-uzadildi\/#primaryimage","url":"https:\/\/www.meydan.tv\/wp-content\/uploads\/16058739223267554668_1000x669.jpg","contentUrl":"https:\/\/www.meydan.tv\/wp-content\/uploads\/16058739223267554668_1000x669.jpg","width":1000,"height":666,"caption":"Source: Azertac"},{"@type":"BreadcrumbList","@id":"https:\/\/www.meydan.tv\/az\/article\/karantin-rejiminin-mudd%c9%99ti-yen%c9%99-uzadildi\/#breadcrumb","itemListElement":[{"@type":"ListItem","position":1,"name":"Ana s\u0259hif\u0259","item":"https:\/\/www.meydan.tv\/az\/"},{"@type":"ListItem","position":2,"name":"Sosial","item":"https:\/\/www.meydan.tv\/az\/section\/sosial\/"},{"@type":"ListItem","position":3,"name":"Karantin rejiminin m\u00fcdd\u0259ti yen\u0259 uzad\u0131ld\u0131"}]},{"@type":"WebSite","@id":"https:\/\/www.meydan.tv\/az\/#website","url":"https:\/\/www.meydan.tv\/az\/","name":"MEYDAN.TV","description":"Meydan TV Az\u0259rbaycan\u0131n media m\u0259kan\u0131ndak\u0131 alternativ s\u0259sidir","publisher":{"@id":"https:\/\/www.meydan.tv\/az\/#organization"},"potentialAction":[{"@type":"SearchAction","target":{"@type":"EntryPoint","urlTemplate":"https:\/\/www.meydan.tv\/az\/?s={search_term_string}"},"query-input":{"@type":"PropertyValueSpecification","valueRequired":true,"valueName":"search_term_string"}}],"inLanguage":"az"},{"@type":"Organization","@id":"https:\/\/www.meydan.tv\/az\/#organization","name":"Meydan TV","url":"https:\/\/www.meydan.tv\/az\/","logo":{"@type":"ImageObject","inLanguage":"az","@id":"https:\/\/www.meydan.tv\/az\/#\/schema\/logo\/image\/","url":"https:\/\/www.meydan.tv\/wp-content\/uploads\/2021\/07\/meydan-logo.svg","contentUrl":"https:\/\/www.meydan.tv\/wp-content\/uploads\/2021\/07\/meydan-logo.svg","width":195,"height":46,"caption":"Meydan TV"},"image":{"@id":"https:\/\/www.meydan.tv\/az\/#\/schema\/logo\/image\/"}},{"@type":"Person","@id":"https:\/\/www.meydan.tv\/az\/#\/schema\/person\/09863e516102a829e72bedcf3f84c6b0","name":"mahmud"}]}},"_links":{"self":[{"href":"https:\/\/www.meydan.tv\/az\/wp-json\/wp\/v2\/posts\/332188","targetHints":{"allow":["GET"]}}],"collection":[{"href":"https:\/\/www.meydan.tv\/az\/wp-json\/wp\/v2\/posts"}],"about":[{"href":"https:\/\/www.meydan.tv\/az\/wp-json\/wp\/v2\/types\/post"}],"author":[{"embeddable":true,"href":"https:\/\/www.meydan.tv\/az\/wp-json\/wp\/v2\/users\/21"}],"replies":[{"embeddable":true,"href":"https:\/\/www.meydan.tv\/az\/wp-json\/wp\/v2\/comments?post=332188"}],"version-history":[{"count":2,"href":"https:\/\/www.meydan.tv\/az\/wp-json\/wp\/v2\/posts\/332188\/revisions"}],"predecessor-version":[{"id":332190,"href":"https:\/\/www.meydan.tv\/az\/wp-json\/wp\/v2\/posts\/332188\/revisions\/332190"}],"wp:featuredmedia":[{"embeddable":true,"href":"https:\/\/www.meydan.tv\/az\/wp-json\/wp\/v2\/media\/151871"}],"wp:attachment":[{"href":"https:\/\/www.meydan.tv\/az\/wp-json\/wp\/v2\/media?parent=332188"}],"wp:term":[{"taxonomy":"category","embeddable":true,"href":"https:\/\/www.meydan.tv\/az\/wp-json\/wp\/v2\/categories?post=332188"},{"taxonomy":"post_tag","embeddable":true,"href":"https:\/\/www.meydan.tv\/az\/wp-json\/wp\/v2\/tags?post=332188"}],"curies":[{"name":"wp","href":"https:\/\/api.w.org\/{rel}","templated":true}]}}