{"id":332175,"date":"2025-06-23T12:54:42","date_gmt":"2025-06-23T08:54:42","guid":{"rendered":"https:\/\/www.meydan.tv\/?p=332175"},"modified":"2025-06-23T12:54:45","modified_gmt":"2025-06-23T08:54:45","slug":"tbilisid%c9%99-avtomobil-bir-nec%c9%99-etirazcini-vurub","status":"publish","type":"post","link":"https:\/\/www.meydan.tv\/az\/article\/tbilisid%c9%99-avtomobil-bir-nec%c9%99-etirazcini-vurub\/","title":{"rendered":"Tbilisid\u0259 avtomobil aksiya zaman\u0131 bir ne\u00e7\u0259 etiraz\u00e7\u0131n\u0131 vurub"},"content":{"rendered":"\n<p><strong><em>X\u0259sar\u0259t alanlar x\u0259st\u0259xanaya yerl\u0259\u015fdirilib<\/em><\/strong><\/p>\n\n\n\n<p>Tbilisid\u0259 avtomobilin \u015f\u0259h\u0259rin m\u0259rk\u0259zind\u0259 ke\u00e7iril\u0259n etiraz aksiyas\u0131 zaman\u0131 insanlar\u0131n \u00fcst\u00fcn\u0259 s\u00fcrm\u0259si n\u0259tic\u0259sind\u0259 x\u0259sar\u0259t alanlar var.<\/p>\n\n\n\n<p>\u0130yunun 22-si ax\u015fam 207-ci g\u00fcnd\u00fcr ki, davam ed\u0259n etiraz aksiyas\u0131 zaman\u0131 Rustaveli prospektind\u0259 n\u0259qliyyat\u0131n h\u0259r\u0259k\u0259ti ba\u011flan\u0131b. Aksiyalar parlament se\u00e7kil\u0259rinin yenid\u0259n ke\u00e7irilm\u0259si v\u0259 etirazlarda i\u015ftiraka g\u00f6r\u0259 h\u0259bs olunanlar\u0131n azadl\u0131\u011fa burax\u0131lmas\u0131 t\u0259l\u0259bi il\u0259 ke\u00e7irilir.<\/p>\n\n\n\n<p><a href=\"https:\/\/www.kavkaz-uzel.eu\/articles\/412466#gallery\" target=\"_blank\" rel=\"noreferrer noopener\">&#8220;Kavkazski uzel&#8221;<\/a> etiraz\u00e7\u0131lara istinad\u0259n yaz\u0131r, s\u00fcr\u00fcc\u00fc q\u0259sd\u0259n bir ne\u00e7\u0259 n\u00fcmayi\u015f\u00e7ini Rustaveli prospekti yax\u0131nl\u0131\u011f\u0131nda yerl\u0259\u015f\u0259n piyada ke\u00e7idind\u0259 vurub. <\/p>\n\n\n\n<p>&#8220;OC Media&#8221;n\u0131n h\u0259mt\u0259sis\u00e7isi Mariam Nikuradze \u00f6z\u00fcn\u00fcn &#8220;Facebook&#8221; s\u0259hif\u0259sind\u0259 bildirib ki, x\u0259sar\u0259t alanlardan biri, Mariam Mexantsi\u015fvili x\u0259st\u0259xanaya \u00e7atd\u0131r\u0131lana q\u0259d\u0259r iki d\u0259f\u0259 hu\u015funu itirib. Ona qab\u0131r\u011fa s\u0131n\u0131\u011f\u0131 diaqnozu qoyulub. \u0130kinci x\u0259sar\u0259t alan Lizi Ubilava da t\u0259cili tibbi yard\u0131m ma\u015f\u0131n\u0131 il\u0259 x\u0259s\u0259t\u0259xanaya \u00e7atd\u0131r\u0131l\u0131b.<\/p>\n\n\n\n<p>Jurnalistin s\u00f6zl\u0259rin\u0259 g\u00f6r\u0259, polis q\u0259sd\u0259n ma\u015f\u0131nla vurma fakt\u0131n\u0131n art\u0131q ara\u015fd\u0131r\u0131ld\u0131\u011f\u0131n\u0131 bildirib.<\/p>\n\n\n\n<p>Hadis\u0259 &#8220;Swissotel Tbilisi&#8221; yax\u0131nl\u0131\u011f\u0131nda, prezident iqam\u0259tgah\u0131 olan Orbeliani saray\u0131na yax\u0131n k\u00fc\u00e7\u0259l\u0259rin k\u0259si\u015fm\u0259sind\u0259 yerl\u0259\u015f\u0259n piyada ke\u00e7idind\u0259 ba\u015f verib. <\/p>\n\n\n\n<p>Hadis\u0259 yerind\u0259n <a href=\"https:\/\/t.me\/Tbilisi_life\/40347\" target=\"_blank\" rel=\"noreferrer noopener\">yay\u0131mlanan videoda<\/a> bir ne\u00e7\u0259 n\u0259f\u0259rin avtomobili \u0259hat\u0259y\u0259 ald\u0131\u011f\u0131, sonra is\u0259 s\u00fcr\u00fcc\u00fcn\u00fcn q\u0259fil qaz ver\u0259r\u0259k insanlar\u0131 vurdu\u011fu g\u00f6r\u00fcn\u00fcr. Kadrda q\u0131\u015fq\u0131r\u0131q s\u0259sl\u0259ri e\u015fidilir. Hadis\u0259 zaman\u0131 avtomobilin d\u00f6vl\u0259t n\u00f6mr\u0259 ni\u015fan\u0131 kameraya d\u00fc\u015f\u00fcb, s\u00fcr\u00fcc\u00fc is\u0259 hadis\u0259 yerind\u0259n uzaqla\u015f\u0131b.<\/p>\n\n\n\n<p>2024-c\u00fc ilin noyabr\u0131ndan b\u0259ri Tbilisid\u0259 n\u00fcmayi\u015f\u00e7il\u0259r G\u00fcrc\u00fcstan parlamentinin qar\u015f\u0131s\u0131na topla\u015faraq Rustaveli prospektind\u0259 avtomobill\u0259rin h\u0259r\u0259k\u0259tini dayand\u0131r\u0131rlar. Onlar Avropa \u0130ttifaq\u0131na inteqrasiyan\u0131 d\u0259st\u0259kl\u0259y\u0259nl\u0259rin azadl\u0131\u011fa burax\u0131lmas\u0131n\u0131 v\u0259 yeni parlament se\u00e7kil\u0259rinin ke\u00e7irilm\u0259sini t\u0259l\u0259b edirl\u0259r. Bu t\u0259l\u0259bl\u0259rl\u0259 etiraz aksiyalar\u0131 G\u00fcrc\u00fcstan\u0131n dig\u0259r \u015f\u0259h\u0259rl\u0259rind\u0259 &#8211; Qori, Telavi, Zuqdidi, Batumi v\u0259 Kutaisid\u0259 d\u0259 ke\u00e7irilir.<\/p>\n","protected":false},"excerpt":{"rendered":"<p>X\u0259sar\u0259t alanlar x\u0259st\u0259xanaya yerl\u0259\u015fdirilib Tbilisid\u0259 avtomobilin \u015f\u0259h\u0259rin m\u0259rk\u0259zind\u0259 ke\u00e7iril\u0259n etiraz &#8230; <\/p>\n<p class=\"read-more-container\"><a title=\"Tbilisid\u0259 avtomobil aksiya zaman\u0131 bir ne\u00e7\u0259 etiraz\u00e7\u0131n\u0131 vurub\" class=\"read-more button\" href=\"https:\/\/www.meydan.tv\/az\/article\/tbilisid%c9%99-avtomobil-bir-nec%c9%99-etirazcini-vurub\/#more-332175\" aria-label=\"Read more about Tbilisid\u0259 avtomobil aksiya zaman\u0131 bir ne\u00e7\u0259 etiraz\u00e7\u0131n\u0131 vurub\">Davam\u0131<\/a><\/p>\n","protected":false},"author":16,"featured_media":332173,"comment_status":"closed","ping_status":"closed","sticky":false,"template":"","format":"standard","meta":{"_acf_changed":false,"_sitemap_exclude":false,"_sitemap_priority":"","_sitemap_frequency":"","footnotes":""},"categories":[64,56],"tags":[],"class_list":["post-332175","post","type-post","status-publish","format-standard","has-post-thumbnail","hentry","category-dunya","category-xeberler","infinite-scroll-item","generate-columns","tablet-grid-50","mobile-grid-100","grid-parent","grid-33","no-featured-image-padding"],"acf":[],"yoast_head":"<!-- This site is optimized with the Yoast SEO plugin v27.5 - https:\/\/yoast.com\/product\/yoast-seo-wordpress\/ -->\n<title>Tbilisid\u0259 avtomobil aksiya zaman\u0131 bir ne\u00e7\u0259 etiraz\u00e7\u0131n\u0131 vurub - MEYDAN.TV<\/title>\n<meta name=\"robots\" content=\"index, follow, max-snippet:-1, max-image-preview:large, max-video-preview:-1\" \/>\n<link rel=\"canonical\" href=\"https:\/\/www.meydan.tv\/az\/article\/tbilisid%c9%99-avtomobil-bir-nec%c9%99-etirazcini-vurub\/\" \/>\n<meta property=\"og:locale\" content=\"az_AZ\" \/>\n<meta property=\"og:type\" content=\"article\" \/>\n<meta property=\"og:title\" content=\"Tbilisid\u0259 avtomobil aksiya zaman\u0131 bir ne\u00e7\u0259 etiraz\u00e7\u0131n\u0131 vurub - MEYDAN.TV\" \/>\n<meta property=\"og:description\" content=\"X\u0259sar\u0259t alanlar x\u0259st\u0259xanaya yerl\u0259\u015fdirilib Tbilisid\u0259 avtomobilin \u015f\u0259h\u0259rin m\u0259rk\u0259zind\u0259 ke\u00e7iril\u0259n etiraz ... Davam\u0131\" \/>\n<meta property=\"og:url\" content=\"https:\/\/www.meydan.tv\/az\/article\/tbilisid%c9%99-avtomobil-bir-nec%c9%99-etirazcini-vurub\/\" \/>\n<meta property=\"og:site_name\" content=\"MEYDAN.TV\" \/>\n<meta property=\"article:published_time\" content=\"2025-06-23T08:54:42+00:00\" \/>\n<meta property=\"article:modified_time\" content=\"2025-06-23T08:54:45+00:00\" \/>\n<meta property=\"og:image\" content=\"https:\/\/www.meydan.tv\/wp-content\/uploads\/5386349513213606194.jpg\" \/>\n\t<meta property=\"og:image:width\" content=\"1280\" \/>\n\t<meta property=\"og:image:height\" content=\"960\" \/>\n\t<meta property=\"og:image:type\" content=\"image\/jpeg\" \/>\n<meta name=\"author\" content=\"sevda\" \/>\n<meta name=\"twitter:card\" content=\"summary_large_image\" \/>\n<script type=\"application\/ld+json\" class=\"yoast-schema-graph\">{\"@context\":\"https:\\\/\\\/schema.org\",\"@graph\":[{\"@type\":\"Article\",\"@id\":\"https:\\\/\\\/www.meydan.tv\\\/az\\\/article\\\/tbilisid%c9%99-avtomobil-bir-nec%c9%99-etirazcini-vurub\\\/#article\",\"isPartOf\":{\"@id\":\"https:\\\/\\\/www.meydan.tv\\\/az\\\/article\\\/tbilisid%c9%99-avtomobil-bir-nec%c9%99-etirazcini-vurub\\\/\"},\"author\":{\"name\":\"sevda\",\"@id\":\"https:\\\/\\\/www.meydan.tv\\\/az\\\/#\\\/schema\\\/person\\\/49b5f2bad5b126bb8ea9320eeb3e4dc9\"},\"headline\":\"Tbilisid\u0259 avtomobil aksiya zaman\u0131 bir ne\u00e7\u0259 etiraz\u00e7\u0131n\u0131 vurub\",\"datePublished\":\"2025-06-23T08:54:42+00:00\",\"dateModified\":\"2025-06-23T08:54:45+00:00\",\"mainEntityOfPage\":{\"@id\":\"https:\\\/\\\/www.meydan.tv\\\/az\\\/article\\\/tbilisid%c9%99-avtomobil-bir-nec%c9%99-etirazcini-vurub\\\/\"},\"wordCount\":414,\"publisher\":{\"@id\":\"https:\\\/\\\/www.meydan.tv\\\/az\\\/#organization\"},\"image\":{\"@id\":\"https:\\\/\\\/www.meydan.tv\\\/az\\\/article\\\/tbilisid%c9%99-avtomobil-bir-nec%c9%99-etirazcini-vurub\\\/#primaryimage\"},\"thumbnailUrl\":\"https:\\\/\\\/www.meydan.tv\\\/wp-content\\\/uploads\\\/5386349513213606194.jpg\",\"articleSection\":[\"D\u00fcnya\",\"X\u0259b\u0259rl\u0259r\"],\"inLanguage\":\"az\"},{\"@type\":\"WebPage\",\"@id\":\"https:\\\/\\\/www.meydan.tv\\\/az\\\/article\\\/tbilisid%c9%99-avtomobil-bir-nec%c9%99-etirazcini-vurub\\\/\",\"url\":\"https:\\\/\\\/www.meydan.tv\\\/az\\\/article\\\/tbilisid%c9%99-avtomobil-bir-nec%c9%99-etirazcini-vurub\\\/\",\"name\":\"Tbilisid\u0259 avtomobil aksiya zaman\u0131 bir ne\u00e7\u0259 etiraz\u00e7\u0131n\u0131 vurub - MEYDAN.TV\",\"isPartOf\":{\"@id\":\"https:\\\/\\\/www.meydan.tv\\\/az\\\/#website\"},\"primaryImageOfPage\":{\"@id\":\"https:\\\/\\\/www.meydan.tv\\\/az\\\/article\\\/tbilisid%c9%99-avtomobil-bir-nec%c9%99-etirazcini-vurub\\\/#primaryimage\"},\"image\":{\"@id\":\"https:\\\/\\\/www.meydan.tv\\\/az\\\/article\\\/tbilisid%c9%99-avtomobil-bir-nec%c9%99-etirazcini-vurub\\\/#primaryimage\"},\"thumbnailUrl\":\"https:\\\/\\\/www.meydan.tv\\\/wp-content\\\/uploads\\\/5386349513213606194.jpg\",\"datePublished\":\"2025-06-23T08:54:42+00:00\",\"dateModified\":\"2025-06-23T08:54:45+00:00\",\"breadcrumb\":{\"@id\":\"https:\\\/\\\/www.meydan.tv\\\/az\\\/article\\\/tbilisid%c9%99-avtomobil-bir-nec%c9%99-etirazcini-vurub\\\/#breadcrumb\"},\"inLanguage\":\"az\",\"potentialAction\":[{\"@type\":\"ReadAction\",\"target\":[\"https:\\\/\\\/www.meydan.tv\\\/az\\\/article\\\/tbilisid%c9%99-avtomobil-bir-nec%c9%99-etirazcini-vurub\\\/\"]}]},{\"@type\":\"ImageObject\",\"inLanguage\":\"az\",\"@id\":\"https:\\\/\\\/www.meydan.tv\\\/az\\\/article\\\/tbilisid%c9%99-avtomobil-bir-nec%c9%99-etirazcini-vurub\\\/#primaryimage\",\"url\":\"https:\\\/\\\/www.meydan.tv\\\/wp-content\\\/uploads\\\/5386349513213606194.jpg\",\"contentUrl\":\"https:\\\/\\\/www.meydan.tv\\\/wp-content\\\/uploads\\\/5386349513213606194.jpg\",\"width\":1280,\"height\":960,\"caption\":\"Foto: Tbilisi Life\"},{\"@type\":\"BreadcrumbList\",\"@id\":\"https:\\\/\\\/www.meydan.tv\\\/az\\\/article\\\/tbilisid%c9%99-avtomobil-bir-nec%c9%99-etirazcini-vurub\\\/#breadcrumb\",\"itemListElement\":[{\"@type\":\"ListItem\",\"position\":1,\"name\":\"Ana s\u0259hif\u0259\",\"item\":\"https:\\\/\\\/www.meydan.tv\\\/az\\\/\"},{\"@type\":\"ListItem\",\"position\":2,\"name\":\"X\u0259b\u0259rl\u0259r\",\"item\":\"https:\\\/\\\/www.meydan.tv\\\/az\\\/section\\\/xeberler\\\/\"},{\"@type\":\"ListItem\",\"position\":3,\"name\":\"Tbilisid\u0259 avtomobil aksiya zaman\u0131 bir ne\u00e7\u0259 etiraz\u00e7\u0131n\u0131 vurub\"}]},{\"@type\":\"WebSite\",\"@id\":\"https:\\\/\\\/www.meydan.tv\\\/az\\\/#website\",\"url\":\"https:\\\/\\\/www.meydan.tv\\\/az\\\/\",\"name\":\"MEYDAN.TV\",\"description\":\"Meydan TV Az\u0259rbaycan\u0131n media m\u0259kan\u0131ndak\u0131 alternativ s\u0259sidir\",\"publisher\":{\"@id\":\"https:\\\/\\\/www.meydan.tv\\\/az\\\/#organization\"},\"potentialAction\":[{\"@type\":\"SearchAction\",\"target\":{\"@type\":\"EntryPoint\",\"urlTemplate\":\"https:\\\/\\\/www.meydan.tv\\\/az\\\/?s={search_term_string}\"},\"query-input\":{\"@type\":\"PropertyValueSpecification\",\"valueRequired\":true,\"valueName\":\"search_term_string\"}}],\"inLanguage\":\"az\"},{\"@type\":\"Organization\",\"@id\":\"https:\\\/\\\/www.meydan.tv\\\/az\\\/#organization\",\"name\":\"Meydan TV\",\"url\":\"https:\\\/\\\/www.meydan.tv\\\/az\\\/\",\"logo\":{\"@type\":\"ImageObject\",\"inLanguage\":\"az\",\"@id\":\"https:\\\/\\\/www.meydan.tv\\\/az\\\/#\\\/schema\\\/logo\\\/image\\\/\",\"url\":\"https:\\\/\\\/www.meydan.tv\\\/wp-content\\\/uploads\\\/2021\\\/07\\\/meydan-logo.svg\",\"contentUrl\":\"https:\\\/\\\/www.meydan.tv\\\/wp-content\\\/uploads\\\/2021\\\/07\\\/meydan-logo.svg\",\"width\":195,\"height\":46,\"caption\":\"Meydan TV\"},\"image\":{\"@id\":\"https:\\\/\\\/www.meydan.tv\\\/az\\\/#\\\/schema\\\/logo\\\/image\\\/\"}},{\"@type\":\"Person\",\"@id\":\"https:\\\/\\\/www.meydan.tv\\\/az\\\/#\\\/schema\\\/person\\\/49b5f2bad5b126bb8ea9320eeb3e4dc9\",\"name\":\"sevda\"}]}<\/script>\n<!-- \/ Yoast SEO plugin. -->","yoast_head_json":{"title":"Tbilisid\u0259 avtomobil aksiya zaman\u0131 bir ne\u00e7\u0259 etiraz\u00e7\u0131n\u0131 vurub - MEYDAN.TV","robots":{"index":"index","follow":"follow","max-snippet":"max-snippet:-1","max-image-preview":"max-image-preview:large","max-video-preview":"max-video-preview:-1"},"canonical":"https:\/\/www.meydan.tv\/az\/article\/tbilisid%c9%99-avtomobil-bir-nec%c9%99-etirazcini-vurub\/","og_locale":"az_AZ","og_type":"article","og_title":"Tbilisid\u0259 avtomobil aksiya zaman\u0131 bir ne\u00e7\u0259 etiraz\u00e7\u0131n\u0131 vurub - MEYDAN.TV","og_description":"X\u0259sar\u0259t alanlar x\u0259st\u0259xanaya yerl\u0259\u015fdirilib Tbilisid\u0259 avtomobilin \u015f\u0259h\u0259rin m\u0259rk\u0259zind\u0259 ke\u00e7iril\u0259n etiraz ... Davam\u0131","og_url":"https:\/\/www.meydan.tv\/az\/article\/tbilisid%c9%99-avtomobil-bir-nec%c9%99-etirazcini-vurub\/","og_site_name":"MEYDAN.TV","article_published_time":"2025-06-23T08:54:42+00:00","article_modified_time":"2025-06-23T08:54:45+00:00","og_image":[{"width":1280,"height":960,"url":"https:\/\/www.meydan.tv\/wp-content\/uploads\/5386349513213606194.jpg","type":"image\/jpeg"}],"author":"sevda","twitter_card":"summary_large_image","schema":{"@context":"https:\/\/schema.org","@graph":[{"@type":"Article","@id":"https:\/\/www.meydan.tv\/az\/article\/tbilisid%c9%99-avtomobil-bir-nec%c9%99-etirazcini-vurub\/#article","isPartOf":{"@id":"https:\/\/www.meydan.tv\/az\/article\/tbilisid%c9%99-avtomobil-bir-nec%c9%99-etirazcini-vurub\/"},"author":{"name":"sevda","@id":"https:\/\/www.meydan.tv\/az\/#\/schema\/person\/49b5f2bad5b126bb8ea9320eeb3e4dc9"},"headline":"Tbilisid\u0259 avtomobil aksiya zaman\u0131 bir ne\u00e7\u0259 etiraz\u00e7\u0131n\u0131 vurub","datePublished":"2025-06-23T08:54:42+00:00","dateModified":"2025-06-23T08:54:45+00:00","mainEntityOfPage":{"@id":"https:\/\/www.meydan.tv\/az\/article\/tbilisid%c9%99-avtomobil-bir-nec%c9%99-etirazcini-vurub\/"},"wordCount":414,"publisher":{"@id":"https:\/\/www.meydan.tv\/az\/#organization"},"image":{"@id":"https:\/\/www.meydan.tv\/az\/article\/tbilisid%c9%99-avtomobil-bir-nec%c9%99-etirazcini-vurub\/#primaryimage"},"thumbnailUrl":"https:\/\/www.meydan.tv\/wp-content\/uploads\/5386349513213606194.jpg","articleSection":["D\u00fcnya","X\u0259b\u0259rl\u0259r"],"inLanguage":"az"},{"@type":"WebPage","@id":"https:\/\/www.meydan.tv\/az\/article\/tbilisid%c9%99-avtomobil-bir-nec%c9%99-etirazcini-vurub\/","url":"https:\/\/www.meydan.tv\/az\/article\/tbilisid%c9%99-avtomobil-bir-nec%c9%99-etirazcini-vurub\/","name":"Tbilisid\u0259 avtomobil aksiya zaman\u0131 bir ne\u00e7\u0259 etiraz\u00e7\u0131n\u0131 vurub - MEYDAN.TV","isPartOf":{"@id":"https:\/\/www.meydan.tv\/az\/#website"},"primaryImageOfPage":{"@id":"https:\/\/www.meydan.tv\/az\/article\/tbilisid%c9%99-avtomobil-bir-nec%c9%99-etirazcini-vurub\/#primaryimage"},"image":{"@id":"https:\/\/www.meydan.tv\/az\/article\/tbilisid%c9%99-avtomobil-bir-nec%c9%99-etirazcini-vurub\/#primaryimage"},"thumbnailUrl":"https:\/\/www.meydan.tv\/wp-content\/uploads\/5386349513213606194.jpg","datePublished":"2025-06-23T08:54:42+00:00","dateModified":"2025-06-23T08:54:45+00:00","breadcrumb":{"@id":"https:\/\/www.meydan.tv\/az\/article\/tbilisid%c9%99-avtomobil-bir-nec%c9%99-etirazcini-vurub\/#breadcrumb"},"inLanguage":"az","potentialAction":[{"@type":"ReadAction","target":["https:\/\/www.meydan.tv\/az\/article\/tbilisid%c9%99-avtomobil-bir-nec%c9%99-etirazcini-vurub\/"]}]},{"@type":"ImageObject","inLanguage":"az","@id":"https:\/\/www.meydan.tv\/az\/article\/tbilisid%c9%99-avtomobil-bir-nec%c9%99-etirazcini-vurub\/#primaryimage","url":"https:\/\/www.meydan.tv\/wp-content\/uploads\/5386349513213606194.jpg","contentUrl":"https:\/\/www.meydan.tv\/wp-content\/uploads\/5386349513213606194.jpg","width":1280,"height":960,"caption":"Foto: Tbilisi Life"},{"@type":"BreadcrumbList","@id":"https:\/\/www.meydan.tv\/az\/article\/tbilisid%c9%99-avtomobil-bir-nec%c9%99-etirazcini-vurub\/#breadcrumb","itemListElement":[{"@type":"ListItem","position":1,"name":"Ana s\u0259hif\u0259","item":"https:\/\/www.meydan.tv\/az\/"},{"@type":"ListItem","position":2,"name":"X\u0259b\u0259rl\u0259r","item":"https:\/\/www.meydan.tv\/az\/section\/xeberler\/"},{"@type":"ListItem","position":3,"name":"Tbilisid\u0259 avtomobil aksiya zaman\u0131 bir ne\u00e7\u0259 etiraz\u00e7\u0131n\u0131 vurub"}]},{"@type":"WebSite","@id":"https:\/\/www.meydan.tv\/az\/#website","url":"https:\/\/www.meydan.tv\/az\/","name":"MEYDAN.TV","description":"Meydan TV Az\u0259rbaycan\u0131n media m\u0259kan\u0131ndak\u0131 alternativ s\u0259sidir","publisher":{"@id":"https:\/\/www.meydan.tv\/az\/#organization"},"potentialAction":[{"@type":"SearchAction","target":{"@type":"EntryPoint","urlTemplate":"https:\/\/www.meydan.tv\/az\/?s={search_term_string}"},"query-input":{"@type":"PropertyValueSpecification","valueRequired":true,"valueName":"search_term_string"}}],"inLanguage":"az"},{"@type":"Organization","@id":"https:\/\/www.meydan.tv\/az\/#organization","name":"Meydan TV","url":"https:\/\/www.meydan.tv\/az\/","logo":{"@type":"ImageObject","inLanguage":"az","@id":"https:\/\/www.meydan.tv\/az\/#\/schema\/logo\/image\/","url":"https:\/\/www.meydan.tv\/wp-content\/uploads\/2021\/07\/meydan-logo.svg","contentUrl":"https:\/\/www.meydan.tv\/wp-content\/uploads\/2021\/07\/meydan-logo.svg","width":195,"height":46,"caption":"Meydan TV"},"image":{"@id":"https:\/\/www.meydan.tv\/az\/#\/schema\/logo\/image\/"}},{"@type":"Person","@id":"https:\/\/www.meydan.tv\/az\/#\/schema\/person\/49b5f2bad5b126bb8ea9320eeb3e4dc9","name":"sevda"}]}},"_links":{"self":[{"href":"https:\/\/www.meydan.tv\/az\/wp-json\/wp\/v2\/posts\/332175","targetHints":{"allow":["GET"]}}],"collection":[{"href":"https:\/\/www.meydan.tv\/az\/wp-json\/wp\/v2\/posts"}],"about":[{"href":"https:\/\/www.meydan.tv\/az\/wp-json\/wp\/v2\/types\/post"}],"author":[{"embeddable":true,"href":"https:\/\/www.meydan.tv\/az\/wp-json\/wp\/v2\/users\/16"}],"replies":[{"embeddable":true,"href":"https:\/\/www.meydan.tv\/az\/wp-json\/wp\/v2\/comments?post=332175"}],"version-history":[{"count":7,"href":"https:\/\/www.meydan.tv\/az\/wp-json\/wp\/v2\/posts\/332175\/revisions"}],"predecessor-version":[{"id":332182,"href":"https:\/\/www.meydan.tv\/az\/wp-json\/wp\/v2\/posts\/332175\/revisions\/332182"}],"wp:featuredmedia":[{"embeddable":true,"href":"https:\/\/www.meydan.tv\/az\/wp-json\/wp\/v2\/media\/332173"}],"wp:attachment":[{"href":"https:\/\/www.meydan.tv\/az\/wp-json\/wp\/v2\/media?parent=332175"}],"wp:term":[{"taxonomy":"category","embeddable":true,"href":"https:\/\/www.meydan.tv\/az\/wp-json\/wp\/v2\/categories?post=332175"},{"taxonomy":"post_tag","embeddable":true,"href":"https:\/\/www.meydan.tv\/az\/wp-json\/wp\/v2\/tags?post=332175"}],"curies":[{"name":"wp","href":"https:\/\/api.w.org\/{rel}","templated":true}]}}