{"id":332121,"date":"2025-06-21T17:51:21","date_gmt":"2025-06-21T13:51:21","guid":{"rendered":"https:\/\/www.meydan.tv\/?p=332121"},"modified":"2025-06-21T17:51:28","modified_gmt":"2025-06-21T13:51:28","slug":"torpagi-%c9%99lind%c9%99n-alinan-kurd%c9%99xani-sakini-emin-agalarovla-gorusm%c9%99y%c9%99-icaz%c9%99-vermirl%c9%99r","status":"publish","type":"post","link":"https:\/\/www.meydan.tv\/az\/article\/torpagi-%c9%99lind%c9%99n-alinan-kurd%c9%99xani-sakini-emin-agalarovla-gorusm%c9%99y%c9%99-icaz%c9%99-vermirl%c9%99r\/","title":{"rendered":"Torpa\u011f\u0131 \u0259lind\u0259n al\u0131nan K\u00fcrd\u0259xan\u0131 sakini: \u201cEmin A\u011falarovla g\u00f6r\u00fc\u015fm\u0259y\u0259 icaz\u0259 vermirl\u0259r\u201d"},"content":{"rendered":"\n<p><strong><em>V\u0259t\u0259nda\u015f iddia edir ki, \u201cSea Breeze\u201d \u015firk\u0259ti onun miras torpa\u011f\u0131n\u0131 z\u0259bt edib<\/em><\/strong><\/p>\n\n\n\n<p>K\u00fcrd\u0259xan\u0131 sakini \u018flik\u00f6vs\u0259r \u0130mamverdiyev deyir ki, ona babas\u0131ndan miras qalan 1 hektar ba\u011f \u201cSea Breeze\u201d t\u0259r\u0259find\u0259n m\u0259nims\u0259nilib.<\/p>\n\n\n\n<p>V\u0259t\u0259nda\u015f Meydan TV-y\u0259 bildirir ki, hadis\u0259 2023-ci ild\u0259 ba\u015f verib.<\/p>\n\n\n\n<p><em>\u201cHe\u00e7 n\u0259d\u0259n x\u0259b\u0259rsiz, evimd\u0259 oturmu\u015fdum. Bir d\u0259 g\u00f6rd\u00fcm ki, traktor sal\u0131b, ba\u011f\u0131m\u0131 qaz\u0131rlar. Gedib, dedim ki, torpaq m\u0259nimdir. Siz burada n\u0259 i\u015f g\u00f6r\u00fcrs\u00fcn\u00fcz? Bildirdil\u0259r ki, \u201cSea Breeze\u201din i\u015f\u00e7il\u0259riyik. Biz\u0259 burada tikinti i\u015fl\u0259ri apar\u0131lmas\u0131na dair tap\u015f\u0131r\u0131q verilib. \u015eikay\u0259tin varsa, get, Emin A\u011falarova bildir\u201d.<\/em><\/p>\n\n\n\n<figure class=\"wp-block-image size-large\"><img decoding=\"async\" width=\"1200\" height=\"677\" data-src=\"https:\/\/www.meydan.tv\/wp-content\/uploads\/elikovser7-1200x677.jpg\" alt=\"\" class=\"wp-image-332141 lazyload\" src=\"data:image\/svg+xml;base64,PHN2ZyB3aWR0aD0iMSIgaGVpZ2h0PSIxIiB4bWxucz0iaHR0cDovL3d3dy53My5vcmcvMjAwMC9zdmciPjwvc3ZnPg==\" style=\"--smush-placeholder-width: 1200px; --smush-placeholder-aspect-ratio: 1200\/677;\" \/><figcaption class=\"wp-element-caption\">Foto: \u018flik\u00f6vs\u0259r \u0130mamverdiyevin \u015f\u0259xsi arxivind\u0259n<\/figcaption><\/figure>\n\n\n\n<p>Z\u0259r\u0259r\u00e7\u0259k\u0259n deyir ki, m\u0259s\u0259l\u0259 il\u0259 \u0259laq\u0259dar Emin A\u011falarovla g\u00f6r\u00fc\u015fm\u0259k ist\u0259s\u0259 d\u0259, ona imkan verm\u0259yibl\u0259r:<\/p>\n\n\n\n<p><em>\u201cBir ne\u00e7\u0259 d\u0259f\u0259 \u201cSea Breeze\u201d\u0259 gedib, Emin A\u011falarovla g\u00f6r\u00fc\u015fm\u0259k ist\u0259mi\u015f\u0259m. Orada bir ne\u00e7\u0259 ke\u00e7id m\u0259nt\u0259q\u0259si qurublar v\u0259 m\u0259n\u0259 Emin A\u011falarovla g\u00f6r\u00fc\u015fm\u0259y\u0259 icaz\u0259 verm\u0259dil\u0259r. Sonuncu d\u0259f\u0259 d\u00f6rd ay \u00f6nc\u0259 getmi\u015fdim, amma yen\u0259 d\u0259 g\u00f6r\u00fc\u015fm\u0259y\u0259 qoymad\u0131lar. M\u0259cbur oldum, Prezident\u0259 v\u0259 Vitse-prezident\u0259 bir ne\u00e7\u0259 d\u0259f\u0259 m\u0259ktub yazd\u0131m. M\u0259ktublar\u0131m\u0131 Sabun\u00e7u Rayon \u0130cra Hakimiyy\u0259tin\u0259 g\u00f6nd\u0259rdil\u0259r. \u0130cra Hakimiyy\u0259ti is\u0259 h\u0259r d\u0259f\u0259 yaz\u0131r ki, m\u0259hk\u0259m\u0259y\u0259 m\u00fcraci\u0259t et\u201d.<\/em><br><br>V\u0259t\u0259nda\u015f bildirir ki, \u0259lind\u0259 Az\u0259rbaycan Milli Arxiv \u0130dar\u0259sind\u0259n \u00e7\u0131xard\u0131\u011f\u0131 s\u0259n\u0259d var v\u0259 h\u0259min s\u0259n\u0259dd\u0259 torpa\u011f\u0131n babas\u0131na m\u0259xsus oldu\u011fu g\u00f6st\u0259rilib:<\/p>\n\n\n\n<p><em>\u201cBu torpaqlar sovetl\u0259r d\u00f6vr\u00fcnd\u0259 d\u00f6vl\u0259t m\u00fclkiyy\u0259tind\u0259 olub v\u0259 insanlar\u0131n istifad\u0259sin\u0259 verilib. M\u0259nim babam\u0131n atas\u0131na da torpaq sah\u0259si verilib, bunu s\u00fcbut ed\u0259c\u0259k s\u0259n\u0259dim d\u0259 var. Bununla bel\u0259, hara m\u00fcraci\u0259t edir\u0259ms\u0259, \u00e7\u0131xar\u0131\u015f laz\u0131m oldu\u011funu deyirl\u0259r. Bir hektar torpa\u011fa \u00e7\u0131xar\u0131\u015f almaq \u00fc\u00e7\u00fcn evimi d\u0259 satsam yen\u0259 d\u0259 pulum \u00e7atmaz. \u0130ndi m\u0259nim torpa\u011f\u0131mda iki bina in\u015fa edilib. Torpa\u011f\u0131n\u0131n \u00e7\u0131xar\u0131\u015f\u0131 olmayan da t\u0259k m\u0259n deyil\u0259m. Balaxan\u0131dan, Ma\u015fta\u011fadan, Nardarandan, Pir\u015fa\u011f\u0131dan, K\u00fcrd\u0259xan\u0131dan torpaq sah\u0259si olan adamlar olub. Bel\u0259 \u00e7\u0131x\u0131r ki, onlar\u0131n ham\u0131s\u0131 yalan\u00e7\u0131d\u0131r?\u201d<\/em><\/p>\n\n\n\n<figure class=\"wp-block-image size-large is-resized\"><img decoding=\"async\" width=\"647\" height=\"821\" data-src=\"https:\/\/www.meydan.tv\/wp-content\/uploads\/milli-arxiv-idar\u0259sind\u0259n--647x821.jpg\" alt=\"\" class=\"wp-image-332126 lazyload\" style=\"--smush-placeholder-width: 647px; --smush-placeholder-aspect-ratio: 647\/821;width:595px;height:auto\" src=\"data:image\/svg+xml;base64,PHN2ZyB3aWR0aD0iMSIgaGVpZ2h0PSIxIiB4bWxucz0iaHR0cDovL3d3dy53My5vcmcvMjAwMC9zdmciPjwvc3ZnPg==\" \/><figcaption class=\"wp-element-caption\">Milli Arxiv \u0130dar\u0259sinin v\u0259t\u0259nda\u015fa verdiyi s\u0259n\u0259d<\/figcaption><\/figure>\n\n\n\n<p>\u018flik\u00f6vs\u0259r \u0130mamverdiyev deyir ki, \u0259vv\u0259ll\u0259r h\u0259min \u0259razil\u0259rd\u0259 insanlar\u0131n torpaq sah\u0259l\u0259rinin b\u00f6y\u00fck bir qismi pul qar\u015f\u0131l\u0131\u011f\u0131nda i\u015f adam\u0131 Araz A\u011falarov t\u0259r\u0259find\u0259n al\u0131n\u0131b:<\/p>\n\n\n\n<p><em>\u201cBurada ya\u015fayanlar\u0131n he\u00e7 birind\u0259 \u00e7\u0131xar\u0131\u015f olmay\u0131b. 2007-2008-ci ill\u0259rd\u0259 Araz A\u011falarovun adamlar\u0131 g\u0259lib deyirdil\u0259r ki, bu torpaqlar sizd\u0259n m\u0259cburi al\u0131n\u0131r. Amma torpaq sahibl\u0259rin\u0259 sotuna 300 dollar verirdil\u0259r. Bunlar ham\u0131s\u0131 g\u00f6z\u00fcm\u00fcn \u00f6n\u00fcnd\u0259 olub. Adamlardan he\u00e7 bir s\u0259n\u0259d t\u0259l\u0259b etmirdil\u0259r. Yaln\u0131z \u015f\u0259xsiyy\u0259t v\u0259siq\u0259sinin s\u00fcr\u0259tini \u00e7\u0131xar\u0131b g\u00f6t\u00fcr\u00fcrd\u00fcl\u0259r, bir d\u0259 pulu verdikl\u0259ri \u015f\u0259xsl\u0259rin imzalar\u0131n\u0131 al\u0131rd\u0131lar. Bel\u0259likl\u0259, Nardarandan K\u00fcrd\u0259xan\u0131ya q\u0259d\u0259r hektarlarla torpa\u011f\u0131 insanlar\u0131n raz\u0131l\u0131\u011f\u0131 il\u0259, pul qar\u015f\u0131l\u0131\u011f\u0131nda ald\u0131lar. Bir adama dem\u0259dil\u0259r ki, s\u0259nin \u00e7\u0131xar\u0131\u015f\u0131n yoxdur, s\u0259n\u0259 pul vermirik. Kimins\u0259 torpa\u011f\u0131na yiy\u0259l\u0259nm\u0259k ist\u0259mir\u0259m. Halal torpa\u011f\u0131m\u0131n davas\u0131n\u0131 apar\u0131ram. Emin A\u011falarovun m\u0259ni q\u0259bul edib, dinl\u0259m\u0259yini ist\u0259yir\u0259m. \u018fmin\u0259m ki, Emin A\u011falarov \u0259limd\u0259ki s\u00fcbutlara bax\u0131b, m\u0259ni dinl\u0259yib, halal haqq\u0131m\u0131 m\u00fctl\u0259q ver\u0259c\u0259k\u201d.<\/em><\/p>\n\n\n\n<figure class=\"wp-block-image size-large\"><img decoding=\"async\" width=\"1200\" height=\"677\" data-src=\"https:\/\/www.meydan.tv\/wp-content\/uploads\/elikovser4-1200x677.jpg\" alt=\"\" class=\"wp-image-332135 lazyload\" src=\"data:image\/svg+xml;base64,PHN2ZyB3aWR0aD0iMSIgaGVpZ2h0PSIxIiB4bWxucz0iaHR0cDovL3d3dy53My5vcmcvMjAwMC9zdmciPjwvc3ZnPg==\" style=\"--smush-placeholder-width: 1200px; --smush-placeholder-aspect-ratio: 1200\/677;\" \/><figcaption class=\"wp-element-caption\">Foto: \u018flik\u00f6vs\u0259r \u0130mamverdiyevin \u015f\u0259xsi arxivind\u0259n<\/figcaption><\/figure>\n\n\n\n<p>M\u0259s\u0259l\u0259 il\u0259 \u0259laq\u0259dar \u201cSea Breeze\u201dd\u0259n m\u00fcnasib\u0259t \u00f6yr\u0259nm\u0259k m\u00fcmk\u00fcn olmay\u0131b.<\/p>\n\n\n\n<p>\u018fmlak m\u0259s\u0259l\u0259l\u0259ri \u00fczr\u0259 ekspert Ramil Qas\u0131mzad\u0259 Meydan TV-y\u0259 deyir ki, v\u0259t\u0259nda\u015f Milli Arxiv \u0130dar\u0259sind\u0259n ald\u0131\u011f\u0131 s\u0259n\u0259di \u018fmlak M\u0259s\u0259l\u0259l\u0259ri \u00fczr\u0259 D\u00f6vl\u0259t Reyestr Xidm\u0259tin\u0259 t\u0259qdim etm\u0259kl\u0259 \u00e7\u0131xar\u0131\u015f ala bil\u0259r.<\/p>\n\n\n\n<p><em>\u201cV\u0259t\u0259nda\u015f \u00e7\u0131xar\u0131\u015f\u0131 alandan sonra birba\u015fa onun torpaq sah\u0259si \u00fcz\u0259rind\u0259 tikilil\u0259rin apar\u0131lmas\u0131, dayand\u0131r\u0131lmas\u0131 v\u0259 ona kompensasiyan\u0131n \u00f6d\u0259nilm\u0259si il\u0259 ba\u011fl\u0131 m\u0259hk\u0259m\u0259y\u0259 m\u00fcraci\u0259t ed\u0259 bil\u0259r\u201d, <\/em>&#8211;&nbsp; ekspert bildirib.<\/p>\n\n\n\n<p>1996-c\u0131 ild\u0259 Az\u0259rbaycanda&nbsp; \u201cTorpaq islahat\u0131 haqq\u0131nda\u201d qanun q\u00fcvv\u0259y\u0259 minib. M\u0259qs\u0259d torpaqlar\u0131n v\u0259t\u0259nda\u015flar\u0131n m\u00fclkiyy\u0259tin\u0259 verilm\u0259si olub. Lakin bu prosesd\u0259 zaman-zaman m\u00fcxt\u0259lif qanunsuzluqlar v\u0259 \u00f6zba\u015f\u0131nal\u0131qlar da <a href=\"https:\/\/storage.googleapis.com\/qurium\/www.meydan.tv\/az-article-lenkeran-sakini-30-il-istifadesinde-olan-torpagin-elinden-alinib-sehid-ailesine-verildiyini-deyir.html\" target=\"_blank\" rel=\"noreferrer noopener\">m\u00fc\u015fahid\u0259 edilib<\/a>.<\/p>\n\n\n\n<p>B\u0259zi hallarda torpaqlar s\u0259n\u0259dsiz sat\u0131l\u0131b, r\u0259smi \u00e7\u0131xar\u0131\u015flar verilm\u0259yib v\u0259 ya torpaq sahibl\u0259rinin raz\u0131l\u0131\u011f\u0131 olmadan \u0259razil\u0259r <a href=\"https:\/\/storage.googleapis.com\/qurium\/www.meydan.tv\/az-article-lenkeran-sakini-30-il-istifadesinde-olan-torpagin-elinden-alinib-sehid-ailesine-verildiyini-deyir.html\" target=\"_blank\" rel=\"noreferrer noopener\">al\u0131n\u0131b<\/a>. Torpaq b\u00f6lg\u00fcs\u00fcnd\u0259 \u0259dal\u0259tsizlik hallar\u0131, arxiv s\u0259n\u0259dl\u0259rinin h\u00fcquqi q\u00fcvv\u0259sinin tan\u0131nmamas\u0131 v\u0259 b\u0259l\u0259diyy\u0259l\u0259r t\u0259r\u0259find\u0259n \u015f\u0259ffaf olmayan sat\u0131\u015flar da bu sah\u0259d\u0259 probleml\u0259r\u0259 s\u0259b\u0259b olub. Bu s\u0259b\u0259bd\u0259n torpaq m\u00fclkiyy\u0259ti il\u0259 ba\u011fl\u0131 m\u00fcbahis\u0259l\u0259r bu g\u00fcn d\u0259 aktual olaraq qal\u0131r.<\/p>\n","protected":false},"excerpt":{"rendered":"<p>V\u0259t\u0259nda\u015f iddia edir ki, \u201cSea Breeze\u201d \u015firk\u0259ti onun miras torpa\u011f\u0131n\u0131 &#8230; <\/p>\n<p class=\"read-more-container\"><a title=\"Torpa\u011f\u0131 \u0259lind\u0259n al\u0131nan K\u00fcrd\u0259xan\u0131 sakini: \u201cEmin A\u011falarovla g\u00f6r\u00fc\u015fm\u0259y\u0259 icaz\u0259 vermirl\u0259r\u201d\" class=\"read-more button\" href=\"https:\/\/www.meydan.tv\/az\/article\/torpagi-%c9%99lind%c9%99n-alinan-kurd%c9%99xani-sakini-emin-agalarovla-gorusm%c9%99y%c9%99-icaz%c9%99-vermirl%c9%99r\/#more-332121\" aria-label=\"Read more about Torpa\u011f\u0131 \u0259lind\u0259n al\u0131nan K\u00fcrd\u0259xan\u0131 sakini: \u201cEmin A\u011falarovla g\u00f6r\u00fc\u015fm\u0259y\u0259 icaz\u0259 vermirl\u0259r\u201d\">Davam\u0131<\/a><\/p>\n","protected":false},"author":16,"featured_media":332122,"comment_status":"closed","ping_status":"closed","sticky":false,"template":"","format":"standard","meta":{"_acf_changed":false,"_sitemap_exclude":false,"_sitemap_priority":"","_sitemap_frequency":"","footnotes":""},"categories":[62,79,56],"tags":[],"class_list":["post-332121","post","type-post","status-publish","format-standard","has-post-thumbnail","hentry","category-sosial","category-featured","category-xeberler","infinite-scroll-item","generate-columns","tablet-grid-50","mobile-grid-100","grid-parent","grid-33","no-featured-image-padding"],"acf":[],"yoast_head":"<!-- This site is optimized with the Yoast SEO plugin v27.4 - https:\/\/yoast.com\/product\/yoast-seo-wordpress\/ -->\n<title>Torpa\u011f\u0131 \u0259lind\u0259n al\u0131nan K\u00fcrd\u0259xan\u0131 sakini: \u201cEmin A\u011falarovla g\u00f6r\u00fc\u015fm\u0259y\u0259 icaz\u0259 vermirl\u0259r\u201d - MEYDAN.TV<\/title>\n<meta name=\"robots\" content=\"index, follow, max-snippet:-1, max-image-preview:large, max-video-preview:-1\" \/>\n<link rel=\"canonical\" href=\"https:\/\/www.meydan.tv\/az\/article\/torpagi-%c9%99lind%c9%99n-alinan-kurd%c9%99xani-sakini-emin-agalarovla-gorusm%c9%99y%c9%99-icaz%c9%99-vermirl%c9%99r\/\" \/>\n<meta property=\"og:locale\" content=\"az_AZ\" \/>\n<meta property=\"og:type\" content=\"article\" \/>\n<meta property=\"og:title\" content=\"Torpa\u011f\u0131 \u0259lind\u0259n al\u0131nan K\u00fcrd\u0259xan\u0131 sakini: \u201cEmin A\u011falarovla g\u00f6r\u00fc\u015fm\u0259y\u0259 icaz\u0259 vermirl\u0259r\u201d - MEYDAN.TV\" \/>\n<meta property=\"og:description\" content=\"V\u0259t\u0259nda\u015f iddia edir ki, \u201cSea Breeze\u201d \u015firk\u0259ti onun miras torpa\u011f\u0131n\u0131 ... Davam\u0131\" \/>\n<meta property=\"og:url\" content=\"https:\/\/www.meydan.tv\/az\/article\/torpagi-%c9%99lind%c9%99n-alinan-kurd%c9%99xani-sakini-emin-agalarovla-gorusm%c9%99y%c9%99-icaz%c9%99-vermirl%c9%99r\/\" \/>\n<meta property=\"og:site_name\" content=\"MEYDAN.TV\" \/>\n<meta property=\"article:published_time\" content=\"2025-06-21T13:51:21+00:00\" \/>\n<meta property=\"article:modified_time\" content=\"2025-06-21T13:51:28+00:00\" \/>\n<meta property=\"og:image\" content=\"https:\/\/www.meydan.tv\/wp-content\/uploads\/elikovser2.jpg\" \/>\n\t<meta property=\"og:image:width\" content=\"1600\" \/>\n\t<meta property=\"og:image:height\" content=\"736\" \/>\n\t<meta property=\"og:image:type\" content=\"image\/jpeg\" \/>\n<meta name=\"author\" content=\"sevda\" \/>\n<meta name=\"twitter:card\" content=\"summary_large_image\" \/>\n<script type=\"application\/ld+json\" class=\"yoast-schema-graph\">{\"@context\":\"https:\\\/\\\/schema.org\",\"@graph\":[{\"@type\":\"Article\",\"@id\":\"https:\\\/\\\/www.meydan.tv\\\/az\\\/article\\\/torpagi-%c9%99lind%c9%99n-alinan-kurd%c9%99xani-sakini-emin-agalarovla-gorusm%c9%99y%c9%99-icaz%c9%99-vermirl%c9%99r\\\/#article\",\"isPartOf\":{\"@id\":\"https:\\\/\\\/www.meydan.tv\\\/az\\\/article\\\/torpagi-%c9%99lind%c9%99n-alinan-kurd%c9%99xani-sakini-emin-agalarovla-gorusm%c9%99y%c9%99-icaz%c9%99-vermirl%c9%99r\\\/\"},\"author\":{\"name\":\"sevda\",\"@id\":\"https:\\\/\\\/www.meydan.tv\\\/az\\\/#\\\/schema\\\/person\\\/49b5f2bad5b126bb8ea9320eeb3e4dc9\"},\"headline\":\"Torpa\u011f\u0131 \u0259lind\u0259n al\u0131nan K\u00fcrd\u0259xan\u0131 sakini: \u201cEmin A\u011falarovla g\u00f6r\u00fc\u015fm\u0259y\u0259 icaz\u0259 vermirl\u0259r\u201d\",\"datePublished\":\"2025-06-21T13:51:21+00:00\",\"dateModified\":\"2025-06-21T13:51:28+00:00\",\"mainEntityOfPage\":{\"@id\":\"https:\\\/\\\/www.meydan.tv\\\/az\\\/article\\\/torpagi-%c9%99lind%c9%99n-alinan-kurd%c9%99xani-sakini-emin-agalarovla-gorusm%c9%99y%c9%99-icaz%c9%99-vermirl%c9%99r\\\/\"},\"wordCount\":944,\"publisher\":{\"@id\":\"https:\\\/\\\/www.meydan.tv\\\/az\\\/#organization\"},\"image\":{\"@id\":\"https:\\\/\\\/www.meydan.tv\\\/az\\\/article\\\/torpagi-%c9%99lind%c9%99n-alinan-kurd%c9%99xani-sakini-emin-agalarovla-gorusm%c9%99y%c9%99-icaz%c9%99-vermirl%c9%99r\\\/#primaryimage\"},\"thumbnailUrl\":\"https:\\\/\\\/www.meydan.tv\\\/wp-content\\\/uploads\\\/elikovser2.jpg\",\"articleSection\":[\"Sosial\",\"T\u00f6vsiy\u0259\",\"X\u0259b\u0259rl\u0259r\"],\"inLanguage\":\"az\"},{\"@type\":\"WebPage\",\"@id\":\"https:\\\/\\\/www.meydan.tv\\\/az\\\/article\\\/torpagi-%c9%99lind%c9%99n-alinan-kurd%c9%99xani-sakini-emin-agalarovla-gorusm%c9%99y%c9%99-icaz%c9%99-vermirl%c9%99r\\\/\",\"url\":\"https:\\\/\\\/www.meydan.tv\\\/az\\\/article\\\/torpagi-%c9%99lind%c9%99n-alinan-kurd%c9%99xani-sakini-emin-agalarovla-gorusm%c9%99y%c9%99-icaz%c9%99-vermirl%c9%99r\\\/\",\"name\":\"Torpa\u011f\u0131 \u0259lind\u0259n al\u0131nan K\u00fcrd\u0259xan\u0131 sakini: \u201cEmin A\u011falarovla g\u00f6r\u00fc\u015fm\u0259y\u0259 icaz\u0259 vermirl\u0259r\u201d - MEYDAN.TV\",\"isPartOf\":{\"@id\":\"https:\\\/\\\/www.meydan.tv\\\/az\\\/#website\"},\"primaryImageOfPage\":{\"@id\":\"https:\\\/\\\/www.meydan.tv\\\/az\\\/article\\\/torpagi-%c9%99lind%c9%99n-alinan-kurd%c9%99xani-sakini-emin-agalarovla-gorusm%c9%99y%c9%99-icaz%c9%99-vermirl%c9%99r\\\/#primaryimage\"},\"image\":{\"@id\":\"https:\\\/\\\/www.meydan.tv\\\/az\\\/article\\\/torpagi-%c9%99lind%c9%99n-alinan-kurd%c9%99xani-sakini-emin-agalarovla-gorusm%c9%99y%c9%99-icaz%c9%99-vermirl%c9%99r\\\/#primaryimage\"},\"thumbnailUrl\":\"https:\\\/\\\/www.meydan.tv\\\/wp-content\\\/uploads\\\/elikovser2.jpg\",\"datePublished\":\"2025-06-21T13:51:21+00:00\",\"dateModified\":\"2025-06-21T13:51:28+00:00\",\"breadcrumb\":{\"@id\":\"https:\\\/\\\/www.meydan.tv\\\/az\\\/article\\\/torpagi-%c9%99lind%c9%99n-alinan-kurd%c9%99xani-sakini-emin-agalarovla-gorusm%c9%99y%c9%99-icaz%c9%99-vermirl%c9%99r\\\/#breadcrumb\"},\"inLanguage\":\"az\",\"potentialAction\":[{\"@type\":\"ReadAction\",\"target\":[\"https:\\\/\\\/www.meydan.tv\\\/az\\\/article\\\/torpagi-%c9%99lind%c9%99n-alinan-kurd%c9%99xani-sakini-emin-agalarovla-gorusm%c9%99y%c9%99-icaz%c9%99-vermirl%c9%99r\\\/\"]}]},{\"@type\":\"ImageObject\",\"inLanguage\":\"az\",\"@id\":\"https:\\\/\\\/www.meydan.tv\\\/az\\\/article\\\/torpagi-%c9%99lind%c9%99n-alinan-kurd%c9%99xani-sakini-emin-agalarovla-gorusm%c9%99y%c9%99-icaz%c9%99-vermirl%c9%99r\\\/#primaryimage\",\"url\":\"https:\\\/\\\/www.meydan.tv\\\/wp-content\\\/uploads\\\/elikovser2.jpg\",\"contentUrl\":\"https:\\\/\\\/www.meydan.tv\\\/wp-content\\\/uploads\\\/elikovser2.jpg\",\"width\":1600,\"height\":736,\"caption\":\"Foto: \u018flik\u00f6vs\u0259r \u0130mamverdiyevin \u015f\u0259xsi arxivind\u0259n\"},{\"@type\":\"BreadcrumbList\",\"@id\":\"https:\\\/\\\/www.meydan.tv\\\/az\\\/article\\\/torpagi-%c9%99lind%c9%99n-alinan-kurd%c9%99xani-sakini-emin-agalarovla-gorusm%c9%99y%c9%99-icaz%c9%99-vermirl%c9%99r\\\/#breadcrumb\",\"itemListElement\":[{\"@type\":\"ListItem\",\"position\":1,\"name\":\"Ana s\u0259hif\u0259\",\"item\":\"https:\\\/\\\/www.meydan.tv\\\/az\\\/\"},{\"@type\":\"ListItem\",\"position\":2,\"name\":\"X\u0259b\u0259rl\u0259r\",\"item\":\"https:\\\/\\\/www.meydan.tv\\\/az\\\/section\\\/xeberler\\\/\"},{\"@type\":\"ListItem\",\"position\":3,\"name\":\"Torpa\u011f\u0131 \u0259lind\u0259n al\u0131nan K\u00fcrd\u0259xan\u0131 sakini: \u201cEmin A\u011falarovla g\u00f6r\u00fc\u015fm\u0259y\u0259 icaz\u0259 vermirl\u0259r\u201d\"}]},{\"@type\":\"WebSite\",\"@id\":\"https:\\\/\\\/www.meydan.tv\\\/az\\\/#website\",\"url\":\"https:\\\/\\\/www.meydan.tv\\\/az\\\/\",\"name\":\"MEYDAN.TV\",\"description\":\"Meydan TV Az\u0259rbaycan\u0131n media m\u0259kan\u0131ndak\u0131 alternativ s\u0259sidir\",\"publisher\":{\"@id\":\"https:\\\/\\\/www.meydan.tv\\\/az\\\/#organization\"},\"potentialAction\":[{\"@type\":\"SearchAction\",\"target\":{\"@type\":\"EntryPoint\",\"urlTemplate\":\"https:\\\/\\\/www.meydan.tv\\\/az\\\/?s={search_term_string}\"},\"query-input\":{\"@type\":\"PropertyValueSpecification\",\"valueRequired\":true,\"valueName\":\"search_term_string\"}}],\"inLanguage\":\"az\"},{\"@type\":\"Organization\",\"@id\":\"https:\\\/\\\/www.meydan.tv\\\/az\\\/#organization\",\"name\":\"Meydan TV\",\"url\":\"https:\\\/\\\/www.meydan.tv\\\/az\\\/\",\"logo\":{\"@type\":\"ImageObject\",\"inLanguage\":\"az\",\"@id\":\"https:\\\/\\\/www.meydan.tv\\\/az\\\/#\\\/schema\\\/logo\\\/image\\\/\",\"url\":\"https:\\\/\\\/www.meydan.tv\\\/wp-content\\\/uploads\\\/2021\\\/07\\\/meydan-logo.svg\",\"contentUrl\":\"https:\\\/\\\/www.meydan.tv\\\/wp-content\\\/uploads\\\/2021\\\/07\\\/meydan-logo.svg\",\"width\":195,\"height\":46,\"caption\":\"Meydan TV\"},\"image\":{\"@id\":\"https:\\\/\\\/www.meydan.tv\\\/az\\\/#\\\/schema\\\/logo\\\/image\\\/\"}},{\"@type\":\"Person\",\"@id\":\"https:\\\/\\\/www.meydan.tv\\\/az\\\/#\\\/schema\\\/person\\\/49b5f2bad5b126bb8ea9320eeb3e4dc9\",\"name\":\"sevda\"}]}<\/script>\n<!-- \/ Yoast SEO plugin. -->","yoast_head_json":{"title":"Torpa\u011f\u0131 \u0259lind\u0259n al\u0131nan K\u00fcrd\u0259xan\u0131 sakini: \u201cEmin A\u011falarovla g\u00f6r\u00fc\u015fm\u0259y\u0259 icaz\u0259 vermirl\u0259r\u201d - MEYDAN.TV","robots":{"index":"index","follow":"follow","max-snippet":"max-snippet:-1","max-image-preview":"max-image-preview:large","max-video-preview":"max-video-preview:-1"},"canonical":"https:\/\/www.meydan.tv\/az\/article\/torpagi-%c9%99lind%c9%99n-alinan-kurd%c9%99xani-sakini-emin-agalarovla-gorusm%c9%99y%c9%99-icaz%c9%99-vermirl%c9%99r\/","og_locale":"az_AZ","og_type":"article","og_title":"Torpa\u011f\u0131 \u0259lind\u0259n al\u0131nan K\u00fcrd\u0259xan\u0131 sakini: \u201cEmin A\u011falarovla g\u00f6r\u00fc\u015fm\u0259y\u0259 icaz\u0259 vermirl\u0259r\u201d - MEYDAN.TV","og_description":"V\u0259t\u0259nda\u015f iddia edir ki, \u201cSea Breeze\u201d \u015firk\u0259ti onun miras torpa\u011f\u0131n\u0131 ... Davam\u0131","og_url":"https:\/\/www.meydan.tv\/az\/article\/torpagi-%c9%99lind%c9%99n-alinan-kurd%c9%99xani-sakini-emin-agalarovla-gorusm%c9%99y%c9%99-icaz%c9%99-vermirl%c9%99r\/","og_site_name":"MEYDAN.TV","article_published_time":"2025-06-21T13:51:21+00:00","article_modified_time":"2025-06-21T13:51:28+00:00","og_image":[{"width":1600,"height":736,"url":"https:\/\/www.meydan.tv\/wp-content\/uploads\/elikovser2.jpg","type":"image\/jpeg"}],"author":"sevda","twitter_card":"summary_large_image","schema":{"@context":"https:\/\/schema.org","@graph":[{"@type":"Article","@id":"https:\/\/www.meydan.tv\/az\/article\/torpagi-%c9%99lind%c9%99n-alinan-kurd%c9%99xani-sakini-emin-agalarovla-gorusm%c9%99y%c9%99-icaz%c9%99-vermirl%c9%99r\/#article","isPartOf":{"@id":"https:\/\/www.meydan.tv\/az\/article\/torpagi-%c9%99lind%c9%99n-alinan-kurd%c9%99xani-sakini-emin-agalarovla-gorusm%c9%99y%c9%99-icaz%c9%99-vermirl%c9%99r\/"},"author":{"name":"sevda","@id":"https:\/\/www.meydan.tv\/az\/#\/schema\/person\/49b5f2bad5b126bb8ea9320eeb3e4dc9"},"headline":"Torpa\u011f\u0131 \u0259lind\u0259n al\u0131nan K\u00fcrd\u0259xan\u0131 sakini: \u201cEmin A\u011falarovla g\u00f6r\u00fc\u015fm\u0259y\u0259 icaz\u0259 vermirl\u0259r\u201d","datePublished":"2025-06-21T13:51:21+00:00","dateModified":"2025-06-21T13:51:28+00:00","mainEntityOfPage":{"@id":"https:\/\/www.meydan.tv\/az\/article\/torpagi-%c9%99lind%c9%99n-alinan-kurd%c9%99xani-sakini-emin-agalarovla-gorusm%c9%99y%c9%99-icaz%c9%99-vermirl%c9%99r\/"},"wordCount":944,"publisher":{"@id":"https:\/\/www.meydan.tv\/az\/#organization"},"image":{"@id":"https:\/\/www.meydan.tv\/az\/article\/torpagi-%c9%99lind%c9%99n-alinan-kurd%c9%99xani-sakini-emin-agalarovla-gorusm%c9%99y%c9%99-icaz%c9%99-vermirl%c9%99r\/#primaryimage"},"thumbnailUrl":"https:\/\/www.meydan.tv\/wp-content\/uploads\/elikovser2.jpg","articleSection":["Sosial","T\u00f6vsiy\u0259","X\u0259b\u0259rl\u0259r"],"inLanguage":"az"},{"@type":"WebPage","@id":"https:\/\/www.meydan.tv\/az\/article\/torpagi-%c9%99lind%c9%99n-alinan-kurd%c9%99xani-sakini-emin-agalarovla-gorusm%c9%99y%c9%99-icaz%c9%99-vermirl%c9%99r\/","url":"https:\/\/www.meydan.tv\/az\/article\/torpagi-%c9%99lind%c9%99n-alinan-kurd%c9%99xani-sakini-emin-agalarovla-gorusm%c9%99y%c9%99-icaz%c9%99-vermirl%c9%99r\/","name":"Torpa\u011f\u0131 \u0259lind\u0259n al\u0131nan K\u00fcrd\u0259xan\u0131 sakini: \u201cEmin A\u011falarovla g\u00f6r\u00fc\u015fm\u0259y\u0259 icaz\u0259 vermirl\u0259r\u201d - MEYDAN.TV","isPartOf":{"@id":"https:\/\/www.meydan.tv\/az\/#website"},"primaryImageOfPage":{"@id":"https:\/\/www.meydan.tv\/az\/article\/torpagi-%c9%99lind%c9%99n-alinan-kurd%c9%99xani-sakini-emin-agalarovla-gorusm%c9%99y%c9%99-icaz%c9%99-vermirl%c9%99r\/#primaryimage"},"image":{"@id":"https:\/\/www.meydan.tv\/az\/article\/torpagi-%c9%99lind%c9%99n-alinan-kurd%c9%99xani-sakini-emin-agalarovla-gorusm%c9%99y%c9%99-icaz%c9%99-vermirl%c9%99r\/#primaryimage"},"thumbnailUrl":"https:\/\/www.meydan.tv\/wp-content\/uploads\/elikovser2.jpg","datePublished":"2025-06-21T13:51:21+00:00","dateModified":"2025-06-21T13:51:28+00:00","breadcrumb":{"@id":"https:\/\/www.meydan.tv\/az\/article\/torpagi-%c9%99lind%c9%99n-alinan-kurd%c9%99xani-sakini-emin-agalarovla-gorusm%c9%99y%c9%99-icaz%c9%99-vermirl%c9%99r\/#breadcrumb"},"inLanguage":"az","potentialAction":[{"@type":"ReadAction","target":["https:\/\/www.meydan.tv\/az\/article\/torpagi-%c9%99lind%c9%99n-alinan-kurd%c9%99xani-sakini-emin-agalarovla-gorusm%c9%99y%c9%99-icaz%c9%99-vermirl%c9%99r\/"]}]},{"@type":"ImageObject","inLanguage":"az","@id":"https:\/\/www.meydan.tv\/az\/article\/torpagi-%c9%99lind%c9%99n-alinan-kurd%c9%99xani-sakini-emin-agalarovla-gorusm%c9%99y%c9%99-icaz%c9%99-vermirl%c9%99r\/#primaryimage","url":"https:\/\/www.meydan.tv\/wp-content\/uploads\/elikovser2.jpg","contentUrl":"https:\/\/www.meydan.tv\/wp-content\/uploads\/elikovser2.jpg","width":1600,"height":736,"caption":"Foto: \u018flik\u00f6vs\u0259r \u0130mamverdiyevin \u015f\u0259xsi arxivind\u0259n"},{"@type":"BreadcrumbList","@id":"https:\/\/www.meydan.tv\/az\/article\/torpagi-%c9%99lind%c9%99n-alinan-kurd%c9%99xani-sakini-emin-agalarovla-gorusm%c9%99y%c9%99-icaz%c9%99-vermirl%c9%99r\/#breadcrumb","itemListElement":[{"@type":"ListItem","position":1,"name":"Ana s\u0259hif\u0259","item":"https:\/\/www.meydan.tv\/az\/"},{"@type":"ListItem","position":2,"name":"X\u0259b\u0259rl\u0259r","item":"https:\/\/www.meydan.tv\/az\/section\/xeberler\/"},{"@type":"ListItem","position":3,"name":"Torpa\u011f\u0131 \u0259lind\u0259n al\u0131nan K\u00fcrd\u0259xan\u0131 sakini: \u201cEmin A\u011falarovla g\u00f6r\u00fc\u015fm\u0259y\u0259 icaz\u0259 vermirl\u0259r\u201d"}]},{"@type":"WebSite","@id":"https:\/\/www.meydan.tv\/az\/#website","url":"https:\/\/www.meydan.tv\/az\/","name":"MEYDAN.TV","description":"Meydan TV Az\u0259rbaycan\u0131n media m\u0259kan\u0131ndak\u0131 alternativ s\u0259sidir","publisher":{"@id":"https:\/\/www.meydan.tv\/az\/#organization"},"potentialAction":[{"@type":"SearchAction","target":{"@type":"EntryPoint","urlTemplate":"https:\/\/www.meydan.tv\/az\/?s={search_term_string}"},"query-input":{"@type":"PropertyValueSpecification","valueRequired":true,"valueName":"search_term_string"}}],"inLanguage":"az"},{"@type":"Organization","@id":"https:\/\/www.meydan.tv\/az\/#organization","name":"Meydan TV","url":"https:\/\/www.meydan.tv\/az\/","logo":{"@type":"ImageObject","inLanguage":"az","@id":"https:\/\/www.meydan.tv\/az\/#\/schema\/logo\/image\/","url":"https:\/\/www.meydan.tv\/wp-content\/uploads\/2021\/07\/meydan-logo.svg","contentUrl":"https:\/\/www.meydan.tv\/wp-content\/uploads\/2021\/07\/meydan-logo.svg","width":195,"height":46,"caption":"Meydan TV"},"image":{"@id":"https:\/\/www.meydan.tv\/az\/#\/schema\/logo\/image\/"}},{"@type":"Person","@id":"https:\/\/www.meydan.tv\/az\/#\/schema\/person\/49b5f2bad5b126bb8ea9320eeb3e4dc9","name":"sevda"}]}},"_links":{"self":[{"href":"https:\/\/www.meydan.tv\/az\/wp-json\/wp\/v2\/posts\/332121","targetHints":{"allow":["GET"]}}],"collection":[{"href":"https:\/\/www.meydan.tv\/az\/wp-json\/wp\/v2\/posts"}],"about":[{"href":"https:\/\/www.meydan.tv\/az\/wp-json\/wp\/v2\/types\/post"}],"author":[{"embeddable":true,"href":"https:\/\/www.meydan.tv\/az\/wp-json\/wp\/v2\/users\/16"}],"replies":[{"embeddable":true,"href":"https:\/\/www.meydan.tv\/az\/wp-json\/wp\/v2\/comments?post=332121"}],"version-history":[{"count":7,"href":"https:\/\/www.meydan.tv\/az\/wp-json\/wp\/v2\/posts\/332121\/revisions"}],"predecessor-version":[{"id":332158,"href":"https:\/\/www.meydan.tv\/az\/wp-json\/wp\/v2\/posts\/332121\/revisions\/332158"}],"wp:featuredmedia":[{"embeddable":true,"href":"https:\/\/www.meydan.tv\/az\/wp-json\/wp\/v2\/media\/332122"}],"wp:attachment":[{"href":"https:\/\/www.meydan.tv\/az\/wp-json\/wp\/v2\/media?parent=332121"}],"wp:term":[{"taxonomy":"category","embeddable":true,"href":"https:\/\/www.meydan.tv\/az\/wp-json\/wp\/v2\/categories?post=332121"},{"taxonomy":"post_tag","embeddable":true,"href":"https:\/\/www.meydan.tv\/az\/wp-json\/wp\/v2\/tags?post=332121"}],"curies":[{"name":"wp","href":"https:\/\/api.w.org\/{rel}","templated":true}]}}