{"id":332076,"date":"2025-06-20T16:03:48","date_gmt":"2025-06-20T12:03:48","guid":{"rendered":"https:\/\/www.meydan.tv\/?p=332076"},"modified":"2025-06-20T17:51:45","modified_gmt":"2025-06-20T13:51:45","slug":"erm%c9%99nistanin-bas-naziri-nikol-pasinyan-istanbuldadi","status":"publish","type":"post","link":"https:\/\/www.meydan.tv\/az\/article\/erm%c9%99nistanin-bas-naziri-nikol-pasinyan-istanbuldadi\/","title":{"rendered":"Erm\u0259nistan\u0131n Ba\u015f naziri Nikol Pa\u015finyan \u0130stanbuldad\u0131r"},"content":{"rendered":"\n<p><\/p>\n\n\n\n<p>Erm\u0259nistan\u0131n Ba\u015f naziri Nikol Pa\u015finyan, T\u00fcrkiy\u0259 Prezidenti R\u0259c\u0259b Tayyib \u018frdo\u011fan\u0131n d\u0259v\u0259ti il\u0259 \u0130stanbulda <a href=\"https:\/\/www.bbc.com\/turkce\/articles\/c5yg35glvq0o.amp\" target=\"_blank\" rel=\"noreferrer noopener\">s\u0259f\u0259rd\u0259dir<\/a>.<\/p>\n\n\n\n<p>\u0130yunun 20-d\u0259 \u018frdo\u011fan v\u0259 Pa\u015finyan \u0130stanbulda, Dolmaba\u011f\u00e7a Saray\u0131nda g\u00f6r\u00fc\u015f\u0259c\u0259kl\u0259r.<\/p>\n\n\n\n<p>G\u00f6r\u00fc\u015f\u00fcn Prezident \u0130lham \u018fliyevin T\u00fcrkiy\u0259y\u0259 s\u0259f\u0259rind\u0259n d\u0259rhal sonra ba\u015f tutmas\u0131 da diqq\u0259t \u00e7\u0259kir.<\/p>\n\n\n\n<p>\u018frdo\u011fan v\u0259 \u018fliyev iyunun 19-da Kahramanmara\u015fda \u201cAz\u0259rbaycan m\u0259h\u0259ll\u0259si\u201dnin a\u00e7\u0131l\u0131\u015f\u0131nda i\u015ftirak edibl\u0259r.<\/p>\n\n\n\n<p>Pa\u015finyan, bu h\u0259ft\u0259 Praqada ke\u00e7iril\u0259n t\u0259dbird\u0259 T\u00fcrkiy\u0259 v\u0259 Az\u0259rbaycanla apar\u0131lan dan\u0131\u015f\u0131qlar\u0131 m\u00fcsb\u0259t qiym\u0259tl\u0259ndirib, dialoqun \u0259vv\u0259lki ill\u0259rl\u0259 m\u00fcqayis\u0259d\u0259 daha \u015f\u0259ffaf v\u0259 birba\u015fa \u015f\u0259kild\u0259 apar\u0131ld\u0131\u011f\u0131n\u0131 bildirib.<\/p>\n\n\n\n<p>Pa\u015finyan s\u0259f\u0259rinin \u201ctarixi\u201d oldu\u011funu deyib. Bu s\u0259viyy\u0259d\u0259 ilk r\u0259smi s\u0259f\u0259rin Erm\u0259nistan-T\u00fcrkiy\u0259 m\u00fcnasib\u0259tl\u0259rind\u0259 yeni m\u0259rh\u0259l\u0259nin ba\u015flan\u011f\u0131c\u0131 ola bil\u0259c\u0259yini vur\u011fulay\u0131b.<\/p>\n\n\n\n<p>T\u0259r\u0259fl\u0259r aras\u0131nda 2021-ci ild\u0259n b\u0259ri davam ed\u0259n normalla\u015fma prosesind\u0259 h\u0259l\u0259lik tam diplomatik \u0259laq\u0259l\u0259rin qurulmas\u0131 v\u0259 s\u0259rh\u0259dl\u0259rin a\u00e7\u0131lmas\u0131 kimi m\u0259s\u0259l\u0259l\u0259rd\u0259 konkret raz\u0131la\u015fmalar \u0259ld\u0259 olunmasa da, m\u00fcsb\u0259t ir\u0259lil\u0259yi\u015fl\u0259rin oldu\u011fu deyilir.<\/p>\n\n\n\n<p>Ankara 1993-c\u00fc ild\u0259 Da\u011fl\u0131q Qaraba\u011f m\u00fcnaqi\u015f\u0259sind\u0259 Az\u0259rbaycana d\u0259st\u0259k olaraq Erm\u0259nistanla s\u0259rh\u0259dini ba\u011flam\u0131\u015fd\u0131.<\/p>\n\n\n\n<p>T\u00fcrkiy\u0259 \u015f\u0259rq s\u0259rh\u0259dini yenid\u0259n a\u00e7maq ist\u0259diyini, ancaq Erm\u0259nistan\u0131n T\u00fcrkiy\u0259nin m\u0259d\u0259ni v\u0259 dil \u0259laq\u0259l\u0259ri olan Az\u0259rbaycanla s\u00fclh m\u00fcqavil\u0259si imzalamas\u0131 \u015f\u0259rti il\u0259 oldu\u011funu bildirmi\u015fdi.<\/p>\n\n\n\n<p>G\u00f6r\u00fc\u015fd\u0259 h\u0259m d\u0259 \u0130ran-\u0130srail g\u0259rginliyi, regional t\u0259hl\u00fck\u0259sizlik, C\u0259nubi Qafqazda n\u0259qliyyat layih\u0259l\u0259ri v\u0259 iqtisadi \u0259m\u0259kda\u015fl\u0131q imkanlar\u0131 da m\u00fczakir\u0259 olunaca\u011f\u0131 bildirilir.<\/p>\n","protected":false},"excerpt":{"rendered":"<p>Erm\u0259nistan\u0131n Ba\u015f naziri Nikol Pa\u015finyan, T\u00fcrkiy\u0259 Prezidenti R\u0259c\u0259b Tayyib \u018frdo\u011fan\u0131n &#8230; <\/p>\n<p class=\"read-more-container\"><a title=\"Erm\u0259nistan\u0131n Ba\u015f naziri Nikol Pa\u015finyan \u0130stanbuldad\u0131r\" class=\"read-more button\" href=\"https:\/\/www.meydan.tv\/az\/article\/erm%c9%99nistanin-bas-naziri-nikol-pasinyan-istanbuldadi\/#more-332076\" aria-label=\"Read more about Erm\u0259nistan\u0131n Ba\u015f naziri Nikol Pa\u015finyan \u0130stanbuldad\u0131r\">Davam\u0131<\/a><\/p>\n","protected":false},"author":16,"featured_media":264971,"comment_status":"closed","ping_status":"closed","sticky":false,"template":"","format":"standard","meta":{"_acf_changed":false,"_sitemap_exclude":false,"_sitemap_priority":"","_sitemap_frequency":"","footnotes":""},"categories":[64,59,79,56],"tags":[],"class_list":["post-332076","post","type-post","status-publish","format-standard","has-post-thumbnail","hentry","category-dunya","category-siyaset","category-featured","category-xeberler","infinite-scroll-item","generate-columns","tablet-grid-50","mobile-grid-100","grid-parent","grid-33","no-featured-image-padding"],"acf":[],"yoast_head":"<!-- This site is optimized with the Yoast SEO plugin v27.5 - https:\/\/yoast.com\/product\/yoast-seo-wordpress\/ -->\n<title>Erm\u0259nistan\u0131n Ba\u015f naziri Nikol Pa\u015finyan \u0130stanbuldad\u0131r - MEYDAN.TV<\/title>\n<meta name=\"robots\" content=\"index, follow, max-snippet:-1, max-image-preview:large, max-video-preview:-1\" \/>\n<link rel=\"canonical\" href=\"https:\/\/www.meydan.tv\/az\/article\/erm%c9%99nistanin-bas-naziri-nikol-pasinyan-istanbuldadi\/\" \/>\n<meta property=\"og:locale\" content=\"az_AZ\" \/>\n<meta property=\"og:type\" content=\"article\" \/>\n<meta property=\"og:title\" content=\"Erm\u0259nistan\u0131n Ba\u015f naziri Nikol Pa\u015finyan \u0130stanbuldad\u0131r - MEYDAN.TV\" \/>\n<meta property=\"og:description\" content=\"Erm\u0259nistan\u0131n Ba\u015f naziri Nikol Pa\u015finyan, T\u00fcrkiy\u0259 Prezidenti R\u0259c\u0259b Tayyib \u018frdo\u011fan\u0131n ... Davam\u0131\" \/>\n<meta property=\"og:url\" content=\"https:\/\/www.meydan.tv\/az\/article\/erm%c9%99nistanin-bas-naziri-nikol-pasinyan-istanbuldadi\/\" \/>\n<meta property=\"og:site_name\" content=\"MEYDAN.TV\" \/>\n<meta property=\"article:published_time\" content=\"2025-06-20T12:03:48+00:00\" \/>\n<meta property=\"article:modified_time\" content=\"2025-06-20T13:51:45+00:00\" \/>\n<meta property=\"og:image\" content=\"https:\/\/www.meydan.tv\/wp-content\/uploads\/img_9479_720-e1692778858857.jpg\" \/>\n\t<meta property=\"og:image:width\" content=\"1200\" \/>\n\t<meta property=\"og:image:height\" content=\"528\" \/>\n\t<meta property=\"og:image:type\" content=\"image\/jpeg\" \/>\n<meta name=\"author\" content=\"sevda\" \/>\n<meta name=\"twitter:card\" content=\"summary_large_image\" \/>\n<script type=\"application\/ld+json\" class=\"yoast-schema-graph\">{\"@context\":\"https:\\\/\\\/schema.org\",\"@graph\":[{\"@type\":\"Article\",\"@id\":\"https:\\\/\\\/www.meydan.tv\\\/az\\\/article\\\/erm%c9%99nistanin-bas-naziri-nikol-pasinyan-istanbuldadi\\\/#article\",\"isPartOf\":{\"@id\":\"https:\\\/\\\/www.meydan.tv\\\/az\\\/article\\\/erm%c9%99nistanin-bas-naziri-nikol-pasinyan-istanbuldadi\\\/\"},\"author\":{\"name\":\"sevda\",\"@id\":\"https:\\\/\\\/www.meydan.tv\\\/az\\\/#\\\/schema\\\/person\\\/49b5f2bad5b126bb8ea9320eeb3e4dc9\"},\"headline\":\"Erm\u0259nistan\u0131n Ba\u015f naziri Nikol Pa\u015finyan \u0130stanbuldad\u0131r\",\"datePublished\":\"2025-06-20T12:03:48+00:00\",\"dateModified\":\"2025-06-20T13:51:45+00:00\",\"mainEntityOfPage\":{\"@id\":\"https:\\\/\\\/www.meydan.tv\\\/az\\\/article\\\/erm%c9%99nistanin-bas-naziri-nikol-pasinyan-istanbuldadi\\\/\"},\"wordCount\":341,\"publisher\":{\"@id\":\"https:\\\/\\\/www.meydan.tv\\\/az\\\/#organization\"},\"image\":{\"@id\":\"https:\\\/\\\/www.meydan.tv\\\/az\\\/article\\\/erm%c9%99nistanin-bas-naziri-nikol-pasinyan-istanbuldadi\\\/#primaryimage\"},\"thumbnailUrl\":\"https:\\\/\\\/www.meydan.tv\\\/wp-content\\\/uploads\\\/img_9479_720-e1692778858857.jpg\",\"articleSection\":[\"D\u00fcnya\",\"Siyas\u0259t\",\"T\u00f6vsiy\u0259\",\"X\u0259b\u0259rl\u0259r\"],\"inLanguage\":\"az\"},{\"@type\":\"WebPage\",\"@id\":\"https:\\\/\\\/www.meydan.tv\\\/az\\\/article\\\/erm%c9%99nistanin-bas-naziri-nikol-pasinyan-istanbuldadi\\\/\",\"url\":\"https:\\\/\\\/www.meydan.tv\\\/az\\\/article\\\/erm%c9%99nistanin-bas-naziri-nikol-pasinyan-istanbuldadi\\\/\",\"name\":\"Erm\u0259nistan\u0131n Ba\u015f naziri Nikol Pa\u015finyan \u0130stanbuldad\u0131r - MEYDAN.TV\",\"isPartOf\":{\"@id\":\"https:\\\/\\\/www.meydan.tv\\\/az\\\/#website\"},\"primaryImageOfPage\":{\"@id\":\"https:\\\/\\\/www.meydan.tv\\\/az\\\/article\\\/erm%c9%99nistanin-bas-naziri-nikol-pasinyan-istanbuldadi\\\/#primaryimage\"},\"image\":{\"@id\":\"https:\\\/\\\/www.meydan.tv\\\/az\\\/article\\\/erm%c9%99nistanin-bas-naziri-nikol-pasinyan-istanbuldadi\\\/#primaryimage\"},\"thumbnailUrl\":\"https:\\\/\\\/www.meydan.tv\\\/wp-content\\\/uploads\\\/img_9479_720-e1692778858857.jpg\",\"datePublished\":\"2025-06-20T12:03:48+00:00\",\"dateModified\":\"2025-06-20T13:51:45+00:00\",\"breadcrumb\":{\"@id\":\"https:\\\/\\\/www.meydan.tv\\\/az\\\/article\\\/erm%c9%99nistanin-bas-naziri-nikol-pasinyan-istanbuldadi\\\/#breadcrumb\"},\"inLanguage\":\"az\",\"potentialAction\":[{\"@type\":\"ReadAction\",\"target\":[\"https:\\\/\\\/www.meydan.tv\\\/az\\\/article\\\/erm%c9%99nistanin-bas-naziri-nikol-pasinyan-istanbuldadi\\\/\"]}]},{\"@type\":\"ImageObject\",\"inLanguage\":\"az\",\"@id\":\"https:\\\/\\\/www.meydan.tv\\\/az\\\/article\\\/erm%c9%99nistanin-bas-naziri-nikol-pasinyan-istanbuldadi\\\/#primaryimage\",\"url\":\"https:\\\/\\\/www.meydan.tv\\\/wp-content\\\/uploads\\\/img_9479_720-e1692778858857.jpg\",\"contentUrl\":\"https:\\\/\\\/www.meydan.tv\\\/wp-content\\\/uploads\\\/img_9479_720-e1692778858857.jpg\",\"width\":1200,\"height\":528,\"caption\":\"Nikol Pa\u015finyan. \u0130ll\u00fcstrasiya: Meydan TV\"},{\"@type\":\"BreadcrumbList\",\"@id\":\"https:\\\/\\\/www.meydan.tv\\\/az\\\/article\\\/erm%c9%99nistanin-bas-naziri-nikol-pasinyan-istanbuldadi\\\/#breadcrumb\",\"itemListElement\":[{\"@type\":\"ListItem\",\"position\":1,\"name\":\"Ana s\u0259hif\u0259\",\"item\":\"https:\\\/\\\/www.meydan.tv\\\/az\\\/\"},{\"@type\":\"ListItem\",\"position\":2,\"name\":\"X\u0259b\u0259rl\u0259r\",\"item\":\"https:\\\/\\\/www.meydan.tv\\\/az\\\/section\\\/xeberler\\\/\"},{\"@type\":\"ListItem\",\"position\":3,\"name\":\"Erm\u0259nistan\u0131n Ba\u015f naziri Nikol Pa\u015finyan \u0130stanbuldad\u0131r\"}]},{\"@type\":\"WebSite\",\"@id\":\"https:\\\/\\\/www.meydan.tv\\\/az\\\/#website\",\"url\":\"https:\\\/\\\/www.meydan.tv\\\/az\\\/\",\"name\":\"MEYDAN.TV\",\"description\":\"Meydan TV Az\u0259rbaycan\u0131n media m\u0259kan\u0131ndak\u0131 alternativ s\u0259sidir\",\"publisher\":{\"@id\":\"https:\\\/\\\/www.meydan.tv\\\/az\\\/#organization\"},\"potentialAction\":[{\"@type\":\"SearchAction\",\"target\":{\"@type\":\"EntryPoint\",\"urlTemplate\":\"https:\\\/\\\/www.meydan.tv\\\/az\\\/?s={search_term_string}\"},\"query-input\":{\"@type\":\"PropertyValueSpecification\",\"valueRequired\":true,\"valueName\":\"search_term_string\"}}],\"inLanguage\":\"az\"},{\"@type\":\"Organization\",\"@id\":\"https:\\\/\\\/www.meydan.tv\\\/az\\\/#organization\",\"name\":\"Meydan TV\",\"url\":\"https:\\\/\\\/www.meydan.tv\\\/az\\\/\",\"logo\":{\"@type\":\"ImageObject\",\"inLanguage\":\"az\",\"@id\":\"https:\\\/\\\/www.meydan.tv\\\/az\\\/#\\\/schema\\\/logo\\\/image\\\/\",\"url\":\"https:\\\/\\\/www.meydan.tv\\\/wp-content\\\/uploads\\\/2021\\\/07\\\/meydan-logo.svg\",\"contentUrl\":\"https:\\\/\\\/www.meydan.tv\\\/wp-content\\\/uploads\\\/2021\\\/07\\\/meydan-logo.svg\",\"width\":195,\"height\":46,\"caption\":\"Meydan TV\"},\"image\":{\"@id\":\"https:\\\/\\\/www.meydan.tv\\\/az\\\/#\\\/schema\\\/logo\\\/image\\\/\"}},{\"@type\":\"Person\",\"@id\":\"https:\\\/\\\/www.meydan.tv\\\/az\\\/#\\\/schema\\\/person\\\/49b5f2bad5b126bb8ea9320eeb3e4dc9\",\"name\":\"sevda\"}]}<\/script>\n<!-- \/ Yoast SEO plugin. -->","yoast_head_json":{"title":"Erm\u0259nistan\u0131n Ba\u015f naziri Nikol Pa\u015finyan \u0130stanbuldad\u0131r - MEYDAN.TV","robots":{"index":"index","follow":"follow","max-snippet":"max-snippet:-1","max-image-preview":"max-image-preview:large","max-video-preview":"max-video-preview:-1"},"canonical":"https:\/\/www.meydan.tv\/az\/article\/erm%c9%99nistanin-bas-naziri-nikol-pasinyan-istanbuldadi\/","og_locale":"az_AZ","og_type":"article","og_title":"Erm\u0259nistan\u0131n Ba\u015f naziri Nikol Pa\u015finyan \u0130stanbuldad\u0131r - MEYDAN.TV","og_description":"Erm\u0259nistan\u0131n Ba\u015f naziri Nikol Pa\u015finyan, T\u00fcrkiy\u0259 Prezidenti R\u0259c\u0259b Tayyib \u018frdo\u011fan\u0131n ... Davam\u0131","og_url":"https:\/\/www.meydan.tv\/az\/article\/erm%c9%99nistanin-bas-naziri-nikol-pasinyan-istanbuldadi\/","og_site_name":"MEYDAN.TV","article_published_time":"2025-06-20T12:03:48+00:00","article_modified_time":"2025-06-20T13:51:45+00:00","og_image":[{"width":1200,"height":528,"url":"https:\/\/www.meydan.tv\/wp-content\/uploads\/img_9479_720-e1692778858857.jpg","type":"image\/jpeg"}],"author":"sevda","twitter_card":"summary_large_image","schema":{"@context":"https:\/\/schema.org","@graph":[{"@type":"Article","@id":"https:\/\/www.meydan.tv\/az\/article\/erm%c9%99nistanin-bas-naziri-nikol-pasinyan-istanbuldadi\/#article","isPartOf":{"@id":"https:\/\/www.meydan.tv\/az\/article\/erm%c9%99nistanin-bas-naziri-nikol-pasinyan-istanbuldadi\/"},"author":{"name":"sevda","@id":"https:\/\/www.meydan.tv\/az\/#\/schema\/person\/49b5f2bad5b126bb8ea9320eeb3e4dc9"},"headline":"Erm\u0259nistan\u0131n Ba\u015f naziri Nikol Pa\u015finyan \u0130stanbuldad\u0131r","datePublished":"2025-06-20T12:03:48+00:00","dateModified":"2025-06-20T13:51:45+00:00","mainEntityOfPage":{"@id":"https:\/\/www.meydan.tv\/az\/article\/erm%c9%99nistanin-bas-naziri-nikol-pasinyan-istanbuldadi\/"},"wordCount":341,"publisher":{"@id":"https:\/\/www.meydan.tv\/az\/#organization"},"image":{"@id":"https:\/\/www.meydan.tv\/az\/article\/erm%c9%99nistanin-bas-naziri-nikol-pasinyan-istanbuldadi\/#primaryimage"},"thumbnailUrl":"https:\/\/www.meydan.tv\/wp-content\/uploads\/img_9479_720-e1692778858857.jpg","articleSection":["D\u00fcnya","Siyas\u0259t","T\u00f6vsiy\u0259","X\u0259b\u0259rl\u0259r"],"inLanguage":"az"},{"@type":"WebPage","@id":"https:\/\/www.meydan.tv\/az\/article\/erm%c9%99nistanin-bas-naziri-nikol-pasinyan-istanbuldadi\/","url":"https:\/\/www.meydan.tv\/az\/article\/erm%c9%99nistanin-bas-naziri-nikol-pasinyan-istanbuldadi\/","name":"Erm\u0259nistan\u0131n Ba\u015f naziri Nikol Pa\u015finyan \u0130stanbuldad\u0131r - MEYDAN.TV","isPartOf":{"@id":"https:\/\/www.meydan.tv\/az\/#website"},"primaryImageOfPage":{"@id":"https:\/\/www.meydan.tv\/az\/article\/erm%c9%99nistanin-bas-naziri-nikol-pasinyan-istanbuldadi\/#primaryimage"},"image":{"@id":"https:\/\/www.meydan.tv\/az\/article\/erm%c9%99nistanin-bas-naziri-nikol-pasinyan-istanbuldadi\/#primaryimage"},"thumbnailUrl":"https:\/\/www.meydan.tv\/wp-content\/uploads\/img_9479_720-e1692778858857.jpg","datePublished":"2025-06-20T12:03:48+00:00","dateModified":"2025-06-20T13:51:45+00:00","breadcrumb":{"@id":"https:\/\/www.meydan.tv\/az\/article\/erm%c9%99nistanin-bas-naziri-nikol-pasinyan-istanbuldadi\/#breadcrumb"},"inLanguage":"az","potentialAction":[{"@type":"ReadAction","target":["https:\/\/www.meydan.tv\/az\/article\/erm%c9%99nistanin-bas-naziri-nikol-pasinyan-istanbuldadi\/"]}]},{"@type":"ImageObject","inLanguage":"az","@id":"https:\/\/www.meydan.tv\/az\/article\/erm%c9%99nistanin-bas-naziri-nikol-pasinyan-istanbuldadi\/#primaryimage","url":"https:\/\/www.meydan.tv\/wp-content\/uploads\/img_9479_720-e1692778858857.jpg","contentUrl":"https:\/\/www.meydan.tv\/wp-content\/uploads\/img_9479_720-e1692778858857.jpg","width":1200,"height":528,"caption":"Nikol Pa\u015finyan. \u0130ll\u00fcstrasiya: Meydan TV"},{"@type":"BreadcrumbList","@id":"https:\/\/www.meydan.tv\/az\/article\/erm%c9%99nistanin-bas-naziri-nikol-pasinyan-istanbuldadi\/#breadcrumb","itemListElement":[{"@type":"ListItem","position":1,"name":"Ana s\u0259hif\u0259","item":"https:\/\/www.meydan.tv\/az\/"},{"@type":"ListItem","position":2,"name":"X\u0259b\u0259rl\u0259r","item":"https:\/\/www.meydan.tv\/az\/section\/xeberler\/"},{"@type":"ListItem","position":3,"name":"Erm\u0259nistan\u0131n Ba\u015f naziri Nikol Pa\u015finyan \u0130stanbuldad\u0131r"}]},{"@type":"WebSite","@id":"https:\/\/www.meydan.tv\/az\/#website","url":"https:\/\/www.meydan.tv\/az\/","name":"MEYDAN.TV","description":"Meydan TV Az\u0259rbaycan\u0131n media m\u0259kan\u0131ndak\u0131 alternativ s\u0259sidir","publisher":{"@id":"https:\/\/www.meydan.tv\/az\/#organization"},"potentialAction":[{"@type":"SearchAction","target":{"@type":"EntryPoint","urlTemplate":"https:\/\/www.meydan.tv\/az\/?s={search_term_string}"},"query-input":{"@type":"PropertyValueSpecification","valueRequired":true,"valueName":"search_term_string"}}],"inLanguage":"az"},{"@type":"Organization","@id":"https:\/\/www.meydan.tv\/az\/#organization","name":"Meydan TV","url":"https:\/\/www.meydan.tv\/az\/","logo":{"@type":"ImageObject","inLanguage":"az","@id":"https:\/\/www.meydan.tv\/az\/#\/schema\/logo\/image\/","url":"https:\/\/www.meydan.tv\/wp-content\/uploads\/2021\/07\/meydan-logo.svg","contentUrl":"https:\/\/www.meydan.tv\/wp-content\/uploads\/2021\/07\/meydan-logo.svg","width":195,"height":46,"caption":"Meydan TV"},"image":{"@id":"https:\/\/www.meydan.tv\/az\/#\/schema\/logo\/image\/"}},{"@type":"Person","@id":"https:\/\/www.meydan.tv\/az\/#\/schema\/person\/49b5f2bad5b126bb8ea9320eeb3e4dc9","name":"sevda"}]}},"_links":{"self":[{"href":"https:\/\/www.meydan.tv\/az\/wp-json\/wp\/v2\/posts\/332076","targetHints":{"allow":["GET"]}}],"collection":[{"href":"https:\/\/www.meydan.tv\/az\/wp-json\/wp\/v2\/posts"}],"about":[{"href":"https:\/\/www.meydan.tv\/az\/wp-json\/wp\/v2\/types\/post"}],"author":[{"embeddable":true,"href":"https:\/\/www.meydan.tv\/az\/wp-json\/wp\/v2\/users\/16"}],"replies":[{"embeddable":true,"href":"https:\/\/www.meydan.tv\/az\/wp-json\/wp\/v2\/comments?post=332076"}],"version-history":[{"count":5,"href":"https:\/\/www.meydan.tv\/az\/wp-json\/wp\/v2\/posts\/332076\/revisions"}],"predecessor-version":[{"id":332109,"href":"https:\/\/www.meydan.tv\/az\/wp-json\/wp\/v2\/posts\/332076\/revisions\/332109"}],"wp:featuredmedia":[{"embeddable":true,"href":"https:\/\/www.meydan.tv\/az\/wp-json\/wp\/v2\/media\/264971"}],"wp:attachment":[{"href":"https:\/\/www.meydan.tv\/az\/wp-json\/wp\/v2\/media?parent=332076"}],"wp:term":[{"taxonomy":"category","embeddable":true,"href":"https:\/\/www.meydan.tv\/az\/wp-json\/wp\/v2\/categories?post=332076"},{"taxonomy":"post_tag","embeddable":true,"href":"https:\/\/www.meydan.tv\/az\/wp-json\/wp\/v2\/tags?post=332076"}],"curies":[{"name":"wp","href":"https:\/\/api.w.org\/{rel}","templated":true}]}}