{"id":332053,"date":"2025-06-20T14:05:40","date_gmt":"2025-06-20T10:05:40","guid":{"rendered":"https:\/\/www.meydan.tv\/?p=332053"},"modified":"2025-06-20T14:05:43","modified_gmt":"2025-06-20T10:05:43","slug":"qabil-m%c9%99mm%c9%99dova-qarsi-acilan-cinay%c9%99t-isi-uzr%c9%99-ibtidai-istintaq-basa-catib","status":"publish","type":"post","link":"https:\/\/www.meydan.tv\/az\/article\/qabil-m%c9%99mm%c9%99dova-qarsi-acilan-cinay%c9%99t-isi-uzr%c9%99-ibtidai-istintaq-basa-catib\/","title":{"rendered":"Qabil M\u0259mm\u0259dova qar\u015f\u0131 a\u00e7\u0131lan cinay\u0259t i\u015fi \u00fczr\u0259 ibtidai istintaq ba\u015fa \u00e7at\u0131b"},"content":{"rendered":"\n<p><\/p>\n\n\n\n<p>Almaniyada ya\u015fayan v\u0259 Az\u0259rbaycan h\u00f6kum\u0259tin\u0259 qar\u015f\u0131 t\u0259nqidl\u0259ri il\u0259 tan\u0131nan bloger Qabil M\u0259mm\u0259dova qar\u015f\u0131 a\u00e7\u0131lan cinay\u0259t i\u015fi \u00fczr\u0259 ibtidai istintaq ba\u015fa \u00e7at\u0131b.<\/p>\n\n\n\n<p>\u0130TV-nin s\u00fcjetind\u0259 <a href=\"https:\/\/www.youtube.com\/watch?v=Yy7JisXZGrY)\" target=\"_blank\" rel=\"noreferrer noopener\">deyilir<\/a> ki, Qabil M\u0259mm\u0259dov v\u0259 ona t\u0259yin edilmi\u015f m\u00fcdafi\u0259\u00e7i iyunun 23-d\u0259n etibar\u0259n cinay\u0259t materiallar\u0131 il\u0259 tan\u0131\u015f ola bil\u0259rl\u0259r.<\/p>\n\n\n\n<p><em>\u201cQabil M\u0259mm\u0259dova izah edilir ki, o, istintaqa g\u0259lm\u0259diyi halda Az\u0259rbaycan Cinay\u0259t M\u0259c\u0259ll\u0259sinin m\u00fcvafiq madd\u0259sin\u0259 \u0259sas\u0259n Ba\u015f Prokurorlu\u011fun \u0130stintaq \u0130dar\u0259si t\u0259r\u0259find\u0259n toplanm\u0131\u015f materiallar m\u0259hk\u0259m\u0259y\u0259 g\u00f6nd\u0259ril\u0259 bil\u0259r. Bu halda onun bar\u0259sind\u0259 qiyabi h\u00f6km v\u0259 ya dig\u0259r yekun m\u0259hk\u0259m\u0259 q\u0259rar\u0131 \u00e7\u0131xar\u0131lmas\u0131 m\u00fcmk\u00fcnd\u00fcr\u201d, <\/em>&#8211; x\u0259b\u0259rd\u0259 qeyd olunub.<\/p>\n\n\n\n<p>Qabil M\u0259mm\u0259dov Cinay\u0259t M\u0259c\u0259ll\u0259sinin ayr\u0131-ayr\u0131 \u015f\u0259xsl\u0259r\u0259 yalan v\u0259d verm\u0259kl\u0259 d\u0259l\u0259duzluq etm\u0259, h\u0259d\u0259-qorxu il\u0259 t\u0259l\u0259b etm\u0259, terror\u00e7uluq, hakimiyy\u0259t n\u00fcmay\u0259nd\u0259sin\u0259 qar\u015f\u0131 m\u00fcqavim\u0259t g\u00f6st\u0259rm\u0259, ictimai qaydan\u0131n pozulmas\u0131na s\u0259b\u0259b olan h\u0259r\u0259k\u0259tl\u0259ri t\u0259\u015fkil etm\u0259 v\u0259 ba\u015fqa madd\u0259l\u0259ril\u0259 ittiham olunur.<\/p>\n\n\n\n<p>2025-ci ilin mart\u0131nda Az\u0259rbaycan\u0131n Ba\u015f Prokurorlu\u011fu bu \u00f6lk\u0259d\u0259n xaric\u0259 m\u00fchacir\u0259t ed\u0259n \u0130lqar Hac\u0131yev, M\u0259h\u0259mm\u0259d Mirz\u0259li, Qurban M\u0259mm\u0259dov, El\u015fad M\u0259mm\u0259dov, Qabil M\u0259mm\u0259dov, Tural Sad\u0131ql\u0131n\u0131 bir s\u0131ra cinay\u0259tl\u0259rd\u0259 \u015f\u00fcbh\u0259li bil\u0259r\u0259k istintaqa <a href=\"https:\/\/storage.googleapis.com\/qurium\/www.meydan.tv\/az-article-az%c9%99rbaycanin-bas-prokurorlugu-olk%c9%99d%c9%99n-muhacir-etmis-bir-nec%c9%99-v%c9%99t%c9%99ndasini-istintaqa-cagirib.html\" target=\"_blank\" rel=\"noreferrer noopener\">\u00e7a\u011f\u0131r\u0131b<\/a>.<\/p>\n\n\n\n<p>\u00c7a\u011f\u0131r\u0131\u015fa g\u0259lm\u0259y\u0259nl\u0259r bar\u0259sind\u0259 Bin\u0259q\u0259di Rayon M\u0259hk\u0259m\u0259sinin q\u0259rar\u0131 \u0259sas\u0131nda bar\u0259sind\u0259 h\u0259bs q\u0259timkan t\u0259dbiri se\u00e7ilib.<\/p>\n","protected":false},"excerpt":{"rendered":"<p>Almaniyada ya\u015fayan v\u0259 Az\u0259rbaycan h\u00f6kum\u0259tin\u0259 qar\u015f\u0131 t\u0259nqidl\u0259ri il\u0259 tan\u0131nan bloger &#8230; <\/p>\n<p class=\"read-more-container\"><a title=\"Qabil M\u0259mm\u0259dova qar\u015f\u0131 a\u00e7\u0131lan cinay\u0259t i\u015fi \u00fczr\u0259 ibtidai istintaq ba\u015fa \u00e7at\u0131b\" class=\"read-more button\" href=\"https:\/\/www.meydan.tv\/az\/article\/qabil-m%c9%99mm%c9%99dova-qarsi-acilan-cinay%c9%99t-isi-uzr%c9%99-ibtidai-istintaq-basa-catib\/#more-332053\" aria-label=\"Read more about Qabil M\u0259mm\u0259dova qar\u015f\u0131 a\u00e7\u0131lan cinay\u0259t i\u015fi \u00fczr\u0259 ibtidai istintaq ba\u015fa \u00e7at\u0131b\">Davam\u0131<\/a><\/p>\n","protected":false},"author":16,"featured_media":332056,"comment_status":"closed","ping_status":"closed","sticky":false,"template":"","format":"standard","meta":{"_acf_changed":false,"_sitemap_exclude":false,"_sitemap_priority":"","_sitemap_frequency":"","footnotes":""},"categories":[79,56],"tags":[],"class_list":["post-332053","post","type-post","status-publish","format-standard","has-post-thumbnail","hentry","category-featured","category-xeberler","infinite-scroll-item","generate-columns","tablet-grid-50","mobile-grid-100","grid-parent","grid-33","no-featured-image-padding"],"acf":[],"yoast_head":"<!-- This site is optimized with the Yoast SEO plugin v27.5 - https:\/\/yoast.com\/product\/yoast-seo-wordpress\/ -->\n<title>Qabil M\u0259mm\u0259dova qar\u015f\u0131 a\u00e7\u0131lan cinay\u0259t i\u015fi \u00fczr\u0259 ibtidai istintaq ba\u015fa \u00e7at\u0131b - MEYDAN.TV<\/title>\n<meta name=\"robots\" content=\"index, follow, max-snippet:-1, max-image-preview:large, max-video-preview:-1\" \/>\n<link rel=\"canonical\" href=\"https:\/\/www.meydan.tv\/az\/article\/qabil-m%c9%99mm%c9%99dova-qarsi-acilan-cinay%c9%99t-isi-uzr%c9%99-ibtidai-istintaq-basa-catib\/\" \/>\n<meta property=\"og:locale\" content=\"az_AZ\" \/>\n<meta property=\"og:type\" content=\"article\" \/>\n<meta property=\"og:title\" content=\"Qabil M\u0259mm\u0259dova qar\u015f\u0131 a\u00e7\u0131lan cinay\u0259t i\u015fi \u00fczr\u0259 ibtidai istintaq ba\u015fa \u00e7at\u0131b - MEYDAN.TV\" \/>\n<meta property=\"og:description\" content=\"Almaniyada ya\u015fayan v\u0259 Az\u0259rbaycan h\u00f6kum\u0259tin\u0259 qar\u015f\u0131 t\u0259nqidl\u0259ri il\u0259 tan\u0131nan bloger ... Davam\u0131\" \/>\n<meta property=\"og:url\" content=\"https:\/\/www.meydan.tv\/az\/article\/qabil-m%c9%99mm%c9%99dova-qarsi-acilan-cinay%c9%99t-isi-uzr%c9%99-ibtidai-istintaq-basa-catib\/\" \/>\n<meta property=\"og:site_name\" content=\"MEYDAN.TV\" \/>\n<meta property=\"article:published_time\" content=\"2025-06-20T10:05:40+00:00\" \/>\n<meta property=\"article:modified_time\" content=\"2025-06-20T10:05:43+00:00\" \/>\n<meta property=\"og:image\" content=\"https:\/\/www.meydan.tv\/wp-content\/uploads\/img_8784.jpg\" \/>\n\t<meta property=\"og:image:width\" content=\"1179\" \/>\n\t<meta property=\"og:image:height\" content=\"715\" \/>\n\t<meta property=\"og:image:type\" content=\"image\/jpeg\" \/>\n<meta name=\"author\" content=\"sevda\" \/>\n<meta name=\"twitter:card\" content=\"summary_large_image\" \/>\n<script type=\"application\/ld+json\" class=\"yoast-schema-graph\">{\"@context\":\"https:\\\/\\\/schema.org\",\"@graph\":[{\"@type\":\"Article\",\"@id\":\"https:\\\/\\\/www.meydan.tv\\\/az\\\/article\\\/qabil-m%c9%99mm%c9%99dova-qarsi-acilan-cinay%c9%99t-isi-uzr%c9%99-ibtidai-istintaq-basa-catib\\\/#article\",\"isPartOf\":{\"@id\":\"https:\\\/\\\/www.meydan.tv\\\/az\\\/article\\\/qabil-m%c9%99mm%c9%99dova-qarsi-acilan-cinay%c9%99t-isi-uzr%c9%99-ibtidai-istintaq-basa-catib\\\/\"},\"author\":{\"name\":\"sevda\",\"@id\":\"https:\\\/\\\/www.meydan.tv\\\/az\\\/#\\\/schema\\\/person\\\/49b5f2bad5b126bb8ea9320eeb3e4dc9\"},\"headline\":\"Qabil M\u0259mm\u0259dova qar\u015f\u0131 a\u00e7\u0131lan cinay\u0259t i\u015fi \u00fczr\u0259 ibtidai istintaq ba\u015fa \u00e7at\u0131b\",\"datePublished\":\"2025-06-20T10:05:40+00:00\",\"dateModified\":\"2025-06-20T10:05:43+00:00\",\"mainEntityOfPage\":{\"@id\":\"https:\\\/\\\/www.meydan.tv\\\/az\\\/article\\\/qabil-m%c9%99mm%c9%99dova-qarsi-acilan-cinay%c9%99t-isi-uzr%c9%99-ibtidai-istintaq-basa-catib\\\/\"},\"wordCount\":326,\"publisher\":{\"@id\":\"https:\\\/\\\/www.meydan.tv\\\/az\\\/#organization\"},\"image\":{\"@id\":\"https:\\\/\\\/www.meydan.tv\\\/az\\\/article\\\/qabil-m%c9%99mm%c9%99dova-qarsi-acilan-cinay%c9%99t-isi-uzr%c9%99-ibtidai-istintaq-basa-catib\\\/#primaryimage\"},\"thumbnailUrl\":\"https:\\\/\\\/www.meydan.tv\\\/wp-content\\\/uploads\\\/img_8784.jpg\",\"articleSection\":[\"T\u00f6vsiy\u0259\",\"X\u0259b\u0259rl\u0259r\"],\"inLanguage\":\"az\"},{\"@type\":\"WebPage\",\"@id\":\"https:\\\/\\\/www.meydan.tv\\\/az\\\/article\\\/qabil-m%c9%99mm%c9%99dova-qarsi-acilan-cinay%c9%99t-isi-uzr%c9%99-ibtidai-istintaq-basa-catib\\\/\",\"url\":\"https:\\\/\\\/www.meydan.tv\\\/az\\\/article\\\/qabil-m%c9%99mm%c9%99dova-qarsi-acilan-cinay%c9%99t-isi-uzr%c9%99-ibtidai-istintaq-basa-catib\\\/\",\"name\":\"Qabil M\u0259mm\u0259dova qar\u015f\u0131 a\u00e7\u0131lan cinay\u0259t i\u015fi \u00fczr\u0259 ibtidai istintaq ba\u015fa \u00e7at\u0131b - MEYDAN.TV\",\"isPartOf\":{\"@id\":\"https:\\\/\\\/www.meydan.tv\\\/az\\\/#website\"},\"primaryImageOfPage\":{\"@id\":\"https:\\\/\\\/www.meydan.tv\\\/az\\\/article\\\/qabil-m%c9%99mm%c9%99dova-qarsi-acilan-cinay%c9%99t-isi-uzr%c9%99-ibtidai-istintaq-basa-catib\\\/#primaryimage\"},\"image\":{\"@id\":\"https:\\\/\\\/www.meydan.tv\\\/az\\\/article\\\/qabil-m%c9%99mm%c9%99dova-qarsi-acilan-cinay%c9%99t-isi-uzr%c9%99-ibtidai-istintaq-basa-catib\\\/#primaryimage\"},\"thumbnailUrl\":\"https:\\\/\\\/www.meydan.tv\\\/wp-content\\\/uploads\\\/img_8784.jpg\",\"datePublished\":\"2025-06-20T10:05:40+00:00\",\"dateModified\":\"2025-06-20T10:05:43+00:00\",\"breadcrumb\":{\"@id\":\"https:\\\/\\\/www.meydan.tv\\\/az\\\/article\\\/qabil-m%c9%99mm%c9%99dova-qarsi-acilan-cinay%c9%99t-isi-uzr%c9%99-ibtidai-istintaq-basa-catib\\\/#breadcrumb\"},\"inLanguage\":\"az\",\"potentialAction\":[{\"@type\":\"ReadAction\",\"target\":[\"https:\\\/\\\/www.meydan.tv\\\/az\\\/article\\\/qabil-m%c9%99mm%c9%99dova-qarsi-acilan-cinay%c9%99t-isi-uzr%c9%99-ibtidai-istintaq-basa-catib\\\/\"]}]},{\"@type\":\"ImageObject\",\"inLanguage\":\"az\",\"@id\":\"https:\\\/\\\/www.meydan.tv\\\/az\\\/article\\\/qabil-m%c9%99mm%c9%99dova-qarsi-acilan-cinay%c9%99t-isi-uzr%c9%99-ibtidai-istintaq-basa-catib\\\/#primaryimage\",\"url\":\"https:\\\/\\\/www.meydan.tv\\\/wp-content\\\/uploads\\\/img_8784.jpg\",\"contentUrl\":\"https:\\\/\\\/www.meydan.tv\\\/wp-content\\\/uploads\\\/img_8784.jpg\",\"width\":1179,\"height\":715,\"caption\":\"Foto: Qabil M\u0259mm\u0259dovun \u015f\u0259xsi arxivind\u0259n\"},{\"@type\":\"BreadcrumbList\",\"@id\":\"https:\\\/\\\/www.meydan.tv\\\/az\\\/article\\\/qabil-m%c9%99mm%c9%99dova-qarsi-acilan-cinay%c9%99t-isi-uzr%c9%99-ibtidai-istintaq-basa-catib\\\/#breadcrumb\",\"itemListElement\":[{\"@type\":\"ListItem\",\"position\":1,\"name\":\"Ana s\u0259hif\u0259\",\"item\":\"https:\\\/\\\/www.meydan.tv\\\/az\\\/\"},{\"@type\":\"ListItem\",\"position\":2,\"name\":\"X\u0259b\u0259rl\u0259r\",\"item\":\"https:\\\/\\\/www.meydan.tv\\\/az\\\/section\\\/xeberler\\\/\"},{\"@type\":\"ListItem\",\"position\":3,\"name\":\"Qabil M\u0259mm\u0259dova qar\u015f\u0131 a\u00e7\u0131lan cinay\u0259t i\u015fi \u00fczr\u0259 ibtidai istintaq ba\u015fa \u00e7at\u0131b\"}]},{\"@type\":\"WebSite\",\"@id\":\"https:\\\/\\\/www.meydan.tv\\\/az\\\/#website\",\"url\":\"https:\\\/\\\/www.meydan.tv\\\/az\\\/\",\"name\":\"MEYDAN.TV\",\"description\":\"Meydan TV Az\u0259rbaycan\u0131n media m\u0259kan\u0131ndak\u0131 alternativ s\u0259sidir\",\"publisher\":{\"@id\":\"https:\\\/\\\/www.meydan.tv\\\/az\\\/#organization\"},\"potentialAction\":[{\"@type\":\"SearchAction\",\"target\":{\"@type\":\"EntryPoint\",\"urlTemplate\":\"https:\\\/\\\/www.meydan.tv\\\/az\\\/?s={search_term_string}\"},\"query-input\":{\"@type\":\"PropertyValueSpecification\",\"valueRequired\":true,\"valueName\":\"search_term_string\"}}],\"inLanguage\":\"az\"},{\"@type\":\"Organization\",\"@id\":\"https:\\\/\\\/www.meydan.tv\\\/az\\\/#organization\",\"name\":\"Meydan TV\",\"url\":\"https:\\\/\\\/www.meydan.tv\\\/az\\\/\",\"logo\":{\"@type\":\"ImageObject\",\"inLanguage\":\"az\",\"@id\":\"https:\\\/\\\/www.meydan.tv\\\/az\\\/#\\\/schema\\\/logo\\\/image\\\/\",\"url\":\"https:\\\/\\\/www.meydan.tv\\\/wp-content\\\/uploads\\\/2021\\\/07\\\/meydan-logo.svg\",\"contentUrl\":\"https:\\\/\\\/www.meydan.tv\\\/wp-content\\\/uploads\\\/2021\\\/07\\\/meydan-logo.svg\",\"width\":195,\"height\":46,\"caption\":\"Meydan TV\"},\"image\":{\"@id\":\"https:\\\/\\\/www.meydan.tv\\\/az\\\/#\\\/schema\\\/logo\\\/image\\\/\"}},{\"@type\":\"Person\",\"@id\":\"https:\\\/\\\/www.meydan.tv\\\/az\\\/#\\\/schema\\\/person\\\/49b5f2bad5b126bb8ea9320eeb3e4dc9\",\"name\":\"sevda\"}]}<\/script>\n<!-- \/ Yoast SEO plugin. -->","yoast_head_json":{"title":"Qabil M\u0259mm\u0259dova qar\u015f\u0131 a\u00e7\u0131lan cinay\u0259t i\u015fi \u00fczr\u0259 ibtidai istintaq ba\u015fa \u00e7at\u0131b - MEYDAN.TV","robots":{"index":"index","follow":"follow","max-snippet":"max-snippet:-1","max-image-preview":"max-image-preview:large","max-video-preview":"max-video-preview:-1"},"canonical":"https:\/\/www.meydan.tv\/az\/article\/qabil-m%c9%99mm%c9%99dova-qarsi-acilan-cinay%c9%99t-isi-uzr%c9%99-ibtidai-istintaq-basa-catib\/","og_locale":"az_AZ","og_type":"article","og_title":"Qabil M\u0259mm\u0259dova qar\u015f\u0131 a\u00e7\u0131lan cinay\u0259t i\u015fi \u00fczr\u0259 ibtidai istintaq ba\u015fa \u00e7at\u0131b - MEYDAN.TV","og_description":"Almaniyada ya\u015fayan v\u0259 Az\u0259rbaycan h\u00f6kum\u0259tin\u0259 qar\u015f\u0131 t\u0259nqidl\u0259ri il\u0259 tan\u0131nan bloger ... Davam\u0131","og_url":"https:\/\/www.meydan.tv\/az\/article\/qabil-m%c9%99mm%c9%99dova-qarsi-acilan-cinay%c9%99t-isi-uzr%c9%99-ibtidai-istintaq-basa-catib\/","og_site_name":"MEYDAN.TV","article_published_time":"2025-06-20T10:05:40+00:00","article_modified_time":"2025-06-20T10:05:43+00:00","og_image":[{"width":1179,"height":715,"url":"https:\/\/www.meydan.tv\/wp-content\/uploads\/img_8784.jpg","type":"image\/jpeg"}],"author":"sevda","twitter_card":"summary_large_image","schema":{"@context":"https:\/\/schema.org","@graph":[{"@type":"Article","@id":"https:\/\/www.meydan.tv\/az\/article\/qabil-m%c9%99mm%c9%99dova-qarsi-acilan-cinay%c9%99t-isi-uzr%c9%99-ibtidai-istintaq-basa-catib\/#article","isPartOf":{"@id":"https:\/\/www.meydan.tv\/az\/article\/qabil-m%c9%99mm%c9%99dova-qarsi-acilan-cinay%c9%99t-isi-uzr%c9%99-ibtidai-istintaq-basa-catib\/"},"author":{"name":"sevda","@id":"https:\/\/www.meydan.tv\/az\/#\/schema\/person\/49b5f2bad5b126bb8ea9320eeb3e4dc9"},"headline":"Qabil M\u0259mm\u0259dova qar\u015f\u0131 a\u00e7\u0131lan cinay\u0259t i\u015fi \u00fczr\u0259 ibtidai istintaq ba\u015fa \u00e7at\u0131b","datePublished":"2025-06-20T10:05:40+00:00","dateModified":"2025-06-20T10:05:43+00:00","mainEntityOfPage":{"@id":"https:\/\/www.meydan.tv\/az\/article\/qabil-m%c9%99mm%c9%99dova-qarsi-acilan-cinay%c9%99t-isi-uzr%c9%99-ibtidai-istintaq-basa-catib\/"},"wordCount":326,"publisher":{"@id":"https:\/\/www.meydan.tv\/az\/#organization"},"image":{"@id":"https:\/\/www.meydan.tv\/az\/article\/qabil-m%c9%99mm%c9%99dova-qarsi-acilan-cinay%c9%99t-isi-uzr%c9%99-ibtidai-istintaq-basa-catib\/#primaryimage"},"thumbnailUrl":"https:\/\/www.meydan.tv\/wp-content\/uploads\/img_8784.jpg","articleSection":["T\u00f6vsiy\u0259","X\u0259b\u0259rl\u0259r"],"inLanguage":"az"},{"@type":"WebPage","@id":"https:\/\/www.meydan.tv\/az\/article\/qabil-m%c9%99mm%c9%99dova-qarsi-acilan-cinay%c9%99t-isi-uzr%c9%99-ibtidai-istintaq-basa-catib\/","url":"https:\/\/www.meydan.tv\/az\/article\/qabil-m%c9%99mm%c9%99dova-qarsi-acilan-cinay%c9%99t-isi-uzr%c9%99-ibtidai-istintaq-basa-catib\/","name":"Qabil M\u0259mm\u0259dova qar\u015f\u0131 a\u00e7\u0131lan cinay\u0259t i\u015fi \u00fczr\u0259 ibtidai istintaq ba\u015fa \u00e7at\u0131b - MEYDAN.TV","isPartOf":{"@id":"https:\/\/www.meydan.tv\/az\/#website"},"primaryImageOfPage":{"@id":"https:\/\/www.meydan.tv\/az\/article\/qabil-m%c9%99mm%c9%99dova-qarsi-acilan-cinay%c9%99t-isi-uzr%c9%99-ibtidai-istintaq-basa-catib\/#primaryimage"},"image":{"@id":"https:\/\/www.meydan.tv\/az\/article\/qabil-m%c9%99mm%c9%99dova-qarsi-acilan-cinay%c9%99t-isi-uzr%c9%99-ibtidai-istintaq-basa-catib\/#primaryimage"},"thumbnailUrl":"https:\/\/www.meydan.tv\/wp-content\/uploads\/img_8784.jpg","datePublished":"2025-06-20T10:05:40+00:00","dateModified":"2025-06-20T10:05:43+00:00","breadcrumb":{"@id":"https:\/\/www.meydan.tv\/az\/article\/qabil-m%c9%99mm%c9%99dova-qarsi-acilan-cinay%c9%99t-isi-uzr%c9%99-ibtidai-istintaq-basa-catib\/#breadcrumb"},"inLanguage":"az","potentialAction":[{"@type":"ReadAction","target":["https:\/\/www.meydan.tv\/az\/article\/qabil-m%c9%99mm%c9%99dova-qarsi-acilan-cinay%c9%99t-isi-uzr%c9%99-ibtidai-istintaq-basa-catib\/"]}]},{"@type":"ImageObject","inLanguage":"az","@id":"https:\/\/www.meydan.tv\/az\/article\/qabil-m%c9%99mm%c9%99dova-qarsi-acilan-cinay%c9%99t-isi-uzr%c9%99-ibtidai-istintaq-basa-catib\/#primaryimage","url":"https:\/\/www.meydan.tv\/wp-content\/uploads\/img_8784.jpg","contentUrl":"https:\/\/www.meydan.tv\/wp-content\/uploads\/img_8784.jpg","width":1179,"height":715,"caption":"Foto: Qabil M\u0259mm\u0259dovun \u015f\u0259xsi arxivind\u0259n"},{"@type":"BreadcrumbList","@id":"https:\/\/www.meydan.tv\/az\/article\/qabil-m%c9%99mm%c9%99dova-qarsi-acilan-cinay%c9%99t-isi-uzr%c9%99-ibtidai-istintaq-basa-catib\/#breadcrumb","itemListElement":[{"@type":"ListItem","position":1,"name":"Ana s\u0259hif\u0259","item":"https:\/\/www.meydan.tv\/az\/"},{"@type":"ListItem","position":2,"name":"X\u0259b\u0259rl\u0259r","item":"https:\/\/www.meydan.tv\/az\/section\/xeberler\/"},{"@type":"ListItem","position":3,"name":"Qabil M\u0259mm\u0259dova qar\u015f\u0131 a\u00e7\u0131lan cinay\u0259t i\u015fi \u00fczr\u0259 ibtidai istintaq ba\u015fa \u00e7at\u0131b"}]},{"@type":"WebSite","@id":"https:\/\/www.meydan.tv\/az\/#website","url":"https:\/\/www.meydan.tv\/az\/","name":"MEYDAN.TV","description":"Meydan TV Az\u0259rbaycan\u0131n media m\u0259kan\u0131ndak\u0131 alternativ s\u0259sidir","publisher":{"@id":"https:\/\/www.meydan.tv\/az\/#organization"},"potentialAction":[{"@type":"SearchAction","target":{"@type":"EntryPoint","urlTemplate":"https:\/\/www.meydan.tv\/az\/?s={search_term_string}"},"query-input":{"@type":"PropertyValueSpecification","valueRequired":true,"valueName":"search_term_string"}}],"inLanguage":"az"},{"@type":"Organization","@id":"https:\/\/www.meydan.tv\/az\/#organization","name":"Meydan TV","url":"https:\/\/www.meydan.tv\/az\/","logo":{"@type":"ImageObject","inLanguage":"az","@id":"https:\/\/www.meydan.tv\/az\/#\/schema\/logo\/image\/","url":"https:\/\/www.meydan.tv\/wp-content\/uploads\/2021\/07\/meydan-logo.svg","contentUrl":"https:\/\/www.meydan.tv\/wp-content\/uploads\/2021\/07\/meydan-logo.svg","width":195,"height":46,"caption":"Meydan TV"},"image":{"@id":"https:\/\/www.meydan.tv\/az\/#\/schema\/logo\/image\/"}},{"@type":"Person","@id":"https:\/\/www.meydan.tv\/az\/#\/schema\/person\/49b5f2bad5b126bb8ea9320eeb3e4dc9","name":"sevda"}]}},"_links":{"self":[{"href":"https:\/\/www.meydan.tv\/az\/wp-json\/wp\/v2\/posts\/332053","targetHints":{"allow":["GET"]}}],"collection":[{"href":"https:\/\/www.meydan.tv\/az\/wp-json\/wp\/v2\/posts"}],"about":[{"href":"https:\/\/www.meydan.tv\/az\/wp-json\/wp\/v2\/types\/post"}],"author":[{"embeddable":true,"href":"https:\/\/www.meydan.tv\/az\/wp-json\/wp\/v2\/users\/16"}],"replies":[{"embeddable":true,"href":"https:\/\/www.meydan.tv\/az\/wp-json\/wp\/v2\/comments?post=332053"}],"version-history":[{"count":2,"href":"https:\/\/www.meydan.tv\/az\/wp-json\/wp\/v2\/posts\/332053\/revisions"}],"predecessor-version":[{"id":332055,"href":"https:\/\/www.meydan.tv\/az\/wp-json\/wp\/v2\/posts\/332053\/revisions\/332055"}],"wp:featuredmedia":[{"embeddable":true,"href":"https:\/\/www.meydan.tv\/az\/wp-json\/wp\/v2\/media\/332056"}],"wp:attachment":[{"href":"https:\/\/www.meydan.tv\/az\/wp-json\/wp\/v2\/media?parent=332053"}],"wp:term":[{"taxonomy":"category","embeddable":true,"href":"https:\/\/www.meydan.tv\/az\/wp-json\/wp\/v2\/categories?post=332053"},{"taxonomy":"post_tag","embeddable":true,"href":"https:\/\/www.meydan.tv\/az\/wp-json\/wp\/v2\/tags?post=332053"}],"curies":[{"name":"wp","href":"https:\/\/api.w.org\/{rel}","templated":true}]}}