{"id":332044,"date":"2025-06-20T13:12:34","date_gmt":"2025-06-20T09:12:34","guid":{"rendered":"https:\/\/www.meydan.tv\/?p=332044"},"modified":"2025-06-20T13:12:36","modified_gmt":"2025-06-20T09:12:36","slug":"prokuror-b%c9%99hruz-s%c9%99m%c9%99dova-16-il-c%c9%99za-verilm%c9%99sini-ist%c9%99yib","status":"publish","type":"post","link":"https:\/\/www.meydan.tv\/az\/article\/prokuror-b%c9%99hruz-s%c9%99m%c9%99dova-16-il-c%c9%99za-verilm%c9%99sini-ist%c9%99yib\/","title":{"rendered":"Prokuror B\u0259hruz S\u0259m\u0259dova 16 il c\u0259za verilm\u0259sini ist\u0259yib"},"content":{"rendered":"\n<p>V\u0259kilin v\u0259sat\u0259tl\u0259ri t\u0259min edilm\u0259yib<\/p>\n\n\n\n<p>Bu g\u00fcn, iyunun 20-d\u0259 \u00c7exiyan\u0131n Karlov Universitetinin doktorant\u0131, d\u00f6vl\u0259t\u0259 x\u0259yan\u0259td\u0259 ittiham olunan ara\u015fd\u0131rma\u00e7\u0131 B\u0259hruz S\u0259m\u0259dovun Bak\u0131 A\u011f\u0131r Cinay\u0259tl\u0259r M\u0259hk\u0259m\u0259sind\u0259 n\u00f6vb\u0259ti m\u0259hk\u0259m\u0259 prosesi ke\u00e7irilib.<\/p>\n\n\n\n<p>Prosesd\u0259 d\u00f6vl\u0259t ittiham\u00e7\u0131s\u0131 B\u0259hruz S\u0259m\u0259dova 16 il c\u0259za verilm\u0259sini ist\u0259yib.<\/p>\n\n\n\n<p>Prokurorun \u00e7\u0131x\u0131\u015f\u0131ndan \u00f6nc\u0259 v\u0259kil m\u0259hk\u0259m\u0259 istintaq\u0131n\u0131n yekunla\u015fmas\u0131na etiraz edib, bir s\u0131ra v\u0259sat\u0259tl\u0259r qald\u0131r\u0131b. V\u0259sat\u0259tl\u0259r is\u0259 t\u0259min edilm\u0259yib.<\/p>\n\n\n\n<p>B\u0259hruz S\u0259m\u0259dov 2024-c\u00fc il avqustun 21-d\u0259 D\u00f6vl\u0259t T\u0259hl\u00fck\u0259sizlik Xidm\u0259tinin \u0259m\u0259kda\u015flar\u0131 t\u0259r\u0259find\u0259n saxlan\u0131l\u0131b.<\/p>\n\n\n\n<p>S\u0259bail Rayon M\u0259hk\u0259m\u0259si onun bar\u0259sind\u0259 Cinay\u0259t M\u0259c\u0259ll\u0259sinin 274-c\u00fc (d\u00f6vl\u0259t\u0259 x\u0259yan\u0259t) madd\u0259si il\u0259 h\u0259bs q\u0259timkan t\u0259dbiri se\u00e7ib.<\/p>\n\n\n\n<p>B\u0259hruz S\u0259m\u0259dov ittiham\u0131 q\u0259bul etmir, \u00f6z\u00fcn\u00fc t\u0259qsirli bilmir. O, d\u00f6vl\u0259t\u0259 x\u0259yan\u0259t ittiham\u0131n\u0131n qondarma oldu\u011funu vur\u011fulay\u0131b, ifad\u0259sind\u0259 bildirib ki, Erm\u0259nistan x\u00fcsusi xidm\u0259t orqanlar\u0131 il\u0259 \u0259m\u0259kda\u015fl\u0131qda su\u00e7lansa da, bunu t\u0259sdiql\u0259y\u0259n he\u00e7 bir s\u00fcbut yoxdur.<br>B\u0259hruz S\u0259m\u0259dov bildirib ki, s\u00fclhp\u0259rv\u0259rdir, m\u00fcharib\u0259nin \u0259leyhin\u0259dir. \u00c7\u0131x\u0131\u015flar\u0131, m\u0259qal\u0259l\u0259ri d\u0259 bu bar\u0259d\u0259dir. Buna g\u00f6r\u0259 d\u0259 susdurulmaq \u00fc\u00e7\u00fcn saxta ittihamla c\u0259zaland\u0131r\u0131l\u0131r.<\/p>\n\n\n\n<p><\/p>\n","protected":false},"excerpt":{"rendered":"<p>V\u0259kilin v\u0259sat\u0259tl\u0259ri t\u0259min edilm\u0259yib Bu g\u00fcn, iyunun 20-d\u0259 \u00c7exiyan\u0131n Karlov &#8230; <\/p>\n<p class=\"read-more-container\"><a title=\"Prokuror B\u0259hruz S\u0259m\u0259dova 16 il c\u0259za verilm\u0259sini ist\u0259yib\" class=\"read-more button\" href=\"https:\/\/www.meydan.tv\/az\/article\/prokuror-b%c9%99hruz-s%c9%99m%c9%99dova-16-il-c%c9%99za-verilm%c9%99sini-ist%c9%99yib\/#more-332044\" aria-label=\"Read more about Prokuror B\u0259hruz S\u0259m\u0259dova 16 il c\u0259za verilm\u0259sini ist\u0259yib\">Davam\u0131<\/a><\/p>\n","protected":false},"author":14,"featured_media":318058,"comment_status":"closed","ping_status":"closed","sticky":false,"template":"","format":"standard","meta":{"_acf_changed":false,"_sitemap_exclude":false,"_sitemap_priority":"","_sitemap_frequency":"","footnotes":""},"categories":[79,56],"tags":[],"class_list":["post-332044","post","type-post","status-publish","format-standard","has-post-thumbnail","hentry","category-featured","category-xeberler","infinite-scroll-item","generate-columns","tablet-grid-50","mobile-grid-100","grid-parent","grid-33","no-featured-image-padding"],"acf":[],"yoast_head":"<!-- This site is optimized with the Yoast SEO plugin v27.5 - https:\/\/yoast.com\/product\/yoast-seo-wordpress\/ -->\n<title>Prokuror B\u0259hruz S\u0259m\u0259dova 16 il c\u0259za verilm\u0259sini ist\u0259yib - MEYDAN.TV<\/title>\n<meta name=\"robots\" content=\"index, follow, max-snippet:-1, max-image-preview:large, max-video-preview:-1\" \/>\n<link rel=\"canonical\" href=\"https:\/\/www.meydan.tv\/az\/article\/prokuror-b%c9%99hruz-s%c9%99m%c9%99dova-16-il-c%c9%99za-verilm%c9%99sini-ist%c9%99yib\/\" \/>\n<meta property=\"og:locale\" content=\"az_AZ\" \/>\n<meta property=\"og:type\" content=\"article\" \/>\n<meta property=\"og:title\" content=\"Prokuror B\u0259hruz S\u0259m\u0259dova 16 il c\u0259za verilm\u0259sini ist\u0259yib - MEYDAN.TV\" \/>\n<meta property=\"og:description\" content=\"V\u0259kilin v\u0259sat\u0259tl\u0259ri t\u0259min edilm\u0259yib Bu g\u00fcn, iyunun 20-d\u0259 \u00c7exiyan\u0131n Karlov ... Davam\u0131\" \/>\n<meta property=\"og:url\" content=\"https:\/\/www.meydan.tv\/az\/article\/prokuror-b%c9%99hruz-s%c9%99m%c9%99dova-16-il-c%c9%99za-verilm%c9%99sini-ist%c9%99yib\/\" \/>\n<meta property=\"og:site_name\" content=\"MEYDAN.TV\" \/>\n<meta property=\"article:published_time\" content=\"2025-06-20T09:12:34+00:00\" \/>\n<meta property=\"article:modified_time\" content=\"2025-06-20T09:12:36+00:00\" \/>\n<meta property=\"og:image\" content=\"https:\/\/www.meydan.tv\/wp-content\/uploads\/screenshot-2024-10-19-at-09.19.08-1200x571.png\" \/>\n\t<meta property=\"og:image:width\" content=\"1200\" \/>\n\t<meta property=\"og:image:height\" content=\"571\" \/>\n\t<meta property=\"og:image:type\" content=\"image\/png\" \/>\n<meta name=\"author\" content=\"roma\" \/>\n<meta name=\"twitter:card\" content=\"summary_large_image\" \/>\n<script type=\"application\/ld+json\" class=\"yoast-schema-graph\">{\"@context\":\"https:\\\/\\\/schema.org\",\"@graph\":[{\"@type\":\"Article\",\"@id\":\"https:\\\/\\\/www.meydan.tv\\\/az\\\/article\\\/prokuror-b%c9%99hruz-s%c9%99m%c9%99dova-16-il-c%c9%99za-verilm%c9%99sini-ist%c9%99yib\\\/#article\",\"isPartOf\":{\"@id\":\"https:\\\/\\\/www.meydan.tv\\\/az\\\/article\\\/prokuror-b%c9%99hruz-s%c9%99m%c9%99dova-16-il-c%c9%99za-verilm%c9%99sini-ist%c9%99yib\\\/\"},\"author\":{\"name\":\"roma\",\"@id\":\"https:\\\/\\\/www.meydan.tv\\\/az\\\/#\\\/schema\\\/person\\\/8f23e01c4de63326c13c319fb65ee65d\"},\"headline\":\"Prokuror B\u0259hruz S\u0259m\u0259dova 16 il c\u0259za verilm\u0259sini ist\u0259yib\",\"datePublished\":\"2025-06-20T09:12:34+00:00\",\"dateModified\":\"2025-06-20T09:12:36+00:00\",\"mainEntityOfPage\":{\"@id\":\"https:\\\/\\\/www.meydan.tv\\\/az\\\/article\\\/prokuror-b%c9%99hruz-s%c9%99m%c9%99dova-16-il-c%c9%99za-verilm%c9%99sini-ist%c9%99yib\\\/\"},\"wordCount\":283,\"publisher\":{\"@id\":\"https:\\\/\\\/www.meydan.tv\\\/az\\\/#organization\"},\"image\":{\"@id\":\"https:\\\/\\\/www.meydan.tv\\\/az\\\/article\\\/prokuror-b%c9%99hruz-s%c9%99m%c9%99dova-16-il-c%c9%99za-verilm%c9%99sini-ist%c9%99yib\\\/#primaryimage\"},\"thumbnailUrl\":\"https:\\\/\\\/www.meydan.tv\\\/wp-content\\\/uploads\\\/screenshot-2024-10-19-at-09.19.08.png\",\"articleSection\":[\"T\u00f6vsiy\u0259\",\"X\u0259b\u0259rl\u0259r\"],\"inLanguage\":\"az\"},{\"@type\":\"WebPage\",\"@id\":\"https:\\\/\\\/www.meydan.tv\\\/az\\\/article\\\/prokuror-b%c9%99hruz-s%c9%99m%c9%99dova-16-il-c%c9%99za-verilm%c9%99sini-ist%c9%99yib\\\/\",\"url\":\"https:\\\/\\\/www.meydan.tv\\\/az\\\/article\\\/prokuror-b%c9%99hruz-s%c9%99m%c9%99dova-16-il-c%c9%99za-verilm%c9%99sini-ist%c9%99yib\\\/\",\"name\":\"Prokuror B\u0259hruz S\u0259m\u0259dova 16 il c\u0259za verilm\u0259sini ist\u0259yib - MEYDAN.TV\",\"isPartOf\":{\"@id\":\"https:\\\/\\\/www.meydan.tv\\\/az\\\/#website\"},\"primaryImageOfPage\":{\"@id\":\"https:\\\/\\\/www.meydan.tv\\\/az\\\/article\\\/prokuror-b%c9%99hruz-s%c9%99m%c9%99dova-16-il-c%c9%99za-verilm%c9%99sini-ist%c9%99yib\\\/#primaryimage\"},\"image\":{\"@id\":\"https:\\\/\\\/www.meydan.tv\\\/az\\\/article\\\/prokuror-b%c9%99hruz-s%c9%99m%c9%99dova-16-il-c%c9%99za-verilm%c9%99sini-ist%c9%99yib\\\/#primaryimage\"},\"thumbnailUrl\":\"https:\\\/\\\/www.meydan.tv\\\/wp-content\\\/uploads\\\/screenshot-2024-10-19-at-09.19.08.png\",\"datePublished\":\"2025-06-20T09:12:34+00:00\",\"dateModified\":\"2025-06-20T09:12:36+00:00\",\"breadcrumb\":{\"@id\":\"https:\\\/\\\/www.meydan.tv\\\/az\\\/article\\\/prokuror-b%c9%99hruz-s%c9%99m%c9%99dova-16-il-c%c9%99za-verilm%c9%99sini-ist%c9%99yib\\\/#breadcrumb\"},\"inLanguage\":\"az\",\"potentialAction\":[{\"@type\":\"ReadAction\",\"target\":[\"https:\\\/\\\/www.meydan.tv\\\/az\\\/article\\\/prokuror-b%c9%99hruz-s%c9%99m%c9%99dova-16-il-c%c9%99za-verilm%c9%99sini-ist%c9%99yib\\\/\"]}]},{\"@type\":\"ImageObject\",\"inLanguage\":\"az\",\"@id\":\"https:\\\/\\\/www.meydan.tv\\\/az\\\/article\\\/prokuror-b%c9%99hruz-s%c9%99m%c9%99dova-16-il-c%c9%99za-verilm%c9%99sini-ist%c9%99yib\\\/#primaryimage\",\"url\":\"https:\\\/\\\/www.meydan.tv\\\/wp-content\\\/uploads\\\/screenshot-2024-10-19-at-09.19.08.png\",\"contentUrl\":\"https:\\\/\\\/www.meydan.tv\\\/wp-content\\\/uploads\\\/screenshot-2024-10-19-at-09.19.08.png\",\"width\":2412,\"height\":1148,\"caption\":\"B\u0259hruz S\u0259m\u0259dov. Foto: videodan skrin\u015fot\"},{\"@type\":\"BreadcrumbList\",\"@id\":\"https:\\\/\\\/www.meydan.tv\\\/az\\\/article\\\/prokuror-b%c9%99hruz-s%c9%99m%c9%99dova-16-il-c%c9%99za-verilm%c9%99sini-ist%c9%99yib\\\/#breadcrumb\",\"itemListElement\":[{\"@type\":\"ListItem\",\"position\":1,\"name\":\"Ana s\u0259hif\u0259\",\"item\":\"https:\\\/\\\/www.meydan.tv\\\/az\\\/\"},{\"@type\":\"ListItem\",\"position\":2,\"name\":\"X\u0259b\u0259rl\u0259r\",\"item\":\"https:\\\/\\\/www.meydan.tv\\\/az\\\/section\\\/xeberler\\\/\"},{\"@type\":\"ListItem\",\"position\":3,\"name\":\"Prokuror B\u0259hruz S\u0259m\u0259dova 16 il c\u0259za verilm\u0259sini ist\u0259yib\"}]},{\"@type\":\"WebSite\",\"@id\":\"https:\\\/\\\/www.meydan.tv\\\/az\\\/#website\",\"url\":\"https:\\\/\\\/www.meydan.tv\\\/az\\\/\",\"name\":\"MEYDAN.TV\",\"description\":\"Meydan TV Az\u0259rbaycan\u0131n media m\u0259kan\u0131ndak\u0131 alternativ s\u0259sidir\",\"publisher\":{\"@id\":\"https:\\\/\\\/www.meydan.tv\\\/az\\\/#organization\"},\"potentialAction\":[{\"@type\":\"SearchAction\",\"target\":{\"@type\":\"EntryPoint\",\"urlTemplate\":\"https:\\\/\\\/www.meydan.tv\\\/az\\\/?s={search_term_string}\"},\"query-input\":{\"@type\":\"PropertyValueSpecification\",\"valueRequired\":true,\"valueName\":\"search_term_string\"}}],\"inLanguage\":\"az\"},{\"@type\":\"Organization\",\"@id\":\"https:\\\/\\\/www.meydan.tv\\\/az\\\/#organization\",\"name\":\"Meydan TV\",\"url\":\"https:\\\/\\\/www.meydan.tv\\\/az\\\/\",\"logo\":{\"@type\":\"ImageObject\",\"inLanguage\":\"az\",\"@id\":\"https:\\\/\\\/www.meydan.tv\\\/az\\\/#\\\/schema\\\/logo\\\/image\\\/\",\"url\":\"https:\\\/\\\/www.meydan.tv\\\/wp-content\\\/uploads\\\/2021\\\/07\\\/meydan-logo.svg\",\"contentUrl\":\"https:\\\/\\\/www.meydan.tv\\\/wp-content\\\/uploads\\\/2021\\\/07\\\/meydan-logo.svg\",\"width\":195,\"height\":46,\"caption\":\"Meydan TV\"},\"image\":{\"@id\":\"https:\\\/\\\/www.meydan.tv\\\/az\\\/#\\\/schema\\\/logo\\\/image\\\/\"}},{\"@type\":\"Person\",\"@id\":\"https:\\\/\\\/www.meydan.tv\\\/az\\\/#\\\/schema\\\/person\\\/8f23e01c4de63326c13c319fb65ee65d\",\"name\":\"roma\"}]}<\/script>\n<!-- \/ Yoast SEO plugin. -->","yoast_head_json":{"title":"Prokuror B\u0259hruz S\u0259m\u0259dova 16 il c\u0259za verilm\u0259sini ist\u0259yib - MEYDAN.TV","robots":{"index":"index","follow":"follow","max-snippet":"max-snippet:-1","max-image-preview":"max-image-preview:large","max-video-preview":"max-video-preview:-1"},"canonical":"https:\/\/www.meydan.tv\/az\/article\/prokuror-b%c9%99hruz-s%c9%99m%c9%99dova-16-il-c%c9%99za-verilm%c9%99sini-ist%c9%99yib\/","og_locale":"az_AZ","og_type":"article","og_title":"Prokuror B\u0259hruz S\u0259m\u0259dova 16 il c\u0259za verilm\u0259sini ist\u0259yib - MEYDAN.TV","og_description":"V\u0259kilin v\u0259sat\u0259tl\u0259ri t\u0259min edilm\u0259yib Bu g\u00fcn, iyunun 20-d\u0259 \u00c7exiyan\u0131n Karlov ... Davam\u0131","og_url":"https:\/\/www.meydan.tv\/az\/article\/prokuror-b%c9%99hruz-s%c9%99m%c9%99dova-16-il-c%c9%99za-verilm%c9%99sini-ist%c9%99yib\/","og_site_name":"MEYDAN.TV","article_published_time":"2025-06-20T09:12:34+00:00","article_modified_time":"2025-06-20T09:12:36+00:00","og_image":[{"width":1200,"height":571,"url":"https:\/\/www.meydan.tv\/wp-content\/uploads\/screenshot-2024-10-19-at-09.19.08-1200x571.png","type":"image\/png"}],"author":"roma","twitter_card":"summary_large_image","schema":{"@context":"https:\/\/schema.org","@graph":[{"@type":"Article","@id":"https:\/\/www.meydan.tv\/az\/article\/prokuror-b%c9%99hruz-s%c9%99m%c9%99dova-16-il-c%c9%99za-verilm%c9%99sini-ist%c9%99yib\/#article","isPartOf":{"@id":"https:\/\/www.meydan.tv\/az\/article\/prokuror-b%c9%99hruz-s%c9%99m%c9%99dova-16-il-c%c9%99za-verilm%c9%99sini-ist%c9%99yib\/"},"author":{"name":"roma","@id":"https:\/\/www.meydan.tv\/az\/#\/schema\/person\/8f23e01c4de63326c13c319fb65ee65d"},"headline":"Prokuror B\u0259hruz S\u0259m\u0259dova 16 il c\u0259za verilm\u0259sini ist\u0259yib","datePublished":"2025-06-20T09:12:34+00:00","dateModified":"2025-06-20T09:12:36+00:00","mainEntityOfPage":{"@id":"https:\/\/www.meydan.tv\/az\/article\/prokuror-b%c9%99hruz-s%c9%99m%c9%99dova-16-il-c%c9%99za-verilm%c9%99sini-ist%c9%99yib\/"},"wordCount":283,"publisher":{"@id":"https:\/\/www.meydan.tv\/az\/#organization"},"image":{"@id":"https:\/\/www.meydan.tv\/az\/article\/prokuror-b%c9%99hruz-s%c9%99m%c9%99dova-16-il-c%c9%99za-verilm%c9%99sini-ist%c9%99yib\/#primaryimage"},"thumbnailUrl":"https:\/\/www.meydan.tv\/wp-content\/uploads\/screenshot-2024-10-19-at-09.19.08.png","articleSection":["T\u00f6vsiy\u0259","X\u0259b\u0259rl\u0259r"],"inLanguage":"az"},{"@type":"WebPage","@id":"https:\/\/www.meydan.tv\/az\/article\/prokuror-b%c9%99hruz-s%c9%99m%c9%99dova-16-il-c%c9%99za-verilm%c9%99sini-ist%c9%99yib\/","url":"https:\/\/www.meydan.tv\/az\/article\/prokuror-b%c9%99hruz-s%c9%99m%c9%99dova-16-il-c%c9%99za-verilm%c9%99sini-ist%c9%99yib\/","name":"Prokuror B\u0259hruz S\u0259m\u0259dova 16 il c\u0259za verilm\u0259sini ist\u0259yib - MEYDAN.TV","isPartOf":{"@id":"https:\/\/www.meydan.tv\/az\/#website"},"primaryImageOfPage":{"@id":"https:\/\/www.meydan.tv\/az\/article\/prokuror-b%c9%99hruz-s%c9%99m%c9%99dova-16-il-c%c9%99za-verilm%c9%99sini-ist%c9%99yib\/#primaryimage"},"image":{"@id":"https:\/\/www.meydan.tv\/az\/article\/prokuror-b%c9%99hruz-s%c9%99m%c9%99dova-16-il-c%c9%99za-verilm%c9%99sini-ist%c9%99yib\/#primaryimage"},"thumbnailUrl":"https:\/\/www.meydan.tv\/wp-content\/uploads\/screenshot-2024-10-19-at-09.19.08.png","datePublished":"2025-06-20T09:12:34+00:00","dateModified":"2025-06-20T09:12:36+00:00","breadcrumb":{"@id":"https:\/\/www.meydan.tv\/az\/article\/prokuror-b%c9%99hruz-s%c9%99m%c9%99dova-16-il-c%c9%99za-verilm%c9%99sini-ist%c9%99yib\/#breadcrumb"},"inLanguage":"az","potentialAction":[{"@type":"ReadAction","target":["https:\/\/www.meydan.tv\/az\/article\/prokuror-b%c9%99hruz-s%c9%99m%c9%99dova-16-il-c%c9%99za-verilm%c9%99sini-ist%c9%99yib\/"]}]},{"@type":"ImageObject","inLanguage":"az","@id":"https:\/\/www.meydan.tv\/az\/article\/prokuror-b%c9%99hruz-s%c9%99m%c9%99dova-16-il-c%c9%99za-verilm%c9%99sini-ist%c9%99yib\/#primaryimage","url":"https:\/\/www.meydan.tv\/wp-content\/uploads\/screenshot-2024-10-19-at-09.19.08.png","contentUrl":"https:\/\/www.meydan.tv\/wp-content\/uploads\/screenshot-2024-10-19-at-09.19.08.png","width":2412,"height":1148,"caption":"B\u0259hruz S\u0259m\u0259dov. Foto: videodan skrin\u015fot"},{"@type":"BreadcrumbList","@id":"https:\/\/www.meydan.tv\/az\/article\/prokuror-b%c9%99hruz-s%c9%99m%c9%99dova-16-il-c%c9%99za-verilm%c9%99sini-ist%c9%99yib\/#breadcrumb","itemListElement":[{"@type":"ListItem","position":1,"name":"Ana s\u0259hif\u0259","item":"https:\/\/www.meydan.tv\/az\/"},{"@type":"ListItem","position":2,"name":"X\u0259b\u0259rl\u0259r","item":"https:\/\/www.meydan.tv\/az\/section\/xeberler\/"},{"@type":"ListItem","position":3,"name":"Prokuror B\u0259hruz S\u0259m\u0259dova 16 il c\u0259za verilm\u0259sini ist\u0259yib"}]},{"@type":"WebSite","@id":"https:\/\/www.meydan.tv\/az\/#website","url":"https:\/\/www.meydan.tv\/az\/","name":"MEYDAN.TV","description":"Meydan TV Az\u0259rbaycan\u0131n media m\u0259kan\u0131ndak\u0131 alternativ s\u0259sidir","publisher":{"@id":"https:\/\/www.meydan.tv\/az\/#organization"},"potentialAction":[{"@type":"SearchAction","target":{"@type":"EntryPoint","urlTemplate":"https:\/\/www.meydan.tv\/az\/?s={search_term_string}"},"query-input":{"@type":"PropertyValueSpecification","valueRequired":true,"valueName":"search_term_string"}}],"inLanguage":"az"},{"@type":"Organization","@id":"https:\/\/www.meydan.tv\/az\/#organization","name":"Meydan TV","url":"https:\/\/www.meydan.tv\/az\/","logo":{"@type":"ImageObject","inLanguage":"az","@id":"https:\/\/www.meydan.tv\/az\/#\/schema\/logo\/image\/","url":"https:\/\/www.meydan.tv\/wp-content\/uploads\/2021\/07\/meydan-logo.svg","contentUrl":"https:\/\/www.meydan.tv\/wp-content\/uploads\/2021\/07\/meydan-logo.svg","width":195,"height":46,"caption":"Meydan TV"},"image":{"@id":"https:\/\/www.meydan.tv\/az\/#\/schema\/logo\/image\/"}},{"@type":"Person","@id":"https:\/\/www.meydan.tv\/az\/#\/schema\/person\/8f23e01c4de63326c13c319fb65ee65d","name":"roma"}]}},"_links":{"self":[{"href":"https:\/\/www.meydan.tv\/az\/wp-json\/wp\/v2\/posts\/332044","targetHints":{"allow":["GET"]}}],"collection":[{"href":"https:\/\/www.meydan.tv\/az\/wp-json\/wp\/v2\/posts"}],"about":[{"href":"https:\/\/www.meydan.tv\/az\/wp-json\/wp\/v2\/types\/post"}],"author":[{"embeddable":true,"href":"https:\/\/www.meydan.tv\/az\/wp-json\/wp\/v2\/users\/14"}],"replies":[{"embeddable":true,"href":"https:\/\/www.meydan.tv\/az\/wp-json\/wp\/v2\/comments?post=332044"}],"version-history":[{"count":2,"href":"https:\/\/www.meydan.tv\/az\/wp-json\/wp\/v2\/posts\/332044\/revisions"}],"predecessor-version":[{"id":332077,"href":"https:\/\/www.meydan.tv\/az\/wp-json\/wp\/v2\/posts\/332044\/revisions\/332077"}],"wp:featuredmedia":[{"embeddable":true,"href":"https:\/\/www.meydan.tv\/az\/wp-json\/wp\/v2\/media\/318058"}],"wp:attachment":[{"href":"https:\/\/www.meydan.tv\/az\/wp-json\/wp\/v2\/media?parent=332044"}],"wp:term":[{"taxonomy":"category","embeddable":true,"href":"https:\/\/www.meydan.tv\/az\/wp-json\/wp\/v2\/categories?post=332044"},{"taxonomy":"post_tag","embeddable":true,"href":"https:\/\/www.meydan.tv\/az\/wp-json\/wp\/v2\/tags?post=332044"}],"curies":[{"name":"wp","href":"https:\/\/api.w.org\/{rel}","templated":true}]}}