{"id":332042,"date":"2025-06-20T12:32:52","date_gmt":"2025-06-20T08:32:52","guid":{"rendered":"https:\/\/www.meydan.tv\/?p=332042"},"modified":"2025-06-20T12:32:55","modified_gmt":"2025-06-20T08:32:55","slug":"amnesty-international-abzas-media-jurnalistl%c9%99rinin-d%c9%99rhal-azad-edilm%c9%99sini-t%c9%99l%c9%99b-edir","status":"publish","type":"post","link":"https:\/\/www.meydan.tv\/az\/article\/amnesty-international-abzas-media-jurnalistl%c9%99rinin-d%c9%99rhal-azad-edilm%c9%99sini-t%c9%99l%c9%99b-edir\/","title":{"rendered":"\u201cAmnesty International\u201d \u201cAbzas Media&#8221; jurnalistl\u0259rinin d\u0259rhal azad edilm\u0259sini t\u0259l\u0259b edir"},"content":{"rendered":"\n<p><strong><em>\u201cAbzas Media i\u015fi\u201d \u00fczr\u0259 h\u0259bs olunanlar bu g\u00fcn son s\u00f6zl\u0259ri il\u0259 \u00e7\u0131x\u0131\u015f ed\u0259c\u0259kl\u0259r<\/em><\/strong><\/p>\n\n\n\n<p>\u201cAmnesty International\u201d\u0131n \u015e\u0259rqi Avropa v\u0259 M\u0259rk\u0259zi Asiya Regional \u0130dar\u0259si \u201cAbzas Media i\u015fi\u201d \u00fczr\u0259 bu g\u00fcn ke\u00e7iril\u0259c\u0259k n\u00f6vb\u0259ti m\u0259hk\u0259m\u0259 prosesind\u0259n \u0259vv\u0259l bir daha jurnalistl\u0259rin azadl\u0131\u011fa burax\u0131lmas\u0131 \u00fc\u00e7\u00fcn \u00e7a\u011f\u0131r\u0131\u015f edib.<\/p>\n\n\n\n<p>T\u0259\u015fkilat\u0131n m\u00fcraci\u0259tind\u0259 bildirilir ki, jurnalistl\u0259r bu m\u00fcdd\u0259t \u0259rzind\u0259 h\u0259d\u0259l\u0259rl\u0259, t\u0259zyiql\u0259rl\u0259 v\u0259 \u0259dal\u0259tsizlikl\u0259 \u00fczl\u0259\u015fibl\u0259r.<\/p>\n\n\n\n<p><em>\u201cJurnalistl\u0259rin yegan\u0259 \u201ccinay\u0259ti\u201d h\u0259qiq\u0259ti ictimaiyy\u0259t\u0259 \u00e7atd\u0131rmaq olub. Onlar d\u0259rhal azadl\u0131\u011fa burax\u0131lmal\u0131d\u0131r\u201d,<\/em> \u2013 t\u0259\u015fkilat\u0131n b\u0259yanat\u0131nda deyilir.<\/p>\n\n\n\n<p>Bu g\u00fcn \u2013 iyunun 20-d\u0259 \u201cAbzas Media i\u015fi\u201d \u00fczr\u0259 n\u00f6vb\u0259ti m\u0259hk\u0259m\u0259 prosesi ke\u00e7iril\u0259c\u0259k. Jurnalistl\u0259rin son s\u00f6zl\u0259ri il\u0259 \u00e7\u0131x\u0131\u015f ed\u0259c\u0259yi v\u0259 onlara yekun h\u00f6km\u00fcn oxunaca\u011f\u0131 g\u00f6zl\u0259nilir.<\/p>\n\n\n\n<p>May\u0131n 20-d\u0259 d\u00f6vl\u0259t ittiham\u00e7\u0131s\u0131 bu i\u015f \u00fczr\u0259 t\u0259qsirl\u0259ndiril\u0259n \u015f\u0259xsl\u0259r\u0259 \u00fcmumilikd\u0259 80 il c\u0259za ist\u0259yib.<\/p>\n\n\n\n<p>2023-c\u00fc ilin noyabr\u0131n 20-d\u0259n etibar\u0259n Az\u0259rbaycanda korrupsiya ara\u015fd\u0131rmalar\u0131 aparan \u201cAbzas Media\u201dn\u0131n 6 \u0259m\u0259kda\u015f\u0131 \u2013 direktor \u00dclvi H\u0259s\u0259nli, onun m\u00fcavini M\u0259h\u0259mm\u0259d Kekalov, ba\u015f redaktor Sevinc Vaqifq\u0131z\u0131, reportyorlar N\u0259rgiz Absalamova v\u0259 Elnar\u0259 Qas\u0131mova, ara\u015fd\u0131rma\u00e7\u0131 jurnalist Hafiz Babal\u0131 h\u0259bs edilibl\u0259r.<\/p>\n\n\n\n<p>\u00d6t\u0259n ilin may\u0131nda \u201cAzadl\u0131q Radiosu\u201dnun jurnalisti, iqtisad\u00e7\u0131 F\u0259rid Mehral\u0131zad\u0259 d\u0259 \u201cAbzas Media i\u015fi\u201d \u00e7\u0259r\u00e7iv\u0259sind\u0259 h\u0259bs edilib. El\u0259 h\u0259min g\u00fcn \u201cAbzas Media\u201d b\u0259yanat yayaraq Mehral\u0131zad\u0259 il\u0259 \u0259m\u0259kda\u015fl\u0131l\u0131q \u0259laq\u0259sinin olmad\u0131\u011f\u0131n\u0131 bildirib.<\/p>\n\n\n\n<p>Jurnalistl\u0259r ir\u0259li s\u00fcr\u00fcl\u0259n ittihamlar\u0131 r\u0259dd edir, h\u0259bsl\u0259rinin apard\u0131qlar\u0131 korrupsiya ara\u015fd\u0131rmalar\u0131na g\u00f6r\u0259 siyasi sifari\u015f oldu\u011funu bildirirl\u0259r.<\/p>\n\n\n\n<p>Yerli v\u0259 beyn\u0259lxalq h\u00fcquq m\u00fcdafi\u0259 t\u0259\u015fkilatlar\u0131 bu h\u0259bsl\u0259ri siyasi motivli hesab edir v\u0259 jurnalistl\u0259rin azad edilm\u0259sin\u0259, onlara qar\u015f\u0131 ittihamlar\u0131n geri g\u00f6t\u00fcr\u00fclm\u0259sin\u0259 \u00e7a\u011f\u0131r\u0131rlar.<\/p>\n","protected":false},"excerpt":{"rendered":"<p>\u201cAbzas Media i\u015fi\u201d \u00fczr\u0259 h\u0259bs olunanlar bu g\u00fcn son s\u00f6zl\u0259ri &#8230; <\/p>\n<p class=\"read-more-container\"><a title=\"\u201cAmnesty International\u201d \u201cAbzas Media&#8221; jurnalistl\u0259rinin d\u0259rhal azad edilm\u0259sini t\u0259l\u0259b edir\" class=\"read-more button\" href=\"https:\/\/www.meydan.tv\/az\/article\/amnesty-international-abzas-media-jurnalistl%c9%99rinin-d%c9%99rhal-azad-edilm%c9%99sini-t%c9%99l%c9%99b-edir\/#more-332042\" aria-label=\"Read more about \u201cAmnesty International\u201d \u201cAbzas Media&#8221; jurnalistl\u0259rinin d\u0259rhal azad edilm\u0259sini t\u0259l\u0259b edir\">Davam\u0131<\/a><\/p>\n","protected":false},"author":16,"featured_media":330761,"comment_status":"closed","ping_status":"closed","sticky":false,"template":"","format":"standard","meta":{"_acf_changed":false,"_sitemap_exclude":false,"_sitemap_priority":"","_sitemap_frequency":"","footnotes":""},"categories":[79,56],"tags":[],"class_list":["post-332042","post","type-post","status-publish","format-standard","has-post-thumbnail","hentry","category-featured","category-xeberler","infinite-scroll-item","generate-columns","tablet-grid-50","mobile-grid-100","grid-parent","grid-33","no-featured-image-padding"],"acf":[],"yoast_head":"<!-- This site is optimized with the Yoast SEO plugin v27.5 - https:\/\/yoast.com\/product\/yoast-seo-wordpress\/ -->\n<title>\u201cAmnesty International\u201d \u201cAbzas Media&quot; jurnalistl\u0259rinin d\u0259rhal azad edilm\u0259sini t\u0259l\u0259b edir - MEYDAN.TV<\/title>\n<meta name=\"robots\" content=\"index, follow, max-snippet:-1, max-image-preview:large, max-video-preview:-1\" \/>\n<link rel=\"canonical\" href=\"https:\/\/www.meydan.tv\/az\/article\/amnesty-international-abzas-media-jurnalistl%c9%99rinin-d%c9%99rhal-azad-edilm%c9%99sini-t%c9%99l%c9%99b-edir\/\" \/>\n<meta property=\"og:locale\" content=\"az_AZ\" \/>\n<meta property=\"og:type\" content=\"article\" \/>\n<meta property=\"og:title\" content=\"\u201cAmnesty International\u201d \u201cAbzas Media&quot; jurnalistl\u0259rinin d\u0259rhal azad edilm\u0259sini t\u0259l\u0259b edir - MEYDAN.TV\" \/>\n<meta property=\"og:description\" content=\"\u201cAbzas Media i\u015fi\u201d \u00fczr\u0259 h\u0259bs olunanlar bu g\u00fcn son s\u00f6zl\u0259ri ... Davam\u0131\" \/>\n<meta property=\"og:url\" content=\"https:\/\/www.meydan.tv\/az\/article\/amnesty-international-abzas-media-jurnalistl%c9%99rinin-d%c9%99rhal-azad-edilm%c9%99sini-t%c9%99l%c9%99b-edir\/\" \/>\n<meta property=\"og:site_name\" content=\"MEYDAN.TV\" \/>\n<meta property=\"article:published_time\" content=\"2025-06-20T08:32:52+00:00\" \/>\n<meta property=\"article:modified_time\" content=\"2025-06-20T08:32:55+00:00\" \/>\n<meta property=\"og:image\" content=\"https:\/\/www.meydan.tv\/wp-content\/uploads\/56556.png\" \/>\n\t<meta property=\"og:image:width\" content=\"1179\" \/>\n\t<meta property=\"og:image:height\" content=\"576\" \/>\n\t<meta property=\"og:image:type\" content=\"image\/png\" \/>\n<meta name=\"author\" content=\"sevda\" \/>\n<meta name=\"twitter:card\" content=\"summary_large_image\" \/>\n<script type=\"application\/ld+json\" class=\"yoast-schema-graph\">{\"@context\":\"https:\\\/\\\/schema.org\",\"@graph\":[{\"@type\":\"Article\",\"@id\":\"https:\\\/\\\/www.meydan.tv\\\/az\\\/article\\\/amnesty-international-abzas-media-jurnalistl%c9%99rinin-d%c9%99rhal-azad-edilm%c9%99sini-t%c9%99l%c9%99b-edir\\\/#article\",\"isPartOf\":{\"@id\":\"https:\\\/\\\/www.meydan.tv\\\/az\\\/article\\\/amnesty-international-abzas-media-jurnalistl%c9%99rinin-d%c9%99rhal-azad-edilm%c9%99sini-t%c9%99l%c9%99b-edir\\\/\"},\"author\":{\"name\":\"sevda\",\"@id\":\"https:\\\/\\\/www.meydan.tv\\\/az\\\/#\\\/schema\\\/person\\\/49b5f2bad5b126bb8ea9320eeb3e4dc9\"},\"headline\":\"\u201cAmnesty International\u201d \u201cAbzas Media&#8221; jurnalistl\u0259rinin d\u0259rhal azad edilm\u0259sini t\u0259l\u0259b edir\",\"datePublished\":\"2025-06-20T08:32:52+00:00\",\"dateModified\":\"2025-06-20T08:32:55+00:00\",\"mainEntityOfPage\":{\"@id\":\"https:\\\/\\\/www.meydan.tv\\\/az\\\/article\\\/amnesty-international-abzas-media-jurnalistl%c9%99rinin-d%c9%99rhal-azad-edilm%c9%99sini-t%c9%99l%c9%99b-edir\\\/\"},\"wordCount\":378,\"publisher\":{\"@id\":\"https:\\\/\\\/www.meydan.tv\\\/az\\\/#organization\"},\"image\":{\"@id\":\"https:\\\/\\\/www.meydan.tv\\\/az\\\/article\\\/amnesty-international-abzas-media-jurnalistl%c9%99rinin-d%c9%99rhal-azad-edilm%c9%99sini-t%c9%99l%c9%99b-edir\\\/#primaryimage\"},\"thumbnailUrl\":\"https:\\\/\\\/www.meydan.tv\\\/wp-content\\\/uploads\\\/56556.png\",\"articleSection\":[\"T\u00f6vsiy\u0259\",\"X\u0259b\u0259rl\u0259r\"],\"inLanguage\":\"az\"},{\"@type\":\"WebPage\",\"@id\":\"https:\\\/\\\/www.meydan.tv\\\/az\\\/article\\\/amnesty-international-abzas-media-jurnalistl%c9%99rinin-d%c9%99rhal-azad-edilm%c9%99sini-t%c9%99l%c9%99b-edir\\\/\",\"url\":\"https:\\\/\\\/www.meydan.tv\\\/az\\\/article\\\/amnesty-international-abzas-media-jurnalistl%c9%99rinin-d%c9%99rhal-azad-edilm%c9%99sini-t%c9%99l%c9%99b-edir\\\/\",\"name\":\"\u201cAmnesty International\u201d \u201cAbzas Media\\\" jurnalistl\u0259rinin d\u0259rhal azad edilm\u0259sini t\u0259l\u0259b edir - MEYDAN.TV\",\"isPartOf\":{\"@id\":\"https:\\\/\\\/www.meydan.tv\\\/az\\\/#website\"},\"primaryImageOfPage\":{\"@id\":\"https:\\\/\\\/www.meydan.tv\\\/az\\\/article\\\/amnesty-international-abzas-media-jurnalistl%c9%99rinin-d%c9%99rhal-azad-edilm%c9%99sini-t%c9%99l%c9%99b-edir\\\/#primaryimage\"},\"image\":{\"@id\":\"https:\\\/\\\/www.meydan.tv\\\/az\\\/article\\\/amnesty-international-abzas-media-jurnalistl%c9%99rinin-d%c9%99rhal-azad-edilm%c9%99sini-t%c9%99l%c9%99b-edir\\\/#primaryimage\"},\"thumbnailUrl\":\"https:\\\/\\\/www.meydan.tv\\\/wp-content\\\/uploads\\\/56556.png\",\"datePublished\":\"2025-06-20T08:32:52+00:00\",\"dateModified\":\"2025-06-20T08:32:55+00:00\",\"breadcrumb\":{\"@id\":\"https:\\\/\\\/www.meydan.tv\\\/az\\\/article\\\/amnesty-international-abzas-media-jurnalistl%c9%99rinin-d%c9%99rhal-azad-edilm%c9%99sini-t%c9%99l%c9%99b-edir\\\/#breadcrumb\"},\"inLanguage\":\"az\",\"potentialAction\":[{\"@type\":\"ReadAction\",\"target\":[\"https:\\\/\\\/www.meydan.tv\\\/az\\\/article\\\/amnesty-international-abzas-media-jurnalistl%c9%99rinin-d%c9%99rhal-azad-edilm%c9%99sini-t%c9%99l%c9%99b-edir\\\/\"]}]},{\"@type\":\"ImageObject\",\"inLanguage\":\"az\",\"@id\":\"https:\\\/\\\/www.meydan.tv\\\/az\\\/article\\\/amnesty-international-abzas-media-jurnalistl%c9%99rinin-d%c9%99rhal-azad-edilm%c9%99sini-t%c9%99l%c9%99b-edir\\\/#primaryimage\",\"url\":\"https:\\\/\\\/www.meydan.tv\\\/wp-content\\\/uploads\\\/56556.png\",\"contentUrl\":\"https:\\\/\\\/www.meydan.tv\\\/wp-content\\\/uploads\\\/56556.png\",\"width\":1179,\"height\":576,\"caption\":\"Fotokollaj: AbzasMedia\"},{\"@type\":\"BreadcrumbList\",\"@id\":\"https:\\\/\\\/www.meydan.tv\\\/az\\\/article\\\/amnesty-international-abzas-media-jurnalistl%c9%99rinin-d%c9%99rhal-azad-edilm%c9%99sini-t%c9%99l%c9%99b-edir\\\/#breadcrumb\",\"itemListElement\":[{\"@type\":\"ListItem\",\"position\":1,\"name\":\"Ana s\u0259hif\u0259\",\"item\":\"https:\\\/\\\/www.meydan.tv\\\/az\\\/\"},{\"@type\":\"ListItem\",\"position\":2,\"name\":\"X\u0259b\u0259rl\u0259r\",\"item\":\"https:\\\/\\\/www.meydan.tv\\\/az\\\/section\\\/xeberler\\\/\"},{\"@type\":\"ListItem\",\"position\":3,\"name\":\"\u201cAmnesty International\u201d \u201cAbzas Media&#8221; jurnalistl\u0259rinin d\u0259rhal azad edilm\u0259sini t\u0259l\u0259b edir\"}]},{\"@type\":\"WebSite\",\"@id\":\"https:\\\/\\\/www.meydan.tv\\\/az\\\/#website\",\"url\":\"https:\\\/\\\/www.meydan.tv\\\/az\\\/\",\"name\":\"MEYDAN.TV\",\"description\":\"Meydan TV Az\u0259rbaycan\u0131n media m\u0259kan\u0131ndak\u0131 alternativ s\u0259sidir\",\"publisher\":{\"@id\":\"https:\\\/\\\/www.meydan.tv\\\/az\\\/#organization\"},\"potentialAction\":[{\"@type\":\"SearchAction\",\"target\":{\"@type\":\"EntryPoint\",\"urlTemplate\":\"https:\\\/\\\/www.meydan.tv\\\/az\\\/?s={search_term_string}\"},\"query-input\":{\"@type\":\"PropertyValueSpecification\",\"valueRequired\":true,\"valueName\":\"search_term_string\"}}],\"inLanguage\":\"az\"},{\"@type\":\"Organization\",\"@id\":\"https:\\\/\\\/www.meydan.tv\\\/az\\\/#organization\",\"name\":\"Meydan TV\",\"url\":\"https:\\\/\\\/www.meydan.tv\\\/az\\\/\",\"logo\":{\"@type\":\"ImageObject\",\"inLanguage\":\"az\",\"@id\":\"https:\\\/\\\/www.meydan.tv\\\/az\\\/#\\\/schema\\\/logo\\\/image\\\/\",\"url\":\"https:\\\/\\\/www.meydan.tv\\\/wp-content\\\/uploads\\\/2021\\\/07\\\/meydan-logo.svg\",\"contentUrl\":\"https:\\\/\\\/www.meydan.tv\\\/wp-content\\\/uploads\\\/2021\\\/07\\\/meydan-logo.svg\",\"width\":195,\"height\":46,\"caption\":\"Meydan TV\"},\"image\":{\"@id\":\"https:\\\/\\\/www.meydan.tv\\\/az\\\/#\\\/schema\\\/logo\\\/image\\\/\"}},{\"@type\":\"Person\",\"@id\":\"https:\\\/\\\/www.meydan.tv\\\/az\\\/#\\\/schema\\\/person\\\/49b5f2bad5b126bb8ea9320eeb3e4dc9\",\"name\":\"sevda\"}]}<\/script>\n<!-- \/ Yoast SEO plugin. -->","yoast_head_json":{"title":"\u201cAmnesty International\u201d \u201cAbzas Media\" jurnalistl\u0259rinin d\u0259rhal azad edilm\u0259sini t\u0259l\u0259b edir - MEYDAN.TV","robots":{"index":"index","follow":"follow","max-snippet":"max-snippet:-1","max-image-preview":"max-image-preview:large","max-video-preview":"max-video-preview:-1"},"canonical":"https:\/\/www.meydan.tv\/az\/article\/amnesty-international-abzas-media-jurnalistl%c9%99rinin-d%c9%99rhal-azad-edilm%c9%99sini-t%c9%99l%c9%99b-edir\/","og_locale":"az_AZ","og_type":"article","og_title":"\u201cAmnesty International\u201d \u201cAbzas Media\" jurnalistl\u0259rinin d\u0259rhal azad edilm\u0259sini t\u0259l\u0259b edir - MEYDAN.TV","og_description":"\u201cAbzas Media i\u015fi\u201d \u00fczr\u0259 h\u0259bs olunanlar bu g\u00fcn son s\u00f6zl\u0259ri ... Davam\u0131","og_url":"https:\/\/www.meydan.tv\/az\/article\/amnesty-international-abzas-media-jurnalistl%c9%99rinin-d%c9%99rhal-azad-edilm%c9%99sini-t%c9%99l%c9%99b-edir\/","og_site_name":"MEYDAN.TV","article_published_time":"2025-06-20T08:32:52+00:00","article_modified_time":"2025-06-20T08:32:55+00:00","og_image":[{"width":1179,"height":576,"url":"https:\/\/www.meydan.tv\/wp-content\/uploads\/56556.png","type":"image\/png"}],"author":"sevda","twitter_card":"summary_large_image","schema":{"@context":"https:\/\/schema.org","@graph":[{"@type":"Article","@id":"https:\/\/www.meydan.tv\/az\/article\/amnesty-international-abzas-media-jurnalistl%c9%99rinin-d%c9%99rhal-azad-edilm%c9%99sini-t%c9%99l%c9%99b-edir\/#article","isPartOf":{"@id":"https:\/\/www.meydan.tv\/az\/article\/amnesty-international-abzas-media-jurnalistl%c9%99rinin-d%c9%99rhal-azad-edilm%c9%99sini-t%c9%99l%c9%99b-edir\/"},"author":{"name":"sevda","@id":"https:\/\/www.meydan.tv\/az\/#\/schema\/person\/49b5f2bad5b126bb8ea9320eeb3e4dc9"},"headline":"\u201cAmnesty International\u201d \u201cAbzas Media&#8221; jurnalistl\u0259rinin d\u0259rhal azad edilm\u0259sini t\u0259l\u0259b edir","datePublished":"2025-06-20T08:32:52+00:00","dateModified":"2025-06-20T08:32:55+00:00","mainEntityOfPage":{"@id":"https:\/\/www.meydan.tv\/az\/article\/amnesty-international-abzas-media-jurnalistl%c9%99rinin-d%c9%99rhal-azad-edilm%c9%99sini-t%c9%99l%c9%99b-edir\/"},"wordCount":378,"publisher":{"@id":"https:\/\/www.meydan.tv\/az\/#organization"},"image":{"@id":"https:\/\/www.meydan.tv\/az\/article\/amnesty-international-abzas-media-jurnalistl%c9%99rinin-d%c9%99rhal-azad-edilm%c9%99sini-t%c9%99l%c9%99b-edir\/#primaryimage"},"thumbnailUrl":"https:\/\/www.meydan.tv\/wp-content\/uploads\/56556.png","articleSection":["T\u00f6vsiy\u0259","X\u0259b\u0259rl\u0259r"],"inLanguage":"az"},{"@type":"WebPage","@id":"https:\/\/www.meydan.tv\/az\/article\/amnesty-international-abzas-media-jurnalistl%c9%99rinin-d%c9%99rhal-azad-edilm%c9%99sini-t%c9%99l%c9%99b-edir\/","url":"https:\/\/www.meydan.tv\/az\/article\/amnesty-international-abzas-media-jurnalistl%c9%99rinin-d%c9%99rhal-azad-edilm%c9%99sini-t%c9%99l%c9%99b-edir\/","name":"\u201cAmnesty International\u201d \u201cAbzas Media\" jurnalistl\u0259rinin d\u0259rhal azad edilm\u0259sini t\u0259l\u0259b edir - MEYDAN.TV","isPartOf":{"@id":"https:\/\/www.meydan.tv\/az\/#website"},"primaryImageOfPage":{"@id":"https:\/\/www.meydan.tv\/az\/article\/amnesty-international-abzas-media-jurnalistl%c9%99rinin-d%c9%99rhal-azad-edilm%c9%99sini-t%c9%99l%c9%99b-edir\/#primaryimage"},"image":{"@id":"https:\/\/www.meydan.tv\/az\/article\/amnesty-international-abzas-media-jurnalistl%c9%99rinin-d%c9%99rhal-azad-edilm%c9%99sini-t%c9%99l%c9%99b-edir\/#primaryimage"},"thumbnailUrl":"https:\/\/www.meydan.tv\/wp-content\/uploads\/56556.png","datePublished":"2025-06-20T08:32:52+00:00","dateModified":"2025-06-20T08:32:55+00:00","breadcrumb":{"@id":"https:\/\/www.meydan.tv\/az\/article\/amnesty-international-abzas-media-jurnalistl%c9%99rinin-d%c9%99rhal-azad-edilm%c9%99sini-t%c9%99l%c9%99b-edir\/#breadcrumb"},"inLanguage":"az","potentialAction":[{"@type":"ReadAction","target":["https:\/\/www.meydan.tv\/az\/article\/amnesty-international-abzas-media-jurnalistl%c9%99rinin-d%c9%99rhal-azad-edilm%c9%99sini-t%c9%99l%c9%99b-edir\/"]}]},{"@type":"ImageObject","inLanguage":"az","@id":"https:\/\/www.meydan.tv\/az\/article\/amnesty-international-abzas-media-jurnalistl%c9%99rinin-d%c9%99rhal-azad-edilm%c9%99sini-t%c9%99l%c9%99b-edir\/#primaryimage","url":"https:\/\/www.meydan.tv\/wp-content\/uploads\/56556.png","contentUrl":"https:\/\/www.meydan.tv\/wp-content\/uploads\/56556.png","width":1179,"height":576,"caption":"Fotokollaj: AbzasMedia"},{"@type":"BreadcrumbList","@id":"https:\/\/www.meydan.tv\/az\/article\/amnesty-international-abzas-media-jurnalistl%c9%99rinin-d%c9%99rhal-azad-edilm%c9%99sini-t%c9%99l%c9%99b-edir\/#breadcrumb","itemListElement":[{"@type":"ListItem","position":1,"name":"Ana s\u0259hif\u0259","item":"https:\/\/www.meydan.tv\/az\/"},{"@type":"ListItem","position":2,"name":"X\u0259b\u0259rl\u0259r","item":"https:\/\/www.meydan.tv\/az\/section\/xeberler\/"},{"@type":"ListItem","position":3,"name":"\u201cAmnesty International\u201d \u201cAbzas Media&#8221; jurnalistl\u0259rinin d\u0259rhal azad edilm\u0259sini t\u0259l\u0259b edir"}]},{"@type":"WebSite","@id":"https:\/\/www.meydan.tv\/az\/#website","url":"https:\/\/www.meydan.tv\/az\/","name":"MEYDAN.TV","description":"Meydan TV Az\u0259rbaycan\u0131n media m\u0259kan\u0131ndak\u0131 alternativ s\u0259sidir","publisher":{"@id":"https:\/\/www.meydan.tv\/az\/#organization"},"potentialAction":[{"@type":"SearchAction","target":{"@type":"EntryPoint","urlTemplate":"https:\/\/www.meydan.tv\/az\/?s={search_term_string}"},"query-input":{"@type":"PropertyValueSpecification","valueRequired":true,"valueName":"search_term_string"}}],"inLanguage":"az"},{"@type":"Organization","@id":"https:\/\/www.meydan.tv\/az\/#organization","name":"Meydan TV","url":"https:\/\/www.meydan.tv\/az\/","logo":{"@type":"ImageObject","inLanguage":"az","@id":"https:\/\/www.meydan.tv\/az\/#\/schema\/logo\/image\/","url":"https:\/\/www.meydan.tv\/wp-content\/uploads\/2021\/07\/meydan-logo.svg","contentUrl":"https:\/\/www.meydan.tv\/wp-content\/uploads\/2021\/07\/meydan-logo.svg","width":195,"height":46,"caption":"Meydan TV"},"image":{"@id":"https:\/\/www.meydan.tv\/az\/#\/schema\/logo\/image\/"}},{"@type":"Person","@id":"https:\/\/www.meydan.tv\/az\/#\/schema\/person\/49b5f2bad5b126bb8ea9320eeb3e4dc9","name":"sevda"}]}},"_links":{"self":[{"href":"https:\/\/www.meydan.tv\/az\/wp-json\/wp\/v2\/posts\/332042","targetHints":{"allow":["GET"]}}],"collection":[{"href":"https:\/\/www.meydan.tv\/az\/wp-json\/wp\/v2\/posts"}],"about":[{"href":"https:\/\/www.meydan.tv\/az\/wp-json\/wp\/v2\/types\/post"}],"author":[{"embeddable":true,"href":"https:\/\/www.meydan.tv\/az\/wp-json\/wp\/v2\/users\/16"}],"replies":[{"embeddable":true,"href":"https:\/\/www.meydan.tv\/az\/wp-json\/wp\/v2\/comments?post=332042"}],"version-history":[{"count":1,"href":"https:\/\/www.meydan.tv\/az\/wp-json\/wp\/v2\/posts\/332042\/revisions"}],"predecessor-version":[{"id":332043,"href":"https:\/\/www.meydan.tv\/az\/wp-json\/wp\/v2\/posts\/332042\/revisions\/332043"}],"wp:featuredmedia":[{"embeddable":true,"href":"https:\/\/www.meydan.tv\/az\/wp-json\/wp\/v2\/media\/330761"}],"wp:attachment":[{"href":"https:\/\/www.meydan.tv\/az\/wp-json\/wp\/v2\/media?parent=332042"}],"wp:term":[{"taxonomy":"category","embeddable":true,"href":"https:\/\/www.meydan.tv\/az\/wp-json\/wp\/v2\/categories?post=332042"},{"taxonomy":"post_tag","embeddable":true,"href":"https:\/\/www.meydan.tv\/az\/wp-json\/wp\/v2\/tags?post=332042"}],"curies":[{"name":"wp","href":"https:\/\/api.w.org\/{rel}","templated":true}]}}