{"id":332009,"date":"2025-06-18T22:36:28","date_gmt":"2025-06-18T18:36:28","guid":{"rendered":"https:\/\/www.meydan.tv\/?p=332009"},"modified":"2025-06-18T22:36:32","modified_gmt":"2025-06-18T18:36:32","slug":"az%c9%99r-qasimlinin-m%c9%99hk%c9%99m%c9%99si-v%c9%99kili-v%c9%99-ail%c9%99sinin-x%c9%99b%c9%99ri-olmadan-kecirilib","status":"publish","type":"post","link":"https:\/\/www.meydan.tv\/az\/article\/az%c9%99r-qasimlinin-m%c9%99hk%c9%99m%c9%99si-v%c9%99kili-v%c9%99-ail%c9%99sinin-x%c9%99b%c9%99ri-olmadan-kecirilib\/","title":{"rendered":"Az\u0259r Qas\u0131ml\u0131n\u0131n m\u0259hk\u0259m\u0259si v\u0259kili v\u0259 ail\u0259sinin x\u0259b\u0259ri olmadan ke\u00e7irilib"},"content":{"rendered":"\n<p><\/p>\n\n\n\n<p>Bu g\u00fcn, iyunun 18-d\u0259 Bak\u0131 A\u011f\u0131r Cinay\u0259tl\u0259r M\u0259hk\u0259m\u0259sind\u0259 h\u0259bsd\u0259 olan siyas\u0259t\u00e7i Az\u0259r Qas\u0131ml\u0131n\u0131n i\u015fi \u00fczr\u0259 ilk m\u0259hk\u0259m\u0259 prosesi ke\u00e7irilib, lakin bununla ba\u011fl\u0131 n\u0259 ail\u0259sin\u0259, n\u0259 d\u0259 v\u0259kill\u0259rin\u0259 m\u0259lumat verilm\u0259yib.<\/p>\n\n\n\n<p>H\u0259yat yolda\u015f\u0131 Samir\u0259 Qas\u0131ml\u0131 Meydan TV-y\u0259 bildirib ki, hadis\u0259d\u0259n saytlarda yay\u0131lan m\u0259lumatlardan sonra x\u0259b\u0259r tutub:<\/p>\n\n\n\n<p><em>\u201c\u0130yunun 23-d\u0259k Az\u0259r Qas\u0131ml\u0131n\u0131n m\u0259hk\u0259m\u0259si ba\u015flamal\u0131 idi. Bu g\u00fcn s\u0259h\u0259r v\u0259kili R\u00f6v\u015fan\u0259 R\u0259himlid\u0259n xahi\u015f etdim ki, m\u0259hk\u0259m\u0259nin g\u00fcn\u00fcn\u00fc \u00f6yr\u0259nsin. V\u0259kil z\u0259ng ed\u0259nd\u0259 ona deyibl\u0259r ki, prokururluq i\u015fi h\u0259l\u0259 m\u0259hk\u0259m\u0259y\u0259 g\u00f6nd\u0259rm\u0259yib. Bu g\u00fcn h\u0259m d\u0259 Az\u0259rin ev\u0259 z\u0259ng etm\u0259k g\u00fcn\u00fc idi. Ondan z\u0259ng g\u0259lm\u0259di, narahat oldum. Sonradan saytlarda oxudum ki, m\u0259hk\u0259m\u0259si ke\u00e7irilib. Amma bununla ba\u011fl\u0131 n\u0259 v\u0259kill\u0259rin\u0259, n\u0259 d\u0259 ail\u0259sin\u0259 m\u0259lumat verilm\u0259yib. X\u0259b\u0259r saytlarda yay\u0131mlanandan sonra v\u0259kil\u0259 z\u0259ng edib, bildiribl\u0259r ki, m\u0259hk\u0259m\u0259 iyunun 25-n\u0259 t\u0259xir\u0259 sal\u0131n\u0131b\u201d.<\/em><\/p>\n\n\n\n<p>Samir\u0259 Qas\u0131ml\u0131 m\u0259hk\u0259m\u0259nin ke\u00e7irilm\u0259si il\u0259 ba\u011fl\u0131 onlara niy\u0259 m\u0259lumat verilm\u0259diyini ara\u015fd\u0131racaqlar\u0131n\u0131 bildirib:<\/p>\n\n\n\n<p><em>\u201cBiz\u0259 d\u0259 maraql\u0131d\u0131r ki, g\u00f6r\u0259s\u0259n, n\u0259y\u0259 g\u00f6r\u0259 bel\u0259 t\u0259l\u0259sik v\u0259 gizli \u015f\u0259kild\u0259 m\u0259hk\u0259m\u0259 ke\u00e7irilib? Niy\u0259 biz\u0259 x\u0259b\u0259r etm\u0259yibl\u0259r? Az\u0259r\u0259 n\u0259 deyibl\u0259r? M\u0259hk\u0259m\u0259d\u0259 n\u0259 ba\u015f verib? Az\u0259rl\u0259 sabah \u0259laq\u0259 saxlayaca\u011fam, bundan sonra m\u0259s\u0259l\u0259d\u0259n agah olaca\u011f\u0131q\u201d.<\/em><\/p>\n\n\n\n<p>H\u00f6k\u00fcm\u0259ty\u00f6nl\u00fc media yaz\u0131r ki, iyunun 18-d\u0259 Bak\u0131 A\u011f\u0131r Cinay\u0259tl\u0259r M\u0259hk\u0259m\u0259sind\u0259 hakim Telman H\u00fcseynovun s\u0259drliyi il\u0259 ke\u00e7iril\u0259n prosesd\u0259 t\u0259qsirl\u0259ndiril\u0259n \u015f\u0259xsin v\u0259kill\u0259ri i\u015ftirak etm\u0259diyi \u00fc\u00e7\u00fcn m\u0259hk\u0259m\u0259nin haz\u0131rl\u0131q iclas\u0131 iyunun 25-n\u0259 kimi <a href=\"https:\/\/report.az\/daxili-siyaset\/azer-qasimlinin-mehkemesi-baslayib\/\" target=\"_blank\" rel=\"noreferrer noopener\">t\u0259xir\u0259 sal\u0131n\u0131b<\/a>.<\/p>\n\n\n\n<p>Az\u0259r Qas\u0131ml\u0131 2024-c\u00fc il dekabr\u0131n 8-d\u0259 saxlan\u0131l\u0131b.<\/p>\n\n\n\n<p>Bir g\u00fcn sonra Yasamal Rayon M\u0259hk\u0259m\u0259sinin q\u0259rar\u0131 il\u0259 Cinay\u0259t M\u0259c\u0259ll\u0259sinin 182.2.3-c\u00fc (zor t\u0259tbiq etm\u0259kl\u0259 h\u0259d\u0259-qorxu il\u0259 t\u0259l\u0259b etm\u0259) madd\u0259si \u00fczr\u0259 t\u0259qsirli bilin\u0259r\u0259k bar\u0259sind\u0259 h\u0259bs q\u0259timkan t\u0259dbiri se\u00e7ilib.<\/p>\n\n\n\n<p>O, z\u0259r\u0259r\u00e7\u0259kmi\u015f qismind\u0259 tan\u0131nan Qurban\u0259li Yusibovdan h\u0259d\u0259-qorxu il\u0259 pul t\u0259l\u0259b etm\u0259kd\u0259 ittiham olunur.<\/p>\n\n\n\n<p>V\u0259kili Aqil Lay\u0131c is\u0259 bildirib ki, h\u0259min \u015f\u0259xsin Az\u0259r Qas\u0131ml\u0131ya pul borclu olmas\u0131n\u0131 t\u0259sdiql\u0259y\u0259n qanuni q\u00fcvv\u0259y\u0259 minmi\u015f m\u0259hk\u0259m\u0259 q\u0259rar\u0131 var v\u0259 iddai absurddur.<\/p>\n\n\n\n<p>Az\u0259r Qas\u0131ml\u0131 \u00f6z\u00fc d\u0259 h\u0259bsinin siyasi motivli oldu\u011funu bildirib.<\/p>\n","protected":false},"excerpt":{"rendered":"<p>Bu g\u00fcn, iyunun 18-d\u0259 Bak\u0131 A\u011f\u0131r Cinay\u0259tl\u0259r M\u0259hk\u0259m\u0259sind\u0259 h\u0259bsd\u0259 olan &#8230; <\/p>\n<p class=\"read-more-container\"><a title=\"Az\u0259r Qas\u0131ml\u0131n\u0131n m\u0259hk\u0259m\u0259si v\u0259kili v\u0259 ail\u0259sinin x\u0259b\u0259ri olmadan ke\u00e7irilib\" class=\"read-more button\" href=\"https:\/\/www.meydan.tv\/az\/article\/az%c9%99r-qasimlinin-m%c9%99hk%c9%99m%c9%99si-v%c9%99kili-v%c9%99-ail%c9%99sinin-x%c9%99b%c9%99ri-olmadan-kecirilib\/#more-332009\" aria-label=\"Read more about Az\u0259r Qas\u0131ml\u0131n\u0131n m\u0259hk\u0259m\u0259si v\u0259kili v\u0259 ail\u0259sinin x\u0259b\u0259ri olmadan ke\u00e7irilib\">Davam\u0131<\/a><\/p>\n","protected":false},"author":16,"featured_media":210058,"comment_status":"closed","ping_status":"closed","sticky":false,"template":"","format":"standard","meta":{"_acf_changed":false,"_sitemap_exclude":false,"_sitemap_priority":"","_sitemap_frequency":"","footnotes":""},"categories":[59,79,56],"tags":[],"class_list":["post-332009","post","type-post","status-publish","format-standard","has-post-thumbnail","hentry","category-siyaset","category-featured","category-xeberler","infinite-scroll-item","generate-columns","tablet-grid-50","mobile-grid-100","grid-parent","grid-33","no-featured-image-padding"],"acf":[],"yoast_head":"<!-- This site is optimized with the Yoast SEO plugin v27.5 - https:\/\/yoast.com\/product\/yoast-seo-wordpress\/ -->\n<title>Az\u0259r Qas\u0131ml\u0131n\u0131n m\u0259hk\u0259m\u0259si v\u0259kili v\u0259 ail\u0259sinin x\u0259b\u0259ri olmadan ke\u00e7irilib - MEYDAN.TV<\/title>\n<meta name=\"robots\" content=\"index, follow, max-snippet:-1, max-image-preview:large, max-video-preview:-1\" \/>\n<link rel=\"canonical\" href=\"https:\/\/www.meydan.tv\/az\/article\/az%c9%99r-qasimlinin-m%c9%99hk%c9%99m%c9%99si-v%c9%99kili-v%c9%99-ail%c9%99sinin-x%c9%99b%c9%99ri-olmadan-kecirilib\/\" \/>\n<meta property=\"og:locale\" content=\"az_AZ\" \/>\n<meta property=\"og:type\" content=\"article\" \/>\n<meta property=\"og:title\" content=\"Az\u0259r Qas\u0131ml\u0131n\u0131n m\u0259hk\u0259m\u0259si v\u0259kili v\u0259 ail\u0259sinin x\u0259b\u0259ri olmadan ke\u00e7irilib - MEYDAN.TV\" \/>\n<meta property=\"og:description\" content=\"Bu g\u00fcn, iyunun 18-d\u0259 Bak\u0131 A\u011f\u0131r Cinay\u0259tl\u0259r M\u0259hk\u0259m\u0259sind\u0259 h\u0259bsd\u0259 olan ... Davam\u0131\" \/>\n<meta property=\"og:url\" content=\"https:\/\/www.meydan.tv\/az\/article\/az%c9%99r-qasimlinin-m%c9%99hk%c9%99m%c9%99si-v%c9%99kili-v%c9%99-ail%c9%99sinin-x%c9%99b%c9%99ri-olmadan-kecirilib\/\" \/>\n<meta property=\"og:site_name\" content=\"MEYDAN.TV\" \/>\n<meta property=\"article:published_time\" content=\"2025-06-18T18:36:28+00:00\" \/>\n<meta property=\"article:modified_time\" content=\"2025-06-18T18:36:32+00:00\" \/>\n<meta property=\"og:image\" content=\"https:\/\/www.meydan.tv\/wp-content\/uploads\/img_7646-scaled-e1734093479185.jpg\" \/>\n\t<meta property=\"og:image:width\" content=\"2560\" \/>\n\t<meta property=\"og:image:height\" content=\"1216\" \/>\n\t<meta property=\"og:image:type\" content=\"image\/jpeg\" \/>\n<meta name=\"author\" content=\"sevda\" \/>\n<meta name=\"twitter:card\" content=\"summary_large_image\" \/>\n<script type=\"application\/ld+json\" class=\"yoast-schema-graph\">{\"@context\":\"https:\\\/\\\/schema.org\",\"@graph\":[{\"@type\":\"Article\",\"@id\":\"https:\\\/\\\/www.meydan.tv\\\/az\\\/article\\\/az%c9%99r-qasimlinin-m%c9%99hk%c9%99m%c9%99si-v%c9%99kili-v%c9%99-ail%c9%99sinin-x%c9%99b%c9%99ri-olmadan-kecirilib\\\/#article\",\"isPartOf\":{\"@id\":\"https:\\\/\\\/www.meydan.tv\\\/az\\\/article\\\/az%c9%99r-qasimlinin-m%c9%99hk%c9%99m%c9%99si-v%c9%99kili-v%c9%99-ail%c9%99sinin-x%c9%99b%c9%99ri-olmadan-kecirilib\\\/\"},\"author\":{\"name\":\"sevda\",\"@id\":\"https:\\\/\\\/www.meydan.tv\\\/az\\\/#\\\/schema\\\/person\\\/49b5f2bad5b126bb8ea9320eeb3e4dc9\"},\"headline\":\"Az\u0259r Qas\u0131ml\u0131n\u0131n m\u0259hk\u0259m\u0259si v\u0259kili v\u0259 ail\u0259sinin x\u0259b\u0259ri olmadan ke\u00e7irilib\",\"datePublished\":\"2025-06-18T18:36:28+00:00\",\"dateModified\":\"2025-06-18T18:36:32+00:00\",\"mainEntityOfPage\":{\"@id\":\"https:\\\/\\\/www.meydan.tv\\\/az\\\/article\\\/az%c9%99r-qasimlinin-m%c9%99hk%c9%99m%c9%99si-v%c9%99kili-v%c9%99-ail%c9%99sinin-x%c9%99b%c9%99ri-olmadan-kecirilib\\\/\"},\"wordCount\":521,\"publisher\":{\"@id\":\"https:\\\/\\\/www.meydan.tv\\\/az\\\/#organization\"},\"image\":{\"@id\":\"https:\\\/\\\/www.meydan.tv\\\/az\\\/article\\\/az%c9%99r-qasimlinin-m%c9%99hk%c9%99m%c9%99si-v%c9%99kili-v%c9%99-ail%c9%99sinin-x%c9%99b%c9%99ri-olmadan-kecirilib\\\/#primaryimage\"},\"thumbnailUrl\":\"https:\\\/\\\/www.meydan.tv\\\/wp-content\\\/uploads\\\/img_7646-scaled-e1734093479185.jpg\",\"articleSection\":[\"Siyas\u0259t\",\"T\u00f6vsiy\u0259\",\"X\u0259b\u0259rl\u0259r\"],\"inLanguage\":\"az\"},{\"@type\":\"WebPage\",\"@id\":\"https:\\\/\\\/www.meydan.tv\\\/az\\\/article\\\/az%c9%99r-qasimlinin-m%c9%99hk%c9%99m%c9%99si-v%c9%99kili-v%c9%99-ail%c9%99sinin-x%c9%99b%c9%99ri-olmadan-kecirilib\\\/\",\"url\":\"https:\\\/\\\/www.meydan.tv\\\/az\\\/article\\\/az%c9%99r-qasimlinin-m%c9%99hk%c9%99m%c9%99si-v%c9%99kili-v%c9%99-ail%c9%99sinin-x%c9%99b%c9%99ri-olmadan-kecirilib\\\/\",\"name\":\"Az\u0259r Qas\u0131ml\u0131n\u0131n m\u0259hk\u0259m\u0259si v\u0259kili v\u0259 ail\u0259sinin x\u0259b\u0259ri olmadan ke\u00e7irilib - MEYDAN.TV\",\"isPartOf\":{\"@id\":\"https:\\\/\\\/www.meydan.tv\\\/az\\\/#website\"},\"primaryImageOfPage\":{\"@id\":\"https:\\\/\\\/www.meydan.tv\\\/az\\\/article\\\/az%c9%99r-qasimlinin-m%c9%99hk%c9%99m%c9%99si-v%c9%99kili-v%c9%99-ail%c9%99sinin-x%c9%99b%c9%99ri-olmadan-kecirilib\\\/#primaryimage\"},\"image\":{\"@id\":\"https:\\\/\\\/www.meydan.tv\\\/az\\\/article\\\/az%c9%99r-qasimlinin-m%c9%99hk%c9%99m%c9%99si-v%c9%99kili-v%c9%99-ail%c9%99sinin-x%c9%99b%c9%99ri-olmadan-kecirilib\\\/#primaryimage\"},\"thumbnailUrl\":\"https:\\\/\\\/www.meydan.tv\\\/wp-content\\\/uploads\\\/img_7646-scaled-e1734093479185.jpg\",\"datePublished\":\"2025-06-18T18:36:28+00:00\",\"dateModified\":\"2025-06-18T18:36:32+00:00\",\"breadcrumb\":{\"@id\":\"https:\\\/\\\/www.meydan.tv\\\/az\\\/article\\\/az%c9%99r-qasimlinin-m%c9%99hk%c9%99m%c9%99si-v%c9%99kili-v%c9%99-ail%c9%99sinin-x%c9%99b%c9%99ri-olmadan-kecirilib\\\/#breadcrumb\"},\"inLanguage\":\"az\",\"potentialAction\":[{\"@type\":\"ReadAction\",\"target\":[\"https:\\\/\\\/www.meydan.tv\\\/az\\\/article\\\/az%c9%99r-qasimlinin-m%c9%99hk%c9%99m%c9%99si-v%c9%99kili-v%c9%99-ail%c9%99sinin-x%c9%99b%c9%99ri-olmadan-kecirilib\\\/\"]}]},{\"@type\":\"ImageObject\",\"inLanguage\":\"az\",\"@id\":\"https:\\\/\\\/www.meydan.tv\\\/az\\\/article\\\/az%c9%99r-qasimlinin-m%c9%99hk%c9%99m%c9%99si-v%c9%99kili-v%c9%99-ail%c9%99sinin-x%c9%99b%c9%99ri-olmadan-kecirilib\\\/#primaryimage\",\"url\":\"https:\\\/\\\/www.meydan.tv\\\/wp-content\\\/uploads\\\/img_7646-scaled-e1734093479185.jpg\",\"contentUrl\":\"https:\\\/\\\/www.meydan.tv\\\/wp-content\\\/uploads\\\/img_7646-scaled-e1734093479185.jpg\",\"width\":2560,\"height\":1216,\"caption\":\"Az\u0259r Qas\u0131ml\u0131. ill\u00fcstrasiya: Meydan TV\"},{\"@type\":\"BreadcrumbList\",\"@id\":\"https:\\\/\\\/www.meydan.tv\\\/az\\\/article\\\/az%c9%99r-qasimlinin-m%c9%99hk%c9%99m%c9%99si-v%c9%99kili-v%c9%99-ail%c9%99sinin-x%c9%99b%c9%99ri-olmadan-kecirilib\\\/#breadcrumb\",\"itemListElement\":[{\"@type\":\"ListItem\",\"position\":1,\"name\":\"Ana s\u0259hif\u0259\",\"item\":\"https:\\\/\\\/www.meydan.tv\\\/az\\\/\"},{\"@type\":\"ListItem\",\"position\":2,\"name\":\"T\u00f6vsiy\u0259\",\"item\":\"https:\\\/\\\/www.meydan.tv\\\/az\\\/section\\\/featured\\\/\"},{\"@type\":\"ListItem\",\"position\":3,\"name\":\"Az\u0259r Qas\u0131ml\u0131n\u0131n m\u0259hk\u0259m\u0259si v\u0259kili v\u0259 ail\u0259sinin x\u0259b\u0259ri olmadan ke\u00e7irilib\"}]},{\"@type\":\"WebSite\",\"@id\":\"https:\\\/\\\/www.meydan.tv\\\/az\\\/#website\",\"url\":\"https:\\\/\\\/www.meydan.tv\\\/az\\\/\",\"name\":\"MEYDAN.TV\",\"description\":\"Meydan TV Az\u0259rbaycan\u0131n media m\u0259kan\u0131ndak\u0131 alternativ s\u0259sidir\",\"publisher\":{\"@id\":\"https:\\\/\\\/www.meydan.tv\\\/az\\\/#organization\"},\"potentialAction\":[{\"@type\":\"SearchAction\",\"target\":{\"@type\":\"EntryPoint\",\"urlTemplate\":\"https:\\\/\\\/www.meydan.tv\\\/az\\\/?s={search_term_string}\"},\"query-input\":{\"@type\":\"PropertyValueSpecification\",\"valueRequired\":true,\"valueName\":\"search_term_string\"}}],\"inLanguage\":\"az\"},{\"@type\":\"Organization\",\"@id\":\"https:\\\/\\\/www.meydan.tv\\\/az\\\/#organization\",\"name\":\"Meydan TV\",\"url\":\"https:\\\/\\\/www.meydan.tv\\\/az\\\/\",\"logo\":{\"@type\":\"ImageObject\",\"inLanguage\":\"az\",\"@id\":\"https:\\\/\\\/www.meydan.tv\\\/az\\\/#\\\/schema\\\/logo\\\/image\\\/\",\"url\":\"https:\\\/\\\/www.meydan.tv\\\/wp-content\\\/uploads\\\/2021\\\/07\\\/meydan-logo.svg\",\"contentUrl\":\"https:\\\/\\\/www.meydan.tv\\\/wp-content\\\/uploads\\\/2021\\\/07\\\/meydan-logo.svg\",\"width\":195,\"height\":46,\"caption\":\"Meydan TV\"},\"image\":{\"@id\":\"https:\\\/\\\/www.meydan.tv\\\/az\\\/#\\\/schema\\\/logo\\\/image\\\/\"}},{\"@type\":\"Person\",\"@id\":\"https:\\\/\\\/www.meydan.tv\\\/az\\\/#\\\/schema\\\/person\\\/49b5f2bad5b126bb8ea9320eeb3e4dc9\",\"name\":\"sevda\"}]}<\/script>\n<!-- \/ Yoast SEO plugin. -->","yoast_head_json":{"title":"Az\u0259r Qas\u0131ml\u0131n\u0131n m\u0259hk\u0259m\u0259si v\u0259kili v\u0259 ail\u0259sinin x\u0259b\u0259ri olmadan ke\u00e7irilib - MEYDAN.TV","robots":{"index":"index","follow":"follow","max-snippet":"max-snippet:-1","max-image-preview":"max-image-preview:large","max-video-preview":"max-video-preview:-1"},"canonical":"https:\/\/www.meydan.tv\/az\/article\/az%c9%99r-qasimlinin-m%c9%99hk%c9%99m%c9%99si-v%c9%99kili-v%c9%99-ail%c9%99sinin-x%c9%99b%c9%99ri-olmadan-kecirilib\/","og_locale":"az_AZ","og_type":"article","og_title":"Az\u0259r Qas\u0131ml\u0131n\u0131n m\u0259hk\u0259m\u0259si v\u0259kili v\u0259 ail\u0259sinin x\u0259b\u0259ri olmadan ke\u00e7irilib - MEYDAN.TV","og_description":"Bu g\u00fcn, iyunun 18-d\u0259 Bak\u0131 A\u011f\u0131r Cinay\u0259tl\u0259r M\u0259hk\u0259m\u0259sind\u0259 h\u0259bsd\u0259 olan ... Davam\u0131","og_url":"https:\/\/www.meydan.tv\/az\/article\/az%c9%99r-qasimlinin-m%c9%99hk%c9%99m%c9%99si-v%c9%99kili-v%c9%99-ail%c9%99sinin-x%c9%99b%c9%99ri-olmadan-kecirilib\/","og_site_name":"MEYDAN.TV","article_published_time":"2025-06-18T18:36:28+00:00","article_modified_time":"2025-06-18T18:36:32+00:00","og_image":[{"width":2560,"height":1216,"url":"https:\/\/www.meydan.tv\/wp-content\/uploads\/img_7646-scaled-e1734093479185.jpg","type":"image\/jpeg"}],"author":"sevda","twitter_card":"summary_large_image","schema":{"@context":"https:\/\/schema.org","@graph":[{"@type":"Article","@id":"https:\/\/www.meydan.tv\/az\/article\/az%c9%99r-qasimlinin-m%c9%99hk%c9%99m%c9%99si-v%c9%99kili-v%c9%99-ail%c9%99sinin-x%c9%99b%c9%99ri-olmadan-kecirilib\/#article","isPartOf":{"@id":"https:\/\/www.meydan.tv\/az\/article\/az%c9%99r-qasimlinin-m%c9%99hk%c9%99m%c9%99si-v%c9%99kili-v%c9%99-ail%c9%99sinin-x%c9%99b%c9%99ri-olmadan-kecirilib\/"},"author":{"name":"sevda","@id":"https:\/\/www.meydan.tv\/az\/#\/schema\/person\/49b5f2bad5b126bb8ea9320eeb3e4dc9"},"headline":"Az\u0259r Qas\u0131ml\u0131n\u0131n m\u0259hk\u0259m\u0259si v\u0259kili v\u0259 ail\u0259sinin x\u0259b\u0259ri olmadan ke\u00e7irilib","datePublished":"2025-06-18T18:36:28+00:00","dateModified":"2025-06-18T18:36:32+00:00","mainEntityOfPage":{"@id":"https:\/\/www.meydan.tv\/az\/article\/az%c9%99r-qasimlinin-m%c9%99hk%c9%99m%c9%99si-v%c9%99kili-v%c9%99-ail%c9%99sinin-x%c9%99b%c9%99ri-olmadan-kecirilib\/"},"wordCount":521,"publisher":{"@id":"https:\/\/www.meydan.tv\/az\/#organization"},"image":{"@id":"https:\/\/www.meydan.tv\/az\/article\/az%c9%99r-qasimlinin-m%c9%99hk%c9%99m%c9%99si-v%c9%99kili-v%c9%99-ail%c9%99sinin-x%c9%99b%c9%99ri-olmadan-kecirilib\/#primaryimage"},"thumbnailUrl":"https:\/\/www.meydan.tv\/wp-content\/uploads\/img_7646-scaled-e1734093479185.jpg","articleSection":["Siyas\u0259t","T\u00f6vsiy\u0259","X\u0259b\u0259rl\u0259r"],"inLanguage":"az"},{"@type":"WebPage","@id":"https:\/\/www.meydan.tv\/az\/article\/az%c9%99r-qasimlinin-m%c9%99hk%c9%99m%c9%99si-v%c9%99kili-v%c9%99-ail%c9%99sinin-x%c9%99b%c9%99ri-olmadan-kecirilib\/","url":"https:\/\/www.meydan.tv\/az\/article\/az%c9%99r-qasimlinin-m%c9%99hk%c9%99m%c9%99si-v%c9%99kili-v%c9%99-ail%c9%99sinin-x%c9%99b%c9%99ri-olmadan-kecirilib\/","name":"Az\u0259r Qas\u0131ml\u0131n\u0131n m\u0259hk\u0259m\u0259si v\u0259kili v\u0259 ail\u0259sinin x\u0259b\u0259ri olmadan ke\u00e7irilib - MEYDAN.TV","isPartOf":{"@id":"https:\/\/www.meydan.tv\/az\/#website"},"primaryImageOfPage":{"@id":"https:\/\/www.meydan.tv\/az\/article\/az%c9%99r-qasimlinin-m%c9%99hk%c9%99m%c9%99si-v%c9%99kili-v%c9%99-ail%c9%99sinin-x%c9%99b%c9%99ri-olmadan-kecirilib\/#primaryimage"},"image":{"@id":"https:\/\/www.meydan.tv\/az\/article\/az%c9%99r-qasimlinin-m%c9%99hk%c9%99m%c9%99si-v%c9%99kili-v%c9%99-ail%c9%99sinin-x%c9%99b%c9%99ri-olmadan-kecirilib\/#primaryimage"},"thumbnailUrl":"https:\/\/www.meydan.tv\/wp-content\/uploads\/img_7646-scaled-e1734093479185.jpg","datePublished":"2025-06-18T18:36:28+00:00","dateModified":"2025-06-18T18:36:32+00:00","breadcrumb":{"@id":"https:\/\/www.meydan.tv\/az\/article\/az%c9%99r-qasimlinin-m%c9%99hk%c9%99m%c9%99si-v%c9%99kili-v%c9%99-ail%c9%99sinin-x%c9%99b%c9%99ri-olmadan-kecirilib\/#breadcrumb"},"inLanguage":"az","potentialAction":[{"@type":"ReadAction","target":["https:\/\/www.meydan.tv\/az\/article\/az%c9%99r-qasimlinin-m%c9%99hk%c9%99m%c9%99si-v%c9%99kili-v%c9%99-ail%c9%99sinin-x%c9%99b%c9%99ri-olmadan-kecirilib\/"]}]},{"@type":"ImageObject","inLanguage":"az","@id":"https:\/\/www.meydan.tv\/az\/article\/az%c9%99r-qasimlinin-m%c9%99hk%c9%99m%c9%99si-v%c9%99kili-v%c9%99-ail%c9%99sinin-x%c9%99b%c9%99ri-olmadan-kecirilib\/#primaryimage","url":"https:\/\/www.meydan.tv\/wp-content\/uploads\/img_7646-scaled-e1734093479185.jpg","contentUrl":"https:\/\/www.meydan.tv\/wp-content\/uploads\/img_7646-scaled-e1734093479185.jpg","width":2560,"height":1216,"caption":"Az\u0259r Qas\u0131ml\u0131. ill\u00fcstrasiya: Meydan TV"},{"@type":"BreadcrumbList","@id":"https:\/\/www.meydan.tv\/az\/article\/az%c9%99r-qasimlinin-m%c9%99hk%c9%99m%c9%99si-v%c9%99kili-v%c9%99-ail%c9%99sinin-x%c9%99b%c9%99ri-olmadan-kecirilib\/#breadcrumb","itemListElement":[{"@type":"ListItem","position":1,"name":"Ana s\u0259hif\u0259","item":"https:\/\/www.meydan.tv\/az\/"},{"@type":"ListItem","position":2,"name":"T\u00f6vsiy\u0259","item":"https:\/\/www.meydan.tv\/az\/section\/featured\/"},{"@type":"ListItem","position":3,"name":"Az\u0259r Qas\u0131ml\u0131n\u0131n m\u0259hk\u0259m\u0259si v\u0259kili v\u0259 ail\u0259sinin x\u0259b\u0259ri olmadan ke\u00e7irilib"}]},{"@type":"WebSite","@id":"https:\/\/www.meydan.tv\/az\/#website","url":"https:\/\/www.meydan.tv\/az\/","name":"MEYDAN.TV","description":"Meydan TV Az\u0259rbaycan\u0131n media m\u0259kan\u0131ndak\u0131 alternativ s\u0259sidir","publisher":{"@id":"https:\/\/www.meydan.tv\/az\/#organization"},"potentialAction":[{"@type":"SearchAction","target":{"@type":"EntryPoint","urlTemplate":"https:\/\/www.meydan.tv\/az\/?s={search_term_string}"},"query-input":{"@type":"PropertyValueSpecification","valueRequired":true,"valueName":"search_term_string"}}],"inLanguage":"az"},{"@type":"Organization","@id":"https:\/\/www.meydan.tv\/az\/#organization","name":"Meydan TV","url":"https:\/\/www.meydan.tv\/az\/","logo":{"@type":"ImageObject","inLanguage":"az","@id":"https:\/\/www.meydan.tv\/az\/#\/schema\/logo\/image\/","url":"https:\/\/www.meydan.tv\/wp-content\/uploads\/2021\/07\/meydan-logo.svg","contentUrl":"https:\/\/www.meydan.tv\/wp-content\/uploads\/2021\/07\/meydan-logo.svg","width":195,"height":46,"caption":"Meydan TV"},"image":{"@id":"https:\/\/www.meydan.tv\/az\/#\/schema\/logo\/image\/"}},{"@type":"Person","@id":"https:\/\/www.meydan.tv\/az\/#\/schema\/person\/49b5f2bad5b126bb8ea9320eeb3e4dc9","name":"sevda"}]}},"_links":{"self":[{"href":"https:\/\/www.meydan.tv\/az\/wp-json\/wp\/v2\/posts\/332009","targetHints":{"allow":["GET"]}}],"collection":[{"href":"https:\/\/www.meydan.tv\/az\/wp-json\/wp\/v2\/posts"}],"about":[{"href":"https:\/\/www.meydan.tv\/az\/wp-json\/wp\/v2\/types\/post"}],"author":[{"embeddable":true,"href":"https:\/\/www.meydan.tv\/az\/wp-json\/wp\/v2\/users\/16"}],"replies":[{"embeddable":true,"href":"https:\/\/www.meydan.tv\/az\/wp-json\/wp\/v2\/comments?post=332009"}],"version-history":[{"count":6,"href":"https:\/\/www.meydan.tv\/az\/wp-json\/wp\/v2\/posts\/332009\/revisions"}],"predecessor-version":[{"id":332015,"href":"https:\/\/www.meydan.tv\/az\/wp-json\/wp\/v2\/posts\/332009\/revisions\/332015"}],"wp:featuredmedia":[{"embeddable":true,"href":"https:\/\/www.meydan.tv\/az\/wp-json\/wp\/v2\/media\/210058"}],"wp:attachment":[{"href":"https:\/\/www.meydan.tv\/az\/wp-json\/wp\/v2\/media?parent=332009"}],"wp:term":[{"taxonomy":"category","embeddable":true,"href":"https:\/\/www.meydan.tv\/az\/wp-json\/wp\/v2\/categories?post=332009"},{"taxonomy":"post_tag","embeddable":true,"href":"https:\/\/www.meydan.tv\/az\/wp-json\/wp\/v2\/tags?post=332009"}],"curies":[{"name":"wp","href":"https:\/\/api.w.org\/{rel}","templated":true}]}}