{"id":331999,"date":"2025-06-18T20:44:50","date_gmt":"2025-06-18T16:44:50","guid":{"rendered":"https:\/\/www.meydan.tv\/?p=331999"},"modified":"2025-06-18T20:45:23","modified_gmt":"2025-06-18T16:45:23","slug":"agdamla-maasini-ala-bilm%c9%99y%c9%99n-v%c9%99t%c9%99ndas-intihara-c%c9%99hd-edib","status":"publish","type":"post","link":"https:\/\/www.meydan.tv\/az\/article\/agdamla-maasini-ala-bilm%c9%99y%c9%99n-v%c9%99t%c9%99ndas-intihara-c%c9%99hd-edib\/","title":{"rendered":"A\u011fdamda maa\u015f\u0131n\u0131 ala bilm\u0259y\u0259n v\u0259t\u0259nda\u015f intihara c\u0259hd edib"},"content":{"rendered":"\n<p><strong><em>F\u0259hl\u0259 i\u015fl\u0259diyi \u015firk\u0259tin ona olan 13 min manat maa\u015f borcunu\u00a0\u00f6d\u0259m\u0259diyi \u00fc\u00e7\u00fcn bu vasit\u0259y\u0259 \u0259l at\u0131b<\/em><\/strong><\/p>\n\n\n\n<p>Sosial \u015f\u0259b\u0259k\u0259l\u0259rd\u0259 A\u011fdam \u015f\u0259h\u0259rind\u0259 f\u0259hl\u0259nin intihara c\u0259hd etm\u0259sini \u0259ks ed\u0259n g\u00f6r\u00fcnt\u00fcl\u0259r <a href=\"https:\/\/www.youtube.com\/watch?v=fsIEpKxbsOE\" target=\"_blank\" rel=\"noreferrer noopener\">yay\u0131l\u0131b<\/a>.<\/p>\n\n\n\n<p>\u00a0Videonu yayan v\u0259t\u0259nda\u015f bildirib ki, f\u0259hl\u0259 i\u015fl\u0259diyi \u015firk\u0259tin ona olan 13 min manat maa\u015f borcunu\u00a0\u00f6d\u0259m\u0259diyi \u00fc\u00e7\u00fcn bu vasit\u0259y\u0259 \u0259l at\u0131b.<\/p>\n\n\n\n<p>FHN-d\u0259n veril\u0259n m\u0259lumata g\u00f6r\u0259, nazirliyin xilasedicil\u0259ri t\u0259r\u0259find\u0259n apar\u0131lm\u0131\u015f s\u00f6hb\u0259t n\u0259tic\u0259sind\u0259 v\u0259t\u0259nda\u015f fikrind\u0259n da\u015f\u0131nd\u0131r\u0131laraq intihara c\u0259hdin qar\u015f\u0131s\u0131 al\u0131n\u0131b.<\/p>\n\n\n\n<p>M\u0259tbuatda yer alan m\u0259lumatlara g\u00f6r\u0259, f\u0259hl\u0259 \u201cFriend\u201d MMC-nin in\u015fa i\u015fl\u0259rind\u0259 <a href=\"https:\/\/xalq.online\/agdamda-tikintide-isledilen-fehlenin-maasi-niye-verilmir-video\" target=\"_blank\" rel=\"noreferrer noopener\">\u00e7al\u0131\u015f\u0131r<\/a>.<\/p>\n\n\n\n<p>\u201cFriend\u201d MMC 2019-cu il d\u00f6vl\u0259t qeydiyyat\u0131na al\u0131n\u0131b v\u0259 A\u011fdam, F\u00fczuli v\u0259 Xocav\u0259nd rayonlar\u0131nda B\u0259rpa, Tikinti v\u0259 \u0130dar\u0259etm\u0259 Xidm\u0259tininin sifari\u015fi il\u0259 A\u011fdamda tikinti i\u015fl\u0259ri apar\u0131r.<\/p>\n\n\n\n<p>Qeydiyyata al\u0131nd\u0131\u011f\u0131 tarixd\u0259 \u015firk\u0259tin qanuni t\u0259msil\u00e7isi Sevinc Cahangir q\u0131z\u0131 Qas\u0131mova olub.<\/p>\n\n\n\n<p>\u015eirk\u0259tin tarix\u00e7\u0259sind\u0259 t\u0259msil\u00e7i kimi onun atas\u0131 Cahangir Seyfulla o\u011flu Qas\u0131movun da ad\u0131 g\u00f6st\u0259rilir.<\/p>\n\n\n\n<p>Cahangir Qas\u0131mov 2000-ci il\u0259d\u0259k Bak\u0131 \u015e\u0259h\u0259r S\u0259rni\u015fin N\u0259qliyyat \u0130dar\u0259sinin avtobus parklar\u0131nda avto d\u0259st\u0259 r\u0259isi, istismar \u015f\u00f6b\u0259 r\u0259isi, ba\u015f m\u00fch\u0259ndis, direktor m\u00fcavini, direktor v\u0259zif\u0259l\u0259rind\u0259 \u00e7al\u0131\u015f\u0131b.<\/p>\n\n\n\n<p>2010-cu ild\u0259n \u201cAkkord N\u0259qliyyat Servis MMC\u201d-nin icra\u00e7\u0131 direktoru, 2015-ci ild\u0259n \u201cTransqeyt MMC\u201d-nin icra\u00e7\u0131 direktoru v\u0259zif\u0259sind\u0259 \u00e7al\u0131\u015f\u0131b.<\/p>\n\n\n\n<p>Hadis\u0259 il\u0259 \u0259laq\u0259dar A\u011fdam, F\u00fczuli v\u0259 Xocav\u0259nd rayonlar\u0131nda B\u0259rpa, Tikinti v\u0259 \u0130dar\u0259etm\u0259 Xidm\u0259tinind\u0259n m\u00fcnasib\u0259t \u00f6yr\u0259nm\u0259k m\u00fcmk\u00fcn olmay\u0131b.<\/p>\n\n\n\n<p>A\u011fdam Rayon \u0130cra Hakimiyy\u0259tind\u0259n Meydan TV-y\u0259 bildirilib ki, hadis\u0259 il\u0259 \u0259laq\u0259dar h\u00fcquq-m\u00fchafiz\u0259 orqanlar\u0131nda ara\u015fd\u0131rma apar\u0131l\u0131r.<\/p>\n\n\n\n<p>\u0130H-d\u0259n t\u0259f\u0259rr\u00fcatl\u0131 m\u0259lumat verilm\u0259yib. Bildirilib ki, tikinti i\u015f\u011faldan azad olunmu\u015f \u0259razil\u0259rd\u0259 apar\u0131l\u0131r v\u0259 \u0130H-nin s\u0259lahiyy\u0259ti xaricind\u0259dir.<\/p>\n\n\n\n<p>Az\u0259rbaycan\u0131n Qaraba\u011f b\u00f6lg\u0259si v\u0259 \u0259traf yeddi rayon t\u0259qrib\u0259n 30 il i\u015f\u011fal alt\u0131nda olub. \u0130\u015f\u011fal\u0131n aradan qald\u0131r\u0131lmas\u0131 il\u0259 son ill\u0259r Az\u0259rbaycan h\u00f6kum\u0259ti orada b\u0259rpa-quruculuq i\u015fl\u0259rin\u0259 ba\u015flay\u0131b.<\/p>\n\n\n\n<p>Qaraba\u011fda tikinti v\u0259 b\u0259rpa i\u015fl\u0259rin\u0259 d\u00f6vl\u0259t b\u00fcdc\u0259sind\u0259n 2023-c\u00fc ild\u0259 5,3 milyard, 2024-c\u00fc ild\u0259 4,85 milyard, 2025-ci ilin ilk r\u00fcb\u00fcnd\u0259 is\u0259 738 milyon 383 min manat ayr\u0131l\u0131b.<\/p>\n\n\n\n<p>M\u0259tbuatda tez-tez Qaraba\u011fda apar\u0131lan tikinti i\u015fl\u0259rind\u0259 \u00e7al\u0131\u015fan f\u0259hl\u0259l\u0259rin maa\u015flar\u0131n\u0131 ala bilm\u0259m\u0259si il\u0259 ba\u011fl\u0131 x\u0259b\u0259rl\u0259r <a href=\"https:\/\/storage.googleapis.com\/qurium\/www.meydan.tv\/az-article-qarabagda-maaslarini-ala-bilmeyen-isciler-etiraz-edir.html\">yer al\u0131r<\/a>.<\/p>\n\n\n\n<p>Yerli ekspertl\u0259r hesab edirl\u0259r ki, t\u0259kc\u0259 Qaraba\u011f\u0131n b\u0259rpas\u0131 yox, \u00fcmumilikd\u0259 \u00f6lk\u0259nin tikinti sektorunda \u0259m\u0259k m\u00fcnasib\u0259tl\u0259ri \u00e7ox zaman qanunvericiliy\u0259 uy\u011fun qurulmur. Onlar\u0131n fikrinc\u0259, bu, x\u00fcsusil\u0259 \u0259m\u0259k m\u00fcqavil\u0259l\u0259rinin ba\u011flanmamas\u0131 v\u0259 d\u00f6vl\u0259t n\u0259zar\u0259tinin z\u0259ifliyi il\u0259 ba\u011fl\u0131d\u0131r.<\/p>\n","protected":false},"excerpt":{"rendered":"<p>F\u0259hl\u0259 i\u015fl\u0259diyi \u015firk\u0259tin ona olan 13 min manat maa\u015f borcunu\u00a0\u00f6d\u0259m\u0259diyi &#8230; <\/p>\n<p class=\"read-more-container\"><a title=\"A\u011fdamda maa\u015f\u0131n\u0131 ala bilm\u0259y\u0259n v\u0259t\u0259nda\u015f intihara c\u0259hd edib\" class=\"read-more button\" href=\"https:\/\/www.meydan.tv\/az\/article\/agdamla-maasini-ala-bilm%c9%99y%c9%99n-v%c9%99t%c9%99ndas-intihara-c%c9%99hd-edib\/#more-331999\" aria-label=\"Read more about A\u011fdamda maa\u015f\u0131n\u0131 ala bilm\u0259y\u0259n v\u0259t\u0259nda\u015f intihara c\u0259hd edib\">Davam\u0131<\/a><\/p>\n","protected":false},"author":16,"featured_media":332004,"comment_status":"closed","ping_status":"closed","sticky":false,"template":"","format":"standard","meta":{"_acf_changed":false,"_sitemap_exclude":false,"_sitemap_priority":"","_sitemap_frequency":"","footnotes":""},"categories":[62,79,56],"tags":[],"class_list":["post-331999","post","type-post","status-publish","format-standard","has-post-thumbnail","hentry","category-sosial","category-featured","category-xeberler","infinite-scroll-item","generate-columns","tablet-grid-50","mobile-grid-100","grid-parent","grid-33","no-featured-image-padding"],"acf":[],"yoast_head":"<!-- This site is optimized with the Yoast SEO plugin v27.4 - https:\/\/yoast.com\/product\/yoast-seo-wordpress\/ -->\n<title>A\u011fdamda maa\u015f\u0131n\u0131 ala bilm\u0259y\u0259n v\u0259t\u0259nda\u015f intihara c\u0259hd edib - MEYDAN.TV<\/title>\n<meta name=\"robots\" content=\"index, follow, max-snippet:-1, max-image-preview:large, max-video-preview:-1\" \/>\n<link rel=\"canonical\" href=\"https:\/\/www.meydan.tv\/az\/article\/agdamla-maasini-ala-bilm%c9%99y%c9%99n-v%c9%99t%c9%99ndas-intihara-c%c9%99hd-edib\/\" \/>\n<meta property=\"og:locale\" content=\"az_AZ\" \/>\n<meta property=\"og:type\" content=\"article\" \/>\n<meta property=\"og:title\" content=\"A\u011fdamda maa\u015f\u0131n\u0131 ala bilm\u0259y\u0259n v\u0259t\u0259nda\u015f intihara c\u0259hd edib - MEYDAN.TV\" \/>\n<meta property=\"og:description\" content=\"F\u0259hl\u0259 i\u015fl\u0259diyi \u015firk\u0259tin ona olan 13 min manat maa\u015f borcunu\u00a0\u00f6d\u0259m\u0259diyi ... Davam\u0131\" \/>\n<meta property=\"og:url\" content=\"https:\/\/www.meydan.tv\/az\/article\/agdamla-maasini-ala-bilm%c9%99y%c9%99n-v%c9%99t%c9%99ndas-intihara-c%c9%99hd-edib\/\" \/>\n<meta property=\"og:site_name\" content=\"MEYDAN.TV\" \/>\n<meta property=\"article:published_time\" content=\"2025-06-18T16:44:50+00:00\" \/>\n<meta property=\"article:modified_time\" content=\"2025-06-18T16:45:23+00:00\" \/>\n<meta property=\"og:image\" content=\"https:\/\/www.meydan.tv\/wp-content\/uploads\/45435-1.png\" \/>\n\t<meta property=\"og:image:width\" content=\"1179\" \/>\n\t<meta property=\"og:image:height\" content=\"576\" \/>\n\t<meta property=\"og:image:type\" content=\"image\/png\" \/>\n<meta name=\"author\" content=\"sevda\" \/>\n<meta name=\"twitter:card\" content=\"summary_large_image\" \/>\n<script type=\"application\/ld+json\" class=\"yoast-schema-graph\">{\"@context\":\"https:\\\/\\\/schema.org\",\"@graph\":[{\"@type\":\"Article\",\"@id\":\"https:\\\/\\\/www.meydan.tv\\\/az\\\/article\\\/agdamla-maasini-ala-bilm%c9%99y%c9%99n-v%c9%99t%c9%99ndas-intihara-c%c9%99hd-edib\\\/#article\",\"isPartOf\":{\"@id\":\"https:\\\/\\\/www.meydan.tv\\\/az\\\/article\\\/agdamla-maasini-ala-bilm%c9%99y%c9%99n-v%c9%99t%c9%99ndas-intihara-c%c9%99hd-edib\\\/\"},\"author\":{\"name\":\"sevda\",\"@id\":\"https:\\\/\\\/www.meydan.tv\\\/az\\\/#\\\/schema\\\/person\\\/49b5f2bad5b126bb8ea9320eeb3e4dc9\"},\"headline\":\"A\u011fdamda maa\u015f\u0131n\u0131 ala bilm\u0259y\u0259n v\u0259t\u0259nda\u015f intihara c\u0259hd edib\",\"datePublished\":\"2025-06-18T16:44:50+00:00\",\"dateModified\":\"2025-06-18T16:45:23+00:00\",\"mainEntityOfPage\":{\"@id\":\"https:\\\/\\\/www.meydan.tv\\\/az\\\/article\\\/agdamla-maasini-ala-bilm%c9%99y%c9%99n-v%c9%99t%c9%99ndas-intihara-c%c9%99hd-edib\\\/\"},\"wordCount\":561,\"publisher\":{\"@id\":\"https:\\\/\\\/www.meydan.tv\\\/az\\\/#organization\"},\"image\":{\"@id\":\"https:\\\/\\\/www.meydan.tv\\\/az\\\/article\\\/agdamla-maasini-ala-bilm%c9%99y%c9%99n-v%c9%99t%c9%99ndas-intihara-c%c9%99hd-edib\\\/#primaryimage\"},\"thumbnailUrl\":\"https:\\\/\\\/www.meydan.tv\\\/wp-content\\\/uploads\\\/45435-1.png\",\"articleSection\":[\"Sosial\",\"T\u00f6vsiy\u0259\",\"X\u0259b\u0259rl\u0259r\"],\"inLanguage\":\"az\"},{\"@type\":\"WebPage\",\"@id\":\"https:\\\/\\\/www.meydan.tv\\\/az\\\/article\\\/agdamla-maasini-ala-bilm%c9%99y%c9%99n-v%c9%99t%c9%99ndas-intihara-c%c9%99hd-edib\\\/\",\"url\":\"https:\\\/\\\/www.meydan.tv\\\/az\\\/article\\\/agdamla-maasini-ala-bilm%c9%99y%c9%99n-v%c9%99t%c9%99ndas-intihara-c%c9%99hd-edib\\\/\",\"name\":\"A\u011fdamda maa\u015f\u0131n\u0131 ala bilm\u0259y\u0259n v\u0259t\u0259nda\u015f intihara c\u0259hd edib - MEYDAN.TV\",\"isPartOf\":{\"@id\":\"https:\\\/\\\/www.meydan.tv\\\/az\\\/#website\"},\"primaryImageOfPage\":{\"@id\":\"https:\\\/\\\/www.meydan.tv\\\/az\\\/article\\\/agdamla-maasini-ala-bilm%c9%99y%c9%99n-v%c9%99t%c9%99ndas-intihara-c%c9%99hd-edib\\\/#primaryimage\"},\"image\":{\"@id\":\"https:\\\/\\\/www.meydan.tv\\\/az\\\/article\\\/agdamla-maasini-ala-bilm%c9%99y%c9%99n-v%c9%99t%c9%99ndas-intihara-c%c9%99hd-edib\\\/#primaryimage\"},\"thumbnailUrl\":\"https:\\\/\\\/www.meydan.tv\\\/wp-content\\\/uploads\\\/45435-1.png\",\"datePublished\":\"2025-06-18T16:44:50+00:00\",\"dateModified\":\"2025-06-18T16:45:23+00:00\",\"breadcrumb\":{\"@id\":\"https:\\\/\\\/www.meydan.tv\\\/az\\\/article\\\/agdamla-maasini-ala-bilm%c9%99y%c9%99n-v%c9%99t%c9%99ndas-intihara-c%c9%99hd-edib\\\/#breadcrumb\"},\"inLanguage\":\"az\",\"potentialAction\":[{\"@type\":\"ReadAction\",\"target\":[\"https:\\\/\\\/www.meydan.tv\\\/az\\\/article\\\/agdamla-maasini-ala-bilm%c9%99y%c9%99n-v%c9%99t%c9%99ndas-intihara-c%c9%99hd-edib\\\/\"]}]},{\"@type\":\"ImageObject\",\"inLanguage\":\"az\",\"@id\":\"https:\\\/\\\/www.meydan.tv\\\/az\\\/article\\\/agdamla-maasini-ala-bilm%c9%99y%c9%99n-v%c9%99t%c9%99ndas-intihara-c%c9%99hd-edib\\\/#primaryimage\",\"url\":\"https:\\\/\\\/www.meydan.tv\\\/wp-content\\\/uploads\\\/45435-1.png\",\"contentUrl\":\"https:\\\/\\\/www.meydan.tv\\\/wp-content\\\/uploads\\\/45435-1.png\",\"width\":1179,\"height\":576,\"caption\":\"Videodan screenshot\"},{\"@type\":\"BreadcrumbList\",\"@id\":\"https:\\\/\\\/www.meydan.tv\\\/az\\\/article\\\/agdamla-maasini-ala-bilm%c9%99y%c9%99n-v%c9%99t%c9%99ndas-intihara-c%c9%99hd-edib\\\/#breadcrumb\",\"itemListElement\":[{\"@type\":\"ListItem\",\"position\":1,\"name\":\"Ana s\u0259hif\u0259\",\"item\":\"https:\\\/\\\/www.meydan.tv\\\/az\\\/\"},{\"@type\":\"ListItem\",\"position\":2,\"name\":\"X\u0259b\u0259rl\u0259r\",\"item\":\"https:\\\/\\\/www.meydan.tv\\\/az\\\/section\\\/xeberler\\\/\"},{\"@type\":\"ListItem\",\"position\":3,\"name\":\"A\u011fdamda maa\u015f\u0131n\u0131 ala bilm\u0259y\u0259n v\u0259t\u0259nda\u015f intihara c\u0259hd edib\"}]},{\"@type\":\"WebSite\",\"@id\":\"https:\\\/\\\/www.meydan.tv\\\/az\\\/#website\",\"url\":\"https:\\\/\\\/www.meydan.tv\\\/az\\\/\",\"name\":\"MEYDAN.TV\",\"description\":\"Meydan TV Az\u0259rbaycan\u0131n media m\u0259kan\u0131ndak\u0131 alternativ s\u0259sidir\",\"publisher\":{\"@id\":\"https:\\\/\\\/www.meydan.tv\\\/az\\\/#organization\"},\"potentialAction\":[{\"@type\":\"SearchAction\",\"target\":{\"@type\":\"EntryPoint\",\"urlTemplate\":\"https:\\\/\\\/www.meydan.tv\\\/az\\\/?s={search_term_string}\"},\"query-input\":{\"@type\":\"PropertyValueSpecification\",\"valueRequired\":true,\"valueName\":\"search_term_string\"}}],\"inLanguage\":\"az\"},{\"@type\":\"Organization\",\"@id\":\"https:\\\/\\\/www.meydan.tv\\\/az\\\/#organization\",\"name\":\"Meydan TV\",\"url\":\"https:\\\/\\\/www.meydan.tv\\\/az\\\/\",\"logo\":{\"@type\":\"ImageObject\",\"inLanguage\":\"az\",\"@id\":\"https:\\\/\\\/www.meydan.tv\\\/az\\\/#\\\/schema\\\/logo\\\/image\\\/\",\"url\":\"https:\\\/\\\/www.meydan.tv\\\/wp-content\\\/uploads\\\/2021\\\/07\\\/meydan-logo.svg\",\"contentUrl\":\"https:\\\/\\\/www.meydan.tv\\\/wp-content\\\/uploads\\\/2021\\\/07\\\/meydan-logo.svg\",\"width\":195,\"height\":46,\"caption\":\"Meydan TV\"},\"image\":{\"@id\":\"https:\\\/\\\/www.meydan.tv\\\/az\\\/#\\\/schema\\\/logo\\\/image\\\/\"}},{\"@type\":\"Person\",\"@id\":\"https:\\\/\\\/www.meydan.tv\\\/az\\\/#\\\/schema\\\/person\\\/49b5f2bad5b126bb8ea9320eeb3e4dc9\",\"name\":\"sevda\"}]}<\/script>\n<!-- \/ Yoast SEO plugin. -->","yoast_head_json":{"title":"A\u011fdamda maa\u015f\u0131n\u0131 ala bilm\u0259y\u0259n v\u0259t\u0259nda\u015f intihara c\u0259hd edib - MEYDAN.TV","robots":{"index":"index","follow":"follow","max-snippet":"max-snippet:-1","max-image-preview":"max-image-preview:large","max-video-preview":"max-video-preview:-1"},"canonical":"https:\/\/www.meydan.tv\/az\/article\/agdamla-maasini-ala-bilm%c9%99y%c9%99n-v%c9%99t%c9%99ndas-intihara-c%c9%99hd-edib\/","og_locale":"az_AZ","og_type":"article","og_title":"A\u011fdamda maa\u015f\u0131n\u0131 ala bilm\u0259y\u0259n v\u0259t\u0259nda\u015f intihara c\u0259hd edib - MEYDAN.TV","og_description":"F\u0259hl\u0259 i\u015fl\u0259diyi \u015firk\u0259tin ona olan 13 min manat maa\u015f borcunu\u00a0\u00f6d\u0259m\u0259diyi ... Davam\u0131","og_url":"https:\/\/www.meydan.tv\/az\/article\/agdamla-maasini-ala-bilm%c9%99y%c9%99n-v%c9%99t%c9%99ndas-intihara-c%c9%99hd-edib\/","og_site_name":"MEYDAN.TV","article_published_time":"2025-06-18T16:44:50+00:00","article_modified_time":"2025-06-18T16:45:23+00:00","og_image":[{"width":1179,"height":576,"url":"https:\/\/www.meydan.tv\/wp-content\/uploads\/45435-1.png","type":"image\/png"}],"author":"sevda","twitter_card":"summary_large_image","schema":{"@context":"https:\/\/schema.org","@graph":[{"@type":"Article","@id":"https:\/\/www.meydan.tv\/az\/article\/agdamla-maasini-ala-bilm%c9%99y%c9%99n-v%c9%99t%c9%99ndas-intihara-c%c9%99hd-edib\/#article","isPartOf":{"@id":"https:\/\/www.meydan.tv\/az\/article\/agdamla-maasini-ala-bilm%c9%99y%c9%99n-v%c9%99t%c9%99ndas-intihara-c%c9%99hd-edib\/"},"author":{"name":"sevda","@id":"https:\/\/www.meydan.tv\/az\/#\/schema\/person\/49b5f2bad5b126bb8ea9320eeb3e4dc9"},"headline":"A\u011fdamda maa\u015f\u0131n\u0131 ala bilm\u0259y\u0259n v\u0259t\u0259nda\u015f intihara c\u0259hd edib","datePublished":"2025-06-18T16:44:50+00:00","dateModified":"2025-06-18T16:45:23+00:00","mainEntityOfPage":{"@id":"https:\/\/www.meydan.tv\/az\/article\/agdamla-maasini-ala-bilm%c9%99y%c9%99n-v%c9%99t%c9%99ndas-intihara-c%c9%99hd-edib\/"},"wordCount":561,"publisher":{"@id":"https:\/\/www.meydan.tv\/az\/#organization"},"image":{"@id":"https:\/\/www.meydan.tv\/az\/article\/agdamla-maasini-ala-bilm%c9%99y%c9%99n-v%c9%99t%c9%99ndas-intihara-c%c9%99hd-edib\/#primaryimage"},"thumbnailUrl":"https:\/\/www.meydan.tv\/wp-content\/uploads\/45435-1.png","articleSection":["Sosial","T\u00f6vsiy\u0259","X\u0259b\u0259rl\u0259r"],"inLanguage":"az"},{"@type":"WebPage","@id":"https:\/\/www.meydan.tv\/az\/article\/agdamla-maasini-ala-bilm%c9%99y%c9%99n-v%c9%99t%c9%99ndas-intihara-c%c9%99hd-edib\/","url":"https:\/\/www.meydan.tv\/az\/article\/agdamla-maasini-ala-bilm%c9%99y%c9%99n-v%c9%99t%c9%99ndas-intihara-c%c9%99hd-edib\/","name":"A\u011fdamda maa\u015f\u0131n\u0131 ala bilm\u0259y\u0259n v\u0259t\u0259nda\u015f intihara c\u0259hd edib - MEYDAN.TV","isPartOf":{"@id":"https:\/\/www.meydan.tv\/az\/#website"},"primaryImageOfPage":{"@id":"https:\/\/www.meydan.tv\/az\/article\/agdamla-maasini-ala-bilm%c9%99y%c9%99n-v%c9%99t%c9%99ndas-intihara-c%c9%99hd-edib\/#primaryimage"},"image":{"@id":"https:\/\/www.meydan.tv\/az\/article\/agdamla-maasini-ala-bilm%c9%99y%c9%99n-v%c9%99t%c9%99ndas-intihara-c%c9%99hd-edib\/#primaryimage"},"thumbnailUrl":"https:\/\/www.meydan.tv\/wp-content\/uploads\/45435-1.png","datePublished":"2025-06-18T16:44:50+00:00","dateModified":"2025-06-18T16:45:23+00:00","breadcrumb":{"@id":"https:\/\/www.meydan.tv\/az\/article\/agdamla-maasini-ala-bilm%c9%99y%c9%99n-v%c9%99t%c9%99ndas-intihara-c%c9%99hd-edib\/#breadcrumb"},"inLanguage":"az","potentialAction":[{"@type":"ReadAction","target":["https:\/\/www.meydan.tv\/az\/article\/agdamla-maasini-ala-bilm%c9%99y%c9%99n-v%c9%99t%c9%99ndas-intihara-c%c9%99hd-edib\/"]}]},{"@type":"ImageObject","inLanguage":"az","@id":"https:\/\/www.meydan.tv\/az\/article\/agdamla-maasini-ala-bilm%c9%99y%c9%99n-v%c9%99t%c9%99ndas-intihara-c%c9%99hd-edib\/#primaryimage","url":"https:\/\/www.meydan.tv\/wp-content\/uploads\/45435-1.png","contentUrl":"https:\/\/www.meydan.tv\/wp-content\/uploads\/45435-1.png","width":1179,"height":576,"caption":"Videodan screenshot"},{"@type":"BreadcrumbList","@id":"https:\/\/www.meydan.tv\/az\/article\/agdamla-maasini-ala-bilm%c9%99y%c9%99n-v%c9%99t%c9%99ndas-intihara-c%c9%99hd-edib\/#breadcrumb","itemListElement":[{"@type":"ListItem","position":1,"name":"Ana s\u0259hif\u0259","item":"https:\/\/www.meydan.tv\/az\/"},{"@type":"ListItem","position":2,"name":"X\u0259b\u0259rl\u0259r","item":"https:\/\/www.meydan.tv\/az\/section\/xeberler\/"},{"@type":"ListItem","position":3,"name":"A\u011fdamda maa\u015f\u0131n\u0131 ala bilm\u0259y\u0259n v\u0259t\u0259nda\u015f intihara c\u0259hd edib"}]},{"@type":"WebSite","@id":"https:\/\/www.meydan.tv\/az\/#website","url":"https:\/\/www.meydan.tv\/az\/","name":"MEYDAN.TV","description":"Meydan TV Az\u0259rbaycan\u0131n media m\u0259kan\u0131ndak\u0131 alternativ s\u0259sidir","publisher":{"@id":"https:\/\/www.meydan.tv\/az\/#organization"},"potentialAction":[{"@type":"SearchAction","target":{"@type":"EntryPoint","urlTemplate":"https:\/\/www.meydan.tv\/az\/?s={search_term_string}"},"query-input":{"@type":"PropertyValueSpecification","valueRequired":true,"valueName":"search_term_string"}}],"inLanguage":"az"},{"@type":"Organization","@id":"https:\/\/www.meydan.tv\/az\/#organization","name":"Meydan TV","url":"https:\/\/www.meydan.tv\/az\/","logo":{"@type":"ImageObject","inLanguage":"az","@id":"https:\/\/www.meydan.tv\/az\/#\/schema\/logo\/image\/","url":"https:\/\/www.meydan.tv\/wp-content\/uploads\/2021\/07\/meydan-logo.svg","contentUrl":"https:\/\/www.meydan.tv\/wp-content\/uploads\/2021\/07\/meydan-logo.svg","width":195,"height":46,"caption":"Meydan TV"},"image":{"@id":"https:\/\/www.meydan.tv\/az\/#\/schema\/logo\/image\/"}},{"@type":"Person","@id":"https:\/\/www.meydan.tv\/az\/#\/schema\/person\/49b5f2bad5b126bb8ea9320eeb3e4dc9","name":"sevda"}]}},"_links":{"self":[{"href":"https:\/\/www.meydan.tv\/az\/wp-json\/wp\/v2\/posts\/331999","targetHints":{"allow":["GET"]}}],"collection":[{"href":"https:\/\/www.meydan.tv\/az\/wp-json\/wp\/v2\/posts"}],"about":[{"href":"https:\/\/www.meydan.tv\/az\/wp-json\/wp\/v2\/types\/post"}],"author":[{"embeddable":true,"href":"https:\/\/www.meydan.tv\/az\/wp-json\/wp\/v2\/users\/16"}],"replies":[{"embeddable":true,"href":"https:\/\/www.meydan.tv\/az\/wp-json\/wp\/v2\/comments?post=331999"}],"version-history":[{"count":6,"href":"https:\/\/www.meydan.tv\/az\/wp-json\/wp\/v2\/posts\/331999\/revisions"}],"predecessor-version":[{"id":332008,"href":"https:\/\/www.meydan.tv\/az\/wp-json\/wp\/v2\/posts\/331999\/revisions\/332008"}],"wp:featuredmedia":[{"embeddable":true,"href":"https:\/\/www.meydan.tv\/az\/wp-json\/wp\/v2\/media\/332004"}],"wp:attachment":[{"href":"https:\/\/www.meydan.tv\/az\/wp-json\/wp\/v2\/media?parent=331999"}],"wp:term":[{"taxonomy":"category","embeddable":true,"href":"https:\/\/www.meydan.tv\/az\/wp-json\/wp\/v2\/categories?post=331999"},{"taxonomy":"post_tag","embeddable":true,"href":"https:\/\/www.meydan.tv\/az\/wp-json\/wp\/v2\/tags?post=331999"}],"curies":[{"name":"wp","href":"https:\/\/api.w.org\/{rel}","templated":true}]}}