{"id":331939,"date":"2025-06-17T13:15:26","date_gmt":"2025-06-17T09:15:26","guid":{"rendered":"https:\/\/www.meydan.tv\/?p=331939"},"modified":"2025-06-17T13:15:30","modified_gmt":"2025-06-17T09:15:30","slug":"jurnalist-elnar%c9%99-qasimovanin-v%c9%99kili-edal%c9%99tli-q%c9%99rarin-verilm%c9%99y%c9%99c%c9%99yini-yaxsi-bilirik","status":"publish","type":"post","link":"https:\/\/www.meydan.tv\/az\/article\/jurnalist-elnar%c9%99-qasimovanin-v%c9%99kili-edal%c9%99tli-q%c9%99rarin-verilm%c9%99y%c9%99c%c9%99yini-yaxsi-bilirik\/","title":{"rendered":"Jurnalist Elnar\u0259 Qas\u0131movan\u0131n v\u0259kili: &#8220;\u018fdal\u0259tli q\u0259rar\u0131n verilm\u0259y\u0259c\u0259yini yax\u015f\u0131 bilirik&#8221;"},"content":{"rendered":"\n<p><em><strong>&#8220;T\u0259qsirl\u0259ndiril\u0259n \u015f\u0259xsl\u0259rin he\u00e7 biri g\u00f6mr\u00fck s\u0259rh\u0259ddini ke\u00e7\u0259rk\u0259n qada\u011fan olunmu\u015f m\u0259bl\u0259\u011fl\u0259 yaxalanmay\u0131b\u201d<\/strong><\/em><\/p>\n\n\n\n<p>\u201cAbzas Media i\u015fi\u201d \u00fczr\u0259 h\u0259bs olunan jurnalist Elnar\u0259 Qas\u0131movan\u0131n v\u0259kili B\u0259hruz Bayramovun iyunun 10-da ke\u00e7iril\u0259n m\u0259hk\u0259m\u0259 prosesind\u0259ki m\u00fcdafi\u0259 \u00e7\u0131x\u0131\u015f\u0131 <a href=\"https:\/\/abzas.info\/az\/2025\/6\/bhruz-bayramov-27-cildlik-ieecdb212-a\/\" target=\"_blank\" rel=\"noreferrer noopener\">yay\u0131mlan\u0131b<\/a>.<\/p>\n\n\n\n<p>Hakim Rasim Sad\u0131xovun s\u0259drliyi il\u0259 ke\u00e7iril\u0259n m\u0259hk\u0259m\u0259d\u0259 v\u0259kil B\u0259hruz Bayramov bildirib ki, 2024-c\u00fc il yanvar\u0131n 13-d\u0259 h\u0259bs olunanad\u0259k cinay\u0259t i\u015find\u0259 jurnalist Elnar\u0259 Qas\u0131movan\u0131n ittiham olunan \u0259m\u0259ll\u0259ri t\u00f6r\u0259tm\u0259sin\u0259 dair he\u00e7 bir fakt v\u0259 s\u00fcbuta rast g\u0259linm\u0259yib. Buna baxmayaraq, o, h\u0259bs olunub. V\u0259kilin s\u00f6zl\u0259rin\u0259 g\u00f6r\u0259, h\u0259bsin \u0259sl s\u0259b\u0259bi Qas\u0131movan\u0131n jurnalist f\u0259aliyy\u0259tini davam etdirm\u0259si olub:<\/p>\n\n\n\n<p><em>\u201cAli M\u0259hk\u0259m\u0259nin 2016-c\u0131 ild\u0259ki Plenum q\u0259rar\u0131nda konkret olaraq g\u00f6st\u0259rilib ki, \u015f\u0259xs g\u00f6mr\u00fck s\u0259rh\u0259ddini ke\u00e7\u0259rk\u0259n \u00fcz\u0259rind\u0259n qada\u011fan olunmu\u015f m\u0259bl\u0259\u011fd\u0259 v\u0259sait \u00e7\u0131xarsa, cinay\u0259t m\u0259suliyy\u0259tin\u0259 c\u0259lb oluna bil\u0259r. T\u0259qsirl\u0259ndiril\u0259n \u015f\u0259xsl\u0259rin he\u00e7 biri is\u0259 g\u00f6mr\u00fck s\u0259rh\u0259ddini ke\u00e7\u0259rk\u0259n qada\u011fan olunmu\u015f m\u0259bl\u0259\u011fl\u0259 yaxalanmay\u0131b\u201d.<\/em><\/p>\n\n\n\n<p>V\u0259kil h\u0259m\u00e7inin \u201cM\u00fct\u0259\u015f\u0259kkil d\u0259st\u0259\u201d ittiham\u0131ndan dan\u0131\u015f\u0131b. Bildirib ki, Az\u0259rbaycan Respublikas\u0131 Konstitusiya M\u0259hk\u0259m\u0259sinin m\u00f6vqeyin\u0259 g\u00f6r\u0259, \u201cm\u00fct\u0259\u015f\u0259kkil d\u0259st\u0259\u201d anlay\u0131\u015f\u0131 iki \u0259sas \u015f\u0259rtl\u0259 m\u00fc\u0259yy\u0259n olunur: \u0259vv\u0259lc\u0259d\u0259n cinay\u0259t t\u00f6r\u0259tm\u0259k m\u0259qs\u0259dil\u0259 birl\u0259\u015fm\u0259 v\u0259 \u00fczvl\u0259r aras\u0131nda cinay\u0259t v\u0259zif\u0259l\u0259rinin d\u0259qiq b\u00f6lg\u00fcs\u00fc:<\/p>\n\n\n\n<p><em>\u201cBununla ba\u011fl\u0131 s\u00fcbutlar olmal\u0131d\u0131r. Pulu haradan v\u0259 nec\u0259 g\u0259tirdikl\u0259ri, neyl\u0259dikl\u0259ri i\u015f materiallar\u0131nda g\u00f6st\u0259rilm\u0259lidir. Amma 27 cildlik istintaq materiallar\u0131nda bu iddia il\u0259 ba\u011fl\u0131 he\u00e7 bir s\u00fcbut yoxdur. Bel\u0259 \u00e7\u0131x\u0131r ki, t\u0259qsirl\u0259ndiril\u0259nl\u0259r G\u00f6mr\u00fck Komit\u0259si il\u0259 \u0259lbir olublar. \u00c7\u00fcnki s\u0259rh\u0259dd\u0259n o q\u0259d\u0259r pul ke\u00e7irib yaxalanmamaq m\u00fcmk\u00fcn deyil. Bu yax\u0131nlarda s\u0259rh\u0259dd\u0259n qanunsuz q\u0131z\u0131l ke\u00e7irm\u0259k ist\u0259mi\u015fdil\u0259r. O zaman buna k\u00f6m\u0259k ed\u0259n g\u00f6mr\u00fck i\u015f\u00e7il\u0259ri d\u0259 h\u0259bs olunmu\u015fdu. \u00c7\u00fcnki onlar birg\u0259 f\u0259aliyy\u0259t g\u00f6st\u0259rmi\u015fdil\u0259r. M\u00fct\u0259\u015f\u0259kkil d\u0259st\u0259 el\u0259 olur\u201d.<\/em><\/p>\n\n\n\n<p>V\u0259kilin s\u00f6zl\u0259rin\u0259 g\u00f6r\u0259, \u201cAbzas Media i\u015fi\u201d \u00fczr\u0259 haz\u0131rlanan materiallar absurd olmaqla yana\u015f\u0131, h\u0259m d\u0259 h\u0259bs olunan dig\u0259r media jurnalistl\u0259rin\u0259 qar\u015f\u0131 i\u015fl\u0259rd\u0259 d\u0259 t\u0259krar istifad\u0259 olunub:<\/p>\n\n\n\n<p><em>\u201cM\u0259s\u0259l\u0259n, \u201cToplum TV i\u015fi\u201d \u00fczr\u0259 h\u0259bs olunan Ruslan \u0130zz\u0259tli il\u0259 ba\u011fl\u0131 h\u0259bs q\u0259timkan t\u0259dbiri q\u0259rar\u0131nda qeyd olunub ki, o, \u201cAbzas Media i\u015fi\u201d \u00fczr\u0259 h\u0259bs olunub. Apellyasiya M\u0259hk\u0259m\u0259si d\u0259 eyni \u015fablondan istifad\u0259 ed\u0259r\u0259k Ruslan \u0130zz\u0259tlinin 2023-c\u00fc ilin noyabr\u0131nda \u00dclvi H\u0259s\u0259nli, Sevinc Vaqifq\u0131z\u0131 v\u0259 dig\u0259rl\u0259ri il\u0259 birlikd\u0259 h\u0259bs olundu\u011funu qeyd edib. Halbuki o, 2024-c\u00fc il mart\u0131n 8-d\u0259 h\u0259bs olunub. B\u00fct\u00fcn bu faktlar cinay\u0259t i\u015finin n\u0259 q\u0259d\u0259r qanunsuz v\u0259 saxta oldu\u011funu bir daha s\u00fcbut edir\u201d.<\/em><\/p>\n\n\n\n<p>V\u0259kil \u00e7\u0131x\u0131\u015f\u0131n\u0131n sonunda hakiml\u0259rd\u0259n \u0259dal\u0259tli q\u0259rar verm\u0259kl\u0259rini ist\u0259yib:<\/p>\n\n\n\n<p><em>\u201c\u018fdal\u0259tli q\u0259rar\u0131n verilm\u0259y\u0259c\u0259yini yax\u015f\u0131 bilirik. Burada sizin ed\u0259c\u0259yiniz bir \u015feyin olmad\u0131\u011f\u0131 da g\u00fcn kimi ayd\u0131nd\u0131r. \u018fn az\u0131ndan m\u0259n buna \u0259min\u0259m. \u00c7\u00fcnki burada m\u0259s\u0259l\u0259l\u0259ri siz h\u0259ll etmirsiniz. Yuxar\u0131dan n\u0259 deyils\u0259, onu da ed\u0259c\u0259ksiniz\u201d.<\/em><\/p>\n\n\n\n<p>\u201cAbzas Media i\u015fi\u201d \u00fczr\u0259 h\u0259bs olunanlar\u0131n v\u0259kill\u0259ri m\u00fcdafi\u0259 \u00e7\u0131x\u0131\u015flar\u0131n\u0131 iyunun 10-da ke\u00e7iril\u0259n prosesd\u0259 <a href=\"https:\/\/storage.googleapis.com\/qurium\/www.meydan.tv\/az-article-abzasmedia-isi-uzr%c9%99-h%c9%99bs-olunanlarin-v%c9%99kill%c9%99ri-m%c9%99hk%c9%99m%c9%99d%c9%99-son-sozl%c9%99-cixis-edibl%c9%99r.html\" target=\"_blank\" rel=\"noreferrer noopener\">edibl\u0259r<\/a>.<\/p>\n\n\n\n<p>V\u0259kill\u0259rin ham\u0131s\u0131 \u00e7\u0131x\u0131\u015flar\u0131nda cinay\u0259t i\u015fi \u00fczr\u0259 ir\u0259li s\u00fcr\u00fcln b\u00fct\u00fcn ittihamlar\u0131n uydurma oldu\u011funu bildiribl\u0259r.<\/p>\n\n\n\n<p>Ara\u015fd\u0131rma\u00e7\u0131 jurnalist Hafiz Babal\u0131n\u0131n v\u0259kili <a href=\"https:\/\/abzas.info\/az\/2025\/6\/hafiz-babalnn-vkili-9-shd758cf64-c\/\" target=\"_blank\" rel=\"noreferrer noopener\">R\u0259sul C\u0259f\u0259rov<\/a> v\u0259 jurnalist N\u0259rgiz Absalamovan\u0131n v\u0259kili <a href=\"https:\/\/storage.googleapis.com\/qurium\/www.meydan.tv\/az-article-v%c9%99kil-rovsan%c9%99-r%c9%99himli-n%c9%99rgiz-absalamova-mut%c9%99s%c9%99kkil-jurnalistika-il%c9%99-m%c9%99sgul-olub.html\" target=\"_blank\" rel=\"noreferrer noopener\">R\u00f6v\u015fan\u0259 R\u0259himli<\/a> \u00e7\u0131x\u0131\u015flar\u0131nda cinay\u0259t i\u015fi \u00fczr\u0259 ir\u0259li s\u00fcr\u00fcl\u0259n b\u00fct\u00fcn ittihamlar\u0131n uydurma oldu\u011funu bildiribl\u0259r.<\/p>\n\n\n\n<p>V\u0259kill\u0259r m\u0259hk\u0259m\u0259d\u0259n \u0259dal\u0259tli h\u00f6km g\u00f6zl\u0259m\u0259dikl\u0259rini bildirs\u0259l\u0259r d\u0259, t\u0259qsirl\u0259ndiril\u0259n \u015f\u0259xsl\u0259r\u0259 b\u0259ra\u0259t ist\u0259yibl\u0259r.<\/p>\n\n\n\n<p>&nbsp;T\u0259qsirl\u0259ndiril\u0259n \u015f\u0259xsl\u0259rd\u0259n Hafiz Babal\u0131 son s\u00f6zl\u0259 \u00e7\u0131x\u0131\u015f edib.<\/p>\n\n\n\n<p>Dig\u0259rl\u0259ri n\u00f6vb\u0259ti prosesd\u0259 \u00e7\u0131x\u0131\u015f ed\u0259c\u0259kl\u0259rini bildiribl\u0259r.<\/p>\n\n\n\n<p>&nbsp;N\u00f6vb\u0259ti m\u0259hk\u0259m\u0259 iyunun 20-d\u0259 davam etdiril\u0259c\u0259k.<\/p>\n\n\n\n<p>&nbsp;2023-c\u00fc ilin noyabr\u0131n 20-d\u0259n etibar\u0259n Az\u0259rbaycanda korrupsiya ara\u015fd\u0131rmalar\u0131 aparan \u201cAbzas Media\u201d n\u0259\u015frinin 6 \u0259m\u0259kda\u015f\u0131 \u2013 direktor \u00dclvi H\u0259s\u0259nli, onun m\u00fcavini M\u0259h\u0259mm\u0259d Kekalov, ba\u015f redaktor Sevinc Vaqifq\u0131z\u0131, reportyorlar N\u0259rgiz Absalamova v\u0259 Elnar\u0259 Qas\u0131mova, ara\u015fd\u0131rma\u00e7\u0131 jurnalist Hafiz Babal\u0131, 2024-c\u00fc ilin may\u0131nda is\u0259 \u201cAzadl\u0131q\u201d radiosunun jurnalisti, iqtisad\u00e7\u0131 F\u0259rid Mehral\u0131zad\u0259 \u201cAbzas Media i\u015fi\u201d \u00e7\u0259r\u00e7iv\u0259sind\u0259 h\u0259bs edilib.<\/p>\n\n\n\n<p>&nbsp;Jurnalistl\u0259rin ham\u0131s\u0131 \u0259vv\u0259lc\u0259 qa\u00e7aqmal\u00e7\u0131l\u0131qda ittiham olunublar.<\/p>\n\n\n\n<p>&nbsp;2024-c\u00fc ilin avqustunda is\u0259 \u201cAbzas Media i\u015fi\u201d \u00fczr\u0259 h\u0259bs edil\u0259n \u015f\u0259xsl\u0259r\u0259 qar\u015f\u0131 ittihamlar a\u011f\u0131rla\u015fd\u0131r\u0131l\u0131b.<\/p>\n\n\n\n<p>&nbsp;Yerli v\u0259 beyn\u0259lxalq h\u00fcquq m\u00fcdafi\u0259 t\u0259\u015fkilatlar\u0131 bu h\u0259bsl\u0259ri siyasi motivli hesab edir v\u0259 jurnalistl\u0259rin azad edilm\u0259sin\u0259, onlara qar\u015f\u0131 ittihamlar\u0131n l\u0259\u011fv olunmas\u0131na dair \u00e7a\u011f\u0131r\u0131\u015f edirl\u0259r.<\/p>\n","protected":false},"excerpt":{"rendered":"<p>&#8220;T\u0259qsirl\u0259ndiril\u0259n \u015f\u0259xsl\u0259rin he\u00e7 biri g\u00f6mr\u00fck s\u0259rh\u0259ddini ke\u00e7\u0259rk\u0259n qada\u011fan olunmu\u015f m\u0259bl\u0259\u011fl\u0259 &#8230; <\/p>\n<p class=\"read-more-container\"><a title=\"Jurnalist Elnar\u0259 Qas\u0131movan\u0131n v\u0259kili: &#8220;\u018fdal\u0259tli q\u0259rar\u0131n verilm\u0259y\u0259c\u0259yini yax\u015f\u0131 bilirik&#8221;\" class=\"read-more button\" href=\"https:\/\/www.meydan.tv\/az\/article\/jurnalist-elnar%c9%99-qasimovanin-v%c9%99kili-edal%c9%99tli-q%c9%99rarin-verilm%c9%99y%c9%99c%c9%99yini-yaxsi-bilirik\/#more-331939\" aria-label=\"Read more about Jurnalist Elnar\u0259 Qas\u0131movan\u0131n v\u0259kili: &#8220;\u018fdal\u0259tli q\u0259rar\u0131n verilm\u0259y\u0259c\u0259yini yax\u015f\u0131 bilirik&#8221;\">Davam\u0131<\/a><\/p>\n","protected":false},"author":16,"featured_media":295258,"comment_status":"closed","ping_status":"closed","sticky":false,"template":"","format":"standard","meta":{"_acf_changed":false,"_sitemap_exclude":false,"_sitemap_priority":"","_sitemap_frequency":"","footnotes":""},"categories":[79,56],"tags":[],"class_list":["post-331939","post","type-post","status-publish","format-standard","has-post-thumbnail","hentry","category-featured","category-xeberler","infinite-scroll-item","generate-columns","tablet-grid-50","mobile-grid-100","grid-parent","grid-33","no-featured-image-padding"],"acf":[],"yoast_head":"<!-- This site is optimized with the Yoast SEO plugin v27.5 - https:\/\/yoast.com\/product\/yoast-seo-wordpress\/ -->\n<title>Jurnalist Elnar\u0259 Qas\u0131movan\u0131n v\u0259kili: &quot;\u018fdal\u0259tli q\u0259rar\u0131n verilm\u0259y\u0259c\u0259yini yax\u015f\u0131 bilirik&quot; - MEYDAN.TV<\/title>\n<meta name=\"robots\" content=\"index, follow, max-snippet:-1, max-image-preview:large, max-video-preview:-1\" \/>\n<link rel=\"canonical\" href=\"https:\/\/www.meydan.tv\/az\/article\/jurnalist-elnar%c9%99-qasimovanin-v%c9%99kili-edal%c9%99tli-q%c9%99rarin-verilm%c9%99y%c9%99c%c9%99yini-yaxsi-bilirik\/\" \/>\n<meta property=\"og:locale\" content=\"az_AZ\" \/>\n<meta property=\"og:type\" content=\"article\" \/>\n<meta property=\"og:title\" content=\"Jurnalist Elnar\u0259 Qas\u0131movan\u0131n v\u0259kili: &quot;\u018fdal\u0259tli q\u0259rar\u0131n verilm\u0259y\u0259c\u0259yini yax\u015f\u0131 bilirik&quot; - MEYDAN.TV\" \/>\n<meta property=\"og:description\" content=\"&#8220;T\u0259qsirl\u0259ndiril\u0259n \u015f\u0259xsl\u0259rin he\u00e7 biri g\u00f6mr\u00fck s\u0259rh\u0259ddini ke\u00e7\u0259rk\u0259n qada\u011fan olunmu\u015f m\u0259bl\u0259\u011fl\u0259 ... Davam\u0131\" \/>\n<meta property=\"og:url\" content=\"https:\/\/www.meydan.tv\/az\/article\/jurnalist-elnar%c9%99-qasimovanin-v%c9%99kili-edal%c9%99tli-q%c9%99rarin-verilm%c9%99y%c9%99c%c9%99yini-yaxsi-bilirik\/\" \/>\n<meta property=\"og:site_name\" content=\"MEYDAN.TV\" \/>\n<meta property=\"article:published_time\" content=\"2025-06-17T09:15:26+00:00\" \/>\n<meta property=\"article:modified_time\" content=\"2025-06-17T09:15:30+00:00\" \/>\n<meta property=\"og:image\" content=\"https:\/\/www.meydan.tv\/wp-content\/uploads\/img_0855_720.jpg\" \/>\n\t<meta property=\"og:image:width\" content=\"1200\" \/>\n\t<meta property=\"og:image:height\" content=\"800\" \/>\n\t<meta property=\"og:image:type\" content=\"image\/jpeg\" \/>\n<meta name=\"author\" content=\"sevda\" \/>\n<meta name=\"twitter:card\" content=\"summary_large_image\" \/>\n<script type=\"application\/ld+json\" class=\"yoast-schema-graph\">{\"@context\":\"https:\\\/\\\/schema.org\",\"@graph\":[{\"@type\":\"Article\",\"@id\":\"https:\\\/\\\/www.meydan.tv\\\/az\\\/article\\\/jurnalist-elnar%c9%99-qasimovanin-v%c9%99kili-edal%c9%99tli-q%c9%99rarin-verilm%c9%99y%c9%99c%c9%99yini-yaxsi-bilirik\\\/#article\",\"isPartOf\":{\"@id\":\"https:\\\/\\\/www.meydan.tv\\\/az\\\/article\\\/jurnalist-elnar%c9%99-qasimovanin-v%c9%99kili-edal%c9%99tli-q%c9%99rarin-verilm%c9%99y%c9%99c%c9%99yini-yaxsi-bilirik\\\/\"},\"author\":{\"name\":\"sevda\",\"@id\":\"https:\\\/\\\/www.meydan.tv\\\/az\\\/#\\\/schema\\\/person\\\/49b5f2bad5b126bb8ea9320eeb3e4dc9\"},\"headline\":\"Jurnalist Elnar\u0259 Qas\u0131movan\u0131n v\u0259kili: &#8220;\u018fdal\u0259tli q\u0259rar\u0131n verilm\u0259y\u0259c\u0259yini yax\u015f\u0131 bilirik&#8221;\",\"datePublished\":\"2025-06-17T09:15:26+00:00\",\"dateModified\":\"2025-06-17T09:15:30+00:00\",\"mainEntityOfPage\":{\"@id\":\"https:\\\/\\\/www.meydan.tv\\\/az\\\/article\\\/jurnalist-elnar%c9%99-qasimovanin-v%c9%99kili-edal%c9%99tli-q%c9%99rarin-verilm%c9%99y%c9%99c%c9%99yini-yaxsi-bilirik\\\/\"},\"wordCount\":996,\"publisher\":{\"@id\":\"https:\\\/\\\/www.meydan.tv\\\/az\\\/#organization\"},\"image\":{\"@id\":\"https:\\\/\\\/www.meydan.tv\\\/az\\\/article\\\/jurnalist-elnar%c9%99-qasimovanin-v%c9%99kili-edal%c9%99tli-q%c9%99rarin-verilm%c9%99y%c9%99c%c9%99yini-yaxsi-bilirik\\\/#primaryimage\"},\"thumbnailUrl\":\"https:\\\/\\\/www.meydan.tv\\\/wp-content\\\/uploads\\\/img_0855_720.jpg\",\"articleSection\":[\"T\u00f6vsiy\u0259\",\"X\u0259b\u0259rl\u0259r\"],\"inLanguage\":\"az\"},{\"@type\":\"WebPage\",\"@id\":\"https:\\\/\\\/www.meydan.tv\\\/az\\\/article\\\/jurnalist-elnar%c9%99-qasimovanin-v%c9%99kili-edal%c9%99tli-q%c9%99rarin-verilm%c9%99y%c9%99c%c9%99yini-yaxsi-bilirik\\\/\",\"url\":\"https:\\\/\\\/www.meydan.tv\\\/az\\\/article\\\/jurnalist-elnar%c9%99-qasimovanin-v%c9%99kili-edal%c9%99tli-q%c9%99rarin-verilm%c9%99y%c9%99c%c9%99yini-yaxsi-bilirik\\\/\",\"name\":\"Jurnalist Elnar\u0259 Qas\u0131movan\u0131n v\u0259kili: \\\"\u018fdal\u0259tli q\u0259rar\u0131n verilm\u0259y\u0259c\u0259yini yax\u015f\u0131 bilirik\\\" - MEYDAN.TV\",\"isPartOf\":{\"@id\":\"https:\\\/\\\/www.meydan.tv\\\/az\\\/#website\"},\"primaryImageOfPage\":{\"@id\":\"https:\\\/\\\/www.meydan.tv\\\/az\\\/article\\\/jurnalist-elnar%c9%99-qasimovanin-v%c9%99kili-edal%c9%99tli-q%c9%99rarin-verilm%c9%99y%c9%99c%c9%99yini-yaxsi-bilirik\\\/#primaryimage\"},\"image\":{\"@id\":\"https:\\\/\\\/www.meydan.tv\\\/az\\\/article\\\/jurnalist-elnar%c9%99-qasimovanin-v%c9%99kili-edal%c9%99tli-q%c9%99rarin-verilm%c9%99y%c9%99c%c9%99yini-yaxsi-bilirik\\\/#primaryimage\"},\"thumbnailUrl\":\"https:\\\/\\\/www.meydan.tv\\\/wp-content\\\/uploads\\\/img_0855_720.jpg\",\"datePublished\":\"2025-06-17T09:15:26+00:00\",\"dateModified\":\"2025-06-17T09:15:30+00:00\",\"breadcrumb\":{\"@id\":\"https:\\\/\\\/www.meydan.tv\\\/az\\\/article\\\/jurnalist-elnar%c9%99-qasimovanin-v%c9%99kili-edal%c9%99tli-q%c9%99rarin-verilm%c9%99y%c9%99c%c9%99yini-yaxsi-bilirik\\\/#breadcrumb\"},\"inLanguage\":\"az\",\"potentialAction\":[{\"@type\":\"ReadAction\",\"target\":[\"https:\\\/\\\/www.meydan.tv\\\/az\\\/article\\\/jurnalist-elnar%c9%99-qasimovanin-v%c9%99kili-edal%c9%99tli-q%c9%99rarin-verilm%c9%99y%c9%99c%c9%99yini-yaxsi-bilirik\\\/\"]}]},{\"@type\":\"ImageObject\",\"inLanguage\":\"az\",\"@id\":\"https:\\\/\\\/www.meydan.tv\\\/az\\\/article\\\/jurnalist-elnar%c9%99-qasimovanin-v%c9%99kili-edal%c9%99tli-q%c9%99rarin-verilm%c9%99y%c9%99c%c9%99yini-yaxsi-bilirik\\\/#primaryimage\",\"url\":\"https:\\\/\\\/www.meydan.tv\\\/wp-content\\\/uploads\\\/img_0855_720.jpg\",\"contentUrl\":\"https:\\\/\\\/www.meydan.tv\\\/wp-content\\\/uploads\\\/img_0855_720.jpg\",\"width\":1200,\"height\":800,\"caption\":\"Elnar\u0259 Qas\u0131mova. Foto: Meydan TV\"},{\"@type\":\"BreadcrumbList\",\"@id\":\"https:\\\/\\\/www.meydan.tv\\\/az\\\/article\\\/jurnalist-elnar%c9%99-qasimovanin-v%c9%99kili-edal%c9%99tli-q%c9%99rarin-verilm%c9%99y%c9%99c%c9%99yini-yaxsi-bilirik\\\/#breadcrumb\",\"itemListElement\":[{\"@type\":\"ListItem\",\"position\":1,\"name\":\"Ana s\u0259hif\u0259\",\"item\":\"https:\\\/\\\/www.meydan.tv\\\/az\\\/\"},{\"@type\":\"ListItem\",\"position\":2,\"name\":\"X\u0259b\u0259rl\u0259r\",\"item\":\"https:\\\/\\\/www.meydan.tv\\\/az\\\/section\\\/xeberler\\\/\"},{\"@type\":\"ListItem\",\"position\":3,\"name\":\"Jurnalist Elnar\u0259 Qas\u0131movan\u0131n v\u0259kili: &#8220;\u018fdal\u0259tli q\u0259rar\u0131n verilm\u0259y\u0259c\u0259yini yax\u015f\u0131 bilirik&#8221;\"}]},{\"@type\":\"WebSite\",\"@id\":\"https:\\\/\\\/www.meydan.tv\\\/az\\\/#website\",\"url\":\"https:\\\/\\\/www.meydan.tv\\\/az\\\/\",\"name\":\"MEYDAN.TV\",\"description\":\"Meydan TV Az\u0259rbaycan\u0131n media m\u0259kan\u0131ndak\u0131 alternativ s\u0259sidir\",\"publisher\":{\"@id\":\"https:\\\/\\\/www.meydan.tv\\\/az\\\/#organization\"},\"potentialAction\":[{\"@type\":\"SearchAction\",\"target\":{\"@type\":\"EntryPoint\",\"urlTemplate\":\"https:\\\/\\\/www.meydan.tv\\\/az\\\/?s={search_term_string}\"},\"query-input\":{\"@type\":\"PropertyValueSpecification\",\"valueRequired\":true,\"valueName\":\"search_term_string\"}}],\"inLanguage\":\"az\"},{\"@type\":\"Organization\",\"@id\":\"https:\\\/\\\/www.meydan.tv\\\/az\\\/#organization\",\"name\":\"Meydan TV\",\"url\":\"https:\\\/\\\/www.meydan.tv\\\/az\\\/\",\"logo\":{\"@type\":\"ImageObject\",\"inLanguage\":\"az\",\"@id\":\"https:\\\/\\\/www.meydan.tv\\\/az\\\/#\\\/schema\\\/logo\\\/image\\\/\",\"url\":\"https:\\\/\\\/www.meydan.tv\\\/wp-content\\\/uploads\\\/2021\\\/07\\\/meydan-logo.svg\",\"contentUrl\":\"https:\\\/\\\/www.meydan.tv\\\/wp-content\\\/uploads\\\/2021\\\/07\\\/meydan-logo.svg\",\"width\":195,\"height\":46,\"caption\":\"Meydan TV\"},\"image\":{\"@id\":\"https:\\\/\\\/www.meydan.tv\\\/az\\\/#\\\/schema\\\/logo\\\/image\\\/\"}},{\"@type\":\"Person\",\"@id\":\"https:\\\/\\\/www.meydan.tv\\\/az\\\/#\\\/schema\\\/person\\\/49b5f2bad5b126bb8ea9320eeb3e4dc9\",\"name\":\"sevda\"}]}<\/script>\n<!-- \/ Yoast SEO plugin. -->","yoast_head_json":{"title":"Jurnalist Elnar\u0259 Qas\u0131movan\u0131n v\u0259kili: \"\u018fdal\u0259tli q\u0259rar\u0131n verilm\u0259y\u0259c\u0259yini yax\u015f\u0131 bilirik\" - MEYDAN.TV","robots":{"index":"index","follow":"follow","max-snippet":"max-snippet:-1","max-image-preview":"max-image-preview:large","max-video-preview":"max-video-preview:-1"},"canonical":"https:\/\/www.meydan.tv\/az\/article\/jurnalist-elnar%c9%99-qasimovanin-v%c9%99kili-edal%c9%99tli-q%c9%99rarin-verilm%c9%99y%c9%99c%c9%99yini-yaxsi-bilirik\/","og_locale":"az_AZ","og_type":"article","og_title":"Jurnalist Elnar\u0259 Qas\u0131movan\u0131n v\u0259kili: \"\u018fdal\u0259tli q\u0259rar\u0131n verilm\u0259y\u0259c\u0259yini yax\u015f\u0131 bilirik\" - MEYDAN.TV","og_description":"&#8220;T\u0259qsirl\u0259ndiril\u0259n \u015f\u0259xsl\u0259rin he\u00e7 biri g\u00f6mr\u00fck s\u0259rh\u0259ddini ke\u00e7\u0259rk\u0259n qada\u011fan olunmu\u015f m\u0259bl\u0259\u011fl\u0259 ... Davam\u0131","og_url":"https:\/\/www.meydan.tv\/az\/article\/jurnalist-elnar%c9%99-qasimovanin-v%c9%99kili-edal%c9%99tli-q%c9%99rarin-verilm%c9%99y%c9%99c%c9%99yini-yaxsi-bilirik\/","og_site_name":"MEYDAN.TV","article_published_time":"2025-06-17T09:15:26+00:00","article_modified_time":"2025-06-17T09:15:30+00:00","og_image":[{"width":1200,"height":800,"url":"https:\/\/www.meydan.tv\/wp-content\/uploads\/img_0855_720.jpg","type":"image\/jpeg"}],"author":"sevda","twitter_card":"summary_large_image","schema":{"@context":"https:\/\/schema.org","@graph":[{"@type":"Article","@id":"https:\/\/www.meydan.tv\/az\/article\/jurnalist-elnar%c9%99-qasimovanin-v%c9%99kili-edal%c9%99tli-q%c9%99rarin-verilm%c9%99y%c9%99c%c9%99yini-yaxsi-bilirik\/#article","isPartOf":{"@id":"https:\/\/www.meydan.tv\/az\/article\/jurnalist-elnar%c9%99-qasimovanin-v%c9%99kili-edal%c9%99tli-q%c9%99rarin-verilm%c9%99y%c9%99c%c9%99yini-yaxsi-bilirik\/"},"author":{"name":"sevda","@id":"https:\/\/www.meydan.tv\/az\/#\/schema\/person\/49b5f2bad5b126bb8ea9320eeb3e4dc9"},"headline":"Jurnalist Elnar\u0259 Qas\u0131movan\u0131n v\u0259kili: &#8220;\u018fdal\u0259tli q\u0259rar\u0131n verilm\u0259y\u0259c\u0259yini yax\u015f\u0131 bilirik&#8221;","datePublished":"2025-06-17T09:15:26+00:00","dateModified":"2025-06-17T09:15:30+00:00","mainEntityOfPage":{"@id":"https:\/\/www.meydan.tv\/az\/article\/jurnalist-elnar%c9%99-qasimovanin-v%c9%99kili-edal%c9%99tli-q%c9%99rarin-verilm%c9%99y%c9%99c%c9%99yini-yaxsi-bilirik\/"},"wordCount":996,"publisher":{"@id":"https:\/\/www.meydan.tv\/az\/#organization"},"image":{"@id":"https:\/\/www.meydan.tv\/az\/article\/jurnalist-elnar%c9%99-qasimovanin-v%c9%99kili-edal%c9%99tli-q%c9%99rarin-verilm%c9%99y%c9%99c%c9%99yini-yaxsi-bilirik\/#primaryimage"},"thumbnailUrl":"https:\/\/www.meydan.tv\/wp-content\/uploads\/img_0855_720.jpg","articleSection":["T\u00f6vsiy\u0259","X\u0259b\u0259rl\u0259r"],"inLanguage":"az"},{"@type":"WebPage","@id":"https:\/\/www.meydan.tv\/az\/article\/jurnalist-elnar%c9%99-qasimovanin-v%c9%99kili-edal%c9%99tli-q%c9%99rarin-verilm%c9%99y%c9%99c%c9%99yini-yaxsi-bilirik\/","url":"https:\/\/www.meydan.tv\/az\/article\/jurnalist-elnar%c9%99-qasimovanin-v%c9%99kili-edal%c9%99tli-q%c9%99rarin-verilm%c9%99y%c9%99c%c9%99yini-yaxsi-bilirik\/","name":"Jurnalist Elnar\u0259 Qas\u0131movan\u0131n v\u0259kili: \"\u018fdal\u0259tli q\u0259rar\u0131n verilm\u0259y\u0259c\u0259yini yax\u015f\u0131 bilirik\" - MEYDAN.TV","isPartOf":{"@id":"https:\/\/www.meydan.tv\/az\/#website"},"primaryImageOfPage":{"@id":"https:\/\/www.meydan.tv\/az\/article\/jurnalist-elnar%c9%99-qasimovanin-v%c9%99kili-edal%c9%99tli-q%c9%99rarin-verilm%c9%99y%c9%99c%c9%99yini-yaxsi-bilirik\/#primaryimage"},"image":{"@id":"https:\/\/www.meydan.tv\/az\/article\/jurnalist-elnar%c9%99-qasimovanin-v%c9%99kili-edal%c9%99tli-q%c9%99rarin-verilm%c9%99y%c9%99c%c9%99yini-yaxsi-bilirik\/#primaryimage"},"thumbnailUrl":"https:\/\/www.meydan.tv\/wp-content\/uploads\/img_0855_720.jpg","datePublished":"2025-06-17T09:15:26+00:00","dateModified":"2025-06-17T09:15:30+00:00","breadcrumb":{"@id":"https:\/\/www.meydan.tv\/az\/article\/jurnalist-elnar%c9%99-qasimovanin-v%c9%99kili-edal%c9%99tli-q%c9%99rarin-verilm%c9%99y%c9%99c%c9%99yini-yaxsi-bilirik\/#breadcrumb"},"inLanguage":"az","potentialAction":[{"@type":"ReadAction","target":["https:\/\/www.meydan.tv\/az\/article\/jurnalist-elnar%c9%99-qasimovanin-v%c9%99kili-edal%c9%99tli-q%c9%99rarin-verilm%c9%99y%c9%99c%c9%99yini-yaxsi-bilirik\/"]}]},{"@type":"ImageObject","inLanguage":"az","@id":"https:\/\/www.meydan.tv\/az\/article\/jurnalist-elnar%c9%99-qasimovanin-v%c9%99kili-edal%c9%99tli-q%c9%99rarin-verilm%c9%99y%c9%99c%c9%99yini-yaxsi-bilirik\/#primaryimage","url":"https:\/\/www.meydan.tv\/wp-content\/uploads\/img_0855_720.jpg","contentUrl":"https:\/\/www.meydan.tv\/wp-content\/uploads\/img_0855_720.jpg","width":1200,"height":800,"caption":"Elnar\u0259 Qas\u0131mova. Foto: Meydan TV"},{"@type":"BreadcrumbList","@id":"https:\/\/www.meydan.tv\/az\/article\/jurnalist-elnar%c9%99-qasimovanin-v%c9%99kili-edal%c9%99tli-q%c9%99rarin-verilm%c9%99y%c9%99c%c9%99yini-yaxsi-bilirik\/#breadcrumb","itemListElement":[{"@type":"ListItem","position":1,"name":"Ana s\u0259hif\u0259","item":"https:\/\/www.meydan.tv\/az\/"},{"@type":"ListItem","position":2,"name":"X\u0259b\u0259rl\u0259r","item":"https:\/\/www.meydan.tv\/az\/section\/xeberler\/"},{"@type":"ListItem","position":3,"name":"Jurnalist Elnar\u0259 Qas\u0131movan\u0131n v\u0259kili: &#8220;\u018fdal\u0259tli q\u0259rar\u0131n verilm\u0259y\u0259c\u0259yini yax\u015f\u0131 bilirik&#8221;"}]},{"@type":"WebSite","@id":"https:\/\/www.meydan.tv\/az\/#website","url":"https:\/\/www.meydan.tv\/az\/","name":"MEYDAN.TV","description":"Meydan TV Az\u0259rbaycan\u0131n media m\u0259kan\u0131ndak\u0131 alternativ s\u0259sidir","publisher":{"@id":"https:\/\/www.meydan.tv\/az\/#organization"},"potentialAction":[{"@type":"SearchAction","target":{"@type":"EntryPoint","urlTemplate":"https:\/\/www.meydan.tv\/az\/?s={search_term_string}"},"query-input":{"@type":"PropertyValueSpecification","valueRequired":true,"valueName":"search_term_string"}}],"inLanguage":"az"},{"@type":"Organization","@id":"https:\/\/www.meydan.tv\/az\/#organization","name":"Meydan TV","url":"https:\/\/www.meydan.tv\/az\/","logo":{"@type":"ImageObject","inLanguage":"az","@id":"https:\/\/www.meydan.tv\/az\/#\/schema\/logo\/image\/","url":"https:\/\/www.meydan.tv\/wp-content\/uploads\/2021\/07\/meydan-logo.svg","contentUrl":"https:\/\/www.meydan.tv\/wp-content\/uploads\/2021\/07\/meydan-logo.svg","width":195,"height":46,"caption":"Meydan TV"},"image":{"@id":"https:\/\/www.meydan.tv\/az\/#\/schema\/logo\/image\/"}},{"@type":"Person","@id":"https:\/\/www.meydan.tv\/az\/#\/schema\/person\/49b5f2bad5b126bb8ea9320eeb3e4dc9","name":"sevda"}]}},"_links":{"self":[{"href":"https:\/\/www.meydan.tv\/az\/wp-json\/wp\/v2\/posts\/331939","targetHints":{"allow":["GET"]}}],"collection":[{"href":"https:\/\/www.meydan.tv\/az\/wp-json\/wp\/v2\/posts"}],"about":[{"href":"https:\/\/www.meydan.tv\/az\/wp-json\/wp\/v2\/types\/post"}],"author":[{"embeddable":true,"href":"https:\/\/www.meydan.tv\/az\/wp-json\/wp\/v2\/users\/16"}],"replies":[{"embeddable":true,"href":"https:\/\/www.meydan.tv\/az\/wp-json\/wp\/v2\/comments?post=331939"}],"version-history":[{"count":3,"href":"https:\/\/www.meydan.tv\/az\/wp-json\/wp\/v2\/posts\/331939\/revisions"}],"predecessor-version":[{"id":331942,"href":"https:\/\/www.meydan.tv\/az\/wp-json\/wp\/v2\/posts\/331939\/revisions\/331942"}],"wp:featuredmedia":[{"embeddable":true,"href":"https:\/\/www.meydan.tv\/az\/wp-json\/wp\/v2\/media\/295258"}],"wp:attachment":[{"href":"https:\/\/www.meydan.tv\/az\/wp-json\/wp\/v2\/media?parent=331939"}],"wp:term":[{"taxonomy":"category","embeddable":true,"href":"https:\/\/www.meydan.tv\/az\/wp-json\/wp\/v2\/categories?post=331939"},{"taxonomy":"post_tag","embeddable":true,"href":"https:\/\/www.meydan.tv\/az\/wp-json\/wp\/v2\/tags?post=331939"}],"curies":[{"name":"wp","href":"https:\/\/api.w.org\/{rel}","templated":true}]}}