{"id":331926,"date":"2025-06-16T17:22:04","date_gmt":"2025-06-16T13:22:04","guid":{"rendered":"https:\/\/www.meydan.tv\/?p=331926"},"modified":"2025-06-16T17:22:08","modified_gmt":"2025-06-16T13:22:08","slug":"v%c9%99kil-rovsan%c9%99-r%c9%99himli-n%c9%99rgiz-absalamova-mut%c9%99s%c9%99kkil-jurnalistika-il%c9%99-m%c9%99sgul-olub","status":"publish","type":"post","link":"https:\/\/www.meydan.tv\/az\/article\/v%c9%99kil-rovsan%c9%99-r%c9%99himli-n%c9%99rgiz-absalamova-mut%c9%99s%c9%99kkil-jurnalistika-il%c9%99-m%c9%99sgul-olub\/","title":{"rendered":"V\u0259kil R\u00f6v\u015fan\u0259 R\u0259himli: &#8220;N\u0259rgiz Absalamova m\u00fct\u0259\u015f\u0259kkil jurnalistika il\u0259 m\u0259\u015f\u011ful olub&#8221;"},"content":{"rendered":"\n<p><strong><em>V\u0259kilin s\u00f6zl\u0259rin\u0259 g\u00f6r\u0259, t\u0259qdim olunan s\u00fcbutlar\u0131n \u0259ks\u0259riyy\u0259ti  t\u0259zyiq alt\u0131nda verilmi\u015f ifad\u0259l\u0259r\u0259 \u0259saslan\u0131r<\/em><\/strong><\/p>\n\n\n\n<p>\u0130yunun 10-da \u201cAbzas Media i\u015fi\u201d \u00fczr\u0259 h\u0259bs olunanlar\u0131n v\u0259kill\u0259ri m\u0259hk\u0259m\u0259d\u0259 son s\u00f6zl\u0259 \u00e7\u0131x\u0131\u015f edibl\u0259r.<br><br>Hakim Rasim Sad\u0131xovun s\u0259drliyi il\u0259 ke\u00e7iril\u0259n m\u0259hk\u0259m\u0259 prosesind\u0259 jurnalist N\u0259rgiz Absalamovan\u0131n v\u0259kili R\u00f6v\u015fan\u0259 R\u0259himli m\u00fcdafi\u0259 \u00e7\u0131x\u0131\u015f\u0131nda <a href=\"https:\/\/abzas.info\/az\/2025\/6\/rovsan-rhimli-nrgiz-absal0724f8f8-0\/?fbclid=IwQ0xDSwK80IhleHRuA2FlbQIxMQABHlkZpIpNkc-kUTwsW5YRulgg7sbTEe2Du4hJ4uWqi2fBqG-5yZ6Wpp1Wmg8j_aem_JhPGoEs2rr4E8rBKSJj_Rw\" target=\"_blank\" rel=\"noreferrer noopener\">bildirib<\/a> ki, m\u00fcv\u0259kkili siyasi sifari\u015fl\u0259 v\u0259 \u0259sass\u0131z ittihamlarla h\u0259bs edilib.<br><br>V\u0259kilin s\u00f6zl\u0259rin\u0259 g\u00f6r\u0259, t\u0259qdim olunan s\u00fcbutlar\u0131n \u0259ks\u0259riyy\u0259ti ya prosessual pozuntularla \u0259ld\u0259 olunub, ya da t\u0259zyiq alt\u0131nda verilmi\u015f ifad\u0259l\u0259r\u0259 \u0259saslan\u0131r:<br><br><em>\u201cProtokollarda komp\u00fcter v\u0259 telefonlar\u0131n guya k\u00f6n\u00fcll\u00fc verilm\u0259si qeyd edils\u0259 d\u0259, t\u0259qsirl\u0259ndiril\u0259n \u015f\u0259xsl\u0259r m\u0259hk\u0259m\u0259y\u0259 bildiridil\u0259r ki, onlar fiziki v\u0259 psixoloji t\u0259zyiq\u0259 m\u0259ruz qal\u0131blar v\u0259 s\u00fcbutlar da bu yolla al\u0131n\u0131b. Lakin m\u0259hk\u0259m\u0259 t\u0259qsirl\u0259ndiril\u0259n \u015f\u0259xsl\u0259rin bu iddialar\u0131n\u0131 yoxlama\u011fa maraq g\u00f6st\u0259rm\u0259di. Halbuki, m\u0259hz bu fakt h\u0259rt\u0259rfli obyektiv yoxlama t\u0259l\u0259b edirdi. \u00c7\u00fcnki qanunsuz yolla, x\u00fcsus\u0259n d\u0259 t\u0259zyiq alt\u0131nda \u0259ld\u0259 edilmi\u015f s\u00fcbutun s\u00fcbut \u0259h\u0259miyy\u0259ti ola bilm\u0259z, onlar s\u00fcbut kimi q\u0259buledilm\u0259z hesab edilm\u0259lidir\u201d.<\/em><br><br>R\u00f6v\u015fan\u0259 R\u0259himli x\u00fcsusil\u0259 \u0259sas \u015fahid M\u0259h\u0259mm\u0259d Kekalovun istintaq d\u00f6vr\u00fcnd\u0259ki ifad\u0259l\u0259rind\u0259n m\u0259hk\u0259m\u0259d\u0259 imtina etdiyini v\u0259 bu ifad\u0259l\u0259rin t\u0259zyiq alt\u0131nda verildiyini vur\u011fulay\u0131b.<br><br>V\u0259kil \u0259lav\u0259 edib ki, qanunla Kekalovun m\u0259hk\u0259m\u0259d\u0259 t\u0259zyiqsiz v\u0259 s\u0259rb\u0259st \u015f\u0259kild\u0259 verdiyi ifad\u0259 \u0259sas g\u00f6t\u00fcr\u00fclm\u0259lidir. \u0130stintaq zaman\u0131 is\u0259 o, m\u00fcdafi\u0259siz v\u0259ziyy\u0259td\u0259 olub v\u0259 ifad\u0259si t\u0259zyiq alt\u0131nda al\u0131n\u0131b.<br><br>V\u0259kil h\u0259m\u00e7inin istintaq\u0131n t\u0259qdim etdiyi s\u0259n\u0259dl\u0259rin orijinal olmad\u0131\u011f\u0131n\u0131, yaln\u0131z m\u0259n\u015f\u0259yi m\u0259lum olmayan foto\u015f\u0259kill\u0259rd\u0259n ibar\u0259t oldu\u011funu qeyd edib.<br><br>R\u0259himli bildirib ki, m\u0259hz buna g\u00f6r\u0259 d\u0259 Absalamovaya qar\u015f\u0131 ir\u0259li s\u00fcr\u00fcl\u0259n ittihamlar \u2013 qa\u00e7aqmal\u00e7\u0131l\u0131q, qanunsuz sahibkarl\u0131q, s\u0259n\u0259d saxtakarl\u0131\u011f\u0131 v\u0259 s. \u2013 s\u00fcbuta yetirilmir:<br><br>\u201cM\u0259h\u0259mm\u0259d Kekalovun h\u0259tta ibtidai istintaq zaman\u0131 verdiyi, lakin m\u0259hk\u0259m\u0259 istintaq\u0131 zaman\u0131 imtina etdiyi ifad\u0259si \u00f6z\u00fcnd\u0259 h\u0259r hans\u0131 konkret fakt\u0131 ehtiva etmir. M\u0259s\u0259l\u0259n, m\u0259lum olmur ki, N\u0259rgiz Absalamova n\u0259 vaxt v\u0259 nec\u0259 pul v\u0259saitl\u0259rini g\u0259tirib, pul v\u0259saitl\u0259rini hardan al\u0131b, n\u0259 q\u0259d\u0259r pul v\u0259saitl\u0259ri g\u0259tirib, bunu ondan kim, harda v\u0259 nec\u0259 xahi\u015f edib? M\u0259h\u0259mm\u0259d Kekalovun bu prosesd\u0259 &#8211; N\u0259rgiz Absalamovan\u0131n pul g\u0259tirilm\u0259sind\u0259 i\u015ftirak\u0131 v\u0259 \u015fahidliyi nec\u0259 olub. M\u0259hk\u0259m\u0259 bax\u0131\u015f\u0131nda dindirilmi\u015f \u015fahidl\u0259r d\u0259 N\u0259rgiz Absalamovan\u0131n h\u0259r hans\u0131 cinay\u0259t \u0259m\u0259lini t\u00f6r\u0259tm\u0259sin\u0259 dair ifad\u0259 verm\u0259di\u201d.<br><br>V\u0259kil h\u0259m\u00e7inin \u201cm\u00fct\u0259\u015f\u0259kkil d\u0259st\u0259\u201d ittiham\u0131n\u0131n h\u00fcquqi \u0259saslara s\u00f6yk\u0259nm\u0259diyini, istintaq\u0131n bu anlay\u0131\u015fdan siyasi niyy\u0259tl\u0259 istifad\u0259 etdiyini deyib.<br><br>Sonda R\u00f6v\u015fan\u0259 R\u0259himli bildirib ki, i\u015f \u00fczr\u0259 s\u00fcbutlar h\u00fcquqi bax\u0131mdan q\u0259buledilm\u0259zdir v\u0259 N\u0259rgiz Absalamova he\u00e7 bir cinay\u0259t t\u00f6r\u0259tm\u0259yib v\u0259 jurnalist f\u0259aliyy\u0259tin\u0259 g\u00f6r\u0259 h\u0259d\u0259f al\u0131n\u0131b.<br><br><em>\u201c\u0130\u015f materiallar\u0131ndan, m\u0259hk\u0259m\u0259 ara\u015fd\u0131rmas\u0131ndan yaln\u0131z bir fakt t\u0259sdiql\u0259nir- N\u0259rgiz Absalamova he\u00e7 bir cinay\u0259t \u0259m\u0259li t\u00f6r\u0259tm\u0259yib, onun g\u00fcnah\u0131 v\u0259 h\u0259bs s\u0259b\u0259bi \u201cAbzas Media\u201d il\u0259 \u0259m\u0259kda\u015fl\u0131q ed\u0259r\u0259k t\u0259nqidi videomateriallar haz\u0131rlamas\u0131d\u0131r, m\u00fct\u0259\u015f\u0259kkil jurnalistika il\u0259 m\u0259\u015f\u011ful olub v\u0259 m\u0259qs\u0259di qanunsuzluq t\u00f6r\u0259tm\u0259k yox, t\u00f6r\u0259dil\u0259n qanunsuzluqlar\u0131 a\u015fkar edib \u0259haliy\u0259 \u00e7atd\u0131rmaq olub\u201d, <\/em>&#8211; v\u0259kil qeyd edib.<br><br>\u201cAbzas Media i\u015fi\u201d \u00fczr\u0259 h\u0259bs olunanlar\u0131n v\u0259kill\u0259ri m\u00fcdafi\u0259 \u00e7\u0131x\u0131\u015flar\u0131n\u0131 iyunun 10-da ke\u00e7iril\u0259n prosesd\u0259 <a href=\"https:\/\/storage.googleapis.com\/qurium\/www.meydan.tv\/az-article-abzasmedia-isi-uzr%c9%99-h%c9%99bs-olunanlarin-v%c9%99kill%c9%99ri-m%c9%99hk%c9%99m%c9%99d%c9%99-son-sozl%c9%99-cixis-edibl%c9%99r.html\" target=\"_blank\" rel=\"noreferrer noopener\">edibl\u0259r<\/a>.<br><br>V\u0259kill\u0259rin ham\u0131s\u0131 \u00e7\u0131x\u0131\u015flar\u0131nda b\u00fct\u00fcn ittihamlar\u0131n qondarma oldu\u011funu bildiribl\u0259r.<br><br>Onlar m\u0259hk\u0259m\u0259d\u0259n \u0259dal\u0259tli h\u00f6km g\u00f6zl\u0259m\u0259dikl\u0259rini bildirs\u0259l\u0259r d\u0259, t\u0259qsirl\u0259ndiril\u0259n \u015f\u0259xsl\u0259r\u0259 b\u0259ra\u0259t ist\u0259yibl\u0259r.<br><br>Daha sonra hakim t\u0259qsirl\u0259ndiril\u0259n \u015f\u0259xsl\u0259r\u0259 son s\u00f6z verib.<br><br>T\u0259qsirl\u0259ndiril\u0259n \u015f\u0259xsl\u0259rin \u0259ks\u0259riyy\u0259ti n\u00f6vb\u0259ti prosesd\u0259 \u00e7\u0131x\u0131\u015f ed\u0259c\u0259kl\u0259rini bildiribl\u0259r. <br><br>Onladan yaln\u0131z ara\u015fd\u0131rma\u00e7\u0131 jurnalist Hafiz Babal\u0131 son s\u00f6zl\u0259 \u00e7\u0131x\u0131\u015f edib.<br><br>N\u00f6vb\u0259ti m\u0259hk\u0259m\u0259 iyunun 20-d\u0259 davam etdiril\u0259c\u0259k.<br><br>2023-c\u00fc ilin noyabr\u0131n 20-d\u0259n etibar\u0259n Az\u0259rbaycanda korrupsiya ara\u015fd\u0131rmalar\u0131 aparan \u201cAbzas Media\u201d n\u0259\u015frinin 6 \u0259m\u0259kda\u015f\u0131 \u2013 direktor \u00dclvi H\u0259s\u0259nli, onun m\u00fcavini M\u0259h\u0259mm\u0259d Kekalov, ba\u015f redaktor Sevinc Vaqifq\u0131z\u0131, reportyorlar N\u0259rgiz Absalamova v\u0259 Elnar\u0259 Qas\u0131mova, ara\u015fd\u0131rma\u00e7\u0131 jurnalist Hafiz Babal\u0131, 2024-c\u00fc ilin may\u0131nda is\u0259 \u201cAzadl\u0131q\u201d radiosunun jurnalisti, iqtisad\u00e7\u0131 F\u0259rid Mehral\u0131zad\u0259 \u201cAbzas Media i\u015fi\u201d \u00e7\u0259r\u00e7iv\u0259sind\u0259 h\u0259bs edilib.<br><br>Jurnalistl\u0259rin ham\u0131s\u0131 \u0259vv\u0259lc\u0259 qa\u00e7aqmal\u00e7\u0131l\u0131qda ittiham olunublar.<br><br>2024-c\u00fc ilin avqustunda is\u0259 \u201cAbzas Media i\u015fi\u201d \u00fczr\u0259 h\u0259bs edil\u0259n \u015f\u0259xsl\u0259r\u0259 qar\u015f\u0131 ittihamlar a\u011f\u0131rla\u015fd\u0131r\u0131l\u0131b.<br><br>Yerli v\u0259 beyn\u0259lxalq h\u00fcquq m\u00fcdafi\u0259 t\u0259\u015fkilatlar\u0131 bu h\u0259bsl\u0259ri siyasi motivli hesab edir v\u0259 jurnalistl\u0259rin azad edilm\u0259sin\u0259, onlara qar\u015f\u0131 ittihamlar\u0131n l\u0259\u011fv olunmas\u0131na dair \u00e7a\u011f\u0131r\u0131\u015f edirl\u0259r.<\/p>\n","protected":false},"excerpt":{"rendered":"<p>V\u0259kilin s\u00f6zl\u0259rin\u0259 g\u00f6r\u0259, t\u0259qdim olunan s\u00fcbutlar\u0131n \u0259ks\u0259riyy\u0259ti t\u0259zyiq alt\u0131nda verilmi\u015f &#8230; <\/p>\n<p class=\"read-more-container\"><a title=\"V\u0259kil R\u00f6v\u015fan\u0259 R\u0259himli: &#8220;N\u0259rgiz Absalamova m\u00fct\u0259\u015f\u0259kkil jurnalistika il\u0259 m\u0259\u015f\u011ful olub&#8221;\" class=\"read-more button\" href=\"https:\/\/www.meydan.tv\/az\/article\/v%c9%99kil-rovsan%c9%99-r%c9%99himli-n%c9%99rgiz-absalamova-mut%c9%99s%c9%99kkil-jurnalistika-il%c9%99-m%c9%99sgul-olub\/#more-331926\" aria-label=\"Read more about V\u0259kil R\u00f6v\u015fan\u0259 R\u0259himli: &#8220;N\u0259rgiz Absalamova m\u00fct\u0259\u015f\u0259kkil jurnalistika il\u0259 m\u0259\u015f\u011ful olub&#8221;\">Davam\u0131<\/a><\/p>\n","protected":false},"author":16,"featured_media":291885,"comment_status":"closed","ping_status":"closed","sticky":false,"template":"","format":"standard","meta":{"_acf_changed":false,"_sitemap_exclude":false,"_sitemap_priority":"","_sitemap_frequency":"","footnotes":""},"categories":[79,56],"tags":[],"class_list":["post-331926","post","type-post","status-publish","format-standard","has-post-thumbnail","hentry","category-featured","category-xeberler","infinite-scroll-item","generate-columns","tablet-grid-50","mobile-grid-100","grid-parent","grid-33","no-featured-image-padding"],"acf":[],"yoast_head":"<!-- This site is optimized with the Yoast SEO plugin v27.5 - https:\/\/yoast.com\/product\/yoast-seo-wordpress\/ -->\n<title>V\u0259kil R\u00f6v\u015fan\u0259 R\u0259himli: &quot;N\u0259rgiz Absalamova m\u00fct\u0259\u015f\u0259kkil jurnalistika il\u0259 m\u0259\u015f\u011ful olub&quot; - MEYDAN.TV<\/title>\n<meta name=\"robots\" content=\"index, follow, max-snippet:-1, max-image-preview:large, max-video-preview:-1\" \/>\n<link rel=\"canonical\" href=\"https:\/\/www.meydan.tv\/az\/article\/v%c9%99kil-rovsan%c9%99-r%c9%99himli-n%c9%99rgiz-absalamova-mut%c9%99s%c9%99kkil-jurnalistika-il%c9%99-m%c9%99sgul-olub\/\" \/>\n<meta property=\"og:locale\" content=\"az_AZ\" \/>\n<meta property=\"og:type\" content=\"article\" \/>\n<meta property=\"og:title\" content=\"V\u0259kil R\u00f6v\u015fan\u0259 R\u0259himli: &quot;N\u0259rgiz Absalamova m\u00fct\u0259\u015f\u0259kkil jurnalistika il\u0259 m\u0259\u015f\u011ful olub&quot; - MEYDAN.TV\" \/>\n<meta property=\"og:description\" content=\"V\u0259kilin s\u00f6zl\u0259rin\u0259 g\u00f6r\u0259, t\u0259qdim olunan s\u00fcbutlar\u0131n \u0259ks\u0259riyy\u0259ti t\u0259zyiq alt\u0131nda verilmi\u015f ... Davam\u0131\" \/>\n<meta property=\"og:url\" content=\"https:\/\/www.meydan.tv\/az\/article\/v%c9%99kil-rovsan%c9%99-r%c9%99himli-n%c9%99rgiz-absalamova-mut%c9%99s%c9%99kkil-jurnalistika-il%c9%99-m%c9%99sgul-olub\/\" \/>\n<meta property=\"og:site_name\" content=\"MEYDAN.TV\" \/>\n<meta property=\"article:published_time\" content=\"2025-06-16T13:22:04+00:00\" \/>\n<meta property=\"article:modified_time\" content=\"2025-06-16T13:22:08+00:00\" \/>\n<meta property=\"og:image\" content=\"https:\/\/www.meydan.tv\/wp-content\/uploads\/img_0658-scaled.jpg\" \/>\n\t<meta property=\"og:image:width\" content=\"2560\" \/>\n\t<meta property=\"og:image:height\" content=\"1707\" \/>\n\t<meta property=\"og:image:type\" content=\"image\/jpeg\" \/>\n<meta name=\"author\" content=\"sevda\" \/>\n<meta name=\"twitter:card\" content=\"summary_large_image\" \/>\n<script type=\"application\/ld+json\" class=\"yoast-schema-graph\">{\"@context\":\"https:\\\/\\\/schema.org\",\"@graph\":[{\"@type\":\"Article\",\"@id\":\"https:\\\/\\\/www.meydan.tv\\\/az\\\/article\\\/v%c9%99kil-rovsan%c9%99-r%c9%99himli-n%c9%99rgiz-absalamova-mut%c9%99s%c9%99kkil-jurnalistika-il%c9%99-m%c9%99sgul-olub\\\/#article\",\"isPartOf\":{\"@id\":\"https:\\\/\\\/www.meydan.tv\\\/az\\\/article\\\/v%c9%99kil-rovsan%c9%99-r%c9%99himli-n%c9%99rgiz-absalamova-mut%c9%99s%c9%99kkil-jurnalistika-il%c9%99-m%c9%99sgul-olub\\\/\"},\"author\":{\"name\":\"sevda\",\"@id\":\"https:\\\/\\\/www.meydan.tv\\\/az\\\/#\\\/schema\\\/person\\\/49b5f2bad5b126bb8ea9320eeb3e4dc9\"},\"headline\":\"V\u0259kil R\u00f6v\u015fan\u0259 R\u0259himli: &#8220;N\u0259rgiz Absalamova m\u00fct\u0259\u015f\u0259kkil jurnalistika il\u0259 m\u0259\u015f\u011ful olub&#8221;\",\"datePublished\":\"2025-06-16T13:22:04+00:00\",\"dateModified\":\"2025-06-16T13:22:08+00:00\",\"mainEntityOfPage\":{\"@id\":\"https:\\\/\\\/www.meydan.tv\\\/az\\\/article\\\/v%c9%99kil-rovsan%c9%99-r%c9%99himli-n%c9%99rgiz-absalamova-mut%c9%99s%c9%99kkil-jurnalistika-il%c9%99-m%c9%99sgul-olub\\\/\"},\"wordCount\":992,\"publisher\":{\"@id\":\"https:\\\/\\\/www.meydan.tv\\\/az\\\/#organization\"},\"image\":{\"@id\":\"https:\\\/\\\/www.meydan.tv\\\/az\\\/article\\\/v%c9%99kil-rovsan%c9%99-r%c9%99himli-n%c9%99rgiz-absalamova-mut%c9%99s%c9%99kkil-jurnalistika-il%c9%99-m%c9%99sgul-olub\\\/#primaryimage\"},\"thumbnailUrl\":\"https:\\\/\\\/www.meydan.tv\\\/wp-content\\\/uploads\\\/img_0658-scaled.jpg\",\"articleSection\":[\"T\u00f6vsiy\u0259\",\"X\u0259b\u0259rl\u0259r\"],\"inLanguage\":\"az\"},{\"@type\":\"WebPage\",\"@id\":\"https:\\\/\\\/www.meydan.tv\\\/az\\\/article\\\/v%c9%99kil-rovsan%c9%99-r%c9%99himli-n%c9%99rgiz-absalamova-mut%c9%99s%c9%99kkil-jurnalistika-il%c9%99-m%c9%99sgul-olub\\\/\",\"url\":\"https:\\\/\\\/www.meydan.tv\\\/az\\\/article\\\/v%c9%99kil-rovsan%c9%99-r%c9%99himli-n%c9%99rgiz-absalamova-mut%c9%99s%c9%99kkil-jurnalistika-il%c9%99-m%c9%99sgul-olub\\\/\",\"name\":\"V\u0259kil R\u00f6v\u015fan\u0259 R\u0259himli: \\\"N\u0259rgiz Absalamova m\u00fct\u0259\u015f\u0259kkil jurnalistika il\u0259 m\u0259\u015f\u011ful olub\\\" - MEYDAN.TV\",\"isPartOf\":{\"@id\":\"https:\\\/\\\/www.meydan.tv\\\/az\\\/#website\"},\"primaryImageOfPage\":{\"@id\":\"https:\\\/\\\/www.meydan.tv\\\/az\\\/article\\\/v%c9%99kil-rovsan%c9%99-r%c9%99himli-n%c9%99rgiz-absalamova-mut%c9%99s%c9%99kkil-jurnalistika-il%c9%99-m%c9%99sgul-olub\\\/#primaryimage\"},\"image\":{\"@id\":\"https:\\\/\\\/www.meydan.tv\\\/az\\\/article\\\/v%c9%99kil-rovsan%c9%99-r%c9%99himli-n%c9%99rgiz-absalamova-mut%c9%99s%c9%99kkil-jurnalistika-il%c9%99-m%c9%99sgul-olub\\\/#primaryimage\"},\"thumbnailUrl\":\"https:\\\/\\\/www.meydan.tv\\\/wp-content\\\/uploads\\\/img_0658-scaled.jpg\",\"datePublished\":\"2025-06-16T13:22:04+00:00\",\"dateModified\":\"2025-06-16T13:22:08+00:00\",\"breadcrumb\":{\"@id\":\"https:\\\/\\\/www.meydan.tv\\\/az\\\/article\\\/v%c9%99kil-rovsan%c9%99-r%c9%99himli-n%c9%99rgiz-absalamova-mut%c9%99s%c9%99kkil-jurnalistika-il%c9%99-m%c9%99sgul-olub\\\/#breadcrumb\"},\"inLanguage\":\"az\",\"potentialAction\":[{\"@type\":\"ReadAction\",\"target\":[\"https:\\\/\\\/www.meydan.tv\\\/az\\\/article\\\/v%c9%99kil-rovsan%c9%99-r%c9%99himli-n%c9%99rgiz-absalamova-mut%c9%99s%c9%99kkil-jurnalistika-il%c9%99-m%c9%99sgul-olub\\\/\"]}]},{\"@type\":\"ImageObject\",\"inLanguage\":\"az\",\"@id\":\"https:\\\/\\\/www.meydan.tv\\\/az\\\/article\\\/v%c9%99kil-rovsan%c9%99-r%c9%99himli-n%c9%99rgiz-absalamova-mut%c9%99s%c9%99kkil-jurnalistika-il%c9%99-m%c9%99sgul-olub\\\/#primaryimage\",\"url\":\"https:\\\/\\\/www.meydan.tv\\\/wp-content\\\/uploads\\\/img_0658-scaled.jpg\",\"contentUrl\":\"https:\\\/\\\/www.meydan.tv\\\/wp-content\\\/uploads\\\/img_0658-scaled.jpg\",\"width\":2560,\"height\":1707,\"caption\":\"\u0130ll\u00fcstrasiya: Meydan TV\"},{\"@type\":\"BreadcrumbList\",\"@id\":\"https:\\\/\\\/www.meydan.tv\\\/az\\\/article\\\/v%c9%99kil-rovsan%c9%99-r%c9%99himli-n%c9%99rgiz-absalamova-mut%c9%99s%c9%99kkil-jurnalistika-il%c9%99-m%c9%99sgul-olub\\\/#breadcrumb\",\"itemListElement\":[{\"@type\":\"ListItem\",\"position\":1,\"name\":\"Ana s\u0259hif\u0259\",\"item\":\"https:\\\/\\\/www.meydan.tv\\\/az\\\/\"},{\"@type\":\"ListItem\",\"position\":2,\"name\":\"X\u0259b\u0259rl\u0259r\",\"item\":\"https:\\\/\\\/www.meydan.tv\\\/az\\\/section\\\/xeberler\\\/\"},{\"@type\":\"ListItem\",\"position\":3,\"name\":\"V\u0259kil R\u00f6v\u015fan\u0259 R\u0259himli: &#8220;N\u0259rgiz Absalamova m\u00fct\u0259\u015f\u0259kkil jurnalistika il\u0259 m\u0259\u015f\u011ful olub&#8221;\"}]},{\"@type\":\"WebSite\",\"@id\":\"https:\\\/\\\/www.meydan.tv\\\/az\\\/#website\",\"url\":\"https:\\\/\\\/www.meydan.tv\\\/az\\\/\",\"name\":\"MEYDAN.TV\",\"description\":\"Meydan TV Az\u0259rbaycan\u0131n media m\u0259kan\u0131ndak\u0131 alternativ s\u0259sidir\",\"publisher\":{\"@id\":\"https:\\\/\\\/www.meydan.tv\\\/az\\\/#organization\"},\"potentialAction\":[{\"@type\":\"SearchAction\",\"target\":{\"@type\":\"EntryPoint\",\"urlTemplate\":\"https:\\\/\\\/www.meydan.tv\\\/az\\\/?s={search_term_string}\"},\"query-input\":{\"@type\":\"PropertyValueSpecification\",\"valueRequired\":true,\"valueName\":\"search_term_string\"}}],\"inLanguage\":\"az\"},{\"@type\":\"Organization\",\"@id\":\"https:\\\/\\\/www.meydan.tv\\\/az\\\/#organization\",\"name\":\"Meydan TV\",\"url\":\"https:\\\/\\\/www.meydan.tv\\\/az\\\/\",\"logo\":{\"@type\":\"ImageObject\",\"inLanguage\":\"az\",\"@id\":\"https:\\\/\\\/www.meydan.tv\\\/az\\\/#\\\/schema\\\/logo\\\/image\\\/\",\"url\":\"https:\\\/\\\/www.meydan.tv\\\/wp-content\\\/uploads\\\/2021\\\/07\\\/meydan-logo.svg\",\"contentUrl\":\"https:\\\/\\\/www.meydan.tv\\\/wp-content\\\/uploads\\\/2021\\\/07\\\/meydan-logo.svg\",\"width\":195,\"height\":46,\"caption\":\"Meydan TV\"},\"image\":{\"@id\":\"https:\\\/\\\/www.meydan.tv\\\/az\\\/#\\\/schema\\\/logo\\\/image\\\/\"}},{\"@type\":\"Person\",\"@id\":\"https:\\\/\\\/www.meydan.tv\\\/az\\\/#\\\/schema\\\/person\\\/49b5f2bad5b126bb8ea9320eeb3e4dc9\",\"name\":\"sevda\"}]}<\/script>\n<!-- \/ Yoast SEO plugin. -->","yoast_head_json":{"title":"V\u0259kil R\u00f6v\u015fan\u0259 R\u0259himli: \"N\u0259rgiz Absalamova m\u00fct\u0259\u015f\u0259kkil jurnalistika il\u0259 m\u0259\u015f\u011ful olub\" - MEYDAN.TV","robots":{"index":"index","follow":"follow","max-snippet":"max-snippet:-1","max-image-preview":"max-image-preview:large","max-video-preview":"max-video-preview:-1"},"canonical":"https:\/\/www.meydan.tv\/az\/article\/v%c9%99kil-rovsan%c9%99-r%c9%99himli-n%c9%99rgiz-absalamova-mut%c9%99s%c9%99kkil-jurnalistika-il%c9%99-m%c9%99sgul-olub\/","og_locale":"az_AZ","og_type":"article","og_title":"V\u0259kil R\u00f6v\u015fan\u0259 R\u0259himli: \"N\u0259rgiz Absalamova m\u00fct\u0259\u015f\u0259kkil jurnalistika il\u0259 m\u0259\u015f\u011ful olub\" - MEYDAN.TV","og_description":"V\u0259kilin s\u00f6zl\u0259rin\u0259 g\u00f6r\u0259, t\u0259qdim olunan s\u00fcbutlar\u0131n \u0259ks\u0259riyy\u0259ti t\u0259zyiq alt\u0131nda verilmi\u015f ... Davam\u0131","og_url":"https:\/\/www.meydan.tv\/az\/article\/v%c9%99kil-rovsan%c9%99-r%c9%99himli-n%c9%99rgiz-absalamova-mut%c9%99s%c9%99kkil-jurnalistika-il%c9%99-m%c9%99sgul-olub\/","og_site_name":"MEYDAN.TV","article_published_time":"2025-06-16T13:22:04+00:00","article_modified_time":"2025-06-16T13:22:08+00:00","og_image":[{"width":2560,"height":1707,"url":"https:\/\/www.meydan.tv\/wp-content\/uploads\/img_0658-scaled.jpg","type":"image\/jpeg"}],"author":"sevda","twitter_card":"summary_large_image","schema":{"@context":"https:\/\/schema.org","@graph":[{"@type":"Article","@id":"https:\/\/www.meydan.tv\/az\/article\/v%c9%99kil-rovsan%c9%99-r%c9%99himli-n%c9%99rgiz-absalamova-mut%c9%99s%c9%99kkil-jurnalistika-il%c9%99-m%c9%99sgul-olub\/#article","isPartOf":{"@id":"https:\/\/www.meydan.tv\/az\/article\/v%c9%99kil-rovsan%c9%99-r%c9%99himli-n%c9%99rgiz-absalamova-mut%c9%99s%c9%99kkil-jurnalistika-il%c9%99-m%c9%99sgul-olub\/"},"author":{"name":"sevda","@id":"https:\/\/www.meydan.tv\/az\/#\/schema\/person\/49b5f2bad5b126bb8ea9320eeb3e4dc9"},"headline":"V\u0259kil R\u00f6v\u015fan\u0259 R\u0259himli: &#8220;N\u0259rgiz Absalamova m\u00fct\u0259\u015f\u0259kkil jurnalistika il\u0259 m\u0259\u015f\u011ful olub&#8221;","datePublished":"2025-06-16T13:22:04+00:00","dateModified":"2025-06-16T13:22:08+00:00","mainEntityOfPage":{"@id":"https:\/\/www.meydan.tv\/az\/article\/v%c9%99kil-rovsan%c9%99-r%c9%99himli-n%c9%99rgiz-absalamova-mut%c9%99s%c9%99kkil-jurnalistika-il%c9%99-m%c9%99sgul-olub\/"},"wordCount":992,"publisher":{"@id":"https:\/\/www.meydan.tv\/az\/#organization"},"image":{"@id":"https:\/\/www.meydan.tv\/az\/article\/v%c9%99kil-rovsan%c9%99-r%c9%99himli-n%c9%99rgiz-absalamova-mut%c9%99s%c9%99kkil-jurnalistika-il%c9%99-m%c9%99sgul-olub\/#primaryimage"},"thumbnailUrl":"https:\/\/www.meydan.tv\/wp-content\/uploads\/img_0658-scaled.jpg","articleSection":["T\u00f6vsiy\u0259","X\u0259b\u0259rl\u0259r"],"inLanguage":"az"},{"@type":"WebPage","@id":"https:\/\/www.meydan.tv\/az\/article\/v%c9%99kil-rovsan%c9%99-r%c9%99himli-n%c9%99rgiz-absalamova-mut%c9%99s%c9%99kkil-jurnalistika-il%c9%99-m%c9%99sgul-olub\/","url":"https:\/\/www.meydan.tv\/az\/article\/v%c9%99kil-rovsan%c9%99-r%c9%99himli-n%c9%99rgiz-absalamova-mut%c9%99s%c9%99kkil-jurnalistika-il%c9%99-m%c9%99sgul-olub\/","name":"V\u0259kil R\u00f6v\u015fan\u0259 R\u0259himli: \"N\u0259rgiz Absalamova m\u00fct\u0259\u015f\u0259kkil jurnalistika il\u0259 m\u0259\u015f\u011ful olub\" - MEYDAN.TV","isPartOf":{"@id":"https:\/\/www.meydan.tv\/az\/#website"},"primaryImageOfPage":{"@id":"https:\/\/www.meydan.tv\/az\/article\/v%c9%99kil-rovsan%c9%99-r%c9%99himli-n%c9%99rgiz-absalamova-mut%c9%99s%c9%99kkil-jurnalistika-il%c9%99-m%c9%99sgul-olub\/#primaryimage"},"image":{"@id":"https:\/\/www.meydan.tv\/az\/article\/v%c9%99kil-rovsan%c9%99-r%c9%99himli-n%c9%99rgiz-absalamova-mut%c9%99s%c9%99kkil-jurnalistika-il%c9%99-m%c9%99sgul-olub\/#primaryimage"},"thumbnailUrl":"https:\/\/www.meydan.tv\/wp-content\/uploads\/img_0658-scaled.jpg","datePublished":"2025-06-16T13:22:04+00:00","dateModified":"2025-06-16T13:22:08+00:00","breadcrumb":{"@id":"https:\/\/www.meydan.tv\/az\/article\/v%c9%99kil-rovsan%c9%99-r%c9%99himli-n%c9%99rgiz-absalamova-mut%c9%99s%c9%99kkil-jurnalistika-il%c9%99-m%c9%99sgul-olub\/#breadcrumb"},"inLanguage":"az","potentialAction":[{"@type":"ReadAction","target":["https:\/\/www.meydan.tv\/az\/article\/v%c9%99kil-rovsan%c9%99-r%c9%99himli-n%c9%99rgiz-absalamova-mut%c9%99s%c9%99kkil-jurnalistika-il%c9%99-m%c9%99sgul-olub\/"]}]},{"@type":"ImageObject","inLanguage":"az","@id":"https:\/\/www.meydan.tv\/az\/article\/v%c9%99kil-rovsan%c9%99-r%c9%99himli-n%c9%99rgiz-absalamova-mut%c9%99s%c9%99kkil-jurnalistika-il%c9%99-m%c9%99sgul-olub\/#primaryimage","url":"https:\/\/www.meydan.tv\/wp-content\/uploads\/img_0658-scaled.jpg","contentUrl":"https:\/\/www.meydan.tv\/wp-content\/uploads\/img_0658-scaled.jpg","width":2560,"height":1707,"caption":"\u0130ll\u00fcstrasiya: Meydan TV"},{"@type":"BreadcrumbList","@id":"https:\/\/www.meydan.tv\/az\/article\/v%c9%99kil-rovsan%c9%99-r%c9%99himli-n%c9%99rgiz-absalamova-mut%c9%99s%c9%99kkil-jurnalistika-il%c9%99-m%c9%99sgul-olub\/#breadcrumb","itemListElement":[{"@type":"ListItem","position":1,"name":"Ana s\u0259hif\u0259","item":"https:\/\/www.meydan.tv\/az\/"},{"@type":"ListItem","position":2,"name":"X\u0259b\u0259rl\u0259r","item":"https:\/\/www.meydan.tv\/az\/section\/xeberler\/"},{"@type":"ListItem","position":3,"name":"V\u0259kil R\u00f6v\u015fan\u0259 R\u0259himli: &#8220;N\u0259rgiz Absalamova m\u00fct\u0259\u015f\u0259kkil jurnalistika il\u0259 m\u0259\u015f\u011ful olub&#8221;"}]},{"@type":"WebSite","@id":"https:\/\/www.meydan.tv\/az\/#website","url":"https:\/\/www.meydan.tv\/az\/","name":"MEYDAN.TV","description":"Meydan TV Az\u0259rbaycan\u0131n media m\u0259kan\u0131ndak\u0131 alternativ s\u0259sidir","publisher":{"@id":"https:\/\/www.meydan.tv\/az\/#organization"},"potentialAction":[{"@type":"SearchAction","target":{"@type":"EntryPoint","urlTemplate":"https:\/\/www.meydan.tv\/az\/?s={search_term_string}"},"query-input":{"@type":"PropertyValueSpecification","valueRequired":true,"valueName":"search_term_string"}}],"inLanguage":"az"},{"@type":"Organization","@id":"https:\/\/www.meydan.tv\/az\/#organization","name":"Meydan TV","url":"https:\/\/www.meydan.tv\/az\/","logo":{"@type":"ImageObject","inLanguage":"az","@id":"https:\/\/www.meydan.tv\/az\/#\/schema\/logo\/image\/","url":"https:\/\/www.meydan.tv\/wp-content\/uploads\/2021\/07\/meydan-logo.svg","contentUrl":"https:\/\/www.meydan.tv\/wp-content\/uploads\/2021\/07\/meydan-logo.svg","width":195,"height":46,"caption":"Meydan TV"},"image":{"@id":"https:\/\/www.meydan.tv\/az\/#\/schema\/logo\/image\/"}},{"@type":"Person","@id":"https:\/\/www.meydan.tv\/az\/#\/schema\/person\/49b5f2bad5b126bb8ea9320eeb3e4dc9","name":"sevda"}]}},"_links":{"self":[{"href":"https:\/\/www.meydan.tv\/az\/wp-json\/wp\/v2\/posts\/331926","targetHints":{"allow":["GET"]}}],"collection":[{"href":"https:\/\/www.meydan.tv\/az\/wp-json\/wp\/v2\/posts"}],"about":[{"href":"https:\/\/www.meydan.tv\/az\/wp-json\/wp\/v2\/types\/post"}],"author":[{"embeddable":true,"href":"https:\/\/www.meydan.tv\/az\/wp-json\/wp\/v2\/users\/16"}],"replies":[{"embeddable":true,"href":"https:\/\/www.meydan.tv\/az\/wp-json\/wp\/v2\/comments?post=331926"}],"version-history":[{"count":4,"href":"https:\/\/www.meydan.tv\/az\/wp-json\/wp\/v2\/posts\/331926\/revisions"}],"predecessor-version":[{"id":331930,"href":"https:\/\/www.meydan.tv\/az\/wp-json\/wp\/v2\/posts\/331926\/revisions\/331930"}],"wp:featuredmedia":[{"embeddable":true,"href":"https:\/\/www.meydan.tv\/az\/wp-json\/wp\/v2\/media\/291885"}],"wp:attachment":[{"href":"https:\/\/www.meydan.tv\/az\/wp-json\/wp\/v2\/media?parent=331926"}],"wp:term":[{"taxonomy":"category","embeddable":true,"href":"https:\/\/www.meydan.tv\/az\/wp-json\/wp\/v2\/categories?post=331926"},{"taxonomy":"post_tag","embeddable":true,"href":"https:\/\/www.meydan.tv\/az\/wp-json\/wp\/v2\/tags?post=331926"}],"curies":[{"name":"wp","href":"https:\/\/api.w.org\/{rel}","templated":true}]}}