{"id":331888,"date":"2025-06-13T20:13:41","date_gmt":"2025-06-13T16:13:41","guid":{"rendered":"https:\/\/www.meydan.tv\/?p=331888"},"modified":"2025-06-13T20:13:52","modified_gmt":"2025-06-13T16:13:52","slug":"gurcustanda-muxalif%c9%99tin-sayca-ucuncu-lideri-nika-qvaramiya-h%c9%99bs-olunub","status":"publish","type":"post","link":"https:\/\/www.meydan.tv\/az\/article\/gurcustanda-muxalif%c9%99tin-sayca-ucuncu-lideri-nika-qvaramiya-h%c9%99bs-olunub\/","title":{"rendered":"G\u00fcrc\u00fcstanda m\u00fcxalif\u0259tin sayca \u00fc\u00e7\u00fcnc\u00fc lideri Nika Qvaramiya h\u0259bs olunub"},"content":{"rendered":"\n<p><strong><em>H\u0259bs Qvaramiyan\u0131n k\u00f6n\u00fcll\u00fc \u015f\u0259kild\u0259 \u00f6z \u015f\u0259xsi avtomobili il\u0259 g\u0259ldiyi 12 sayl\u0131 Rustavi c\u0259za\u00e7\u0259km\u0259 m\u00fc\u0259ssis\u0259si qar\u015f\u0131s\u0131nda ger\u00e7\u0259kl\u0259\u015fdirilib<\/em><\/strong><\/p>\n\n\n\n<p>Bu g\u00fcn, iyunun 13-d\u0259 G\u00fcrc\u00fcstanda apar\u0131c\u0131 m\u00fcxalif\u0259t liderl\u0259rind\u0259n biri olan Nika Qvaramiya Tbilisi \u015e\u0259h\u0259r M\u0259hk\u0259m\u0259sinin q\u0259rar\u0131 il\u0259 h\u0259bs edilib. H\u0259bs\u0259 s\u0259b\u0259b \u2013 parlamentin istintaq komissiyas\u0131n\u0131n \u00e7a\u011f\u0131r\u0131\u015f\u0131na tabe olmamas\u0131, y\u0259ni dindirilm\u0259y\u0259 g\u0259lm\u0259kd\u0259n imtina etm\u0259si olub. <br><br>M\u0259hk\u0259m\u0259 30 min lari girov m\u00fc\u0259yy\u0259n ets\u0259 d\u0259, Qvaramiya onu \u00f6d\u0259m\u0259kd\u0259n imtina edib v\u0259 k\u00f6n\u00fcll\u00fc \u015f\u0259kild\u0259 Rustavi \u015f\u0259h\u0259rind\u0259 yerl\u0259\u015f\u0259n 12 sayl\u0131 Penitensiar m\u00fc\u0259ssis\u0259y\u0259  gedib. Burada onun bar\u0259sind\u0259 h\u0259bs q\u0259rar\u0131 \u00e7\u0131xar\u0131l\u0131b.<\/p>\n\n\n\n<pre class=\"wp-block-verse\">Nika Qvaramiya<strong> <\/strong>h\u00fcquq\u015f\u00fcnas, siyas\u0259t\u00e7i v\u0259 tan\u0131nm\u0131\u015f media meneceridir. 2004-c\u00fc ild\u0259n siyas\u0259t\u0259 qo\u015fularaq parlament deputat\u0131, Ba\u015f prokurorun birinci m\u00fcavini, sonra is\u0259 \u018fdliyy\u0259 v\u0259 T\u0259hsil naziri olub. 2012-ci ild\u0259 hakimiyy\u0259t d\u0259yi\u015fikliyind\u0259n sonra siyas\u0259td\u0259n uzaqla\u015f\u0131b v\u0259 mediaya ke\u00e7ib. \u018fvv\u0259lc\u0259 \u201cRustavi\u202f2\u201d telekanal\u0131n\u0131n ba\u015f direktoru olub, 2019-cu ild\u0259 is\u0259 \u0259n tan\u0131nm\u0131\u015f m\u00fcst\u0259qil televiziya kanallar\u0131ndan biri olan \u201cMtavari Arxi\u201dni  qurub.<br><br>2024-c\u00fc ilin mart\u0131nda Qvaramiya siyas\u0259t\u0259 qay\u0131daraq \u201cAxali\u201d partiyas\u0131n\u0131 qurub,  Nika Melia v\u0259 Zurab Caparidze v\u0259 dig\u0259r apar\u0131c\u0131 m\u00fcxalif liderl\u0259rl\u0259 birlikd\u0259 \u201cD\u0259yi\u015fiklikl\u0259r namin\u0259 Koalisiya\u201d adl\u0131 m\u00fcxalif birlik yarad\u0131b. <\/pre>\n\n\n\n<p>Bu, Qvaramiyan\u0131n ilk h\u0259bsi deyil. O, son ill\u0259r bir ne\u00e7\u0259 d\u0259f\u0259 h\u00fcquq-m\u00fchafiz\u0259 orqanlar\u0131n\u0131n h\u0259d\u0259fin\u0259 \u00e7evrilib. 2022-ci ild\u0259 siyas\u0259t\u00e7i \u201cRustavi\u202f2\u201d kanal\u0131na r\u0259hb\u0259rlik etdiyi d\u00f6vrd\u0259 s\u0259lahiyy\u0259tl\u0259rind\u0259n sui-istifad\u0259 ittiham\u0131 il\u0259 3,5 il h\u0259bs c\u0259zas\u0131 al\u0131b. Beyn\u0259lxalq t\u0259\u015fkilatlar, o c\u00fcml\u0259d\u0259n Freedom House, Amnesty International, Avropa Parlamenti bu q\u0259rar\u0131 siyasi motivli adland\u0131r\u0131b. 2023-c\u00fc ilin iyun ay\u0131nda G\u00fcrc\u00fcstan Prezidenti Salome Zurabi\u015fvilinin \u0259fvi il\u0259 azadl\u0131\u011fa \u00e7\u0131x\u0131b. 2024-c\u00fc ilin dekabr ay\u0131nda is\u0259 Qvaramiya anti-h\u00f6kum\u0259t etirazlar\u0131nda i\u015ftirak etdiyi \u00fc\u00e7\u00fcn saxlan\u0131l\u0131b. Onun polis t\u0259r\u0259find\u0259n d\u00f6y\u00fcl\u0259r\u0259k hu\u015fsuz v\u0259ziyy\u0259td\u0259 ma\u015f\u0131na mindirilib apar\u0131lmas\u0131 bir ne\u00e7\u0259 m\u00fcst\u0259qil median\u0131n kameralar\u0131 alt\u0131nda ba\u015f verib. Sonradan siyas\u0259t\u00e7iy\u0259 \u201cx\u0131rda xuliqanl\u0131q\u201d v\u0259 \u201cpolis\u0259 ita\u0259tsizlik\u201d madd\u0259l\u0259ri il\u0259 12 g\u00fcnl\u00fck inzibati h\u0259bs verilib.<\/p>\n\n\n\n<p>Qvaramiyan\u0131n bu d\u0259f\u0259ki h\u0259bsi G\u00fcrc\u00fcstan parlamentind\u0259 yarad\u0131lm\u0131\u015f istintaq komissiyas\u0131n\u0131n \u00e7a\u011f\u0131r\u0131\u015f\u0131ndan imtina etm\u0259si il\u0259 ba\u011fl\u0131d\u0131r. Komissiya Mixeil Saaka\u015fvilinin hakimiyy\u0259ti  d\u00f6vr\u00fcnd\u0259ki f\u0259aliyy\u0259tl\u0259ri ara\u015fd\u0131r\u0131r v\u0259 m\u00fcxalif siyas\u0259t\u00e7il\u0259ri d\u0259 dindirm\u0259y\u0259 c\u0259lb edir.<\/p>\n\n\n\n<p>Qvaramiya is\u0259 bu \u00e7a\u011f\u0131r\u0131\u015f\u0131 siyasi t\u0259qib adland\u0131raraq r\u0259dd edib. M\u0259hk\u0259m\u0259 bunu cinay\u0259t m\u0259suliyy\u0259ti da\u015f\u0131yan h\u0259r\u0259k\u0259t kimi qiym\u0259tl\u0259ndir\u0259r\u0259k, \u0259vv\u0259lc\u0259 ona 30 min lari (t\u0259xmin\u0259n 10\u202f800 AB\u015e dollar\u0131) girov t\u0259yin edib. Qvaramiya girovu \u00f6d\u0259m\u0259diyi \u00fc\u00e7\u00fcn m\u0259hk\u0259m\u0259 onun haqda h\u0259bs q\u0259rar\u0131 verib.<\/p>\n\n\n\n<p>H\u0259bs Qvaramiyan\u0131n k\u00f6n\u00fcll\u00fc \u015f\u0259kild\u0259 \u00f6z \u015f\u0259xsi avtomobili il\u0259 g\u0259ldiyi 12 sayl\u0131 Rustavi c\u0259za\u00e7\u0259km\u0259 m\u00fc\u0259ssis\u0259si qar\u015f\u0131s\u0131nda ger\u00e7\u0259kl\u0259\u015fdirilib.<\/p>\n\n\n\n<p>Siyas\u0259t\u00e7inin \u00f6z\u00fc 112 xidm\u0259tin\u0259 z\u0259ng vuraraq Patrul Polisini \u00e7a\u011f\u0131r\u0131b. Patrul \u0259m\u0259kda\u015flar\u0131n\u0131n verdiyi m\u0259lumata g\u00f6r\u0259, onlar hadis\u0259 yerin\u0259 \u00e7atd\u0131qdan sonra Nika Qvaramiyan\u0131n harada oldu\u011fu bar\u0259d\u0259 m\u00fcvafiq qurumlara m\u0259lumat veribl\u0259r.<\/p>\n\n\n\n<p><em>\u201cOliqarxiya devrilm\u0259lidir! Ya\u015fas\u0131n G\u00fcrc\u00fcstan!\u201d, <\/em>\u2013 polis \u0259m\u0259kda\u015flar\u0131n\u0131n m\u00fc\u015fayi\u0259ti il\u0259 h\u0259bsxana binas\u0131na daxil olmazdan \u0259vv\u0259l Nika Qvaramiya bu s\u00f6zl\u0259ri deyib.<\/p>\n\n\n\n<p>Nika Qvaramiya eyni ittihamla h\u0259bs edil\u0259n \u00fc\u00e7\u00fcnc\u00fc m\u00fcxalif\u0259t lideridir. <\/p>\n\n\n\n<p>Daha \u0259vv\u0259l \u201cMilli H\u0259r\u0259kat\u201d\u0131n ke\u00e7mi\u015f lideri Nika Melia v\u0259 \u201cGirchi\u201d partiyas\u0131n\u0131n r\u0259hb\u0259ri Zurab Caparidze d\u0259 h\u0259bs olunublar. <\/p>\n\n\n\n<p>M\u00fcxalif\u0259t hesab edir ki, bu istintaq komissiyas\u0131 siyasi t\u0259zyiq al\u0259tidir v\u0259 qar\u015f\u0131dan g\u0259l\u0259n se\u00e7kil\u0259r \u00f6nc\u0259si h\u00f6kum\u0259tin opponentl\u0259rini neytralla\u015fd\u0131rmaq m\u0259qs\u0259di da\u015f\u0131y\u0131r.<\/p>\n\n\n\n<p><\/p>\n","protected":false},"excerpt":{"rendered":"<p>H\u0259bs Qvaramiyan\u0131n k\u00f6n\u00fcll\u00fc \u015f\u0259kild\u0259 \u00f6z \u015f\u0259xsi avtomobili il\u0259 g\u0259ldiyi 12 &#8230; <\/p>\n<p class=\"read-more-container\"><a title=\"G\u00fcrc\u00fcstanda m\u00fcxalif\u0259tin sayca \u00fc\u00e7\u00fcnc\u00fc lideri Nika Qvaramiya h\u0259bs olunub\" class=\"read-more button\" href=\"https:\/\/www.meydan.tv\/az\/article\/gurcustanda-muxalif%c9%99tin-sayca-ucuncu-lideri-nika-qvaramiya-h%c9%99bs-olunub\/#more-331888\" aria-label=\"Read more about G\u00fcrc\u00fcstanda m\u00fcxalif\u0259tin sayca \u00fc\u00e7\u00fcnc\u00fc lideri Nika Qvaramiya h\u0259bs olunub\">Davam\u0131<\/a><\/p>\n","protected":false},"author":16,"featured_media":331898,"comment_status":"closed","ping_status":"closed","sticky":false,"template":"","format":"standard","meta":{"_acf_changed":false,"_sitemap_exclude":false,"_sitemap_priority":"","_sitemap_frequency":"","footnotes":""},"categories":[64,59,56],"tags":[],"class_list":["post-331888","post","type-post","status-publish","format-standard","has-post-thumbnail","hentry","category-dunya","category-siyaset","category-xeberler","infinite-scroll-item","generate-columns","tablet-grid-50","mobile-grid-100","grid-parent","grid-33","no-featured-image-padding"],"acf":[],"yoast_head":"<!-- This site is optimized with the Yoast SEO plugin v27.5 - https:\/\/yoast.com\/product\/yoast-seo-wordpress\/ -->\n<title>G\u00fcrc\u00fcstanda m\u00fcxalif\u0259tin sayca \u00fc\u00e7\u00fcnc\u00fc lideri Nika Qvaramiya h\u0259bs olunub - MEYDAN.TV<\/title>\n<meta name=\"robots\" content=\"index, follow, max-snippet:-1, max-image-preview:large, max-video-preview:-1\" \/>\n<link rel=\"canonical\" href=\"https:\/\/www.meydan.tv\/az\/article\/gurcustanda-muxalif%c9%99tin-sayca-ucuncu-lideri-nika-qvaramiya-h%c9%99bs-olunub\/\" \/>\n<meta property=\"og:locale\" content=\"az_AZ\" \/>\n<meta property=\"og:type\" content=\"article\" \/>\n<meta property=\"og:title\" content=\"G\u00fcrc\u00fcstanda m\u00fcxalif\u0259tin sayca \u00fc\u00e7\u00fcnc\u00fc lideri Nika Qvaramiya h\u0259bs olunub - MEYDAN.TV\" \/>\n<meta property=\"og:description\" content=\"H\u0259bs Qvaramiyan\u0131n k\u00f6n\u00fcll\u00fc \u015f\u0259kild\u0259 \u00f6z \u015f\u0259xsi avtomobili il\u0259 g\u0259ldiyi 12 ... Davam\u0131\" \/>\n<meta property=\"og:url\" content=\"https:\/\/www.meydan.tv\/az\/article\/gurcustanda-muxalif%c9%99tin-sayca-ucuncu-lideri-nika-qvaramiya-h%c9%99bs-olunub\/\" \/>\n<meta property=\"og:site_name\" content=\"MEYDAN.TV\" \/>\n<meta property=\"article:published_time\" content=\"2025-06-13T16:13:41+00:00\" \/>\n<meta property=\"article:modified_time\" content=\"2025-06-13T16:13:52+00:00\" \/>\n<meta property=\"og:image\" content=\"https:\/\/www.meydan.tv\/wp-content\/uploads\/protest-of-journalists-at-the-parliament-nika-gvaramia-17-july-2021-27-of-35.webp\" \/>\n\t<meta property=\"og:image:width\" content=\"1661\" \/>\n\t<meta property=\"og:image:height\" content=\"1107\" \/>\n\t<meta property=\"og:image:type\" content=\"image\/webp\" \/>\n<meta name=\"author\" content=\"sevda\" \/>\n<meta name=\"twitter:card\" content=\"summary_large_image\" \/>\n<script type=\"application\/ld+json\" class=\"yoast-schema-graph\">{\"@context\":\"https:\\\/\\\/schema.org\",\"@graph\":[{\"@type\":\"Article\",\"@id\":\"https:\\\/\\\/www.meydan.tv\\\/az\\\/article\\\/gurcustanda-muxalif%c9%99tin-sayca-ucuncu-lideri-nika-qvaramiya-h%c9%99bs-olunub\\\/#article\",\"isPartOf\":{\"@id\":\"https:\\\/\\\/www.meydan.tv\\\/az\\\/article\\\/gurcustanda-muxalif%c9%99tin-sayca-ucuncu-lideri-nika-qvaramiya-h%c9%99bs-olunub\\\/\"},\"author\":{\"name\":\"sevda\",\"@id\":\"https:\\\/\\\/www.meydan.tv\\\/az\\\/#\\\/schema\\\/person\\\/49b5f2bad5b126bb8ea9320eeb3e4dc9\"},\"headline\":\"G\u00fcrc\u00fcstanda m\u00fcxalif\u0259tin sayca \u00fc\u00e7\u00fcnc\u00fc lideri Nika Qvaramiya h\u0259bs olunub\",\"datePublished\":\"2025-06-13T16:13:41+00:00\",\"dateModified\":\"2025-06-13T16:13:52+00:00\",\"mainEntityOfPage\":{\"@id\":\"https:\\\/\\\/www.meydan.tv\\\/az\\\/article\\\/gurcustanda-muxalif%c9%99tin-sayca-ucuncu-lideri-nika-qvaramiya-h%c9%99bs-olunub\\\/\"},\"wordCount\":629,\"publisher\":{\"@id\":\"https:\\\/\\\/www.meydan.tv\\\/az\\\/#organization\"},\"image\":{\"@id\":\"https:\\\/\\\/www.meydan.tv\\\/az\\\/article\\\/gurcustanda-muxalif%c9%99tin-sayca-ucuncu-lideri-nika-qvaramiya-h%c9%99bs-olunub\\\/#primaryimage\"},\"thumbnailUrl\":\"https:\\\/\\\/www.meydan.tv\\\/wp-content\\\/uploads\\\/protest-of-journalists-at-the-parliament-nika-gvaramia-17-july-2021-27-of-35.webp\",\"articleSection\":[\"D\u00fcnya\",\"Siyas\u0259t\",\"X\u0259b\u0259rl\u0259r\"],\"inLanguage\":\"az\"},{\"@type\":\"WebPage\",\"@id\":\"https:\\\/\\\/www.meydan.tv\\\/az\\\/article\\\/gurcustanda-muxalif%c9%99tin-sayca-ucuncu-lideri-nika-qvaramiya-h%c9%99bs-olunub\\\/\",\"url\":\"https:\\\/\\\/www.meydan.tv\\\/az\\\/article\\\/gurcustanda-muxalif%c9%99tin-sayca-ucuncu-lideri-nika-qvaramiya-h%c9%99bs-olunub\\\/\",\"name\":\"G\u00fcrc\u00fcstanda m\u00fcxalif\u0259tin sayca \u00fc\u00e7\u00fcnc\u00fc lideri Nika Qvaramiya h\u0259bs olunub - MEYDAN.TV\",\"isPartOf\":{\"@id\":\"https:\\\/\\\/www.meydan.tv\\\/az\\\/#website\"},\"primaryImageOfPage\":{\"@id\":\"https:\\\/\\\/www.meydan.tv\\\/az\\\/article\\\/gurcustanda-muxalif%c9%99tin-sayca-ucuncu-lideri-nika-qvaramiya-h%c9%99bs-olunub\\\/#primaryimage\"},\"image\":{\"@id\":\"https:\\\/\\\/www.meydan.tv\\\/az\\\/article\\\/gurcustanda-muxalif%c9%99tin-sayca-ucuncu-lideri-nika-qvaramiya-h%c9%99bs-olunub\\\/#primaryimage\"},\"thumbnailUrl\":\"https:\\\/\\\/www.meydan.tv\\\/wp-content\\\/uploads\\\/protest-of-journalists-at-the-parliament-nika-gvaramia-17-july-2021-27-of-35.webp\",\"datePublished\":\"2025-06-13T16:13:41+00:00\",\"dateModified\":\"2025-06-13T16:13:52+00:00\",\"breadcrumb\":{\"@id\":\"https:\\\/\\\/www.meydan.tv\\\/az\\\/article\\\/gurcustanda-muxalif%c9%99tin-sayca-ucuncu-lideri-nika-qvaramiya-h%c9%99bs-olunub\\\/#breadcrumb\"},\"inLanguage\":\"az\",\"potentialAction\":[{\"@type\":\"ReadAction\",\"target\":[\"https:\\\/\\\/www.meydan.tv\\\/az\\\/article\\\/gurcustanda-muxalif%c9%99tin-sayca-ucuncu-lideri-nika-qvaramiya-h%c9%99bs-olunub\\\/\"]}]},{\"@type\":\"ImageObject\",\"inLanguage\":\"az\",\"@id\":\"https:\\\/\\\/www.meydan.tv\\\/az\\\/article\\\/gurcustanda-muxalif%c9%99tin-sayca-ucuncu-lideri-nika-qvaramiya-h%c9%99bs-olunub\\\/#primaryimage\",\"url\":\"https:\\\/\\\/www.meydan.tv\\\/wp-content\\\/uploads\\\/protest-of-journalists-at-the-parliament-nika-gvaramia-17-july-2021-27-of-35.webp\",\"contentUrl\":\"https:\\\/\\\/www.meydan.tv\\\/wp-content\\\/uploads\\\/protest-of-journalists-at-the-parliament-nika-gvaramia-17-july-2021-27-of-35.webp\",\"width\":1661,\"height\":1107,\"caption\":\"Foto: Mariam Nikuradze\\\/OC Media\"},{\"@type\":\"BreadcrumbList\",\"@id\":\"https:\\\/\\\/www.meydan.tv\\\/az\\\/article\\\/gurcustanda-muxalif%c9%99tin-sayca-ucuncu-lideri-nika-qvaramiya-h%c9%99bs-olunub\\\/#breadcrumb\",\"itemListElement\":[{\"@type\":\"ListItem\",\"position\":1,\"name\":\"Ana s\u0259hif\u0259\",\"item\":\"https:\\\/\\\/www.meydan.tv\\\/az\\\/\"},{\"@type\":\"ListItem\",\"position\":2,\"name\":\"Siyas\u0259t\",\"item\":\"https:\\\/\\\/www.meydan.tv\\\/az\\\/section\\\/siyaset\\\/\"},{\"@type\":\"ListItem\",\"position\":3,\"name\":\"G\u00fcrc\u00fcstanda m\u00fcxalif\u0259tin sayca \u00fc\u00e7\u00fcnc\u00fc lideri Nika Qvaramiya h\u0259bs olunub\"}]},{\"@type\":\"WebSite\",\"@id\":\"https:\\\/\\\/www.meydan.tv\\\/az\\\/#website\",\"url\":\"https:\\\/\\\/www.meydan.tv\\\/az\\\/\",\"name\":\"MEYDAN.TV\",\"description\":\"Meydan TV Az\u0259rbaycan\u0131n media m\u0259kan\u0131ndak\u0131 alternativ s\u0259sidir\",\"publisher\":{\"@id\":\"https:\\\/\\\/www.meydan.tv\\\/az\\\/#organization\"},\"potentialAction\":[{\"@type\":\"SearchAction\",\"target\":{\"@type\":\"EntryPoint\",\"urlTemplate\":\"https:\\\/\\\/www.meydan.tv\\\/az\\\/?s={search_term_string}\"},\"query-input\":{\"@type\":\"PropertyValueSpecification\",\"valueRequired\":true,\"valueName\":\"search_term_string\"}}],\"inLanguage\":\"az\"},{\"@type\":\"Organization\",\"@id\":\"https:\\\/\\\/www.meydan.tv\\\/az\\\/#organization\",\"name\":\"Meydan TV\",\"url\":\"https:\\\/\\\/www.meydan.tv\\\/az\\\/\",\"logo\":{\"@type\":\"ImageObject\",\"inLanguage\":\"az\",\"@id\":\"https:\\\/\\\/www.meydan.tv\\\/az\\\/#\\\/schema\\\/logo\\\/image\\\/\",\"url\":\"https:\\\/\\\/www.meydan.tv\\\/wp-content\\\/uploads\\\/2021\\\/07\\\/meydan-logo.svg\",\"contentUrl\":\"https:\\\/\\\/www.meydan.tv\\\/wp-content\\\/uploads\\\/2021\\\/07\\\/meydan-logo.svg\",\"width\":195,\"height\":46,\"caption\":\"Meydan TV\"},\"image\":{\"@id\":\"https:\\\/\\\/www.meydan.tv\\\/az\\\/#\\\/schema\\\/logo\\\/image\\\/\"}},{\"@type\":\"Person\",\"@id\":\"https:\\\/\\\/www.meydan.tv\\\/az\\\/#\\\/schema\\\/person\\\/49b5f2bad5b126bb8ea9320eeb3e4dc9\",\"name\":\"sevda\"}]}<\/script>\n<!-- \/ Yoast SEO plugin. -->","yoast_head_json":{"title":"G\u00fcrc\u00fcstanda m\u00fcxalif\u0259tin sayca \u00fc\u00e7\u00fcnc\u00fc lideri Nika Qvaramiya h\u0259bs olunub - MEYDAN.TV","robots":{"index":"index","follow":"follow","max-snippet":"max-snippet:-1","max-image-preview":"max-image-preview:large","max-video-preview":"max-video-preview:-1"},"canonical":"https:\/\/www.meydan.tv\/az\/article\/gurcustanda-muxalif%c9%99tin-sayca-ucuncu-lideri-nika-qvaramiya-h%c9%99bs-olunub\/","og_locale":"az_AZ","og_type":"article","og_title":"G\u00fcrc\u00fcstanda m\u00fcxalif\u0259tin sayca \u00fc\u00e7\u00fcnc\u00fc lideri Nika Qvaramiya h\u0259bs olunub - MEYDAN.TV","og_description":"H\u0259bs Qvaramiyan\u0131n k\u00f6n\u00fcll\u00fc \u015f\u0259kild\u0259 \u00f6z \u015f\u0259xsi avtomobili il\u0259 g\u0259ldiyi 12 ... Davam\u0131","og_url":"https:\/\/www.meydan.tv\/az\/article\/gurcustanda-muxalif%c9%99tin-sayca-ucuncu-lideri-nika-qvaramiya-h%c9%99bs-olunub\/","og_site_name":"MEYDAN.TV","article_published_time":"2025-06-13T16:13:41+00:00","article_modified_time":"2025-06-13T16:13:52+00:00","og_image":[{"width":1661,"height":1107,"url":"https:\/\/www.meydan.tv\/wp-content\/uploads\/protest-of-journalists-at-the-parliament-nika-gvaramia-17-july-2021-27-of-35.webp","type":"image\/webp"}],"author":"sevda","twitter_card":"summary_large_image","schema":{"@context":"https:\/\/schema.org","@graph":[{"@type":"Article","@id":"https:\/\/www.meydan.tv\/az\/article\/gurcustanda-muxalif%c9%99tin-sayca-ucuncu-lideri-nika-qvaramiya-h%c9%99bs-olunub\/#article","isPartOf":{"@id":"https:\/\/www.meydan.tv\/az\/article\/gurcustanda-muxalif%c9%99tin-sayca-ucuncu-lideri-nika-qvaramiya-h%c9%99bs-olunub\/"},"author":{"name":"sevda","@id":"https:\/\/www.meydan.tv\/az\/#\/schema\/person\/49b5f2bad5b126bb8ea9320eeb3e4dc9"},"headline":"G\u00fcrc\u00fcstanda m\u00fcxalif\u0259tin sayca \u00fc\u00e7\u00fcnc\u00fc lideri Nika Qvaramiya h\u0259bs olunub","datePublished":"2025-06-13T16:13:41+00:00","dateModified":"2025-06-13T16:13:52+00:00","mainEntityOfPage":{"@id":"https:\/\/www.meydan.tv\/az\/article\/gurcustanda-muxalif%c9%99tin-sayca-ucuncu-lideri-nika-qvaramiya-h%c9%99bs-olunub\/"},"wordCount":629,"publisher":{"@id":"https:\/\/www.meydan.tv\/az\/#organization"},"image":{"@id":"https:\/\/www.meydan.tv\/az\/article\/gurcustanda-muxalif%c9%99tin-sayca-ucuncu-lideri-nika-qvaramiya-h%c9%99bs-olunub\/#primaryimage"},"thumbnailUrl":"https:\/\/www.meydan.tv\/wp-content\/uploads\/protest-of-journalists-at-the-parliament-nika-gvaramia-17-july-2021-27-of-35.webp","articleSection":["D\u00fcnya","Siyas\u0259t","X\u0259b\u0259rl\u0259r"],"inLanguage":"az"},{"@type":"WebPage","@id":"https:\/\/www.meydan.tv\/az\/article\/gurcustanda-muxalif%c9%99tin-sayca-ucuncu-lideri-nika-qvaramiya-h%c9%99bs-olunub\/","url":"https:\/\/www.meydan.tv\/az\/article\/gurcustanda-muxalif%c9%99tin-sayca-ucuncu-lideri-nika-qvaramiya-h%c9%99bs-olunub\/","name":"G\u00fcrc\u00fcstanda m\u00fcxalif\u0259tin sayca \u00fc\u00e7\u00fcnc\u00fc lideri Nika Qvaramiya h\u0259bs olunub - MEYDAN.TV","isPartOf":{"@id":"https:\/\/www.meydan.tv\/az\/#website"},"primaryImageOfPage":{"@id":"https:\/\/www.meydan.tv\/az\/article\/gurcustanda-muxalif%c9%99tin-sayca-ucuncu-lideri-nika-qvaramiya-h%c9%99bs-olunub\/#primaryimage"},"image":{"@id":"https:\/\/www.meydan.tv\/az\/article\/gurcustanda-muxalif%c9%99tin-sayca-ucuncu-lideri-nika-qvaramiya-h%c9%99bs-olunub\/#primaryimage"},"thumbnailUrl":"https:\/\/www.meydan.tv\/wp-content\/uploads\/protest-of-journalists-at-the-parliament-nika-gvaramia-17-july-2021-27-of-35.webp","datePublished":"2025-06-13T16:13:41+00:00","dateModified":"2025-06-13T16:13:52+00:00","breadcrumb":{"@id":"https:\/\/www.meydan.tv\/az\/article\/gurcustanda-muxalif%c9%99tin-sayca-ucuncu-lideri-nika-qvaramiya-h%c9%99bs-olunub\/#breadcrumb"},"inLanguage":"az","potentialAction":[{"@type":"ReadAction","target":["https:\/\/www.meydan.tv\/az\/article\/gurcustanda-muxalif%c9%99tin-sayca-ucuncu-lideri-nika-qvaramiya-h%c9%99bs-olunub\/"]}]},{"@type":"ImageObject","inLanguage":"az","@id":"https:\/\/www.meydan.tv\/az\/article\/gurcustanda-muxalif%c9%99tin-sayca-ucuncu-lideri-nika-qvaramiya-h%c9%99bs-olunub\/#primaryimage","url":"https:\/\/www.meydan.tv\/wp-content\/uploads\/protest-of-journalists-at-the-parliament-nika-gvaramia-17-july-2021-27-of-35.webp","contentUrl":"https:\/\/www.meydan.tv\/wp-content\/uploads\/protest-of-journalists-at-the-parliament-nika-gvaramia-17-july-2021-27-of-35.webp","width":1661,"height":1107,"caption":"Foto: Mariam Nikuradze\/OC Media"},{"@type":"BreadcrumbList","@id":"https:\/\/www.meydan.tv\/az\/article\/gurcustanda-muxalif%c9%99tin-sayca-ucuncu-lideri-nika-qvaramiya-h%c9%99bs-olunub\/#breadcrumb","itemListElement":[{"@type":"ListItem","position":1,"name":"Ana s\u0259hif\u0259","item":"https:\/\/www.meydan.tv\/az\/"},{"@type":"ListItem","position":2,"name":"Siyas\u0259t","item":"https:\/\/www.meydan.tv\/az\/section\/siyaset\/"},{"@type":"ListItem","position":3,"name":"G\u00fcrc\u00fcstanda m\u00fcxalif\u0259tin sayca \u00fc\u00e7\u00fcnc\u00fc lideri Nika Qvaramiya h\u0259bs olunub"}]},{"@type":"WebSite","@id":"https:\/\/www.meydan.tv\/az\/#website","url":"https:\/\/www.meydan.tv\/az\/","name":"MEYDAN.TV","description":"Meydan TV Az\u0259rbaycan\u0131n media m\u0259kan\u0131ndak\u0131 alternativ s\u0259sidir","publisher":{"@id":"https:\/\/www.meydan.tv\/az\/#organization"},"potentialAction":[{"@type":"SearchAction","target":{"@type":"EntryPoint","urlTemplate":"https:\/\/www.meydan.tv\/az\/?s={search_term_string}"},"query-input":{"@type":"PropertyValueSpecification","valueRequired":true,"valueName":"search_term_string"}}],"inLanguage":"az"},{"@type":"Organization","@id":"https:\/\/www.meydan.tv\/az\/#organization","name":"Meydan TV","url":"https:\/\/www.meydan.tv\/az\/","logo":{"@type":"ImageObject","inLanguage":"az","@id":"https:\/\/www.meydan.tv\/az\/#\/schema\/logo\/image\/","url":"https:\/\/www.meydan.tv\/wp-content\/uploads\/2021\/07\/meydan-logo.svg","contentUrl":"https:\/\/www.meydan.tv\/wp-content\/uploads\/2021\/07\/meydan-logo.svg","width":195,"height":46,"caption":"Meydan TV"},"image":{"@id":"https:\/\/www.meydan.tv\/az\/#\/schema\/logo\/image\/"}},{"@type":"Person","@id":"https:\/\/www.meydan.tv\/az\/#\/schema\/person\/49b5f2bad5b126bb8ea9320eeb3e4dc9","name":"sevda"}]}},"_links":{"self":[{"href":"https:\/\/www.meydan.tv\/az\/wp-json\/wp\/v2\/posts\/331888","targetHints":{"allow":["GET"]}}],"collection":[{"href":"https:\/\/www.meydan.tv\/az\/wp-json\/wp\/v2\/posts"}],"about":[{"href":"https:\/\/www.meydan.tv\/az\/wp-json\/wp\/v2\/types\/post"}],"author":[{"embeddable":true,"href":"https:\/\/www.meydan.tv\/az\/wp-json\/wp\/v2\/users\/16"}],"replies":[{"embeddable":true,"href":"https:\/\/www.meydan.tv\/az\/wp-json\/wp\/v2\/comments?post=331888"}],"version-history":[{"count":6,"href":"https:\/\/www.meydan.tv\/az\/wp-json\/wp\/v2\/posts\/331888\/revisions"}],"predecessor-version":[{"id":331903,"href":"https:\/\/www.meydan.tv\/az\/wp-json\/wp\/v2\/posts\/331888\/revisions\/331903"}],"wp:featuredmedia":[{"embeddable":true,"href":"https:\/\/www.meydan.tv\/az\/wp-json\/wp\/v2\/media\/331898"}],"wp:attachment":[{"href":"https:\/\/www.meydan.tv\/az\/wp-json\/wp\/v2\/media?parent=331888"}],"wp:term":[{"taxonomy":"category","embeddable":true,"href":"https:\/\/www.meydan.tv\/az\/wp-json\/wp\/v2\/categories?post=331888"},{"taxonomy":"post_tag","embeddable":true,"href":"https:\/\/www.meydan.tv\/az\/wp-json\/wp\/v2\/tags?post=331888"}],"curies":[{"name":"wp","href":"https:\/\/api.w.org\/{rel}","templated":true}]}}