{"id":331858,"date":"2025-06-13T13:54:26","date_gmt":"2025-06-13T09:54:26","guid":{"rendered":"https:\/\/www.meydan.tv\/?p=331858"},"modified":"2025-06-13T14:01:18","modified_gmt":"2025-06-13T10:01:18","slug":"gec%c9%99-boyu-irana-z%c9%99rb%c9%99-endir%c9%99n-israild%c9%99-fovq%c9%99lad%c9%99-v%c9%99ziyy%c9%99t-elan-edilib","status":"publish","type":"post","link":"https:\/\/www.meydan.tv\/az\/article\/gec%c9%99-boyu-irana-z%c9%99rb%c9%99-endir%c9%99n-israild%c9%99-fovq%c9%99lad%c9%99-v%c9%99ziyy%c9%99t-elan-edilib\/","title":{"rendered":"Gec\u0259 boyu \u0130rana z\u0259rb\u0259 endir\u0259n \u0130sraild\u0259 f\u00f6vq\u0259lad\u0259 v\u0259ziyy\u0259t elan edilib"},"content":{"rendered":"\n<p><strong><em>\u201cYax\u0131n vaxtlarda \u0130srail\u0259 v\u0259 onun dinc \u0259halisin\u0259 raket v\u0259 pilotsuz u\u00e7u\u015f aparatlar\u0131 il\u0259 h\u00fccum g\u00f6zl\u0259nilir\u201d<\/em><\/strong><\/p>\n\n\n\n<p>\u0130yunun 13-n\u0259 ke\u00e7\u0259n gec\u0259 \u0130srail \u0130ran \u0259razisind\u0259 yerl\u0259\u015f\u0259n h\u0259d\u0259fl\u0259r\u0259 geni\u015fmiqyasl\u0131 hava z\u0259rb\u0259l\u0259ri endirib. <\/p>\n\n\n\n<p>\u0130srail hakimiyy\u0259tinin m\u0259lumat\u0131na g\u00f6r\u0259, z\u0259rb\u0259l\u0259r \u0130ran\u0131n n\u00fcv\u0259 proqram\u0131na aid obyektl\u0259r\u0259 v\u0259 ballistik raketl\u0259rin haz\u0131rlanmas\u0131 il\u0259 \u0259laq\u0259li h\u0259rbi obyektl\u0259r\u0259 <a href=\"https:\/\/www.bbc.com\/russian\/articles\/c4g71nje2eeo\" target=\"_blank\" rel=\"noreferrer noopener\">y\u00f6n\u0259lmi\u015fdi<\/a>. H\u00fccumun \u0259sas h\u0259d\u0259fl\u0259ri aras\u0131nda Natanzdak\u0131 uran\u0131n z\u0259nginl\u0259\u015fdirilm\u0259si \u00fczr\u0259 \u0259sas obyekt v\u0259 Tehranda yerl\u0259\u015f\u0259n \u0130ran \u0130slam \u0130nqilab\u0131 Ke\u015fik\u00e7il\u0259ri Korpusunun (SEPAH) q\u0259rargah\u0131 olub.<\/p>\n\n\n\n<p>Gec\u0259 hava h\u00fccumlar\u0131 n\u0259tic\u0259sind\u0259 SEPAH-\u0131n ba\u015f komandan\u0131, general H\u00fcseyn Salami, \u0130ran Silahl\u0131 Q\u00fcvv\u0259l\u0259rinin Ba\u015f Q\u0259rargah r\u0259isi M\u0259h\u0259mm\u0259d Baq\u0259ri v\u0259 f\u00f6vq\u0259lad\u0259 hallar q\u0259rargah\u0131n\u0131n komandiri X\u0259t\u0259m-Qulam \u018fli R\u0259\u015fid h\u0259lak olublar. Bundan \u0259lav\u0259, \u00f6l\u0259nl\u0259r aras\u0131nda \u0130ran\u0131n n\u00fcv\u0259 \u00fczr\u0259 tan\u0131nm\u0131\u015f aliml\u0259ri, o c\u00fcml\u0259d\u0259n \u0130ran Atom Enerjisi T\u0259\u015fkilat\u0131n\u0131n ke\u00e7mi\u015f r\u0259hb\u0259ri Fereydun Abbas\u0131 v\u0259 Azad \u0130slam Universitetinin prezidenti M\u0259h\u0259mm\u0259d Mehdi Tehran\u00e7i d\u0259 var. <a href=\"https:\/\/x.com\/Tasnimbrk\/status\/1933398807670043087\" target=\"_blank\" rel=\"noreferrer noopener\">Tasnim agentliyinin<\/a> m\u0259lumat\u0131na g\u00f6r\u0259, \u00fcmumilikd\u0259 h\u00fccum n\u0259tic\u0259sind\u0259 6 n\u00fcv\u0259 alimi h\u0259lak olub, t\u0259xmin\u0259n 50 n\u0259f\u0259r is\u0259 yaralan\u0131b.<\/p>\n\n\n\n<p>H\u0259rbi v\u0259 n\u00fcv\u0259 obyektl\u0259rin\u0259 endiril\u0259n z\u0259rb\u0259l\u0259rl\u0259 paralel olaraq \u0130srail \u201cOyanan \u015eir\u201d adl\u0131 \u0259m\u0259liyyat\u0131n ba\u015fland\u0131\u011f\u0131n\u0131 elan edib. Ba\u015f nazir Binyamin Netanyahu video-m\u00fcraci\u0259tind\u0259 <a href=\"https:\/\/www.youtube.com\/watch?v=Vsj5pw4QPls\" target=\"_blank\" rel=\"noreferrer noopener\">bildirib<\/a>:<\/p>\n\n\n\n<p><em>\u201cBiz \u0130ran\u0131n n\u00fcv\u0259 proqram\u0131n\u0131n \u00fcr\u0259yin\u0259 z\u0259rb\u0259 endirdik. Natanzdak\u0131 uran\u0131n z\u0259nginl\u0259\u015fdirilm\u0259si \u00fczr\u0259 \u0259sas obyekti h\u0259d\u0259fl\u0259dik. [&#8230;] Eyni zamanda \u0130ran\u0131n ballistik raket proqram\u0131n\u0131n \u00fcr\u0259yin\u0259 d\u0259 z\u0259rb\u0259 vurduq. [&#8230;] Bu \u0259m\u0259liyyat t\u0259hl\u00fck\u0259nin aradan qald\u0131r\u0131lmas\u0131 \u00fc\u00e7\u00fcn laz\u0131m olan m\u00fcdd\u0259tc\u0259 davam ed\u0259c\u0259k\u201d.<\/em><\/p>\n\n\n\n<p>\u0130srailin m\u00fcdafi\u0259 naziri \u0130srael Kats \u00f6lk\u0259d\u0259 \u201cx\u00fcsusi f\u00f6vq\u0259lad\u0259 v\u0259ziyy\u0259tin\u201d elan olundu\u011funu bildirib v\u0259 \u0130ran\u0131n yax\u0131n vaxtlarda cavab add\u0131mlar\u0131 ataca\u011f\u0131n\u0131 x\u0259b\u0259rdar edib:<\/p>\n\n\n\n<p><em>\u201c\u0130ran D\u00f6vl\u0259tin\u0259 qar\u015f\u0131 \u0130srailin \u00f6nl\u0259yici z\u0259rb\u0259sind\u0259n sonra yax\u0131n vaxtlarda \u0130srail\u0259 v\u0259 onun dinc \u0259halisin\u0259 raket v\u0259 pilotsuz u\u00e7u\u015f aparatlar\u0131 il\u0259 h\u00fccum g\u00f6zl\u0259nilir\u201d.<\/em><\/p>\n\n\n\n<p>\u0130srail ordusunun m\u0259lumat\u0131na g\u00f6r\u0259, \u0130ran \u0130srail\u0259 qar\u015f\u0131 t\u0259xmin\u0259n 100 pilotsuz u\u00e7u\u015f aparat\u0131  g\u00f6nd\u0259rib. \u0130srail M\u00fcdafi\u0259 Q\u00fcvv\u0259l\u0259ri onlar\u0131 vurma\u011fa \u00e7al\u0131\u015f\u0131r. \u0130srail ordusunun n\u00fcmay\u0259nd\u0259si Efi Defrin: <\/p>\n\n\n\n<p><em>\u201c\u0130srail Ordusu onlar\u0131n vurulmas\u0131 \u00fcz\u0259rind\u0259 i\u015fl\u0259yir\u201d,<\/em> &#8211; deyib.<\/p>\n\n\n\n<p>\u0130srail medias\u0131n\u0131n t\u0259xminl\u0259rin\u0259 g\u00f6r\u0259, \u0130ran pilotsuz aparatlar\u0131n\u0131n \u0130srail \u0259razisin\u0259 \u00e7atmas\u0131 bir ne\u00e7\u0259 saat \u00e7\u0259k\u0259 bil\u0259r.<\/p>\n\n\n\n<p>\u0130ran d\u00f6vl\u0259t medias\u0131 Tehran\u0131n v\u0259 dig\u0259r \u015f\u0259h\u0259rl\u0259rin ya\u015fay\u0131\u015f m\u0259nt\u0259q\u0259l\u0259rind\u0259 partlay\u0131\u015flar oldu\u011funu <a href=\"https:\/\/www.isna.ir\/news\/1404032314802\/%D8%B3%D8%B1%D8%AF%D8%A7%D8%B1-%D8%B4%DA%A9%D8%A7%D8%B1%DA%86%DB%8C-%D9%BE%D8%A7%D8%B3%D8%AE-%D8%B1%DA%98%DB%8C%D9%85-%D8%B5%D9%87%DB%8C%D9%88%D9%86%DB%8C%D8%B3%D8%AA%DB%8C-%D8%B1%D8%A7-%D8%AE%D9%88%D8%A7%D9%87%DB%8C%D9%85-%D8%AF%D8%A7%D8%AF\">x\u0259b\u0259r verir<\/a>. Partlay\u0131\u015flar yerli vaxtla t\u0259xmin\u0259n 03:30-da m\u00fc\u015fahid\u0259 olunub. Tehranda ziyan g\u00f6rm\u00fc\u015f ya\u015fay\u0131\u015f binalar\u0131n\u0131n g\u00f6r\u00fcnt\u00fcl\u0259ri yay\u0131mlan\u0131b. Bildirilib ki, \u0130ran paytaxt\u0131ndak\u0131 \u0130slam \u0130nqilab\u0131 Ke\u015fik\u00e7il\u0259ri Korpusunun q\u0259rargah\u0131 z\u0259rb\u0259l\u0259r alt\u0131nda qal\u0131b.<\/p>\n\n\n\n<p>Bundan \u0259lav\u0259, Beyn\u0259lxalq Atom Enerjisi Agentliyi Natanzdak\u0131 obyektin h\u00fccuma m\u0259ruz qald\u0131\u011f\u0131n\u0131 t\u0259sdiql\u0259yib v\u0259 z\u0259r\u0259rin qiym\u0259tl\u0259ndirilm\u0259si \u00fc\u00e7\u00fcn \u0130ran hakimiyy\u0259ti il\u0259 \u0259m\u0259kda\u015fl\u0131q etdiyini bildirib. \u0130ran medias\u0131 is\u0259 Natanzdak\u0131 radioaktiv s\u0259viyy\u0259nin y\u00fcks\u0259lm\u0259diyini <a href=\"https:\/\/www.isna.ir\/news\/1404032314797\/%DA%AF%D8%B2%D8%A7%D8%B1%D8%B4-%D9%87%D8%A7%DB%8C-%D8%A7%D9%88%D9%84%DB%8C%D9%87-%D8%A7%D8%B2-%D8%AD%D9%85%D9%84%D8%A7%D8%AA-%D8%A8%D9%87-%D8%AA%D9%87%D8%B1%D8%A7%D9%86-%DA%86%D9%86%D8%AF-%D8%B3%D8%A7%D8%AE%D8%AA%D9%85%D8%A7%D9%86-%D9%85%D8%B3%DA%A9%D9%88%D9%86%DB%8C-%D9%85%D9%88%D8%B1%D8%AF-%D9%87%D8%AF%D9%81\" target=\"_blank\" rel=\"noreferrer noopener\">x\u0259b\u0259r verib<\/a>.<\/p>\n\n\n\n<p>\u0130ran m\u0259nb\u0259l\u0259rinin m\u0259lumat\u0131na g\u00f6r\u0259, Tehran\u0131n beyn\u0259lxalq hava liman\u0131nda u\u00e7u\u015flar m\u00fcv\u0259qq\u0259ti <a href=\"https:\/\/www.bbc.com\/russian\/articles\/c4g71nje2eeo\" target=\"_blank\" rel=\"noreferrer noopener\">dayand\u0131r\u0131l\u0131b<\/a>. \u0130sraild\u0259 d\u0259 hava m\u0259kan\u0131 ba\u011fl\u0131d\u0131r v\u0259 Flightradar24 xidm\u0259ti bildirir ki, Ben-Qurion hava liman\u0131na u\u00e7an reysl\u0259r dig\u0259r hava limanlar\u0131na y\u00f6nl\u0259ndirilib. Yax\u0131n \u015e\u0259rq hava \u015firk\u0259tl\u0259ri v\u0259 hava limanlar\u0131 gec\u0259 h\u00fccumundan sonra reysl\u0259rin l\u0259\u011fv olunmas\u0131 v\u0259 gecikm\u0259l\u0259r\u0259 haz\u0131rla\u015f\u0131rlar.<\/p>\n\n\n\n<p>Bu hadis\u0259l\u0259r\u0259 cavab olaraq \u0130ran\u0131n ali dini lideri Ay\u0259tullah \u018fli Xamenei xalqa m\u00fcraci\u0259tind\u0259 \u0130srailin z\u0259rb\u0259l\u0259rini \u201ccinay\u0259t\u201d adland\u0131r\u0131b v\u0259 \u0130sraili \u201cac\u0131 v\u0259 qorxulu taleyin\u201d g\u00f6zl\u0259diyini <a href=\"https:\/\/en.mehrnews.com\/news\/233029\/Leader-reacts-to-Israel-attacks\" target=\"_blank\" rel=\"noreferrer noopener\">bildirib<\/a>:<\/p>\n\n\n\n<p><em>\u201c\u0130slam Respublikas\u0131n\u0131n silahl\u0131 q\u00fcvv\u0259l\u0259rinin g\u00fccl\u00fc \u0259li onu rahat buraxmayacaq. D\u00fc\u015fm\u0259n h\u00fccumu zaman\u0131 bir ne\u00e7\u0259 komandir v\u0259 alim h\u0259lak oldu. Onlar\u0131n varisl\u0259ri v\u0259 t\u0259r\u0259fdarlar\u0131 Allah\u0131n izni il\u0259 \u00f6z v\u0259zif\u0259l\u0259rini d\u0259rhal yerin\u0259 yetir\u0259c\u0259kl\u0259r\u201d.<\/em><\/p>\n\n\n\n<p>\u0130ran silahl\u0131 q\u00fcvv\u0259l\u0259rinin m\u0259tbuat katibi general \u018fbolf\u0259zl \u015e\u0259k\u0259r\u00e7i d\u00f6vl\u0259t televiziyas\u0131nda bildirib:<\/p>\n\n\n\n<p><em>\u201c\u0130srail v\u0259 AB\u015e ciddi z\u0259rb\u0259 alacaq\u201d.<\/em><\/p>\n\n\n\n<p>O \u0259lav\u0259 edib ki, \u0130ran silahl\u0131 q\u00fcvv\u0259l\u0259ri cavab z\u0259rb\u0259l\u0259rin\u0259 art\u0131q haz\u0131rla\u015f\u0131r. O, h\u0259m\u00e7inin vur\u011fulay\u0131b ki, \u0130srail z\u0259rb\u0259l\u0259rinin h\u0259d\u0259fi r\u0259smil\u0259rin v\u0259 h\u0259rbi komandirl\u0259rin evl\u0259ri olub v\u0259 onlar\u0131n \u00e7oxu h\u0259lak olub.<\/p>\n\n\n\n<p>Eyni zamanda, AB\u015e d\u00f6vl\u0259t katibi Marko Rubio bildirib ki, Va\u015finqton \u0130srail \u0259m\u0259liyyat\u0131nda i\u015ftirak etmir, lakin \u0130ran\u0131 AB\u015e personal\u0131na v\u0259 maraqlar\u0131na h\u00fccumun q\u0259buledilm\u0259zliyi bar\u0259d\u0259 x\u0259b\u0259rdar edib.<\/p>\n\n\n\n<p>\u0130srail h\u0259rb\u00e7il\u0259ri z\u0259rb\u0259nin &#8220;preventiv v\u0259 d\u0259qiq&#8221; oldu\u011funu, \u0130ran rejimind\u0259n g\u0259l\u0259n t\u0259hdidin neytralla\u015fd\u0131r\u0131lmas\u0131 m\u0259qs\u0259di da\u015f\u0131d\u0131\u011f\u0131n\u0131 v\u0259 onlar\u0131n fikrinc\u0259 \u0130ran\u0131n n\u00fcv\u0259 silah\u0131 yaratmaqda \u201cgeri d\u00f6nm\u0259z n\u00f6qt\u0259y\u0259\u201d yax\u0131nla\u015fd\u0131\u011f\u0131n\u0131 <a href=\"https:\/\/ria.ru\/20250613\/iran-2022596917.html\" target=\"_blank\" rel=\"noreferrer noopener\">vur\u011fulay\u0131blar<\/a>. \u0130srail M\u00fcdafi\u0259 Q\u00fcvv\u0259l\u0259rinin b\u0259yanat\u0131nda deyilir:<\/p>\n\n\n\n<p><em>\u201cBu g\u00fcn \u0130ran n\u00fcv\u0259 silah\u0131na sahib olmaq \u00fc\u00e7\u00fcn he\u00e7 vaxt olmad\u0131\u011f\u0131 q\u0259d\u0259r yax\u0131nd\u0131r. K\u00fctl\u0259vi q\u0131r\u011f\u0131n silahlar\u0131 \u0130ran rejiminin \u0259lin\u0259 ke\u00e7diyi t\u0259qdird\u0259 \u0130srail D\u00f6vl\u0259tinin m\u00f6vcudlu\u011funa v\u0259 b\u00fct\u00fcn d\u00fcnyaya ciddi t\u0259hdid yaradacaq. Ordu z\u0259rur\u0259t olduqda f\u0259aliyy\u0259tini davam etdirm\u0259y\u0259 haz\u0131rd\u0131r\u201d.<\/em><\/p>\n\n\n\n<p>\u0130sraild\u0259 z\u0259rb\u0259l\u0259rin ba\u015flanmas\u0131ndan sonra f\u00f6vq\u0259lad\u0259 t\u0259hl\u00fck\u0259 rejimi t\u0259tbiq olunub, hava m\u0259kan\u0131 ba\u011flan\u0131b, x\u0259st\u0259xanalar \u00fc\u00e7\u00fcn x\u00fcsusi rejim aktivl\u0259\u015fdirilib v\u0259 \u0259haliy\u0259 m\u00fclki m\u00fcdafi\u0259 g\u00f6st\u0259ri\u015fl\u0259rin\u0259 \u0259m\u0259l etm\u0259k t\u00f6vsiy\u0259 edilib.<\/p>\n\n\n\n<p>\u201cOyanan \u015eir\u201d \u0259m\u0259liyyat\u0131 \u0130ran\u0131n m\u00fcxt\u0259lif b\u00f6lg\u0259l\u0259rind\u0259, o c\u00fcml\u0259d\u0259n Tehran v\u0259 \u00f6lk\u0259nin \u015fimal-q\u0259rbind\u0259 h\u0259rbi v\u0259 n\u00fcv\u0259 obyektl\u0259rin\u0259 qar\u015f\u0131 \u0130srail H\u0259rbi Hava Q\u00fcvv\u0259l\u0259rinin bir ne\u00e7\u0259 dal\u011fa h\u00fccumunu \u0259hat\u0259 edir.<\/p>\n\n\n\n<p>Yekun olaraq qeyd etm\u0259k olar ki, v\u0259ziyy\u0259t h\u0259l\u0259 d\u0259 son d\u0259r\u0259c\u0259 g\u0259rgin v\u0259 qeyri-sabit qal\u0131r, m\u00fcnaqi\u015f\u0259nin daha da geni\u015fl\u0259nm\u0259 riski m\u00f6vcuddur. Ekspertl\u0259r v\u0259 beyn\u0259lxalq t\u0259\u015fkilatlar bildirirl\u0259r ki, n\u0259tic\u0259l\u0259r b\u00fct\u00fcn regional v\u0259 qlobal t\u0259hl\u00fck\u0259sizliy\u0259 t\u0259sir ed\u0259 bil\u0259r.<\/p>\n","protected":false},"excerpt":{"rendered":"<p>\u201cYax\u0131n vaxtlarda \u0130srail\u0259 v\u0259 onun dinc \u0259halisin\u0259 raket v\u0259 pilotsuz &#8230; <\/p>\n<p class=\"read-more-container\"><a title=\"Gec\u0259 boyu \u0130rana z\u0259rb\u0259 endir\u0259n \u0130sraild\u0259 f\u00f6vq\u0259lad\u0259 v\u0259ziyy\u0259t elan edilib\" class=\"read-more button\" href=\"https:\/\/www.meydan.tv\/az\/article\/gec%c9%99-boyu-irana-z%c9%99rb%c9%99-endir%c9%99n-israild%c9%99-fovq%c9%99lad%c9%99-v%c9%99ziyy%c9%99t-elan-edilib\/#more-331858\" aria-label=\"Read more about Gec\u0259 boyu \u0130rana z\u0259rb\u0259 endir\u0259n \u0130sraild\u0259 f\u00f6vq\u0259lad\u0259 v\u0259ziyy\u0259t elan edilib\">Davam\u0131<\/a><\/p>\n","protected":false},"author":16,"featured_media":331862,"comment_status":"closed","ping_status":"closed","sticky":false,"template":"","format":"standard","meta":{"_acf_changed":false,"_sitemap_exclude":false,"_sitemap_priority":"","_sitemap_frequency":"","footnotes":""},"categories":[64,59,79,56],"tags":[],"class_list":["post-331858","post","type-post","status-publish","format-standard","has-post-thumbnail","hentry","category-dunya","category-siyaset","category-featured","category-xeberler","infinite-scroll-item","generate-columns","tablet-grid-50","mobile-grid-100","grid-parent","grid-33","no-featured-image-padding"],"acf":[],"yoast_head":"<!-- This site is optimized with the Yoast SEO plugin v27.5 - https:\/\/yoast.com\/product\/yoast-seo-wordpress\/ -->\n<title>Gec\u0259 boyu \u0130rana z\u0259rb\u0259 endir\u0259n \u0130sraild\u0259 f\u00f6vq\u0259lad\u0259 v\u0259ziyy\u0259t elan edilib - MEYDAN.TV<\/title>\n<meta name=\"robots\" content=\"index, follow, max-snippet:-1, max-image-preview:large, max-video-preview:-1\" \/>\n<link rel=\"canonical\" href=\"https:\/\/www.meydan.tv\/az\/article\/gec%c9%99-boyu-irana-z%c9%99rb%c9%99-endir%c9%99n-israild%c9%99-fovq%c9%99lad%c9%99-v%c9%99ziyy%c9%99t-elan-edilib\/\" \/>\n<meta property=\"og:locale\" content=\"az_AZ\" \/>\n<meta property=\"og:type\" content=\"article\" \/>\n<meta property=\"og:title\" content=\"Gec\u0259 boyu \u0130rana z\u0259rb\u0259 endir\u0259n \u0130sraild\u0259 f\u00f6vq\u0259lad\u0259 v\u0259ziyy\u0259t elan edilib - MEYDAN.TV\" \/>\n<meta property=\"og:description\" content=\"\u201cYax\u0131n vaxtlarda \u0130srail\u0259 v\u0259 onun dinc \u0259halisin\u0259 raket v\u0259 pilotsuz ... Davam\u0131\" \/>\n<meta property=\"og:url\" content=\"https:\/\/www.meydan.tv\/az\/article\/gec%c9%99-boyu-irana-z%c9%99rb%c9%99-endir%c9%99n-israild%c9%99-fovq%c9%99lad%c9%99-v%c9%99ziyy%c9%99t-elan-edilib\/\" \/>\n<meta property=\"og:site_name\" content=\"MEYDAN.TV\" \/>\n<meta property=\"article:published_time\" content=\"2025-06-13T09:54:26+00:00\" \/>\n<meta property=\"article:modified_time\" content=\"2025-06-13T10:01:18+00:00\" \/>\n<meta property=\"og:image\" content=\"https:\/\/www.meydan.tv\/wp-content\/uploads\/img_8535.png\" \/>\n\t<meta property=\"og:image:width\" content=\"830\" \/>\n\t<meta property=\"og:image:height\" content=\"468\" \/>\n\t<meta property=\"og:image:type\" content=\"image\/png\" \/>\n<meta name=\"author\" content=\"sevda\" \/>\n<meta name=\"twitter:card\" content=\"summary_large_image\" \/>\n<script type=\"application\/ld+json\" class=\"yoast-schema-graph\">{\"@context\":\"https:\\\/\\\/schema.org\",\"@graph\":[{\"@type\":\"Article\",\"@id\":\"https:\\\/\\\/www.meydan.tv\\\/az\\\/article\\\/gec%c9%99-boyu-irana-z%c9%99rb%c9%99-endir%c9%99n-israild%c9%99-fovq%c9%99lad%c9%99-v%c9%99ziyy%c9%99t-elan-edilib\\\/#article\",\"isPartOf\":{\"@id\":\"https:\\\/\\\/www.meydan.tv\\\/az\\\/article\\\/gec%c9%99-boyu-irana-z%c9%99rb%c9%99-endir%c9%99n-israild%c9%99-fovq%c9%99lad%c9%99-v%c9%99ziyy%c9%99t-elan-edilib\\\/\"},\"author\":{\"name\":\"sevda\",\"@id\":\"https:\\\/\\\/www.meydan.tv\\\/az\\\/#\\\/schema\\\/person\\\/49b5f2bad5b126bb8ea9320eeb3e4dc9\"},\"headline\":\"Gec\u0259 boyu \u0130rana z\u0259rb\u0259 endir\u0259n \u0130sraild\u0259 f\u00f6vq\u0259lad\u0259 v\u0259ziyy\u0259t elan edilib\",\"datePublished\":\"2025-06-13T09:54:26+00:00\",\"dateModified\":\"2025-06-13T10:01:18+00:00\",\"mainEntityOfPage\":{\"@id\":\"https:\\\/\\\/www.meydan.tv\\\/az\\\/article\\\/gec%c9%99-boyu-irana-z%c9%99rb%c9%99-endir%c9%99n-israild%c9%99-fovq%c9%99lad%c9%99-v%c9%99ziyy%c9%99t-elan-edilib\\\/\"},\"wordCount\":1225,\"publisher\":{\"@id\":\"https:\\\/\\\/www.meydan.tv\\\/az\\\/#organization\"},\"image\":{\"@id\":\"https:\\\/\\\/www.meydan.tv\\\/az\\\/article\\\/gec%c9%99-boyu-irana-z%c9%99rb%c9%99-endir%c9%99n-israild%c9%99-fovq%c9%99lad%c9%99-v%c9%99ziyy%c9%99t-elan-edilib\\\/#primaryimage\"},\"thumbnailUrl\":\"https:\\\/\\\/www.meydan.tv\\\/wp-content\\\/uploads\\\/img_8535.png\",\"articleSection\":[\"D\u00fcnya\",\"Siyas\u0259t\",\"T\u00f6vsiy\u0259\",\"X\u0259b\u0259rl\u0259r\"],\"inLanguage\":\"az\"},{\"@type\":\"WebPage\",\"@id\":\"https:\\\/\\\/www.meydan.tv\\\/az\\\/article\\\/gec%c9%99-boyu-irana-z%c9%99rb%c9%99-endir%c9%99n-israild%c9%99-fovq%c9%99lad%c9%99-v%c9%99ziyy%c9%99t-elan-edilib\\\/\",\"url\":\"https:\\\/\\\/www.meydan.tv\\\/az\\\/article\\\/gec%c9%99-boyu-irana-z%c9%99rb%c9%99-endir%c9%99n-israild%c9%99-fovq%c9%99lad%c9%99-v%c9%99ziyy%c9%99t-elan-edilib\\\/\",\"name\":\"Gec\u0259 boyu \u0130rana z\u0259rb\u0259 endir\u0259n \u0130sraild\u0259 f\u00f6vq\u0259lad\u0259 v\u0259ziyy\u0259t elan edilib - MEYDAN.TV\",\"isPartOf\":{\"@id\":\"https:\\\/\\\/www.meydan.tv\\\/az\\\/#website\"},\"primaryImageOfPage\":{\"@id\":\"https:\\\/\\\/www.meydan.tv\\\/az\\\/article\\\/gec%c9%99-boyu-irana-z%c9%99rb%c9%99-endir%c9%99n-israild%c9%99-fovq%c9%99lad%c9%99-v%c9%99ziyy%c9%99t-elan-edilib\\\/#primaryimage\"},\"image\":{\"@id\":\"https:\\\/\\\/www.meydan.tv\\\/az\\\/article\\\/gec%c9%99-boyu-irana-z%c9%99rb%c9%99-endir%c9%99n-israild%c9%99-fovq%c9%99lad%c9%99-v%c9%99ziyy%c9%99t-elan-edilib\\\/#primaryimage\"},\"thumbnailUrl\":\"https:\\\/\\\/www.meydan.tv\\\/wp-content\\\/uploads\\\/img_8535.png\",\"datePublished\":\"2025-06-13T09:54:26+00:00\",\"dateModified\":\"2025-06-13T10:01:18+00:00\",\"breadcrumb\":{\"@id\":\"https:\\\/\\\/www.meydan.tv\\\/az\\\/article\\\/gec%c9%99-boyu-irana-z%c9%99rb%c9%99-endir%c9%99n-israild%c9%99-fovq%c9%99lad%c9%99-v%c9%99ziyy%c9%99t-elan-edilib\\\/#breadcrumb\"},\"inLanguage\":\"az\",\"potentialAction\":[{\"@type\":\"ReadAction\",\"target\":[\"https:\\\/\\\/www.meydan.tv\\\/az\\\/article\\\/gec%c9%99-boyu-irana-z%c9%99rb%c9%99-endir%c9%99n-israild%c9%99-fovq%c9%99lad%c9%99-v%c9%99ziyy%c9%99t-elan-edilib\\\/\"]}]},{\"@type\":\"ImageObject\",\"inLanguage\":\"az\",\"@id\":\"https:\\\/\\\/www.meydan.tv\\\/az\\\/article\\\/gec%c9%99-boyu-irana-z%c9%99rb%c9%99-endir%c9%99n-israild%c9%99-fovq%c9%99lad%c9%99-v%c9%99ziyy%c9%99t-elan-edilib\\\/#primaryimage\",\"url\":\"https:\\\/\\\/www.meydan.tv\\\/wp-content\\\/uploads\\\/img_8535.png\",\"contentUrl\":\"https:\\\/\\\/www.meydan.tv\\\/wp-content\\\/uploads\\\/img_8535.png\",\"width\":830,\"height\":468,\"caption\":\"Foto: Reuters\"},{\"@type\":\"BreadcrumbList\",\"@id\":\"https:\\\/\\\/www.meydan.tv\\\/az\\\/article\\\/gec%c9%99-boyu-irana-z%c9%99rb%c9%99-endir%c9%99n-israild%c9%99-fovq%c9%99lad%c9%99-v%c9%99ziyy%c9%99t-elan-edilib\\\/#breadcrumb\",\"itemListElement\":[{\"@type\":\"ListItem\",\"position\":1,\"name\":\"Ana s\u0259hif\u0259\",\"item\":\"https:\\\/\\\/www.meydan.tv\\\/az\\\/\"},{\"@type\":\"ListItem\",\"position\":2,\"name\":\"X\u0259b\u0259rl\u0259r\",\"item\":\"https:\\\/\\\/www.meydan.tv\\\/az\\\/section\\\/xeberler\\\/\"},{\"@type\":\"ListItem\",\"position\":3,\"name\":\"Gec\u0259 boyu \u0130rana z\u0259rb\u0259 endir\u0259n \u0130sraild\u0259 f\u00f6vq\u0259lad\u0259 v\u0259ziyy\u0259t elan edilib\"}]},{\"@type\":\"WebSite\",\"@id\":\"https:\\\/\\\/www.meydan.tv\\\/az\\\/#website\",\"url\":\"https:\\\/\\\/www.meydan.tv\\\/az\\\/\",\"name\":\"MEYDAN.TV\",\"description\":\"Meydan TV Az\u0259rbaycan\u0131n media m\u0259kan\u0131ndak\u0131 alternativ s\u0259sidir\",\"publisher\":{\"@id\":\"https:\\\/\\\/www.meydan.tv\\\/az\\\/#organization\"},\"potentialAction\":[{\"@type\":\"SearchAction\",\"target\":{\"@type\":\"EntryPoint\",\"urlTemplate\":\"https:\\\/\\\/www.meydan.tv\\\/az\\\/?s={search_term_string}\"},\"query-input\":{\"@type\":\"PropertyValueSpecification\",\"valueRequired\":true,\"valueName\":\"search_term_string\"}}],\"inLanguage\":\"az\"},{\"@type\":\"Organization\",\"@id\":\"https:\\\/\\\/www.meydan.tv\\\/az\\\/#organization\",\"name\":\"Meydan TV\",\"url\":\"https:\\\/\\\/www.meydan.tv\\\/az\\\/\",\"logo\":{\"@type\":\"ImageObject\",\"inLanguage\":\"az\",\"@id\":\"https:\\\/\\\/www.meydan.tv\\\/az\\\/#\\\/schema\\\/logo\\\/image\\\/\",\"url\":\"https:\\\/\\\/www.meydan.tv\\\/wp-content\\\/uploads\\\/2021\\\/07\\\/meydan-logo.svg\",\"contentUrl\":\"https:\\\/\\\/www.meydan.tv\\\/wp-content\\\/uploads\\\/2021\\\/07\\\/meydan-logo.svg\",\"width\":195,\"height\":46,\"caption\":\"Meydan TV\"},\"image\":{\"@id\":\"https:\\\/\\\/www.meydan.tv\\\/az\\\/#\\\/schema\\\/logo\\\/image\\\/\"}},{\"@type\":\"Person\",\"@id\":\"https:\\\/\\\/www.meydan.tv\\\/az\\\/#\\\/schema\\\/person\\\/49b5f2bad5b126bb8ea9320eeb3e4dc9\",\"name\":\"sevda\"}]}<\/script>\n<!-- \/ Yoast SEO plugin. -->","yoast_head_json":{"title":"Gec\u0259 boyu \u0130rana z\u0259rb\u0259 endir\u0259n \u0130sraild\u0259 f\u00f6vq\u0259lad\u0259 v\u0259ziyy\u0259t elan edilib - MEYDAN.TV","robots":{"index":"index","follow":"follow","max-snippet":"max-snippet:-1","max-image-preview":"max-image-preview:large","max-video-preview":"max-video-preview:-1"},"canonical":"https:\/\/www.meydan.tv\/az\/article\/gec%c9%99-boyu-irana-z%c9%99rb%c9%99-endir%c9%99n-israild%c9%99-fovq%c9%99lad%c9%99-v%c9%99ziyy%c9%99t-elan-edilib\/","og_locale":"az_AZ","og_type":"article","og_title":"Gec\u0259 boyu \u0130rana z\u0259rb\u0259 endir\u0259n \u0130sraild\u0259 f\u00f6vq\u0259lad\u0259 v\u0259ziyy\u0259t elan edilib - MEYDAN.TV","og_description":"\u201cYax\u0131n vaxtlarda \u0130srail\u0259 v\u0259 onun dinc \u0259halisin\u0259 raket v\u0259 pilotsuz ... Davam\u0131","og_url":"https:\/\/www.meydan.tv\/az\/article\/gec%c9%99-boyu-irana-z%c9%99rb%c9%99-endir%c9%99n-israild%c9%99-fovq%c9%99lad%c9%99-v%c9%99ziyy%c9%99t-elan-edilib\/","og_site_name":"MEYDAN.TV","article_published_time":"2025-06-13T09:54:26+00:00","article_modified_time":"2025-06-13T10:01:18+00:00","og_image":[{"width":830,"height":468,"url":"https:\/\/www.meydan.tv\/wp-content\/uploads\/img_8535.png","type":"image\/png"}],"author":"sevda","twitter_card":"summary_large_image","schema":{"@context":"https:\/\/schema.org","@graph":[{"@type":"Article","@id":"https:\/\/www.meydan.tv\/az\/article\/gec%c9%99-boyu-irana-z%c9%99rb%c9%99-endir%c9%99n-israild%c9%99-fovq%c9%99lad%c9%99-v%c9%99ziyy%c9%99t-elan-edilib\/#article","isPartOf":{"@id":"https:\/\/www.meydan.tv\/az\/article\/gec%c9%99-boyu-irana-z%c9%99rb%c9%99-endir%c9%99n-israild%c9%99-fovq%c9%99lad%c9%99-v%c9%99ziyy%c9%99t-elan-edilib\/"},"author":{"name":"sevda","@id":"https:\/\/www.meydan.tv\/az\/#\/schema\/person\/49b5f2bad5b126bb8ea9320eeb3e4dc9"},"headline":"Gec\u0259 boyu \u0130rana z\u0259rb\u0259 endir\u0259n \u0130sraild\u0259 f\u00f6vq\u0259lad\u0259 v\u0259ziyy\u0259t elan edilib","datePublished":"2025-06-13T09:54:26+00:00","dateModified":"2025-06-13T10:01:18+00:00","mainEntityOfPage":{"@id":"https:\/\/www.meydan.tv\/az\/article\/gec%c9%99-boyu-irana-z%c9%99rb%c9%99-endir%c9%99n-israild%c9%99-fovq%c9%99lad%c9%99-v%c9%99ziyy%c9%99t-elan-edilib\/"},"wordCount":1225,"publisher":{"@id":"https:\/\/www.meydan.tv\/az\/#organization"},"image":{"@id":"https:\/\/www.meydan.tv\/az\/article\/gec%c9%99-boyu-irana-z%c9%99rb%c9%99-endir%c9%99n-israild%c9%99-fovq%c9%99lad%c9%99-v%c9%99ziyy%c9%99t-elan-edilib\/#primaryimage"},"thumbnailUrl":"https:\/\/www.meydan.tv\/wp-content\/uploads\/img_8535.png","articleSection":["D\u00fcnya","Siyas\u0259t","T\u00f6vsiy\u0259","X\u0259b\u0259rl\u0259r"],"inLanguage":"az"},{"@type":"WebPage","@id":"https:\/\/www.meydan.tv\/az\/article\/gec%c9%99-boyu-irana-z%c9%99rb%c9%99-endir%c9%99n-israild%c9%99-fovq%c9%99lad%c9%99-v%c9%99ziyy%c9%99t-elan-edilib\/","url":"https:\/\/www.meydan.tv\/az\/article\/gec%c9%99-boyu-irana-z%c9%99rb%c9%99-endir%c9%99n-israild%c9%99-fovq%c9%99lad%c9%99-v%c9%99ziyy%c9%99t-elan-edilib\/","name":"Gec\u0259 boyu \u0130rana z\u0259rb\u0259 endir\u0259n \u0130sraild\u0259 f\u00f6vq\u0259lad\u0259 v\u0259ziyy\u0259t elan edilib - MEYDAN.TV","isPartOf":{"@id":"https:\/\/www.meydan.tv\/az\/#website"},"primaryImageOfPage":{"@id":"https:\/\/www.meydan.tv\/az\/article\/gec%c9%99-boyu-irana-z%c9%99rb%c9%99-endir%c9%99n-israild%c9%99-fovq%c9%99lad%c9%99-v%c9%99ziyy%c9%99t-elan-edilib\/#primaryimage"},"image":{"@id":"https:\/\/www.meydan.tv\/az\/article\/gec%c9%99-boyu-irana-z%c9%99rb%c9%99-endir%c9%99n-israild%c9%99-fovq%c9%99lad%c9%99-v%c9%99ziyy%c9%99t-elan-edilib\/#primaryimage"},"thumbnailUrl":"https:\/\/www.meydan.tv\/wp-content\/uploads\/img_8535.png","datePublished":"2025-06-13T09:54:26+00:00","dateModified":"2025-06-13T10:01:18+00:00","breadcrumb":{"@id":"https:\/\/www.meydan.tv\/az\/article\/gec%c9%99-boyu-irana-z%c9%99rb%c9%99-endir%c9%99n-israild%c9%99-fovq%c9%99lad%c9%99-v%c9%99ziyy%c9%99t-elan-edilib\/#breadcrumb"},"inLanguage":"az","potentialAction":[{"@type":"ReadAction","target":["https:\/\/www.meydan.tv\/az\/article\/gec%c9%99-boyu-irana-z%c9%99rb%c9%99-endir%c9%99n-israild%c9%99-fovq%c9%99lad%c9%99-v%c9%99ziyy%c9%99t-elan-edilib\/"]}]},{"@type":"ImageObject","inLanguage":"az","@id":"https:\/\/www.meydan.tv\/az\/article\/gec%c9%99-boyu-irana-z%c9%99rb%c9%99-endir%c9%99n-israild%c9%99-fovq%c9%99lad%c9%99-v%c9%99ziyy%c9%99t-elan-edilib\/#primaryimage","url":"https:\/\/www.meydan.tv\/wp-content\/uploads\/img_8535.png","contentUrl":"https:\/\/www.meydan.tv\/wp-content\/uploads\/img_8535.png","width":830,"height":468,"caption":"Foto: Reuters"},{"@type":"BreadcrumbList","@id":"https:\/\/www.meydan.tv\/az\/article\/gec%c9%99-boyu-irana-z%c9%99rb%c9%99-endir%c9%99n-israild%c9%99-fovq%c9%99lad%c9%99-v%c9%99ziyy%c9%99t-elan-edilib\/#breadcrumb","itemListElement":[{"@type":"ListItem","position":1,"name":"Ana s\u0259hif\u0259","item":"https:\/\/www.meydan.tv\/az\/"},{"@type":"ListItem","position":2,"name":"X\u0259b\u0259rl\u0259r","item":"https:\/\/www.meydan.tv\/az\/section\/xeberler\/"},{"@type":"ListItem","position":3,"name":"Gec\u0259 boyu \u0130rana z\u0259rb\u0259 endir\u0259n \u0130sraild\u0259 f\u00f6vq\u0259lad\u0259 v\u0259ziyy\u0259t elan edilib"}]},{"@type":"WebSite","@id":"https:\/\/www.meydan.tv\/az\/#website","url":"https:\/\/www.meydan.tv\/az\/","name":"MEYDAN.TV","description":"Meydan TV Az\u0259rbaycan\u0131n media m\u0259kan\u0131ndak\u0131 alternativ s\u0259sidir","publisher":{"@id":"https:\/\/www.meydan.tv\/az\/#organization"},"potentialAction":[{"@type":"SearchAction","target":{"@type":"EntryPoint","urlTemplate":"https:\/\/www.meydan.tv\/az\/?s={search_term_string}"},"query-input":{"@type":"PropertyValueSpecification","valueRequired":true,"valueName":"search_term_string"}}],"inLanguage":"az"},{"@type":"Organization","@id":"https:\/\/www.meydan.tv\/az\/#organization","name":"Meydan TV","url":"https:\/\/www.meydan.tv\/az\/","logo":{"@type":"ImageObject","inLanguage":"az","@id":"https:\/\/www.meydan.tv\/az\/#\/schema\/logo\/image\/","url":"https:\/\/www.meydan.tv\/wp-content\/uploads\/2021\/07\/meydan-logo.svg","contentUrl":"https:\/\/www.meydan.tv\/wp-content\/uploads\/2021\/07\/meydan-logo.svg","width":195,"height":46,"caption":"Meydan TV"},"image":{"@id":"https:\/\/www.meydan.tv\/az\/#\/schema\/logo\/image\/"}},{"@type":"Person","@id":"https:\/\/www.meydan.tv\/az\/#\/schema\/person\/49b5f2bad5b126bb8ea9320eeb3e4dc9","name":"sevda"}]}},"_links":{"self":[{"href":"https:\/\/www.meydan.tv\/az\/wp-json\/wp\/v2\/posts\/331858","targetHints":{"allow":["GET"]}}],"collection":[{"href":"https:\/\/www.meydan.tv\/az\/wp-json\/wp\/v2\/posts"}],"about":[{"href":"https:\/\/www.meydan.tv\/az\/wp-json\/wp\/v2\/types\/post"}],"author":[{"embeddable":true,"href":"https:\/\/www.meydan.tv\/az\/wp-json\/wp\/v2\/users\/16"}],"replies":[{"embeddable":true,"href":"https:\/\/www.meydan.tv\/az\/wp-json\/wp\/v2\/comments?post=331858"}],"version-history":[{"count":6,"href":"https:\/\/www.meydan.tv\/az\/wp-json\/wp\/v2\/posts\/331858\/revisions"}],"predecessor-version":[{"id":331872,"href":"https:\/\/www.meydan.tv\/az\/wp-json\/wp\/v2\/posts\/331858\/revisions\/331872"}],"wp:featuredmedia":[{"embeddable":true,"href":"https:\/\/www.meydan.tv\/az\/wp-json\/wp\/v2\/media\/331862"}],"wp:attachment":[{"href":"https:\/\/www.meydan.tv\/az\/wp-json\/wp\/v2\/media?parent=331858"}],"wp:term":[{"taxonomy":"category","embeddable":true,"href":"https:\/\/www.meydan.tv\/az\/wp-json\/wp\/v2\/categories?post=331858"},{"taxonomy":"post_tag","embeddable":true,"href":"https:\/\/www.meydan.tv\/az\/wp-json\/wp\/v2\/tags?post=331858"}],"curies":[{"name":"wp","href":"https:\/\/api.w.org\/{rel}","templated":true}]}}