{"id":331824,"date":"2025-06-12T11:41:37","date_gmt":"2025-06-12T07:41:37","guid":{"rendered":"https:\/\/www.meydan.tv\/?p=331824"},"modified":"2025-06-12T11:41:39","modified_gmt":"2025-06-12T07:41:39","slug":"musavat-partiyasinin-uc-f%c9%99ali-h%c9%99bs-edilib","status":"publish","type":"post","link":"https:\/\/www.meydan.tv\/az\/article\/musavat-partiyasinin-uc-f%c9%99ali-h%c9%99bs-edilib\/","title":{"rendered":"M\u00fcsavat Partiyas\u0131n\u0131n \u00fc\u00e7 f\u0259al\u0131 h\u0259bs edilib"},"content":{"rendered":"\n<p><em>Onlar bir qrup \u015f\u0259xs t\u0259r\u0259find\u0259n t\u00f6r\u0259dil\u0259n xuliqanl\u0131qda t\u0259qsirli bilinibl\u0259r<\/em><\/p>\n\n\n\n<p>M\u00fcsavat Partiyas\u0131n\u0131n M\u0259clis \u00fczvl\u0259ri \u018fl\u0259ddin \u018fl\u0259sg\u0259rli, Qo\u015fqar Nural\u0131 v\u0259 partiya f\u0259al\u0131 Cabir V\u0259liyevin bar\u0259sind\u0259 a\u00e7\u0131lm\u0131\u015f cinay\u0259t i\u015fi \u00fczr\u0259 m\u0259hk\u0259m\u0259 prosesi ba\u015fa \u00e7at\u0131b.<br><br>Bu haqda partiyan\u0131n r\u0259smi &#8220;Facebook&#8221; s\u0259hif\u0259sind\u0259 <a href=\"https:\/\/www.facebook.com\/story.php?story_fbid=24179739521617785&amp;id=100000252233384&amp;mibextid=wwXIfr&amp;rdid=B97o4ypmoNgkxOsL#\" target=\"_blank\" rel=\"noreferrer noopener\">m\u0259lumat verilir<\/a>. <\/p>\n\n\n\n<p>M\u0259lumata g\u00f6r\u0259, \u018fl\u0259ddin \u018fl\u0259sg\u0259rli v\u0259 Cabir V\u0259liyev 2 il 3 ay, Qo\u015fqar Nural\u0131 is\u0259 2 il m\u00fcdd\u0259tin\u0259 azadl\u0131qdan m\u0259hrum edilib. Onlar bir qrup \u015f\u0259xs t\u0259r\u0259find\u0259n t\u00f6r\u0259dil\u0259n xuliqanl\u0131qda t\u0259qsirli bilinibl\u0259r. \u0421inay\u0259t i\u015finin a\u00e7\u0131lmas\u0131na s\u0259b\u0259b M\u00fcsavat Partiyas\u0131 Bil\u0259suvar rayon t\u0259\u015fkilat\u0131n\u0131n \u00f6t\u0259n il 31 dekabrda rayonda bayram t\u0259dbiri ke\u00e7irm\u0259sind\u0259n sonra ba\u015f ver\u0259n insident olub. <br><br><em>&#8220;&#8230;h\u0259min g\u00fcn partiya f\u0259allar\u0131na qar\u015f\u0131 t\u0259xribat t\u0259\u015fkil edilmi\u015f, onlara qar\u015f\u0131 cinay\u0259t i\u015fi qald\u0131r\u0131lm\u0131\u015fd\u0131. T\u0259xribat zaman\u0131 \u018fl\u0259ddin \u018fl\u0259sg\u0259rliy\u0259 x\u0259sar\u0259t yetirildiyi r\u0259smi tibbi ekspertiza t\u0259r\u0259find\u0259n t\u0259sdiq edils\u0259 d\u0259, m\u0259hk\u0259m\u0259, t\u0259xribat\u00e7\u0131n\u0131 c\u0259rim\u0259l\u0259m\u0259kl\u0259 kifay\u0259tl\u0259nmi\u015f, m\u00fcsavat\u00e7\u0131lar\u0131n bar\u0259sind\u0259 is\u0259 he\u00e7 bir \u0259sas olmadan azadl\u0131qdan m\u0259hrum olunmalar\u0131 bar\u0259d\u0259 sifari\u015fli h\u00f6km \u00e7\u0131xarm\u0131\u015fd\u0131r&#8221;,<\/em> &#8211; m\u0259lumatda deyilir.<\/p>\n\n\n\n<p>M\u00fcsavat Partiyas\u0131 bu h\u00f6km\u00fc Az\u0259rbaycanda repressiyalar\u0131n davam\u0131 kimi qiym\u0259tl\u0259ndirir, \u018fl\u0259ddin \u018fl\u0259sg\u0259rli, Cabir V\u0259liyev v\u0259 Qo\u015fqar Nural\u0131n\u0131n d\u0259rhal azadl\u0131\u011fa burax\u0131lmas\u0131n\u0131 t\u0259l\u0259b edir.<\/p>\n","protected":false},"excerpt":{"rendered":"<p>Onlar bir qrup \u015f\u0259xs t\u0259r\u0259find\u0259n t\u00f6r\u0259dil\u0259n xuliqanl\u0131qda t\u0259qsirli bilinibl\u0259r M\u00fcsavat &#8230; <\/p>\n<p class=\"read-more-container\"><a title=\"M\u00fcsavat Partiyas\u0131n\u0131n \u00fc\u00e7 f\u0259al\u0131 h\u0259bs edilib\" class=\"read-more button\" href=\"https:\/\/www.meydan.tv\/az\/article\/musavat-partiyasinin-uc-f%c9%99ali-h%c9%99bs-edilib\/#more-331824\" aria-label=\"Read more about M\u00fcsavat Partiyas\u0131n\u0131n \u00fc\u00e7 f\u0259al\u0131 h\u0259bs edilib\">Davam\u0131<\/a><\/p>\n","protected":false},"author":16,"featured_media":162693,"comment_status":"closed","ping_status":"closed","sticky":false,"template":"","format":"standard","meta":{"_acf_changed":false,"_sitemap_exclude":false,"_sitemap_priority":"","_sitemap_frequency":"","footnotes":""},"categories":[59,79,56],"tags":[],"class_list":["post-331824","post","type-post","status-publish","format-standard","has-post-thumbnail","hentry","category-siyaset","category-featured","category-xeberler","infinite-scroll-item","generate-columns","tablet-grid-50","mobile-grid-100","grid-parent","grid-33","no-featured-image-padding"],"acf":[],"yoast_head":"<!-- This site is optimized with the Yoast SEO plugin v27.5 - https:\/\/yoast.com\/product\/yoast-seo-wordpress\/ -->\n<title>M\u00fcsavat Partiyas\u0131n\u0131n \u00fc\u00e7 f\u0259al\u0131 h\u0259bs edilib - MEYDAN.TV<\/title>\n<meta name=\"robots\" content=\"index, follow, max-snippet:-1, max-image-preview:large, max-video-preview:-1\" \/>\n<link rel=\"canonical\" href=\"https:\/\/www.meydan.tv\/az\/article\/musavat-partiyasinin-uc-f%c9%99ali-h%c9%99bs-edilib\/\" \/>\n<meta property=\"og:locale\" content=\"az_AZ\" \/>\n<meta property=\"og:type\" content=\"article\" \/>\n<meta property=\"og:title\" content=\"M\u00fcsavat Partiyas\u0131n\u0131n \u00fc\u00e7 f\u0259al\u0131 h\u0259bs edilib - MEYDAN.TV\" \/>\n<meta property=\"og:description\" content=\"Onlar bir qrup \u015f\u0259xs t\u0259r\u0259find\u0259n t\u00f6r\u0259dil\u0259n xuliqanl\u0131qda t\u0259qsirli bilinibl\u0259r M\u00fcsavat ... Davam\u0131\" \/>\n<meta property=\"og:url\" content=\"https:\/\/www.meydan.tv\/az\/article\/musavat-partiyasinin-uc-f%c9%99ali-h%c9%99bs-edilib\/\" \/>\n<meta property=\"og:site_name\" content=\"MEYDAN.TV\" \/>\n<meta property=\"article:published_time\" content=\"2025-06-12T07:41:37+00:00\" \/>\n<meta property=\"article:modified_time\" content=\"2025-06-12T07:41:39+00:00\" \/>\n<meta property=\"og:image\" content=\"https:\/\/www.meydan.tv\/wp-content\/uploads\/mehkeme-1-scaled.jpg\" \/>\n\t<meta property=\"og:image:width\" content=\"2560\" \/>\n\t<meta property=\"og:image:height\" content=\"1440\" \/>\n\t<meta property=\"og:image:type\" content=\"image\/jpeg\" \/>\n<meta name=\"author\" content=\"sevda\" \/>\n<meta name=\"twitter:card\" content=\"summary_large_image\" \/>\n<script type=\"application\/ld+json\" class=\"yoast-schema-graph\">{\"@context\":\"https:\\\/\\\/schema.org\",\"@graph\":[{\"@type\":\"Article\",\"@id\":\"https:\\\/\\\/www.meydan.tv\\\/az\\\/article\\\/musavat-partiyasinin-uc-f%c9%99ali-h%c9%99bs-edilib\\\/#article\",\"isPartOf\":{\"@id\":\"https:\\\/\\\/www.meydan.tv\\\/az\\\/article\\\/musavat-partiyasinin-uc-f%c9%99ali-h%c9%99bs-edilib\\\/\"},\"author\":{\"name\":\"sevda\",\"@id\":\"https:\\\/\\\/www.meydan.tv\\\/az\\\/#\\\/schema\\\/person\\\/49b5f2bad5b126bb8ea9320eeb3e4dc9\"},\"headline\":\"M\u00fcsavat Partiyas\u0131n\u0131n \u00fc\u00e7 f\u0259al\u0131 h\u0259bs edilib\",\"datePublished\":\"2025-06-12T07:41:37+00:00\",\"dateModified\":\"2025-06-12T07:41:39+00:00\",\"mainEntityOfPage\":{\"@id\":\"https:\\\/\\\/www.meydan.tv\\\/az\\\/article\\\/musavat-partiyasinin-uc-f%c9%99ali-h%c9%99bs-edilib\\\/\"},\"wordCount\":343,\"publisher\":{\"@id\":\"https:\\\/\\\/www.meydan.tv\\\/az\\\/#organization\"},\"image\":{\"@id\":\"https:\\\/\\\/www.meydan.tv\\\/az\\\/article\\\/musavat-partiyasinin-uc-f%c9%99ali-h%c9%99bs-edilib\\\/#primaryimage\"},\"thumbnailUrl\":\"https:\\\/\\\/www.meydan.tv\\\/wp-content\\\/uploads\\\/mehkeme-1-scaled.jpg\",\"articleSection\":[\"Siyas\u0259t\",\"T\u00f6vsiy\u0259\",\"X\u0259b\u0259rl\u0259r\"],\"inLanguage\":\"az\"},{\"@type\":\"WebPage\",\"@id\":\"https:\\\/\\\/www.meydan.tv\\\/az\\\/article\\\/musavat-partiyasinin-uc-f%c9%99ali-h%c9%99bs-edilib\\\/\",\"url\":\"https:\\\/\\\/www.meydan.tv\\\/az\\\/article\\\/musavat-partiyasinin-uc-f%c9%99ali-h%c9%99bs-edilib\\\/\",\"name\":\"M\u00fcsavat Partiyas\u0131n\u0131n \u00fc\u00e7 f\u0259al\u0131 h\u0259bs edilib - MEYDAN.TV\",\"isPartOf\":{\"@id\":\"https:\\\/\\\/www.meydan.tv\\\/az\\\/#website\"},\"primaryImageOfPage\":{\"@id\":\"https:\\\/\\\/www.meydan.tv\\\/az\\\/article\\\/musavat-partiyasinin-uc-f%c9%99ali-h%c9%99bs-edilib\\\/#primaryimage\"},\"image\":{\"@id\":\"https:\\\/\\\/www.meydan.tv\\\/az\\\/article\\\/musavat-partiyasinin-uc-f%c9%99ali-h%c9%99bs-edilib\\\/#primaryimage\"},\"thumbnailUrl\":\"https:\\\/\\\/www.meydan.tv\\\/wp-content\\\/uploads\\\/mehkeme-1-scaled.jpg\",\"datePublished\":\"2025-06-12T07:41:37+00:00\",\"dateModified\":\"2025-06-12T07:41:39+00:00\",\"breadcrumb\":{\"@id\":\"https:\\\/\\\/www.meydan.tv\\\/az\\\/article\\\/musavat-partiyasinin-uc-f%c9%99ali-h%c9%99bs-edilib\\\/#breadcrumb\"},\"inLanguage\":\"az\",\"potentialAction\":[{\"@type\":\"ReadAction\",\"target\":[\"https:\\\/\\\/www.meydan.tv\\\/az\\\/article\\\/musavat-partiyasinin-uc-f%c9%99ali-h%c9%99bs-edilib\\\/\"]}]},{\"@type\":\"ImageObject\",\"inLanguage\":\"az\",\"@id\":\"https:\\\/\\\/www.meydan.tv\\\/az\\\/article\\\/musavat-partiyasinin-uc-f%c9%99ali-h%c9%99bs-edilib\\\/#primaryimage\",\"url\":\"https:\\\/\\\/www.meydan.tv\\\/wp-content\\\/uploads\\\/mehkeme-1-scaled.jpg\",\"contentUrl\":\"https:\\\/\\\/www.meydan.tv\\\/wp-content\\\/uploads\\\/mehkeme-1-scaled.jpg\",\"width\":2560,\"height\":1440,\"caption\":\"\u0130ll\u00fcstrasiya: Meydan TV\"},{\"@type\":\"BreadcrumbList\",\"@id\":\"https:\\\/\\\/www.meydan.tv\\\/az\\\/article\\\/musavat-partiyasinin-uc-f%c9%99ali-h%c9%99bs-edilib\\\/#breadcrumb\",\"itemListElement\":[{\"@type\":\"ListItem\",\"position\":1,\"name\":\"Ana s\u0259hif\u0259\",\"item\":\"https:\\\/\\\/www.meydan.tv\\\/az\\\/\"},{\"@type\":\"ListItem\",\"position\":2,\"name\":\"X\u0259b\u0259rl\u0259r\",\"item\":\"https:\\\/\\\/www.meydan.tv\\\/az\\\/section\\\/xeberler\\\/\"},{\"@type\":\"ListItem\",\"position\":3,\"name\":\"M\u00fcsavat Partiyas\u0131n\u0131n \u00fc\u00e7 f\u0259al\u0131 h\u0259bs edilib\"}]},{\"@type\":\"WebSite\",\"@id\":\"https:\\\/\\\/www.meydan.tv\\\/az\\\/#website\",\"url\":\"https:\\\/\\\/www.meydan.tv\\\/az\\\/\",\"name\":\"MEYDAN.TV\",\"description\":\"Meydan TV Az\u0259rbaycan\u0131n media m\u0259kan\u0131ndak\u0131 alternativ s\u0259sidir\",\"publisher\":{\"@id\":\"https:\\\/\\\/www.meydan.tv\\\/az\\\/#organization\"},\"potentialAction\":[{\"@type\":\"SearchAction\",\"target\":{\"@type\":\"EntryPoint\",\"urlTemplate\":\"https:\\\/\\\/www.meydan.tv\\\/az\\\/?s={search_term_string}\"},\"query-input\":{\"@type\":\"PropertyValueSpecification\",\"valueRequired\":true,\"valueName\":\"search_term_string\"}}],\"inLanguage\":\"az\"},{\"@type\":\"Organization\",\"@id\":\"https:\\\/\\\/www.meydan.tv\\\/az\\\/#organization\",\"name\":\"Meydan TV\",\"url\":\"https:\\\/\\\/www.meydan.tv\\\/az\\\/\",\"logo\":{\"@type\":\"ImageObject\",\"inLanguage\":\"az\",\"@id\":\"https:\\\/\\\/www.meydan.tv\\\/az\\\/#\\\/schema\\\/logo\\\/image\\\/\",\"url\":\"https:\\\/\\\/www.meydan.tv\\\/wp-content\\\/uploads\\\/2021\\\/07\\\/meydan-logo.svg\",\"contentUrl\":\"https:\\\/\\\/www.meydan.tv\\\/wp-content\\\/uploads\\\/2021\\\/07\\\/meydan-logo.svg\",\"width\":195,\"height\":46,\"caption\":\"Meydan TV\"},\"image\":{\"@id\":\"https:\\\/\\\/www.meydan.tv\\\/az\\\/#\\\/schema\\\/logo\\\/image\\\/\"}},{\"@type\":\"Person\",\"@id\":\"https:\\\/\\\/www.meydan.tv\\\/az\\\/#\\\/schema\\\/person\\\/49b5f2bad5b126bb8ea9320eeb3e4dc9\",\"name\":\"sevda\"}]}<\/script>\n<!-- \/ Yoast SEO plugin. -->","yoast_head_json":{"title":"M\u00fcsavat Partiyas\u0131n\u0131n \u00fc\u00e7 f\u0259al\u0131 h\u0259bs edilib - MEYDAN.TV","robots":{"index":"index","follow":"follow","max-snippet":"max-snippet:-1","max-image-preview":"max-image-preview:large","max-video-preview":"max-video-preview:-1"},"canonical":"https:\/\/www.meydan.tv\/az\/article\/musavat-partiyasinin-uc-f%c9%99ali-h%c9%99bs-edilib\/","og_locale":"az_AZ","og_type":"article","og_title":"M\u00fcsavat Partiyas\u0131n\u0131n \u00fc\u00e7 f\u0259al\u0131 h\u0259bs edilib - MEYDAN.TV","og_description":"Onlar bir qrup \u015f\u0259xs t\u0259r\u0259find\u0259n t\u00f6r\u0259dil\u0259n xuliqanl\u0131qda t\u0259qsirli bilinibl\u0259r M\u00fcsavat ... Davam\u0131","og_url":"https:\/\/www.meydan.tv\/az\/article\/musavat-partiyasinin-uc-f%c9%99ali-h%c9%99bs-edilib\/","og_site_name":"MEYDAN.TV","article_published_time":"2025-06-12T07:41:37+00:00","article_modified_time":"2025-06-12T07:41:39+00:00","og_image":[{"width":2560,"height":1440,"url":"https:\/\/www.meydan.tv\/wp-content\/uploads\/mehkeme-1-scaled.jpg","type":"image\/jpeg"}],"author":"sevda","twitter_card":"summary_large_image","schema":{"@context":"https:\/\/schema.org","@graph":[{"@type":"Article","@id":"https:\/\/www.meydan.tv\/az\/article\/musavat-partiyasinin-uc-f%c9%99ali-h%c9%99bs-edilib\/#article","isPartOf":{"@id":"https:\/\/www.meydan.tv\/az\/article\/musavat-partiyasinin-uc-f%c9%99ali-h%c9%99bs-edilib\/"},"author":{"name":"sevda","@id":"https:\/\/www.meydan.tv\/az\/#\/schema\/person\/49b5f2bad5b126bb8ea9320eeb3e4dc9"},"headline":"M\u00fcsavat Partiyas\u0131n\u0131n \u00fc\u00e7 f\u0259al\u0131 h\u0259bs edilib","datePublished":"2025-06-12T07:41:37+00:00","dateModified":"2025-06-12T07:41:39+00:00","mainEntityOfPage":{"@id":"https:\/\/www.meydan.tv\/az\/article\/musavat-partiyasinin-uc-f%c9%99ali-h%c9%99bs-edilib\/"},"wordCount":343,"publisher":{"@id":"https:\/\/www.meydan.tv\/az\/#organization"},"image":{"@id":"https:\/\/www.meydan.tv\/az\/article\/musavat-partiyasinin-uc-f%c9%99ali-h%c9%99bs-edilib\/#primaryimage"},"thumbnailUrl":"https:\/\/www.meydan.tv\/wp-content\/uploads\/mehkeme-1-scaled.jpg","articleSection":["Siyas\u0259t","T\u00f6vsiy\u0259","X\u0259b\u0259rl\u0259r"],"inLanguage":"az"},{"@type":"WebPage","@id":"https:\/\/www.meydan.tv\/az\/article\/musavat-partiyasinin-uc-f%c9%99ali-h%c9%99bs-edilib\/","url":"https:\/\/www.meydan.tv\/az\/article\/musavat-partiyasinin-uc-f%c9%99ali-h%c9%99bs-edilib\/","name":"M\u00fcsavat Partiyas\u0131n\u0131n \u00fc\u00e7 f\u0259al\u0131 h\u0259bs edilib - MEYDAN.TV","isPartOf":{"@id":"https:\/\/www.meydan.tv\/az\/#website"},"primaryImageOfPage":{"@id":"https:\/\/www.meydan.tv\/az\/article\/musavat-partiyasinin-uc-f%c9%99ali-h%c9%99bs-edilib\/#primaryimage"},"image":{"@id":"https:\/\/www.meydan.tv\/az\/article\/musavat-partiyasinin-uc-f%c9%99ali-h%c9%99bs-edilib\/#primaryimage"},"thumbnailUrl":"https:\/\/www.meydan.tv\/wp-content\/uploads\/mehkeme-1-scaled.jpg","datePublished":"2025-06-12T07:41:37+00:00","dateModified":"2025-06-12T07:41:39+00:00","breadcrumb":{"@id":"https:\/\/www.meydan.tv\/az\/article\/musavat-partiyasinin-uc-f%c9%99ali-h%c9%99bs-edilib\/#breadcrumb"},"inLanguage":"az","potentialAction":[{"@type":"ReadAction","target":["https:\/\/www.meydan.tv\/az\/article\/musavat-partiyasinin-uc-f%c9%99ali-h%c9%99bs-edilib\/"]}]},{"@type":"ImageObject","inLanguage":"az","@id":"https:\/\/www.meydan.tv\/az\/article\/musavat-partiyasinin-uc-f%c9%99ali-h%c9%99bs-edilib\/#primaryimage","url":"https:\/\/www.meydan.tv\/wp-content\/uploads\/mehkeme-1-scaled.jpg","contentUrl":"https:\/\/www.meydan.tv\/wp-content\/uploads\/mehkeme-1-scaled.jpg","width":2560,"height":1440,"caption":"\u0130ll\u00fcstrasiya: Meydan TV"},{"@type":"BreadcrumbList","@id":"https:\/\/www.meydan.tv\/az\/article\/musavat-partiyasinin-uc-f%c9%99ali-h%c9%99bs-edilib\/#breadcrumb","itemListElement":[{"@type":"ListItem","position":1,"name":"Ana s\u0259hif\u0259","item":"https:\/\/www.meydan.tv\/az\/"},{"@type":"ListItem","position":2,"name":"X\u0259b\u0259rl\u0259r","item":"https:\/\/www.meydan.tv\/az\/section\/xeberler\/"},{"@type":"ListItem","position":3,"name":"M\u00fcsavat Partiyas\u0131n\u0131n \u00fc\u00e7 f\u0259al\u0131 h\u0259bs edilib"}]},{"@type":"WebSite","@id":"https:\/\/www.meydan.tv\/az\/#website","url":"https:\/\/www.meydan.tv\/az\/","name":"MEYDAN.TV","description":"Meydan TV Az\u0259rbaycan\u0131n media m\u0259kan\u0131ndak\u0131 alternativ s\u0259sidir","publisher":{"@id":"https:\/\/www.meydan.tv\/az\/#organization"},"potentialAction":[{"@type":"SearchAction","target":{"@type":"EntryPoint","urlTemplate":"https:\/\/www.meydan.tv\/az\/?s={search_term_string}"},"query-input":{"@type":"PropertyValueSpecification","valueRequired":true,"valueName":"search_term_string"}}],"inLanguage":"az"},{"@type":"Organization","@id":"https:\/\/www.meydan.tv\/az\/#organization","name":"Meydan TV","url":"https:\/\/www.meydan.tv\/az\/","logo":{"@type":"ImageObject","inLanguage":"az","@id":"https:\/\/www.meydan.tv\/az\/#\/schema\/logo\/image\/","url":"https:\/\/www.meydan.tv\/wp-content\/uploads\/2021\/07\/meydan-logo.svg","contentUrl":"https:\/\/www.meydan.tv\/wp-content\/uploads\/2021\/07\/meydan-logo.svg","width":195,"height":46,"caption":"Meydan TV"},"image":{"@id":"https:\/\/www.meydan.tv\/az\/#\/schema\/logo\/image\/"}},{"@type":"Person","@id":"https:\/\/www.meydan.tv\/az\/#\/schema\/person\/49b5f2bad5b126bb8ea9320eeb3e4dc9","name":"sevda"}]}},"_links":{"self":[{"href":"https:\/\/www.meydan.tv\/az\/wp-json\/wp\/v2\/posts\/331824","targetHints":{"allow":["GET"]}}],"collection":[{"href":"https:\/\/www.meydan.tv\/az\/wp-json\/wp\/v2\/posts"}],"about":[{"href":"https:\/\/www.meydan.tv\/az\/wp-json\/wp\/v2\/types\/post"}],"author":[{"embeddable":true,"href":"https:\/\/www.meydan.tv\/az\/wp-json\/wp\/v2\/users\/16"}],"replies":[{"embeddable":true,"href":"https:\/\/www.meydan.tv\/az\/wp-json\/wp\/v2\/comments?post=331824"}],"version-history":[{"count":2,"href":"https:\/\/www.meydan.tv\/az\/wp-json\/wp\/v2\/posts\/331824\/revisions"}],"predecessor-version":[{"id":331826,"href":"https:\/\/www.meydan.tv\/az\/wp-json\/wp\/v2\/posts\/331824\/revisions\/331826"}],"wp:featuredmedia":[{"embeddable":true,"href":"https:\/\/www.meydan.tv\/az\/wp-json\/wp\/v2\/media\/162693"}],"wp:attachment":[{"href":"https:\/\/www.meydan.tv\/az\/wp-json\/wp\/v2\/media?parent=331824"}],"wp:term":[{"taxonomy":"category","embeddable":true,"href":"https:\/\/www.meydan.tv\/az\/wp-json\/wp\/v2\/categories?post=331824"},{"taxonomy":"post_tag","embeddable":true,"href":"https:\/\/www.meydan.tv\/az\/wp-json\/wp\/v2\/tags?post=331824"}],"curies":[{"name":"wp","href":"https:\/\/api.w.org\/{rel}","templated":true}]}}