{"id":331776,"date":"2025-06-11T16:22:46","date_gmt":"2025-06-11T12:22:46","guid":{"rendered":"https:\/\/www.meydan.tv\/?p=331776"},"modified":"2025-06-11T18:01:40","modified_gmt":"2025-06-11T14:01:40","slug":"mus%c9%99lman-birliyi-h%c9%99r%c9%99katinin-daha-bir-uzvunun-saxlanildigi-bildirilir","status":"publish","type":"post","link":"https:\/\/www.meydan.tv\/az\/article\/mus%c9%99lman-birliyi-h%c9%99r%c9%99katinin-daha-bir-uzvunun-saxlanildigi-bildirilir\/","title":{"rendered":"M\u00fcs\u0259lman Birliyi H\u0259r\u0259kat\u0131n\u0131n daha bir \u00fczv\u00fcn\u00fcn saxlan\u0131ld\u0131\u011f\u0131 bildirilir"},"content":{"rendered":"\n<p><strong><em>Elgiz M\u0259mm\u0259dovun polis idar\u0259sind\u0259 g\u00f6rd\u00fcy\u00fc i\u015fg\u0259nc\u0259d\u0259n sonra x\u0259st\u0259xanaya \u00e7atd\u0131r\u0131ld\u0131\u011f\u0131 deyilir<\/em><\/strong> <\/p>\n\n\n\n<p>Bak\u0131n\u0131n Ke\u015fl\u0259 q\u0259s\u0259b\u0259sind\u0259 \u00f6t\u0259n g\u00fcn saxlan\u0131ld\u0131\u011f\u0131 deyil\u0259n M\u00fcs\u0259lman Birliyi H\u0259r\u0259kat\u0131n\u0131n (MBH) \u00fczv\u00fc Elgiz M\u0259mm\u0259dov polis idar\u0259sind\u0259 i\u015fg\u0259nc\u0259 g\u00f6r\u00fcb, daha sonra x\u0259st\u0259xanaya \u00e7atd\u0131r\u0131l\u0131b.<\/p>\n\n\n\n<p>Bu bar\u0259d\u0259 M\u00fcs\u0259lman Birliyi H\u0259r\u0259kat\u0131 onun ail\u0259sin\u0259 istinad\u0259n <a href=\"https:\/\/www.facebook.com\/MBH.MuselmanBirliyiHerakati\/posts\/pfbid0jUGPWA3cgdDMJ9m5hdAVhYLmeN7xgqh82uq8fhinTjKkwKYic2bGLwfYT93yZoCsl\" target=\"_blank\" rel=\"noreferrer noopener\">m\u0259lumat<\/a> yay\u0131b. <\/p>\n\n\n\n<p>M\u0259lumata g\u00f6r\u0259, iyunun 10-da saxlan\u0131lan inancl\u0131 Nizami Rayon Polis \u0130dar\u0259sin\u0259 apar\u0131l\u0131b. Burada ona fiziki i\u015fg\u0259nc\u0259 veril\u0259r\u0259k narkotik madd\u0259l\u0259rin ona aid olmas\u0131 il\u0259 ba\u011fl\u0131 etirafedici video \u00e7\u0259kilm\u0259y\u0259 c\u0259hd edilib. Lakin Elgiz M\u0259mm\u0259dov ittiham\u0131 r\u0259dd edib v\u0259 narkotikl\u0259rl\u0259 h\u0259r hans\u0131 bir \u0259laq\u0259sinin olmad\u0131\u011f\u0131n\u0131 deyib. Bundan sonra onun polis i\u015f\u00e7il\u0259ri t\u0259r\u0259find\u0259n fiziki i\u015fg\u0259nc\u0259y\u0259 m\u0259ruz qald\u0131\u011f\u0131 bildirilir:<\/p>\n\n\n\n<p><em>\u201c\u0130nancl\u0131n\u0131n v\u0259kili Zibeyd\u0259 Sad\u0131qova onun b\u0259d\u0259nind\u0259 i\u015fg\u0259nc\u0259 izl\u0259rinin ayd\u0131n g\u00f6r\u00fcnd\u00fcy\u00fcn\u00fc v\u0259 m\u0259s\u0259l\u0259 il\u0259 ba\u011fl\u0131 Ombudsmanl\u0131\u011fa \u0259riz\u0259 il\u0259 m\u00fcraci\u0259t etdiyini s\u00f6yl\u0259yib\u201d<\/em>.<\/p>\n\n\n\n<p>M\u0259lumatda deyilir ki, ail\u0259sinin bildirdiyin\u0259 g\u00f6r\u0259 iyunun 10-u ax\u015fama do\u011fru Elgiz\u0259 veril\u0259n su bir ne\u00e7\u0259 d\u0259qiq\u0259d\u0259n sonra s\u0259hh\u0259tind\u0259 k\u0259skin a\u011fr\u0131lara yol a\u00e7\u0131b. A\u011fr\u0131lar\u0131n \u015fidd\u0259tind\u0259n inancl\u0131 1 sayl\u0131 T\u0259cili Tibbi Yard\u0131m X\u0259st\u0259xanas\u0131na \u00e7atd\u0131r\u0131l\u0131b. H\u0259kiml\u0259rin m\u00fcdaxil\u0259si qa\u00e7\u0131lmaz olub.<\/p>\n\n\n\n<p><em>\u201cAd\u0259t\u0259n narkotikl\u0259rl\u0259 ba\u011fl\u0131 ittiham\u0131 q\u0259bul etm\u0259y\u0259n inancl\u0131lara su vasit\u0259si il\u0259 narkotik verm\u0259k polis idar\u0259l\u0259rind\u0259 yeni hal deyil. Onlar bu vasit\u0259 il\u0259 ekspertizan\u0131n onun qan\u0131nda narkotik t\u0259sdiqi il\u0259 m\u0259hk\u0259m\u0259 \u00fc\u00e7\u00fcn saxta d\u0259lil yaratm\u0131\u015f olurlar. Y\u0259qin ki, Elgizl\u0259 d\u0259 ba\u011fl\u0131 eyni ssenari oynan\u0131l\u0131b. Sad\u0259c\u0259 Elgizin s\u0259hh\u0259tind\u0259ki h\u0259ssasl\u0131q saxta narkotik oyununa s\u0259rt reaksiya il\u0259 n\u0259tic\u0259l\u0259nib\u201d, &#8211;  <\/em>m\u0259lumatda bel\u0259 deyilir.<\/p>\n\n\n\n<p>M\u0259lumatda h\u0259m\u00e7inin bildirilir ki, Nizami Rayon Polis \u0130dar\u0259sind\u0259 saxlan\u0131lan inancl\u0131n\u0131n g\u00fcn \u0259rzind\u0259 m\u0259hk\u0259m\u0259 \u00f6n\u00fcn\u0259 \u00e7\u0131xar\u0131lmas\u0131 g\u00f6zl\u0259nilir.<\/p>\n\n\n\n<p><em>\u201c\u015e\u00fcbh\u0259siz n\u00f6vb\u0259ti narkotik ittiham\u0131 daha bir inancl\u0131n\u0131n \u015f\u0259rl\u0259nm\u0259sin\u0259 s\u0259b\u0259b olacaq\u201d- <\/em>MBH-n\u0131n m\u0259lumat\u0131nda bildirilir.<\/p>\n\n\n\n<hr class=\"wp-block-separator has-text-color has-global-color-7-color has-alpha-channel-opacity has-global-color-7-background-color has-background\"\/>\n\n\n\n<p>M\u00fcs\u0259lman Birliyi H\u0259r\u0259kat\u0131 (MBH) \u00fczv\u00fc Elgiz M\u0259mm\u0259dovun saxlan\u0131lmas\u0131 bar\u0259d\u0259 onun ail\u0259sin\u0259 istinad\u0259n <a href=\"https:\/\/www.facebook.com\/MBH.MuselmanBirliyiHerakati\/posts\/pfbid02B2uH2LgrPhen1XujJC9cX5mFTj8vR6A7YkWQRXxapeDxf6V4m9yzRBuVNB6ErezQl\" target=\"_blank\" rel=\"noreferrer noopener\">m\u0259lumat<\/a> yaym\u0131\u015fd\u0131.<\/p>\n\n\n\n<p>M\u0259lumata g\u00f6r\u0259, Elgiz M\u0259mm\u0259dov Bak\u0131n\u0131n Ke\u015fl\u0259 q\u0259s\u0259b\u0259sind\u0259 i\u015f ba\u015f\u0131nda olark\u0259n nam\u0259lum \u015f\u0259xsl\u0259r t\u0259r\u0259find\u0259n he\u00e7 bir s\u0259b\u0259b g\u00f6st\u0259rilm\u0259d\u0259n saxlan\u0131l\u0131b. Onun xidm\u0259ti ma\u015f\u0131n\u0131 is\u0259 h\u0259min \u0259razid\u0259 qal\u0131b.<\/p>\n\n\n\n<p><em>\u201c\u00d6z\u0259l \u015firk\u0259tl\u0259rin birind\u0259 s\u00fcr\u00fcc\u00fc i\u015fl\u0259y\u0259n Elgiz Ke\u015fl\u0259 \u0259razisind\u0259 ma\u011fazaya \u00e7atd\u0131rma il\u0259 m\u0259\u015f\u011ful ik\u0259n nam\u0259lum \u015f\u0259xsl\u0259r t\u0259r\u0259find\u0259n he\u00e7 bir s\u0259b\u0259b g\u00f6st\u0259rilm\u0259d\u0259n o\u011furlan\u0131b. Onun xidm\u0259t g\u00f6st\u0259rdiyi ma\u015f\u0131n da \u0259razid\u0259 qal\u0131b. Bundan \u00f6nc\u0259 d\u0259 bu tip inancl\u0131lar\u0131n o\u011furlanma fakt\u0131 g\u00f6st\u0259rir ki, Elgiz M\u0259mm\u0259dov da eyni ssenarinin qurban\u0131 olub\u201d- <\/em>MBH-n\u0131n yayd\u0131\u011f\u0131 m\u0259lumatda bel\u0259 deyilir.<\/p>\n\n\n\n<p>Elgiz M\u0259mm\u0259dov 2022-ci il may\u0131n 20-d\u0259 MBH \u00fczv\u00fc Razi H\u00fcmb\u0259tovun m\u0259hk\u0259m\u0259 prosesi apar\u0131lan Bak\u0131 A\u011f\u0131r Cinay\u0259tl\u0259r M\u0259hk\u0259msinin \u00f6n\u00fcnd\u0259 d\u0259 <a href=\"https:\/\/www.meydan.tv\/az\/article\/bandotdelde-yere-uzadib-tepikleyirdiler-salvarimi-cixardilar-alt-paltarimi-cirdilar\/\" target=\"_blank\" rel=\"noreferrer noopener\">saxlan\u0131lm\u0131\u015fd\u0131<\/a>. &nbsp;H\u0259min vaxt o, 30 g\u00fcn inzibati  h\u0259bs c\u0259zas\u0131 alm\u0131\u015fd\u0131.<\/p>\n\n\n\n<p>Onun h\u0259min d\u00f6vrd\u0259 ciddi i\u015fg\u0259nc\u0259l\u0259r\u0259 m\u0259ruz qald\u0131\u011f\u0131 bildirilirdi. Onun tan\u0131mad\u0131qlar\u0131 yer\u0259 apar\u0131b, d\u00f6y\u0259r\u0259k zorlama il\u0259 h\u0259d\u0259l\u0259ndiyi deyilirdi.<\/p>\n\n\n\n<p>Bundan sonra videoya \u00e7\u0259k\u0259r\u0259k bir daha m\u0259hk\u0259m\u0259 \u00f6n\u00fcn\u0259 g\u0259lm\u0259y\u0259c\u0259yini b\u0259yan etm\u0259sini t\u0259l\u0259b etmi\u015fdil\u0259r.<\/p>\n\n\n\n<p>MBH r\u0259hb\u0259r \u015f\u0259xsl\u0259ri haz\u0131rda h\u0259bsd\u0259dirl\u0259r. Onlar 2015-ci il noyabr\u0131n 26-da Nardaran hadis\u0259l\u0259ri zaman\u0131 h\u0259bs edilibl\u0259r.&nbsp;Bundan sonra da h\u0259bsl\u0259r davam edib.<\/p>\n\n\n\n<p>\u201cAz\u0259rbaycan Siyasi M\u0259hbuslar\u0131na Azadl\u0131q\u201d Birliyinin iyunun 9-da yenil\u0259diyi <a href=\"https:\/\/www.meydan.tv\/az\/article\/siyasi-m%c9%99hbus-siyahisi-yenil%c9%99ndi-375-n%c9%99f%c9%99r\/\" target=\"_blank\" rel=\"noreferrer noopener\">siyah\u0131ya<\/a> \u0259sas\u0259n, Az\u0259rbaycanda 241 inancl\u0131 \u015f\u0259xs siyasi motivl\u0259rl\u0259 h\u0259bsd\u0259dir. <\/p>\n","protected":false},"excerpt":{"rendered":"<p>Yenil\u0259nib<\/p>\n","protected":false},"author":21,"featured_media":331788,"comment_status":"closed","ping_status":"closed","sticky":false,"template":"","format":"standard","meta":{"_acf_changed":false,"_sitemap_exclude":false,"_sitemap_priority":"","_sitemap_frequency":"","footnotes":""},"categories":[59,79,56],"tags":[],"class_list":["post-331776","post","type-post","status-publish","format-standard","has-post-thumbnail","hentry","category-siyaset","category-featured","category-xeberler","infinite-scroll-item","generate-columns","tablet-grid-50","mobile-grid-100","grid-parent","grid-33","no-featured-image-padding"],"acf":[],"yoast_head":"<!-- This site is optimized with the Yoast SEO plugin v27.5 - https:\/\/yoast.com\/product\/yoast-seo-wordpress\/ -->\n<title>M\u00fcs\u0259lman Birliyi H\u0259r\u0259kat\u0131n\u0131n daha bir \u00fczv\u00fcn\u00fcn saxlan\u0131ld\u0131\u011f\u0131 bildirilir - MEYDAN.TV<\/title>\n<meta name=\"robots\" content=\"index, follow, max-snippet:-1, max-image-preview:large, max-video-preview:-1\" \/>\n<link rel=\"canonical\" href=\"https:\/\/www.meydan.tv\/az\/article\/mus%c9%99lman-birliyi-h%c9%99r%c9%99katinin-daha-bir-uzvunun-saxlanildigi-bildirilir\/\" \/>\n<meta property=\"og:locale\" content=\"az_AZ\" \/>\n<meta property=\"og:type\" content=\"article\" \/>\n<meta property=\"og:title\" content=\"M\u00fcs\u0259lman Birliyi H\u0259r\u0259kat\u0131n\u0131n daha bir \u00fczv\u00fcn\u00fcn saxlan\u0131ld\u0131\u011f\u0131 bildirilir - MEYDAN.TV\" \/>\n<meta property=\"og:description\" content=\"Yenil\u0259nib\" \/>\n<meta property=\"og:url\" content=\"https:\/\/www.meydan.tv\/az\/article\/mus%c9%99lman-birliyi-h%c9%99r%c9%99katinin-daha-bir-uzvunun-saxlanildigi-bildirilir\/\" \/>\n<meta property=\"og:site_name\" content=\"MEYDAN.TV\" \/>\n<meta property=\"article:published_time\" content=\"2025-06-11T12:22:46+00:00\" \/>\n<meta property=\"article:modified_time\" content=\"2025-06-11T14:01:40+00:00\" \/>\n<meta property=\"og:image\" content=\"https:\/\/www.meydan.tv\/wp-content\/uploads\/0808.png\" \/>\n\t<meta property=\"og:image:width\" content=\"1179\" \/>\n\t<meta property=\"og:image:height\" content=\"576\" \/>\n\t<meta property=\"og:image:type\" content=\"image\/png\" \/>\n<meta name=\"author\" content=\"mahmud\" \/>\n<meta name=\"twitter:card\" content=\"summary_large_image\" \/>\n<script type=\"application\/ld+json\" class=\"yoast-schema-graph\">{\"@context\":\"https:\\\/\\\/schema.org\",\"@graph\":[{\"@type\":\"Article\",\"@id\":\"https:\\\/\\\/www.meydan.tv\\\/az\\\/article\\\/mus%c9%99lman-birliyi-h%c9%99r%c9%99katinin-daha-bir-uzvunun-saxlanildigi-bildirilir\\\/#article\",\"isPartOf\":{\"@id\":\"https:\\\/\\\/www.meydan.tv\\\/az\\\/article\\\/mus%c9%99lman-birliyi-h%c9%99r%c9%99katinin-daha-bir-uzvunun-saxlanildigi-bildirilir\\\/\"},\"author\":{\"name\":\"mahmud\",\"@id\":\"https:\\\/\\\/www.meydan.tv\\\/az\\\/#\\\/schema\\\/person\\\/09863e516102a829e72bedcf3f84c6b0\"},\"headline\":\"M\u00fcs\u0259lman Birliyi H\u0259r\u0259kat\u0131n\u0131n daha bir \u00fczv\u00fcn\u00fcn saxlan\u0131ld\u0131\u011f\u0131 bildirilir\",\"datePublished\":\"2025-06-11T12:22:46+00:00\",\"dateModified\":\"2025-06-11T14:01:40+00:00\",\"mainEntityOfPage\":{\"@id\":\"https:\\\/\\\/www.meydan.tv\\\/az\\\/article\\\/mus%c9%99lman-birliyi-h%c9%99r%c9%99katinin-daha-bir-uzvunun-saxlanildigi-bildirilir\\\/\"},\"wordCount\":793,\"publisher\":{\"@id\":\"https:\\\/\\\/www.meydan.tv\\\/az\\\/#organization\"},\"image\":{\"@id\":\"https:\\\/\\\/www.meydan.tv\\\/az\\\/article\\\/mus%c9%99lman-birliyi-h%c9%99r%c9%99katinin-daha-bir-uzvunun-saxlanildigi-bildirilir\\\/#primaryimage\"},\"thumbnailUrl\":\"https:\\\/\\\/www.meydan.tv\\\/wp-content\\\/uploads\\\/0808.png\",\"articleSection\":[\"Siyas\u0259t\",\"T\u00f6vsiy\u0259\",\"X\u0259b\u0259rl\u0259r\"],\"inLanguage\":\"az\"},{\"@type\":\"WebPage\",\"@id\":\"https:\\\/\\\/www.meydan.tv\\\/az\\\/article\\\/mus%c9%99lman-birliyi-h%c9%99r%c9%99katinin-daha-bir-uzvunun-saxlanildigi-bildirilir\\\/\",\"url\":\"https:\\\/\\\/www.meydan.tv\\\/az\\\/article\\\/mus%c9%99lman-birliyi-h%c9%99r%c9%99katinin-daha-bir-uzvunun-saxlanildigi-bildirilir\\\/\",\"name\":\"M\u00fcs\u0259lman Birliyi H\u0259r\u0259kat\u0131n\u0131n daha bir \u00fczv\u00fcn\u00fcn saxlan\u0131ld\u0131\u011f\u0131 bildirilir - MEYDAN.TV\",\"isPartOf\":{\"@id\":\"https:\\\/\\\/www.meydan.tv\\\/az\\\/#website\"},\"primaryImageOfPage\":{\"@id\":\"https:\\\/\\\/www.meydan.tv\\\/az\\\/article\\\/mus%c9%99lman-birliyi-h%c9%99r%c9%99katinin-daha-bir-uzvunun-saxlanildigi-bildirilir\\\/#primaryimage\"},\"image\":{\"@id\":\"https:\\\/\\\/www.meydan.tv\\\/az\\\/article\\\/mus%c9%99lman-birliyi-h%c9%99r%c9%99katinin-daha-bir-uzvunun-saxlanildigi-bildirilir\\\/#primaryimage\"},\"thumbnailUrl\":\"https:\\\/\\\/www.meydan.tv\\\/wp-content\\\/uploads\\\/0808.png\",\"datePublished\":\"2025-06-11T12:22:46+00:00\",\"dateModified\":\"2025-06-11T14:01:40+00:00\",\"breadcrumb\":{\"@id\":\"https:\\\/\\\/www.meydan.tv\\\/az\\\/article\\\/mus%c9%99lman-birliyi-h%c9%99r%c9%99katinin-daha-bir-uzvunun-saxlanildigi-bildirilir\\\/#breadcrumb\"},\"inLanguage\":\"az\",\"potentialAction\":[{\"@type\":\"ReadAction\",\"target\":[\"https:\\\/\\\/www.meydan.tv\\\/az\\\/article\\\/mus%c9%99lman-birliyi-h%c9%99r%c9%99katinin-daha-bir-uzvunun-saxlanildigi-bildirilir\\\/\"]}]},{\"@type\":\"ImageObject\",\"inLanguage\":\"az\",\"@id\":\"https:\\\/\\\/www.meydan.tv\\\/az\\\/article\\\/mus%c9%99lman-birliyi-h%c9%99r%c9%99katinin-daha-bir-uzvunun-saxlanildigi-bildirilir\\\/#primaryimage\",\"url\":\"https:\\\/\\\/www.meydan.tv\\\/wp-content\\\/uploads\\\/0808.png\",\"contentUrl\":\"https:\\\/\\\/www.meydan.tv\\\/wp-content\\\/uploads\\\/0808.png\",\"width\":1179,\"height\":576,\"caption\":\"Elgiz M\u0259mm\u0259dov. Foto: \u015e\u0259xsi Facebook s\u0259hif\u0259si\"},{\"@type\":\"BreadcrumbList\",\"@id\":\"https:\\\/\\\/www.meydan.tv\\\/az\\\/article\\\/mus%c9%99lman-birliyi-h%c9%99r%c9%99katinin-daha-bir-uzvunun-saxlanildigi-bildirilir\\\/#breadcrumb\",\"itemListElement\":[{\"@type\":\"ListItem\",\"position\":1,\"name\":\"Ana s\u0259hif\u0259\",\"item\":\"https:\\\/\\\/www.meydan.tv\\\/az\\\/\"},{\"@type\":\"ListItem\",\"position\":2,\"name\":\"Siyas\u0259t\",\"item\":\"https:\\\/\\\/www.meydan.tv\\\/az\\\/section\\\/siyaset\\\/\"},{\"@type\":\"ListItem\",\"position\":3,\"name\":\"M\u00fcs\u0259lman Birliyi H\u0259r\u0259kat\u0131n\u0131n daha bir \u00fczv\u00fcn\u00fcn saxlan\u0131ld\u0131\u011f\u0131 bildirilir\"}]},{\"@type\":\"WebSite\",\"@id\":\"https:\\\/\\\/www.meydan.tv\\\/az\\\/#website\",\"url\":\"https:\\\/\\\/www.meydan.tv\\\/az\\\/\",\"name\":\"MEYDAN.TV\",\"description\":\"Meydan TV Az\u0259rbaycan\u0131n media m\u0259kan\u0131ndak\u0131 alternativ s\u0259sidir\",\"publisher\":{\"@id\":\"https:\\\/\\\/www.meydan.tv\\\/az\\\/#organization\"},\"potentialAction\":[{\"@type\":\"SearchAction\",\"target\":{\"@type\":\"EntryPoint\",\"urlTemplate\":\"https:\\\/\\\/www.meydan.tv\\\/az\\\/?s={search_term_string}\"},\"query-input\":{\"@type\":\"PropertyValueSpecification\",\"valueRequired\":true,\"valueName\":\"search_term_string\"}}],\"inLanguage\":\"az\"},{\"@type\":\"Organization\",\"@id\":\"https:\\\/\\\/www.meydan.tv\\\/az\\\/#organization\",\"name\":\"Meydan TV\",\"url\":\"https:\\\/\\\/www.meydan.tv\\\/az\\\/\",\"logo\":{\"@type\":\"ImageObject\",\"inLanguage\":\"az\",\"@id\":\"https:\\\/\\\/www.meydan.tv\\\/az\\\/#\\\/schema\\\/logo\\\/image\\\/\",\"url\":\"https:\\\/\\\/www.meydan.tv\\\/wp-content\\\/uploads\\\/2021\\\/07\\\/meydan-logo.svg\",\"contentUrl\":\"https:\\\/\\\/www.meydan.tv\\\/wp-content\\\/uploads\\\/2021\\\/07\\\/meydan-logo.svg\",\"width\":195,\"height\":46,\"caption\":\"Meydan TV\"},\"image\":{\"@id\":\"https:\\\/\\\/www.meydan.tv\\\/az\\\/#\\\/schema\\\/logo\\\/image\\\/\"}},{\"@type\":\"Person\",\"@id\":\"https:\\\/\\\/www.meydan.tv\\\/az\\\/#\\\/schema\\\/person\\\/09863e516102a829e72bedcf3f84c6b0\",\"name\":\"mahmud\"}]}<\/script>\n<!-- \/ Yoast SEO plugin. -->","yoast_head_json":{"title":"M\u00fcs\u0259lman Birliyi H\u0259r\u0259kat\u0131n\u0131n daha bir \u00fczv\u00fcn\u00fcn saxlan\u0131ld\u0131\u011f\u0131 bildirilir - MEYDAN.TV","robots":{"index":"index","follow":"follow","max-snippet":"max-snippet:-1","max-image-preview":"max-image-preview:large","max-video-preview":"max-video-preview:-1"},"canonical":"https:\/\/www.meydan.tv\/az\/article\/mus%c9%99lman-birliyi-h%c9%99r%c9%99katinin-daha-bir-uzvunun-saxlanildigi-bildirilir\/","og_locale":"az_AZ","og_type":"article","og_title":"M\u00fcs\u0259lman Birliyi H\u0259r\u0259kat\u0131n\u0131n daha bir \u00fczv\u00fcn\u00fcn saxlan\u0131ld\u0131\u011f\u0131 bildirilir - MEYDAN.TV","og_description":"Yenil\u0259nib","og_url":"https:\/\/www.meydan.tv\/az\/article\/mus%c9%99lman-birliyi-h%c9%99r%c9%99katinin-daha-bir-uzvunun-saxlanildigi-bildirilir\/","og_site_name":"MEYDAN.TV","article_published_time":"2025-06-11T12:22:46+00:00","article_modified_time":"2025-06-11T14:01:40+00:00","og_image":[{"width":1179,"height":576,"url":"https:\/\/www.meydan.tv\/wp-content\/uploads\/0808.png","type":"image\/png"}],"author":"mahmud","twitter_card":"summary_large_image","schema":{"@context":"https:\/\/schema.org","@graph":[{"@type":"Article","@id":"https:\/\/www.meydan.tv\/az\/article\/mus%c9%99lman-birliyi-h%c9%99r%c9%99katinin-daha-bir-uzvunun-saxlanildigi-bildirilir\/#article","isPartOf":{"@id":"https:\/\/www.meydan.tv\/az\/article\/mus%c9%99lman-birliyi-h%c9%99r%c9%99katinin-daha-bir-uzvunun-saxlanildigi-bildirilir\/"},"author":{"name":"mahmud","@id":"https:\/\/www.meydan.tv\/az\/#\/schema\/person\/09863e516102a829e72bedcf3f84c6b0"},"headline":"M\u00fcs\u0259lman Birliyi H\u0259r\u0259kat\u0131n\u0131n daha bir \u00fczv\u00fcn\u00fcn saxlan\u0131ld\u0131\u011f\u0131 bildirilir","datePublished":"2025-06-11T12:22:46+00:00","dateModified":"2025-06-11T14:01:40+00:00","mainEntityOfPage":{"@id":"https:\/\/www.meydan.tv\/az\/article\/mus%c9%99lman-birliyi-h%c9%99r%c9%99katinin-daha-bir-uzvunun-saxlanildigi-bildirilir\/"},"wordCount":793,"publisher":{"@id":"https:\/\/www.meydan.tv\/az\/#organization"},"image":{"@id":"https:\/\/www.meydan.tv\/az\/article\/mus%c9%99lman-birliyi-h%c9%99r%c9%99katinin-daha-bir-uzvunun-saxlanildigi-bildirilir\/#primaryimage"},"thumbnailUrl":"https:\/\/www.meydan.tv\/wp-content\/uploads\/0808.png","articleSection":["Siyas\u0259t","T\u00f6vsiy\u0259","X\u0259b\u0259rl\u0259r"],"inLanguage":"az"},{"@type":"WebPage","@id":"https:\/\/www.meydan.tv\/az\/article\/mus%c9%99lman-birliyi-h%c9%99r%c9%99katinin-daha-bir-uzvunun-saxlanildigi-bildirilir\/","url":"https:\/\/www.meydan.tv\/az\/article\/mus%c9%99lman-birliyi-h%c9%99r%c9%99katinin-daha-bir-uzvunun-saxlanildigi-bildirilir\/","name":"M\u00fcs\u0259lman Birliyi H\u0259r\u0259kat\u0131n\u0131n daha bir \u00fczv\u00fcn\u00fcn saxlan\u0131ld\u0131\u011f\u0131 bildirilir - MEYDAN.TV","isPartOf":{"@id":"https:\/\/www.meydan.tv\/az\/#website"},"primaryImageOfPage":{"@id":"https:\/\/www.meydan.tv\/az\/article\/mus%c9%99lman-birliyi-h%c9%99r%c9%99katinin-daha-bir-uzvunun-saxlanildigi-bildirilir\/#primaryimage"},"image":{"@id":"https:\/\/www.meydan.tv\/az\/article\/mus%c9%99lman-birliyi-h%c9%99r%c9%99katinin-daha-bir-uzvunun-saxlanildigi-bildirilir\/#primaryimage"},"thumbnailUrl":"https:\/\/www.meydan.tv\/wp-content\/uploads\/0808.png","datePublished":"2025-06-11T12:22:46+00:00","dateModified":"2025-06-11T14:01:40+00:00","breadcrumb":{"@id":"https:\/\/www.meydan.tv\/az\/article\/mus%c9%99lman-birliyi-h%c9%99r%c9%99katinin-daha-bir-uzvunun-saxlanildigi-bildirilir\/#breadcrumb"},"inLanguage":"az","potentialAction":[{"@type":"ReadAction","target":["https:\/\/www.meydan.tv\/az\/article\/mus%c9%99lman-birliyi-h%c9%99r%c9%99katinin-daha-bir-uzvunun-saxlanildigi-bildirilir\/"]}]},{"@type":"ImageObject","inLanguage":"az","@id":"https:\/\/www.meydan.tv\/az\/article\/mus%c9%99lman-birliyi-h%c9%99r%c9%99katinin-daha-bir-uzvunun-saxlanildigi-bildirilir\/#primaryimage","url":"https:\/\/www.meydan.tv\/wp-content\/uploads\/0808.png","contentUrl":"https:\/\/www.meydan.tv\/wp-content\/uploads\/0808.png","width":1179,"height":576,"caption":"Elgiz M\u0259mm\u0259dov. Foto: \u015e\u0259xsi Facebook s\u0259hif\u0259si"},{"@type":"BreadcrumbList","@id":"https:\/\/www.meydan.tv\/az\/article\/mus%c9%99lman-birliyi-h%c9%99r%c9%99katinin-daha-bir-uzvunun-saxlanildigi-bildirilir\/#breadcrumb","itemListElement":[{"@type":"ListItem","position":1,"name":"Ana s\u0259hif\u0259","item":"https:\/\/www.meydan.tv\/az\/"},{"@type":"ListItem","position":2,"name":"Siyas\u0259t","item":"https:\/\/www.meydan.tv\/az\/section\/siyaset\/"},{"@type":"ListItem","position":3,"name":"M\u00fcs\u0259lman Birliyi H\u0259r\u0259kat\u0131n\u0131n daha bir \u00fczv\u00fcn\u00fcn saxlan\u0131ld\u0131\u011f\u0131 bildirilir"}]},{"@type":"WebSite","@id":"https:\/\/www.meydan.tv\/az\/#website","url":"https:\/\/www.meydan.tv\/az\/","name":"MEYDAN.TV","description":"Meydan TV Az\u0259rbaycan\u0131n media m\u0259kan\u0131ndak\u0131 alternativ s\u0259sidir","publisher":{"@id":"https:\/\/www.meydan.tv\/az\/#organization"},"potentialAction":[{"@type":"SearchAction","target":{"@type":"EntryPoint","urlTemplate":"https:\/\/www.meydan.tv\/az\/?s={search_term_string}"},"query-input":{"@type":"PropertyValueSpecification","valueRequired":true,"valueName":"search_term_string"}}],"inLanguage":"az"},{"@type":"Organization","@id":"https:\/\/www.meydan.tv\/az\/#organization","name":"Meydan TV","url":"https:\/\/www.meydan.tv\/az\/","logo":{"@type":"ImageObject","inLanguage":"az","@id":"https:\/\/www.meydan.tv\/az\/#\/schema\/logo\/image\/","url":"https:\/\/www.meydan.tv\/wp-content\/uploads\/2021\/07\/meydan-logo.svg","contentUrl":"https:\/\/www.meydan.tv\/wp-content\/uploads\/2021\/07\/meydan-logo.svg","width":195,"height":46,"caption":"Meydan TV"},"image":{"@id":"https:\/\/www.meydan.tv\/az\/#\/schema\/logo\/image\/"}},{"@type":"Person","@id":"https:\/\/www.meydan.tv\/az\/#\/schema\/person\/09863e516102a829e72bedcf3f84c6b0","name":"mahmud"}]}},"_links":{"self":[{"href":"https:\/\/www.meydan.tv\/az\/wp-json\/wp\/v2\/posts\/331776","targetHints":{"allow":["GET"]}}],"collection":[{"href":"https:\/\/www.meydan.tv\/az\/wp-json\/wp\/v2\/posts"}],"about":[{"href":"https:\/\/www.meydan.tv\/az\/wp-json\/wp\/v2\/types\/post"}],"author":[{"embeddable":true,"href":"https:\/\/www.meydan.tv\/az\/wp-json\/wp\/v2\/users\/21"}],"replies":[{"embeddable":true,"href":"https:\/\/www.meydan.tv\/az\/wp-json\/wp\/v2\/comments?post=331776"}],"version-history":[{"count":12,"href":"https:\/\/www.meydan.tv\/az\/wp-json\/wp\/v2\/posts\/331776\/revisions"}],"predecessor-version":[{"id":331786,"href":"https:\/\/www.meydan.tv\/az\/wp-json\/wp\/v2\/posts\/331776\/revisions\/331786"}],"wp:featuredmedia":[{"embeddable":true,"href":"https:\/\/www.meydan.tv\/az\/wp-json\/wp\/v2\/media\/331788"}],"wp:attachment":[{"href":"https:\/\/www.meydan.tv\/az\/wp-json\/wp\/v2\/media?parent=331776"}],"wp:term":[{"taxonomy":"category","embeddable":true,"href":"https:\/\/www.meydan.tv\/az\/wp-json\/wp\/v2\/categories?post=331776"},{"taxonomy":"post_tag","embeddable":true,"href":"https:\/\/www.meydan.tv\/az\/wp-json\/wp\/v2\/tags?post=331776"}],"curies":[{"name":"wp","href":"https:\/\/api.w.org\/{rel}","templated":true}]}}