{"id":331727,"date":"2025-06-10T19:26:03","date_gmt":"2025-06-10T15:26:03","guid":{"rendered":"https:\/\/www.meydan.tv\/?p=331727"},"modified":"2025-06-10T19:26:06","modified_gmt":"2025-06-10T15:26:06","slug":"gurcustanda-etnik-az%c9%99rbaycanlilar-rus-sonluqlu-soyadlardan-azad-olmaq-ucun-m%c9%99hk%c9%99m%c9%99y%c9%99-uz-tutub","status":"publish","type":"post","link":"https:\/\/www.meydan.tv\/az\/article\/gurcustanda-etnik-az%c9%99rbaycanlilar-rus-sonluqlu-soyadlardan-azad-olmaq-ucun-m%c9%99hk%c9%99m%c9%99y%c9%99-uz-tutub\/","title":{"rendered":"G\u00fcrc\u00fcstanda etnik az\u0259rbaycanl\u0131lar &#8220;rus sonluqlu&#8221; soyadlardan azad olmaq \u00fc\u00e7\u00fcn m\u0259hk\u0259m\u0259y\u0259 \u00fcz tutub"},"content":{"rendered":"\n<figure class=\"wp-block-embed is-type-video is-provider-youtube wp-block-embed-youtube wp-embed-aspect-16-9 wp-has-aspect-ratio\"><div class=\"wp-block-embed__wrapper\">\n<iframe title=\"G\u00fcrc\u00fcstanda etnik az\u0259rbaycanl\u0131lar &quot;rus sonluqlu&quot; soyadlardan azad olmaq ist\u0259yir\" width=\"1200\" height=\"675\" data-src=\"https:\/\/www.youtube.com\/embed\/f2bS96a01WE?feature=oembed\" frameborder=\"0\" allow=\"accelerometer; autoplay; clipboard-write; encrypted-media; gyroscope; picture-in-picture; web-share\" referrerpolicy=\"strict-origin-when-cross-origin\" allowfullscreen src=\"data:image\/svg+xml;base64,PHN2ZyB3aWR0aD0iMSIgaGVpZ2h0PSIxIiB4bWxucz0iaHR0cDovL3d3dy53My5vcmcvMjAwMC9zdmciPjwvc3ZnPg==\" class=\"lazyload\" data-load-mode=\"1\"><\/iframe>\n<\/div><\/figure>\n\n\n\n<!--more-->\n\n\n\n<p>\u0130yunun 4 v\u0259 5-d\u0259 G\u00fcrc\u00fcstan\u0131n Konstitusiya m\u0259hk\u0259m\u0259sind\u0259 rus sonluqlu soyadlar\u0131n\u0131n d\u0259yi\u015fdirilm\u0259si il\u0259 ba\u011fl\u0131 m\u0259hk\u0259m\u0259 ke\u00e7irilib. <br><br>\u201cSoyad\u0131m\u0131 qaytar\u201d kampaniyas\u0131 h\u0259l\u0259 2020-ci ild\u0259 milli v\u0259 dini azl\u0131qlar\u0131n \u201cSalam&#8221; platformas\u0131 qeyri-h\u00f6kum\u0259t t\u0259\u015fkilat\u0131n\u0131n&nbsp; t\u0259\u015f\u0259bb\u00fcs\u00fc il\u0259 ba\u015flad\u0131l\u0131b. 2021-ci ild\u0259 is\u0259 45 g\u00fcn \u0259rzind\u0259 soyadlar\u0131n\u0131n d\u0259yi\u015fdirilm\u0259si il\u0259 ba\u011fl\u0131 27 min imza toplanaraq, parlament\u0259 t\u0259qdim olunub.<\/p>\n\n\n\n<p>Parlament&nbsp; imzalar\u0131n say\u0131n\u0131n yet\u0259rli olmad\u0131\u011f\u0131n\u0131 bildir\u0259r\u0259k, t\u0259\u015f\u0259bb\u00fcs\u00fc qeydiyyata almaqdan imtina edib. Bundan sonra \u201cSalam\u201d platformas\u0131 m\u0259hk\u0259m\u0259y\u0259 \u00fcz tutmaq q\u0259rar\u0131na g\u0259lib.<\/p>\n","protected":false},"excerpt":{"rendered":"","protected":false},"author":12,"featured_media":331728,"comment_status":"closed","ping_status":"closed","sticky":false,"template":"","format":"standard","meta":{"_acf_changed":false,"_sitemap_exclude":false,"_sitemap_priority":"","_sitemap_frequency":"","footnotes":""},"categories":[64,63,56],"tags":[],"class_list":["post-331727","post","type-post","status-publish","format-standard","has-post-thumbnail","hentry","category-dunya","category-video-2","category-xeberler","infinite-scroll-item","generate-columns","tablet-grid-50","mobile-grid-100","grid-parent","grid-33","no-featured-image-padding"],"acf":[],"yoast_head":"<!-- This site is optimized with the Yoast SEO plugin v27.4 - https:\/\/yoast.com\/product\/yoast-seo-wordpress\/ -->\n<title>G\u00fcrc\u00fcstanda etnik az\u0259rbaycanl\u0131lar &quot;rus sonluqlu&quot; soyadlardan azad olmaq \u00fc\u00e7\u00fcn m\u0259hk\u0259m\u0259y\u0259 \u00fcz tutub - MEYDAN.TV<\/title>\n<meta name=\"robots\" content=\"index, follow, max-snippet:-1, max-image-preview:large, max-video-preview:-1\" \/>\n<link rel=\"canonical\" href=\"https:\/\/www.meydan.tv\/az\/article\/gurcustanda-etnik-az%c9%99rbaycanlilar-rus-sonluqlu-soyadlardan-azad-olmaq-ucun-m%c9%99hk%c9%99m%c9%99y%c9%99-uz-tutub\/\" \/>\n<meta property=\"og:locale\" content=\"az_AZ\" \/>\n<meta property=\"og:type\" content=\"article\" \/>\n<meta property=\"og:title\" content=\"G\u00fcrc\u00fcstanda etnik az\u0259rbaycanl\u0131lar &quot;rus sonluqlu&quot; soyadlardan azad olmaq \u00fc\u00e7\u00fcn m\u0259hk\u0259m\u0259y\u0259 \u00fcz tutub - MEYDAN.TV\" \/>\n<meta property=\"og:url\" content=\"https:\/\/www.meydan.tv\/az\/article\/gurcustanda-etnik-az%c9%99rbaycanlilar-rus-sonluqlu-soyadlardan-azad-olmaq-ucun-m%c9%99hk%c9%99m%c9%99y%c9%99-uz-tutub\/\" \/>\n<meta property=\"og:site_name\" content=\"MEYDAN.TV\" \/>\n<meta property=\"article:published_time\" content=\"2025-06-10T15:26:03+00:00\" \/>\n<meta property=\"article:modified_time\" content=\"2025-06-10T15:26:06+00:00\" \/>\n<meta property=\"og:image\" content=\"https:\/\/www.meydan.tv\/wp-content\/uploads\/screenshot-2025-06-10-at-17.10.38-1200x627.png\" \/>\n\t<meta property=\"og:image:width\" content=\"1200\" \/>\n\t<meta property=\"og:image:height\" content=\"627\" \/>\n\t<meta property=\"og:image:type\" content=\"image\/png\" \/>\n<meta name=\"author\" content=\"aleks\" \/>\n<meta name=\"twitter:card\" content=\"summary_large_image\" \/>\n<script type=\"application\/ld+json\" class=\"yoast-schema-graph\">{\"@context\":\"https:\\\/\\\/schema.org\",\"@graph\":[{\"@type\":\"Article\",\"@id\":\"https:\\\/\\\/www.meydan.tv\\\/az\\\/article\\\/gurcustanda-etnik-az%c9%99rbaycanlilar-rus-sonluqlu-soyadlardan-azad-olmaq-ucun-m%c9%99hk%c9%99m%c9%99y%c9%99-uz-tutub\\\/#article\",\"isPartOf\":{\"@id\":\"https:\\\/\\\/www.meydan.tv\\\/az\\\/article\\\/gurcustanda-etnik-az%c9%99rbaycanlilar-rus-sonluqlu-soyadlardan-azad-olmaq-ucun-m%c9%99hk%c9%99m%c9%99y%c9%99-uz-tutub\\\/\"},\"author\":{\"name\":\"aleks\",\"@id\":\"https:\\\/\\\/www.meydan.tv\\\/az\\\/#\\\/schema\\\/person\\\/476e9360e593fa131d5d71d51866f8da\"},\"headline\":\"G\u00fcrc\u00fcstanda etnik az\u0259rbaycanl\u0131lar &#8220;rus sonluqlu&#8221; soyadlardan azad olmaq \u00fc\u00e7\u00fcn m\u0259hk\u0259m\u0259y\u0259 \u00fcz tutub\",\"datePublished\":\"2025-06-10T15:26:03+00:00\",\"dateModified\":\"2025-06-10T15:26:06+00:00\",\"mainEntityOfPage\":{\"@id\":\"https:\\\/\\\/www.meydan.tv\\\/az\\\/article\\\/gurcustanda-etnik-az%c9%99rbaycanlilar-rus-sonluqlu-soyadlardan-azad-olmaq-ucun-m%c9%99hk%c9%99m%c9%99y%c9%99-uz-tutub\\\/\"},\"wordCount\":146,\"publisher\":{\"@id\":\"https:\\\/\\\/www.meydan.tv\\\/az\\\/#organization\"},\"image\":{\"@id\":\"https:\\\/\\\/www.meydan.tv\\\/az\\\/article\\\/gurcustanda-etnik-az%c9%99rbaycanlilar-rus-sonluqlu-soyadlardan-azad-olmaq-ucun-m%c9%99hk%c9%99m%c9%99y%c9%99-uz-tutub\\\/#primaryimage\"},\"thumbnailUrl\":\"https:\\\/\\\/www.meydan.tv\\\/wp-content\\\/uploads\\\/screenshot-2025-06-10-at-17.10.38.png\",\"articleSection\":[\"D\u00fcnya\",\"Video\",\"X\u0259b\u0259rl\u0259r\"],\"inLanguage\":\"az\"},{\"@type\":\"WebPage\",\"@id\":\"https:\\\/\\\/www.meydan.tv\\\/az\\\/article\\\/gurcustanda-etnik-az%c9%99rbaycanlilar-rus-sonluqlu-soyadlardan-azad-olmaq-ucun-m%c9%99hk%c9%99m%c9%99y%c9%99-uz-tutub\\\/\",\"url\":\"https:\\\/\\\/www.meydan.tv\\\/az\\\/article\\\/gurcustanda-etnik-az%c9%99rbaycanlilar-rus-sonluqlu-soyadlardan-azad-olmaq-ucun-m%c9%99hk%c9%99m%c9%99y%c9%99-uz-tutub\\\/\",\"name\":\"G\u00fcrc\u00fcstanda etnik az\u0259rbaycanl\u0131lar \\\"rus sonluqlu\\\" soyadlardan azad olmaq \u00fc\u00e7\u00fcn m\u0259hk\u0259m\u0259y\u0259 \u00fcz tutub - MEYDAN.TV\",\"isPartOf\":{\"@id\":\"https:\\\/\\\/www.meydan.tv\\\/az\\\/#website\"},\"primaryImageOfPage\":{\"@id\":\"https:\\\/\\\/www.meydan.tv\\\/az\\\/article\\\/gurcustanda-etnik-az%c9%99rbaycanlilar-rus-sonluqlu-soyadlardan-azad-olmaq-ucun-m%c9%99hk%c9%99m%c9%99y%c9%99-uz-tutub\\\/#primaryimage\"},\"image\":{\"@id\":\"https:\\\/\\\/www.meydan.tv\\\/az\\\/article\\\/gurcustanda-etnik-az%c9%99rbaycanlilar-rus-sonluqlu-soyadlardan-azad-olmaq-ucun-m%c9%99hk%c9%99m%c9%99y%c9%99-uz-tutub\\\/#primaryimage\"},\"thumbnailUrl\":\"https:\\\/\\\/www.meydan.tv\\\/wp-content\\\/uploads\\\/screenshot-2025-06-10-at-17.10.38.png\",\"datePublished\":\"2025-06-10T15:26:03+00:00\",\"dateModified\":\"2025-06-10T15:26:06+00:00\",\"breadcrumb\":{\"@id\":\"https:\\\/\\\/www.meydan.tv\\\/az\\\/article\\\/gurcustanda-etnik-az%c9%99rbaycanlilar-rus-sonluqlu-soyadlardan-azad-olmaq-ucun-m%c9%99hk%c9%99m%c9%99y%c9%99-uz-tutub\\\/#breadcrumb\"},\"inLanguage\":\"az\",\"potentialAction\":[{\"@type\":\"ReadAction\",\"target\":[\"https:\\\/\\\/www.meydan.tv\\\/az\\\/article\\\/gurcustanda-etnik-az%c9%99rbaycanlilar-rus-sonluqlu-soyadlardan-azad-olmaq-ucun-m%c9%99hk%c9%99m%c9%99y%c9%99-uz-tutub\\\/\"]}]},{\"@type\":\"ImageObject\",\"inLanguage\":\"az\",\"@id\":\"https:\\\/\\\/www.meydan.tv\\\/az\\\/article\\\/gurcustanda-etnik-az%c9%99rbaycanlilar-rus-sonluqlu-soyadlardan-azad-olmaq-ucun-m%c9%99hk%c9%99m%c9%99y%c9%99-uz-tutub\\\/#primaryimage\",\"url\":\"https:\\\/\\\/www.meydan.tv\\\/wp-content\\\/uploads\\\/screenshot-2025-06-10-at-17.10.38.png\",\"contentUrl\":\"https:\\\/\\\/www.meydan.tv\\\/wp-content\\\/uploads\\\/screenshot-2025-06-10-at-17.10.38.png\",\"width\":1886,\"height\":986},{\"@type\":\"BreadcrumbList\",\"@id\":\"https:\\\/\\\/www.meydan.tv\\\/az\\\/article\\\/gurcustanda-etnik-az%c9%99rbaycanlilar-rus-sonluqlu-soyadlardan-azad-olmaq-ucun-m%c9%99hk%c9%99m%c9%99y%c9%99-uz-tutub\\\/#breadcrumb\",\"itemListElement\":[{\"@type\":\"ListItem\",\"position\":1,\"name\":\"Ana s\u0259hif\u0259\",\"item\":\"https:\\\/\\\/www.meydan.tv\\\/az\\\/\"},{\"@type\":\"ListItem\",\"position\":2,\"name\":\"X\u0259b\u0259rl\u0259r\",\"item\":\"https:\\\/\\\/www.meydan.tv\\\/az\\\/section\\\/xeberler\\\/\"},{\"@type\":\"ListItem\",\"position\":3,\"name\":\"G\u00fcrc\u00fcstanda etnik az\u0259rbaycanl\u0131lar &#8220;rus sonluqlu&#8221; soyadlardan azad olmaq \u00fc\u00e7\u00fcn m\u0259hk\u0259m\u0259y\u0259 \u00fcz tutub\"}]},{\"@type\":\"WebSite\",\"@id\":\"https:\\\/\\\/www.meydan.tv\\\/az\\\/#website\",\"url\":\"https:\\\/\\\/www.meydan.tv\\\/az\\\/\",\"name\":\"MEYDAN.TV\",\"description\":\"Meydan TV Az\u0259rbaycan\u0131n media m\u0259kan\u0131ndak\u0131 alternativ s\u0259sidir\",\"publisher\":{\"@id\":\"https:\\\/\\\/www.meydan.tv\\\/az\\\/#organization\"},\"potentialAction\":[{\"@type\":\"SearchAction\",\"target\":{\"@type\":\"EntryPoint\",\"urlTemplate\":\"https:\\\/\\\/www.meydan.tv\\\/az\\\/?s={search_term_string}\"},\"query-input\":{\"@type\":\"PropertyValueSpecification\",\"valueRequired\":true,\"valueName\":\"search_term_string\"}}],\"inLanguage\":\"az\"},{\"@type\":\"Organization\",\"@id\":\"https:\\\/\\\/www.meydan.tv\\\/az\\\/#organization\",\"name\":\"Meydan TV\",\"url\":\"https:\\\/\\\/www.meydan.tv\\\/az\\\/\",\"logo\":{\"@type\":\"ImageObject\",\"inLanguage\":\"az\",\"@id\":\"https:\\\/\\\/www.meydan.tv\\\/az\\\/#\\\/schema\\\/logo\\\/image\\\/\",\"url\":\"https:\\\/\\\/www.meydan.tv\\\/wp-content\\\/uploads\\\/2021\\\/07\\\/meydan-logo.svg\",\"contentUrl\":\"https:\\\/\\\/www.meydan.tv\\\/wp-content\\\/uploads\\\/2021\\\/07\\\/meydan-logo.svg\",\"width\":195,\"height\":46,\"caption\":\"Meydan TV\"},\"image\":{\"@id\":\"https:\\\/\\\/www.meydan.tv\\\/az\\\/#\\\/schema\\\/logo\\\/image\\\/\"}},{\"@type\":\"Person\",\"@id\":\"https:\\\/\\\/www.meydan.tv\\\/az\\\/#\\\/schema\\\/person\\\/476e9360e593fa131d5d71d51866f8da\",\"name\":\"aleks\"}]}<\/script>\n<!-- \/ Yoast SEO plugin. -->","yoast_head_json":{"title":"G\u00fcrc\u00fcstanda etnik az\u0259rbaycanl\u0131lar \"rus sonluqlu\" soyadlardan azad olmaq \u00fc\u00e7\u00fcn m\u0259hk\u0259m\u0259y\u0259 \u00fcz tutub - MEYDAN.TV","robots":{"index":"index","follow":"follow","max-snippet":"max-snippet:-1","max-image-preview":"max-image-preview:large","max-video-preview":"max-video-preview:-1"},"canonical":"https:\/\/www.meydan.tv\/az\/article\/gurcustanda-etnik-az%c9%99rbaycanlilar-rus-sonluqlu-soyadlardan-azad-olmaq-ucun-m%c9%99hk%c9%99m%c9%99y%c9%99-uz-tutub\/","og_locale":"az_AZ","og_type":"article","og_title":"G\u00fcrc\u00fcstanda etnik az\u0259rbaycanl\u0131lar \"rus sonluqlu\" soyadlardan azad olmaq \u00fc\u00e7\u00fcn m\u0259hk\u0259m\u0259y\u0259 \u00fcz tutub - MEYDAN.TV","og_url":"https:\/\/www.meydan.tv\/az\/article\/gurcustanda-etnik-az%c9%99rbaycanlilar-rus-sonluqlu-soyadlardan-azad-olmaq-ucun-m%c9%99hk%c9%99m%c9%99y%c9%99-uz-tutub\/","og_site_name":"MEYDAN.TV","article_published_time":"2025-06-10T15:26:03+00:00","article_modified_time":"2025-06-10T15:26:06+00:00","og_image":[{"width":1200,"height":627,"url":"https:\/\/www.meydan.tv\/wp-content\/uploads\/screenshot-2025-06-10-at-17.10.38-1200x627.png","type":"image\/png"}],"author":"aleks","twitter_card":"summary_large_image","schema":{"@context":"https:\/\/schema.org","@graph":[{"@type":"Article","@id":"https:\/\/www.meydan.tv\/az\/article\/gurcustanda-etnik-az%c9%99rbaycanlilar-rus-sonluqlu-soyadlardan-azad-olmaq-ucun-m%c9%99hk%c9%99m%c9%99y%c9%99-uz-tutub\/#article","isPartOf":{"@id":"https:\/\/www.meydan.tv\/az\/article\/gurcustanda-etnik-az%c9%99rbaycanlilar-rus-sonluqlu-soyadlardan-azad-olmaq-ucun-m%c9%99hk%c9%99m%c9%99y%c9%99-uz-tutub\/"},"author":{"name":"aleks","@id":"https:\/\/www.meydan.tv\/az\/#\/schema\/person\/476e9360e593fa131d5d71d51866f8da"},"headline":"G\u00fcrc\u00fcstanda etnik az\u0259rbaycanl\u0131lar &#8220;rus sonluqlu&#8221; soyadlardan azad olmaq \u00fc\u00e7\u00fcn m\u0259hk\u0259m\u0259y\u0259 \u00fcz tutub","datePublished":"2025-06-10T15:26:03+00:00","dateModified":"2025-06-10T15:26:06+00:00","mainEntityOfPage":{"@id":"https:\/\/www.meydan.tv\/az\/article\/gurcustanda-etnik-az%c9%99rbaycanlilar-rus-sonluqlu-soyadlardan-azad-olmaq-ucun-m%c9%99hk%c9%99m%c9%99y%c9%99-uz-tutub\/"},"wordCount":146,"publisher":{"@id":"https:\/\/www.meydan.tv\/az\/#organization"},"image":{"@id":"https:\/\/www.meydan.tv\/az\/article\/gurcustanda-etnik-az%c9%99rbaycanlilar-rus-sonluqlu-soyadlardan-azad-olmaq-ucun-m%c9%99hk%c9%99m%c9%99y%c9%99-uz-tutub\/#primaryimage"},"thumbnailUrl":"https:\/\/www.meydan.tv\/wp-content\/uploads\/screenshot-2025-06-10-at-17.10.38.png","articleSection":["D\u00fcnya","Video","X\u0259b\u0259rl\u0259r"],"inLanguage":"az"},{"@type":"WebPage","@id":"https:\/\/www.meydan.tv\/az\/article\/gurcustanda-etnik-az%c9%99rbaycanlilar-rus-sonluqlu-soyadlardan-azad-olmaq-ucun-m%c9%99hk%c9%99m%c9%99y%c9%99-uz-tutub\/","url":"https:\/\/www.meydan.tv\/az\/article\/gurcustanda-etnik-az%c9%99rbaycanlilar-rus-sonluqlu-soyadlardan-azad-olmaq-ucun-m%c9%99hk%c9%99m%c9%99y%c9%99-uz-tutub\/","name":"G\u00fcrc\u00fcstanda etnik az\u0259rbaycanl\u0131lar \"rus sonluqlu\" soyadlardan azad olmaq \u00fc\u00e7\u00fcn m\u0259hk\u0259m\u0259y\u0259 \u00fcz tutub - MEYDAN.TV","isPartOf":{"@id":"https:\/\/www.meydan.tv\/az\/#website"},"primaryImageOfPage":{"@id":"https:\/\/www.meydan.tv\/az\/article\/gurcustanda-etnik-az%c9%99rbaycanlilar-rus-sonluqlu-soyadlardan-azad-olmaq-ucun-m%c9%99hk%c9%99m%c9%99y%c9%99-uz-tutub\/#primaryimage"},"image":{"@id":"https:\/\/www.meydan.tv\/az\/article\/gurcustanda-etnik-az%c9%99rbaycanlilar-rus-sonluqlu-soyadlardan-azad-olmaq-ucun-m%c9%99hk%c9%99m%c9%99y%c9%99-uz-tutub\/#primaryimage"},"thumbnailUrl":"https:\/\/www.meydan.tv\/wp-content\/uploads\/screenshot-2025-06-10-at-17.10.38.png","datePublished":"2025-06-10T15:26:03+00:00","dateModified":"2025-06-10T15:26:06+00:00","breadcrumb":{"@id":"https:\/\/www.meydan.tv\/az\/article\/gurcustanda-etnik-az%c9%99rbaycanlilar-rus-sonluqlu-soyadlardan-azad-olmaq-ucun-m%c9%99hk%c9%99m%c9%99y%c9%99-uz-tutub\/#breadcrumb"},"inLanguage":"az","potentialAction":[{"@type":"ReadAction","target":["https:\/\/www.meydan.tv\/az\/article\/gurcustanda-etnik-az%c9%99rbaycanlilar-rus-sonluqlu-soyadlardan-azad-olmaq-ucun-m%c9%99hk%c9%99m%c9%99y%c9%99-uz-tutub\/"]}]},{"@type":"ImageObject","inLanguage":"az","@id":"https:\/\/www.meydan.tv\/az\/article\/gurcustanda-etnik-az%c9%99rbaycanlilar-rus-sonluqlu-soyadlardan-azad-olmaq-ucun-m%c9%99hk%c9%99m%c9%99y%c9%99-uz-tutub\/#primaryimage","url":"https:\/\/www.meydan.tv\/wp-content\/uploads\/screenshot-2025-06-10-at-17.10.38.png","contentUrl":"https:\/\/www.meydan.tv\/wp-content\/uploads\/screenshot-2025-06-10-at-17.10.38.png","width":1886,"height":986},{"@type":"BreadcrumbList","@id":"https:\/\/www.meydan.tv\/az\/article\/gurcustanda-etnik-az%c9%99rbaycanlilar-rus-sonluqlu-soyadlardan-azad-olmaq-ucun-m%c9%99hk%c9%99m%c9%99y%c9%99-uz-tutub\/#breadcrumb","itemListElement":[{"@type":"ListItem","position":1,"name":"Ana s\u0259hif\u0259","item":"https:\/\/www.meydan.tv\/az\/"},{"@type":"ListItem","position":2,"name":"X\u0259b\u0259rl\u0259r","item":"https:\/\/www.meydan.tv\/az\/section\/xeberler\/"},{"@type":"ListItem","position":3,"name":"G\u00fcrc\u00fcstanda etnik az\u0259rbaycanl\u0131lar &#8220;rus sonluqlu&#8221; soyadlardan azad olmaq \u00fc\u00e7\u00fcn m\u0259hk\u0259m\u0259y\u0259 \u00fcz tutub"}]},{"@type":"WebSite","@id":"https:\/\/www.meydan.tv\/az\/#website","url":"https:\/\/www.meydan.tv\/az\/","name":"MEYDAN.TV","description":"Meydan TV Az\u0259rbaycan\u0131n media m\u0259kan\u0131ndak\u0131 alternativ s\u0259sidir","publisher":{"@id":"https:\/\/www.meydan.tv\/az\/#organization"},"potentialAction":[{"@type":"SearchAction","target":{"@type":"EntryPoint","urlTemplate":"https:\/\/www.meydan.tv\/az\/?s={search_term_string}"},"query-input":{"@type":"PropertyValueSpecification","valueRequired":true,"valueName":"search_term_string"}}],"inLanguage":"az"},{"@type":"Organization","@id":"https:\/\/www.meydan.tv\/az\/#organization","name":"Meydan TV","url":"https:\/\/www.meydan.tv\/az\/","logo":{"@type":"ImageObject","inLanguage":"az","@id":"https:\/\/www.meydan.tv\/az\/#\/schema\/logo\/image\/","url":"https:\/\/www.meydan.tv\/wp-content\/uploads\/2021\/07\/meydan-logo.svg","contentUrl":"https:\/\/www.meydan.tv\/wp-content\/uploads\/2021\/07\/meydan-logo.svg","width":195,"height":46,"caption":"Meydan TV"},"image":{"@id":"https:\/\/www.meydan.tv\/az\/#\/schema\/logo\/image\/"}},{"@type":"Person","@id":"https:\/\/www.meydan.tv\/az\/#\/schema\/person\/476e9360e593fa131d5d71d51866f8da","name":"aleks"}]}},"_links":{"self":[{"href":"https:\/\/www.meydan.tv\/az\/wp-json\/wp\/v2\/posts\/331727","targetHints":{"allow":["GET"]}}],"collection":[{"href":"https:\/\/www.meydan.tv\/az\/wp-json\/wp\/v2\/posts"}],"about":[{"href":"https:\/\/www.meydan.tv\/az\/wp-json\/wp\/v2\/types\/post"}],"author":[{"embeddable":true,"href":"https:\/\/www.meydan.tv\/az\/wp-json\/wp\/v2\/users\/12"}],"replies":[{"embeddable":true,"href":"https:\/\/www.meydan.tv\/az\/wp-json\/wp\/v2\/comments?post=331727"}],"version-history":[{"count":9,"href":"https:\/\/www.meydan.tv\/az\/wp-json\/wp\/v2\/posts\/331727\/revisions"}],"predecessor-version":[{"id":331739,"href":"https:\/\/www.meydan.tv\/az\/wp-json\/wp\/v2\/posts\/331727\/revisions\/331739"}],"wp:featuredmedia":[{"embeddable":true,"href":"https:\/\/www.meydan.tv\/az\/wp-json\/wp\/v2\/media\/331728"}],"wp:attachment":[{"href":"https:\/\/www.meydan.tv\/az\/wp-json\/wp\/v2\/media?parent=331727"}],"wp:term":[{"taxonomy":"category","embeddable":true,"href":"https:\/\/www.meydan.tv\/az\/wp-json\/wp\/v2\/categories?post=331727"},{"taxonomy":"post_tag","embeddable":true,"href":"https:\/\/www.meydan.tv\/az\/wp-json\/wp\/v2\/tags?post=331727"}],"curies":[{"name":"wp","href":"https:\/\/api.w.org\/{rel}","templated":true}]}}