{"id":331688,"date":"2025-06-10T15:49:09","date_gmt":"2025-06-10T11:49:09","guid":{"rendered":"https:\/\/www.meydan.tv\/?p=331688"},"modified":"2025-06-10T15:49:12","modified_gmt":"2025-06-10T11:49:12","slug":"axcp-f%c9%99ali-umumi-rejimli-c%c9%99zac%c9%99km%c9%99-mu%c9%99ssis%c9%99sin%c9%99-kocurulmur","status":"publish","type":"post","link":"https:\/\/www.meydan.tv\/az\/article\/axcp-f%c9%99ali-umumi-rejimli-c%c9%99zac%c9%99km%c9%99-mu%c9%99ssis%c9%99sin%c9%99-kocurulmur\/","title":{"rendered":"AXCP f\u0259al\u0131 \u00fcmumi rejimli c\u0259za\u00e7\u0259km\u0259 m\u00fc\u0259ssis\u0259sin\u0259 k\u00f6\u00e7\u00fcr\u00fclm\u00fcr"},"content":{"rendered":"\n<p><strong><em>Bac\u0131s\u0131 deyir ki, qarda\u015f\u0131 haqda h\u00f6km mart\u0131n 7-d\u0259 q\u00fcvv\u0259y\u0259 mins\u0259 d\u0259, o h\u0259l\u0259 d\u0259 Umbak\u0131 Penitensiar M\u00fc\u0259ssis\u0259sind\u0259 saxlan\u0131l\u0131r<\/em><\/strong><\/p>\n\n\n\n<p>Az\u0259rbaycan Xalq C\u0259bh\u0259si Partiyas\u0131n\u0131n (AXCP-nin) Da\u015fk\u0259s\u0259n \u015f\u00f6b\u0259sinin s\u0259dri Sahib M\u0259mm\u0259dzad\u0259 \u00fcmumi rejimli c\u0259za\u00e7\u0259km\u0259 m\u00fc\u0259ssis\u0259sin\u0259 k\u00f6\u00e7\u00fcr\u00fclm\u00fcr.<\/p>\n\n\n\n<p>Bu bar\u0259d\u0259 onun bac\u0131s\u0131 Tacir\u0259 M\u0259mm\u0259dzad\u0259 &#8220;Azadl\u0131q&#8221; radiosuna <a href=\"https:\/\/www.azadliq.org\/a\/sahib-memmedzade\/33438059.html\" target=\"_blank\" rel=\"noreferrer noopener\">dan\u0131\u015f\u0131b<\/a>. <\/p>\n\n\n\n<p>Onun s\u00f6zl\u0259rin\u0259 g\u00f6r\u0259, qarda\u015f\u0131 haqq\u0131nda m\u0259hk\u0259m\u0259 h\u00f6km\u00fcnd\u0259 ona verilmi\u015f 3 il 6 ayl\u0131q c\u0259zan\u0131n \u00fcmumi rejimli c\u0259za\u00e7\u0259km\u0259 m\u00fc\u0259ssis\u0259sind\u0259 \u00e7\u0259kilm\u0259li oldu\u011fu yaz\u0131l\u0131b. Mart\u0131n 7-d\u0259 Apellyasiya m\u0259hk\u0259m\u0259sinin q\u0259rar\u0131 \u00e7\u0131x\u0131b v\u0259 h\u00f6km q\u00fcvv\u0259y\u0259 minib. Amma buna baxmayaraq Sahib M\u0259mm\u0259dzad\u0259ni indiy\u0259d\u0259k c\u0259za\u00e7\u0259km\u0259 m\u00fc\u0259ssis\u0259sin\u0259 k\u00f6\u00e7\u00fcrm\u0259yibl\u0259r. Qarda\u015f\u0131 h\u0259l\u0259 d\u0259 Umbak\u0131 Penitensiar M\u00fc\u0259ssis\u0259sind\u0259 saxlan\u0131l\u0131r:<\/p>\n\n\n\n<p><em>&#8220;G\u00fcnd\u0259 c\u0259mi iki saat havaya \u00e7\u0131xa bilir. Niy\u0259? Onu ikin\u0259f\u0259rlik kamerada saxlay\u0131rlar. Bir m\u00fcdd\u0259t \u0259vv\u0259l yan\u0131na t\u0259xribat\u00e7\u0131 salm\u0131\u015fd\u0131lar. Onu t\u0259xribata \u00e7\u0259km\u0259y\u0259 \u00e7al\u0131\u015f\u0131rd\u0131. Sahib d\u0259 ba\u015fa d\u00fc\u015fm\u00fc\u015fd\u00fc, ona ba\u015f qo\u015fmurdu. T\u0259rt\u0259miz adam\u0131 narkotikl\u0259 \u015f\u0259rl\u0259yib ail\u0259sind\u0259n ay\u0131r\u0131blar, bununla \u00fcr\u0259kl\u0259ri soyumur&#8221;.<\/em><\/p>\n\n\n\n<p>Bac\u0131s\u0131 bildirib ki, qarda\u015f\u0131n\u0131n haz\u0131rda saxland\u0131\u011f\u0131 \u015f\u0259rait \u00fcmumi rejimli c\u0259za\u00e7\u0259km\u0259 m\u00fc\u0259ssis\u0259sinin \u015f\u0259rtl\u0259rin\u0259 ziddir. H\u00f6kmd\u0259 g\u00f6st\u0259rildiyi rejimd\u0259 saxlansa, b\u00fct\u00fcn g\u00fcn\u00fc havada ola bil\u0259r.<\/p>\n\n\n\n<p>Penitensiar Xidm\u0259t Tacir\u0259 M\u0259mm\u0259dzad\u0259nin dedikl\u0259rin\u0259 h\u0259l\u0259lik m\u00fcnasib\u0259t bildirm\u0259yib.<\/p>\n\n\n\n<p>35 ya\u015fl\u0131 Sahib M\u0259mm\u0259dzad\u0259 \u00f6t\u0259n il mart\u0131n 18-d\u0259 tutulub v\u0259 ona qar\u015f\u0131 Cinay\u0259t M\u0259c\u0259ll\u0259sinin 234.4.3-c\u00fc (sat\u0131\u015f m\u0259qs\u0259dil\u0259 narkotik \u0259ld\u0259 etm\u0259, da\u015f\u0131ma, saxlama) madd\u0259sil\u0259 ittiham ir\u0259li s\u00fcr\u00fcl\u00fcb.<\/p>\n\n\n\n<p>Lakin Sahib M\u0259mm\u0259dzad\u0259 ittiham\u0131 q\u0259bul etmir, istintaqdak\u0131 ifad\u0259sind\u0259 d\u0259 bildirib ki, cibind\u0259n tap\u0131ld\u0131\u011f\u0131 iddia olunan narkotikin ona aidiyy\u0259ti yoxdur.<\/p>\n\n\n\n<p>O, 3 il 6 ay azadl\u0131qdan m\u0259hrum edilib.<\/p>\n","protected":false},"excerpt":{"rendered":"<p>Bac\u0131s\u0131 deyir ki, qarda\u015f\u0131 haqda h\u00f6km mart\u0131n 7-d\u0259 q\u00fcvv\u0259y\u0259 mins\u0259 &#8230; <\/p>\n<p class=\"read-more-container\"><a title=\"AXCP f\u0259al\u0131 \u00fcmumi rejimli c\u0259za\u00e7\u0259km\u0259 m\u00fc\u0259ssis\u0259sin\u0259 k\u00f6\u00e7\u00fcr\u00fclm\u00fcr\" class=\"read-more button\" href=\"https:\/\/www.meydan.tv\/az\/article\/axcp-f%c9%99ali-umumi-rejimli-c%c9%99zac%c9%99km%c9%99-mu%c9%99ssis%c9%99sin%c9%99-kocurulmur\/#more-331688\" aria-label=\"Read more about AXCP f\u0259al\u0131 \u00fcmumi rejimli c\u0259za\u00e7\u0259km\u0259 m\u00fc\u0259ssis\u0259sin\u0259 k\u00f6\u00e7\u00fcr\u00fclm\u00fcr\">Davam\u0131<\/a><\/p>\n","protected":false},"author":21,"featured_media":301488,"comment_status":"closed","ping_status":"closed","sticky":false,"template":"","format":"standard","meta":{"_acf_changed":false,"_sitemap_exclude":false,"_sitemap_priority":"","_sitemap_frequency":"","footnotes":""},"categories":[59,56],"tags":[],"class_list":["post-331688","post","type-post","status-publish","format-standard","has-post-thumbnail","hentry","category-siyaset","category-xeberler","infinite-scroll-item","generate-columns","tablet-grid-50","mobile-grid-100","grid-parent","grid-33","no-featured-image-padding"],"acf":[],"yoast_head":"<!-- This site is optimized with the Yoast SEO plugin v27.5 - https:\/\/yoast.com\/product\/yoast-seo-wordpress\/ -->\n<title>AXCP f\u0259al\u0131 \u00fcmumi rejimli c\u0259za\u00e7\u0259km\u0259 m\u00fc\u0259ssis\u0259sin\u0259 k\u00f6\u00e7\u00fcr\u00fclm\u00fcr - MEYDAN.TV<\/title>\n<meta name=\"robots\" content=\"index, follow, max-snippet:-1, max-image-preview:large, max-video-preview:-1\" \/>\n<link rel=\"canonical\" href=\"https:\/\/www.meydan.tv\/az\/article\/axcp-f%c9%99ali-umumi-rejimli-c%c9%99zac%c9%99km%c9%99-mu%c9%99ssis%c9%99sin%c9%99-kocurulmur\/\" \/>\n<meta property=\"og:locale\" content=\"az_AZ\" \/>\n<meta property=\"og:type\" content=\"article\" \/>\n<meta property=\"og:title\" content=\"AXCP f\u0259al\u0131 \u00fcmumi rejimli c\u0259za\u00e7\u0259km\u0259 m\u00fc\u0259ssis\u0259sin\u0259 k\u00f6\u00e7\u00fcr\u00fclm\u00fcr - MEYDAN.TV\" \/>\n<meta property=\"og:description\" content=\"Bac\u0131s\u0131 deyir ki, qarda\u015f\u0131 haqda h\u00f6km mart\u0131n 7-d\u0259 q\u00fcvv\u0259y\u0259 mins\u0259 ... Davam\u0131\" \/>\n<meta property=\"og:url\" content=\"https:\/\/www.meydan.tv\/az\/article\/axcp-f%c9%99ali-umumi-rejimli-c%c9%99zac%c9%99km%c9%99-mu%c9%99ssis%c9%99sin%c9%99-kocurulmur\/\" \/>\n<meta property=\"og:site_name\" content=\"MEYDAN.TV\" \/>\n<meta property=\"article:published_time\" content=\"2025-06-10T11:49:09+00:00\" \/>\n<meta property=\"article:modified_time\" content=\"2025-06-10T11:49:12+00:00\" \/>\n<meta property=\"og:image\" content=\"https:\/\/www.meydan.tv\/wp-content\/uploads\/sahib-memmedzade-esas-e1710837645538.jpg\" \/>\n\t<meta property=\"og:image:width\" content=\"1200\" \/>\n\t<meta property=\"og:image:height\" content=\"592\" \/>\n\t<meta property=\"og:image:type\" content=\"image\/jpeg\" \/>\n<meta name=\"author\" content=\"mahmud\" \/>\n<meta name=\"twitter:card\" content=\"summary_large_image\" \/>\n<script type=\"application\/ld+json\" class=\"yoast-schema-graph\">{\"@context\":\"https:\\\/\\\/schema.org\",\"@graph\":[{\"@type\":\"Article\",\"@id\":\"https:\\\/\\\/www.meydan.tv\\\/az\\\/article\\\/axcp-f%c9%99ali-umumi-rejimli-c%c9%99zac%c9%99km%c9%99-mu%c9%99ssis%c9%99sin%c9%99-kocurulmur\\\/#article\",\"isPartOf\":{\"@id\":\"https:\\\/\\\/www.meydan.tv\\\/az\\\/article\\\/axcp-f%c9%99ali-umumi-rejimli-c%c9%99zac%c9%99km%c9%99-mu%c9%99ssis%c9%99sin%c9%99-kocurulmur\\\/\"},\"author\":{\"name\":\"mahmud\",\"@id\":\"https:\\\/\\\/www.meydan.tv\\\/az\\\/#\\\/schema\\\/person\\\/09863e516102a829e72bedcf3f84c6b0\"},\"headline\":\"AXCP f\u0259al\u0131 \u00fcmumi rejimli c\u0259za\u00e7\u0259km\u0259 m\u00fc\u0259ssis\u0259sin\u0259 k\u00f6\u00e7\u00fcr\u00fclm\u00fcr\",\"datePublished\":\"2025-06-10T11:49:09+00:00\",\"dateModified\":\"2025-06-10T11:49:12+00:00\",\"mainEntityOfPage\":{\"@id\":\"https:\\\/\\\/www.meydan.tv\\\/az\\\/article\\\/axcp-f%c9%99ali-umumi-rejimli-c%c9%99zac%c9%99km%c9%99-mu%c9%99ssis%c9%99sin%c9%99-kocurulmur\\\/\"},\"wordCount\":380,\"publisher\":{\"@id\":\"https:\\\/\\\/www.meydan.tv\\\/az\\\/#organization\"},\"image\":{\"@id\":\"https:\\\/\\\/www.meydan.tv\\\/az\\\/article\\\/axcp-f%c9%99ali-umumi-rejimli-c%c9%99zac%c9%99km%c9%99-mu%c9%99ssis%c9%99sin%c9%99-kocurulmur\\\/#primaryimage\"},\"thumbnailUrl\":\"https:\\\/\\\/www.meydan.tv\\\/wp-content\\\/uploads\\\/sahib-memmedzade-esas-e1710837645538.jpg\",\"articleSection\":[\"Siyas\u0259t\",\"X\u0259b\u0259rl\u0259r\"],\"inLanguage\":\"az\"},{\"@type\":\"WebPage\",\"@id\":\"https:\\\/\\\/www.meydan.tv\\\/az\\\/article\\\/axcp-f%c9%99ali-umumi-rejimli-c%c9%99zac%c9%99km%c9%99-mu%c9%99ssis%c9%99sin%c9%99-kocurulmur\\\/\",\"url\":\"https:\\\/\\\/www.meydan.tv\\\/az\\\/article\\\/axcp-f%c9%99ali-umumi-rejimli-c%c9%99zac%c9%99km%c9%99-mu%c9%99ssis%c9%99sin%c9%99-kocurulmur\\\/\",\"name\":\"AXCP f\u0259al\u0131 \u00fcmumi rejimli c\u0259za\u00e7\u0259km\u0259 m\u00fc\u0259ssis\u0259sin\u0259 k\u00f6\u00e7\u00fcr\u00fclm\u00fcr - MEYDAN.TV\",\"isPartOf\":{\"@id\":\"https:\\\/\\\/www.meydan.tv\\\/az\\\/#website\"},\"primaryImageOfPage\":{\"@id\":\"https:\\\/\\\/www.meydan.tv\\\/az\\\/article\\\/axcp-f%c9%99ali-umumi-rejimli-c%c9%99zac%c9%99km%c9%99-mu%c9%99ssis%c9%99sin%c9%99-kocurulmur\\\/#primaryimage\"},\"image\":{\"@id\":\"https:\\\/\\\/www.meydan.tv\\\/az\\\/article\\\/axcp-f%c9%99ali-umumi-rejimli-c%c9%99zac%c9%99km%c9%99-mu%c9%99ssis%c9%99sin%c9%99-kocurulmur\\\/#primaryimage\"},\"thumbnailUrl\":\"https:\\\/\\\/www.meydan.tv\\\/wp-content\\\/uploads\\\/sahib-memmedzade-esas-e1710837645538.jpg\",\"datePublished\":\"2025-06-10T11:49:09+00:00\",\"dateModified\":\"2025-06-10T11:49:12+00:00\",\"breadcrumb\":{\"@id\":\"https:\\\/\\\/www.meydan.tv\\\/az\\\/article\\\/axcp-f%c9%99ali-umumi-rejimli-c%c9%99zac%c9%99km%c9%99-mu%c9%99ssis%c9%99sin%c9%99-kocurulmur\\\/#breadcrumb\"},\"inLanguage\":\"az\",\"potentialAction\":[{\"@type\":\"ReadAction\",\"target\":[\"https:\\\/\\\/www.meydan.tv\\\/az\\\/article\\\/axcp-f%c9%99ali-umumi-rejimli-c%c9%99zac%c9%99km%c9%99-mu%c9%99ssis%c9%99sin%c9%99-kocurulmur\\\/\"]}]},{\"@type\":\"ImageObject\",\"inLanguage\":\"az\",\"@id\":\"https:\\\/\\\/www.meydan.tv\\\/az\\\/article\\\/axcp-f%c9%99ali-umumi-rejimli-c%c9%99zac%c9%99km%c9%99-mu%c9%99ssis%c9%99sin%c9%99-kocurulmur\\\/#primaryimage\",\"url\":\"https:\\\/\\\/www.meydan.tv\\\/wp-content\\\/uploads\\\/sahib-memmedzade-esas-e1710837645538.jpg\",\"contentUrl\":\"https:\\\/\\\/www.meydan.tv\\\/wp-content\\\/uploads\\\/sahib-memmedzade-esas-e1710837645538.jpg\",\"width\":1200,\"height\":592,\"caption\":\"Foto: Sahib M\u0259mm\u0259dzad\u0259nin \u015f\u0259xsi arxivind\u0259n\"},{\"@type\":\"BreadcrumbList\",\"@id\":\"https:\\\/\\\/www.meydan.tv\\\/az\\\/article\\\/axcp-f%c9%99ali-umumi-rejimli-c%c9%99zac%c9%99km%c9%99-mu%c9%99ssis%c9%99sin%c9%99-kocurulmur\\\/#breadcrumb\",\"itemListElement\":[{\"@type\":\"ListItem\",\"position\":1,\"name\":\"Ana s\u0259hif\u0259\",\"item\":\"https:\\\/\\\/www.meydan.tv\\\/az\\\/\"},{\"@type\":\"ListItem\",\"position\":2,\"name\":\"Siyas\u0259t\",\"item\":\"https:\\\/\\\/www.meydan.tv\\\/az\\\/section\\\/siyaset\\\/\"},{\"@type\":\"ListItem\",\"position\":3,\"name\":\"AXCP f\u0259al\u0131 \u00fcmumi rejimli c\u0259za\u00e7\u0259km\u0259 m\u00fc\u0259ssis\u0259sin\u0259 k\u00f6\u00e7\u00fcr\u00fclm\u00fcr\"}]},{\"@type\":\"WebSite\",\"@id\":\"https:\\\/\\\/www.meydan.tv\\\/az\\\/#website\",\"url\":\"https:\\\/\\\/www.meydan.tv\\\/az\\\/\",\"name\":\"MEYDAN.TV\",\"description\":\"Meydan TV Az\u0259rbaycan\u0131n media m\u0259kan\u0131ndak\u0131 alternativ s\u0259sidir\",\"publisher\":{\"@id\":\"https:\\\/\\\/www.meydan.tv\\\/az\\\/#organization\"},\"potentialAction\":[{\"@type\":\"SearchAction\",\"target\":{\"@type\":\"EntryPoint\",\"urlTemplate\":\"https:\\\/\\\/www.meydan.tv\\\/az\\\/?s={search_term_string}\"},\"query-input\":{\"@type\":\"PropertyValueSpecification\",\"valueRequired\":true,\"valueName\":\"search_term_string\"}}],\"inLanguage\":\"az\"},{\"@type\":\"Organization\",\"@id\":\"https:\\\/\\\/www.meydan.tv\\\/az\\\/#organization\",\"name\":\"Meydan TV\",\"url\":\"https:\\\/\\\/www.meydan.tv\\\/az\\\/\",\"logo\":{\"@type\":\"ImageObject\",\"inLanguage\":\"az\",\"@id\":\"https:\\\/\\\/www.meydan.tv\\\/az\\\/#\\\/schema\\\/logo\\\/image\\\/\",\"url\":\"https:\\\/\\\/www.meydan.tv\\\/wp-content\\\/uploads\\\/2021\\\/07\\\/meydan-logo.svg\",\"contentUrl\":\"https:\\\/\\\/www.meydan.tv\\\/wp-content\\\/uploads\\\/2021\\\/07\\\/meydan-logo.svg\",\"width\":195,\"height\":46,\"caption\":\"Meydan TV\"},\"image\":{\"@id\":\"https:\\\/\\\/www.meydan.tv\\\/az\\\/#\\\/schema\\\/logo\\\/image\\\/\"}},{\"@type\":\"Person\",\"@id\":\"https:\\\/\\\/www.meydan.tv\\\/az\\\/#\\\/schema\\\/person\\\/09863e516102a829e72bedcf3f84c6b0\",\"name\":\"mahmud\"}]}<\/script>\n<!-- \/ Yoast SEO plugin. -->","yoast_head_json":{"title":"AXCP f\u0259al\u0131 \u00fcmumi rejimli c\u0259za\u00e7\u0259km\u0259 m\u00fc\u0259ssis\u0259sin\u0259 k\u00f6\u00e7\u00fcr\u00fclm\u00fcr - MEYDAN.TV","robots":{"index":"index","follow":"follow","max-snippet":"max-snippet:-1","max-image-preview":"max-image-preview:large","max-video-preview":"max-video-preview:-1"},"canonical":"https:\/\/www.meydan.tv\/az\/article\/axcp-f%c9%99ali-umumi-rejimli-c%c9%99zac%c9%99km%c9%99-mu%c9%99ssis%c9%99sin%c9%99-kocurulmur\/","og_locale":"az_AZ","og_type":"article","og_title":"AXCP f\u0259al\u0131 \u00fcmumi rejimli c\u0259za\u00e7\u0259km\u0259 m\u00fc\u0259ssis\u0259sin\u0259 k\u00f6\u00e7\u00fcr\u00fclm\u00fcr - MEYDAN.TV","og_description":"Bac\u0131s\u0131 deyir ki, qarda\u015f\u0131 haqda h\u00f6km mart\u0131n 7-d\u0259 q\u00fcvv\u0259y\u0259 mins\u0259 ... Davam\u0131","og_url":"https:\/\/www.meydan.tv\/az\/article\/axcp-f%c9%99ali-umumi-rejimli-c%c9%99zac%c9%99km%c9%99-mu%c9%99ssis%c9%99sin%c9%99-kocurulmur\/","og_site_name":"MEYDAN.TV","article_published_time":"2025-06-10T11:49:09+00:00","article_modified_time":"2025-06-10T11:49:12+00:00","og_image":[{"width":1200,"height":592,"url":"https:\/\/www.meydan.tv\/wp-content\/uploads\/sahib-memmedzade-esas-e1710837645538.jpg","type":"image\/jpeg"}],"author":"mahmud","twitter_card":"summary_large_image","schema":{"@context":"https:\/\/schema.org","@graph":[{"@type":"Article","@id":"https:\/\/www.meydan.tv\/az\/article\/axcp-f%c9%99ali-umumi-rejimli-c%c9%99zac%c9%99km%c9%99-mu%c9%99ssis%c9%99sin%c9%99-kocurulmur\/#article","isPartOf":{"@id":"https:\/\/www.meydan.tv\/az\/article\/axcp-f%c9%99ali-umumi-rejimli-c%c9%99zac%c9%99km%c9%99-mu%c9%99ssis%c9%99sin%c9%99-kocurulmur\/"},"author":{"name":"mahmud","@id":"https:\/\/www.meydan.tv\/az\/#\/schema\/person\/09863e516102a829e72bedcf3f84c6b0"},"headline":"AXCP f\u0259al\u0131 \u00fcmumi rejimli c\u0259za\u00e7\u0259km\u0259 m\u00fc\u0259ssis\u0259sin\u0259 k\u00f6\u00e7\u00fcr\u00fclm\u00fcr","datePublished":"2025-06-10T11:49:09+00:00","dateModified":"2025-06-10T11:49:12+00:00","mainEntityOfPage":{"@id":"https:\/\/www.meydan.tv\/az\/article\/axcp-f%c9%99ali-umumi-rejimli-c%c9%99zac%c9%99km%c9%99-mu%c9%99ssis%c9%99sin%c9%99-kocurulmur\/"},"wordCount":380,"publisher":{"@id":"https:\/\/www.meydan.tv\/az\/#organization"},"image":{"@id":"https:\/\/www.meydan.tv\/az\/article\/axcp-f%c9%99ali-umumi-rejimli-c%c9%99zac%c9%99km%c9%99-mu%c9%99ssis%c9%99sin%c9%99-kocurulmur\/#primaryimage"},"thumbnailUrl":"https:\/\/www.meydan.tv\/wp-content\/uploads\/sahib-memmedzade-esas-e1710837645538.jpg","articleSection":["Siyas\u0259t","X\u0259b\u0259rl\u0259r"],"inLanguage":"az"},{"@type":"WebPage","@id":"https:\/\/www.meydan.tv\/az\/article\/axcp-f%c9%99ali-umumi-rejimli-c%c9%99zac%c9%99km%c9%99-mu%c9%99ssis%c9%99sin%c9%99-kocurulmur\/","url":"https:\/\/www.meydan.tv\/az\/article\/axcp-f%c9%99ali-umumi-rejimli-c%c9%99zac%c9%99km%c9%99-mu%c9%99ssis%c9%99sin%c9%99-kocurulmur\/","name":"AXCP f\u0259al\u0131 \u00fcmumi rejimli c\u0259za\u00e7\u0259km\u0259 m\u00fc\u0259ssis\u0259sin\u0259 k\u00f6\u00e7\u00fcr\u00fclm\u00fcr - MEYDAN.TV","isPartOf":{"@id":"https:\/\/www.meydan.tv\/az\/#website"},"primaryImageOfPage":{"@id":"https:\/\/www.meydan.tv\/az\/article\/axcp-f%c9%99ali-umumi-rejimli-c%c9%99zac%c9%99km%c9%99-mu%c9%99ssis%c9%99sin%c9%99-kocurulmur\/#primaryimage"},"image":{"@id":"https:\/\/www.meydan.tv\/az\/article\/axcp-f%c9%99ali-umumi-rejimli-c%c9%99zac%c9%99km%c9%99-mu%c9%99ssis%c9%99sin%c9%99-kocurulmur\/#primaryimage"},"thumbnailUrl":"https:\/\/www.meydan.tv\/wp-content\/uploads\/sahib-memmedzade-esas-e1710837645538.jpg","datePublished":"2025-06-10T11:49:09+00:00","dateModified":"2025-06-10T11:49:12+00:00","breadcrumb":{"@id":"https:\/\/www.meydan.tv\/az\/article\/axcp-f%c9%99ali-umumi-rejimli-c%c9%99zac%c9%99km%c9%99-mu%c9%99ssis%c9%99sin%c9%99-kocurulmur\/#breadcrumb"},"inLanguage":"az","potentialAction":[{"@type":"ReadAction","target":["https:\/\/www.meydan.tv\/az\/article\/axcp-f%c9%99ali-umumi-rejimli-c%c9%99zac%c9%99km%c9%99-mu%c9%99ssis%c9%99sin%c9%99-kocurulmur\/"]}]},{"@type":"ImageObject","inLanguage":"az","@id":"https:\/\/www.meydan.tv\/az\/article\/axcp-f%c9%99ali-umumi-rejimli-c%c9%99zac%c9%99km%c9%99-mu%c9%99ssis%c9%99sin%c9%99-kocurulmur\/#primaryimage","url":"https:\/\/www.meydan.tv\/wp-content\/uploads\/sahib-memmedzade-esas-e1710837645538.jpg","contentUrl":"https:\/\/www.meydan.tv\/wp-content\/uploads\/sahib-memmedzade-esas-e1710837645538.jpg","width":1200,"height":592,"caption":"Foto: Sahib M\u0259mm\u0259dzad\u0259nin \u015f\u0259xsi arxivind\u0259n"},{"@type":"BreadcrumbList","@id":"https:\/\/www.meydan.tv\/az\/article\/axcp-f%c9%99ali-umumi-rejimli-c%c9%99zac%c9%99km%c9%99-mu%c9%99ssis%c9%99sin%c9%99-kocurulmur\/#breadcrumb","itemListElement":[{"@type":"ListItem","position":1,"name":"Ana s\u0259hif\u0259","item":"https:\/\/www.meydan.tv\/az\/"},{"@type":"ListItem","position":2,"name":"Siyas\u0259t","item":"https:\/\/www.meydan.tv\/az\/section\/siyaset\/"},{"@type":"ListItem","position":3,"name":"AXCP f\u0259al\u0131 \u00fcmumi rejimli c\u0259za\u00e7\u0259km\u0259 m\u00fc\u0259ssis\u0259sin\u0259 k\u00f6\u00e7\u00fcr\u00fclm\u00fcr"}]},{"@type":"WebSite","@id":"https:\/\/www.meydan.tv\/az\/#website","url":"https:\/\/www.meydan.tv\/az\/","name":"MEYDAN.TV","description":"Meydan TV Az\u0259rbaycan\u0131n media m\u0259kan\u0131ndak\u0131 alternativ s\u0259sidir","publisher":{"@id":"https:\/\/www.meydan.tv\/az\/#organization"},"potentialAction":[{"@type":"SearchAction","target":{"@type":"EntryPoint","urlTemplate":"https:\/\/www.meydan.tv\/az\/?s={search_term_string}"},"query-input":{"@type":"PropertyValueSpecification","valueRequired":true,"valueName":"search_term_string"}}],"inLanguage":"az"},{"@type":"Organization","@id":"https:\/\/www.meydan.tv\/az\/#organization","name":"Meydan TV","url":"https:\/\/www.meydan.tv\/az\/","logo":{"@type":"ImageObject","inLanguage":"az","@id":"https:\/\/www.meydan.tv\/az\/#\/schema\/logo\/image\/","url":"https:\/\/www.meydan.tv\/wp-content\/uploads\/2021\/07\/meydan-logo.svg","contentUrl":"https:\/\/www.meydan.tv\/wp-content\/uploads\/2021\/07\/meydan-logo.svg","width":195,"height":46,"caption":"Meydan TV"},"image":{"@id":"https:\/\/www.meydan.tv\/az\/#\/schema\/logo\/image\/"}},{"@type":"Person","@id":"https:\/\/www.meydan.tv\/az\/#\/schema\/person\/09863e516102a829e72bedcf3f84c6b0","name":"mahmud"}]}},"_links":{"self":[{"href":"https:\/\/www.meydan.tv\/az\/wp-json\/wp\/v2\/posts\/331688","targetHints":{"allow":["GET"]}}],"collection":[{"href":"https:\/\/www.meydan.tv\/az\/wp-json\/wp\/v2\/posts"}],"about":[{"href":"https:\/\/www.meydan.tv\/az\/wp-json\/wp\/v2\/types\/post"}],"author":[{"embeddable":true,"href":"https:\/\/www.meydan.tv\/az\/wp-json\/wp\/v2\/users\/21"}],"replies":[{"embeddable":true,"href":"https:\/\/www.meydan.tv\/az\/wp-json\/wp\/v2\/comments?post=331688"}],"version-history":[{"count":4,"href":"https:\/\/www.meydan.tv\/az\/wp-json\/wp\/v2\/posts\/331688\/revisions"}],"predecessor-version":[{"id":331693,"href":"https:\/\/www.meydan.tv\/az\/wp-json\/wp\/v2\/posts\/331688\/revisions\/331693"}],"wp:featuredmedia":[{"embeddable":true,"href":"https:\/\/www.meydan.tv\/az\/wp-json\/wp\/v2\/media\/301488"}],"wp:attachment":[{"href":"https:\/\/www.meydan.tv\/az\/wp-json\/wp\/v2\/media?parent=331688"}],"wp:term":[{"taxonomy":"category","embeddable":true,"href":"https:\/\/www.meydan.tv\/az\/wp-json\/wp\/v2\/categories?post=331688"},{"taxonomy":"post_tag","embeddable":true,"href":"https:\/\/www.meydan.tv\/az\/wp-json\/wp\/v2\/tags?post=331688"}],"curies":[{"name":"wp","href":"https:\/\/api.w.org\/{rel}","templated":true}]}}