{"id":331674,"date":"2025-06-10T14:54:53","date_gmt":"2025-06-10T10:54:53","guid":{"rendered":"https:\/\/www.meydan.tv\/?p=331674"},"modified":"2025-06-10T14:54:55","modified_gmt":"2025-06-10T10:54:55","slug":"imran-eliyev-elgiz-q%c9%99hr%c9%99man-v%c9%99-tamella-musayeva-abzasmedia-isin%c9%99-gor%c9%99-h%c9%99bsd%c9%99-olan-s%c9%99xsl%c9%99rl%c9%99-birg%c9%99-f%c9%99aliyy%c9%99td%c9%99-ittiham","status":"publish","type":"post","link":"https:\/\/www.meydan.tv\/az\/article\/imran-eliyev-elgiz-q%c9%99hr%c9%99man-v%c9%99-tamella-musayeva-abzasmedia-isin%c9%99-gor%c9%99-h%c9%99bsd%c9%99-olan-s%c9%99xsl%c9%99rl%c9%99-birg%c9%99-f%c9%99aliyy%c9%99td%c9%99-ittiham\/","title":{"rendered":"\u0130mran \u018fliyev &#8220;AbzasMedia i\u015fi\u201dn\u0259 g\u00f6r\u0259 h\u0259bsd\u0259 olan \u015f\u0259xsl\u0259rl\u0259 birg\u0259 f\u0259aliyy\u0259td\u0259 ittiham olunur"},"content":{"rendered":"\n<p><em><strong>\u0130mran \u018fliyev v\u0259 onunla birg\u0259 ittiham olunan ictimai f\u0259al Elgiz Q\u0259hr\u0259man v\u0259 Tamella Musayeva m\u0259hk\u0259m\u0259d\u0259 \u00f6zl\u0259rini t\u0259qsirli bilm\u0259dikl\u0259rini b\u0259yan edibl\u0259r<\/strong><\/em><\/p>\n\n\n\n<p>\u201cmeclis.info\u201d sayt\u0131n\u0131n r\u0259hb\u0259ri \u0130mran \u018fliyev, ictimai f\u0259al Elgiz Q\u0259hr\u0259man v\u0259 Tamella Musayevan\u0131n cinay\u0259t i\u015fi \u00fczr\u0259 m\u0259hk\u0259m\u0259nin n\u00f6vb\u0259ti prosesi ke\u00e7irilib.<\/p>\n\n\n\n<p>Bak\u0131 A\u011f\u0131r Cinay\u0259tl\u0259r M\u0259hk\u0259m\u0259sind\u0259 hakim Roman \u018fl\u0259kb\u0259rlinin s\u0259drliyi il\u0259 ke\u00e7iril\u0259n prosesd\u0259 d\u00f6vl\u0259t ittiham\u00e7\u0131s\u0131 C\u00f6vd\u0259t Mehral\u0131yev ittiham akt\u0131n\u0131 elan edib.<\/p>\n\n\n\n<p>\u0130ttiham akt\u0131na g\u00f6r\u0259, &#8220;meclis.info&#8221; sayt\u0131 v\u0259 eyni adl\u0131 sosial \u015f\u0259b\u0259k\u0259 hesablar\u0131 qanuna uy\u011fun olaraq d\u00f6vl\u0259t qeydiyyat\u0131na al\u0131nmay\u0131b. \u0130mran \u018fliyev, Elgiz Q\u0259hr\u0259man v\u0259 Tamella Musayeva ad\u0131\u00e7\u0259kil\u0259n saytdan istifad\u0259 ed\u0259r\u0259k xarici donor t\u0259\u015fkilatlar\u0131ndan qrant alaraq g\u00f6mr\u00fckd\u0259 b\u0259yan etm\u0259yib, qa\u00e7aqmal\u00e7\u0131l\u0131q yolu il\u0259 \u00f6lk\u0259y\u0259 g\u0259tirm\u0259kd\u0259 ittiham olunurlar.<\/p>\n\n\n\n<p>\u0130ttihama g\u00f6r\u0259, onlar bu \u0259m\u0259li t\u00f6r\u0259d\u0259rk\u0259n saxta s\u0259n\u0259dl\u0259r d\u0259 haz\u0131rlay\u0131blar. Eyni zamanda onlar bu \u0259m\u0259ll\u0259ri &#8220;AbzasMedia i\u015fi\u201dn\u0259 g\u00f6r\u0259 h\u0259bs olunan \u015f\u0259xsl\u0259rl\u0259 birg\u0259 t\u00f6r\u0259tm\u0259kd\u0259 d\u0259 t\u0259qsirl\u0259ndirilirl\u0259r.<\/p>\n\n\n\n<p>Prosesd\u0259 z\u0259r\u0259r\u00e7\u0259k\u0259n qismind\u0259 G\u0259nc\u0259 Regional Vergi \u0130dar\u0259si tan\u0131n\u0131b.<\/p>\n\n\n\n<p>\u0130mran \u018fliyev, Elgiz Q\u0259hr\u0259manl\u0131 v\u0259 Tamella Musayeva \u00f6zl\u0259rini t\u0259qsirli bilm\u0259yib.<\/p>\n\n\n\n<p>N\u00f6vb\u0259ti proses iyunun 17-n\u0259 t\u0259yin edilib.<\/p>\n\n\n\n<p>\u0130mran \u018fliyev 2024-c\u00fc il aprelin 19-da saxlan\u0131l\u0131b.<br><br>Elgiz Q\u0259hr\u0259man v\u0259 Tamella Musayeva is\u0259 daha sonra i\u015f \u00fczr\u0259 t\u0259qsirl\u0259ndiril\u0259n \u015f\u0259xs qismind\u0259 tan\u0131n\u0131b v\u0259 onlar\u0131n bar\u0259sind\u0259 polis n\u0259zar\u0259ti q\u0259timkan t\u0259dbiri se\u00e7ilib.<br><br>Onlara qar\u015f\u0131 Cinay\u0259t M\u0259c\u0259ll\u0259sinin 192.2.2 (k\u00fclli miqdarda g\u0259lir \u0259ld\u0259 etm\u0259kl\u0259 qanunsuz sahibkarl\u0131q), 192.2.3 (m\u00fct\u0259\u015f\u0259kkil d\u0259st\u0259 t\u0259r\u0259find\u0259n t\u00f6r\u0259dildikd\u0259), 193-1.3.1 (cinay\u0259t yolu il\u0259 \u0259ld\u0259 edilmi\u015f \u0259mlak\u0131 leqalla\u015fd\u0131rma), 193-1.3.2 (xeyli miqdarda t\u00f6r\u0259dildikd\u0259), 206.4 (m\u00fct\u0259\u015f\u0259kkil d\u0259st\u0259 t\u0259r\u0259find\u0259n qa\u00e7aqmal\u00e7\u0131l\u0131q), 213.2.1 (vergid\u0259n yay\u0131nma \u2013 m\u00fct\u0259\u015f\u0259kkil d\u0259st\u0259 t\u0259r\u0259find\u0259n t\u00f6r\u0259dildikd\u0259), 320.1 (s\u0259n\u0259d saxtala\u015fd\u0131rma), 320.2 (saxta s\u0259n\u0259dl\u0259rd\u0259n istifad\u0259 etm\u0259) madd\u0259l\u0259ri il\u0259 ittiham ir\u0259li s\u00fcr\u00fcl\u00fcb.<br><br>\u0130mran \u018fliyev ittihamlar\u0131 r\u0259dd edir, Milli M\u0259clisin v\u0259 deputatlar\u0131n f\u0259aliyy\u0259tini ara\u015fd\u0131rd\u0131\u011f\u0131na v\u0259 bu istiqam\u0259td\u0259 f\u0259aliyy\u0259t g\u00f6st\u0259r\u0259n \u201cmeclis.info\u201d sayt\u0131na r\u0259hb\u0259rlik etdiyin\u0259 g\u00f6r\u0259 c\u0259zaland\u0131r\u0131ld\u0131\u011f\u0131n\u0131 deyir.<\/p>\n","protected":false},"excerpt":{"rendered":"<p>\u0130mran \u018fliyev v\u0259 onunla birg\u0259 ittiham olunan ictimai f\u0259al Elgiz &#8230; <\/p>\n<p class=\"read-more-container\"><a title=\"\u0130mran \u018fliyev &#8220;AbzasMedia i\u015fi\u201dn\u0259 g\u00f6r\u0259 h\u0259bsd\u0259 olan \u015f\u0259xsl\u0259rl\u0259 birg\u0259 f\u0259aliyy\u0259td\u0259 ittiham olunur\" class=\"read-more button\" href=\"https:\/\/www.meydan.tv\/az\/article\/imran-eliyev-elgiz-q%c9%99hr%c9%99man-v%c9%99-tamella-musayeva-abzasmedia-isin%c9%99-gor%c9%99-h%c9%99bsd%c9%99-olan-s%c9%99xsl%c9%99rl%c9%99-birg%c9%99-f%c9%99aliyy%c9%99td%c9%99-ittiham\/#more-331674\" aria-label=\"Read more about \u0130mran \u018fliyev &#8220;AbzasMedia i\u015fi\u201dn\u0259 g\u00f6r\u0259 h\u0259bsd\u0259 olan \u015f\u0259xsl\u0259rl\u0259 birg\u0259 f\u0259aliyy\u0259td\u0259 ittiham olunur\">Davam\u0131<\/a><\/p>\n","protected":false},"author":21,"featured_media":331052,"comment_status":"closed","ping_status":"closed","sticky":false,"template":"","format":"standard","meta":{"_acf_changed":false,"_sitemap_exclude":false,"_sitemap_priority":"","_sitemap_frequency":"","footnotes":""},"categories":[59,79,56],"tags":[],"class_list":["post-331674","post","type-post","status-publish","format-standard","has-post-thumbnail","hentry","category-siyaset","category-featured","category-xeberler","infinite-scroll-item","generate-columns","tablet-grid-50","mobile-grid-100","grid-parent","grid-33","no-featured-image-padding"],"acf":[],"yoast_head":"<!-- This site is optimized with the Yoast SEO plugin v27.5 - https:\/\/yoast.com\/product\/yoast-seo-wordpress\/ -->\n<title>\u0130mran \u018fliyev &quot;AbzasMedia i\u015fi\u201dn\u0259 g\u00f6r\u0259 h\u0259bsd\u0259 olan \u015f\u0259xsl\u0259rl\u0259 birg\u0259 f\u0259aliyy\u0259td\u0259 ittiham olunur - MEYDAN.TV<\/title>\n<meta name=\"robots\" content=\"index, follow, max-snippet:-1, max-image-preview:large, max-video-preview:-1\" \/>\n<link rel=\"canonical\" href=\"https:\/\/www.meydan.tv\/az\/article\/imran-eliyev-elgiz-q%c9%99hr%c9%99man-v%c9%99-tamella-musayeva-abzasmedia-isin%c9%99-gor%c9%99-h%c9%99bsd%c9%99-olan-s%c9%99xsl%c9%99rl%c9%99-birg%c9%99-f%c9%99aliyy%c9%99td%c9%99-ittiham\/\" \/>\n<meta property=\"og:locale\" content=\"az_AZ\" \/>\n<meta property=\"og:type\" content=\"article\" \/>\n<meta property=\"og:title\" content=\"\u0130mran \u018fliyev &quot;AbzasMedia i\u015fi\u201dn\u0259 g\u00f6r\u0259 h\u0259bsd\u0259 olan \u015f\u0259xsl\u0259rl\u0259 birg\u0259 f\u0259aliyy\u0259td\u0259 ittiham olunur - MEYDAN.TV\" \/>\n<meta property=\"og:description\" content=\"\u0130mran \u018fliyev v\u0259 onunla birg\u0259 ittiham olunan ictimai f\u0259al Elgiz ... Davam\u0131\" \/>\n<meta property=\"og:url\" content=\"https:\/\/www.meydan.tv\/az\/article\/imran-eliyev-elgiz-q%c9%99hr%c9%99man-v%c9%99-tamella-musayeva-abzasmedia-isin%c9%99-gor%c9%99-h%c9%99bsd%c9%99-olan-s%c9%99xsl%c9%99rl%c9%99-birg%c9%99-f%c9%99aliyy%c9%99td%c9%99-ittiham\/\" \/>\n<meta property=\"og:site_name\" content=\"MEYDAN.TV\" \/>\n<meta property=\"article:published_time\" content=\"2025-06-10T10:54:53+00:00\" \/>\n<meta property=\"article:modified_time\" content=\"2025-06-10T10:54:55+00:00\" \/>\n<meta property=\"og:image\" content=\"https:\/\/www.meydan.tv\/wp-content\/uploads\/7978.png\" \/>\n\t<meta property=\"og:image:width\" content=\"1179\" \/>\n\t<meta property=\"og:image:height\" content=\"576\" \/>\n\t<meta property=\"og:image:type\" content=\"image\/png\" \/>\n<meta name=\"author\" content=\"mahmud\" \/>\n<meta name=\"twitter:card\" content=\"summary_large_image\" \/>\n<script type=\"application\/ld+json\" class=\"yoast-schema-graph\">{\"@context\":\"https:\\\/\\\/schema.org\",\"@graph\":[{\"@type\":\"Article\",\"@id\":\"https:\\\/\\\/www.meydan.tv\\\/az\\\/article\\\/imran-eliyev-elgiz-q%c9%99hr%c9%99man-v%c9%99-tamella-musayeva-abzasmedia-isin%c9%99-gor%c9%99-h%c9%99bsd%c9%99-olan-s%c9%99xsl%c9%99rl%c9%99-birg%c9%99-f%c9%99aliyy%c9%99td%c9%99-ittiham\\\/#article\",\"isPartOf\":{\"@id\":\"https:\\\/\\\/www.meydan.tv\\\/az\\\/article\\\/imran-eliyev-elgiz-q%c9%99hr%c9%99man-v%c9%99-tamella-musayeva-abzasmedia-isin%c9%99-gor%c9%99-h%c9%99bsd%c9%99-olan-s%c9%99xsl%c9%99rl%c9%99-birg%c9%99-f%c9%99aliyy%c9%99td%c9%99-ittiham\\\/\"},\"author\":{\"name\":\"mahmud\",\"@id\":\"https:\\\/\\\/www.meydan.tv\\\/az\\\/#\\\/schema\\\/person\\\/09863e516102a829e72bedcf3f84c6b0\"},\"headline\":\"\u0130mran \u018fliyev &#8220;AbzasMedia i\u015fi\u201dn\u0259 g\u00f6r\u0259 h\u0259bsd\u0259 olan \u015f\u0259xsl\u0259rl\u0259 birg\u0259 f\u0259aliyy\u0259td\u0259 ittiham olunur\",\"datePublished\":\"2025-06-10T10:54:53+00:00\",\"dateModified\":\"2025-06-10T10:54:55+00:00\",\"mainEntityOfPage\":{\"@id\":\"https:\\\/\\\/www.meydan.tv\\\/az\\\/article\\\/imran-eliyev-elgiz-q%c9%99hr%c9%99man-v%c9%99-tamella-musayeva-abzasmedia-isin%c9%99-gor%c9%99-h%c9%99bsd%c9%99-olan-s%c9%99xsl%c9%99rl%c9%99-birg%c9%99-f%c9%99aliyy%c9%99td%c9%99-ittiham\\\/\"},\"wordCount\":477,\"publisher\":{\"@id\":\"https:\\\/\\\/www.meydan.tv\\\/az\\\/#organization\"},\"image\":{\"@id\":\"https:\\\/\\\/www.meydan.tv\\\/az\\\/article\\\/imran-eliyev-elgiz-q%c9%99hr%c9%99man-v%c9%99-tamella-musayeva-abzasmedia-isin%c9%99-gor%c9%99-h%c9%99bsd%c9%99-olan-s%c9%99xsl%c9%99rl%c9%99-birg%c9%99-f%c9%99aliyy%c9%99td%c9%99-ittiham\\\/#primaryimage\"},\"thumbnailUrl\":\"https:\\\/\\\/www.meydan.tv\\\/wp-content\\\/uploads\\\/7978.png\",\"articleSection\":[\"Siyas\u0259t\",\"T\u00f6vsiy\u0259\",\"X\u0259b\u0259rl\u0259r\"],\"inLanguage\":\"az\"},{\"@type\":\"WebPage\",\"@id\":\"https:\\\/\\\/www.meydan.tv\\\/az\\\/article\\\/imran-eliyev-elgiz-q%c9%99hr%c9%99man-v%c9%99-tamella-musayeva-abzasmedia-isin%c9%99-gor%c9%99-h%c9%99bsd%c9%99-olan-s%c9%99xsl%c9%99rl%c9%99-birg%c9%99-f%c9%99aliyy%c9%99td%c9%99-ittiham\\\/\",\"url\":\"https:\\\/\\\/www.meydan.tv\\\/az\\\/article\\\/imran-eliyev-elgiz-q%c9%99hr%c9%99man-v%c9%99-tamella-musayeva-abzasmedia-isin%c9%99-gor%c9%99-h%c9%99bsd%c9%99-olan-s%c9%99xsl%c9%99rl%c9%99-birg%c9%99-f%c9%99aliyy%c9%99td%c9%99-ittiham\\\/\",\"name\":\"\u0130mran \u018fliyev \\\"AbzasMedia i\u015fi\u201dn\u0259 g\u00f6r\u0259 h\u0259bsd\u0259 olan \u015f\u0259xsl\u0259rl\u0259 birg\u0259 f\u0259aliyy\u0259td\u0259 ittiham olunur - MEYDAN.TV\",\"isPartOf\":{\"@id\":\"https:\\\/\\\/www.meydan.tv\\\/az\\\/#website\"},\"primaryImageOfPage\":{\"@id\":\"https:\\\/\\\/www.meydan.tv\\\/az\\\/article\\\/imran-eliyev-elgiz-q%c9%99hr%c9%99man-v%c9%99-tamella-musayeva-abzasmedia-isin%c9%99-gor%c9%99-h%c9%99bsd%c9%99-olan-s%c9%99xsl%c9%99rl%c9%99-birg%c9%99-f%c9%99aliyy%c9%99td%c9%99-ittiham\\\/#primaryimage\"},\"image\":{\"@id\":\"https:\\\/\\\/www.meydan.tv\\\/az\\\/article\\\/imran-eliyev-elgiz-q%c9%99hr%c9%99man-v%c9%99-tamella-musayeva-abzasmedia-isin%c9%99-gor%c9%99-h%c9%99bsd%c9%99-olan-s%c9%99xsl%c9%99rl%c9%99-birg%c9%99-f%c9%99aliyy%c9%99td%c9%99-ittiham\\\/#primaryimage\"},\"thumbnailUrl\":\"https:\\\/\\\/www.meydan.tv\\\/wp-content\\\/uploads\\\/7978.png\",\"datePublished\":\"2025-06-10T10:54:53+00:00\",\"dateModified\":\"2025-06-10T10:54:55+00:00\",\"breadcrumb\":{\"@id\":\"https:\\\/\\\/www.meydan.tv\\\/az\\\/article\\\/imran-eliyev-elgiz-q%c9%99hr%c9%99man-v%c9%99-tamella-musayeva-abzasmedia-isin%c9%99-gor%c9%99-h%c9%99bsd%c9%99-olan-s%c9%99xsl%c9%99rl%c9%99-birg%c9%99-f%c9%99aliyy%c9%99td%c9%99-ittiham\\\/#breadcrumb\"},\"inLanguage\":\"az\",\"potentialAction\":[{\"@type\":\"ReadAction\",\"target\":[\"https:\\\/\\\/www.meydan.tv\\\/az\\\/article\\\/imran-eliyev-elgiz-q%c9%99hr%c9%99man-v%c9%99-tamella-musayeva-abzasmedia-isin%c9%99-gor%c9%99-h%c9%99bsd%c9%99-olan-s%c9%99xsl%c9%99rl%c9%99-birg%c9%99-f%c9%99aliyy%c9%99td%c9%99-ittiham\\\/\"]}]},{\"@type\":\"ImageObject\",\"inLanguage\":\"az\",\"@id\":\"https:\\\/\\\/www.meydan.tv\\\/az\\\/article\\\/imran-eliyev-elgiz-q%c9%99hr%c9%99man-v%c9%99-tamella-musayeva-abzasmedia-isin%c9%99-gor%c9%99-h%c9%99bsd%c9%99-olan-s%c9%99xsl%c9%99rl%c9%99-birg%c9%99-f%c9%99aliyy%c9%99td%c9%99-ittiham\\\/#primaryimage\",\"url\":\"https:\\\/\\\/www.meydan.tv\\\/wp-content\\\/uploads\\\/7978.png\",\"contentUrl\":\"https:\\\/\\\/www.meydan.tv\\\/wp-content\\\/uploads\\\/7978.png\",\"width\":1179,\"height\":576,\"caption\":\"\u0130mran \u018fliyev. Foto: Meydan TV\"},{\"@type\":\"BreadcrumbList\",\"@id\":\"https:\\\/\\\/www.meydan.tv\\\/az\\\/article\\\/imran-eliyev-elgiz-q%c9%99hr%c9%99man-v%c9%99-tamella-musayeva-abzasmedia-isin%c9%99-gor%c9%99-h%c9%99bsd%c9%99-olan-s%c9%99xsl%c9%99rl%c9%99-birg%c9%99-f%c9%99aliyy%c9%99td%c9%99-ittiham\\\/#breadcrumb\",\"itemListElement\":[{\"@type\":\"ListItem\",\"position\":1,\"name\":\"Ana s\u0259hif\u0259\",\"item\":\"https:\\\/\\\/www.meydan.tv\\\/az\\\/\"},{\"@type\":\"ListItem\",\"position\":2,\"name\":\"Siyas\u0259t\",\"item\":\"https:\\\/\\\/www.meydan.tv\\\/az\\\/section\\\/siyaset\\\/\"},{\"@type\":\"ListItem\",\"position\":3,\"name\":\"\u0130mran \u018fliyev &#8220;AbzasMedia i\u015fi\u201dn\u0259 g\u00f6r\u0259 h\u0259bsd\u0259 olan \u015f\u0259xsl\u0259rl\u0259 birg\u0259 f\u0259aliyy\u0259td\u0259 ittiham olunur\"}]},{\"@type\":\"WebSite\",\"@id\":\"https:\\\/\\\/www.meydan.tv\\\/az\\\/#website\",\"url\":\"https:\\\/\\\/www.meydan.tv\\\/az\\\/\",\"name\":\"MEYDAN.TV\",\"description\":\"Meydan TV Az\u0259rbaycan\u0131n media m\u0259kan\u0131ndak\u0131 alternativ s\u0259sidir\",\"publisher\":{\"@id\":\"https:\\\/\\\/www.meydan.tv\\\/az\\\/#organization\"},\"potentialAction\":[{\"@type\":\"SearchAction\",\"target\":{\"@type\":\"EntryPoint\",\"urlTemplate\":\"https:\\\/\\\/www.meydan.tv\\\/az\\\/?s={search_term_string}\"},\"query-input\":{\"@type\":\"PropertyValueSpecification\",\"valueRequired\":true,\"valueName\":\"search_term_string\"}}],\"inLanguage\":\"az\"},{\"@type\":\"Organization\",\"@id\":\"https:\\\/\\\/www.meydan.tv\\\/az\\\/#organization\",\"name\":\"Meydan TV\",\"url\":\"https:\\\/\\\/www.meydan.tv\\\/az\\\/\",\"logo\":{\"@type\":\"ImageObject\",\"inLanguage\":\"az\",\"@id\":\"https:\\\/\\\/www.meydan.tv\\\/az\\\/#\\\/schema\\\/logo\\\/image\\\/\",\"url\":\"https:\\\/\\\/www.meydan.tv\\\/wp-content\\\/uploads\\\/2021\\\/07\\\/meydan-logo.svg\",\"contentUrl\":\"https:\\\/\\\/www.meydan.tv\\\/wp-content\\\/uploads\\\/2021\\\/07\\\/meydan-logo.svg\",\"width\":195,\"height\":46,\"caption\":\"Meydan TV\"},\"image\":{\"@id\":\"https:\\\/\\\/www.meydan.tv\\\/az\\\/#\\\/schema\\\/logo\\\/image\\\/\"}},{\"@type\":\"Person\",\"@id\":\"https:\\\/\\\/www.meydan.tv\\\/az\\\/#\\\/schema\\\/person\\\/09863e516102a829e72bedcf3f84c6b0\",\"name\":\"mahmud\"}]}<\/script>\n<!-- \/ Yoast SEO plugin. -->","yoast_head_json":{"title":"\u0130mran \u018fliyev \"AbzasMedia i\u015fi\u201dn\u0259 g\u00f6r\u0259 h\u0259bsd\u0259 olan \u015f\u0259xsl\u0259rl\u0259 birg\u0259 f\u0259aliyy\u0259td\u0259 ittiham olunur - MEYDAN.TV","robots":{"index":"index","follow":"follow","max-snippet":"max-snippet:-1","max-image-preview":"max-image-preview:large","max-video-preview":"max-video-preview:-1"},"canonical":"https:\/\/www.meydan.tv\/az\/article\/imran-eliyev-elgiz-q%c9%99hr%c9%99man-v%c9%99-tamella-musayeva-abzasmedia-isin%c9%99-gor%c9%99-h%c9%99bsd%c9%99-olan-s%c9%99xsl%c9%99rl%c9%99-birg%c9%99-f%c9%99aliyy%c9%99td%c9%99-ittiham\/","og_locale":"az_AZ","og_type":"article","og_title":"\u0130mran \u018fliyev \"AbzasMedia i\u015fi\u201dn\u0259 g\u00f6r\u0259 h\u0259bsd\u0259 olan \u015f\u0259xsl\u0259rl\u0259 birg\u0259 f\u0259aliyy\u0259td\u0259 ittiham olunur - MEYDAN.TV","og_description":"\u0130mran \u018fliyev v\u0259 onunla birg\u0259 ittiham olunan ictimai f\u0259al Elgiz ... Davam\u0131","og_url":"https:\/\/www.meydan.tv\/az\/article\/imran-eliyev-elgiz-q%c9%99hr%c9%99man-v%c9%99-tamella-musayeva-abzasmedia-isin%c9%99-gor%c9%99-h%c9%99bsd%c9%99-olan-s%c9%99xsl%c9%99rl%c9%99-birg%c9%99-f%c9%99aliyy%c9%99td%c9%99-ittiham\/","og_site_name":"MEYDAN.TV","article_published_time":"2025-06-10T10:54:53+00:00","article_modified_time":"2025-06-10T10:54:55+00:00","og_image":[{"width":1179,"height":576,"url":"https:\/\/www.meydan.tv\/wp-content\/uploads\/7978.png","type":"image\/png"}],"author":"mahmud","twitter_card":"summary_large_image","schema":{"@context":"https:\/\/schema.org","@graph":[{"@type":"Article","@id":"https:\/\/www.meydan.tv\/az\/article\/imran-eliyev-elgiz-q%c9%99hr%c9%99man-v%c9%99-tamella-musayeva-abzasmedia-isin%c9%99-gor%c9%99-h%c9%99bsd%c9%99-olan-s%c9%99xsl%c9%99rl%c9%99-birg%c9%99-f%c9%99aliyy%c9%99td%c9%99-ittiham\/#article","isPartOf":{"@id":"https:\/\/www.meydan.tv\/az\/article\/imran-eliyev-elgiz-q%c9%99hr%c9%99man-v%c9%99-tamella-musayeva-abzasmedia-isin%c9%99-gor%c9%99-h%c9%99bsd%c9%99-olan-s%c9%99xsl%c9%99rl%c9%99-birg%c9%99-f%c9%99aliyy%c9%99td%c9%99-ittiham\/"},"author":{"name":"mahmud","@id":"https:\/\/www.meydan.tv\/az\/#\/schema\/person\/09863e516102a829e72bedcf3f84c6b0"},"headline":"\u0130mran \u018fliyev &#8220;AbzasMedia i\u015fi\u201dn\u0259 g\u00f6r\u0259 h\u0259bsd\u0259 olan \u015f\u0259xsl\u0259rl\u0259 birg\u0259 f\u0259aliyy\u0259td\u0259 ittiham olunur","datePublished":"2025-06-10T10:54:53+00:00","dateModified":"2025-06-10T10:54:55+00:00","mainEntityOfPage":{"@id":"https:\/\/www.meydan.tv\/az\/article\/imran-eliyev-elgiz-q%c9%99hr%c9%99man-v%c9%99-tamella-musayeva-abzasmedia-isin%c9%99-gor%c9%99-h%c9%99bsd%c9%99-olan-s%c9%99xsl%c9%99rl%c9%99-birg%c9%99-f%c9%99aliyy%c9%99td%c9%99-ittiham\/"},"wordCount":477,"publisher":{"@id":"https:\/\/www.meydan.tv\/az\/#organization"},"image":{"@id":"https:\/\/www.meydan.tv\/az\/article\/imran-eliyev-elgiz-q%c9%99hr%c9%99man-v%c9%99-tamella-musayeva-abzasmedia-isin%c9%99-gor%c9%99-h%c9%99bsd%c9%99-olan-s%c9%99xsl%c9%99rl%c9%99-birg%c9%99-f%c9%99aliyy%c9%99td%c9%99-ittiham\/#primaryimage"},"thumbnailUrl":"https:\/\/www.meydan.tv\/wp-content\/uploads\/7978.png","articleSection":["Siyas\u0259t","T\u00f6vsiy\u0259","X\u0259b\u0259rl\u0259r"],"inLanguage":"az"},{"@type":"WebPage","@id":"https:\/\/www.meydan.tv\/az\/article\/imran-eliyev-elgiz-q%c9%99hr%c9%99man-v%c9%99-tamella-musayeva-abzasmedia-isin%c9%99-gor%c9%99-h%c9%99bsd%c9%99-olan-s%c9%99xsl%c9%99rl%c9%99-birg%c9%99-f%c9%99aliyy%c9%99td%c9%99-ittiham\/","url":"https:\/\/www.meydan.tv\/az\/article\/imran-eliyev-elgiz-q%c9%99hr%c9%99man-v%c9%99-tamella-musayeva-abzasmedia-isin%c9%99-gor%c9%99-h%c9%99bsd%c9%99-olan-s%c9%99xsl%c9%99rl%c9%99-birg%c9%99-f%c9%99aliyy%c9%99td%c9%99-ittiham\/","name":"\u0130mran \u018fliyev \"AbzasMedia i\u015fi\u201dn\u0259 g\u00f6r\u0259 h\u0259bsd\u0259 olan \u015f\u0259xsl\u0259rl\u0259 birg\u0259 f\u0259aliyy\u0259td\u0259 ittiham olunur - MEYDAN.TV","isPartOf":{"@id":"https:\/\/www.meydan.tv\/az\/#website"},"primaryImageOfPage":{"@id":"https:\/\/www.meydan.tv\/az\/article\/imran-eliyev-elgiz-q%c9%99hr%c9%99man-v%c9%99-tamella-musayeva-abzasmedia-isin%c9%99-gor%c9%99-h%c9%99bsd%c9%99-olan-s%c9%99xsl%c9%99rl%c9%99-birg%c9%99-f%c9%99aliyy%c9%99td%c9%99-ittiham\/#primaryimage"},"image":{"@id":"https:\/\/www.meydan.tv\/az\/article\/imran-eliyev-elgiz-q%c9%99hr%c9%99man-v%c9%99-tamella-musayeva-abzasmedia-isin%c9%99-gor%c9%99-h%c9%99bsd%c9%99-olan-s%c9%99xsl%c9%99rl%c9%99-birg%c9%99-f%c9%99aliyy%c9%99td%c9%99-ittiham\/#primaryimage"},"thumbnailUrl":"https:\/\/www.meydan.tv\/wp-content\/uploads\/7978.png","datePublished":"2025-06-10T10:54:53+00:00","dateModified":"2025-06-10T10:54:55+00:00","breadcrumb":{"@id":"https:\/\/www.meydan.tv\/az\/article\/imran-eliyev-elgiz-q%c9%99hr%c9%99man-v%c9%99-tamella-musayeva-abzasmedia-isin%c9%99-gor%c9%99-h%c9%99bsd%c9%99-olan-s%c9%99xsl%c9%99rl%c9%99-birg%c9%99-f%c9%99aliyy%c9%99td%c9%99-ittiham\/#breadcrumb"},"inLanguage":"az","potentialAction":[{"@type":"ReadAction","target":["https:\/\/www.meydan.tv\/az\/article\/imran-eliyev-elgiz-q%c9%99hr%c9%99man-v%c9%99-tamella-musayeva-abzasmedia-isin%c9%99-gor%c9%99-h%c9%99bsd%c9%99-olan-s%c9%99xsl%c9%99rl%c9%99-birg%c9%99-f%c9%99aliyy%c9%99td%c9%99-ittiham\/"]}]},{"@type":"ImageObject","inLanguage":"az","@id":"https:\/\/www.meydan.tv\/az\/article\/imran-eliyev-elgiz-q%c9%99hr%c9%99man-v%c9%99-tamella-musayeva-abzasmedia-isin%c9%99-gor%c9%99-h%c9%99bsd%c9%99-olan-s%c9%99xsl%c9%99rl%c9%99-birg%c9%99-f%c9%99aliyy%c9%99td%c9%99-ittiham\/#primaryimage","url":"https:\/\/www.meydan.tv\/wp-content\/uploads\/7978.png","contentUrl":"https:\/\/www.meydan.tv\/wp-content\/uploads\/7978.png","width":1179,"height":576,"caption":"\u0130mran \u018fliyev. Foto: Meydan TV"},{"@type":"BreadcrumbList","@id":"https:\/\/www.meydan.tv\/az\/article\/imran-eliyev-elgiz-q%c9%99hr%c9%99man-v%c9%99-tamella-musayeva-abzasmedia-isin%c9%99-gor%c9%99-h%c9%99bsd%c9%99-olan-s%c9%99xsl%c9%99rl%c9%99-birg%c9%99-f%c9%99aliyy%c9%99td%c9%99-ittiham\/#breadcrumb","itemListElement":[{"@type":"ListItem","position":1,"name":"Ana s\u0259hif\u0259","item":"https:\/\/www.meydan.tv\/az\/"},{"@type":"ListItem","position":2,"name":"Siyas\u0259t","item":"https:\/\/www.meydan.tv\/az\/section\/siyaset\/"},{"@type":"ListItem","position":3,"name":"\u0130mran \u018fliyev &#8220;AbzasMedia i\u015fi\u201dn\u0259 g\u00f6r\u0259 h\u0259bsd\u0259 olan \u015f\u0259xsl\u0259rl\u0259 birg\u0259 f\u0259aliyy\u0259td\u0259 ittiham olunur"}]},{"@type":"WebSite","@id":"https:\/\/www.meydan.tv\/az\/#website","url":"https:\/\/www.meydan.tv\/az\/","name":"MEYDAN.TV","description":"Meydan TV Az\u0259rbaycan\u0131n media m\u0259kan\u0131ndak\u0131 alternativ s\u0259sidir","publisher":{"@id":"https:\/\/www.meydan.tv\/az\/#organization"},"potentialAction":[{"@type":"SearchAction","target":{"@type":"EntryPoint","urlTemplate":"https:\/\/www.meydan.tv\/az\/?s={search_term_string}"},"query-input":{"@type":"PropertyValueSpecification","valueRequired":true,"valueName":"search_term_string"}}],"inLanguage":"az"},{"@type":"Organization","@id":"https:\/\/www.meydan.tv\/az\/#organization","name":"Meydan TV","url":"https:\/\/www.meydan.tv\/az\/","logo":{"@type":"ImageObject","inLanguage":"az","@id":"https:\/\/www.meydan.tv\/az\/#\/schema\/logo\/image\/","url":"https:\/\/www.meydan.tv\/wp-content\/uploads\/2021\/07\/meydan-logo.svg","contentUrl":"https:\/\/www.meydan.tv\/wp-content\/uploads\/2021\/07\/meydan-logo.svg","width":195,"height":46,"caption":"Meydan TV"},"image":{"@id":"https:\/\/www.meydan.tv\/az\/#\/schema\/logo\/image\/"}},{"@type":"Person","@id":"https:\/\/www.meydan.tv\/az\/#\/schema\/person\/09863e516102a829e72bedcf3f84c6b0","name":"mahmud"}]}},"_links":{"self":[{"href":"https:\/\/www.meydan.tv\/az\/wp-json\/wp\/v2\/posts\/331674","targetHints":{"allow":["GET"]}}],"collection":[{"href":"https:\/\/www.meydan.tv\/az\/wp-json\/wp\/v2\/posts"}],"about":[{"href":"https:\/\/www.meydan.tv\/az\/wp-json\/wp\/v2\/types\/post"}],"author":[{"embeddable":true,"href":"https:\/\/www.meydan.tv\/az\/wp-json\/wp\/v2\/users\/21"}],"replies":[{"embeddable":true,"href":"https:\/\/www.meydan.tv\/az\/wp-json\/wp\/v2\/comments?post=331674"}],"version-history":[{"count":5,"href":"https:\/\/www.meydan.tv\/az\/wp-json\/wp\/v2\/posts\/331674\/revisions"}],"predecessor-version":[{"id":331677,"href":"https:\/\/www.meydan.tv\/az\/wp-json\/wp\/v2\/posts\/331674\/revisions\/331677"}],"wp:featuredmedia":[{"embeddable":true,"href":"https:\/\/www.meydan.tv\/az\/wp-json\/wp\/v2\/media\/331052"}],"wp:attachment":[{"href":"https:\/\/www.meydan.tv\/az\/wp-json\/wp\/v2\/media?parent=331674"}],"wp:term":[{"taxonomy":"category","embeddable":true,"href":"https:\/\/www.meydan.tv\/az\/wp-json\/wp\/v2\/categories?post=331674"},{"taxonomy":"post_tag","embeddable":true,"href":"https:\/\/www.meydan.tv\/az\/wp-json\/wp\/v2\/tags?post=331674"}],"curies":[{"name":"wp","href":"https:\/\/api.w.org\/{rel}","templated":true}]}}