{"id":331670,"date":"2025-06-10T14:29:25","date_gmt":"2025-06-10T10:29:25","guid":{"rendered":"https:\/\/www.meydan.tv\/?p=331670"},"modified":"2025-06-10T14:29:27","modified_gmt":"2025-06-10T10:29:27","slug":"h%c9%99bsd%c9%99-olan-huquq-mudafi%c9%99cisinin-m%c9%99hk%c9%99m%c9%99si-baslayir","status":"publish","type":"post","link":"https:\/\/www.meydan.tv\/az\/article\/h%c9%99bsd%c9%99-olan-huquq-mudafi%c9%99cisinin-m%c9%99hk%c9%99m%c9%99si-baslayir\/","title":{"rendered":"H\u0259bsd\u0259 olan h\u00fcquq m\u00fcdafi\u0259\u00e7isinin m\u0259hk\u0259m\u0259si ba\u015flay\u0131r"},"content":{"rendered":"\n<p><strong><em>\u0130\u015f Bak\u0131 A\u011f\u0131r Cinay\u0259tl\u0259r M\u0259hk\u0259m\u0259sin\u0259 g\u00f6nd\u0259rilib<\/em><\/strong><\/p>\n\n\n\n<p>H\u00fcquq m\u00fcdafi\u0259\u00e7isi, &#8220;M\u00fcdafi\u0259 X\u0259tti&#8221; h\u00fcquq-m\u00fcdafi\u0259 t\u0259\u015fkilat\u0131n\u0131n icra\u00e7\u0131 direktoru R\u00fcf\u0259t S\u0259f\u0259rovun cinay\u0259t i\u015fi \u00fczr\u0259 m\u0259hk\u0259m\u0259 ba\u015flay\u0131r.<\/p>\n\n\n\n<p>Cinay\u0259t i\u015fi bax\u0131lmas\u0131 \u00fc\u00e7\u00fcn Bak\u0131 A\u011f\u0131r Cinay\u0259tl\u0259r M\u0259hk\u0259m\u0259sin\u0259 g\u00f6nd\u0259rilib.<\/p>\n\n\n\n<p>R\u00fcf\u0259t S\u0259f\u0259rov 2024-c\u00fc il dekabr\u0131n 3-d\u0259 h\u0259bs olunub.<\/p>\n\n\n\n<p>Ona qar\u015f\u0131 Cinay\u0259t M\u0259c\u0259ll\u0259sinin 127.2.3 (q\u0259sd\u0259n b\u0259d\u0259n\u0259 az a\u011f\u0131r x\u0259sar\u0259t yetirm\u0259), 178.3.2 (k\u00fclli miqdarda ziyan vurmaqla d\u0259l\u0259duzluq) v\u0259 221.1 (xuliqanl\u0131q) madd\u0259l\u0259ril\u0259 ittiham ir\u0259li s\u00fcr\u00fcl\u00fcb.<\/p>\n\n\n\n<p>Cinay\u0259t i\u015find\u0259 iddia olunur ki, R\u00fcf\u0259t S\u0259f\u0259rov Novxan\u0131da torpaq satmaq ad\u0131 il\u0259 Natiq \u0130mamquliyev adl\u0131 \u015f\u0259xsd\u0259n 60 min manat pul al\u0131b.<\/p>\n\n\n\n<p>H\u0259min \u015f\u0259xsl\u0259 2014-c\u00fc il dekabr\u0131n 3-d\u0259 aralar\u0131nda m\u00fcbahis\u0259 d\u00fc\u015f\u00fcb v\u0259 onu vurub.<\/p>\n\n\n\n<p>R\u00fcf\u0259t S\u0259f\u0259rov is\u0259 bu ittihamlar\u0131n saxta oldu\u011funu, h\u0259min g\u00fcn ax\u015fam saat 17:00 rad\u0259l\u0259rind\u0259 ev\u0259 qay\u0131dark\u0259n qarajda ma\u015f\u0131ndan d\u00fc\u015f\u0259nd\u0259 bir n\u0259f\u0259rin ona h\u00fccum etdiyini, d\u0259rhal da \u0259trafdan polisl\u0259rin qaraja daxil olub, onu qandallay\u0131b apard\u0131\u011f\u0131n\u0131 bildirib.<\/p>\n\n\n\n<p>H\u00fcquq m\u00fcdafi\u0259\u00e7isi vur\u011fulay\u0131b ki, Natiq \u0130mamquliyevd\u0259n pul almamas\u0131 bir yana, qarajdak\u0131 hadis\u0259y\u0259 q\u0259d\u0259r \u00fcmumiyy\u0259tl\u0259, onu g\u00f6rm\u0259yib.<\/p>\n\n\n\n<p>R\u00fcf\u0259t S\u0259f\u0259rov h\u0259bsd\u0259 olsa da, 10 dekabr \u2013 Beyn\u0259lxalq \u0130nsan Haqlar\u0131 G\u00fcn\u00fc m\u00fcnasib\u0259til\u0259 h\u0259min vaxt AB\u015e-nin d\u00f6vl\u0259t katibi v\u0259zif\u0259sini da\u015f\u0131yan Entoni Blinken onu \u201c\u0130lin g\u00fccl\u00fc h\u00fcquq m\u00fcdafi\u0259\u00e7isi\u201d m\u00fckafat\u0131 il\u0259 t\u0259ltif edib.<\/p>\n\n\n\n<p>Ke\u00e7mi\u015f d\u00f6vl\u0259t katibi \u00e7\u0131x\u0131\u015f\u0131nda vur\u011fulay\u0131b ki, R\u00fcf\u0259t S\u0259f\u0259rov h\u00fcquq m\u00fcdafi\u0259\u00e7isi kimi f\u0259aliyy\u0259tin\u0259 g\u00f6r\u0259 h\u0259bs edildiyi \u00fc\u00e7\u00fcn m\u00fckafat\u0131 \u00f6z\u00fc q\u0259bul ed\u0259 bilmir.<\/p>\n\n\n\n<p>R\u00fcf\u0259t S\u0259f\u0259rov vaxtil\u0259 K\u0259nd T\u0259s\u0259rr\u00fcfat\u0131 Nazirliyind\u0259 ba\u015f h\u00fcquq\u015f\u00fcnas, ard\u0131nca prokurorluqda m\u00fcst\u0259ntiq i\u015fl\u0259yib.<\/p>\n\n\n\n<p>O, 2015-ci ilin dekabr\u0131nda \u00f6lk\u0259d\u0259 insan h\u00fcquqlar\u0131n\u0131n pozulmas\u0131, qanunlar\u0131n i\u015fl\u0259m\u0259m\u0259sin\u0259 etiraz olaraq b\u0259yanatla prokurorlu\u011fun m\u00fcst\u0259ntiqi v\u0259zif\u0259sind\u0259n istefa verib.<\/p>\n\n\n\n<p>Bu add\u0131m\u0131ndan sonra onun m\u0259nzilind\u0259 axtar\u0131\u015f aparan prokurorluq \u00f6z\u00fcn\u00fcn d\u0259 haqq\u0131nda cinay\u0259t i\u015fi ba\u015flad\u0131b v\u0259 o, h\u0259bs olunub.<\/p>\n\n\n\n<p>R\u00fcf\u0259t S\u0259f\u0259rov 9 il azadl\u0131qdan m\u0259hrum edilib.<\/p>\n\n\n\n<p>2019-ci ilin mart\u0131nda \u0259fv s\u0259r\u0259ncam\u0131 il\u0259 vaxt\u0131ndan \u0259vv\u0259l azadl\u0131\u011fa burax\u0131landan sonra \u201cM\u00fcdafi\u0259 X\u0259tti\u201d t\u0259\u015fkilat\u0131n\u0131 t\u0259sis ed\u0259r\u0259k insan h\u00fcquqlar\u0131n\u0131n m\u00fcdafi\u0259sil\u0259 m\u0259\u015f\u011ful olma\u011fa ba\u015flay\u0131b.<\/p>\n","protected":false},"excerpt":{"rendered":"<p>\u0130\u015f Bak\u0131 A\u011f\u0131r Cinay\u0259tl\u0259r M\u0259hk\u0259m\u0259sin\u0259 g\u00f6nd\u0259rilib H\u00fcquq m\u00fcdafi\u0259\u00e7isi, &#8220;M\u00fcdafi\u0259 X\u0259tti&#8221; &#8230; <\/p>\n<p class=\"read-more-container\"><a title=\"H\u0259bsd\u0259 olan h\u00fcquq m\u00fcdafi\u0259\u00e7isinin m\u0259hk\u0259m\u0259si ba\u015flay\u0131r\" class=\"read-more button\" href=\"https:\/\/www.meydan.tv\/az\/article\/h%c9%99bsd%c9%99-olan-huquq-mudafi%c9%99cisinin-m%c9%99hk%c9%99m%c9%99si-baslayir\/#more-331670\" aria-label=\"Read more about H\u0259bsd\u0259 olan h\u00fcquq m\u00fcdafi\u0259\u00e7isinin m\u0259hk\u0259m\u0259si ba\u015flay\u0131r\">Davam\u0131<\/a><\/p>\n","protected":false},"author":21,"featured_media":322803,"comment_status":"closed","ping_status":"closed","sticky":false,"template":"","format":"standard","meta":{"_acf_changed":false,"_sitemap_exclude":false,"_sitemap_priority":"","_sitemap_frequency":"","footnotes":""},"categories":[59,56],"tags":[],"class_list":["post-331670","post","type-post","status-publish","format-standard","has-post-thumbnail","hentry","category-siyaset","category-xeberler","infinite-scroll-item","generate-columns","tablet-grid-50","mobile-grid-100","grid-parent","grid-33","no-featured-image-padding"],"acf":[],"yoast_head":"<!-- This site is optimized with the Yoast SEO plugin v27.5 - https:\/\/yoast.com\/product\/yoast-seo-wordpress\/ -->\n<title>H\u0259bsd\u0259 olan h\u00fcquq m\u00fcdafi\u0259\u00e7isinin m\u0259hk\u0259m\u0259si ba\u015flay\u0131r - MEYDAN.TV<\/title>\n<meta name=\"robots\" content=\"index, follow, max-snippet:-1, max-image-preview:large, max-video-preview:-1\" \/>\n<link rel=\"canonical\" href=\"https:\/\/www.meydan.tv\/az\/article\/h%c9%99bsd%c9%99-olan-huquq-mudafi%c9%99cisinin-m%c9%99hk%c9%99m%c9%99si-baslayir\/\" \/>\n<meta property=\"og:locale\" content=\"az_AZ\" \/>\n<meta property=\"og:type\" content=\"article\" \/>\n<meta property=\"og:title\" content=\"H\u0259bsd\u0259 olan h\u00fcquq m\u00fcdafi\u0259\u00e7isinin m\u0259hk\u0259m\u0259si ba\u015flay\u0131r - MEYDAN.TV\" \/>\n<meta property=\"og:description\" content=\"\u0130\u015f Bak\u0131 A\u011f\u0131r Cinay\u0259tl\u0259r M\u0259hk\u0259m\u0259sin\u0259 g\u00f6nd\u0259rilib H\u00fcquq m\u00fcdafi\u0259\u00e7isi, &#8220;M\u00fcdafi\u0259 X\u0259tti&#8221; ... Davam\u0131\" \/>\n<meta property=\"og:url\" content=\"https:\/\/www.meydan.tv\/az\/article\/h%c9%99bsd%c9%99-olan-huquq-mudafi%c9%99cisinin-m%c9%99hk%c9%99m%c9%99si-baslayir\/\" \/>\n<meta property=\"og:site_name\" content=\"MEYDAN.TV\" \/>\n<meta property=\"article:published_time\" content=\"2025-06-10T10:29:25+00:00\" \/>\n<meta property=\"article:modified_time\" content=\"2025-06-10T10:29:27+00:00\" \/>\n<meta property=\"og:image\" content=\"https:\/\/www.meydan.tv\/wp-content\/uploads\/1cdbe7f2-0e97-4131-9e9f-4e4828e57a55-e1734193103319.jpg\" \/>\n\t<meta property=\"og:image:width\" content=\"1280\" \/>\n\t<meta property=\"og:image:height\" content=\"530\" \/>\n\t<meta property=\"og:image:type\" content=\"image\/jpeg\" \/>\n<meta name=\"author\" content=\"mahmud\" \/>\n<meta name=\"twitter:card\" content=\"summary_large_image\" \/>\n<script type=\"application\/ld+json\" class=\"yoast-schema-graph\">{\"@context\":\"https:\\\/\\\/schema.org\",\"@graph\":[{\"@type\":\"Article\",\"@id\":\"https:\\\/\\\/www.meydan.tv\\\/az\\\/article\\\/h%c9%99bsd%c9%99-olan-huquq-mudafi%c9%99cisinin-m%c9%99hk%c9%99m%c9%99si-baslayir\\\/#article\",\"isPartOf\":{\"@id\":\"https:\\\/\\\/www.meydan.tv\\\/az\\\/article\\\/h%c9%99bsd%c9%99-olan-huquq-mudafi%c9%99cisinin-m%c9%99hk%c9%99m%c9%99si-baslayir\\\/\"},\"author\":{\"name\":\"mahmud\",\"@id\":\"https:\\\/\\\/www.meydan.tv\\\/az\\\/#\\\/schema\\\/person\\\/09863e516102a829e72bedcf3f84c6b0\"},\"headline\":\"H\u0259bsd\u0259 olan h\u00fcquq m\u00fcdafi\u0259\u00e7isinin m\u0259hk\u0259m\u0259si ba\u015flay\u0131r\",\"datePublished\":\"2025-06-10T10:29:25+00:00\",\"dateModified\":\"2025-06-10T10:29:27+00:00\",\"mainEntityOfPage\":{\"@id\":\"https:\\\/\\\/www.meydan.tv\\\/az\\\/article\\\/h%c9%99bsd%c9%99-olan-huquq-mudafi%c9%99cisinin-m%c9%99hk%c9%99m%c9%99si-baslayir\\\/\"},\"wordCount\":507,\"publisher\":{\"@id\":\"https:\\\/\\\/www.meydan.tv\\\/az\\\/#organization\"},\"image\":{\"@id\":\"https:\\\/\\\/www.meydan.tv\\\/az\\\/article\\\/h%c9%99bsd%c9%99-olan-huquq-mudafi%c9%99cisinin-m%c9%99hk%c9%99m%c9%99si-baslayir\\\/#primaryimage\"},\"thumbnailUrl\":\"https:\\\/\\\/www.meydan.tv\\\/wp-content\\\/uploads\\\/1cdbe7f2-0e97-4131-9e9f-4e4828e57a55-e1734193103319.jpg\",\"articleSection\":[\"Siyas\u0259t\",\"X\u0259b\u0259rl\u0259r\"],\"inLanguage\":\"az\"},{\"@type\":\"WebPage\",\"@id\":\"https:\\\/\\\/www.meydan.tv\\\/az\\\/article\\\/h%c9%99bsd%c9%99-olan-huquq-mudafi%c9%99cisinin-m%c9%99hk%c9%99m%c9%99si-baslayir\\\/\",\"url\":\"https:\\\/\\\/www.meydan.tv\\\/az\\\/article\\\/h%c9%99bsd%c9%99-olan-huquq-mudafi%c9%99cisinin-m%c9%99hk%c9%99m%c9%99si-baslayir\\\/\",\"name\":\"H\u0259bsd\u0259 olan h\u00fcquq m\u00fcdafi\u0259\u00e7isinin m\u0259hk\u0259m\u0259si ba\u015flay\u0131r - MEYDAN.TV\",\"isPartOf\":{\"@id\":\"https:\\\/\\\/www.meydan.tv\\\/az\\\/#website\"},\"primaryImageOfPage\":{\"@id\":\"https:\\\/\\\/www.meydan.tv\\\/az\\\/article\\\/h%c9%99bsd%c9%99-olan-huquq-mudafi%c9%99cisinin-m%c9%99hk%c9%99m%c9%99si-baslayir\\\/#primaryimage\"},\"image\":{\"@id\":\"https:\\\/\\\/www.meydan.tv\\\/az\\\/article\\\/h%c9%99bsd%c9%99-olan-huquq-mudafi%c9%99cisinin-m%c9%99hk%c9%99m%c9%99si-baslayir\\\/#primaryimage\"},\"thumbnailUrl\":\"https:\\\/\\\/www.meydan.tv\\\/wp-content\\\/uploads\\\/1cdbe7f2-0e97-4131-9e9f-4e4828e57a55-e1734193103319.jpg\",\"datePublished\":\"2025-06-10T10:29:25+00:00\",\"dateModified\":\"2025-06-10T10:29:27+00:00\",\"breadcrumb\":{\"@id\":\"https:\\\/\\\/www.meydan.tv\\\/az\\\/article\\\/h%c9%99bsd%c9%99-olan-huquq-mudafi%c9%99cisinin-m%c9%99hk%c9%99m%c9%99si-baslayir\\\/#breadcrumb\"},\"inLanguage\":\"az\",\"potentialAction\":[{\"@type\":\"ReadAction\",\"target\":[\"https:\\\/\\\/www.meydan.tv\\\/az\\\/article\\\/h%c9%99bsd%c9%99-olan-huquq-mudafi%c9%99cisinin-m%c9%99hk%c9%99m%c9%99si-baslayir\\\/\"]}]},{\"@type\":\"ImageObject\",\"inLanguage\":\"az\",\"@id\":\"https:\\\/\\\/www.meydan.tv\\\/az\\\/article\\\/h%c9%99bsd%c9%99-olan-huquq-mudafi%c9%99cisinin-m%c9%99hk%c9%99m%c9%99si-baslayir\\\/#primaryimage\",\"url\":\"https:\\\/\\\/www.meydan.tv\\\/wp-content\\\/uploads\\\/1cdbe7f2-0e97-4131-9e9f-4e4828e57a55-e1734193103319.jpg\",\"contentUrl\":\"https:\\\/\\\/www.meydan.tv\\\/wp-content\\\/uploads\\\/1cdbe7f2-0e97-4131-9e9f-4e4828e57a55-e1734193103319.jpg\",\"width\":1280,\"height\":530,\"caption\":\"R\u00fcf\u0259t S\u0259f\u0259rov. \u0130ll\u00fcstrasiya: Meydan TV\"},{\"@type\":\"BreadcrumbList\",\"@id\":\"https:\\\/\\\/www.meydan.tv\\\/az\\\/article\\\/h%c9%99bsd%c9%99-olan-huquq-mudafi%c9%99cisinin-m%c9%99hk%c9%99m%c9%99si-baslayir\\\/#breadcrumb\",\"itemListElement\":[{\"@type\":\"ListItem\",\"position\":1,\"name\":\"Ana s\u0259hif\u0259\",\"item\":\"https:\\\/\\\/www.meydan.tv\\\/az\\\/\"},{\"@type\":\"ListItem\",\"position\":2,\"name\":\"Siyas\u0259t\",\"item\":\"https:\\\/\\\/www.meydan.tv\\\/az\\\/section\\\/siyaset\\\/\"},{\"@type\":\"ListItem\",\"position\":3,\"name\":\"H\u0259bsd\u0259 olan h\u00fcquq m\u00fcdafi\u0259\u00e7isinin m\u0259hk\u0259m\u0259si ba\u015flay\u0131r\"}]},{\"@type\":\"WebSite\",\"@id\":\"https:\\\/\\\/www.meydan.tv\\\/az\\\/#website\",\"url\":\"https:\\\/\\\/www.meydan.tv\\\/az\\\/\",\"name\":\"MEYDAN.TV\",\"description\":\"Meydan TV Az\u0259rbaycan\u0131n media m\u0259kan\u0131ndak\u0131 alternativ s\u0259sidir\",\"publisher\":{\"@id\":\"https:\\\/\\\/www.meydan.tv\\\/az\\\/#organization\"},\"potentialAction\":[{\"@type\":\"SearchAction\",\"target\":{\"@type\":\"EntryPoint\",\"urlTemplate\":\"https:\\\/\\\/www.meydan.tv\\\/az\\\/?s={search_term_string}\"},\"query-input\":{\"@type\":\"PropertyValueSpecification\",\"valueRequired\":true,\"valueName\":\"search_term_string\"}}],\"inLanguage\":\"az\"},{\"@type\":\"Organization\",\"@id\":\"https:\\\/\\\/www.meydan.tv\\\/az\\\/#organization\",\"name\":\"Meydan TV\",\"url\":\"https:\\\/\\\/www.meydan.tv\\\/az\\\/\",\"logo\":{\"@type\":\"ImageObject\",\"inLanguage\":\"az\",\"@id\":\"https:\\\/\\\/www.meydan.tv\\\/az\\\/#\\\/schema\\\/logo\\\/image\\\/\",\"url\":\"https:\\\/\\\/www.meydan.tv\\\/wp-content\\\/uploads\\\/2021\\\/07\\\/meydan-logo.svg\",\"contentUrl\":\"https:\\\/\\\/www.meydan.tv\\\/wp-content\\\/uploads\\\/2021\\\/07\\\/meydan-logo.svg\",\"width\":195,\"height\":46,\"caption\":\"Meydan TV\"},\"image\":{\"@id\":\"https:\\\/\\\/www.meydan.tv\\\/az\\\/#\\\/schema\\\/logo\\\/image\\\/\"}},{\"@type\":\"Person\",\"@id\":\"https:\\\/\\\/www.meydan.tv\\\/az\\\/#\\\/schema\\\/person\\\/09863e516102a829e72bedcf3f84c6b0\",\"name\":\"mahmud\"}]}<\/script>\n<!-- \/ Yoast SEO plugin. -->","yoast_head_json":{"title":"H\u0259bsd\u0259 olan h\u00fcquq m\u00fcdafi\u0259\u00e7isinin m\u0259hk\u0259m\u0259si ba\u015flay\u0131r - MEYDAN.TV","robots":{"index":"index","follow":"follow","max-snippet":"max-snippet:-1","max-image-preview":"max-image-preview:large","max-video-preview":"max-video-preview:-1"},"canonical":"https:\/\/www.meydan.tv\/az\/article\/h%c9%99bsd%c9%99-olan-huquq-mudafi%c9%99cisinin-m%c9%99hk%c9%99m%c9%99si-baslayir\/","og_locale":"az_AZ","og_type":"article","og_title":"H\u0259bsd\u0259 olan h\u00fcquq m\u00fcdafi\u0259\u00e7isinin m\u0259hk\u0259m\u0259si ba\u015flay\u0131r - MEYDAN.TV","og_description":"\u0130\u015f Bak\u0131 A\u011f\u0131r Cinay\u0259tl\u0259r M\u0259hk\u0259m\u0259sin\u0259 g\u00f6nd\u0259rilib H\u00fcquq m\u00fcdafi\u0259\u00e7isi, &#8220;M\u00fcdafi\u0259 X\u0259tti&#8221; ... Davam\u0131","og_url":"https:\/\/www.meydan.tv\/az\/article\/h%c9%99bsd%c9%99-olan-huquq-mudafi%c9%99cisinin-m%c9%99hk%c9%99m%c9%99si-baslayir\/","og_site_name":"MEYDAN.TV","article_published_time":"2025-06-10T10:29:25+00:00","article_modified_time":"2025-06-10T10:29:27+00:00","og_image":[{"width":1280,"height":530,"url":"https:\/\/www.meydan.tv\/wp-content\/uploads\/1cdbe7f2-0e97-4131-9e9f-4e4828e57a55-e1734193103319.jpg","type":"image\/jpeg"}],"author":"mahmud","twitter_card":"summary_large_image","schema":{"@context":"https:\/\/schema.org","@graph":[{"@type":"Article","@id":"https:\/\/www.meydan.tv\/az\/article\/h%c9%99bsd%c9%99-olan-huquq-mudafi%c9%99cisinin-m%c9%99hk%c9%99m%c9%99si-baslayir\/#article","isPartOf":{"@id":"https:\/\/www.meydan.tv\/az\/article\/h%c9%99bsd%c9%99-olan-huquq-mudafi%c9%99cisinin-m%c9%99hk%c9%99m%c9%99si-baslayir\/"},"author":{"name":"mahmud","@id":"https:\/\/www.meydan.tv\/az\/#\/schema\/person\/09863e516102a829e72bedcf3f84c6b0"},"headline":"H\u0259bsd\u0259 olan h\u00fcquq m\u00fcdafi\u0259\u00e7isinin m\u0259hk\u0259m\u0259si ba\u015flay\u0131r","datePublished":"2025-06-10T10:29:25+00:00","dateModified":"2025-06-10T10:29:27+00:00","mainEntityOfPage":{"@id":"https:\/\/www.meydan.tv\/az\/article\/h%c9%99bsd%c9%99-olan-huquq-mudafi%c9%99cisinin-m%c9%99hk%c9%99m%c9%99si-baslayir\/"},"wordCount":507,"publisher":{"@id":"https:\/\/www.meydan.tv\/az\/#organization"},"image":{"@id":"https:\/\/www.meydan.tv\/az\/article\/h%c9%99bsd%c9%99-olan-huquq-mudafi%c9%99cisinin-m%c9%99hk%c9%99m%c9%99si-baslayir\/#primaryimage"},"thumbnailUrl":"https:\/\/www.meydan.tv\/wp-content\/uploads\/1cdbe7f2-0e97-4131-9e9f-4e4828e57a55-e1734193103319.jpg","articleSection":["Siyas\u0259t","X\u0259b\u0259rl\u0259r"],"inLanguage":"az"},{"@type":"WebPage","@id":"https:\/\/www.meydan.tv\/az\/article\/h%c9%99bsd%c9%99-olan-huquq-mudafi%c9%99cisinin-m%c9%99hk%c9%99m%c9%99si-baslayir\/","url":"https:\/\/www.meydan.tv\/az\/article\/h%c9%99bsd%c9%99-olan-huquq-mudafi%c9%99cisinin-m%c9%99hk%c9%99m%c9%99si-baslayir\/","name":"H\u0259bsd\u0259 olan h\u00fcquq m\u00fcdafi\u0259\u00e7isinin m\u0259hk\u0259m\u0259si ba\u015flay\u0131r - MEYDAN.TV","isPartOf":{"@id":"https:\/\/www.meydan.tv\/az\/#website"},"primaryImageOfPage":{"@id":"https:\/\/www.meydan.tv\/az\/article\/h%c9%99bsd%c9%99-olan-huquq-mudafi%c9%99cisinin-m%c9%99hk%c9%99m%c9%99si-baslayir\/#primaryimage"},"image":{"@id":"https:\/\/www.meydan.tv\/az\/article\/h%c9%99bsd%c9%99-olan-huquq-mudafi%c9%99cisinin-m%c9%99hk%c9%99m%c9%99si-baslayir\/#primaryimage"},"thumbnailUrl":"https:\/\/www.meydan.tv\/wp-content\/uploads\/1cdbe7f2-0e97-4131-9e9f-4e4828e57a55-e1734193103319.jpg","datePublished":"2025-06-10T10:29:25+00:00","dateModified":"2025-06-10T10:29:27+00:00","breadcrumb":{"@id":"https:\/\/www.meydan.tv\/az\/article\/h%c9%99bsd%c9%99-olan-huquq-mudafi%c9%99cisinin-m%c9%99hk%c9%99m%c9%99si-baslayir\/#breadcrumb"},"inLanguage":"az","potentialAction":[{"@type":"ReadAction","target":["https:\/\/www.meydan.tv\/az\/article\/h%c9%99bsd%c9%99-olan-huquq-mudafi%c9%99cisinin-m%c9%99hk%c9%99m%c9%99si-baslayir\/"]}]},{"@type":"ImageObject","inLanguage":"az","@id":"https:\/\/www.meydan.tv\/az\/article\/h%c9%99bsd%c9%99-olan-huquq-mudafi%c9%99cisinin-m%c9%99hk%c9%99m%c9%99si-baslayir\/#primaryimage","url":"https:\/\/www.meydan.tv\/wp-content\/uploads\/1cdbe7f2-0e97-4131-9e9f-4e4828e57a55-e1734193103319.jpg","contentUrl":"https:\/\/www.meydan.tv\/wp-content\/uploads\/1cdbe7f2-0e97-4131-9e9f-4e4828e57a55-e1734193103319.jpg","width":1280,"height":530,"caption":"R\u00fcf\u0259t S\u0259f\u0259rov. \u0130ll\u00fcstrasiya: Meydan TV"},{"@type":"BreadcrumbList","@id":"https:\/\/www.meydan.tv\/az\/article\/h%c9%99bsd%c9%99-olan-huquq-mudafi%c9%99cisinin-m%c9%99hk%c9%99m%c9%99si-baslayir\/#breadcrumb","itemListElement":[{"@type":"ListItem","position":1,"name":"Ana s\u0259hif\u0259","item":"https:\/\/www.meydan.tv\/az\/"},{"@type":"ListItem","position":2,"name":"Siyas\u0259t","item":"https:\/\/www.meydan.tv\/az\/section\/siyaset\/"},{"@type":"ListItem","position":3,"name":"H\u0259bsd\u0259 olan h\u00fcquq m\u00fcdafi\u0259\u00e7isinin m\u0259hk\u0259m\u0259si ba\u015flay\u0131r"}]},{"@type":"WebSite","@id":"https:\/\/www.meydan.tv\/az\/#website","url":"https:\/\/www.meydan.tv\/az\/","name":"MEYDAN.TV","description":"Meydan TV Az\u0259rbaycan\u0131n media m\u0259kan\u0131ndak\u0131 alternativ s\u0259sidir","publisher":{"@id":"https:\/\/www.meydan.tv\/az\/#organization"},"potentialAction":[{"@type":"SearchAction","target":{"@type":"EntryPoint","urlTemplate":"https:\/\/www.meydan.tv\/az\/?s={search_term_string}"},"query-input":{"@type":"PropertyValueSpecification","valueRequired":true,"valueName":"search_term_string"}}],"inLanguage":"az"},{"@type":"Organization","@id":"https:\/\/www.meydan.tv\/az\/#organization","name":"Meydan TV","url":"https:\/\/www.meydan.tv\/az\/","logo":{"@type":"ImageObject","inLanguage":"az","@id":"https:\/\/www.meydan.tv\/az\/#\/schema\/logo\/image\/","url":"https:\/\/www.meydan.tv\/wp-content\/uploads\/2021\/07\/meydan-logo.svg","contentUrl":"https:\/\/www.meydan.tv\/wp-content\/uploads\/2021\/07\/meydan-logo.svg","width":195,"height":46,"caption":"Meydan TV"},"image":{"@id":"https:\/\/www.meydan.tv\/az\/#\/schema\/logo\/image\/"}},{"@type":"Person","@id":"https:\/\/www.meydan.tv\/az\/#\/schema\/person\/09863e516102a829e72bedcf3f84c6b0","name":"mahmud"}]}},"_links":{"self":[{"href":"https:\/\/www.meydan.tv\/az\/wp-json\/wp\/v2\/posts\/331670","targetHints":{"allow":["GET"]}}],"collection":[{"href":"https:\/\/www.meydan.tv\/az\/wp-json\/wp\/v2\/posts"}],"about":[{"href":"https:\/\/www.meydan.tv\/az\/wp-json\/wp\/v2\/types\/post"}],"author":[{"embeddable":true,"href":"https:\/\/www.meydan.tv\/az\/wp-json\/wp\/v2\/users\/21"}],"replies":[{"embeddable":true,"href":"https:\/\/www.meydan.tv\/az\/wp-json\/wp\/v2\/comments?post=331670"}],"version-history":[{"count":3,"href":"https:\/\/www.meydan.tv\/az\/wp-json\/wp\/v2\/posts\/331670\/revisions"}],"predecessor-version":[{"id":331673,"href":"https:\/\/www.meydan.tv\/az\/wp-json\/wp\/v2\/posts\/331670\/revisions\/331673"}],"wp:featuredmedia":[{"embeddable":true,"href":"https:\/\/www.meydan.tv\/az\/wp-json\/wp\/v2\/media\/322803"}],"wp:attachment":[{"href":"https:\/\/www.meydan.tv\/az\/wp-json\/wp\/v2\/media?parent=331670"}],"wp:term":[{"taxonomy":"category","embeddable":true,"href":"https:\/\/www.meydan.tv\/az\/wp-json\/wp\/v2\/categories?post=331670"},{"taxonomy":"post_tag","embeddable":true,"href":"https:\/\/www.meydan.tv\/az\/wp-json\/wp\/v2\/tags?post=331670"}],"curies":[{"name":"wp","href":"https:\/\/api.w.org\/{rel}","templated":true}]}}