{"id":331655,"date":"2025-06-09T13:12:40","date_gmt":"2025-06-09T09:12:40","guid":{"rendered":"https:\/\/www.meydan.tv\/?p=331655"},"modified":"2025-06-10T12:17:32","modified_gmt":"2025-06-10T08:17:32","slug":"naxcivanda-17-n%c9%99f%c9%99r-don%c9%99rd%c9%99n-z%c9%99h%c9%99rl%c9%99nib","status":"publish","type":"post","link":"https:\/\/www.meydan.tv\/az\/article\/naxcivanda-17-n%c9%99f%c9%99r-don%c9%99rd%c9%99n-z%c9%99h%c9%99rl%c9%99nib\/","title":{"rendered":"Nax\u00e7\u0131vanda 17 n\u0259f\u0259r\u00a0d\u00f6n\u0259rd\u0259n z\u0259h\u0259rl\u0259nib"},"content":{"rendered":"\n<p><strong><em>Z\u0259h\u0259rl\u0259n\u0259nl\u0259rin 9 n\u0259f\u0259ri azya\u015fl\u0131d\u0131r<\/em><\/strong><\/p>\n\n\n\n<p>Nax\u00e7\u0131van \u015f\u0259h\u0259rind\u0259 yerl\u0259\u015f\u0259n d\u00f6n\u0259rxanada 17 n\u0259f\u0259r qidadan z\u0259h\u0259rl\u0259nib. <br><br>Bu bar\u0259d\u0259 APA Nax\u00e7\u0131van Muxtar Respublikas\u0131n\u0131n Qida T\u0259hl\u00fck\u0259sizliyi Agentliyin\u0259 istinad\u0259n <a href=\"https:\/\/apa.az\/hadise\/naxcivanda-donerden-zeherlenen-17-neferden-9-u-azyaslidir-muraciet-sayi-coxdur-yenilenib-903799\" target=\"_blank\" rel=\"noreferrer noopener\">m\u0259lumat verir<\/a>.<\/p>\n\n\n\n<p>M\u0259lumata \u0259sas\u0259n, Nax\u00e7\u0131van Muxtar Respublikas\u0131 Yoluxucu X\u0259st\u0259likl\u0259r M\u0259rk\u0259zinin h\u0259kim-infekionisti N\u0259zmin Allahverdiyeva z\u0259h\u0259rl\u0259n\u0259nl\u0259rd\u0259n 9 n\u0259f\u0259rin azya\u015fl\u0131 oldu\u011funu deyib:<\/p>\n\n\n\n<ul class=\"wp-block-list\">\n<li><\/li>\n<\/ul>\n\n\n\n<p><em>&#8220;Daxil olark\u0259n x\u0259st\u0259l\u0259rin v\u0259ziyy\u0259ti orta-a\u011f\u0131r, iki n\u0259f\u0259r x\u0259st\u0259nin v\u0259ziyy\u0259ti is\u0259 a\u011f\u0131r v\u0259ziyy\u0259td\u0259 idi. Bunlardan 3-\u00fc ayr\u0131 ail\u0259 \u00fczvl\u0259ri olub. 5 n\u0259f\u0259r bir ail\u0259d\u0259n, 4 n\u0259f\u0259r bir, 3 n\u0259f\u0259r is\u0259 ayr\u0131 bir ail\u0259d\u0259n olub. \u00dcmumi z\u0259h\u0259rl\u0259n\u0259nl\u0259rin say\u0131 17 n\u0259f\u0259r olub&#8221;. <\/em><\/p>\n\n\n\n<p>N.Allahverdiyeva h\u0259m d\u0259 bildirib ki, m\u00fcraci\u0259t ed\u0259nl\u0259rin 17 n\u0259f\u0259r olmas\u0131na baxmayaraq,  z\u0259h\u0259rl\u0259nm\u0259 hal\u0131n\u0131n daha \u00e7ox oldu\u011fu bar\u0259d\u0259 m\u0259lumat var: <br><br><em>&#8220;Y\u0259ni, t\u0259cili tibbi yard\u0131m \u015f\u00f6b\u0259sin\u0259 daha \u00e7ox x\u0259st\u0259 m\u00fcraci\u0259t edib&#8221;.<\/em><\/p>\n\n\n\n<p>Qida T\u0259hl\u00fck\u0259sizliyi Agentliyind\u0259n faktla ba\u011fl\u0131 ara\u015fd\u0131rma apar\u0131ld\u0131\u011f\u0131, n\u0259tic\u0259l\u0259r bar\u0259d\u0259 ictimaiyy\u0259t\u0259 m\u0259lumat veril\u0259c\u0259yi d\u0259 bildirilib.<\/p>\n\n\n\n<p>APA h\u0259m d\u0259 bildirir ki, bu, son 20 g\u00fcn \u0259rzind\u0259 Nax\u00e7\u0131vanda d\u00f6n\u0259rd\u0259n ikinci k\u00fctl\u0259vi z\u0259h\u0259rl\u0259nm\u0259 hadis\u0259sidir. May\u0131n 21-i Nax\u00e7\u0131vanda d\u00f6n\u0259rd\u0259n 7 n\u0259f\u0259r z\u0259h\u0259rl\u0259nmi\u015fdi.<\/p>\n\n\n\n<p><\/p>\n","protected":false},"excerpt":{"rendered":"<p>Z\u0259h\u0259rl\u0259n\u0259nl\u0259rin 9 n\u0259f\u0259ri azya\u015fl\u0131d\u0131r Nax\u00e7\u0131van \u015f\u0259h\u0259rind\u0259 yerl\u0259\u015f\u0259n d\u00f6n\u0259rxanada 17 n\u0259f\u0259r &#8230; <\/p>\n<p class=\"read-more-container\"><a title=\"Nax\u00e7\u0131vanda 17 n\u0259f\u0259r\u00a0d\u00f6n\u0259rd\u0259n z\u0259h\u0259rl\u0259nib\" class=\"read-more button\" href=\"https:\/\/www.meydan.tv\/az\/article\/naxcivanda-17-n%c9%99f%c9%99r-don%c9%99rd%c9%99n-z%c9%99h%c9%99rl%c9%99nib\/#more-331655\" aria-label=\"Read more about Nax\u00e7\u0131vanda 17 n\u0259f\u0259r\u00a0d\u00f6n\u0259rd\u0259n z\u0259h\u0259rl\u0259nib\">Davam\u0131<\/a><\/p>\n","protected":false},"author":16,"featured_media":161754,"comment_status":"closed","ping_status":"closed","sticky":false,"template":"","format":"standard","meta":{"_acf_changed":false,"_sitemap_exclude":false,"_sitemap_priority":"","_sitemap_frequency":"","footnotes":""},"categories":[62,79,56],"tags":[],"class_list":["post-331655","post","type-post","status-publish","format-standard","has-post-thumbnail","hentry","category-sosial","category-featured","category-xeberler","infinite-scroll-item","generate-columns","tablet-grid-50","mobile-grid-100","grid-parent","grid-33","no-featured-image-padding"],"acf":[],"yoast_head":"<!-- This site is optimized with the Yoast SEO plugin v27.4 - https:\/\/yoast.com\/product\/yoast-seo-wordpress\/ -->\n<title>Nax\u00e7\u0131vanda 17 n\u0259f\u0259r\u00a0d\u00f6n\u0259rd\u0259n z\u0259h\u0259rl\u0259nib - MEYDAN.TV<\/title>\n<meta name=\"robots\" content=\"index, follow, max-snippet:-1, max-image-preview:large, max-video-preview:-1\" \/>\n<link rel=\"canonical\" href=\"https:\/\/www.meydan.tv\/az\/article\/naxcivanda-17-n%c9%99f%c9%99r-don%c9%99rd%c9%99n-z%c9%99h%c9%99rl%c9%99nib\/\" \/>\n<meta property=\"og:locale\" content=\"az_AZ\" \/>\n<meta property=\"og:type\" content=\"article\" \/>\n<meta property=\"og:title\" content=\"Nax\u00e7\u0131vanda 17 n\u0259f\u0259r\u00a0d\u00f6n\u0259rd\u0259n z\u0259h\u0259rl\u0259nib - MEYDAN.TV\" \/>\n<meta property=\"og:description\" content=\"Z\u0259h\u0259rl\u0259n\u0259nl\u0259rin 9 n\u0259f\u0259ri azya\u015fl\u0131d\u0131r Nax\u00e7\u0131van \u015f\u0259h\u0259rind\u0259 yerl\u0259\u015f\u0259n d\u00f6n\u0259rxanada 17 n\u0259f\u0259r ... Davam\u0131\" \/>\n<meta property=\"og:url\" content=\"https:\/\/www.meydan.tv\/az\/article\/naxcivanda-17-n%c9%99f%c9%99r-don%c9%99rd%c9%99n-z%c9%99h%c9%99rl%c9%99nib\/\" \/>\n<meta property=\"og:site_name\" content=\"MEYDAN.TV\" \/>\n<meta property=\"article:published_time\" content=\"2025-06-09T09:12:40+00:00\" \/>\n<meta property=\"article:modified_time\" content=\"2025-06-10T08:17:32+00:00\" \/>\n<meta property=\"og:image\" content=\"https:\/\/www.meydan.tv\/wp-content\/uploads\/kovid.original-scaled.jpg\" \/>\n\t<meta property=\"og:image:width\" content=\"2560\" \/>\n\t<meta property=\"og:image:height\" content=\"1440\" \/>\n\t<meta property=\"og:image:type\" content=\"image\/jpeg\" \/>\n<meta name=\"author\" content=\"sevda\" \/>\n<meta name=\"twitter:card\" content=\"summary_large_image\" \/>\n<script type=\"application\/ld+json\" class=\"yoast-schema-graph\">{\"@context\":\"https:\\\/\\\/schema.org\",\"@graph\":[{\"@type\":\"Article\",\"@id\":\"https:\\\/\\\/www.meydan.tv\\\/az\\\/article\\\/naxcivanda-17-n%c9%99f%c9%99r-don%c9%99rd%c9%99n-z%c9%99h%c9%99rl%c9%99nib\\\/#article\",\"isPartOf\":{\"@id\":\"https:\\\/\\\/www.meydan.tv\\\/az\\\/article\\\/naxcivanda-17-n%c9%99f%c9%99r-don%c9%99rd%c9%99n-z%c9%99h%c9%99rl%c9%99nib\\\/\"},\"author\":{\"name\":\"sevda\",\"@id\":\"https:\\\/\\\/www.meydan.tv\\\/az\\\/#\\\/schema\\\/person\\\/49b5f2bad5b126bb8ea9320eeb3e4dc9\"},\"headline\":\"Nax\u00e7\u0131vanda 17 n\u0259f\u0259r\u00a0d\u00f6n\u0259rd\u0259n z\u0259h\u0259rl\u0259nib\",\"datePublished\":\"2025-06-09T09:12:40+00:00\",\"dateModified\":\"2025-06-10T08:17:32+00:00\",\"mainEntityOfPage\":{\"@id\":\"https:\\\/\\\/www.meydan.tv\\\/az\\\/article\\\/naxcivanda-17-n%c9%99f%c9%99r-don%c9%99rd%c9%99n-z%c9%99h%c9%99rl%c9%99nib\\\/\"},\"wordCount\":295,\"publisher\":{\"@id\":\"https:\\\/\\\/www.meydan.tv\\\/az\\\/#organization\"},\"image\":{\"@id\":\"https:\\\/\\\/www.meydan.tv\\\/az\\\/article\\\/naxcivanda-17-n%c9%99f%c9%99r-don%c9%99rd%c9%99n-z%c9%99h%c9%99rl%c9%99nib\\\/#primaryimage\"},\"thumbnailUrl\":\"https:\\\/\\\/www.meydan.tv\\\/wp-content\\\/uploads\\\/kovid.original-scaled.jpg\",\"articleSection\":[\"Sosial\",\"T\u00f6vsiy\u0259\",\"X\u0259b\u0259rl\u0259r\"],\"inLanguage\":\"az\"},{\"@type\":\"WebPage\",\"@id\":\"https:\\\/\\\/www.meydan.tv\\\/az\\\/article\\\/naxcivanda-17-n%c9%99f%c9%99r-don%c9%99rd%c9%99n-z%c9%99h%c9%99rl%c9%99nib\\\/\",\"url\":\"https:\\\/\\\/www.meydan.tv\\\/az\\\/article\\\/naxcivanda-17-n%c9%99f%c9%99r-don%c9%99rd%c9%99n-z%c9%99h%c9%99rl%c9%99nib\\\/\",\"name\":\"Nax\u00e7\u0131vanda 17 n\u0259f\u0259r\u00a0d\u00f6n\u0259rd\u0259n z\u0259h\u0259rl\u0259nib - MEYDAN.TV\",\"isPartOf\":{\"@id\":\"https:\\\/\\\/www.meydan.tv\\\/az\\\/#website\"},\"primaryImageOfPage\":{\"@id\":\"https:\\\/\\\/www.meydan.tv\\\/az\\\/article\\\/naxcivanda-17-n%c9%99f%c9%99r-don%c9%99rd%c9%99n-z%c9%99h%c9%99rl%c9%99nib\\\/#primaryimage\"},\"image\":{\"@id\":\"https:\\\/\\\/www.meydan.tv\\\/az\\\/article\\\/naxcivanda-17-n%c9%99f%c9%99r-don%c9%99rd%c9%99n-z%c9%99h%c9%99rl%c9%99nib\\\/#primaryimage\"},\"thumbnailUrl\":\"https:\\\/\\\/www.meydan.tv\\\/wp-content\\\/uploads\\\/kovid.original-scaled.jpg\",\"datePublished\":\"2025-06-09T09:12:40+00:00\",\"dateModified\":\"2025-06-10T08:17:32+00:00\",\"breadcrumb\":{\"@id\":\"https:\\\/\\\/www.meydan.tv\\\/az\\\/article\\\/naxcivanda-17-n%c9%99f%c9%99r-don%c9%99rd%c9%99n-z%c9%99h%c9%99rl%c9%99nib\\\/#breadcrumb\"},\"inLanguage\":\"az\",\"potentialAction\":[{\"@type\":\"ReadAction\",\"target\":[\"https:\\\/\\\/www.meydan.tv\\\/az\\\/article\\\/naxcivanda-17-n%c9%99f%c9%99r-don%c9%99rd%c9%99n-z%c9%99h%c9%99rl%c9%99nib\\\/\"]}]},{\"@type\":\"ImageObject\",\"inLanguage\":\"az\",\"@id\":\"https:\\\/\\\/www.meydan.tv\\\/az\\\/article\\\/naxcivanda-17-n%c9%99f%c9%99r-don%c9%99rd%c9%99n-z%c9%99h%c9%99rl%c9%99nib\\\/#primaryimage\",\"url\":\"https:\\\/\\\/www.meydan.tv\\\/wp-content\\\/uploads\\\/kovid.original-scaled.jpg\",\"contentUrl\":\"https:\\\/\\\/www.meydan.tv\\\/wp-content\\\/uploads\\\/kovid.original-scaled.jpg\",\"width\":2560,\"height\":1440,\"caption\":\"\u0130ll\u00fcstrasiya: Meydan TV\"},{\"@type\":\"BreadcrumbList\",\"@id\":\"https:\\\/\\\/www.meydan.tv\\\/az\\\/article\\\/naxcivanda-17-n%c9%99f%c9%99r-don%c9%99rd%c9%99n-z%c9%99h%c9%99rl%c9%99nib\\\/#breadcrumb\",\"itemListElement\":[{\"@type\":\"ListItem\",\"position\":1,\"name\":\"Ana s\u0259hif\u0259\",\"item\":\"https:\\\/\\\/www.meydan.tv\\\/az\\\/\"},{\"@type\":\"ListItem\",\"position\":2,\"name\":\"X\u0259b\u0259rl\u0259r\",\"item\":\"https:\\\/\\\/www.meydan.tv\\\/az\\\/section\\\/xeberler\\\/\"},{\"@type\":\"ListItem\",\"position\":3,\"name\":\"Nax\u00e7\u0131vanda 17 n\u0259f\u0259r\u00a0d\u00f6n\u0259rd\u0259n z\u0259h\u0259rl\u0259nib\"}]},{\"@type\":\"WebSite\",\"@id\":\"https:\\\/\\\/www.meydan.tv\\\/az\\\/#website\",\"url\":\"https:\\\/\\\/www.meydan.tv\\\/az\\\/\",\"name\":\"MEYDAN.TV\",\"description\":\"Meydan TV Az\u0259rbaycan\u0131n media m\u0259kan\u0131ndak\u0131 alternativ s\u0259sidir\",\"publisher\":{\"@id\":\"https:\\\/\\\/www.meydan.tv\\\/az\\\/#organization\"},\"potentialAction\":[{\"@type\":\"SearchAction\",\"target\":{\"@type\":\"EntryPoint\",\"urlTemplate\":\"https:\\\/\\\/www.meydan.tv\\\/az\\\/?s={search_term_string}\"},\"query-input\":{\"@type\":\"PropertyValueSpecification\",\"valueRequired\":true,\"valueName\":\"search_term_string\"}}],\"inLanguage\":\"az\"},{\"@type\":\"Organization\",\"@id\":\"https:\\\/\\\/www.meydan.tv\\\/az\\\/#organization\",\"name\":\"Meydan TV\",\"url\":\"https:\\\/\\\/www.meydan.tv\\\/az\\\/\",\"logo\":{\"@type\":\"ImageObject\",\"inLanguage\":\"az\",\"@id\":\"https:\\\/\\\/www.meydan.tv\\\/az\\\/#\\\/schema\\\/logo\\\/image\\\/\",\"url\":\"https:\\\/\\\/www.meydan.tv\\\/wp-content\\\/uploads\\\/2021\\\/07\\\/meydan-logo.svg\",\"contentUrl\":\"https:\\\/\\\/www.meydan.tv\\\/wp-content\\\/uploads\\\/2021\\\/07\\\/meydan-logo.svg\",\"width\":195,\"height\":46,\"caption\":\"Meydan TV\"},\"image\":{\"@id\":\"https:\\\/\\\/www.meydan.tv\\\/az\\\/#\\\/schema\\\/logo\\\/image\\\/\"}},{\"@type\":\"Person\",\"@id\":\"https:\\\/\\\/www.meydan.tv\\\/az\\\/#\\\/schema\\\/person\\\/49b5f2bad5b126bb8ea9320eeb3e4dc9\",\"name\":\"sevda\"}]}<\/script>\n<!-- \/ Yoast SEO plugin. -->","yoast_head_json":{"title":"Nax\u00e7\u0131vanda 17 n\u0259f\u0259r\u00a0d\u00f6n\u0259rd\u0259n z\u0259h\u0259rl\u0259nib - MEYDAN.TV","robots":{"index":"index","follow":"follow","max-snippet":"max-snippet:-1","max-image-preview":"max-image-preview:large","max-video-preview":"max-video-preview:-1"},"canonical":"https:\/\/www.meydan.tv\/az\/article\/naxcivanda-17-n%c9%99f%c9%99r-don%c9%99rd%c9%99n-z%c9%99h%c9%99rl%c9%99nib\/","og_locale":"az_AZ","og_type":"article","og_title":"Nax\u00e7\u0131vanda 17 n\u0259f\u0259r\u00a0d\u00f6n\u0259rd\u0259n z\u0259h\u0259rl\u0259nib - MEYDAN.TV","og_description":"Z\u0259h\u0259rl\u0259n\u0259nl\u0259rin 9 n\u0259f\u0259ri azya\u015fl\u0131d\u0131r Nax\u00e7\u0131van \u015f\u0259h\u0259rind\u0259 yerl\u0259\u015f\u0259n d\u00f6n\u0259rxanada 17 n\u0259f\u0259r ... Davam\u0131","og_url":"https:\/\/www.meydan.tv\/az\/article\/naxcivanda-17-n%c9%99f%c9%99r-don%c9%99rd%c9%99n-z%c9%99h%c9%99rl%c9%99nib\/","og_site_name":"MEYDAN.TV","article_published_time":"2025-06-09T09:12:40+00:00","article_modified_time":"2025-06-10T08:17:32+00:00","og_image":[{"width":2560,"height":1440,"url":"https:\/\/www.meydan.tv\/wp-content\/uploads\/kovid.original-scaled.jpg","type":"image\/jpeg"}],"author":"sevda","twitter_card":"summary_large_image","schema":{"@context":"https:\/\/schema.org","@graph":[{"@type":"Article","@id":"https:\/\/www.meydan.tv\/az\/article\/naxcivanda-17-n%c9%99f%c9%99r-don%c9%99rd%c9%99n-z%c9%99h%c9%99rl%c9%99nib\/#article","isPartOf":{"@id":"https:\/\/www.meydan.tv\/az\/article\/naxcivanda-17-n%c9%99f%c9%99r-don%c9%99rd%c9%99n-z%c9%99h%c9%99rl%c9%99nib\/"},"author":{"name":"sevda","@id":"https:\/\/www.meydan.tv\/az\/#\/schema\/person\/49b5f2bad5b126bb8ea9320eeb3e4dc9"},"headline":"Nax\u00e7\u0131vanda 17 n\u0259f\u0259r\u00a0d\u00f6n\u0259rd\u0259n z\u0259h\u0259rl\u0259nib","datePublished":"2025-06-09T09:12:40+00:00","dateModified":"2025-06-10T08:17:32+00:00","mainEntityOfPage":{"@id":"https:\/\/www.meydan.tv\/az\/article\/naxcivanda-17-n%c9%99f%c9%99r-don%c9%99rd%c9%99n-z%c9%99h%c9%99rl%c9%99nib\/"},"wordCount":295,"publisher":{"@id":"https:\/\/www.meydan.tv\/az\/#organization"},"image":{"@id":"https:\/\/www.meydan.tv\/az\/article\/naxcivanda-17-n%c9%99f%c9%99r-don%c9%99rd%c9%99n-z%c9%99h%c9%99rl%c9%99nib\/#primaryimage"},"thumbnailUrl":"https:\/\/www.meydan.tv\/wp-content\/uploads\/kovid.original-scaled.jpg","articleSection":["Sosial","T\u00f6vsiy\u0259","X\u0259b\u0259rl\u0259r"],"inLanguage":"az"},{"@type":"WebPage","@id":"https:\/\/www.meydan.tv\/az\/article\/naxcivanda-17-n%c9%99f%c9%99r-don%c9%99rd%c9%99n-z%c9%99h%c9%99rl%c9%99nib\/","url":"https:\/\/www.meydan.tv\/az\/article\/naxcivanda-17-n%c9%99f%c9%99r-don%c9%99rd%c9%99n-z%c9%99h%c9%99rl%c9%99nib\/","name":"Nax\u00e7\u0131vanda 17 n\u0259f\u0259r\u00a0d\u00f6n\u0259rd\u0259n z\u0259h\u0259rl\u0259nib - MEYDAN.TV","isPartOf":{"@id":"https:\/\/www.meydan.tv\/az\/#website"},"primaryImageOfPage":{"@id":"https:\/\/www.meydan.tv\/az\/article\/naxcivanda-17-n%c9%99f%c9%99r-don%c9%99rd%c9%99n-z%c9%99h%c9%99rl%c9%99nib\/#primaryimage"},"image":{"@id":"https:\/\/www.meydan.tv\/az\/article\/naxcivanda-17-n%c9%99f%c9%99r-don%c9%99rd%c9%99n-z%c9%99h%c9%99rl%c9%99nib\/#primaryimage"},"thumbnailUrl":"https:\/\/www.meydan.tv\/wp-content\/uploads\/kovid.original-scaled.jpg","datePublished":"2025-06-09T09:12:40+00:00","dateModified":"2025-06-10T08:17:32+00:00","breadcrumb":{"@id":"https:\/\/www.meydan.tv\/az\/article\/naxcivanda-17-n%c9%99f%c9%99r-don%c9%99rd%c9%99n-z%c9%99h%c9%99rl%c9%99nib\/#breadcrumb"},"inLanguage":"az","potentialAction":[{"@type":"ReadAction","target":["https:\/\/www.meydan.tv\/az\/article\/naxcivanda-17-n%c9%99f%c9%99r-don%c9%99rd%c9%99n-z%c9%99h%c9%99rl%c9%99nib\/"]}]},{"@type":"ImageObject","inLanguage":"az","@id":"https:\/\/www.meydan.tv\/az\/article\/naxcivanda-17-n%c9%99f%c9%99r-don%c9%99rd%c9%99n-z%c9%99h%c9%99rl%c9%99nib\/#primaryimage","url":"https:\/\/www.meydan.tv\/wp-content\/uploads\/kovid.original-scaled.jpg","contentUrl":"https:\/\/www.meydan.tv\/wp-content\/uploads\/kovid.original-scaled.jpg","width":2560,"height":1440,"caption":"\u0130ll\u00fcstrasiya: Meydan TV"},{"@type":"BreadcrumbList","@id":"https:\/\/www.meydan.tv\/az\/article\/naxcivanda-17-n%c9%99f%c9%99r-don%c9%99rd%c9%99n-z%c9%99h%c9%99rl%c9%99nib\/#breadcrumb","itemListElement":[{"@type":"ListItem","position":1,"name":"Ana s\u0259hif\u0259","item":"https:\/\/www.meydan.tv\/az\/"},{"@type":"ListItem","position":2,"name":"X\u0259b\u0259rl\u0259r","item":"https:\/\/www.meydan.tv\/az\/section\/xeberler\/"},{"@type":"ListItem","position":3,"name":"Nax\u00e7\u0131vanda 17 n\u0259f\u0259r\u00a0d\u00f6n\u0259rd\u0259n z\u0259h\u0259rl\u0259nib"}]},{"@type":"WebSite","@id":"https:\/\/www.meydan.tv\/az\/#website","url":"https:\/\/www.meydan.tv\/az\/","name":"MEYDAN.TV","description":"Meydan TV Az\u0259rbaycan\u0131n media m\u0259kan\u0131ndak\u0131 alternativ s\u0259sidir","publisher":{"@id":"https:\/\/www.meydan.tv\/az\/#organization"},"potentialAction":[{"@type":"SearchAction","target":{"@type":"EntryPoint","urlTemplate":"https:\/\/www.meydan.tv\/az\/?s={search_term_string}"},"query-input":{"@type":"PropertyValueSpecification","valueRequired":true,"valueName":"search_term_string"}}],"inLanguage":"az"},{"@type":"Organization","@id":"https:\/\/www.meydan.tv\/az\/#organization","name":"Meydan TV","url":"https:\/\/www.meydan.tv\/az\/","logo":{"@type":"ImageObject","inLanguage":"az","@id":"https:\/\/www.meydan.tv\/az\/#\/schema\/logo\/image\/","url":"https:\/\/www.meydan.tv\/wp-content\/uploads\/2021\/07\/meydan-logo.svg","contentUrl":"https:\/\/www.meydan.tv\/wp-content\/uploads\/2021\/07\/meydan-logo.svg","width":195,"height":46,"caption":"Meydan TV"},"image":{"@id":"https:\/\/www.meydan.tv\/az\/#\/schema\/logo\/image\/"}},{"@type":"Person","@id":"https:\/\/www.meydan.tv\/az\/#\/schema\/person\/49b5f2bad5b126bb8ea9320eeb3e4dc9","name":"sevda"}]}},"_links":{"self":[{"href":"https:\/\/www.meydan.tv\/az\/wp-json\/wp\/v2\/posts\/331655","targetHints":{"allow":["GET"]}}],"collection":[{"href":"https:\/\/www.meydan.tv\/az\/wp-json\/wp\/v2\/posts"}],"about":[{"href":"https:\/\/www.meydan.tv\/az\/wp-json\/wp\/v2\/types\/post"}],"author":[{"embeddable":true,"href":"https:\/\/www.meydan.tv\/az\/wp-json\/wp\/v2\/users\/16"}],"replies":[{"embeddable":true,"href":"https:\/\/www.meydan.tv\/az\/wp-json\/wp\/v2\/comments?post=331655"}],"version-history":[{"count":6,"href":"https:\/\/www.meydan.tv\/az\/wp-json\/wp\/v2\/posts\/331655\/revisions"}],"predecessor-version":[{"id":331661,"href":"https:\/\/www.meydan.tv\/az\/wp-json\/wp\/v2\/posts\/331655\/revisions\/331661"}],"wp:featuredmedia":[{"embeddable":true,"href":"https:\/\/www.meydan.tv\/az\/wp-json\/wp\/v2\/media\/161754"}],"wp:attachment":[{"href":"https:\/\/www.meydan.tv\/az\/wp-json\/wp\/v2\/media?parent=331655"}],"wp:term":[{"taxonomy":"category","embeddable":true,"href":"https:\/\/www.meydan.tv\/az\/wp-json\/wp\/v2\/categories?post=331655"},{"taxonomy":"post_tag","embeddable":true,"href":"https:\/\/www.meydan.tv\/az\/wp-json\/wp\/v2\/tags?post=331655"}],"curies":[{"name":"wp","href":"https:\/\/api.w.org\/{rel}","templated":true}]}}