{"id":331649,"date":"2025-06-07T13:01:50","date_gmt":"2025-06-07T09:01:50","guid":{"rendered":"https:\/\/www.meydan.tv\/?p=331649"},"modified":"2025-06-07T13:03:15","modified_gmt":"2025-06-07T09:03:15","slug":"afi%c9%99ddin-m%c9%99mm%c9%99dovun-h%c9%99bsd%c9%99-t%c9%99hdidl%c9%99r%c9%99-m%c9%99ruz-qaldigi-deyilir","status":"publish","type":"post","link":"https:\/\/www.meydan.tv\/az\/article\/afi%c9%99ddin-m%c9%99mm%c9%99dovun-h%c9%99bsd%c9%99-t%c9%99hdidl%c9%99r%c9%99-m%c9%99ruz-qaldigi-deyilir\/","title":{"rendered":"Afi\u0259ddin M\u0259mm\u0259dovun h\u0259bsd\u0259 t\u0259hdidl\u0259r\u0259 m\u0259ruz qald\u0131\u011f\u0131 deyilir"},"content":{"rendered":"\n<p><\/p>\n\n\n\n<p><strong><em>Deputat: \u201cKiml\u0259rins\u0259 h\u0259bsxanalar\u0131 bir sanatoriya kimi g\u00f6st\u0259rm\u0259l\u0259ri do\u011fru deyil&#8221;<\/em><\/strong><\/p>\n\n\n\n<p>\u201c\u0130\u015f\u00e7i Masas\u0131\u201d H\u0259mkarlar \u0130ttifaqlar\u0131 Konfederasiyas\u0131n\u0131n h\u0259bsd\u0259 olan s\u0259dri Afi\u0259ddin M\u0259mm\u0259dovun t\u0259hdidl\u0259r\u0259 m\u0259ruz qald\u0131\u011f\u0131 deyilir.<\/p>\n\n\n\n<p>Bu bar\u0259d\u0259 Konfederasiyan\u0131n iyunun 6-da yayd\u0131\u011f\u0131 <a href=\"https:\/\/www.facebook.com\/iscimasasi\/posts\/pfbid02ESgN7CKCUFac2tf3CPi7btBtTyzv9JRooPWFfbciBLoSAp7FaFgcEWiCUDDieHcHl\" target=\"_blank\" rel=\"noreferrer noopener\">a\u00e7\u0131qlamada <\/a>m\u0259lumat verilib.<\/p>\n\n\n\n<p>Konfederasiyan\u0131n yayd\u0131\u011f\u0131 a\u00e7\u0131qlamaya g\u00f6r\u0259, Afi\u0259ddin M\u0259mm\u0259dovun haz\u0131rda saxland\u0131\u011f\u0131 2 sayl\u0131 C\u0259za\u00e7\u0259km\u0259 M\u00fc\u0259ssis\u0259sinin r\u0259hb\u0259rliyi t\u0259r\u0259find\u0259n daha a\u011f\u0131r rejimli m\u00fc\u0259ssis\u0259y\u0259 k\u00f6\u00e7\u00fcr\u00fclm\u0259kl\u0259 h\u0259d\u0259l\u0259nib.<\/p>\n\n\n\n<p>T\u0259\u015fkilat qeyd edir ki, Afi\u0259ddin M\u0259mm\u0259dov bu yax\u0131nlarda saxland\u0131\u011f\u0131 2 sayl\u0131 C\u0259za\u00e7\u0259km\u0259 M\u00fc\u0259ssis\u0259sind\u0259ki antisanitar v\u0259ziyy\u0259ti <a href=\"https:\/\/www.facebook.com\/Jamnyus\/photos\/-i%C5%9F%C3%A7i-masas%C4%B1-konfederasiyas%C4%B1n%C4%B1n-h%C9%99bsd%C9%99-olan-s%C9%99dri-afi%C9%99ddin-m%C9%99mm%C9%99dov-2-sayl%C4%B1-c%C9%99za\/1313191073814593\" target=\"_blank\" rel=\"noreferrer noopener\">ictimail\u0259\u015fdirib<\/a>.<\/p>\n\n\n\n<p>Afi\u0259ddin M\u0259mm\u0259dovun ail\u0259sin\u0259 g\u00f6nd\u0259rdiyi v\u0259 may\u0131n 30-da yay\u0131mlanan h\u0259min m\u0259ktubunda deyilirdi ki, \u00a02 sayl\u0131 C\u0259za\u00e7\u0259km\u0259 M\u00fc\u0259ssis\u0259sind\u0259 250-d\u0259n \u00e7ox m\u0259hbus \u00fc\u00e7\u00fcn c\u0259mi d\u00f6rd sanitar qov\u015fa\u011f\u0131 var.<\/p>\n\n\n\n<p><em>\u201cM\u0259tb\u0259xd\u0259 si\u00e7anlar s\u0259rb\u0259st \u015f\u0259kild\u0259 g\u0259zir, \u0259rzaq qutular\u0131n\u0131 de\u015fir v\u0259 yem\u0259kl\u0259ri yeyirl\u0259r&#8221;.<\/em><\/p>\n\n\n\n<p>Afi\u0259ddin M\u0259mm\u0259dov ail\u0259sin\u0259 bildirib ki, saxland\u0131\u011f\u0131 kamerada m\u0259hbuslar\u0131n say\u0131 normadan art\u0131qd\u0131r v\u0259 onun indiy\u0259d\u0259k h\u0259bsxanadan ictimail\u0259\u015fdirdiyi m\u0259s\u0259l\u0259l\u0259r t\u0259kc\u0259 ictimai-siyasi f\u0259allarla ba\u011fl\u0131 deyil, m\u0259hb\u0259sd\u0259ki b\u00fct\u00fcn m\u0259hbuslar\u0131n haqlar\u0131 il\u0259 ba\u011fl\u0131 olub.<\/p>\n\n\n\n<p><em>&#8220;Bu a\u00e7\u0131qlamadan sonra m\u00fc\u0259ssis\u0259 r\u0259hb\u0259rliyi ona qar\u015f\u0131 m\u0259n\u0259vi t\u0259zyiql\u0259r g\u00f6st\u0259rm\u0259y\u0259 ba\u015flay\u0131b v\u0259 Afi\u0259ddini daha a\u011f\u0131r rejimli qapal\u0131 c\u0259za\u00e7\u0259km\u0259 m\u00fc\u0259ssis\u0259sin\u0259 k\u00f6\u00e7\u00fcrm\u0259kl\u0259 h\u0259d\u0259l\u0259yib&#8221;- <\/em>T\u0259\u015fkilat\u0131n yayd\u0131\u011f\u0131 a\u00e7\u0131qlamada bel\u0259 deyilir.<\/p>\n\n\n\n<p>&#8220;\u0130\u015f\u00e7i Masas\u0131&#8221;n\u0131n bu a\u00e7\u0131qlamas\u0131na 2 sayl\u0131 C\u0259za\u00e7\u0259km\u0259 M\u00fc\u0259ssis\u0259sinin r\u0259hb\u0259rliyi v\u0259 Penitensiar Xidm\u0259t h\u0259l\u0259lik m\u00fcnasib\u0259t bildirm\u0259yib.<\/p>\n\n\n\n<p>Milli M\u0259clisin \u0130nsan H\u00fcquqlar\u0131 Komit\u0259sinin s\u0259dri Zahid Oruc &nbsp;\u201cAzadl\u0131q\u201d radiosuna <a href=\"https:\/\/www.azadliq.org\/a\/afieddin-mammadov-tecridxanada-durum\/33429744.html\" target=\"_blank\" rel=\"noreferrer noopener\">bildirib<\/a> ki, \u018fdliyy\u0259 Nazirliyi v\u0259 onun t\u0259rkibind\u0259ki Penitensiar Xidm\u0259tin r\u0259hb\u0259rliyi sadalanan probleml\u0259rl\u0259 ba\u011fl\u0131 m\u0259lumatl\u0131d\u0131r v\u0259 probleml\u0259rin q\u0131sa zamanda h\u0259ll edil\u0259c\u0259yin\u0259 inan\u0131r: <\/p>\n\n\n<div class=\"wp-block-image\">\n<figure class=\"alignleft size-full is-resized\"><img decoding=\"async\" width=\"1200\" height=\"676\" data-src=\"https:\/\/www.meydan.tv\/wp-content\/uploads\/screenshot_2-40.png\" alt=\"Foto: Zahid Orucun \u015f\u0259xsi arxivind\u0259n\" class=\"wp-image-312128 lazyload\" style=\"--smush-placeholder-width: 1200px; --smush-placeholder-aspect-ratio: 1200\/676;width:410px;height:auto\" src=\"data:image\/svg+xml;base64,PHN2ZyB3aWR0aD0iMSIgaGVpZ2h0PSIxIiB4bWxucz0iaHR0cDovL3d3dy53My5vcmcvMjAwMC9zdmciPjwvc3ZnPg==\" \/><figcaption class=\"wp-element-caption\">Foto: Zahid Orucun \u015f\u0259xsi arxivind\u0259n<\/figcaption><\/figure>\n<\/div>\n\n\n<p><em>\u201cB\u0259z\u0259n siyasi \u015f\u0259xsl\u0259r m\u0259s\u0259l\u0259ni daha f\u0259rqli bir kontekstd\u0259 g\u00f6st\u0259r\u0259r\u0259k \u00f6zl\u0259rin\u0259 x\u00fcsusi bir imtiyaz, \u0259lahidd\u0259 diqq\u0259t, m\u00fcnasib\u0259t t\u0259l\u0259b edirl\u0259r. Bu, b\u0259z\u0259n dig\u0259r m\u0259hbuslar aras\u0131nda \u00e7ox ciddi bir naraz\u0131l\u0131q do\u011furur. Sanki bunlar imtiyazl\u0131 q\u00fcvv\u0259dir, dig\u0259rl\u0259ris\u0259 s\u0131radan m\u0259hkumdurlar kimi qeyri-b\u0259rab\u0259r v\u0259ziyy\u0259t d\u0259 qar\u015f\u0131m\u0131za \u00e7\u0131x\u0131b. Ancaq bu m\u0259s\u0259l\u0259ni kimin qald\u0131rma\u011f\u0131ndan as\u0131l\u0131 olmayaraq, subyekt\u0259 qiym\u0259t verm\u0259d\u0259n, problem varsa, h\u0259llini tapmal\u0131d\u0131r. Ombudsman illik m\u0259lumatlar\u0131n\u0131 parlamentd\u0259 t\u0259qdim ed\u0259rk\u0259n, m\u00fczakir\u0259l\u0259r zaman\u0131 \u0259n \u00e7ox vur\u011fulanan probleml\u0259rd\u0259n biri c\u0259za\u00e7\u0259km\u0259 m\u00fc\u0259ssis\u0259l\u0259rind\u0259 \u00fcmumi saxlana bil\u0259c\u0259k m\u0259hkumlar\u0131n say\u0131ndan b\u0259z\u0259n 1.5 d\u0259f\u0259 art\u0131q m\u0259hkumlarla ba\u011fl\u0131 faktlar\u0131 g\u00f6r\u00fcr\u00fck. Bu y\u00f6nd\u0259 h\u0259y\u0259can siqnal\u0131 d\u0259f\u0259l\u0259rl\u0259 \u00e7al\u0131n\u0131b. Amma kiml\u0259rins\u0259 h\u0259bsxanalar\u0131 bir sanatoriya kimi g\u00f6st\u0259rm\u0259l\u0259ri d\u0259 do\u011fru deyil&#8221;.<\/em><\/p>\n\n\n\n<p>Afi\u0259ddin M\u0259mm\u0259dov \u0130\u015f\u00e7i Masas\u0131 H\u0259mkarlar \u0130ttifaqlar\u0131 Konfederasiyas\u0131n\u0131n s\u0259dri kimi tan\u0131n\u0131r. Bu t\u0259\u015fkilat 2022-ci il mart\u0131n 1-d\u0259 yarad\u0131l\u0131b v\u0259 Az\u0259rbaycanda i\u015f\u00e7il\u0259rin h\u00fcquqlar\u0131n\u0131 m\u00fcdafi\u0259 etm\u0259k m\u0259qs\u0259di da\u015f\u0131y\u0131r.<\/p>\n\n\n\n<p>Afi\u0259ddin M\u0259mm\u0259dov i\u015f\u00e7il\u0259rin \u0259m\u0259k h\u00fcquqlar\u0131n\u0131n qorunmas\u0131 il\u0259 ba\u011fl\u0131 etiraz aksiyalar\u0131nda f\u0259al i\u015ftirak edib. O, f\u0259aliyy\u0259tin\u0259 g\u00f6r\u0259, bir ne\u00e7\u0259 d\u0259f\u0259 inzibati h\u0259bsl\u0259rl\u0259 \u00fczl\u0259\u015fib. Bu h\u0259bsl\u0259r x\u0131rda xuliqanl\u0131q v\u0259 polisin qanuni t\u0259l\u0259bin\u0259 tabe olmama ittihamlar\u0131 il\u0259 \u0259sasland\u0131r\u0131l\u0131b.<\/p>\n\n\n\n<p>2023-c\u00fc il sentyabr\u0131n 20-d\u0259 is\u0259 Afi\u0259ddin M\u0259mm\u0259dov cinay\u0259t i\u015fi il\u0259 h\u0259bs olunub v\u0259 ona qar\u015f\u0131 Cinay\u0259t M\u0259c\u0259ll\u0259sinin 126.2.4 (xuliqanl\u0131q niyy\u0259ti il\u0259 q\u0259sd\u0259n sa\u011flaml\u0131\u011fa a\u011f\u0131r z\u0259r\u0259r vurma), 221.3 (silahla xuliqanl\u0131q) v\u0259 228.4 (qanunsuz silah saxlama) madd\u0259l\u0259ri il\u0259 ittiham ir\u0259li s\u00fcr\u00fcl\u00fcb. Yanvar\u0131n 14-d\u0259 ona 8 il h\u0259bs c\u0259zas\u0131 verilib.<\/p>\n","protected":false},"excerpt":{"rendered":"<p>Deputat: \u201cKiml\u0259rins\u0259 h\u0259bsxanalar\u0131 bir sanatoriya kimi g\u00f6st\u0259rm\u0259l\u0259ri do\u011fru deyil&#8221; \u201c\u0130\u015f\u00e7i &#8230; <\/p>\n<p class=\"read-more-container\"><a title=\"Afi\u0259ddin M\u0259mm\u0259dovun h\u0259bsd\u0259 t\u0259hdidl\u0259r\u0259 m\u0259ruz qald\u0131\u011f\u0131 deyilir\" class=\"read-more button\" href=\"https:\/\/www.meydan.tv\/az\/article\/afi%c9%99ddin-m%c9%99mm%c9%99dovun-h%c9%99bsd%c9%99-t%c9%99hdidl%c9%99r%c9%99-m%c9%99ruz-qaldigi-deyilir\/#more-331649\" aria-label=\"Read more about Afi\u0259ddin M\u0259mm\u0259dovun h\u0259bsd\u0259 t\u0259hdidl\u0259r\u0259 m\u0259ruz qald\u0131\u011f\u0131 deyilir\">Davam\u0131<\/a><\/p>\n","protected":false},"author":21,"featured_media":281596,"comment_status":"closed","ping_status":"closed","sticky":false,"template":"","format":"standard","meta":{"_acf_changed":false,"_sitemap_exclude":false,"_sitemap_priority":"","_sitemap_frequency":"","footnotes":""},"categories":[59,79,56],"tags":[],"class_list":["post-331649","post","type-post","status-publish","format-standard","has-post-thumbnail","hentry","category-siyaset","category-featured","category-xeberler","infinite-scroll-item","generate-columns","tablet-grid-50","mobile-grid-100","grid-parent","grid-33","no-featured-image-padding"],"acf":[],"yoast_head":"<!-- This site is optimized with the Yoast SEO plugin v27.5 - https:\/\/yoast.com\/product\/yoast-seo-wordpress\/ -->\n<title>Afi\u0259ddin M\u0259mm\u0259dovun h\u0259bsd\u0259 t\u0259hdidl\u0259r\u0259 m\u0259ruz qald\u0131\u011f\u0131 deyilir - MEYDAN.TV<\/title>\n<meta name=\"robots\" content=\"index, follow, max-snippet:-1, max-image-preview:large, max-video-preview:-1\" \/>\n<link rel=\"canonical\" href=\"https:\/\/www.meydan.tv\/az\/article\/afi%c9%99ddin-m%c9%99mm%c9%99dovun-h%c9%99bsd%c9%99-t%c9%99hdidl%c9%99r%c9%99-m%c9%99ruz-qaldigi-deyilir\/\" \/>\n<meta property=\"og:locale\" content=\"az_AZ\" \/>\n<meta property=\"og:type\" content=\"article\" \/>\n<meta property=\"og:title\" content=\"Afi\u0259ddin M\u0259mm\u0259dovun h\u0259bsd\u0259 t\u0259hdidl\u0259r\u0259 m\u0259ruz qald\u0131\u011f\u0131 deyilir - MEYDAN.TV\" \/>\n<meta property=\"og:description\" content=\"Deputat: \u201cKiml\u0259rins\u0259 h\u0259bsxanalar\u0131 bir sanatoriya kimi g\u00f6st\u0259rm\u0259l\u0259ri do\u011fru deyil&#8221; \u201c\u0130\u015f\u00e7i ... Davam\u0131\" \/>\n<meta property=\"og:url\" content=\"https:\/\/www.meydan.tv\/az\/article\/afi%c9%99ddin-m%c9%99mm%c9%99dovun-h%c9%99bsd%c9%99-t%c9%99hdidl%c9%99r%c9%99-m%c9%99ruz-qaldigi-deyilir\/\" \/>\n<meta property=\"og:site_name\" content=\"MEYDAN.TV\" \/>\n<meta property=\"article:published_time\" content=\"2025-06-07T09:01:50+00:00\" \/>\n<meta property=\"article:modified_time\" content=\"2025-06-07T09:03:15+00:00\" \/>\n<meta property=\"og:image\" content=\"https:\/\/www.meydan.tv\/wp-content\/uploads\/nrl04188-scaled-e1700071259949.jpg\" \/>\n\t<meta property=\"og:image:width\" content=\"2560\" \/>\n\t<meta property=\"og:image:height\" content=\"1425\" \/>\n\t<meta property=\"og:image:type\" content=\"image\/jpeg\" \/>\n<meta name=\"author\" content=\"mahmud\" \/>\n<meta name=\"twitter:card\" content=\"summary_large_image\" \/>\n<script type=\"application\/ld+json\" class=\"yoast-schema-graph\">{\"@context\":\"https:\\\/\\\/schema.org\",\"@graph\":[{\"@type\":\"Article\",\"@id\":\"https:\\\/\\\/www.meydan.tv\\\/az\\\/article\\\/afi%c9%99ddin-m%c9%99mm%c9%99dovun-h%c9%99bsd%c9%99-t%c9%99hdidl%c9%99r%c9%99-m%c9%99ruz-qaldigi-deyilir\\\/#article\",\"isPartOf\":{\"@id\":\"https:\\\/\\\/www.meydan.tv\\\/az\\\/article\\\/afi%c9%99ddin-m%c9%99mm%c9%99dovun-h%c9%99bsd%c9%99-t%c9%99hdidl%c9%99r%c9%99-m%c9%99ruz-qaldigi-deyilir\\\/\"},\"author\":{\"name\":\"mahmud\",\"@id\":\"https:\\\/\\\/www.meydan.tv\\\/az\\\/#\\\/schema\\\/person\\\/09863e516102a829e72bedcf3f84c6b0\"},\"headline\":\"Afi\u0259ddin M\u0259mm\u0259dovun h\u0259bsd\u0259 t\u0259hdidl\u0259r\u0259 m\u0259ruz qald\u0131\u011f\u0131 deyilir\",\"datePublished\":\"2025-06-07T09:01:50+00:00\",\"dateModified\":\"2025-06-07T09:03:15+00:00\",\"mainEntityOfPage\":{\"@id\":\"https:\\\/\\\/www.meydan.tv\\\/az\\\/article\\\/afi%c9%99ddin-m%c9%99mm%c9%99dovun-h%c9%99bsd%c9%99-t%c9%99hdidl%c9%99r%c9%99-m%c9%99ruz-qaldigi-deyilir\\\/\"},\"wordCount\":785,\"publisher\":{\"@id\":\"https:\\\/\\\/www.meydan.tv\\\/az\\\/#organization\"},\"image\":{\"@id\":\"https:\\\/\\\/www.meydan.tv\\\/az\\\/article\\\/afi%c9%99ddin-m%c9%99mm%c9%99dovun-h%c9%99bsd%c9%99-t%c9%99hdidl%c9%99r%c9%99-m%c9%99ruz-qaldigi-deyilir\\\/#primaryimage\"},\"thumbnailUrl\":\"https:\\\/\\\/www.meydan.tv\\\/wp-content\\\/uploads\\\/nrl04188-scaled-e1700071259949.jpg\",\"articleSection\":[\"Siyas\u0259t\",\"T\u00f6vsiy\u0259\",\"X\u0259b\u0259rl\u0259r\"],\"inLanguage\":\"az\"},{\"@type\":\"WebPage\",\"@id\":\"https:\\\/\\\/www.meydan.tv\\\/az\\\/article\\\/afi%c9%99ddin-m%c9%99mm%c9%99dovun-h%c9%99bsd%c9%99-t%c9%99hdidl%c9%99r%c9%99-m%c9%99ruz-qaldigi-deyilir\\\/\",\"url\":\"https:\\\/\\\/www.meydan.tv\\\/az\\\/article\\\/afi%c9%99ddin-m%c9%99mm%c9%99dovun-h%c9%99bsd%c9%99-t%c9%99hdidl%c9%99r%c9%99-m%c9%99ruz-qaldigi-deyilir\\\/\",\"name\":\"Afi\u0259ddin M\u0259mm\u0259dovun h\u0259bsd\u0259 t\u0259hdidl\u0259r\u0259 m\u0259ruz qald\u0131\u011f\u0131 deyilir - MEYDAN.TV\",\"isPartOf\":{\"@id\":\"https:\\\/\\\/www.meydan.tv\\\/az\\\/#website\"},\"primaryImageOfPage\":{\"@id\":\"https:\\\/\\\/www.meydan.tv\\\/az\\\/article\\\/afi%c9%99ddin-m%c9%99mm%c9%99dovun-h%c9%99bsd%c9%99-t%c9%99hdidl%c9%99r%c9%99-m%c9%99ruz-qaldigi-deyilir\\\/#primaryimage\"},\"image\":{\"@id\":\"https:\\\/\\\/www.meydan.tv\\\/az\\\/article\\\/afi%c9%99ddin-m%c9%99mm%c9%99dovun-h%c9%99bsd%c9%99-t%c9%99hdidl%c9%99r%c9%99-m%c9%99ruz-qaldigi-deyilir\\\/#primaryimage\"},\"thumbnailUrl\":\"https:\\\/\\\/www.meydan.tv\\\/wp-content\\\/uploads\\\/nrl04188-scaled-e1700071259949.jpg\",\"datePublished\":\"2025-06-07T09:01:50+00:00\",\"dateModified\":\"2025-06-07T09:03:15+00:00\",\"breadcrumb\":{\"@id\":\"https:\\\/\\\/www.meydan.tv\\\/az\\\/article\\\/afi%c9%99ddin-m%c9%99mm%c9%99dovun-h%c9%99bsd%c9%99-t%c9%99hdidl%c9%99r%c9%99-m%c9%99ruz-qaldigi-deyilir\\\/#breadcrumb\"},\"inLanguage\":\"az\",\"potentialAction\":[{\"@type\":\"ReadAction\",\"target\":[\"https:\\\/\\\/www.meydan.tv\\\/az\\\/article\\\/afi%c9%99ddin-m%c9%99mm%c9%99dovun-h%c9%99bsd%c9%99-t%c9%99hdidl%c9%99r%c9%99-m%c9%99ruz-qaldigi-deyilir\\\/\"]}]},{\"@type\":\"ImageObject\",\"inLanguage\":\"az\",\"@id\":\"https:\\\/\\\/www.meydan.tv\\\/az\\\/article\\\/afi%c9%99ddin-m%c9%99mm%c9%99dovun-h%c9%99bsd%c9%99-t%c9%99hdidl%c9%99r%c9%99-m%c9%99ruz-qaldigi-deyilir\\\/#primaryimage\",\"url\":\"https:\\\/\\\/www.meydan.tv\\\/wp-content\\\/uploads\\\/nrl04188-scaled-e1700071259949.jpg\",\"contentUrl\":\"https:\\\/\\\/www.meydan.tv\\\/wp-content\\\/uploads\\\/nrl04188-scaled-e1700071259949.jpg\",\"width\":2560,\"height\":1425,\"caption\":\"Afi\u0259ddin M\u0259mm\u0259dov. Foto: Meydan TV\"},{\"@type\":\"BreadcrumbList\",\"@id\":\"https:\\\/\\\/www.meydan.tv\\\/az\\\/article\\\/afi%c9%99ddin-m%c9%99mm%c9%99dovun-h%c9%99bsd%c9%99-t%c9%99hdidl%c9%99r%c9%99-m%c9%99ruz-qaldigi-deyilir\\\/#breadcrumb\",\"itemListElement\":[{\"@type\":\"ListItem\",\"position\":1,\"name\":\"Ana s\u0259hif\u0259\",\"item\":\"https:\\\/\\\/www.meydan.tv\\\/az\\\/\"},{\"@type\":\"ListItem\",\"position\":2,\"name\":\"Siyas\u0259t\",\"item\":\"https:\\\/\\\/www.meydan.tv\\\/az\\\/section\\\/siyaset\\\/\"},{\"@type\":\"ListItem\",\"position\":3,\"name\":\"Afi\u0259ddin M\u0259mm\u0259dovun h\u0259bsd\u0259 t\u0259hdidl\u0259r\u0259 m\u0259ruz qald\u0131\u011f\u0131 deyilir\"}]},{\"@type\":\"WebSite\",\"@id\":\"https:\\\/\\\/www.meydan.tv\\\/az\\\/#website\",\"url\":\"https:\\\/\\\/www.meydan.tv\\\/az\\\/\",\"name\":\"MEYDAN.TV\",\"description\":\"Meydan TV Az\u0259rbaycan\u0131n media m\u0259kan\u0131ndak\u0131 alternativ s\u0259sidir\",\"publisher\":{\"@id\":\"https:\\\/\\\/www.meydan.tv\\\/az\\\/#organization\"},\"potentialAction\":[{\"@type\":\"SearchAction\",\"target\":{\"@type\":\"EntryPoint\",\"urlTemplate\":\"https:\\\/\\\/www.meydan.tv\\\/az\\\/?s={search_term_string}\"},\"query-input\":{\"@type\":\"PropertyValueSpecification\",\"valueRequired\":true,\"valueName\":\"search_term_string\"}}],\"inLanguage\":\"az\"},{\"@type\":\"Organization\",\"@id\":\"https:\\\/\\\/www.meydan.tv\\\/az\\\/#organization\",\"name\":\"Meydan TV\",\"url\":\"https:\\\/\\\/www.meydan.tv\\\/az\\\/\",\"logo\":{\"@type\":\"ImageObject\",\"inLanguage\":\"az\",\"@id\":\"https:\\\/\\\/www.meydan.tv\\\/az\\\/#\\\/schema\\\/logo\\\/image\\\/\",\"url\":\"https:\\\/\\\/www.meydan.tv\\\/wp-content\\\/uploads\\\/2021\\\/07\\\/meydan-logo.svg\",\"contentUrl\":\"https:\\\/\\\/www.meydan.tv\\\/wp-content\\\/uploads\\\/2021\\\/07\\\/meydan-logo.svg\",\"width\":195,\"height\":46,\"caption\":\"Meydan TV\"},\"image\":{\"@id\":\"https:\\\/\\\/www.meydan.tv\\\/az\\\/#\\\/schema\\\/logo\\\/image\\\/\"}},{\"@type\":\"Person\",\"@id\":\"https:\\\/\\\/www.meydan.tv\\\/az\\\/#\\\/schema\\\/person\\\/09863e516102a829e72bedcf3f84c6b0\",\"name\":\"mahmud\"}]}<\/script>\n<!-- \/ Yoast SEO plugin. -->","yoast_head_json":{"title":"Afi\u0259ddin M\u0259mm\u0259dovun h\u0259bsd\u0259 t\u0259hdidl\u0259r\u0259 m\u0259ruz qald\u0131\u011f\u0131 deyilir - MEYDAN.TV","robots":{"index":"index","follow":"follow","max-snippet":"max-snippet:-1","max-image-preview":"max-image-preview:large","max-video-preview":"max-video-preview:-1"},"canonical":"https:\/\/www.meydan.tv\/az\/article\/afi%c9%99ddin-m%c9%99mm%c9%99dovun-h%c9%99bsd%c9%99-t%c9%99hdidl%c9%99r%c9%99-m%c9%99ruz-qaldigi-deyilir\/","og_locale":"az_AZ","og_type":"article","og_title":"Afi\u0259ddin M\u0259mm\u0259dovun h\u0259bsd\u0259 t\u0259hdidl\u0259r\u0259 m\u0259ruz qald\u0131\u011f\u0131 deyilir - MEYDAN.TV","og_description":"Deputat: \u201cKiml\u0259rins\u0259 h\u0259bsxanalar\u0131 bir sanatoriya kimi g\u00f6st\u0259rm\u0259l\u0259ri do\u011fru deyil&#8221; \u201c\u0130\u015f\u00e7i ... Davam\u0131","og_url":"https:\/\/www.meydan.tv\/az\/article\/afi%c9%99ddin-m%c9%99mm%c9%99dovun-h%c9%99bsd%c9%99-t%c9%99hdidl%c9%99r%c9%99-m%c9%99ruz-qaldigi-deyilir\/","og_site_name":"MEYDAN.TV","article_published_time":"2025-06-07T09:01:50+00:00","article_modified_time":"2025-06-07T09:03:15+00:00","og_image":[{"width":2560,"height":1425,"url":"https:\/\/www.meydan.tv\/wp-content\/uploads\/nrl04188-scaled-e1700071259949.jpg","type":"image\/jpeg"}],"author":"mahmud","twitter_card":"summary_large_image","schema":{"@context":"https:\/\/schema.org","@graph":[{"@type":"Article","@id":"https:\/\/www.meydan.tv\/az\/article\/afi%c9%99ddin-m%c9%99mm%c9%99dovun-h%c9%99bsd%c9%99-t%c9%99hdidl%c9%99r%c9%99-m%c9%99ruz-qaldigi-deyilir\/#article","isPartOf":{"@id":"https:\/\/www.meydan.tv\/az\/article\/afi%c9%99ddin-m%c9%99mm%c9%99dovun-h%c9%99bsd%c9%99-t%c9%99hdidl%c9%99r%c9%99-m%c9%99ruz-qaldigi-deyilir\/"},"author":{"name":"mahmud","@id":"https:\/\/www.meydan.tv\/az\/#\/schema\/person\/09863e516102a829e72bedcf3f84c6b0"},"headline":"Afi\u0259ddin M\u0259mm\u0259dovun h\u0259bsd\u0259 t\u0259hdidl\u0259r\u0259 m\u0259ruz qald\u0131\u011f\u0131 deyilir","datePublished":"2025-06-07T09:01:50+00:00","dateModified":"2025-06-07T09:03:15+00:00","mainEntityOfPage":{"@id":"https:\/\/www.meydan.tv\/az\/article\/afi%c9%99ddin-m%c9%99mm%c9%99dovun-h%c9%99bsd%c9%99-t%c9%99hdidl%c9%99r%c9%99-m%c9%99ruz-qaldigi-deyilir\/"},"wordCount":785,"publisher":{"@id":"https:\/\/www.meydan.tv\/az\/#organization"},"image":{"@id":"https:\/\/www.meydan.tv\/az\/article\/afi%c9%99ddin-m%c9%99mm%c9%99dovun-h%c9%99bsd%c9%99-t%c9%99hdidl%c9%99r%c9%99-m%c9%99ruz-qaldigi-deyilir\/#primaryimage"},"thumbnailUrl":"https:\/\/www.meydan.tv\/wp-content\/uploads\/nrl04188-scaled-e1700071259949.jpg","articleSection":["Siyas\u0259t","T\u00f6vsiy\u0259","X\u0259b\u0259rl\u0259r"],"inLanguage":"az"},{"@type":"WebPage","@id":"https:\/\/www.meydan.tv\/az\/article\/afi%c9%99ddin-m%c9%99mm%c9%99dovun-h%c9%99bsd%c9%99-t%c9%99hdidl%c9%99r%c9%99-m%c9%99ruz-qaldigi-deyilir\/","url":"https:\/\/www.meydan.tv\/az\/article\/afi%c9%99ddin-m%c9%99mm%c9%99dovun-h%c9%99bsd%c9%99-t%c9%99hdidl%c9%99r%c9%99-m%c9%99ruz-qaldigi-deyilir\/","name":"Afi\u0259ddin M\u0259mm\u0259dovun h\u0259bsd\u0259 t\u0259hdidl\u0259r\u0259 m\u0259ruz qald\u0131\u011f\u0131 deyilir - MEYDAN.TV","isPartOf":{"@id":"https:\/\/www.meydan.tv\/az\/#website"},"primaryImageOfPage":{"@id":"https:\/\/www.meydan.tv\/az\/article\/afi%c9%99ddin-m%c9%99mm%c9%99dovun-h%c9%99bsd%c9%99-t%c9%99hdidl%c9%99r%c9%99-m%c9%99ruz-qaldigi-deyilir\/#primaryimage"},"image":{"@id":"https:\/\/www.meydan.tv\/az\/article\/afi%c9%99ddin-m%c9%99mm%c9%99dovun-h%c9%99bsd%c9%99-t%c9%99hdidl%c9%99r%c9%99-m%c9%99ruz-qaldigi-deyilir\/#primaryimage"},"thumbnailUrl":"https:\/\/www.meydan.tv\/wp-content\/uploads\/nrl04188-scaled-e1700071259949.jpg","datePublished":"2025-06-07T09:01:50+00:00","dateModified":"2025-06-07T09:03:15+00:00","breadcrumb":{"@id":"https:\/\/www.meydan.tv\/az\/article\/afi%c9%99ddin-m%c9%99mm%c9%99dovun-h%c9%99bsd%c9%99-t%c9%99hdidl%c9%99r%c9%99-m%c9%99ruz-qaldigi-deyilir\/#breadcrumb"},"inLanguage":"az","potentialAction":[{"@type":"ReadAction","target":["https:\/\/www.meydan.tv\/az\/article\/afi%c9%99ddin-m%c9%99mm%c9%99dovun-h%c9%99bsd%c9%99-t%c9%99hdidl%c9%99r%c9%99-m%c9%99ruz-qaldigi-deyilir\/"]}]},{"@type":"ImageObject","inLanguage":"az","@id":"https:\/\/www.meydan.tv\/az\/article\/afi%c9%99ddin-m%c9%99mm%c9%99dovun-h%c9%99bsd%c9%99-t%c9%99hdidl%c9%99r%c9%99-m%c9%99ruz-qaldigi-deyilir\/#primaryimage","url":"https:\/\/www.meydan.tv\/wp-content\/uploads\/nrl04188-scaled-e1700071259949.jpg","contentUrl":"https:\/\/www.meydan.tv\/wp-content\/uploads\/nrl04188-scaled-e1700071259949.jpg","width":2560,"height":1425,"caption":"Afi\u0259ddin M\u0259mm\u0259dov. Foto: Meydan TV"},{"@type":"BreadcrumbList","@id":"https:\/\/www.meydan.tv\/az\/article\/afi%c9%99ddin-m%c9%99mm%c9%99dovun-h%c9%99bsd%c9%99-t%c9%99hdidl%c9%99r%c9%99-m%c9%99ruz-qaldigi-deyilir\/#breadcrumb","itemListElement":[{"@type":"ListItem","position":1,"name":"Ana s\u0259hif\u0259","item":"https:\/\/www.meydan.tv\/az\/"},{"@type":"ListItem","position":2,"name":"Siyas\u0259t","item":"https:\/\/www.meydan.tv\/az\/section\/siyaset\/"},{"@type":"ListItem","position":3,"name":"Afi\u0259ddin M\u0259mm\u0259dovun h\u0259bsd\u0259 t\u0259hdidl\u0259r\u0259 m\u0259ruz qald\u0131\u011f\u0131 deyilir"}]},{"@type":"WebSite","@id":"https:\/\/www.meydan.tv\/az\/#website","url":"https:\/\/www.meydan.tv\/az\/","name":"MEYDAN.TV","description":"Meydan TV Az\u0259rbaycan\u0131n media m\u0259kan\u0131ndak\u0131 alternativ s\u0259sidir","publisher":{"@id":"https:\/\/www.meydan.tv\/az\/#organization"},"potentialAction":[{"@type":"SearchAction","target":{"@type":"EntryPoint","urlTemplate":"https:\/\/www.meydan.tv\/az\/?s={search_term_string}"},"query-input":{"@type":"PropertyValueSpecification","valueRequired":true,"valueName":"search_term_string"}}],"inLanguage":"az"},{"@type":"Organization","@id":"https:\/\/www.meydan.tv\/az\/#organization","name":"Meydan TV","url":"https:\/\/www.meydan.tv\/az\/","logo":{"@type":"ImageObject","inLanguage":"az","@id":"https:\/\/www.meydan.tv\/az\/#\/schema\/logo\/image\/","url":"https:\/\/www.meydan.tv\/wp-content\/uploads\/2021\/07\/meydan-logo.svg","contentUrl":"https:\/\/www.meydan.tv\/wp-content\/uploads\/2021\/07\/meydan-logo.svg","width":195,"height":46,"caption":"Meydan TV"},"image":{"@id":"https:\/\/www.meydan.tv\/az\/#\/schema\/logo\/image\/"}},{"@type":"Person","@id":"https:\/\/www.meydan.tv\/az\/#\/schema\/person\/09863e516102a829e72bedcf3f84c6b0","name":"mahmud"}]}},"_links":{"self":[{"href":"https:\/\/www.meydan.tv\/az\/wp-json\/wp\/v2\/posts\/331649","targetHints":{"allow":["GET"]}}],"collection":[{"href":"https:\/\/www.meydan.tv\/az\/wp-json\/wp\/v2\/posts"}],"about":[{"href":"https:\/\/www.meydan.tv\/az\/wp-json\/wp\/v2\/types\/post"}],"author":[{"embeddable":true,"href":"https:\/\/www.meydan.tv\/az\/wp-json\/wp\/v2\/users\/21"}],"replies":[{"embeddable":true,"href":"https:\/\/www.meydan.tv\/az\/wp-json\/wp\/v2\/comments?post=331649"}],"version-history":[{"count":3,"href":"https:\/\/www.meydan.tv\/az\/wp-json\/wp\/v2\/posts\/331649\/revisions"}],"predecessor-version":[{"id":331652,"href":"https:\/\/www.meydan.tv\/az\/wp-json\/wp\/v2\/posts\/331649\/revisions\/331652"}],"wp:featuredmedia":[{"embeddable":true,"href":"https:\/\/www.meydan.tv\/az\/wp-json\/wp\/v2\/media\/281596"}],"wp:attachment":[{"href":"https:\/\/www.meydan.tv\/az\/wp-json\/wp\/v2\/media?parent=331649"}],"wp:term":[{"taxonomy":"category","embeddable":true,"href":"https:\/\/www.meydan.tv\/az\/wp-json\/wp\/v2\/categories?post=331649"},{"taxonomy":"post_tag","embeddable":true,"href":"https:\/\/www.meydan.tv\/az\/wp-json\/wp\/v2\/tags?post=331649"}],"curies":[{"name":"wp","href":"https:\/\/api.w.org\/{rel}","templated":true}]}}