{"id":331558,"date":"2025-06-05T18:57:00","date_gmt":"2025-06-05T14:57:00","guid":{"rendered":"https:\/\/www.meydan.tv\/?p=331558"},"modified":"2025-06-06T15:34:44","modified_gmt":"2025-06-06T11:34:44","slug":"turkiy%c9%99d%c9%99-bicaqlanan-araz-musayev-hadis%c9%99d%c9%99-adil-eliyevi-ittiham-edir","status":"publish","type":"post","link":"https:\/\/www.meydan.tv\/az\/article\/turkiy%c9%99d%c9%99-bicaqlanan-araz-musayev-hadis%c9%99d%c9%99-adil-eliyevi-ittiham-edir\/","title":{"rendered":"T\u00fcrkiy\u0259d\u0259 b\u0131\u00e7aqlanan Araz Musayev hadis\u0259d\u0259 Adil \u018fliyevi ittiham edir"},"content":{"rendered":"\n<figure class=\"wp-block-embed is-type-video is-provider-youtube wp-block-embed-youtube wp-embed-aspect-16-9 wp-has-aspect-ratio\"><div class=\"wp-block-embed__wrapper\">\n<iframe title=\"Federasiya prezidenti icra ba\u015f\u00e7\u0131s\u0131n\u0131n h\u0259bsini ist\u0259yir\" width=\"1200\" height=\"675\" data-src=\"https:\/\/www.youtube.com\/embed\/PwuIp25IvUY?feature=oembed\" frameborder=\"0\" allow=\"accelerometer; autoplay; clipboard-write; encrypted-media; gyroscope; picture-in-picture; web-share\" referrerpolicy=\"strict-origin-when-cross-origin\" allowfullscreen src=\"data:image\/svg+xml;base64,PHN2ZyB3aWR0aD0iMSIgaGVpZ2h0PSIxIiB4bWxucz0iaHR0cDovL3d3dy53My5vcmcvMjAwMC9zdmciPjwvc3ZnPg==\" class=\"lazyload\" data-load-mode=\"1\"><\/iframe>\n<\/div><\/figure>\n\n\n\n<p><strong><em>O, Prezidentd\u0259n Suraxan\u0131 \u0130H-nin ba\u015f\u00e7\u0131s\u0131n\u0131n h\u0259bsini ist\u0259yib<\/em><\/strong><\/p>\n\n\n\n<p>May\u0131n 28-d\u0259 T\u00fcrkiy\u0259nin Antalya \u015f\u0259h\u0259rind\u0259 b\u0131\u00e7aqlanan Az\u0259rbaycan Muay-Tay (Tay boks) Federasiyas\u0131n\u0131n Prezidenti Araz Musayev hadis\u0259d\u0259 Suraxan\u0131 Rayon \u0130cra Hakimiyy\u0259tinin ba\u015f\u00e7\u0131s\u0131 Adil \u018fliyevi ittiham edir.<\/p>\n\n\n\n<p>O, yayd\u0131\u011f\u0131 <a href=\"https:\/\/www.tiktok.com\/@arazmusayev96\/video\/7512200224295734535?_r=1&amp;_t=ZN-8wwjUsWCgli\" target=\"_blank\" rel=\"noreferrer noopener\">videom\u00fcraci\u0259td\u0259<\/a> iddia edib ki, Adil \u018fliyevin sifari\u015fi \u0259sas\u0131nda b\u0131\u00e7aqlan\u0131b.<\/p>\n\n\n\n<p>Araz Musayev Prezident \u0130lham \u018fliyevd\u0259n Adil \u018fliyevin h\u0259bsini ist\u0259yib.<\/p>\n\n\n\n<p><em>\u201cT\u00fcrkiy\u0259y\u0259 getm\u0259zd\u0259n \u00f6nc\u0259 Az\u0259rbaycan\u0131n b\u00fct\u00fcn h\u00fcquq-m\u00fchafiz\u0259 orqanlar\u0131na m\u00fcraci\u0259t etmi\u015fdim ki, bu adam m\u0259ni \u00f6ld\u00fcr\u0259c\u0259k. Adil \u018fliyev h\u0259bs olunmal\u0131d\u0131r. O, bu h\u0259r\u0259k\u0259ti il\u0259 bizi b\u00fct\u00fcn d\u00fcnya federasiyalar\u0131 qar\u015f\u0131s\u0131nda biab\u0131r etdi. Bir ne\u00e7\u0259 g\u00fcnd\u0259n sonra x\u0259st\u0259xanadan \u00e7\u0131x\u0131b, Az\u0259rbaycana qay\u0131d\u0131ram v\u0259 h\u0259yat\u0131m yen\u0259 d\u0259 t\u0259hl\u00fck\u0259d\u0259dir. Ba\u015f\u0131mdan, h\u0259m\u00e7inin d\u0259 qarn\u0131mdan 3 b\u0131\u00e7aq z\u0259rb\u0259si alm\u0131\u015fam\u201d<\/em>, &#8211; Araz Musayev bildirib.<\/p>\n\n\n\n<p>Suraxan\u0131 Rayon \u0130cra Hakimiyy\u0259tinin ba\u015f\u00e7\u0131s\u0131 Adil \u018fliyev Araz Musayevin dedikl\u0259rini \u201c\u0259sass\u0131z b\u00f6htan v\u0259 \u015f\u0259r\u201d<a href=\"https:\/\/www.instagram.com\/p\/DKg97yyoeld\/\" target=\"_blank\" rel=\"noreferrer noopener\"> adland\u0131r\u0131b<\/a>:<\/p>\n\n\n\n<p><em>\u201cHadis\u0259 il\u0259 he\u00e7 bir ba\u011fl\u0131l\u0131\u011f\u0131m yoxdur. Bu bar\u0259d\u0259 m\u0259lumat\u0131 m\u0259tbuat vasit\u0259sil\u0259 alm\u0131\u015fam. Araz Musayevin \u00e7arpay\u0131da uzanaraq c\u0259miyy\u0259t\u0259 v\u0259 \u00f6lk\u0259nin ali orqanlar\u0131na t\u0259sir etm\u0259y\u0259 \u00e7al\u0131\u015fmas\u0131, ictimai r\u0259yi manipulyasiya etm\u0259si yolverilm\u0259zdir. Bu hadis\u0259ni t\u00f6r\u0259d\u0259n b\u0259lli, hadis\u0259nin yeri-yurdu b\u0259llidir. M\u0259n Bak\u0131da oturub \u00f6z i\u015fiml\u0259 m\u0259\u015f\u011fulam v\u0259 bu kimi hadis\u0259l\u0259rd\u0259 indiy\u0259 q\u0259d\u0259r he\u00e7 zaman ad\u0131m hallanmay\u0131b, hallana da bilm\u0259z. \u00c7\u00fcnki bizim daim bir m\u0259qs\u0259dimiz olub, o da d\u00f6vl\u0259timiz\u0259, xalq\u0131m\u0131za xidm\u0259tdir. Araz Musayevin n\u0259 d\u00fc\u015f\u00fcnd\u00fcy\u00fcn\u00fc, n\u0259 \u00fc\u00e7\u00fcn bel\u0259 b\u00f6htan atd\u0131\u011f\u0131n\u0131 bilmir\u0259m. Ancaq bildiyim odur ki, bu, iyr\u0259nc yaland\u0131r. \u018flb\u0259tt\u0259 ki, m\u0259ni tan\u0131yan kims\u0259 bu yalana inanm\u0131r. H\u0259l\u0259 istintaq\u0131n n\u0259tic\u0259l\u0259ri b\u0259lli deyil. Bel\u0259 olan halda Araz Musayev t\u0259l\u0259m-t\u0259l\u0259sik niy\u0259 m\u0259nim ad\u0131m\u0131 halland\u0131r\u0131r? Dem\u0259li ortada istintaq\u0131 yay\u0131nd\u0131rmaq c\u0259hdi var. \u0130stintaq h\u0259r \u015feyi ortaya qoyacaq. N\u0259tic\u0259ni g\u00f6zl\u0259m\u0259k laz\u0131md\u0131r\u201d.<\/em><\/p>\n\n\n\n<p>Araz Musayev may\u0131n 28-d\u0259 T\u00fcrkiy\u0259nin Antalya \u015f\u0259h\u0259rind\u0259 ke\u00e7iril\u0259n IFMA d\u00fcnya \u00e7empionat\u0131 zaman\u0131 b\u0131\u00e7aqlan\u0131b.<\/p>\n\n\n\n<p>N\u0259tic\u0259d\u0259 o, ba\u015f\u0131ndan v\u0259 qarn\u0131nda yaralar al\u0131b. D\u0259rhal t\u0259cili tibbi yard\u0131m ma\u015f\u0131n\u0131 il\u0259 x\u0259st\u0259xanaya \u00e7atd\u0131r\u0131l\u0131b v\u0259 c\u0259rrahi <a href=\"https:\/\/www.dha.com.tr\/gundem\/azerbaycan-muaythai-federasyon-baskaninin-bicaklanmasina-6-gozalti-2648782#:~:text=Antalya'n%C4%B1n%20Kemer%20il%C3%A7esinde%20d%C3%BCzenlenen,olmak%20%C3%BCzere%206%20%C5%9F%C3%BCpheli%20yakaland%C4%B1.\" target=\"_blank\" rel=\"noreferrer noopener\">\u0259m\u0259liyyat olunub.<\/a><\/p>\n\n\n\n<p>X\u0259st\u0259xanaya yerl\u0259\u015fdiril\u0259n Araz Musayev hadis\u0259nin t\u0259sad\u00fcfi olmad\u0131\u011f\u0131n\u0131 v\u0259 bu h\u00fccumun arxas\u0131nda federasiya maraqlar\u0131 v\u0259 \u015f\u0259xsi q\u0259r\u0259zl\u0259r dayand\u0131\u011f\u0131n\u0131 <a href=\"https:\/\/unikal.az\/news\/483316\/araz-musayevin-vurulmasini-sifaris-eden-2-nefer-saxlanildi-ozunden-ilk-aciqlama\" target=\"_blank\" rel=\"noreferrer noopener\">bildirib.<\/a><\/p>\n\n\n\n<p>Hadis\u0259ni t\u00f6r\u0259tm\u0259kd\u0259 \u015f\u00fcbh\u0259li bilin\u0259n iki n\u0259f\u0259rin saxlan\u0131ld\u0131\u011f\u0131 bildirilir.<\/p>\n\n\n\n<p><\/p>\n","protected":false},"excerpt":{"rendered":"<p>O, Prezidentd\u0259n Suraxan\u0131 \u0130H-nin ba\u015f\u00e7\u0131s\u0131n\u0131n h\u0259bsini ist\u0259yib May\u0131n 28-d\u0259 T\u00fcrkiy\u0259nin &#8230; <\/p>\n<p class=\"read-more-container\"><a title=\"T\u00fcrkiy\u0259d\u0259 b\u0131\u00e7aqlanan Araz Musayev hadis\u0259d\u0259 Adil \u018fliyevi ittiham edir\" class=\"read-more button\" href=\"https:\/\/www.meydan.tv\/az\/article\/turkiy%c9%99d%c9%99-bicaqlanan-araz-musayev-hadis%c9%99d%c9%99-adil-eliyevi-ittiham-edir\/#more-331558\" aria-label=\"Read more about T\u00fcrkiy\u0259d\u0259 b\u0131\u00e7aqlanan Araz Musayev hadis\u0259d\u0259 Adil \u018fliyevi ittiham edir\">Davam\u0131<\/a><\/p>\n","protected":false},"author":21,"featured_media":331560,"comment_status":"closed","ping_status":"closed","sticky":false,"template":"","format":"standard","meta":{"_acf_changed":false,"_sitemap_exclude":false,"_sitemap_priority":"","_sitemap_frequency":"","footnotes":""},"categories":[59,79,63,56],"tags":[],"class_list":["post-331558","post","type-post","status-publish","format-standard","has-post-thumbnail","hentry","category-siyaset","category-featured","category-video-2","category-xeberler","infinite-scroll-item","generate-columns","tablet-grid-50","mobile-grid-100","grid-parent","grid-33","no-featured-image-padding"],"acf":[],"yoast_head":"<!-- This site is optimized with the Yoast SEO plugin v27.4 - https:\/\/yoast.com\/product\/yoast-seo-wordpress\/ -->\n<title>T\u00fcrkiy\u0259d\u0259 b\u0131\u00e7aqlanan Araz Musayev hadis\u0259d\u0259 Adil \u018fliyevi ittiham edir - MEYDAN.TV<\/title>\n<meta name=\"robots\" content=\"index, follow, max-snippet:-1, max-image-preview:large, max-video-preview:-1\" \/>\n<link rel=\"canonical\" href=\"https:\/\/www.meydan.tv\/az\/article\/turkiy%c9%99d%c9%99-bicaqlanan-araz-musayev-hadis%c9%99d%c9%99-adil-eliyevi-ittiham-edir\/\" \/>\n<meta property=\"og:locale\" content=\"az_AZ\" \/>\n<meta property=\"og:type\" content=\"article\" \/>\n<meta property=\"og:title\" content=\"T\u00fcrkiy\u0259d\u0259 b\u0131\u00e7aqlanan Araz Musayev hadis\u0259d\u0259 Adil \u018fliyevi ittiham edir - MEYDAN.TV\" \/>\n<meta property=\"og:description\" content=\"O, Prezidentd\u0259n Suraxan\u0131 \u0130H-nin ba\u015f\u00e7\u0131s\u0131n\u0131n h\u0259bsini ist\u0259yib May\u0131n 28-d\u0259 T\u00fcrkiy\u0259nin ... Davam\u0131\" \/>\n<meta property=\"og:url\" content=\"https:\/\/www.meydan.tv\/az\/article\/turkiy%c9%99d%c9%99-bicaqlanan-araz-musayev-hadis%c9%99d%c9%99-adil-eliyevi-ittiham-edir\/\" \/>\n<meta property=\"og:site_name\" content=\"MEYDAN.TV\" \/>\n<meta property=\"article:published_time\" content=\"2025-06-05T14:57:00+00:00\" \/>\n<meta property=\"article:modified_time\" content=\"2025-06-06T11:34:44+00:00\" \/>\n<meta property=\"og:image\" content=\"https:\/\/www.meydan.tv\/wp-content\/uploads\/untitled-design-43-1024x576-1.webp\" \/>\n\t<meta property=\"og:image:width\" content=\"1024\" \/>\n\t<meta property=\"og:image:height\" content=\"576\" \/>\n\t<meta property=\"og:image:type\" content=\"image\/webp\" \/>\n<meta name=\"author\" content=\"mahmud\" \/>\n<meta name=\"twitter:card\" content=\"summary_large_image\" \/>\n<script type=\"application\/ld+json\" class=\"yoast-schema-graph\">{\"@context\":\"https:\\\/\\\/schema.org\",\"@graph\":[{\"@type\":\"Article\",\"@id\":\"https:\\\/\\\/www.meydan.tv\\\/az\\\/article\\\/turkiy%c9%99d%c9%99-bicaqlanan-araz-musayev-hadis%c9%99d%c9%99-adil-eliyevi-ittiham-edir\\\/#article\",\"isPartOf\":{\"@id\":\"https:\\\/\\\/www.meydan.tv\\\/az\\\/article\\\/turkiy%c9%99d%c9%99-bicaqlanan-araz-musayev-hadis%c9%99d%c9%99-adil-eliyevi-ittiham-edir\\\/\"},\"author\":{\"name\":\"mahmud\",\"@id\":\"https:\\\/\\\/www.meydan.tv\\\/az\\\/#\\\/schema\\\/person\\\/09863e516102a829e72bedcf3f84c6b0\"},\"headline\":\"T\u00fcrkiy\u0259d\u0259 b\u0131\u00e7aqlanan Araz Musayev hadis\u0259d\u0259 Adil \u018fliyevi ittiham edir\",\"datePublished\":\"2025-06-05T14:57:00+00:00\",\"dateModified\":\"2025-06-06T11:34:44+00:00\",\"mainEntityOfPage\":{\"@id\":\"https:\\\/\\\/www.meydan.tv\\\/az\\\/article\\\/turkiy%c9%99d%c9%99-bicaqlanan-araz-musayev-hadis%c9%99d%c9%99-adil-eliyevi-ittiham-edir\\\/\"},\"wordCount\":535,\"publisher\":{\"@id\":\"https:\\\/\\\/www.meydan.tv\\\/az\\\/#organization\"},\"image\":{\"@id\":\"https:\\\/\\\/www.meydan.tv\\\/az\\\/article\\\/turkiy%c9%99d%c9%99-bicaqlanan-araz-musayev-hadis%c9%99d%c9%99-adil-eliyevi-ittiham-edir\\\/#primaryimage\"},\"thumbnailUrl\":\"https:\\\/\\\/www.meydan.tv\\\/wp-content\\\/uploads\\\/untitled-design-43-1024x576-1.webp\",\"articleSection\":[\"Siyas\u0259t\",\"T\u00f6vsiy\u0259\",\"Video\",\"X\u0259b\u0259rl\u0259r\"],\"inLanguage\":\"az\"},{\"@type\":\"WebPage\",\"@id\":\"https:\\\/\\\/www.meydan.tv\\\/az\\\/article\\\/turkiy%c9%99d%c9%99-bicaqlanan-araz-musayev-hadis%c9%99d%c9%99-adil-eliyevi-ittiham-edir\\\/\",\"url\":\"https:\\\/\\\/www.meydan.tv\\\/az\\\/article\\\/turkiy%c9%99d%c9%99-bicaqlanan-araz-musayev-hadis%c9%99d%c9%99-adil-eliyevi-ittiham-edir\\\/\",\"name\":\"T\u00fcrkiy\u0259d\u0259 b\u0131\u00e7aqlanan Araz Musayev hadis\u0259d\u0259 Adil \u018fliyevi ittiham edir - MEYDAN.TV\",\"isPartOf\":{\"@id\":\"https:\\\/\\\/www.meydan.tv\\\/az\\\/#website\"},\"primaryImageOfPage\":{\"@id\":\"https:\\\/\\\/www.meydan.tv\\\/az\\\/article\\\/turkiy%c9%99d%c9%99-bicaqlanan-araz-musayev-hadis%c9%99d%c9%99-adil-eliyevi-ittiham-edir\\\/#primaryimage\"},\"image\":{\"@id\":\"https:\\\/\\\/www.meydan.tv\\\/az\\\/article\\\/turkiy%c9%99d%c9%99-bicaqlanan-araz-musayev-hadis%c9%99d%c9%99-adil-eliyevi-ittiham-edir\\\/#primaryimage\"},\"thumbnailUrl\":\"https:\\\/\\\/www.meydan.tv\\\/wp-content\\\/uploads\\\/untitled-design-43-1024x576-1.webp\",\"datePublished\":\"2025-06-05T14:57:00+00:00\",\"dateModified\":\"2025-06-06T11:34:44+00:00\",\"breadcrumb\":{\"@id\":\"https:\\\/\\\/www.meydan.tv\\\/az\\\/article\\\/turkiy%c9%99d%c9%99-bicaqlanan-araz-musayev-hadis%c9%99d%c9%99-adil-eliyevi-ittiham-edir\\\/#breadcrumb\"},\"inLanguage\":\"az\",\"potentialAction\":[{\"@type\":\"ReadAction\",\"target\":[\"https:\\\/\\\/www.meydan.tv\\\/az\\\/article\\\/turkiy%c9%99d%c9%99-bicaqlanan-araz-musayev-hadis%c9%99d%c9%99-adil-eliyevi-ittiham-edir\\\/\"]}]},{\"@type\":\"ImageObject\",\"inLanguage\":\"az\",\"@id\":\"https:\\\/\\\/www.meydan.tv\\\/az\\\/article\\\/turkiy%c9%99d%c9%99-bicaqlanan-araz-musayev-hadis%c9%99d%c9%99-adil-eliyevi-ittiham-edir\\\/#primaryimage\",\"url\":\"https:\\\/\\\/www.meydan.tv\\\/wp-content\\\/uploads\\\/untitled-design-43-1024x576-1.webp\",\"contentUrl\":\"https:\\\/\\\/www.meydan.tv\\\/wp-content\\\/uploads\\\/untitled-design-43-1024x576-1.webp\",\"width\":1024,\"height\":576,\"caption\":\"Foto-kollaj: Meydan TV\"},{\"@type\":\"BreadcrumbList\",\"@id\":\"https:\\\/\\\/www.meydan.tv\\\/az\\\/article\\\/turkiy%c9%99d%c9%99-bicaqlanan-araz-musayev-hadis%c9%99d%c9%99-adil-eliyevi-ittiham-edir\\\/#breadcrumb\",\"itemListElement\":[{\"@type\":\"ListItem\",\"position\":1,\"name\":\"Ana s\u0259hif\u0259\",\"item\":\"https:\\\/\\\/www.meydan.tv\\\/az\\\/\"},{\"@type\":\"ListItem\",\"position\":2,\"name\":\"T\u00f6vsiy\u0259\",\"item\":\"https:\\\/\\\/www.meydan.tv\\\/az\\\/section\\\/featured\\\/\"},{\"@type\":\"ListItem\",\"position\":3,\"name\":\"T\u00fcrkiy\u0259d\u0259 b\u0131\u00e7aqlanan Araz Musayev hadis\u0259d\u0259 Adil \u018fliyevi ittiham edir\"}]},{\"@type\":\"WebSite\",\"@id\":\"https:\\\/\\\/www.meydan.tv\\\/az\\\/#website\",\"url\":\"https:\\\/\\\/www.meydan.tv\\\/az\\\/\",\"name\":\"MEYDAN.TV\",\"description\":\"Meydan TV Az\u0259rbaycan\u0131n media m\u0259kan\u0131ndak\u0131 alternativ s\u0259sidir\",\"publisher\":{\"@id\":\"https:\\\/\\\/www.meydan.tv\\\/az\\\/#organization\"},\"potentialAction\":[{\"@type\":\"SearchAction\",\"target\":{\"@type\":\"EntryPoint\",\"urlTemplate\":\"https:\\\/\\\/www.meydan.tv\\\/az\\\/?s={search_term_string}\"},\"query-input\":{\"@type\":\"PropertyValueSpecification\",\"valueRequired\":true,\"valueName\":\"search_term_string\"}}],\"inLanguage\":\"az\"},{\"@type\":\"Organization\",\"@id\":\"https:\\\/\\\/www.meydan.tv\\\/az\\\/#organization\",\"name\":\"Meydan TV\",\"url\":\"https:\\\/\\\/www.meydan.tv\\\/az\\\/\",\"logo\":{\"@type\":\"ImageObject\",\"inLanguage\":\"az\",\"@id\":\"https:\\\/\\\/www.meydan.tv\\\/az\\\/#\\\/schema\\\/logo\\\/image\\\/\",\"url\":\"https:\\\/\\\/www.meydan.tv\\\/wp-content\\\/uploads\\\/2021\\\/07\\\/meydan-logo.svg\",\"contentUrl\":\"https:\\\/\\\/www.meydan.tv\\\/wp-content\\\/uploads\\\/2021\\\/07\\\/meydan-logo.svg\",\"width\":195,\"height\":46,\"caption\":\"Meydan TV\"},\"image\":{\"@id\":\"https:\\\/\\\/www.meydan.tv\\\/az\\\/#\\\/schema\\\/logo\\\/image\\\/\"}},{\"@type\":\"Person\",\"@id\":\"https:\\\/\\\/www.meydan.tv\\\/az\\\/#\\\/schema\\\/person\\\/09863e516102a829e72bedcf3f84c6b0\",\"name\":\"mahmud\"}]}<\/script>\n<!-- \/ Yoast SEO plugin. -->","yoast_head_json":{"title":"T\u00fcrkiy\u0259d\u0259 b\u0131\u00e7aqlanan Araz Musayev hadis\u0259d\u0259 Adil \u018fliyevi ittiham edir - MEYDAN.TV","robots":{"index":"index","follow":"follow","max-snippet":"max-snippet:-1","max-image-preview":"max-image-preview:large","max-video-preview":"max-video-preview:-1"},"canonical":"https:\/\/www.meydan.tv\/az\/article\/turkiy%c9%99d%c9%99-bicaqlanan-araz-musayev-hadis%c9%99d%c9%99-adil-eliyevi-ittiham-edir\/","og_locale":"az_AZ","og_type":"article","og_title":"T\u00fcrkiy\u0259d\u0259 b\u0131\u00e7aqlanan Araz Musayev hadis\u0259d\u0259 Adil \u018fliyevi ittiham edir - MEYDAN.TV","og_description":"O, Prezidentd\u0259n Suraxan\u0131 \u0130H-nin ba\u015f\u00e7\u0131s\u0131n\u0131n h\u0259bsini ist\u0259yib May\u0131n 28-d\u0259 T\u00fcrkiy\u0259nin ... Davam\u0131","og_url":"https:\/\/www.meydan.tv\/az\/article\/turkiy%c9%99d%c9%99-bicaqlanan-araz-musayev-hadis%c9%99d%c9%99-adil-eliyevi-ittiham-edir\/","og_site_name":"MEYDAN.TV","article_published_time":"2025-06-05T14:57:00+00:00","article_modified_time":"2025-06-06T11:34:44+00:00","og_image":[{"width":1024,"height":576,"url":"https:\/\/www.meydan.tv\/wp-content\/uploads\/untitled-design-43-1024x576-1.webp","type":"image\/webp"}],"author":"mahmud","twitter_card":"summary_large_image","schema":{"@context":"https:\/\/schema.org","@graph":[{"@type":"Article","@id":"https:\/\/www.meydan.tv\/az\/article\/turkiy%c9%99d%c9%99-bicaqlanan-araz-musayev-hadis%c9%99d%c9%99-adil-eliyevi-ittiham-edir\/#article","isPartOf":{"@id":"https:\/\/www.meydan.tv\/az\/article\/turkiy%c9%99d%c9%99-bicaqlanan-araz-musayev-hadis%c9%99d%c9%99-adil-eliyevi-ittiham-edir\/"},"author":{"name":"mahmud","@id":"https:\/\/www.meydan.tv\/az\/#\/schema\/person\/09863e516102a829e72bedcf3f84c6b0"},"headline":"T\u00fcrkiy\u0259d\u0259 b\u0131\u00e7aqlanan Araz Musayev hadis\u0259d\u0259 Adil \u018fliyevi ittiham edir","datePublished":"2025-06-05T14:57:00+00:00","dateModified":"2025-06-06T11:34:44+00:00","mainEntityOfPage":{"@id":"https:\/\/www.meydan.tv\/az\/article\/turkiy%c9%99d%c9%99-bicaqlanan-araz-musayev-hadis%c9%99d%c9%99-adil-eliyevi-ittiham-edir\/"},"wordCount":535,"publisher":{"@id":"https:\/\/www.meydan.tv\/az\/#organization"},"image":{"@id":"https:\/\/www.meydan.tv\/az\/article\/turkiy%c9%99d%c9%99-bicaqlanan-araz-musayev-hadis%c9%99d%c9%99-adil-eliyevi-ittiham-edir\/#primaryimage"},"thumbnailUrl":"https:\/\/www.meydan.tv\/wp-content\/uploads\/untitled-design-43-1024x576-1.webp","articleSection":["Siyas\u0259t","T\u00f6vsiy\u0259","Video","X\u0259b\u0259rl\u0259r"],"inLanguage":"az"},{"@type":"WebPage","@id":"https:\/\/www.meydan.tv\/az\/article\/turkiy%c9%99d%c9%99-bicaqlanan-araz-musayev-hadis%c9%99d%c9%99-adil-eliyevi-ittiham-edir\/","url":"https:\/\/www.meydan.tv\/az\/article\/turkiy%c9%99d%c9%99-bicaqlanan-araz-musayev-hadis%c9%99d%c9%99-adil-eliyevi-ittiham-edir\/","name":"T\u00fcrkiy\u0259d\u0259 b\u0131\u00e7aqlanan Araz Musayev hadis\u0259d\u0259 Adil \u018fliyevi ittiham edir - MEYDAN.TV","isPartOf":{"@id":"https:\/\/www.meydan.tv\/az\/#website"},"primaryImageOfPage":{"@id":"https:\/\/www.meydan.tv\/az\/article\/turkiy%c9%99d%c9%99-bicaqlanan-araz-musayev-hadis%c9%99d%c9%99-adil-eliyevi-ittiham-edir\/#primaryimage"},"image":{"@id":"https:\/\/www.meydan.tv\/az\/article\/turkiy%c9%99d%c9%99-bicaqlanan-araz-musayev-hadis%c9%99d%c9%99-adil-eliyevi-ittiham-edir\/#primaryimage"},"thumbnailUrl":"https:\/\/www.meydan.tv\/wp-content\/uploads\/untitled-design-43-1024x576-1.webp","datePublished":"2025-06-05T14:57:00+00:00","dateModified":"2025-06-06T11:34:44+00:00","breadcrumb":{"@id":"https:\/\/www.meydan.tv\/az\/article\/turkiy%c9%99d%c9%99-bicaqlanan-araz-musayev-hadis%c9%99d%c9%99-adil-eliyevi-ittiham-edir\/#breadcrumb"},"inLanguage":"az","potentialAction":[{"@type":"ReadAction","target":["https:\/\/www.meydan.tv\/az\/article\/turkiy%c9%99d%c9%99-bicaqlanan-araz-musayev-hadis%c9%99d%c9%99-adil-eliyevi-ittiham-edir\/"]}]},{"@type":"ImageObject","inLanguage":"az","@id":"https:\/\/www.meydan.tv\/az\/article\/turkiy%c9%99d%c9%99-bicaqlanan-araz-musayev-hadis%c9%99d%c9%99-adil-eliyevi-ittiham-edir\/#primaryimage","url":"https:\/\/www.meydan.tv\/wp-content\/uploads\/untitled-design-43-1024x576-1.webp","contentUrl":"https:\/\/www.meydan.tv\/wp-content\/uploads\/untitled-design-43-1024x576-1.webp","width":1024,"height":576,"caption":"Foto-kollaj: Meydan TV"},{"@type":"BreadcrumbList","@id":"https:\/\/www.meydan.tv\/az\/article\/turkiy%c9%99d%c9%99-bicaqlanan-araz-musayev-hadis%c9%99d%c9%99-adil-eliyevi-ittiham-edir\/#breadcrumb","itemListElement":[{"@type":"ListItem","position":1,"name":"Ana s\u0259hif\u0259","item":"https:\/\/www.meydan.tv\/az\/"},{"@type":"ListItem","position":2,"name":"T\u00f6vsiy\u0259","item":"https:\/\/www.meydan.tv\/az\/section\/featured\/"},{"@type":"ListItem","position":3,"name":"T\u00fcrkiy\u0259d\u0259 b\u0131\u00e7aqlanan Araz Musayev hadis\u0259d\u0259 Adil \u018fliyevi ittiham edir"}]},{"@type":"WebSite","@id":"https:\/\/www.meydan.tv\/az\/#website","url":"https:\/\/www.meydan.tv\/az\/","name":"MEYDAN.TV","description":"Meydan TV Az\u0259rbaycan\u0131n media m\u0259kan\u0131ndak\u0131 alternativ s\u0259sidir","publisher":{"@id":"https:\/\/www.meydan.tv\/az\/#organization"},"potentialAction":[{"@type":"SearchAction","target":{"@type":"EntryPoint","urlTemplate":"https:\/\/www.meydan.tv\/az\/?s={search_term_string}"},"query-input":{"@type":"PropertyValueSpecification","valueRequired":true,"valueName":"search_term_string"}}],"inLanguage":"az"},{"@type":"Organization","@id":"https:\/\/www.meydan.tv\/az\/#organization","name":"Meydan TV","url":"https:\/\/www.meydan.tv\/az\/","logo":{"@type":"ImageObject","inLanguage":"az","@id":"https:\/\/www.meydan.tv\/az\/#\/schema\/logo\/image\/","url":"https:\/\/www.meydan.tv\/wp-content\/uploads\/2021\/07\/meydan-logo.svg","contentUrl":"https:\/\/www.meydan.tv\/wp-content\/uploads\/2021\/07\/meydan-logo.svg","width":195,"height":46,"caption":"Meydan TV"},"image":{"@id":"https:\/\/www.meydan.tv\/az\/#\/schema\/logo\/image\/"}},{"@type":"Person","@id":"https:\/\/www.meydan.tv\/az\/#\/schema\/person\/09863e516102a829e72bedcf3f84c6b0","name":"mahmud"}]}},"_links":{"self":[{"href":"https:\/\/www.meydan.tv\/az\/wp-json\/wp\/v2\/posts\/331558","targetHints":{"allow":["GET"]}}],"collection":[{"href":"https:\/\/www.meydan.tv\/az\/wp-json\/wp\/v2\/posts"}],"about":[{"href":"https:\/\/www.meydan.tv\/az\/wp-json\/wp\/v2\/types\/post"}],"author":[{"embeddable":true,"href":"https:\/\/www.meydan.tv\/az\/wp-json\/wp\/v2\/users\/21"}],"replies":[{"embeddable":true,"href":"https:\/\/www.meydan.tv\/az\/wp-json\/wp\/v2\/comments?post=331558"}],"version-history":[{"count":4,"href":"https:\/\/www.meydan.tv\/az\/wp-json\/wp\/v2\/posts\/331558\/revisions"}],"predecessor-version":[{"id":331607,"href":"https:\/\/www.meydan.tv\/az\/wp-json\/wp\/v2\/posts\/331558\/revisions\/331607"}],"wp:featuredmedia":[{"embeddable":true,"href":"https:\/\/www.meydan.tv\/az\/wp-json\/wp\/v2\/media\/331560"}],"wp:attachment":[{"href":"https:\/\/www.meydan.tv\/az\/wp-json\/wp\/v2\/media?parent=331558"}],"wp:term":[{"taxonomy":"category","embeddable":true,"href":"https:\/\/www.meydan.tv\/az\/wp-json\/wp\/v2\/categories?post=331558"},{"taxonomy":"post_tag","embeddable":true,"href":"https:\/\/www.meydan.tv\/az\/wp-json\/wp\/v2\/tags?post=331558"}],"curies":[{"name":"wp","href":"https:\/\/api.w.org\/{rel}","templated":true}]}}