{"id":331489,"date":"2025-06-05T13:45:45","date_gmt":"2025-06-05T09:45:45","guid":{"rendered":"https:\/\/www.meydan.tv\/?p=331489"},"modified":"2025-06-05T15:59:46","modified_gmt":"2025-06-05T11:59:46","slug":"elvin-mustafayevin-c%c9%99zasinin-ciddi-rejimli-h%c9%99bsxanada-c%c9%99km%c9%99sin%c9%99-dair-t%c9%99qdimat-verilib","status":"publish","type":"post","link":"https:\/\/www.meydan.tv\/az\/article\/elvin-mustafayevin-c%c9%99zasinin-ciddi-rejimli-h%c9%99bsxanada-c%c9%99km%c9%99sin%c9%99-dair-t%c9%99qdimat-verilib\/","title":{"rendered":"Elvin Mustafayevin c\u0259zas\u0131n\u0131n ciddi rejimli h\u0259bsxanada \u00e7\u0259km\u0259sin\u0259 dair t\u0259qdimat verilib"},"content":{"rendered":"\n<p><strong><em>M\u0259hk\u0259m\u0259 i\u015f\u0259 iyunun 12-d\u0259 baxacaq<\/em><\/strong><\/p>\n\n\n\n<p>6 sayl\u0131 c\u0259za\u00e7\u0259km\u0259 m\u00fc\u0259ssis\u0259si iyunun 3-d\u0259 Nizami Rayon M\u0259hk\u0259m\u0259sin\u0259 haz\u0131rda h\u0259bsd\u0259 olan Elvin Mustafayevin c\u0259zas\u0131n\u0131n 2026-c\u0131 il avqustun 4-d\u0259k ciddi rejimli Qobustan h\u0259bsxanas\u0131nda \u00e7\u0259km\u0259sin\u0259 dair t\u0259qdimat verib.<\/p>\n\n\n\n<p>Bu bar\u0259d\u0259 Meydan TV-y\u0259 Elvin Mustafayevin v\u0259kili Zibeyd\u0259 Sad\u0131qova dan\u0131\u015f\u0131b.<\/p>\n\n\n\n<p>V\u0259kilin s\u00f6zl\u0259rin\u0259 g\u00f6r\u0259, hakim N\u0259riman Mehdiyevin icraat\u0131nda olan i\u015f\u0259 m\u0259hk\u0259m\u0259 iyunun 12-d\u0259 baxacaq.<\/p>\n\n\n\n<p>O, \u0259lav\u0259 edib ki, bu g\u00fcn 6 sayl\u0131 c\u0259za\u00e7\u0259km\u0259 m\u00fc\u0259ssis\u0259sin\u0259 Elvinl\u0259 g\u00f6r\u00fc\u015fm\u0259y\u0259 ged\u0259c\u0259k.<\/p>\n\n\n\n<p><em>\u201cD\u00fcn\u0259n, iyunun 4-d\u0259 6 sayl\u0131 c\u0259za\u00e7\u0259km\u0259 m\u00fc\u0259ssis\u0259sin\u0259 getmi\u015fdim. Lakin m\u00fc\u0259ssis\u0259nin r\u0259hb\u0259ri Fariz \u018fliyev Elvinin c\u0259rim\u0259 ota\u011f\u0131nda oldu\u011funu b\u0259han\u0259 g\u0259tir\u0259r\u0259k, g\u00f6r\u00fc\u015f\u0259 icaz\u0259 verm\u0259di. M\u0259n d\u0259 bununla ba\u011fl\u0131 Penitensiar Xidm\u0259t\u0259 v\u0259 Ombudsmana \u015fikay\u0259t etmi\u015f\u0259m\u201d.<\/em><\/p>\n\n\n\n<p>Elvin Mustafayev 2025-ci il may\u0131n 6-dan m\u00fcxalif siyas\u0259t\u00e7i Tofiq Yaqublu v\u0259 dig\u0259r siyasi m\u0259hbuslar\u0131n azad olunmas\u0131 t\u0259l\u0259bil\u0259 acl\u0131q aksiyas\u0131na ba\u015flayandan sonra c\u0259za \u00e7\u0259kdiyi m\u00fc\u0259ssis\u0259nin karserin\u0259 sal\u0131nm\u0131\u015fd\u0131. Sonradan o 6 sayl\u0131 c\u0259za\u00e7\u0259km\u0259 m\u00fc\u0259ssis\u0259sin\u0259 k\u00f6\u00e7\u00fcr\u00fclm\u00fc\u015fd\u00fc.<\/p>\n\n\n\n<p>Haz\u0131rda o, karserd\u0259 (c\u0259za ota\u011f\u0131) saxlan\u0131l\u0131r v\u0259 iyunun 29-da burax\u0131lacaq.<\/p>\n\n\n\n<p>V\u0259kili Zibeyd\u0259 Sad\u0131qova bildirmi\u015fdi ki, Elvin Mustafayevin karser\u0259 sal\u0131nmas\u0131 il\u0259 ba\u011fl\u0131 c\u0259za\u00e7\u0259km\u0259 m\u00fc\u0259ssis\u0259sinin q\u0259rarlar\u0131 il\u0259 tan\u0131\u015f olmaq \u00fc\u00e7\u00fcn Penitensiar Xidm\u0259t\u0259 m\u00fcraci\u0259t ets\u0259 d\u0259, cavab ala bilm\u0259yib.<\/p>\n\n\n\n<p>Haz\u0131rda onun ail\u0259si v\u0259 v\u0259kili il\u0259 g\u00f6r\u00fc\u015f\u00fcn\u0259 icaz\u0259 verilmir.<\/p>\n\n\n\n<p>Elvin Mustafayev 2023-c\u00fc il avqustun 4-d\u0259 saxlan\u0131l\u0131b v\u0259 Cinay\u0259t M\u0259c\u0259ll\u0259sinin 234.1-1-ci madd\u0259si (narkotik vasit\u0259l\u0259rin qanunsuz d\u00f6vriyy\u0259si) il\u0259 t\u0259qsirl\u0259ndiril\u0259r\u0259k 2024-c\u00fc il yanvar\u0131n 31-d\u0259 Bak\u0131 A\u011f\u0131r Cinay\u0259tl\u0259r M\u0259hk\u0259m\u0259sinin h\u00f6km\u00fc il\u0259 3 il m\u00fcdd\u0259tin\u0259 azadl\u0131qdan m\u0259hrum edilib. O, ittihamlar\u0131 q\u0259bul etmir v\u0259 \u00fcz\u0259rin\u0259 narkotik madd\u0259nin qoyuldu\u011funu bildirir.<\/p>\n\n\n\n<p>2022-ci ild\u0259 Az\u0259rbaycanda i\u015f\u00e7i h\u00fcquqlar\u0131n\u0131 m\u00fcdafi\u0259 m\u0259qs\u0259dil\u0259 yarad\u0131lan \u201c\u0130\u015f\u00e7i Masas\u0131\u201d H\u0259mkarlar \u0130ttifaqlar\u0131 Konfederasiyas\u0131n\u0131n d\u00f6rd \u00fczv\u00fc \u2013 s\u0259dr Afi\u0259ddin M\u0259mm\u0259dov, Ayxan \u0130srafilov, Elvin Mustafayev v\u0259 M\u00f6hy\u0259ddin Orucov haz\u0131rda h\u0259bsd\u0259dir.<\/p>\n\n\n\n<p>Onlar\u0131n h\u0259r biri m\u00fcxt\u0259lif ittihamlarla \u00fczl\u0259\u015fs\u0259 d\u0259, bu ittihamlar\u0131n siyasi motivli v\u0259 qurama oldu\u011funu bildirirl\u0259r.<\/p>\n","protected":false},"excerpt":{"rendered":"<p>M\u0259hk\u0259m\u0259 i\u015f\u0259 iyunun 12-d\u0259 baxacaq 6 sayl\u0131 c\u0259za\u00e7\u0259km\u0259 m\u00fc\u0259ssis\u0259si iyunun &#8230; <\/p>\n<p class=\"read-more-container\"><a title=\"Elvin Mustafayevin c\u0259zas\u0131n\u0131n ciddi rejimli h\u0259bsxanada \u00e7\u0259km\u0259sin\u0259 dair t\u0259qdimat verilib\" class=\"read-more button\" href=\"https:\/\/www.meydan.tv\/az\/article\/elvin-mustafayevin-c%c9%99zasinin-ciddi-rejimli-h%c9%99bsxanada-c%c9%99km%c9%99sin%c9%99-dair-t%c9%99qdimat-verilib\/#more-331489\" aria-label=\"Read more about Elvin Mustafayevin c\u0259zas\u0131n\u0131n ciddi rejimli h\u0259bsxanada \u00e7\u0259km\u0259sin\u0259 dair t\u0259qdimat verilib\">Davam\u0131<\/a><\/p>\n","protected":false},"author":21,"featured_media":331528,"comment_status":"closed","ping_status":"closed","sticky":false,"template":"","format":"standard","meta":{"_acf_changed":false,"_sitemap_exclude":false,"_sitemap_priority":"","_sitemap_frequency":"","footnotes":""},"categories":[59,79,56],"tags":[],"class_list":["post-331489","post","type-post","status-publish","format-standard","has-post-thumbnail","hentry","category-siyaset","category-featured","category-xeberler","infinite-scroll-item","generate-columns","tablet-grid-50","mobile-grid-100","grid-parent","grid-33","no-featured-image-padding"],"acf":[],"yoast_head":"<!-- This site is optimized with the Yoast SEO plugin v27.5 - https:\/\/yoast.com\/product\/yoast-seo-wordpress\/ -->\n<title>Elvin Mustafayevin c\u0259zas\u0131n\u0131n ciddi rejimli h\u0259bsxanada \u00e7\u0259km\u0259sin\u0259 dair t\u0259qdimat verilib - MEYDAN.TV<\/title>\n<meta name=\"robots\" content=\"index, follow, max-snippet:-1, max-image-preview:large, max-video-preview:-1\" \/>\n<link rel=\"canonical\" href=\"https:\/\/www.meydan.tv\/az\/article\/elvin-mustafayevin-c%c9%99zasinin-ciddi-rejimli-h%c9%99bsxanada-c%c9%99km%c9%99sin%c9%99-dair-t%c9%99qdimat-verilib\/\" \/>\n<meta property=\"og:locale\" content=\"az_AZ\" \/>\n<meta property=\"og:type\" content=\"article\" \/>\n<meta property=\"og:title\" content=\"Elvin Mustafayevin c\u0259zas\u0131n\u0131n ciddi rejimli h\u0259bsxanada \u00e7\u0259km\u0259sin\u0259 dair t\u0259qdimat verilib - MEYDAN.TV\" \/>\n<meta property=\"og:description\" content=\"M\u0259hk\u0259m\u0259 i\u015f\u0259 iyunun 12-d\u0259 baxacaq 6 sayl\u0131 c\u0259za\u00e7\u0259km\u0259 m\u00fc\u0259ssis\u0259si iyunun ... Davam\u0131\" \/>\n<meta property=\"og:url\" content=\"https:\/\/www.meydan.tv\/az\/article\/elvin-mustafayevin-c%c9%99zasinin-ciddi-rejimli-h%c9%99bsxanada-c%c9%99km%c9%99sin%c9%99-dair-t%c9%99qdimat-verilib\/\" \/>\n<meta property=\"og:site_name\" content=\"MEYDAN.TV\" \/>\n<meta property=\"article:published_time\" content=\"2025-06-05T09:45:45+00:00\" \/>\n<meta property=\"article:modified_time\" content=\"2025-06-05T11:59:46+00:00\" \/>\n<meta property=\"og:image\" content=\"https:\/\/www.meydan.tv\/wp-content\/uploads\/9878.png\" \/>\n\t<meta property=\"og:image:width\" content=\"1179\" \/>\n\t<meta property=\"og:image:height\" content=\"576\" \/>\n\t<meta property=\"og:image:type\" content=\"image\/png\" \/>\n<meta name=\"author\" content=\"mahmud\" \/>\n<meta name=\"twitter:card\" content=\"summary_large_image\" \/>\n<script type=\"application\/ld+json\" class=\"yoast-schema-graph\">{\"@context\":\"https:\\\/\\\/schema.org\",\"@graph\":[{\"@type\":\"Article\",\"@id\":\"https:\\\/\\\/www.meydan.tv\\\/az\\\/article\\\/elvin-mustafayevin-c%c9%99zasinin-ciddi-rejimli-h%c9%99bsxanada-c%c9%99km%c9%99sin%c9%99-dair-t%c9%99qdimat-verilib\\\/#article\",\"isPartOf\":{\"@id\":\"https:\\\/\\\/www.meydan.tv\\\/az\\\/article\\\/elvin-mustafayevin-c%c9%99zasinin-ciddi-rejimli-h%c9%99bsxanada-c%c9%99km%c9%99sin%c9%99-dair-t%c9%99qdimat-verilib\\\/\"},\"author\":{\"name\":\"mahmud\",\"@id\":\"https:\\\/\\\/www.meydan.tv\\\/az\\\/#\\\/schema\\\/person\\\/09863e516102a829e72bedcf3f84c6b0\"},\"headline\":\"Elvin Mustafayevin c\u0259zas\u0131n\u0131n ciddi rejimli h\u0259bsxanada \u00e7\u0259km\u0259sin\u0259 dair t\u0259qdimat verilib\",\"datePublished\":\"2025-06-05T09:45:45+00:00\",\"dateModified\":\"2025-06-05T11:59:46+00:00\",\"mainEntityOfPage\":{\"@id\":\"https:\\\/\\\/www.meydan.tv\\\/az\\\/article\\\/elvin-mustafayevin-c%c9%99zasinin-ciddi-rejimli-h%c9%99bsxanada-c%c9%99km%c9%99sin%c9%99-dair-t%c9%99qdimat-verilib\\\/\"},\"wordCount\":450,\"publisher\":{\"@id\":\"https:\\\/\\\/www.meydan.tv\\\/az\\\/#organization\"},\"image\":{\"@id\":\"https:\\\/\\\/www.meydan.tv\\\/az\\\/article\\\/elvin-mustafayevin-c%c9%99zasinin-ciddi-rejimli-h%c9%99bsxanada-c%c9%99km%c9%99sin%c9%99-dair-t%c9%99qdimat-verilib\\\/#primaryimage\"},\"thumbnailUrl\":\"https:\\\/\\\/www.meydan.tv\\\/wp-content\\\/uploads\\\/9878.png\",\"articleSection\":[\"Siyas\u0259t\",\"T\u00f6vsiy\u0259\",\"X\u0259b\u0259rl\u0259r\"],\"inLanguage\":\"az\"},{\"@type\":\"WebPage\",\"@id\":\"https:\\\/\\\/www.meydan.tv\\\/az\\\/article\\\/elvin-mustafayevin-c%c9%99zasinin-ciddi-rejimli-h%c9%99bsxanada-c%c9%99km%c9%99sin%c9%99-dair-t%c9%99qdimat-verilib\\\/\",\"url\":\"https:\\\/\\\/www.meydan.tv\\\/az\\\/article\\\/elvin-mustafayevin-c%c9%99zasinin-ciddi-rejimli-h%c9%99bsxanada-c%c9%99km%c9%99sin%c9%99-dair-t%c9%99qdimat-verilib\\\/\",\"name\":\"Elvin Mustafayevin c\u0259zas\u0131n\u0131n ciddi rejimli h\u0259bsxanada \u00e7\u0259km\u0259sin\u0259 dair t\u0259qdimat verilib - MEYDAN.TV\",\"isPartOf\":{\"@id\":\"https:\\\/\\\/www.meydan.tv\\\/az\\\/#website\"},\"primaryImageOfPage\":{\"@id\":\"https:\\\/\\\/www.meydan.tv\\\/az\\\/article\\\/elvin-mustafayevin-c%c9%99zasinin-ciddi-rejimli-h%c9%99bsxanada-c%c9%99km%c9%99sin%c9%99-dair-t%c9%99qdimat-verilib\\\/#primaryimage\"},\"image\":{\"@id\":\"https:\\\/\\\/www.meydan.tv\\\/az\\\/article\\\/elvin-mustafayevin-c%c9%99zasinin-ciddi-rejimli-h%c9%99bsxanada-c%c9%99km%c9%99sin%c9%99-dair-t%c9%99qdimat-verilib\\\/#primaryimage\"},\"thumbnailUrl\":\"https:\\\/\\\/www.meydan.tv\\\/wp-content\\\/uploads\\\/9878.png\",\"datePublished\":\"2025-06-05T09:45:45+00:00\",\"dateModified\":\"2025-06-05T11:59:46+00:00\",\"breadcrumb\":{\"@id\":\"https:\\\/\\\/www.meydan.tv\\\/az\\\/article\\\/elvin-mustafayevin-c%c9%99zasinin-ciddi-rejimli-h%c9%99bsxanada-c%c9%99km%c9%99sin%c9%99-dair-t%c9%99qdimat-verilib\\\/#breadcrumb\"},\"inLanguage\":\"az\",\"potentialAction\":[{\"@type\":\"ReadAction\",\"target\":[\"https:\\\/\\\/www.meydan.tv\\\/az\\\/article\\\/elvin-mustafayevin-c%c9%99zasinin-ciddi-rejimli-h%c9%99bsxanada-c%c9%99km%c9%99sin%c9%99-dair-t%c9%99qdimat-verilib\\\/\"]}]},{\"@type\":\"ImageObject\",\"inLanguage\":\"az\",\"@id\":\"https:\\\/\\\/www.meydan.tv\\\/az\\\/article\\\/elvin-mustafayevin-c%c9%99zasinin-ciddi-rejimli-h%c9%99bsxanada-c%c9%99km%c9%99sin%c9%99-dair-t%c9%99qdimat-verilib\\\/#primaryimage\",\"url\":\"https:\\\/\\\/www.meydan.tv\\\/wp-content\\\/uploads\\\/9878.png\",\"contentUrl\":\"https:\\\/\\\/www.meydan.tv\\\/wp-content\\\/uploads\\\/9878.png\",\"width\":1179,\"height\":576,\"caption\":\"Elvin Mustafayev - Foto: \u00dclviyy\u0259 \u018fli\"},{\"@type\":\"BreadcrumbList\",\"@id\":\"https:\\\/\\\/www.meydan.tv\\\/az\\\/article\\\/elvin-mustafayevin-c%c9%99zasinin-ciddi-rejimli-h%c9%99bsxanada-c%c9%99km%c9%99sin%c9%99-dair-t%c9%99qdimat-verilib\\\/#breadcrumb\",\"itemListElement\":[{\"@type\":\"ListItem\",\"position\":1,\"name\":\"Ana s\u0259hif\u0259\",\"item\":\"https:\\\/\\\/www.meydan.tv\\\/az\\\/\"},{\"@type\":\"ListItem\",\"position\":2,\"name\":\"Siyas\u0259t\",\"item\":\"https:\\\/\\\/www.meydan.tv\\\/az\\\/section\\\/siyaset\\\/\"},{\"@type\":\"ListItem\",\"position\":3,\"name\":\"Elvin Mustafayevin c\u0259zas\u0131n\u0131n ciddi rejimli h\u0259bsxanada \u00e7\u0259km\u0259sin\u0259 dair t\u0259qdimat verilib\"}]},{\"@type\":\"WebSite\",\"@id\":\"https:\\\/\\\/www.meydan.tv\\\/az\\\/#website\",\"url\":\"https:\\\/\\\/www.meydan.tv\\\/az\\\/\",\"name\":\"MEYDAN.TV\",\"description\":\"Meydan TV Az\u0259rbaycan\u0131n media m\u0259kan\u0131ndak\u0131 alternativ s\u0259sidir\",\"publisher\":{\"@id\":\"https:\\\/\\\/www.meydan.tv\\\/az\\\/#organization\"},\"potentialAction\":[{\"@type\":\"SearchAction\",\"target\":{\"@type\":\"EntryPoint\",\"urlTemplate\":\"https:\\\/\\\/www.meydan.tv\\\/az\\\/?s={search_term_string}\"},\"query-input\":{\"@type\":\"PropertyValueSpecification\",\"valueRequired\":true,\"valueName\":\"search_term_string\"}}],\"inLanguage\":\"az\"},{\"@type\":\"Organization\",\"@id\":\"https:\\\/\\\/www.meydan.tv\\\/az\\\/#organization\",\"name\":\"Meydan TV\",\"url\":\"https:\\\/\\\/www.meydan.tv\\\/az\\\/\",\"logo\":{\"@type\":\"ImageObject\",\"inLanguage\":\"az\",\"@id\":\"https:\\\/\\\/www.meydan.tv\\\/az\\\/#\\\/schema\\\/logo\\\/image\\\/\",\"url\":\"https:\\\/\\\/www.meydan.tv\\\/wp-content\\\/uploads\\\/2021\\\/07\\\/meydan-logo.svg\",\"contentUrl\":\"https:\\\/\\\/www.meydan.tv\\\/wp-content\\\/uploads\\\/2021\\\/07\\\/meydan-logo.svg\",\"width\":195,\"height\":46,\"caption\":\"Meydan TV\"},\"image\":{\"@id\":\"https:\\\/\\\/www.meydan.tv\\\/az\\\/#\\\/schema\\\/logo\\\/image\\\/\"}},{\"@type\":\"Person\",\"@id\":\"https:\\\/\\\/www.meydan.tv\\\/az\\\/#\\\/schema\\\/person\\\/09863e516102a829e72bedcf3f84c6b0\",\"name\":\"mahmud\"}]}<\/script>\n<!-- \/ Yoast SEO plugin. -->","yoast_head_json":{"title":"Elvin Mustafayevin c\u0259zas\u0131n\u0131n ciddi rejimli h\u0259bsxanada \u00e7\u0259km\u0259sin\u0259 dair t\u0259qdimat verilib - MEYDAN.TV","robots":{"index":"index","follow":"follow","max-snippet":"max-snippet:-1","max-image-preview":"max-image-preview:large","max-video-preview":"max-video-preview:-1"},"canonical":"https:\/\/www.meydan.tv\/az\/article\/elvin-mustafayevin-c%c9%99zasinin-ciddi-rejimli-h%c9%99bsxanada-c%c9%99km%c9%99sin%c9%99-dair-t%c9%99qdimat-verilib\/","og_locale":"az_AZ","og_type":"article","og_title":"Elvin Mustafayevin c\u0259zas\u0131n\u0131n ciddi rejimli h\u0259bsxanada \u00e7\u0259km\u0259sin\u0259 dair t\u0259qdimat verilib - MEYDAN.TV","og_description":"M\u0259hk\u0259m\u0259 i\u015f\u0259 iyunun 12-d\u0259 baxacaq 6 sayl\u0131 c\u0259za\u00e7\u0259km\u0259 m\u00fc\u0259ssis\u0259si iyunun ... Davam\u0131","og_url":"https:\/\/www.meydan.tv\/az\/article\/elvin-mustafayevin-c%c9%99zasinin-ciddi-rejimli-h%c9%99bsxanada-c%c9%99km%c9%99sin%c9%99-dair-t%c9%99qdimat-verilib\/","og_site_name":"MEYDAN.TV","article_published_time":"2025-06-05T09:45:45+00:00","article_modified_time":"2025-06-05T11:59:46+00:00","og_image":[{"width":1179,"height":576,"url":"https:\/\/www.meydan.tv\/wp-content\/uploads\/9878.png","type":"image\/png"}],"author":"mahmud","twitter_card":"summary_large_image","schema":{"@context":"https:\/\/schema.org","@graph":[{"@type":"Article","@id":"https:\/\/www.meydan.tv\/az\/article\/elvin-mustafayevin-c%c9%99zasinin-ciddi-rejimli-h%c9%99bsxanada-c%c9%99km%c9%99sin%c9%99-dair-t%c9%99qdimat-verilib\/#article","isPartOf":{"@id":"https:\/\/www.meydan.tv\/az\/article\/elvin-mustafayevin-c%c9%99zasinin-ciddi-rejimli-h%c9%99bsxanada-c%c9%99km%c9%99sin%c9%99-dair-t%c9%99qdimat-verilib\/"},"author":{"name":"mahmud","@id":"https:\/\/www.meydan.tv\/az\/#\/schema\/person\/09863e516102a829e72bedcf3f84c6b0"},"headline":"Elvin Mustafayevin c\u0259zas\u0131n\u0131n ciddi rejimli h\u0259bsxanada \u00e7\u0259km\u0259sin\u0259 dair t\u0259qdimat verilib","datePublished":"2025-06-05T09:45:45+00:00","dateModified":"2025-06-05T11:59:46+00:00","mainEntityOfPage":{"@id":"https:\/\/www.meydan.tv\/az\/article\/elvin-mustafayevin-c%c9%99zasinin-ciddi-rejimli-h%c9%99bsxanada-c%c9%99km%c9%99sin%c9%99-dair-t%c9%99qdimat-verilib\/"},"wordCount":450,"publisher":{"@id":"https:\/\/www.meydan.tv\/az\/#organization"},"image":{"@id":"https:\/\/www.meydan.tv\/az\/article\/elvin-mustafayevin-c%c9%99zasinin-ciddi-rejimli-h%c9%99bsxanada-c%c9%99km%c9%99sin%c9%99-dair-t%c9%99qdimat-verilib\/#primaryimage"},"thumbnailUrl":"https:\/\/www.meydan.tv\/wp-content\/uploads\/9878.png","articleSection":["Siyas\u0259t","T\u00f6vsiy\u0259","X\u0259b\u0259rl\u0259r"],"inLanguage":"az"},{"@type":"WebPage","@id":"https:\/\/www.meydan.tv\/az\/article\/elvin-mustafayevin-c%c9%99zasinin-ciddi-rejimli-h%c9%99bsxanada-c%c9%99km%c9%99sin%c9%99-dair-t%c9%99qdimat-verilib\/","url":"https:\/\/www.meydan.tv\/az\/article\/elvin-mustafayevin-c%c9%99zasinin-ciddi-rejimli-h%c9%99bsxanada-c%c9%99km%c9%99sin%c9%99-dair-t%c9%99qdimat-verilib\/","name":"Elvin Mustafayevin c\u0259zas\u0131n\u0131n ciddi rejimli h\u0259bsxanada \u00e7\u0259km\u0259sin\u0259 dair t\u0259qdimat verilib - MEYDAN.TV","isPartOf":{"@id":"https:\/\/www.meydan.tv\/az\/#website"},"primaryImageOfPage":{"@id":"https:\/\/www.meydan.tv\/az\/article\/elvin-mustafayevin-c%c9%99zasinin-ciddi-rejimli-h%c9%99bsxanada-c%c9%99km%c9%99sin%c9%99-dair-t%c9%99qdimat-verilib\/#primaryimage"},"image":{"@id":"https:\/\/www.meydan.tv\/az\/article\/elvin-mustafayevin-c%c9%99zasinin-ciddi-rejimli-h%c9%99bsxanada-c%c9%99km%c9%99sin%c9%99-dair-t%c9%99qdimat-verilib\/#primaryimage"},"thumbnailUrl":"https:\/\/www.meydan.tv\/wp-content\/uploads\/9878.png","datePublished":"2025-06-05T09:45:45+00:00","dateModified":"2025-06-05T11:59:46+00:00","breadcrumb":{"@id":"https:\/\/www.meydan.tv\/az\/article\/elvin-mustafayevin-c%c9%99zasinin-ciddi-rejimli-h%c9%99bsxanada-c%c9%99km%c9%99sin%c9%99-dair-t%c9%99qdimat-verilib\/#breadcrumb"},"inLanguage":"az","potentialAction":[{"@type":"ReadAction","target":["https:\/\/www.meydan.tv\/az\/article\/elvin-mustafayevin-c%c9%99zasinin-ciddi-rejimli-h%c9%99bsxanada-c%c9%99km%c9%99sin%c9%99-dair-t%c9%99qdimat-verilib\/"]}]},{"@type":"ImageObject","inLanguage":"az","@id":"https:\/\/www.meydan.tv\/az\/article\/elvin-mustafayevin-c%c9%99zasinin-ciddi-rejimli-h%c9%99bsxanada-c%c9%99km%c9%99sin%c9%99-dair-t%c9%99qdimat-verilib\/#primaryimage","url":"https:\/\/www.meydan.tv\/wp-content\/uploads\/9878.png","contentUrl":"https:\/\/www.meydan.tv\/wp-content\/uploads\/9878.png","width":1179,"height":576,"caption":"Elvin Mustafayev - Foto: \u00dclviyy\u0259 \u018fli"},{"@type":"BreadcrumbList","@id":"https:\/\/www.meydan.tv\/az\/article\/elvin-mustafayevin-c%c9%99zasinin-ciddi-rejimli-h%c9%99bsxanada-c%c9%99km%c9%99sin%c9%99-dair-t%c9%99qdimat-verilib\/#breadcrumb","itemListElement":[{"@type":"ListItem","position":1,"name":"Ana s\u0259hif\u0259","item":"https:\/\/www.meydan.tv\/az\/"},{"@type":"ListItem","position":2,"name":"Siyas\u0259t","item":"https:\/\/www.meydan.tv\/az\/section\/siyaset\/"},{"@type":"ListItem","position":3,"name":"Elvin Mustafayevin c\u0259zas\u0131n\u0131n ciddi rejimli h\u0259bsxanada \u00e7\u0259km\u0259sin\u0259 dair t\u0259qdimat verilib"}]},{"@type":"WebSite","@id":"https:\/\/www.meydan.tv\/az\/#website","url":"https:\/\/www.meydan.tv\/az\/","name":"MEYDAN.TV","description":"Meydan TV Az\u0259rbaycan\u0131n media m\u0259kan\u0131ndak\u0131 alternativ s\u0259sidir","publisher":{"@id":"https:\/\/www.meydan.tv\/az\/#organization"},"potentialAction":[{"@type":"SearchAction","target":{"@type":"EntryPoint","urlTemplate":"https:\/\/www.meydan.tv\/az\/?s={search_term_string}"},"query-input":{"@type":"PropertyValueSpecification","valueRequired":true,"valueName":"search_term_string"}}],"inLanguage":"az"},{"@type":"Organization","@id":"https:\/\/www.meydan.tv\/az\/#organization","name":"Meydan TV","url":"https:\/\/www.meydan.tv\/az\/","logo":{"@type":"ImageObject","inLanguage":"az","@id":"https:\/\/www.meydan.tv\/az\/#\/schema\/logo\/image\/","url":"https:\/\/www.meydan.tv\/wp-content\/uploads\/2021\/07\/meydan-logo.svg","contentUrl":"https:\/\/www.meydan.tv\/wp-content\/uploads\/2021\/07\/meydan-logo.svg","width":195,"height":46,"caption":"Meydan TV"},"image":{"@id":"https:\/\/www.meydan.tv\/az\/#\/schema\/logo\/image\/"}},{"@type":"Person","@id":"https:\/\/www.meydan.tv\/az\/#\/schema\/person\/09863e516102a829e72bedcf3f84c6b0","name":"mahmud"}]}},"_links":{"self":[{"href":"https:\/\/www.meydan.tv\/az\/wp-json\/wp\/v2\/posts\/331489","targetHints":{"allow":["GET"]}}],"collection":[{"href":"https:\/\/www.meydan.tv\/az\/wp-json\/wp\/v2\/posts"}],"about":[{"href":"https:\/\/www.meydan.tv\/az\/wp-json\/wp\/v2\/types\/post"}],"author":[{"embeddable":true,"href":"https:\/\/www.meydan.tv\/az\/wp-json\/wp\/v2\/users\/21"}],"replies":[{"embeddable":true,"href":"https:\/\/www.meydan.tv\/az\/wp-json\/wp\/v2\/comments?post=331489"}],"version-history":[{"count":2,"href":"https:\/\/www.meydan.tv\/az\/wp-json\/wp\/v2\/posts\/331489\/revisions"}],"predecessor-version":[{"id":331492,"href":"https:\/\/www.meydan.tv\/az\/wp-json\/wp\/v2\/posts\/331489\/revisions\/331492"}],"wp:featuredmedia":[{"embeddable":true,"href":"https:\/\/www.meydan.tv\/az\/wp-json\/wp\/v2\/media\/331528"}],"wp:attachment":[{"href":"https:\/\/www.meydan.tv\/az\/wp-json\/wp\/v2\/media?parent=331489"}],"wp:term":[{"taxonomy":"category","embeddable":true,"href":"https:\/\/www.meydan.tv\/az\/wp-json\/wp\/v2\/categories?post=331489"},{"taxonomy":"post_tag","embeddable":true,"href":"https:\/\/www.meydan.tv\/az\/wp-json\/wp\/v2\/tags?post=331489"}],"curies":[{"name":"wp","href":"https:\/\/api.w.org\/{rel}","templated":true}]}}