{"id":331430,"date":"2025-06-04T15:34:36","date_gmt":"2025-06-04T11:34:36","guid":{"rendered":"https:\/\/www.meydan.tv\/?p=331430"},"modified":"2025-06-04T16:23:37","modified_gmt":"2025-06-04T12:23:37","slug":"az%c9%99renerji-r%c9%99smisi-istilik-tarifl%c9%99ri-real-maya-d%c9%99y%c9%99rind%c9%99n-13-d%c9%99f%c9%99-asagidir","status":"publish","type":"post","link":"https:\/\/www.meydan.tv\/az\/article\/az%c9%99renerji-r%c9%99smisi-istilik-tarifl%c9%99ri-real-maya-d%c9%99y%c9%99rind%c9%99n-13-d%c9%99f%c9%99-asagidir\/","title":{"rendered":"\u201cAz\u0259renerji\u201d r\u0259smisi: \u201c\u0130stilik tarifl\u0259ri real maya d\u0259y\u0259rind\u0259n 13 d\u0259f\u0259 a\u015fa\u011f\u0131d\u0131r\u201d"},"content":{"rendered":"\n<p><strong><em>Nazir m\u00fcavini: \u201cYeni qanunun t\u0259tbiqind\u0259n sonra \u00e7oxm\u0259rt\u0259b\u0259li binalara t\u0259bii qaz daxil olmayacaq\u201d<\/em><\/strong><\/p>\n\n\n\n<p>Az\u0259rbaycanda istilik t\u0259chizat\u0131 sah\u0259sind\u0259 m\u00f6vcud tarifl\u0259rin real d\u0259y\u0259rd\u0259n \u00e7ox a\u015fa\u011f\u0131 oldu\u011fu <a href=\"https:\/\/apa.az\/senaye-ve-energetika\/azerenerji-asc-nin-idare-reisi-hazirki-tarifler-real-qiymetden-13-defeye-qeder-asagidir-903255\" target=\"_blank\" rel=\"noreferrer noopener\">bildirilib.<\/a><\/p>\n\n\n\n<p>Bunu iyunun 4-d\u0259 Milli M\u0259clisd\u0259 \u201c\u0130stilik t\u0259chizat\u0131 haqq\u0131nda\u201d yeni qanun layih\u0259sinin m\u00fczakir\u0259l\u0259ri zaman\u0131 \u201cAz\u0259renerji\u201d-nin texniki-istehsalat idar\u0259sinin r\u0259isi Vaqif Ta\u011f\u0131yev deyib. O qeyd edib ki, istilik tarifl\u0259ri real maya d\u0259y\u0259rind\u0259n 13 d\u0259f\u0259 a\u015fa\u011f\u0131d\u0131r.<\/p>\n\n\n\n<p><em>\u201cHaz\u0131rda 1 kvadrat metr \u00fc\u00e7\u00fcn istilik t\u0259chizat\u0131n\u0131n tarifi 30 q\u0259pik m\u00fc\u0259yy\u0259n olunub, lakin bu qiym\u0259t real x\u0259rcl\u0259ri \u0259ks etdirmir\u201d,<\/em> &#8211; Vaqif Ta\u011f\u0131yev bildirib.<\/p>\n\n\n\n<p>Onun s\u00f6zl\u0259rin\u0259 g\u00f6r\u0259, yeni tikilil\u0259rl\u0259 k\u00f6hn\u0259 binalar (\u201cXru\u015f\u015fovka\u201d) aras\u0131nda enerji s\u0259rfiyyat\u0131nda ciddi f\u0259rql\u0259r m\u00f6vcuddur.<\/p>\n\n\n\n<p>Deputat Naqif H\u0259mz\u0259yev is\u0259 tarifl\u0259rin sad\u0259c\u0259 art\u0131r\u0131lmas\u0131 il\u0259 deyil, daha innovativ yana\u015fma t\u0259tbiq olunaraq \u201cAz\u0259ristilikt\u0259chizat\u201d\u0131n s\u0259m\u0259r\u0259li v\u0259 g\u0259lirli quruma \u00e7evrilm\u0259si perspektivini g\u00fcnd\u0259m\u0259 g\u0259tirib.<\/p>\n\n\n\n<p>Energetika nazirinin m\u00fcavini Elnur Soltanov is\u0259 dinl\u0259m\u0259l\u0259r zaman\u0131 <a href=\"https:\/\/apa.az\/energy-and-industry\/nazir-muavini-merkezlesdirilmis-istilik-techizati-yaradilacaq-coxmertebeli-binalara-qaz-daxil-olmayacaq-903244\" target=\"_blank\" rel=\"noreferrer noopener\">bildirib<\/a> ki, \u201c\u0130stilik t\u0259chizat\u0131 haqq\u0131nda\u201d qanunun q\u0259bulundan sonra \u00e7oxm\u0259rt\u0259b\u0259li binalara t\u0259bii qaz daxil olmayacaq v\u0259 bununla da h\u0259min binalarda daha t\u0259hl\u00fck\u0259siz m\u00fchit yaranacaq.<\/p>\n\n\n\n<p>Nazir m\u00fcavinin s\u00f6zl\u0259rin\u0259 g\u00f6r\u0259 haz\u0131rda t\u0259hl\u00fck\u0259li say\u0131lan m\u0259s\u0259l\u0259 t\u0259bii qaz\u0131n \u00e7oxm\u0259rt\u0259b\u0259li binalara daxil olmas\u0131 il\u0259 ba\u011fl\u0131d\u0131r:<\/p>\n\n\n\n<p><em>\u201c\u0130stilik t\u0259chizat\u0131 haqq\u0131nda\u201d yeni qanunun t\u0259tbiqind\u0259n sonra \u00e7oxm\u0259rt\u0259b\u0259li binalara t\u0259bii qaz daxil olmayacaq. Evl\u0259rd\u0259 isti sudan istifad\u0259 \u00fc\u00e7\u00fcn \u0259sas\u0259n elektrik enerjisind\u0259n istifad\u0259 ed\u0259c\u0259kl\u0259r\u201d.<\/em><\/p>\n\n\n\n<p>Yeni qanunda m\u0259rk\u0259zl\u0259\u015fdirilmi\u015f istilik t\u0259chizat\u0131 sisteml\u0259rinin yarad\u0131lmas\u0131 n\u0259z\u0259rd\u0259 tutuldu\u011fu \u00fc\u00e7\u00fcn \u00e7oxm\u0259rt\u0259b\u0259li binalarda m\u0259nzill\u0259r\u0259 qaz verili\u015finin dayand\u0131r\u0131lmas\u0131 planla\u015fd\u0131r\u0131l\u0131r.<\/p>\n\n\n\n<p>May\u0131n 16-da Milli M\u0259clisd\u0259 \u201c\u0130stilik t\u0259chizat\u0131 haqq\u0131nda\u201d yeni Qanun layih\u0259si birinci oxunu\u015fda q\u0259bul edilib.<\/p>\n\n\n\n<p>Yeni qanun istehlak\u00e7\u0131lara t\u0259qdim edil\u0259n istilik enerjisinin maliyy\u0259 d\u0259y\u0259rini, vaxt\u0131n\u0131 v\u0259 paylanma qaydalar\u0131n\u0131 m\u00fc\u0259yy\u0259n ed\u0259c\u0259k.<\/p>\n\n\n\n<p>Haz\u0131rda q\u00fcvv\u0259d\u0259 olan q\u0259rarla istilik enerjisi istehlak\u00e7\u0131lara h\u0259r il noyabr\u0131n 15-d\u0259n aprelin 15-n\u0259 q\u0259d\u0259r olan m\u00fcdd\u0259td\u0259 paylan\u0131l\u0131r.<\/p>\n\n\n\n<p>\u0130stilik enerjisinin verilm\u0259si Nazirl\u0259r Kabinetinin 2023-c\u00fc il 5 dekabr tarixli 303 n\u00f6mr\u0259li q\u0259rar\u0131 il\u0259 t\u0259sdiq edilmi\u015f \u201c\u0130stilik enerjisind\u0259n istifad\u0259 qaydalar\u0131\u201d il\u0259 t\u0259nziml\u0259nir.<\/p>\n","protected":false},"excerpt":{"rendered":"<p>Nazir m\u00fcavini: \u201cYeni qanunun t\u0259tbiqind\u0259n sonra \u00e7oxm\u0259rt\u0259b\u0259li binalara t\u0259bii qaz &#8230; <\/p>\n<p class=\"read-more-container\"><a title=\"\u201cAz\u0259renerji\u201d r\u0259smisi: \u201c\u0130stilik tarifl\u0259ri real maya d\u0259y\u0259rind\u0259n 13 d\u0259f\u0259 a\u015fa\u011f\u0131d\u0131r\u201d\" class=\"read-more button\" href=\"https:\/\/www.meydan.tv\/az\/article\/az%c9%99renerji-r%c9%99smisi-istilik-tarifl%c9%99ri-real-maya-d%c9%99y%c9%99rind%c9%99n-13-d%c9%99f%c9%99-asagidir\/#more-331430\" aria-label=\"Read more about \u201cAz\u0259renerji\u201d r\u0259smisi: \u201c\u0130stilik tarifl\u0259ri real maya d\u0259y\u0259rind\u0259n 13 d\u0259f\u0259 a\u015fa\u011f\u0131d\u0131r\u201d\">Davam\u0131<\/a><\/p>\n","protected":false},"author":21,"featured_media":295374,"comment_status":"closed","ping_status":"closed","sticky":false,"template":"","format":"standard","meta":{"_acf_changed":false,"_sitemap_exclude":false,"_sitemap_priority":"","_sitemap_frequency":"","footnotes":""},"categories":[62,79,56],"tags":[],"class_list":["post-331430","post","type-post","status-publish","format-standard","has-post-thumbnail","hentry","category-sosial","category-featured","category-xeberler","infinite-scroll-item","generate-columns","tablet-grid-50","mobile-grid-100","grid-parent","grid-33","no-featured-image-padding"],"acf":[],"yoast_head":"<!-- This site is optimized with the Yoast SEO plugin v27.4 - https:\/\/yoast.com\/product\/yoast-seo-wordpress\/ -->\n<title>\u201cAz\u0259renerji\u201d r\u0259smisi: \u201c\u0130stilik tarifl\u0259ri real maya d\u0259y\u0259rind\u0259n 13 d\u0259f\u0259 a\u015fa\u011f\u0131d\u0131r\u201d - MEYDAN.TV<\/title>\n<meta name=\"robots\" content=\"index, follow, max-snippet:-1, max-image-preview:large, max-video-preview:-1\" \/>\n<link rel=\"canonical\" href=\"https:\/\/www.meydan.tv\/az\/article\/az%c9%99renerji-r%c9%99smisi-istilik-tarifl%c9%99ri-real-maya-d%c9%99y%c9%99rind%c9%99n-13-d%c9%99f%c9%99-asagidir\/\" \/>\n<meta property=\"og:locale\" content=\"az_AZ\" \/>\n<meta property=\"og:type\" content=\"article\" \/>\n<meta property=\"og:title\" content=\"\u201cAz\u0259renerji\u201d r\u0259smisi: \u201c\u0130stilik tarifl\u0259ri real maya d\u0259y\u0259rind\u0259n 13 d\u0259f\u0259 a\u015fa\u011f\u0131d\u0131r\u201d - MEYDAN.TV\" \/>\n<meta property=\"og:description\" content=\"Nazir m\u00fcavini: \u201cYeni qanunun t\u0259tbiqind\u0259n sonra \u00e7oxm\u0259rt\u0259b\u0259li binalara t\u0259bii qaz ... Davam\u0131\" \/>\n<meta property=\"og:url\" content=\"https:\/\/www.meydan.tv\/az\/article\/az%c9%99renerji-r%c9%99smisi-istilik-tarifl%c9%99ri-real-maya-d%c9%99y%c9%99rind%c9%99n-13-d%c9%99f%c9%99-asagidir\/\" \/>\n<meta property=\"og:site_name\" content=\"MEYDAN.TV\" \/>\n<meta property=\"article:published_time\" content=\"2025-06-04T11:34:36+00:00\" \/>\n<meta property=\"article:modified_time\" content=\"2025-06-04T12:23:37+00:00\" \/>\n<meta property=\"og:image\" content=\"https:\/\/www.meydan.tv\/wp-content\/uploads\/1510392651_70420_src.jpg\" \/>\n\t<meta property=\"og:image:width\" content=\"1200\" \/>\n\t<meta property=\"og:image:height\" content=\"797\" \/>\n\t<meta property=\"og:image:type\" content=\"image\/jpeg\" \/>\n<meta name=\"author\" content=\"mahmud\" \/>\n<meta name=\"twitter:card\" content=\"summary_large_image\" \/>\n<script type=\"application\/ld+json\" class=\"yoast-schema-graph\">{\"@context\":\"https:\\\/\\\/schema.org\",\"@graph\":[{\"@type\":\"Article\",\"@id\":\"https:\\\/\\\/www.meydan.tv\\\/az\\\/article\\\/az%c9%99renerji-r%c9%99smisi-istilik-tarifl%c9%99ri-real-maya-d%c9%99y%c9%99rind%c9%99n-13-d%c9%99f%c9%99-asagidir\\\/#article\",\"isPartOf\":{\"@id\":\"https:\\\/\\\/www.meydan.tv\\\/az\\\/article\\\/az%c9%99renerji-r%c9%99smisi-istilik-tarifl%c9%99ri-real-maya-d%c9%99y%c9%99rind%c9%99n-13-d%c9%99f%c9%99-asagidir\\\/\"},\"author\":{\"name\":\"mahmud\",\"@id\":\"https:\\\/\\\/www.meydan.tv\\\/az\\\/#\\\/schema\\\/person\\\/09863e516102a829e72bedcf3f84c6b0\"},\"headline\":\"\u201cAz\u0259renerji\u201d r\u0259smisi: \u201c\u0130stilik tarifl\u0259ri real maya d\u0259y\u0259rind\u0259n 13 d\u0259f\u0259 a\u015fa\u011f\u0131d\u0131r\u201d\",\"datePublished\":\"2025-06-04T11:34:36+00:00\",\"dateModified\":\"2025-06-04T12:23:37+00:00\",\"mainEntityOfPage\":{\"@id\":\"https:\\\/\\\/www.meydan.tv\\\/az\\\/article\\\/az%c9%99renerji-r%c9%99smisi-istilik-tarifl%c9%99ri-real-maya-d%c9%99y%c9%99rind%c9%99n-13-d%c9%99f%c9%99-asagidir\\\/\"},\"wordCount\":475,\"publisher\":{\"@id\":\"https:\\\/\\\/www.meydan.tv\\\/az\\\/#organization\"},\"image\":{\"@id\":\"https:\\\/\\\/www.meydan.tv\\\/az\\\/article\\\/az%c9%99renerji-r%c9%99smisi-istilik-tarifl%c9%99ri-real-maya-d%c9%99y%c9%99rind%c9%99n-13-d%c9%99f%c9%99-asagidir\\\/#primaryimage\"},\"thumbnailUrl\":\"https:\\\/\\\/www.meydan.tv\\\/wp-content\\\/uploads\\\/1510392651_70420_src.jpg\",\"articleSection\":[\"Sosial\",\"T\u00f6vsiy\u0259\",\"X\u0259b\u0259rl\u0259r\"],\"inLanguage\":\"az\"},{\"@type\":\"WebPage\",\"@id\":\"https:\\\/\\\/www.meydan.tv\\\/az\\\/article\\\/az%c9%99renerji-r%c9%99smisi-istilik-tarifl%c9%99ri-real-maya-d%c9%99y%c9%99rind%c9%99n-13-d%c9%99f%c9%99-asagidir\\\/\",\"url\":\"https:\\\/\\\/www.meydan.tv\\\/az\\\/article\\\/az%c9%99renerji-r%c9%99smisi-istilik-tarifl%c9%99ri-real-maya-d%c9%99y%c9%99rind%c9%99n-13-d%c9%99f%c9%99-asagidir\\\/\",\"name\":\"\u201cAz\u0259renerji\u201d r\u0259smisi: \u201c\u0130stilik tarifl\u0259ri real maya d\u0259y\u0259rind\u0259n 13 d\u0259f\u0259 a\u015fa\u011f\u0131d\u0131r\u201d - MEYDAN.TV\",\"isPartOf\":{\"@id\":\"https:\\\/\\\/www.meydan.tv\\\/az\\\/#website\"},\"primaryImageOfPage\":{\"@id\":\"https:\\\/\\\/www.meydan.tv\\\/az\\\/article\\\/az%c9%99renerji-r%c9%99smisi-istilik-tarifl%c9%99ri-real-maya-d%c9%99y%c9%99rind%c9%99n-13-d%c9%99f%c9%99-asagidir\\\/#primaryimage\"},\"image\":{\"@id\":\"https:\\\/\\\/www.meydan.tv\\\/az\\\/article\\\/az%c9%99renerji-r%c9%99smisi-istilik-tarifl%c9%99ri-real-maya-d%c9%99y%c9%99rind%c9%99n-13-d%c9%99f%c9%99-asagidir\\\/#primaryimage\"},\"thumbnailUrl\":\"https:\\\/\\\/www.meydan.tv\\\/wp-content\\\/uploads\\\/1510392651_70420_src.jpg\",\"datePublished\":\"2025-06-04T11:34:36+00:00\",\"dateModified\":\"2025-06-04T12:23:37+00:00\",\"breadcrumb\":{\"@id\":\"https:\\\/\\\/www.meydan.tv\\\/az\\\/article\\\/az%c9%99renerji-r%c9%99smisi-istilik-tarifl%c9%99ri-real-maya-d%c9%99y%c9%99rind%c9%99n-13-d%c9%99f%c9%99-asagidir\\\/#breadcrumb\"},\"inLanguage\":\"az\",\"potentialAction\":[{\"@type\":\"ReadAction\",\"target\":[\"https:\\\/\\\/www.meydan.tv\\\/az\\\/article\\\/az%c9%99renerji-r%c9%99smisi-istilik-tarifl%c9%99ri-real-maya-d%c9%99y%c9%99rind%c9%99n-13-d%c9%99f%c9%99-asagidir\\\/\"]}]},{\"@type\":\"ImageObject\",\"inLanguage\":\"az\",\"@id\":\"https:\\\/\\\/www.meydan.tv\\\/az\\\/article\\\/az%c9%99renerji-r%c9%99smisi-istilik-tarifl%c9%99ri-real-maya-d%c9%99y%c9%99rind%c9%99n-13-d%c9%99f%c9%99-asagidir\\\/#primaryimage\",\"url\":\"https:\\\/\\\/www.meydan.tv\\\/wp-content\\\/uploads\\\/1510392651_70420_src.jpg\",\"contentUrl\":\"https:\\\/\\\/www.meydan.tv\\\/wp-content\\\/uploads\\\/1510392651_70420_src.jpg\",\"width\":1200,\"height\":797,\"caption\":\"M\u0259kt\u0259bl\u0259rd\u0259 istilik sistemi. Foto: \\\"Aztehsil\\\"\"},{\"@type\":\"BreadcrumbList\",\"@id\":\"https:\\\/\\\/www.meydan.tv\\\/az\\\/article\\\/az%c9%99renerji-r%c9%99smisi-istilik-tarifl%c9%99ri-real-maya-d%c9%99y%c9%99rind%c9%99n-13-d%c9%99f%c9%99-asagidir\\\/#breadcrumb\",\"itemListElement\":[{\"@type\":\"ListItem\",\"position\":1,\"name\":\"Ana s\u0259hif\u0259\",\"item\":\"https:\\\/\\\/www.meydan.tv\\\/az\\\/\"},{\"@type\":\"ListItem\",\"position\":2,\"name\":\"Sosial\",\"item\":\"https:\\\/\\\/www.meydan.tv\\\/az\\\/section\\\/sosial\\\/\"},{\"@type\":\"ListItem\",\"position\":3,\"name\":\"\u201cAz\u0259renerji\u201d r\u0259smisi: \u201c\u0130stilik tarifl\u0259ri real maya d\u0259y\u0259rind\u0259n 13 d\u0259f\u0259 a\u015fa\u011f\u0131d\u0131r\u201d\"}]},{\"@type\":\"WebSite\",\"@id\":\"https:\\\/\\\/www.meydan.tv\\\/az\\\/#website\",\"url\":\"https:\\\/\\\/www.meydan.tv\\\/az\\\/\",\"name\":\"MEYDAN.TV\",\"description\":\"Meydan TV Az\u0259rbaycan\u0131n media m\u0259kan\u0131ndak\u0131 alternativ s\u0259sidir\",\"publisher\":{\"@id\":\"https:\\\/\\\/www.meydan.tv\\\/az\\\/#organization\"},\"potentialAction\":[{\"@type\":\"SearchAction\",\"target\":{\"@type\":\"EntryPoint\",\"urlTemplate\":\"https:\\\/\\\/www.meydan.tv\\\/az\\\/?s={search_term_string}\"},\"query-input\":{\"@type\":\"PropertyValueSpecification\",\"valueRequired\":true,\"valueName\":\"search_term_string\"}}],\"inLanguage\":\"az\"},{\"@type\":\"Organization\",\"@id\":\"https:\\\/\\\/www.meydan.tv\\\/az\\\/#organization\",\"name\":\"Meydan TV\",\"url\":\"https:\\\/\\\/www.meydan.tv\\\/az\\\/\",\"logo\":{\"@type\":\"ImageObject\",\"inLanguage\":\"az\",\"@id\":\"https:\\\/\\\/www.meydan.tv\\\/az\\\/#\\\/schema\\\/logo\\\/image\\\/\",\"url\":\"https:\\\/\\\/www.meydan.tv\\\/wp-content\\\/uploads\\\/2021\\\/07\\\/meydan-logo.svg\",\"contentUrl\":\"https:\\\/\\\/www.meydan.tv\\\/wp-content\\\/uploads\\\/2021\\\/07\\\/meydan-logo.svg\",\"width\":195,\"height\":46,\"caption\":\"Meydan TV\"},\"image\":{\"@id\":\"https:\\\/\\\/www.meydan.tv\\\/az\\\/#\\\/schema\\\/logo\\\/image\\\/\"}},{\"@type\":\"Person\",\"@id\":\"https:\\\/\\\/www.meydan.tv\\\/az\\\/#\\\/schema\\\/person\\\/09863e516102a829e72bedcf3f84c6b0\",\"name\":\"mahmud\"}]}<\/script>\n<!-- \/ Yoast SEO plugin. -->","yoast_head_json":{"title":"\u201cAz\u0259renerji\u201d r\u0259smisi: \u201c\u0130stilik tarifl\u0259ri real maya d\u0259y\u0259rind\u0259n 13 d\u0259f\u0259 a\u015fa\u011f\u0131d\u0131r\u201d - MEYDAN.TV","robots":{"index":"index","follow":"follow","max-snippet":"max-snippet:-1","max-image-preview":"max-image-preview:large","max-video-preview":"max-video-preview:-1"},"canonical":"https:\/\/www.meydan.tv\/az\/article\/az%c9%99renerji-r%c9%99smisi-istilik-tarifl%c9%99ri-real-maya-d%c9%99y%c9%99rind%c9%99n-13-d%c9%99f%c9%99-asagidir\/","og_locale":"az_AZ","og_type":"article","og_title":"\u201cAz\u0259renerji\u201d r\u0259smisi: \u201c\u0130stilik tarifl\u0259ri real maya d\u0259y\u0259rind\u0259n 13 d\u0259f\u0259 a\u015fa\u011f\u0131d\u0131r\u201d - MEYDAN.TV","og_description":"Nazir m\u00fcavini: \u201cYeni qanunun t\u0259tbiqind\u0259n sonra \u00e7oxm\u0259rt\u0259b\u0259li binalara t\u0259bii qaz ... Davam\u0131","og_url":"https:\/\/www.meydan.tv\/az\/article\/az%c9%99renerji-r%c9%99smisi-istilik-tarifl%c9%99ri-real-maya-d%c9%99y%c9%99rind%c9%99n-13-d%c9%99f%c9%99-asagidir\/","og_site_name":"MEYDAN.TV","article_published_time":"2025-06-04T11:34:36+00:00","article_modified_time":"2025-06-04T12:23:37+00:00","og_image":[{"width":1200,"height":797,"url":"https:\/\/www.meydan.tv\/wp-content\/uploads\/1510392651_70420_src.jpg","type":"image\/jpeg"}],"author":"mahmud","twitter_card":"summary_large_image","schema":{"@context":"https:\/\/schema.org","@graph":[{"@type":"Article","@id":"https:\/\/www.meydan.tv\/az\/article\/az%c9%99renerji-r%c9%99smisi-istilik-tarifl%c9%99ri-real-maya-d%c9%99y%c9%99rind%c9%99n-13-d%c9%99f%c9%99-asagidir\/#article","isPartOf":{"@id":"https:\/\/www.meydan.tv\/az\/article\/az%c9%99renerji-r%c9%99smisi-istilik-tarifl%c9%99ri-real-maya-d%c9%99y%c9%99rind%c9%99n-13-d%c9%99f%c9%99-asagidir\/"},"author":{"name":"mahmud","@id":"https:\/\/www.meydan.tv\/az\/#\/schema\/person\/09863e516102a829e72bedcf3f84c6b0"},"headline":"\u201cAz\u0259renerji\u201d r\u0259smisi: \u201c\u0130stilik tarifl\u0259ri real maya d\u0259y\u0259rind\u0259n 13 d\u0259f\u0259 a\u015fa\u011f\u0131d\u0131r\u201d","datePublished":"2025-06-04T11:34:36+00:00","dateModified":"2025-06-04T12:23:37+00:00","mainEntityOfPage":{"@id":"https:\/\/www.meydan.tv\/az\/article\/az%c9%99renerji-r%c9%99smisi-istilik-tarifl%c9%99ri-real-maya-d%c9%99y%c9%99rind%c9%99n-13-d%c9%99f%c9%99-asagidir\/"},"wordCount":475,"publisher":{"@id":"https:\/\/www.meydan.tv\/az\/#organization"},"image":{"@id":"https:\/\/www.meydan.tv\/az\/article\/az%c9%99renerji-r%c9%99smisi-istilik-tarifl%c9%99ri-real-maya-d%c9%99y%c9%99rind%c9%99n-13-d%c9%99f%c9%99-asagidir\/#primaryimage"},"thumbnailUrl":"https:\/\/www.meydan.tv\/wp-content\/uploads\/1510392651_70420_src.jpg","articleSection":["Sosial","T\u00f6vsiy\u0259","X\u0259b\u0259rl\u0259r"],"inLanguage":"az"},{"@type":"WebPage","@id":"https:\/\/www.meydan.tv\/az\/article\/az%c9%99renerji-r%c9%99smisi-istilik-tarifl%c9%99ri-real-maya-d%c9%99y%c9%99rind%c9%99n-13-d%c9%99f%c9%99-asagidir\/","url":"https:\/\/www.meydan.tv\/az\/article\/az%c9%99renerji-r%c9%99smisi-istilik-tarifl%c9%99ri-real-maya-d%c9%99y%c9%99rind%c9%99n-13-d%c9%99f%c9%99-asagidir\/","name":"\u201cAz\u0259renerji\u201d r\u0259smisi: \u201c\u0130stilik tarifl\u0259ri real maya d\u0259y\u0259rind\u0259n 13 d\u0259f\u0259 a\u015fa\u011f\u0131d\u0131r\u201d - MEYDAN.TV","isPartOf":{"@id":"https:\/\/www.meydan.tv\/az\/#website"},"primaryImageOfPage":{"@id":"https:\/\/www.meydan.tv\/az\/article\/az%c9%99renerji-r%c9%99smisi-istilik-tarifl%c9%99ri-real-maya-d%c9%99y%c9%99rind%c9%99n-13-d%c9%99f%c9%99-asagidir\/#primaryimage"},"image":{"@id":"https:\/\/www.meydan.tv\/az\/article\/az%c9%99renerji-r%c9%99smisi-istilik-tarifl%c9%99ri-real-maya-d%c9%99y%c9%99rind%c9%99n-13-d%c9%99f%c9%99-asagidir\/#primaryimage"},"thumbnailUrl":"https:\/\/www.meydan.tv\/wp-content\/uploads\/1510392651_70420_src.jpg","datePublished":"2025-06-04T11:34:36+00:00","dateModified":"2025-06-04T12:23:37+00:00","breadcrumb":{"@id":"https:\/\/www.meydan.tv\/az\/article\/az%c9%99renerji-r%c9%99smisi-istilik-tarifl%c9%99ri-real-maya-d%c9%99y%c9%99rind%c9%99n-13-d%c9%99f%c9%99-asagidir\/#breadcrumb"},"inLanguage":"az","potentialAction":[{"@type":"ReadAction","target":["https:\/\/www.meydan.tv\/az\/article\/az%c9%99renerji-r%c9%99smisi-istilik-tarifl%c9%99ri-real-maya-d%c9%99y%c9%99rind%c9%99n-13-d%c9%99f%c9%99-asagidir\/"]}]},{"@type":"ImageObject","inLanguage":"az","@id":"https:\/\/www.meydan.tv\/az\/article\/az%c9%99renerji-r%c9%99smisi-istilik-tarifl%c9%99ri-real-maya-d%c9%99y%c9%99rind%c9%99n-13-d%c9%99f%c9%99-asagidir\/#primaryimage","url":"https:\/\/www.meydan.tv\/wp-content\/uploads\/1510392651_70420_src.jpg","contentUrl":"https:\/\/www.meydan.tv\/wp-content\/uploads\/1510392651_70420_src.jpg","width":1200,"height":797,"caption":"M\u0259kt\u0259bl\u0259rd\u0259 istilik sistemi. Foto: \"Aztehsil\""},{"@type":"BreadcrumbList","@id":"https:\/\/www.meydan.tv\/az\/article\/az%c9%99renerji-r%c9%99smisi-istilik-tarifl%c9%99ri-real-maya-d%c9%99y%c9%99rind%c9%99n-13-d%c9%99f%c9%99-asagidir\/#breadcrumb","itemListElement":[{"@type":"ListItem","position":1,"name":"Ana s\u0259hif\u0259","item":"https:\/\/www.meydan.tv\/az\/"},{"@type":"ListItem","position":2,"name":"Sosial","item":"https:\/\/www.meydan.tv\/az\/section\/sosial\/"},{"@type":"ListItem","position":3,"name":"\u201cAz\u0259renerji\u201d r\u0259smisi: \u201c\u0130stilik tarifl\u0259ri real maya d\u0259y\u0259rind\u0259n 13 d\u0259f\u0259 a\u015fa\u011f\u0131d\u0131r\u201d"}]},{"@type":"WebSite","@id":"https:\/\/www.meydan.tv\/az\/#website","url":"https:\/\/www.meydan.tv\/az\/","name":"MEYDAN.TV","description":"Meydan TV Az\u0259rbaycan\u0131n media m\u0259kan\u0131ndak\u0131 alternativ s\u0259sidir","publisher":{"@id":"https:\/\/www.meydan.tv\/az\/#organization"},"potentialAction":[{"@type":"SearchAction","target":{"@type":"EntryPoint","urlTemplate":"https:\/\/www.meydan.tv\/az\/?s={search_term_string}"},"query-input":{"@type":"PropertyValueSpecification","valueRequired":true,"valueName":"search_term_string"}}],"inLanguage":"az"},{"@type":"Organization","@id":"https:\/\/www.meydan.tv\/az\/#organization","name":"Meydan TV","url":"https:\/\/www.meydan.tv\/az\/","logo":{"@type":"ImageObject","inLanguage":"az","@id":"https:\/\/www.meydan.tv\/az\/#\/schema\/logo\/image\/","url":"https:\/\/www.meydan.tv\/wp-content\/uploads\/2021\/07\/meydan-logo.svg","contentUrl":"https:\/\/www.meydan.tv\/wp-content\/uploads\/2021\/07\/meydan-logo.svg","width":195,"height":46,"caption":"Meydan TV"},"image":{"@id":"https:\/\/www.meydan.tv\/az\/#\/schema\/logo\/image\/"}},{"@type":"Person","@id":"https:\/\/www.meydan.tv\/az\/#\/schema\/person\/09863e516102a829e72bedcf3f84c6b0","name":"mahmud"}]}},"_links":{"self":[{"href":"https:\/\/www.meydan.tv\/az\/wp-json\/wp\/v2\/posts\/331430","targetHints":{"allow":["GET"]}}],"collection":[{"href":"https:\/\/www.meydan.tv\/az\/wp-json\/wp\/v2\/posts"}],"about":[{"href":"https:\/\/www.meydan.tv\/az\/wp-json\/wp\/v2\/types\/post"}],"author":[{"embeddable":true,"href":"https:\/\/www.meydan.tv\/az\/wp-json\/wp\/v2\/users\/21"}],"replies":[{"embeddable":true,"href":"https:\/\/www.meydan.tv\/az\/wp-json\/wp\/v2\/comments?post=331430"}],"version-history":[{"count":3,"href":"https:\/\/www.meydan.tv\/az\/wp-json\/wp\/v2\/posts\/331430\/revisions"}],"predecessor-version":[{"id":331433,"href":"https:\/\/www.meydan.tv\/az\/wp-json\/wp\/v2\/posts\/331430\/revisions\/331433"}],"wp:featuredmedia":[{"embeddable":true,"href":"https:\/\/www.meydan.tv\/az\/wp-json\/wp\/v2\/media\/295374"}],"wp:attachment":[{"href":"https:\/\/www.meydan.tv\/az\/wp-json\/wp\/v2\/media?parent=331430"}],"wp:term":[{"taxonomy":"category","embeddable":true,"href":"https:\/\/www.meydan.tv\/az\/wp-json\/wp\/v2\/categories?post=331430"},{"taxonomy":"post_tag","embeddable":true,"href":"https:\/\/www.meydan.tv\/az\/wp-json\/wp\/v2\/tags?post=331430"}],"curies":[{"name":"wp","href":"https:\/\/api.w.org\/{rel}","templated":true}]}}