{"id":331393,"date":"2025-06-03T14:53:48","date_gmt":"2025-06-03T10:53:48","guid":{"rendered":"https:\/\/www.meydan.tv\/?p=331393"},"modified":"2025-06-06T15:35:54","modified_gmt":"2025-06-06T11:35:54","slug":"azercellin-qiym%c9%99t-artimi-naraziliq-yaradib-boykot-kampaniyasi-baslayib","status":"publish","type":"post","link":"https:\/\/www.meydan.tv\/az\/article\/azercellin-qiym%c9%99t-artimi-naraziliq-yaradib-boykot-kampaniyasi-baslayib\/","title":{"rendered":"\u201cAzercell\u201din qiym\u0259t art\u0131m\u0131 naraz\u0131l\u0131q yarad\u0131b, boykot kampaniyas\u0131 ba\u015flay\u0131b"},"content":{"rendered":"\n<figure class=\"wp-block-embed is-type-video is-provider-youtube wp-block-embed-youtube wp-embed-aspect-16-9 wp-has-aspect-ratio\"><div class=\"wp-block-embed__wrapper\">\n<iframe title=\"Balans\u0131n\u0131zda pul olsa bel\u0259, n\u00f6mr\u0259niz aktiv olmayacaq - Azercell\u0259 boykot kampaniyas\u0131\" width=\"1200\" height=\"675\" data-src=\"https:\/\/www.youtube.com\/embed\/tNorez4gQ5E?feature=oembed\" frameborder=\"0\" allow=\"accelerometer; autoplay; clipboard-write; encrypted-media; gyroscope; picture-in-picture; web-share\" referrerpolicy=\"strict-origin-when-cross-origin\" allowfullscreen src=\"data:image\/svg+xml;base64,PHN2ZyB3aWR0aD0iMSIgaGVpZ2h0PSIxIiB4bWxucz0iaHR0cDovL3d3dy53My5vcmcvMjAwMC9zdmciPjwvc3ZnPg==\" class=\"lazyload\" data-load-mode=\"1\"><\/iframe>\n<\/div><\/figure>\n\n\n\n<p><strong><em>Buna s\u0259b\u0259b \u015firk\u0259tin mobil n\u00f6mr\u0259l\u0259rin aktiv qalma m\u00fcdd\u0259tini azaltmaqla ba\u011fl\u0131 q\u0259rar\u0131 olub<\/em><\/strong><\/p>\n\n\n\n<p>\u201cAzercell\u201din yeni tarif sistemin\u0259 ke\u00e7m\u0259si ictimai naraz\u0131l\u0131\u011fa s\u0259b\u0259b olub. \u201cAzercell\u201d istifad\u0259\u00e7il\u0259ri \u015firk\u0259t\u0259 qar\u015f\u0131 boykot kampaniyas\u0131 ba\u015flad\u0131b.<\/p>\n\n\n\n<p>Buna s\u0259b\u0259b \u015firk\u0259tin iyunun 2-d\u0259 mobil n\u00f6mr\u0259l\u0259rin aktiv qalma m\u00fcdd\u0259tini azaltmaqla ba\u011fl\u0131 q\u0259rar\u0131 olub.<\/p>\n\n\n\n<p>Q\u0259rara \u0259sas\u0259n, iyulun 1-d\u0259n etibar\u0259n n\u00f6mr\u0259nin balans\u0131na \u00f6d\u0259m\u0259 kart\u0131 il\u0259 1 manat y\u00fckl\u0259ndikd\u0259 n\u00f6mr\u0259nin aktiv qalma m\u00fcdd\u0259ti 1 g\u00fcn olacaq. Elektron \u00f6d\u0259ni\u015f \u00fcsullar\u0131 il\u0259 n\u00f6mr\u0259ni aktiv saxlamaq \u00fc\u00e7\u00fcn is\u0259 1 &#8211; 1,99 manat aras\u0131 m\u0259bl\u0259\u011f y\u00fckl\u0259m\u0259k laz\u0131m olacaq.<\/p>\n\n\n\n<p>\u015eirk\u0259tin yayd\u0131\u011f\u0131 m\u0259lumata g\u00f6r\u0259, yeni qaydalara \u0259sas\u0259n, balans y\u00fckl\u0259m\u0259sin\u0259 g\u00f6r\u0259 n\u00f6mr\u0259nin aktiv qalma m\u00fcdd\u0259ti d\u0259yi\u015f\u0259c\u0259k. Bel\u0259 ki, onlayn \u00f6d\u0259ni\u015fl\u0259 balans\u0131na a\u015fa\u011f\u0131dak\u0131 m\u0259bl\u0259\u011fl\u0259rd\u0259 pul y\u00fckl\u0259y\u0259n abun\u0259\u00e7il\u0259r bu q\u0259d\u0259r m\u00fcdd\u0259t xidm\u0259t\u0259 qo\u015fulu qalacaqlar:<\/p>\n\n\n\n<ul class=\"wp-block-list\">\n<li>1-1,99 manat \u2013 1 g\u00fcn<\/li>\n\n\n\n<li>2-2,99 manat \u2013 2 g\u00fcn<\/li>\n\n\n\n<li>3-4,99 manat \u2013 3 g\u00fcn<\/li>\n\n\n\n<li>5-9,99 manat \u2013 5 g\u00fcn<\/li>\n<\/ul>\n\n\n\n<p>Bundan \u0259vv\u0259l q\u00fcvv\u0259d\u0259 olan tarif\u0259 \u0259sas\u0259n is\u0259, n\u00f6mr\u0259y\u0259 1 &#8211; 1,99 manat y\u00fckl\u0259dikd\u0259 o, 5 g\u00fcn aktiv qala bilirdi.<\/p>\n\n\n\n<p>\u201cAzercell\u201d t\u0259nqidl\u0259r\u0259 cavab olaraq bildirib ki, istifad\u0259\u00e7il\u0259r abun\u0259 olduqlar\u0131 tarifin abun\u0259 haqq\u0131n\u0131 \u00f6d\u0259dikd\u0259 balansa etdikl\u0259ri \u00f6d\u0259ni\u015f nominal\u0131ndan as\u0131l\u0131 olmayaraq, n\u00f6mr\u0259nin x\u0259tti tarifin istifad\u0259 m\u00fcdd\u0259ti bit\u0259n\u0259d\u0259k aktiv qalacaq.<\/p>\n\n\n\n<p><em>\u201cMisal olaraq, \u0259g\u0259r n\u00f6mr\u0259nizd\u0259 &#8220;Azercellim&#8221; tarifidirs\u0259 v\u0259 balans\u0131n\u0131za 2 AZN \u00f6d\u0259ni\u015f ed\u0259r\u0259k, tarifi yenil\u0259yirsinizs\u0259, bu zaman tarifin istifad\u0259 m\u00fcdd\u0259ti bit\u0259n\u0259d\u0259k (30 g\u00fcn) n\u00f6mr\u0259nizin x\u0259tti aktiv qalacaq\u201d,<\/em> &#8211; \u015firk\u0259td\u0259n deyilib.<\/p>\n\n\n\n<p>Bu a\u00e7\u0131qlama sosial \u015f\u0259b\u0259k\u0259 istifad\u0259\u00e7il\u0259rini qane etm\u0259yib, onlar mobil operatoru boykot etm\u0259y\u0259 \u00e7a\u011f\u0131r\u0131b, #BoycottAzercell h\u0259\u015ft\u0259qi alt\u0131nda kampaniyaya start veribl\u0259r.<\/p>\n\n\n\n<p>\u0130stifad\u0259\u00e7il\u0259r bu d\u0259yi\u015fikliyi \u0259dal\u0259tsiz v\u0259 spekulyativ add\u0131m kimi d\u0259y\u0259rl\u0259ndirir. X\u00fcsusil\u0259 azt\u0259minatl\u0131 abun\u0259\u00e7il\u0259r \u00fc\u00e7\u00fcn xidm\u0259tin \u0259l\u00e7atmaz hala g\u0259l\u0259c\u0259yini bildirirl\u0259r.<\/p>\n","protected":false},"excerpt":{"rendered":"<p>Buna s\u0259b\u0259b \u015firk\u0259tin mobil n\u00f6mr\u0259l\u0259rin aktiv qalma m\u00fcdd\u0259tini azaltmaqla ba\u011fl\u0131 &#8230; <\/p>\n<p class=\"read-more-container\"><a title=\"\u201cAzercell\u201din qiym\u0259t art\u0131m\u0131 naraz\u0131l\u0131q yarad\u0131b, boykot kampaniyas\u0131 ba\u015flay\u0131b\" class=\"read-more button\" href=\"https:\/\/www.meydan.tv\/az\/article\/azercellin-qiym%c9%99t-artimi-naraziliq-yaradib-boykot-kampaniyasi-baslayib\/#more-331393\" aria-label=\"Read more about \u201cAzercell\u201din qiym\u0259t art\u0131m\u0131 naraz\u0131l\u0131q yarad\u0131b, boykot kampaniyas\u0131 ba\u015flay\u0131b\">Davam\u0131<\/a><\/p>\n","protected":false},"author":21,"featured_media":331398,"comment_status":"closed","ping_status":"closed","sticky":false,"template":"","format":"standard","meta":{"_acf_changed":false,"_sitemap_exclude":false,"_sitemap_priority":"","_sitemap_frequency":"","footnotes":""},"categories":[62,63,56],"tags":[],"class_list":["post-331393","post","type-post","status-publish","format-standard","has-post-thumbnail","hentry","category-sosial","category-video-2","category-xeberler","infinite-scroll-item","generate-columns","tablet-grid-50","mobile-grid-100","grid-parent","grid-33","no-featured-image-padding"],"acf":[],"yoast_head":"<!-- This site is optimized with the Yoast SEO plugin v27.4 - https:\/\/yoast.com\/product\/yoast-seo-wordpress\/ -->\n<title>\u201cAzercell\u201din qiym\u0259t art\u0131m\u0131 naraz\u0131l\u0131q yarad\u0131b, boykot kampaniyas\u0131 ba\u015flay\u0131b - MEYDAN.TV<\/title>\n<meta name=\"robots\" content=\"index, follow, max-snippet:-1, max-image-preview:large, max-video-preview:-1\" \/>\n<link rel=\"canonical\" href=\"https:\/\/www.meydan.tv\/az\/article\/azercellin-qiym%c9%99t-artimi-naraziliq-yaradib-boykot-kampaniyasi-baslayib\/\" \/>\n<meta property=\"og:locale\" content=\"az_AZ\" \/>\n<meta property=\"og:type\" content=\"article\" \/>\n<meta property=\"og:title\" content=\"\u201cAzercell\u201din qiym\u0259t art\u0131m\u0131 naraz\u0131l\u0131q yarad\u0131b, boykot kampaniyas\u0131 ba\u015flay\u0131b - MEYDAN.TV\" \/>\n<meta property=\"og:description\" content=\"Buna s\u0259b\u0259b \u015firk\u0259tin mobil n\u00f6mr\u0259l\u0259rin aktiv qalma m\u00fcdd\u0259tini azaltmaqla ba\u011fl\u0131 ... Davam\u0131\" \/>\n<meta property=\"og:url\" content=\"https:\/\/www.meydan.tv\/az\/article\/azercellin-qiym%c9%99t-artimi-naraziliq-yaradib-boykot-kampaniyasi-baslayib\/\" \/>\n<meta property=\"og:site_name\" content=\"MEYDAN.TV\" \/>\n<meta property=\"article:published_time\" content=\"2025-06-03T10:53:48+00:00\" \/>\n<meta property=\"article:modified_time\" content=\"2025-06-06T11:35:54+00:00\" \/>\n<meta property=\"og:image\" content=\"https:\/\/www.meydan.tv\/wp-content\/uploads\/shutterstock_2494808151.jpg\" \/>\n\t<meta property=\"og:image:width\" content=\"1000\" \/>\n\t<meta property=\"og:image:height\" content=\"667\" \/>\n\t<meta property=\"og:image:type\" content=\"image\/jpeg\" \/>\n<meta name=\"author\" content=\"mahmud\" \/>\n<meta name=\"twitter:card\" content=\"summary_large_image\" \/>\n<script type=\"application\/ld+json\" class=\"yoast-schema-graph\">{\"@context\":\"https:\\\/\\\/schema.org\",\"@graph\":[{\"@type\":\"Article\",\"@id\":\"https:\\\/\\\/www.meydan.tv\\\/az\\\/article\\\/azercellin-qiym%c9%99t-artimi-naraziliq-yaradib-boykot-kampaniyasi-baslayib\\\/#article\",\"isPartOf\":{\"@id\":\"https:\\\/\\\/www.meydan.tv\\\/az\\\/article\\\/azercellin-qiym%c9%99t-artimi-naraziliq-yaradib-boykot-kampaniyasi-baslayib\\\/\"},\"author\":{\"name\":\"mahmud\",\"@id\":\"https:\\\/\\\/www.meydan.tv\\\/az\\\/#\\\/schema\\\/person\\\/09863e516102a829e72bedcf3f84c6b0\"},\"headline\":\"\u201cAzercell\u201din qiym\u0259t art\u0131m\u0131 naraz\u0131l\u0131q yarad\u0131b, boykot kampaniyas\u0131 ba\u015flay\u0131b\",\"datePublished\":\"2025-06-03T10:53:48+00:00\",\"dateModified\":\"2025-06-06T11:35:54+00:00\",\"mainEntityOfPage\":{\"@id\":\"https:\\\/\\\/www.meydan.tv\\\/az\\\/article\\\/azercellin-qiym%c9%99t-artimi-naraziliq-yaradib-boykot-kampaniyasi-baslayib\\\/\"},\"wordCount\":424,\"publisher\":{\"@id\":\"https:\\\/\\\/www.meydan.tv\\\/az\\\/#organization\"},\"image\":{\"@id\":\"https:\\\/\\\/www.meydan.tv\\\/az\\\/article\\\/azercellin-qiym%c9%99t-artimi-naraziliq-yaradib-boykot-kampaniyasi-baslayib\\\/#primaryimage\"},\"thumbnailUrl\":\"https:\\\/\\\/www.meydan.tv\\\/wp-content\\\/uploads\\\/shutterstock_2494808151.jpg\",\"articleSection\":[\"Sosial\",\"Video\",\"X\u0259b\u0259rl\u0259r\"],\"inLanguage\":\"az\"},{\"@type\":\"WebPage\",\"@id\":\"https:\\\/\\\/www.meydan.tv\\\/az\\\/article\\\/azercellin-qiym%c9%99t-artimi-naraziliq-yaradib-boykot-kampaniyasi-baslayib\\\/\",\"url\":\"https:\\\/\\\/www.meydan.tv\\\/az\\\/article\\\/azercellin-qiym%c9%99t-artimi-naraziliq-yaradib-boykot-kampaniyasi-baslayib\\\/\",\"name\":\"\u201cAzercell\u201din qiym\u0259t art\u0131m\u0131 naraz\u0131l\u0131q yarad\u0131b, boykot kampaniyas\u0131 ba\u015flay\u0131b - MEYDAN.TV\",\"isPartOf\":{\"@id\":\"https:\\\/\\\/www.meydan.tv\\\/az\\\/#website\"},\"primaryImageOfPage\":{\"@id\":\"https:\\\/\\\/www.meydan.tv\\\/az\\\/article\\\/azercellin-qiym%c9%99t-artimi-naraziliq-yaradib-boykot-kampaniyasi-baslayib\\\/#primaryimage\"},\"image\":{\"@id\":\"https:\\\/\\\/www.meydan.tv\\\/az\\\/article\\\/azercellin-qiym%c9%99t-artimi-naraziliq-yaradib-boykot-kampaniyasi-baslayib\\\/#primaryimage\"},\"thumbnailUrl\":\"https:\\\/\\\/www.meydan.tv\\\/wp-content\\\/uploads\\\/shutterstock_2494808151.jpg\",\"datePublished\":\"2025-06-03T10:53:48+00:00\",\"dateModified\":\"2025-06-06T11:35:54+00:00\",\"breadcrumb\":{\"@id\":\"https:\\\/\\\/www.meydan.tv\\\/az\\\/article\\\/azercellin-qiym%c9%99t-artimi-naraziliq-yaradib-boykot-kampaniyasi-baslayib\\\/#breadcrumb\"},\"inLanguage\":\"az\",\"potentialAction\":[{\"@type\":\"ReadAction\",\"target\":[\"https:\\\/\\\/www.meydan.tv\\\/az\\\/article\\\/azercellin-qiym%c9%99t-artimi-naraziliq-yaradib-boykot-kampaniyasi-baslayib\\\/\"]}]},{\"@type\":\"ImageObject\",\"inLanguage\":\"az\",\"@id\":\"https:\\\/\\\/www.meydan.tv\\\/az\\\/article\\\/azercellin-qiym%c9%99t-artimi-naraziliq-yaradib-boykot-kampaniyasi-baslayib\\\/#primaryimage\",\"url\":\"https:\\\/\\\/www.meydan.tv\\\/wp-content\\\/uploads\\\/shutterstock_2494808151.jpg\",\"contentUrl\":\"https:\\\/\\\/www.meydan.tv\\\/wp-content\\\/uploads\\\/shutterstock_2494808151.jpg\",\"width\":1000,\"height\":667,\"caption\":\"Foto: fizkes\\\\shutterstock\"},{\"@type\":\"BreadcrumbList\",\"@id\":\"https:\\\/\\\/www.meydan.tv\\\/az\\\/article\\\/azercellin-qiym%c9%99t-artimi-naraziliq-yaradib-boykot-kampaniyasi-baslayib\\\/#breadcrumb\",\"itemListElement\":[{\"@type\":\"ListItem\",\"position\":1,\"name\":\"Ana s\u0259hif\u0259\",\"item\":\"https:\\\/\\\/www.meydan.tv\\\/az\\\/\"},{\"@type\":\"ListItem\",\"position\":2,\"name\":\"Sosial\",\"item\":\"https:\\\/\\\/www.meydan.tv\\\/az\\\/section\\\/sosial\\\/\"},{\"@type\":\"ListItem\",\"position\":3,\"name\":\"\u201cAzercell\u201din qiym\u0259t art\u0131m\u0131 naraz\u0131l\u0131q yarad\u0131b, boykot kampaniyas\u0131 ba\u015flay\u0131b\"}]},{\"@type\":\"WebSite\",\"@id\":\"https:\\\/\\\/www.meydan.tv\\\/az\\\/#website\",\"url\":\"https:\\\/\\\/www.meydan.tv\\\/az\\\/\",\"name\":\"MEYDAN.TV\",\"description\":\"Meydan TV Az\u0259rbaycan\u0131n media m\u0259kan\u0131ndak\u0131 alternativ s\u0259sidir\",\"publisher\":{\"@id\":\"https:\\\/\\\/www.meydan.tv\\\/az\\\/#organization\"},\"potentialAction\":[{\"@type\":\"SearchAction\",\"target\":{\"@type\":\"EntryPoint\",\"urlTemplate\":\"https:\\\/\\\/www.meydan.tv\\\/az\\\/?s={search_term_string}\"},\"query-input\":{\"@type\":\"PropertyValueSpecification\",\"valueRequired\":true,\"valueName\":\"search_term_string\"}}],\"inLanguage\":\"az\"},{\"@type\":\"Organization\",\"@id\":\"https:\\\/\\\/www.meydan.tv\\\/az\\\/#organization\",\"name\":\"Meydan TV\",\"url\":\"https:\\\/\\\/www.meydan.tv\\\/az\\\/\",\"logo\":{\"@type\":\"ImageObject\",\"inLanguage\":\"az\",\"@id\":\"https:\\\/\\\/www.meydan.tv\\\/az\\\/#\\\/schema\\\/logo\\\/image\\\/\",\"url\":\"https:\\\/\\\/www.meydan.tv\\\/wp-content\\\/uploads\\\/2021\\\/07\\\/meydan-logo.svg\",\"contentUrl\":\"https:\\\/\\\/www.meydan.tv\\\/wp-content\\\/uploads\\\/2021\\\/07\\\/meydan-logo.svg\",\"width\":195,\"height\":46,\"caption\":\"Meydan TV\"},\"image\":{\"@id\":\"https:\\\/\\\/www.meydan.tv\\\/az\\\/#\\\/schema\\\/logo\\\/image\\\/\"}},{\"@type\":\"Person\",\"@id\":\"https:\\\/\\\/www.meydan.tv\\\/az\\\/#\\\/schema\\\/person\\\/09863e516102a829e72bedcf3f84c6b0\",\"name\":\"mahmud\"}]}<\/script>\n<!-- \/ Yoast SEO plugin. -->","yoast_head_json":{"title":"\u201cAzercell\u201din qiym\u0259t art\u0131m\u0131 naraz\u0131l\u0131q yarad\u0131b, boykot kampaniyas\u0131 ba\u015flay\u0131b - MEYDAN.TV","robots":{"index":"index","follow":"follow","max-snippet":"max-snippet:-1","max-image-preview":"max-image-preview:large","max-video-preview":"max-video-preview:-1"},"canonical":"https:\/\/www.meydan.tv\/az\/article\/azercellin-qiym%c9%99t-artimi-naraziliq-yaradib-boykot-kampaniyasi-baslayib\/","og_locale":"az_AZ","og_type":"article","og_title":"\u201cAzercell\u201din qiym\u0259t art\u0131m\u0131 naraz\u0131l\u0131q yarad\u0131b, boykot kampaniyas\u0131 ba\u015flay\u0131b - MEYDAN.TV","og_description":"Buna s\u0259b\u0259b \u015firk\u0259tin mobil n\u00f6mr\u0259l\u0259rin aktiv qalma m\u00fcdd\u0259tini azaltmaqla ba\u011fl\u0131 ... Davam\u0131","og_url":"https:\/\/www.meydan.tv\/az\/article\/azercellin-qiym%c9%99t-artimi-naraziliq-yaradib-boykot-kampaniyasi-baslayib\/","og_site_name":"MEYDAN.TV","article_published_time":"2025-06-03T10:53:48+00:00","article_modified_time":"2025-06-06T11:35:54+00:00","og_image":[{"width":1000,"height":667,"url":"https:\/\/www.meydan.tv\/wp-content\/uploads\/shutterstock_2494808151.jpg","type":"image\/jpeg"}],"author":"mahmud","twitter_card":"summary_large_image","schema":{"@context":"https:\/\/schema.org","@graph":[{"@type":"Article","@id":"https:\/\/www.meydan.tv\/az\/article\/azercellin-qiym%c9%99t-artimi-naraziliq-yaradib-boykot-kampaniyasi-baslayib\/#article","isPartOf":{"@id":"https:\/\/www.meydan.tv\/az\/article\/azercellin-qiym%c9%99t-artimi-naraziliq-yaradib-boykot-kampaniyasi-baslayib\/"},"author":{"name":"mahmud","@id":"https:\/\/www.meydan.tv\/az\/#\/schema\/person\/09863e516102a829e72bedcf3f84c6b0"},"headline":"\u201cAzercell\u201din qiym\u0259t art\u0131m\u0131 naraz\u0131l\u0131q yarad\u0131b, boykot kampaniyas\u0131 ba\u015flay\u0131b","datePublished":"2025-06-03T10:53:48+00:00","dateModified":"2025-06-06T11:35:54+00:00","mainEntityOfPage":{"@id":"https:\/\/www.meydan.tv\/az\/article\/azercellin-qiym%c9%99t-artimi-naraziliq-yaradib-boykot-kampaniyasi-baslayib\/"},"wordCount":424,"publisher":{"@id":"https:\/\/www.meydan.tv\/az\/#organization"},"image":{"@id":"https:\/\/www.meydan.tv\/az\/article\/azercellin-qiym%c9%99t-artimi-naraziliq-yaradib-boykot-kampaniyasi-baslayib\/#primaryimage"},"thumbnailUrl":"https:\/\/www.meydan.tv\/wp-content\/uploads\/shutterstock_2494808151.jpg","articleSection":["Sosial","Video","X\u0259b\u0259rl\u0259r"],"inLanguage":"az"},{"@type":"WebPage","@id":"https:\/\/www.meydan.tv\/az\/article\/azercellin-qiym%c9%99t-artimi-naraziliq-yaradib-boykot-kampaniyasi-baslayib\/","url":"https:\/\/www.meydan.tv\/az\/article\/azercellin-qiym%c9%99t-artimi-naraziliq-yaradib-boykot-kampaniyasi-baslayib\/","name":"\u201cAzercell\u201din qiym\u0259t art\u0131m\u0131 naraz\u0131l\u0131q yarad\u0131b, boykot kampaniyas\u0131 ba\u015flay\u0131b - MEYDAN.TV","isPartOf":{"@id":"https:\/\/www.meydan.tv\/az\/#website"},"primaryImageOfPage":{"@id":"https:\/\/www.meydan.tv\/az\/article\/azercellin-qiym%c9%99t-artimi-naraziliq-yaradib-boykot-kampaniyasi-baslayib\/#primaryimage"},"image":{"@id":"https:\/\/www.meydan.tv\/az\/article\/azercellin-qiym%c9%99t-artimi-naraziliq-yaradib-boykot-kampaniyasi-baslayib\/#primaryimage"},"thumbnailUrl":"https:\/\/www.meydan.tv\/wp-content\/uploads\/shutterstock_2494808151.jpg","datePublished":"2025-06-03T10:53:48+00:00","dateModified":"2025-06-06T11:35:54+00:00","breadcrumb":{"@id":"https:\/\/www.meydan.tv\/az\/article\/azercellin-qiym%c9%99t-artimi-naraziliq-yaradib-boykot-kampaniyasi-baslayib\/#breadcrumb"},"inLanguage":"az","potentialAction":[{"@type":"ReadAction","target":["https:\/\/www.meydan.tv\/az\/article\/azercellin-qiym%c9%99t-artimi-naraziliq-yaradib-boykot-kampaniyasi-baslayib\/"]}]},{"@type":"ImageObject","inLanguage":"az","@id":"https:\/\/www.meydan.tv\/az\/article\/azercellin-qiym%c9%99t-artimi-naraziliq-yaradib-boykot-kampaniyasi-baslayib\/#primaryimage","url":"https:\/\/www.meydan.tv\/wp-content\/uploads\/shutterstock_2494808151.jpg","contentUrl":"https:\/\/www.meydan.tv\/wp-content\/uploads\/shutterstock_2494808151.jpg","width":1000,"height":667,"caption":"Foto: fizkes\\shutterstock"},{"@type":"BreadcrumbList","@id":"https:\/\/www.meydan.tv\/az\/article\/azercellin-qiym%c9%99t-artimi-naraziliq-yaradib-boykot-kampaniyasi-baslayib\/#breadcrumb","itemListElement":[{"@type":"ListItem","position":1,"name":"Ana s\u0259hif\u0259","item":"https:\/\/www.meydan.tv\/az\/"},{"@type":"ListItem","position":2,"name":"Sosial","item":"https:\/\/www.meydan.tv\/az\/section\/sosial\/"},{"@type":"ListItem","position":3,"name":"\u201cAzercell\u201din qiym\u0259t art\u0131m\u0131 naraz\u0131l\u0131q yarad\u0131b, boykot kampaniyas\u0131 ba\u015flay\u0131b"}]},{"@type":"WebSite","@id":"https:\/\/www.meydan.tv\/az\/#website","url":"https:\/\/www.meydan.tv\/az\/","name":"MEYDAN.TV","description":"Meydan TV Az\u0259rbaycan\u0131n media m\u0259kan\u0131ndak\u0131 alternativ s\u0259sidir","publisher":{"@id":"https:\/\/www.meydan.tv\/az\/#organization"},"potentialAction":[{"@type":"SearchAction","target":{"@type":"EntryPoint","urlTemplate":"https:\/\/www.meydan.tv\/az\/?s={search_term_string}"},"query-input":{"@type":"PropertyValueSpecification","valueRequired":true,"valueName":"search_term_string"}}],"inLanguage":"az"},{"@type":"Organization","@id":"https:\/\/www.meydan.tv\/az\/#organization","name":"Meydan TV","url":"https:\/\/www.meydan.tv\/az\/","logo":{"@type":"ImageObject","inLanguage":"az","@id":"https:\/\/www.meydan.tv\/az\/#\/schema\/logo\/image\/","url":"https:\/\/www.meydan.tv\/wp-content\/uploads\/2021\/07\/meydan-logo.svg","contentUrl":"https:\/\/www.meydan.tv\/wp-content\/uploads\/2021\/07\/meydan-logo.svg","width":195,"height":46,"caption":"Meydan TV"},"image":{"@id":"https:\/\/www.meydan.tv\/az\/#\/schema\/logo\/image\/"}},{"@type":"Person","@id":"https:\/\/www.meydan.tv\/az\/#\/schema\/person\/09863e516102a829e72bedcf3f84c6b0","name":"mahmud"}]}},"_links":{"self":[{"href":"https:\/\/www.meydan.tv\/az\/wp-json\/wp\/v2\/posts\/331393","targetHints":{"allow":["GET"]}}],"collection":[{"href":"https:\/\/www.meydan.tv\/az\/wp-json\/wp\/v2\/posts"}],"about":[{"href":"https:\/\/www.meydan.tv\/az\/wp-json\/wp\/v2\/types\/post"}],"author":[{"embeddable":true,"href":"https:\/\/www.meydan.tv\/az\/wp-json\/wp\/v2\/users\/21"}],"replies":[{"embeddable":true,"href":"https:\/\/www.meydan.tv\/az\/wp-json\/wp\/v2\/comments?post=331393"}],"version-history":[{"count":3,"href":"https:\/\/www.meydan.tv\/az\/wp-json\/wp\/v2\/posts\/331393\/revisions"}],"predecessor-version":[{"id":331608,"href":"https:\/\/www.meydan.tv\/az\/wp-json\/wp\/v2\/posts\/331393\/revisions\/331608"}],"wp:featuredmedia":[{"embeddable":true,"href":"https:\/\/www.meydan.tv\/az\/wp-json\/wp\/v2\/media\/331398"}],"wp:attachment":[{"href":"https:\/\/www.meydan.tv\/az\/wp-json\/wp\/v2\/media?parent=331393"}],"wp:term":[{"taxonomy":"category","embeddable":true,"href":"https:\/\/www.meydan.tv\/az\/wp-json\/wp\/v2\/categories?post=331393"},{"taxonomy":"post_tag","embeddable":true,"href":"https:\/\/www.meydan.tv\/az\/wp-json\/wp\/v2\/tags?post=331393"}],"curies":[{"name":"wp","href":"https:\/\/api.w.org\/{rel}","templated":true}]}}